 {"id":658,"date":"2011-11-08T00:06:24","date_gmt":"2011-11-08T00:06:24","guid":{"rendered":"http:\/\/www.bezjarzmowie.info.ke\/test\/?p=658"},"modified":"2013-11-13T23:17:17","modified_gmt":"2013-11-13T22:17:17","slug":"czy-nie-czas-na-walke-z-hienami","status":"publish","type":"post","link":"https:\/\/siemysli-ke.info\/en\/czy-nie-czas-na-walke-z-hienami\/","title":{"rendered":"Czy nie czas na walk\u0119 z hienami???"},"content":{"rendered":"<p style=\"text-align: justify;\" align=\"center\"><span style=\"font-size: small;\">Mamy jesie\u0144. Niebawem stycze\u0144 i z wolna rozpocznie si\u0119 wype\u0142nianie PIT-\u00f3w oraz przekazywanie 1% naszych dochod\u00f3w na wszelkiego rodzaju fundacje. Nie mam niczego przeciw takiej formie darowizny, ale chcia\u0142bym by\u0107 pewny, \u017ce \u00f3w procent trafi we w\u0142a\u015bciwe r\u0119ce.<\/span><\/p>\n<p style=\"text-align: justify;\"><span style=\"font-size: small;\">Pieni\u0105dze, kt\u00f3rymi obracaj\u0105 fundacje, nie s\u0105 funduszami prywatnymi. Tymczasem od samego pocz\u0105tku polskiej \u201etransformacji\u201d nie stawiano specjalnych przeszk\u00f3d zawi\u0105zuj\u0105cym si\u0119 stowarzyszeniom, natomiast powo\u0142anie do \u017cycia fundacji by\u0142o i jest znacznie trudniejsze. Przede wszystkim fundacje rejestruje si\u0119 w Warszawie, stowarzyszenia w ka\u017cdym z wojew\u00f3dzkich s\u0105d\u00f3w rejestrowych. Pytanie: dlaczego? Po pierwsze dlatego, by mie\u0107 je pod baczniejszym okiem. Po drugie, by u\u0142atwi\u0107 ich zak\u0142adanie wszelkiej ma\u015bci sto\u0142ecznym decydentom.<\/span><\/p>\n<p style=\"text-align: justify;\"><span style=\"font-size: small;\"><!--more--><\/span><\/p>\n<p style=\"text-align: justify;\"><span style=\"font-size: small;\">W polskich realiach fundacje kojarz\u0105 si\u0119 nierozerwalnie z w\u0142adz\u0105 (wszelkiego szczebla, za ministrami i ich \u201edoradcami\u201d poszli mniejsi bonzowie, ci z wojew\u00f3dztw, powiat\u00f3w, nawet gmin). Z w\u0142adz\u0105 i biznesem. Czyli tak czy inaczej nie tyle z dzia\u0142alno\u015bci\u0105 charytatywn\u0105, co z obrotem sporymi sumami got\u00f3wki. I tu jest pies pogrzebany. Je\u015bli za\u015b nie przynosz\u0105 dochod\u00f3w, daj\u0105cych si\u0119 przeliczy\u0107 na z\u0142ot\u00f3wki, przynosz\u0105 inne, mniej wymierne, ale tak\u017ce istotne \u2013 bo umo\u017cliwiaj\u0105ce ich zdobycie poprzez nadanie odpowiedniego presti\u017cu konkretnym osobom.<\/span><\/p>\n<p style=\"text-align: justify;\"><span style=\"font-size: small;\">Je\u015bli oficjalne pensje prezes\u00f3w najwi\u0119kszych fundacji wynosz\u0105 od ponad 90 tys. (znany Pan) do 50 tys. z\u0142otych (r\u00f3wnie znana Pani \u2013 feministki powinny podnie\u015b\u0107 alarm, m\u0119\u017cczyzna zarabia wi\u0119cej) miesi\u0119cznie, to oboje mog\u0105 by\u0107 pewni, i\u017c na ich firmy (bo niczym innym one nie s\u0105) nie podaruj\u0119 ani grosika. Fundacje te dalekie s\u0105 bowiem od idea\u0142\u00f3w humanitaryzmu.<\/span><\/p>\n<p style=\"text-align: justify;\"><span style=\"font-size: small;\">Skoro ka\u017cdy polski obywatel mo\u017ce, gdy zechce, dowiedzie\u0107 si\u0119, ile zarabia op\u0142acany przez niego pose\u0142 czy senator, skoro znane s\u0105 zarobki na odpowiednich stanowiskach sfery bud\u017cetowej, to ukrywanie dochod\u00f3w prezes\u00f3w i pracownik\u00f3w fundacji zakrawa na kpin\u0119.<\/span><\/p>\n<p style=\"text-align: justify;\"><span style=\"font-size: small;\">Proponuj\u0119, by specjalna ustawa spowodowa\u0142a, i\u017c fundacje (przynajmniej te, ubiegaj\u0105ce si\u0119 o 1% z naszych podatk\u00f3w) by\u0142y zmuszone do podawania na swoich stronach www i w reklamach, gdzie ubiegaj\u0105 si\u0119 o nasze datki \u2013 do podawania konkretnych danych (w kwotach i procentowo), dotycz\u0105cych: wysoko\u015bci sta\u0142ych wynagrodze\u0144 i premii okoliczno\u015bciowych prezes\u00f3w, cz\u0142onk\u00f3w zarz\u0105du i etatowych pracownik\u00f3w. To nie wszystko. Chcia\u0142bym te\u017c m\u00f3c przeczyta\u0107, ile kosztuje paliwo fundacyjnych aut, ile delegacje, ile szkolenia etc.<\/span><\/p>\n<p style=\"text-align: justify;\"><span style=\"font-size: small;\">W\u00f3wczas b\u0119dzie jasne, ile pieni\u0119dzy przeznaczonych jest na realizacj\u0119 cel\u00f3w statutowych danej fundacji, ile za\u015b na tzw. obs\u0142ug\u0119.<\/span><\/p>\n<p style=\"text-align: justify;\"><span style=\"font-size: small;\">Swoist\u0105 fikcj\u0105 jest te\u017c lista fundacji i stowarzysze\u0144, uprawnionych do oczekiwania na 1% naszych podatk\u00f3w. Niekiedy doprawdy nie wiadomo, co robi\u0105 na niej te czy inne organizacje, dlaczego za\u015b brak znacznie bardziej aktywnych. C\u00f3\u017c, owe listy nie s\u0105 uk\u0142adane przez komputer, tylko przez ludzi, wykonuj\u0105cych konkretne s\u0142u\u017cbowe polecenia. Komputer r\u00f3wnie\u017c trzeba by wcze\u015bniej zaprogramowa\u0107.<\/span><\/p>\n<p style=\"text-align: justify;\"><span style=\"font-size: small;\">Nic wi\u0119c dziwnego, \u017ce odzew obywateli jest stosunkowo nik\u0142y. Wiedz\u0105 oni, i\u017c w majestacie prawa wzbogac\u0105 si\u0119 po raz kolejny ci, kt\u00f3rzy wzbogaci\u0107 si\u0119 maj\u0105, za\u015b wiele znakomitych stowarzysze\u0144 i fundacji nigdy takiej mo\u017cliwo\u015bci nie otrzyma. Bo pr\u00f3cz tych \u201e\u017cebraczych\u201d, s\u0105 nadal grupy ludzi o wielkich sercach, kt\u00f3rym pieni\u0105dze nie przys\u0142oni\u0142y codziennych problem\u00f3w.<\/span><\/p>\n<p style=\"text-align: justify;\"><span style=\"font-size: small;\">Pe\u0142nej dowolno\u015bci w dysponowaniu naszymi z\u0142ot\u00f3wkami w ramach owego procenta odpisu od dawna \u017c\u0105da prof. Stefan Symotiuk, wybitny filozof kultury z zaci\u0119ciem spo\u0142ecznikowskim. Jego zdaniem tylko takie rozwi\u0105zanie poka\u017ce, kt\u00f3re z fundacji i stowarzysze\u0144 s\u0105 postrzegane przez spo\u0142ecze\u0144stwo (chodzi g\u0142\u00f3wnie o spo\u0142eczno\u015bci lokalne) jako realizuj\u0105ce nale\u017cycie przyj\u0119te przez siebie cele. Fikcyjne &#8211; w ci\u0105gu kilku lat pozbawione by\u0142yby przez obywateli votum zaufania poprzez nie przekazywanie im \u015brodk\u00f3w finansowych. Te dobre i najlepsze, rozpoznawalne dzi\u0119ki konkretnym osi\u0105gni\u0119ciom \u2013 przejmowa\u0142yby z czasem wi\u0119kszo\u015b\u0107 dost\u0119pnych w formie procentowego odpisu z\u0142ot\u00f3wek, maj\u0105c coraz wi\u0119ksze pole do dzia\u0142ania. Gdyby spocz\u0119\u0142y na laurach \u2013 ludno\u015b\u0107 bez trudu znalaz\u0142aby inne, w danej chwili bardziej godne wsparcia.<\/span><\/p>\n<p style=\"text-align: justify;\"><span style=\"font-size: small;\">Naprawd\u0119, nie wystarczy wiedzie\u0107, jakiego szyldu u\u017cywa fundacja. Je\u015bli nie wiecie Pa\u0144stwo, jak dysponuje zdobytymi funduszami, nie darowujcie jej niczego. Karmienie hien w dobie kryzysu zakrawa na \u017carty z rzeczywisto\u015bci.<\/span><\/p>\n<p style=\"text-align: justify;\"><span style=\"font-size: small;\">A rzeczywisto\u015b\u0107 z nami \u017cartowa\u0107 wcale nie chce.<\/span><\/p>\n<p><span style=\"font-size: small;\">\u00a0<\/span><\/p>\n<p style=\"text-align: right;\"><span style=\"font-size: small;\">\u00a0<\/span><strong><span style=\"font-size: small;\">Edward<\/span> L. Soroka<\/strong><\/p>\n<p align=\"right\">\n","protected":false},"excerpt":{"rendered":"<p>Mamy jesie\u0144. Niebawem stycze\u0144 i z wolna rozpocznie si\u0119 wype\u0142nianie PIT-\u00f3w oraz przekazywanie 1% naszych dochod\u00f3w na wszelkiego rodzaju fundacje.<\/p>\n","protected":false},"author":1,"featured_media":0,"comment_status":"open","ping_status":"open","sticky":false,"template":"","format":"standard","meta":{"colormag_page_layout":"default_layout","footnotes":""},"categories":[7,81],"tags":[310,293,311,316,315,312,314,313],"class_list":["post-658","post","type-post","status-publish","format-standard","hentry","category-gospodarka","category-rzeczpospolita","tag-1-podatku","tag-edward-l-soroka","tag-fundacje","tag-fundacje-jako-hieny","tag-jawnosc-finansowa-wydatkow-fundacji","tag-stowarzyszenia","tag-ukrywanie-dochodow-prezesow-i-pracownikow-fundacji","tag-zwiazki-fundacji-z-wladza"],"yoast_head":"<!-- This site is optimized with the Yoast SEO plugin v25.1 - https:\/\/yoast.com\/wordpress\/plugins\/seo\/ -->\n<title>Czy nie czas na walk\u0119 z hienami??? - SI\u0118 MY\u015aLI<\/title>\n<meta name=\"robots\" content=\"index, follow, max-snippet:-1, max-image-preview:large, max-video-preview:-1\" \/>\n<link rel=\"canonical\" href=\"https:\/\/siemysli-ke.info\/en\/czy-nie-czas-na-walke-z-hienami\/\" \/>\n<meta property=\"og:locale\" content=\"en_US\" \/>\n<meta property=\"og:type\" content=\"article\" \/>\n<meta property=\"og:title\" content=\"Czy nie czas na walk\u0119 z hienami??? - SI\u0118 MY\u015aLI\" \/>\n<meta property=\"og:description\" content=\"Mamy jesie\u0144. Niebawem stycze\u0144 i z wolna rozpocznie si\u0119 wype\u0142nianie PIT-\u00f3w oraz przekazywanie 1% naszych dochod\u00f3w na wszelkiego rodzaju fundacje.\" \/>\n<meta property=\"og:url\" content=\"https:\/\/siemysli-ke.info\/en\/czy-nie-czas-na-walke-z-hienami\/\" \/>\n<meta property=\"og:site_name\" content=\"SI\u0118 MY\u015aLI\" \/>\n<meta property=\"article:published_time\" content=\"2011-11-08T00:06:24+00:00\" \/>\n<meta property=\"article:modified_time\" content=\"2013-11-13T22:17:17+00:00\" \/>\n<meta name=\"author\" content=\"admin\" \/>\n<meta name=\"twitter:label1\" content=\"Written by\" \/>\n\t<meta name=\"twitter:data1\" content=\"admin\" \/>\n\t<meta name=\"twitter:label2\" content=\"Est. reading time\" \/>\n\t<meta name=\"twitter:data2\" content=\"4 minutes\" \/>\n<script type=\"application\/ld+json\" class=\"yoast-schema-graph\">{\"@context\":\"https:\/\/schema.org\",\"@graph\":[{\"@type\":\"Article\",\"@id\":\"https:\/\/siemysli-ke.info\/en\/czy-nie-czas-na-walke-z-hienami\/#article\",\"isPartOf\":{\"@id\":\"https:\/\/siemysli-ke.info\/en\/czy-nie-czas-na-walke-z-hienami\/\"},\"author\":{\"name\":\"admin\",\"@id\":\"https:\/\/siemysli-ke.info\/#\/schema\/person\/048295918d7858e90e57d1a2c2b5da74\"},\"headline\":\"Czy nie czas na walk\u0119 z hienami???\",\"datePublished\":\"2011-11-08T00:06:24+00:00\",\"dateModified\":\"2013-11-13T22:17:17+00:00\",\"mainEntityOfPage\":{\"@id\":\"https:\/\/siemysli-ke.info\/en\/czy-nie-czas-na-walke-z-hienami\/\"},\"wordCount\":747,\"commentCount\":0,\"publisher\":{\"@id\":\"https:\/\/siemysli-ke.info\/#organization\"},\"keywords\":[\"1% podatku\",\"Edward L. Soroka\",\"fundacje\",\"fundacje jako hieny\",\"jawno\u015b\u0107 finansowa wydatk\u00f3w fundacji\",\"stowarzyszenia\",\"ukrywanie dochod\u00f3w prezes\u00f3w i pracownik\u00f3w fundacji\",\"zwi\u0105zki fundacji z w\u0142adz\u0105\"],\"articleSection\":[\"Gospodarka i polityka\",\"Rzeczypospolita\"],\"inLanguage\":\"en-US\",\"potentialAction\":[{\"@type\":\"CommentAction\",\"name\":\"Comment\",\"target\":[\"https:\/\/siemysli-ke.info\/en\/czy-nie-czas-na-walke-z-hienami\/#respond\"]}]},{\"@type\":\"WebPage\",\"@id\":\"https:\/\/siemysli-ke.info\/en\/czy-nie-czas-na-walke-z-hienami\/\",\"url\":\"https:\/\/siemysli-ke.info\/en\/czy-nie-czas-na-walke-z-hienami\/\",\"name\":\"Czy nie czas na walk\u0119 z hienami??? - SI\u0118 MY\u015aLI\",\"isPartOf\":{\"@id\":\"https:\/\/siemysli-ke.info\/en\/#website\"},\"datePublished\":\"2011-11-08T00:06:24+00:00\",\"dateModified\":\"2013-11-13T22:17:17+00:00\",\"breadcrumb\":{\"@id\":\"https:\/\/siemysli-ke.info\/en\/czy-nie-czas-na-walke-z-hienami\/#breadcrumb\"},\"inLanguage\":\"en-US\",\"potentialAction\":[{\"@type\":\"ReadAction\",\"target\":[[\"https:\/\/siemysli-ke.info\/en\/czy-nie-czas-na-walke-z-hienami\/\"]]}]},{\"@type\":\"BreadcrumbList\",\"@id\":\"https:\/\/siemysli-ke.info\/en\/czy-nie-czas-na-walke-z-hienami\/#breadcrumb\",\"itemListElement\":[{\"@type\":\"ListItem\",\"position\":1,\"name\":\"Home\",\"item\":\"https:\/\/siemysli-ke.info\/en\/\"},{\"@type\":\"ListItem\",\"position\":2,\"name\":\"Czy nie czas na walk\u0119 z hienami???\"}]},{\"@type\":\"WebSite\",\"@id\":\"https:\/\/siemysli-ke.info\/en\/#website\",\"url\":\"https:\/\/siemysli-ke.info\/en\/\",\"name\":\"SI\u0118 MY\u015aLI\",\"description\":\"\",\"publisher\":{\"@id\":\"https:\/\/siemysli-ke.info\/en\/#organization\"},\"potentialAction\":[{\"@type\":\"SearchAction\",\"target\":{\"@type\":\"EntryPoint\",\"urlTemplate\":\"https:\/\/siemysli-ke.info\/en\/?s={search_term_string}\"},\"query-input\":{\"@type\":\"PropertyValueSpecification\",\"valueRequired\":true,\"valueName\":\"search_term_string\"}}],\"inLanguage\":\"en-US\"},{\"@type\":\"Organization\",\"@id\":\"https:\/\/siemysli-ke.info\/en\/#organization\",\"name\":\"SI\u0118 MY\u015aLI\",\"url\":\"https:\/\/siemysli-ke.info\/en\/\",\"logo\":{\"@type\":\"ImageObject\",\"inLanguage\":\"en-US\",\"@id\":\"https:\/\/siemysli-ke.info\/en\/#\/schema\/logo\/image\/\",\"url\":\"https:\/\/siemysli-ke.info\/wp-content\/uploads\/2025\/05\/99.png\",\"contentUrl\":\"https:\/\/siemysli-ke.info\/wp-content\/uploads\/2025\/05\/99.png\",\"width\":270,\"height\":204,\"caption\":\"SI\u0118 MY\u015aLI\"},\"image\":{\"@id\":\"https:\/\/siemysli-ke.info\/en\/#\/schema\/logo\/image\/\"}},{\"@type\":\"Person\",\"@id\":\"https:\/\/siemysli-ke.info\/#\/schema\/person\/048295918d7858e90e57d1a2c2b5da74\",\"name\":\"admin\",\"image\":{\"@type\":\"ImageObject\",\"inLanguage\":\"en-US\",\"@id\":\"https:\/\/siemysli-ke.info\/en\/#\/schema\/person\/image\/\",\"url\":\"https:\/\/secure.gravatar.com\/avatar\/9acf729117e1cff813c07ba085b25a76702049ffb5efe3425388cd1a019577de?s=96&d=mm&r=g\",\"contentUrl\":\"https:\/\/secure.gravatar.com\/avatar\/9acf729117e1cff813c07ba085b25a76702049ffb5efe3425388cd1a019577de?s=96&d=mm&r=g\",\"caption\":\"admin\"},\"url\":\"https:\/\/siemysli-ke.info\/en\/author\/admin\/\"}]}<\/script>\n<!-- \/ Yoast SEO plugin. -->","yoast_head_json":{"title":"Czy nie czas na walk\u0119 z hienami??? - SI\u0118 MY\u015aLI","robots":{"index":"index","follow":"follow","max-snippet":"max-snippet:-1","max-image-preview":"max-image-preview:large","max-video-preview":"max-video-preview:-1"},"canonical":"https:\/\/siemysli-ke.info\/en\/czy-nie-czas-na-walke-z-hienami\/","og_locale":"en_US","og_type":"article","og_title":"Czy nie czas na walk\u0119 z hienami??? - SI\u0118 MY\u015aLI","og_description":"Mamy jesie\u0144. Niebawem stycze\u0144 i z wolna rozpocznie si\u0119 wype\u0142nianie PIT-\u00f3w oraz przekazywanie 1% naszych dochod\u00f3w na wszelkiego rodzaju fundacje.","og_url":"https:\/\/siemysli-ke.info\/en\/czy-nie-czas-na-walke-z-hienami\/","og_site_name":"SI\u0118 MY\u015aLI","article_published_time":"2011-11-08T00:06:24+00:00","article_modified_time":"2013-11-13T22:17:17+00:00","author":"admin","twitter_misc":{"Written by":"admin","Est. reading time":"4 minutes"},"schema":{"@context":"https:\/\/schema.org","@graph":[{"@type":"Article","@id":"https:\/\/siemysli-ke.info\/en\/czy-nie-czas-na-walke-z-hienami\/#article","isPartOf":{"@id":"https:\/\/siemysli-ke.info\/en\/czy-nie-czas-na-walke-z-hienami\/"},"author":{"name":"admin","@id":"https:\/\/siemysli-ke.info\/#\/schema\/person\/048295918d7858e90e57d1a2c2b5da74"},"headline":"Czy nie czas na walk\u0119 z hienami???","datePublished":"2011-11-08T00:06:24+00:00","dateModified":"2013-11-13T22:17:17+00:00","mainEntityOfPage":{"@id":"https:\/\/siemysli-ke.info\/en\/czy-nie-czas-na-walke-z-hienami\/"},"wordCount":747,"commentCount":0,"publisher":{"@id":"https:\/\/siemysli-ke.info\/#organization"},"keywords":["1% podatku","Edward L. Soroka","fundacje","fundacje jako hieny","jawno\u015b\u0107 finansowa wydatk\u00f3w fundacji","stowarzyszenia","ukrywanie dochod\u00f3w prezes\u00f3w i pracownik\u00f3w fundacji","zwi\u0105zki fundacji z w\u0142adz\u0105"],"articleSection":["Gospodarka i polityka","Rzeczypospolita"],"inLanguage":"en-US","potentialAction":[{"@type":"CommentAction","name":"Comment","target":["https:\/\/siemysli-ke.info\/en\/czy-nie-czas-na-walke-z-hienami\/#respond"]}]},{"@type":"WebPage","@id":"https:\/\/siemysli-ke.info\/en\/czy-nie-czas-na-walke-z-hienami\/","url":"https:\/\/siemysli-ke.info\/en\/czy-nie-czas-na-walke-z-hienami\/","name":"Czy nie czas na walk\u0119 z hienami??? - SI\u0118 MY\u015aLI","isPartOf":{"@id":"https:\/\/siemysli-ke.info\/en\/#website"},"datePublished":"2011-11-08T00:06:24+00:00","dateModified":"2013-11-13T22:17:17+00:00","breadcrumb":{"@id":"https:\/\/siemysli-ke.info\/en\/czy-nie-czas-na-walke-z-hienami\/#breadcrumb"},"inLanguage":"en-US","potentialAction":[{"@type":"ReadAction","target":[["https:\/\/siemysli-ke.info\/en\/czy-nie-czas-na-walke-z-hienami\/"]]}]},{"@type":"BreadcrumbList","@id":"https:\/\/siemysli-ke.info\/en\/czy-nie-czas-na-walke-z-hienami\/#breadcrumb","itemListElement":[{"@type":"ListItem","position":1,"name":"Home","item":"https:\/\/siemysli-ke.info\/en\/"},{"@type":"ListItem","position":2,"name":"Czy nie czas na walk\u0119 z hienami???"}]},{"@type":"WebSite","@id":"https:\/\/siemysli-ke.info\/en\/#website","url":"https:\/\/siemysli-ke.info\/en\/","name":"SI\u0118 MY\u015aLI","description":"","publisher":{"@id":"https:\/\/siemysli-ke.info\/en\/#organization"},"potentialAction":[{"@type":"SearchAction","target":{"@type":"EntryPoint","urlTemplate":"https:\/\/siemysli-ke.info\/en\/?s={search_term_string}"},"query-input":{"@type":"PropertyValueSpecification","valueRequired":true,"valueName":"search_term_string"}}],"inLanguage":"en-US"},{"@type":"Organization","@id":"https:\/\/siemysli-ke.info\/en\/#organization","name":"SI\u0118 MY\u015aLI","url":"https:\/\/siemysli-ke.info\/en\/","logo":{"@type":"ImageObject","inLanguage":"en-US","@id":"https:\/\/siemysli-ke.info\/en\/#\/schema\/logo\/image\/","url":"https:\/\/siemysli-ke.info\/wp-content\/uploads\/2025\/05\/99.png","contentUrl":"https:\/\/siemysli-ke.info\/wp-content\/uploads\/2025\/05\/99.png","width":270,"height":204,"caption":"SI\u0118 MY\u015aLI"},"image":{"@id":"https:\/\/siemysli-ke.info\/en\/#\/schema\/logo\/image\/"}},{"@type":"Person","@id":"https:\/\/siemysli-ke.info\/#\/schema\/person\/048295918d7858e90e57d1a2c2b5da74","name":"admin","image":{"@type":"ImageObject","inLanguage":"en-US","@id":"https:\/\/siemysli-ke.info\/en\/#\/schema\/person\/image\/","url":"https:\/\/secure.gravatar.com\/avatar\/9acf729117e1cff813c07ba085b25a76702049ffb5efe3425388cd1a019577de?s=96&d=mm&r=g","contentUrl":"https:\/\/secure.gravatar.com\/avatar\/9acf729117e1cff813c07ba085b25a76702049ffb5efe3425388cd1a019577de?s=96&d=mm&r=g","caption":"admin"},"url":"https:\/\/siemysli-ke.info\/en\/author\/admin\/"}]}},"_links":{"self":[{"href":"https:\/\/siemysli-ke.info\/en\/wp-json\/wp\/v2\/posts\/658","targetHints":{"allow":["GET"]}}],"collection":[{"href":"https:\/\/siemysli-ke.info\/en\/wp-json\/wp\/v2\/posts"}],"about":[{"href":"https:\/\/siemysli-ke.info\/en\/wp-json\/wp\/v2\/types\/post"}],"author":[{"embeddable":true,"href":"https:\/\/siemysli-ke.info\/en\/wp-json\/wp\/v2\/users\/1"}],"replies":[{"embeddable":true,"href":"https:\/\/siemysli-ke.info\/en\/wp-json\/wp\/v2\/comments?post=658"}],"version-history":[{"count":0,"href":"https:\/\/siemysli-ke.info\/en\/wp-json\/wp\/v2\/posts\/658\/revisions"}],"wp:attachment":[{"href":"https:\/\/siemysli-ke.info\/en\/wp-json\/wp\/v2\/media?parent=658"}],"wp:term":[{"taxonomy":"category","embeddable":true,"href":"https:\/\/siemysli-ke.info\/en\/wp-json\/wp\/v2\/categories?post=658"},{"taxonomy":"post_tag","embeddable":true,"href":"https:\/\/siemysli-ke.info\/en\/wp-json\/wp\/v2\/tags?post=658"}],"curies":[{"name":"wp","href":"https:\/\/api.w.org\/{rel}","templated":true}]}}