 {"id":5764,"date":"2012-06-15T22:08:45","date_gmt":"2012-06-15T22:08:45","guid":{"rendered":"http:\/\/www.bezjarzmowie.info.ke\/test\/?p=5764"},"modified":"2013-11-02T21:00:06","modified_gmt":"2013-11-02T20:00:06","slug":"hitler-wedlug-fromma","status":"publish","type":"post","link":"https:\/\/siemysli-ke.info\/en\/hitler-wedlug-fromma\/","title":{"rendered":"Hitler wed\u0142ug Fromma"},"content":{"rendered":"<p><a href=\"http:\/\/www.bezjarzmowie.info.ke\/test\/wp-content\/uploads\/2012\/06\/ADOLF.jpg\" rel=\"lightbox[5764]\"><img decoding=\"async\" class=\"alignleft size-medium wp-image-5765\" src=\"http:\/\/www.bezjarzmowie.info.ke\/test\/wp-content\/uploads\/2012\/06\/ADOLF-190x300.jpg\" alt=\"\" width=\"190\" height=\"300\" \/><\/a><\/p>\n<p style=\"text-align: justify\"><span style=\"font-size: small\">\u00a0<\/span><\/p>\n<p style=\"text-align: justify\">\u00a0<\/p>\n<p style=\"text-align: justify\">\u00a0<\/p>\n<p style=\"text-align: justify\">\u00a0<\/p>\n<p style=\"text-align: justify\">\u00a0<\/p>\n<p style=\"text-align: justify\">\u00a0<\/p>\n<p style=\"text-align: justify\">\u00a0<\/p>\n<p style=\"text-align: justify\">\u00a0<\/p>\n<p style=\"text-align: justify\">\u00a0<\/p>\n<p style=\"text-align: justify\">\u00a0<\/p>\n<p style=\"text-align: justify\">\u00a0<\/p>\n<p style=\"text-align: justify\"><span style=\"font-size: small\">Dlaczego Hitler podejmowa\u0142 takie, a nie inne decyzje? Sk\u0105d u niego silna potrzeba w\u0142adzy? Czy i czym da si\u0119 wyt\u0142umaczy\u0107 post\u0119powanie \u201ezbrodniarza XX wieku\u201d? A mo\u017ce warto przyjrze\u0107 si\u0119 postaci przez pryzmat klinicznego przypadku nekrofilii? Wszak dobra wola intelektualna prowadzi do tego, aby rozumie\u0107&#8230;<\/span><\/p>\n<p style=\"text-align: justify\"><span style=\"font-size: small\">W niedocenionej ksi\u0105\u017cce Ericha Fromma (<em>Anatomia ludzkiej destrukcyjno\u015bci<\/em>, Dom Wydawniczy \u201eRebis\u201d, Pozna\u0144 2005) odnajdujemy analityczne studium psychobiograficzne, obrazuj\u0105ce \u017ar\u00f3d\u0142o tzw. agresji z\u0142o\u015bliwej u Adolfa Hitlera.<\/span><\/p>\n<p style=\"text-align: justify\"><span style=\"font-size: small\"><!--more--><\/span><\/p>\n<p style=\"text-align: justify\"><span style=\"font-size: small\">Wiadomo od dawna, \u017ce najwi\u0119kszy wp\u0142yw na dziecko wywiera charakter jego rodzic\u00f3w. Zar\u00f3wno matka jak i ojciec byli jednak lud\u017ami statecznymi, pozbawionymi destrukcyjno\u015bci, o dobrych zasadniczo zamiarach \u2013 podaje autor. Z drugiej strony mo\u017ce pani Hitler by\u0142a zbyt smutna, kieruj\u0105ca si\u0119 poczuciem obowi\u0105zku i nie potrafi\u0142a przekaza\u0107 synowi poczucia ciep\u0142a i rado\u015bci? Mo\u017ce to wynik jej ni\u017cszej pozycji spo\u0142ecznej? Wiele hipotez, zbyt ma\u0142o odpowiedzi&#8230; Znacznie mniej sympatii zyskuje przy bli\u017cszej analizie Alois Hitler. Dyscyplina, ci\u0119\u017cka praca, oszcz\u0119dny tryb \u017cycia&#8230; cho\u0107 lubi\u0142 wino i kobiety, w mniejszym stopniu dbaj\u0105c o uczucia \u017cony. Erich Fromm stara si\u0119 <strong>nie upraszcza\u0107<\/strong> obrazu i przedstawi\u0107 go (co tak\u017ce da si\u0119 zrobi\u0107) po prostu jako brutalnego tyrana.<\/span><\/p>\n<p style=\"text-align: justify\"><span style=\"font-size: small\">Jak wygl\u0105da\u0142o dzieci\u0144stwo przysz\u0142ego <em>F\u00fchrera<\/em>? \u201eRajskie \u017cycie\u201d Adolfa zako\u0144czy\u0142o si\u0119 w wieku 6 lat. P\u00f3\u017aniejsze etapy doprowadzi\u0142y do rozwini\u0119cia si\u0119 obu element\u00f3w kompleksu Edypa: seksualnego przywi\u0105zania do matki i wrogo\u015bci wzgl\u0119dem ojca. Fromm obala jednocze\u015bnie Freudowsk\u0105 interpretacj\u0119, kt\u00f3ra budzi jego zdaniem powa\u017cne w\u0105tpliwo\u015bci. Dowiadujemy si\u0119 o gwa\u0142townym przej\u015bciu ch\u0142opca do fazy p\u00f3\u017aniejszej. Defektywnemu rozwojowi przys\u0142u\u017cy\u0142y si\u0119 g\u0142\u00f3wnie lata po \u015bmierci Aloisa, cho\u0107 zapewne i wcze\u015bniejsze z nim konflikty. Niepowodzenia w szkole \u015bredniej czy pomys\u0142y, aby zosta\u0107 artyst\u0105 &#8211; by\u0142y zwyk\u0142\u0105 racjonalizacj\u0105 niezdolno\u015bci do jakiegokolwiek rodzaju zdyscyplinowanej pracy i wysi\u0142ku. Podczas lat sp\u0119dzonych w szkole \u015bredniej, Hitler w coraz wi\u0119kszym stopniu odsuwa\u0142 si\u0119 od rzeczywisto\u015bci. Nie dba\u0142 o bliskich &#8211; chyba, \u017ce powodowa\u0142a nim korzy\u015b\u0107. Jedyn\u0105 prawdziw\u0105 nami\u0119tno\u015bci\u0105 by\u0142y zabawy z innymi ch\u0142opcami, w kt\u00f3rych zawsze odgrywa\u0142 role przyw\u00f3dcy i organizatora. Jak na ucznia szko\u0142y \u015bredniej sprawia\u0142o to do\u015b\u0107 osobliwe wra\u017cenie. \u017bywio\u0142owo interesowa\u0142 si\u0119 tak\u017ce powie\u015bciami Karola Maya. Ta fascynacja (utrzymuj\u0105ca si\u0119 tak\u017ce w p\u00f3\u017aniejszym czasie) sugeruje, \u017ce poprzez nie dokonywa\u0142a si\u0119 ucieczka od rzeczywisto\u015bci, stanowi\u0105ca manifestacj\u0119 narcystycznego nastawienia, skupionego wok\u00f3\u0142 jednego tematu: Hitler-w\u00f3dz, wojownik i zwyci\u0119zca. Cho\u0107 mo\u017ce to i zbyt daleko id\u0105ca teza&#8230;<\/span><\/p>\n<p style=\"text-align: justify\"><span style=\"font-size: small\">W jaki spos\u00f3b ten pogr\u0105\u017cony w marzeniach cz\u0142owiek zdo\u0142a\u0142 sta\u0107 si\u0119 \u201epanem Europy\u201d \u2013 nawet je\u015bli jedynie na kr\u00f3tko? Matka psychoterapeutycznie stara\u0142a si\u0119 budzi\u0107 zainteresowania ch\u0142opca czymkolwiek rzeczywistym, co pokazuje, i\u017c wcze\u015bniejszy bunt przeciw zamiarom ojca nie by\u0142 w istocie obron\u0105 przed \u017c\u0105daniami kariery urz\u0119dniczej, lecz reakcj\u0105 wycofanego, daj\u0105cego si\u0119 bezw\u0142adnie unosi\u0107 wydarzeniom, ch\u0142opca. Dalej Fromm wyja\u015bnia sk\u0142onno\u015b\u0107 Hitlera do nier\u00f3bstwa i unikania pracy, podkre\u015blaj\u0105c jednocze\u015bnie nami\u0119tn\u0105 \u201eambicj\u0119 w\u0142adzy\u201d, nadzwyczajn\u0105 energi\u0119 \u017cyciow\u0105 oraz ci\u0105g\u0142e napi\u0119cie i niezdolno\u015b\u0107 do jakiejkolwiek (nawet cichej) rado\u015bci. Unikanie za\u015b odpowiedzialno\u015bci, powa\u017cnego wysi\u0142ku &#8211; oznacza pora\u017ck\u0119 w rozwoju jednostkowym. Bowiem praca, po\u015bwi\u0119cenie i koncentracja stanowi\u0105 istot\u0119 w pe\u0142ni rozwini\u0119tej osobowo\u015bci, r\u00f3wnie\u017c osobowo\u015bci rewolucjonisty.<\/span><\/p>\n<p style=\"text-align: justify\"><span style=\"font-size: small\">Z pocz\u0105tkiem 1907 roku Klara Hitler zgodzi\u0142a si\u0119 na finansowanie studi\u00f3w malarskich syna w wiede\u0144skiej ASP. Adolf sp\u0119dzi\u0142 ponad rok w stolicy Austro-W\u0119gier, nie wykonuj\u0105c \u017cadnej po\u017cytecznej pracy, dwukrotnie oblewa\u0142 egzaminy, ale wci\u0105\u017c udawa\u0142, \u017ce jest na najlepszej drodze do zostania wielkim artyst\u0105. Zosta\u0142 odrzucony na polu, kt\u00f3rego by\u0142 pewien, tote\u017c jego uraza wobec \u017cycia ros\u0142a. Narcyzm i wycofanie ze \u015bwiata &#8211; r\u00f3wnie\u017c. A tak\u017ce proces odsuni\u0119cia si\u0119 od ludzi.<\/span><\/p>\n<p style=\"text-align: justify\"><span style=\"font-size: small\">Nie maj\u0105c do kogo przemawia\u0107, zacz\u0105\u0142 wi\u0119cej czyta\u0107. M. in. wiele broszur ugrupowa\u0144, cechuj\u0105cych si\u0119 germa\u0144skim nacjonalizmem, rasizmem, \u201enarodowym socjalizmem\u201d oraz antysemityzmem. Stoczy\u0142 si\u0119 tak\u017ce do poziomu bezdomnego w\u0142\u00f3cz\u0119gi, kt\u00f3ry wdzi\u0119czny by\u0142 za misk\u0119 ciep\u0142ej zupy, nie mia\u0142 przed sob\u0105 \u017cadnych perspektyw ani nie czyni\u0142 \u017cadnych wysi\u0142k\u00f3w, by zarobi\u0107 na swoje utrzymanie. Nale\u017ca\u0142 do spo\u0142ecznych \u201em\u0119t\u00f3w\u201d. Poniewa\u017c Hitler by\u0142 siln\u0105 osobowo\u015bci\u0105 &#8211; nie tylko nie uleg\u0142 \u017cyciu, ale doznane przej\u015bcia wr\u0119cz go wzmocni\u0142y. Momentem prze\u0142omowym dla Adolfa okaza\u0142a si\u0119 przyja\u017a\u0144 z w\u0142\u00f3cz\u0119g\u0105, imieniem Hanisch&#8230; Przysz\u0142y <em>F\u00fchrer <\/em>malowa\u0142 poczt\u00f3wki, kt\u00f3re ten sprzedawa\u0142. Sta\u0142 si\u0119 drobnym \u201ebiznesmenem\u201d, a mieszka\u0142 w stosunkowo przyzwoitym przytu\u0142ku dla samotnych m\u0119\u017cczyzn: M\u00e4nnerheim. Ba\u0142 si\u0119 jednak samotno\u015bci, potrzebowa\u0142 tak\u017ce publiki, na kt\u00f3rej m\u00f3g\u0142by wywiera\u0107 wra\u017cenie. Hitlerowi zabrak\u0142o w\u00f3wczas celu, tudzie\u017c najog\u00f3lniejszego planu na realizacj\u0119 w\u0142asnych pomys\u0142\u00f3w. Podj\u0105\u0142 tedy decyzj\u0119 o przeniesieniu si\u0119 do Monachium, gdzie marzenie o zostaniu wielkim malarzem definitywnie rozwia\u0142o si\u0119 w nico\u015b\u0107.<\/span><\/p>\n<p style=\"text-align: justify\"><span style=\"font-size: small\">Dok\u0142adnie w tym momencie wybuch\u0142a I wojna \u015bwiatowa. Adolf zosta\u0142 \u017co\u0142nierzem, bohaterem walcz\u0105cym o <em>Heimat<\/em>; m\u00f3g\u0142 ju\u017c swobodnie pob\u0142a\u017ca\u0107 swoim d\u0105\u017ceniom ku destrukcji i zwyci\u0119stwu. Koniec wojny wykaza\u0142 Hitlerowi, \u017ce tym razem <strong>nie on <\/strong>zawi\u00f3d\u0142, ale Niemcy&#8230; Mszcz\u0105c i ratuj\u0105c Niemcy &#8211; pom\u015bci siebie; zmazuj\u0105c narodow\u0105 ha\u0144b\u0119, zma\u017ce w\u0142asn\u0105. Odt\u0105d przy\u015bwieca\u0142 Adolfowi cel zostania wielkim demagogiem.<\/span><\/p>\n<p style=\"text-align: justify\"><span style=\"font-size: small\">Przedmiotami destrukcyjnych zap\u0119d\u00f3w Hitlera by\u0142y tak miasta jak i ludzie. Przyk\u0142adem &#8211; rozkaz \u201espalonej ziemi\u201d, wydany Niemcom we wrze\u015bniu 1944 r., jak r\u00f3wnie\u017c plany, dotycz\u0105ce losu Polak\u00f3w, po tym gdy ju\u017c zostan\u0105 pobici. Mieli w\u00f3wczas zosta\u0107 \u201ekulturowo wykastrowani\u201d, ich rola mia\u0142a si\u0119 ogranicza\u0107 do taniej si\u0142y roboczej i pos\u0142usznych niewolnik\u00f3w. W\u015br\u00f3d pierwszych \u201eobiekt\u00f3w\u201d, kt\u00f3re nale\u017ca\u0142o zabi\u0107, znale\u017ali si\u0119 ludzie chorzy psychicznie. Ofiarami fizycznego unicestwienia mieli by\u0107 tak\u017ce \u017bydzi, Polacy i Rosjanie, zw\u0142aszcza ci pierwsi zdaniem Hitlera zatruwali aryjsk\u0105 krew i aryjskiego ducha. <em>F\u00fchrera <\/em>cechowa\u0142y tak\u017ce typowe fantazje nekrofila: strach przed brudem czy gro\u017ab\u0105 splugawienia. St\u0105d negatywny stosunek do gru\u017alicy, syfilisu i ich nosicieli.<\/span><\/p>\n<p style=\"text-align: justify\"><span style=\"font-size: small\">O wielkiej destrukcyjno\u015bci \u015bwiadczy tak\u017ce fakt, i\u017c im bardziej Hitler czu\u0142, \u017ce zwyci\u0119stwo wymyka mu si\u0119 z r\u0105k, tym bardziej ujawnia\u0142y si\u0119 jego niszczycielskie zap\u0119dy. Na koniec nadszed\u0142 czas, gdy same Niemcy mia\u0142y zosta\u0107 zniszczone. Powiedzia\u0142 w\u00f3wczas: \u201eJe\u015bli lud niemiecki nie jest got\u00f3w walczy\u0107 o swoje przetrwanie, c\u00f3\u017c, w\u00f3wczas b\u0119dzie musia\u0142 znikn\u0105\u0107.\u201d A <em>grand finale<\/em> destrukcji mia\u0142o stanowi\u0107 w\u0142asne samob\u00f3jstwo, a przy okazji \u015bmier\u0107 Ewy Braun i ukochanego psa.<\/span><\/p>\n<p style=\"text-align: justify\"><span style=\"font-size: small\">Hipokryzj\u0105 by\u0142oby uznanie polityki wojennej Hitlera za wyj\u0105tkow\u0105 w por\u00f3wnaniu z tym, co czynili przyw\u00f3dcy polityczni innych pr\u0119\u017cnych pa\u0144stw. Tym, co by\u0142o szczeg\u00f3lne, to dysproporcja mi\u0119dzy zniszczeniem przez niego nakazywanym, a istniej\u0105cymi ku temu powodami. Hitler czu\u0142 nienawi\u015b\u0107 do ca\u0142ej ludzko\u015bci, nienawi\u015b\u0107 do \u017cycia jako takiego. Speer relacjonuje reakcj\u0119 Hitlera na ko\u0144cowe sceny kroniki filmowej, pokazuj\u0105ce bombardowanie Warszawy. Film ko\u0144czy\u0142 si\u0119 monta\u017cem, ukazuj\u0105cym samolot nurkuj\u0105cy ku zarysom Wysp Brytyjskich. Wybuch p\u0142omieni i wyspy rozpad\u0142y si\u0119 na kawa\u0142ki, wylatuj\u0105c w powietrze. Entuzjazm Hitlera by\u0142 niepowstrzymany: \u201eOto, co si\u0119 z nim stanie!\u201d \u2013 wykrzykn\u0105\u0142, dawszy si\u0119 ponie\u015b\u0107 emocjom. \u201eOto, jak ich zniszczymy!\u201d (A. Speer, 1970).<\/span><\/p>\n<p style=\"text-align: justify\"><span style=\"font-size: small\">Hanfst\u00e4ngl wspomina rozmow\u0119, podczas kt\u00f3rej napomkn\u0105\u0142 o Henryku VIII, Hitler odpowiedzia\u0142: \u201eSze\u015b\u0107 \u017con&#8230; hm, sze\u015b\u0107 \u017con&#8230; nie\u017ale, a dw\u00f3ch z nich pozby\u0142 si\u0119 na szafocie. Naprawd\u0119, powinni\u015bmy zwiedzi\u0107 Angli\u0119 i p\u00f3j\u015b\u0107 do Tower, aby zobaczy\u0107 miejsce, gdzie zosta\u0142y stracone. To mo\u017ce by\u0107 interesuj\u0105ce.\u201d Charakterystyczna jest r\u00f3wnie\u017c reakcja Hitlera na film <em>Fredericus Rex<\/em> z 1932 roku. W filmie tym ojciec Fryderyka chce straci\u0107 zar\u00f3wno swego syna, jak i jego przyjaciela za pr\u00f3b\u0119 ucieczki z kraju. <em>F\u00fchrer <\/em>nie przestawa\u0142 powtarza\u0107 \u201eOn (syn) te\u017c musi zosta\u0107 zabity \u2013 cudownie. To oznacza \u015bci\u0105\u0107 g\u0142ow\u0119 ka\u017cdemu, kto grzeszy przeciwko pa\u0144stwu, nawet je\u015bli jest moim synem!\u201d Charakterystyczne dla nekrofilitycznej orientacji Hitlera s\u0105 r\u00f3wnie\u017c specyficzne, do\u015b\u0107 cz\u0119sto powtarzane \u017carty. Je\u015bli np. podawano ros\u00f3\u0142 to by\u0142o pewne, \u017ce Hitler powie co\u015b o \u201eherbacie z trupa\u201d. Nigdy nie \u015bmia\u0142 si\u0119 ze swobod\u0105, by\u0142 to rodzaj \u201eu\u015bmieszku\u201d. Jego twarz wygl\u0105da\u0142a, jakby ci\u0105gle w\u0119szy\u0142. Kolejn\u0105 cech\u0105 by\u0142a nuda, jak r\u00f3wnie\u017c fakt, i\u017c sta\u0142 si\u0119 wytrawnym k\u0142amc\u0105 i aktorem. Kiedy wydawa\u0142 swoje rozkazy zniszczenia, \u015bwiadom by\u0142 jedynie ci\u0105\u017c\u0105cego na nim \u201eobowi\u0105zku\u201d oraz szlachetnych intencji. Po samob\u00f3jstwie siostrzenicy Gali Raubel, jego zachowanie \u015bwiadczy\u0142o jednak o tym, \u017ce czu\u0142 si\u0119 winny.<\/span><\/p>\n<p style=\"text-align: justify\"><span style=\"font-size: small\">Zar\u00f3wno w mowach jak i pismach, Hitler wyra\u017anie przedstawia swoje d\u0105\u017cenie do w\u0142adzy nad s\u0142abszymi lud\u017ami. Warto wymieni\u0107 tak\u017ce jego narcyzm, odsuni\u0119cie si\u0119 od \u015bwiata oraz brak uczu\u0107: mi\u0142o\u015bci, ciep\u0142a, wsp\u00f3\u0142czucia.<\/span><\/p>\n<p style=\"text-align: justify\"><span style=\"font-size: small\">\u015awiat ocenia\u0142 na tyle realnym, na ile m\u00f3g\u0142 sta\u0107 si\u0119 przedmiotem jego intryg i pragnie\u0144. Kiedy wierzy\u0142 w jak\u0105\u015b ideologi\u0119, poniewa\u017c przemawia\u0142a do jego emocji, wierzy\u0142 r\u00f3wnie\u017c w fakty, kt\u00f3re ta ideologia proklamowa\u0142a. Wed\u0142ug genera\u0142a Alfreda Jodla by\u0142 przepe\u0142niony \u201emistycznym niemal\u017ce przekonaniem o swej niezawodno\u015bci jako przyw\u00f3dcy narodu i wojskowego wodza.\u201d Z narcyzmem powi\u0105zany by\u0142 tak\u017ce skrajny brak zainteresowania czymkolwiek i kimkolwiek, wyj\u0105wszy to, co mia\u0142o mu bezpo\u015brednio s\u0142u\u017cy\u0107 oraz ch\u0142odny dystans do ludzi. Nie mia\u0142 w og\u00f3le przyjaci\u00f3\u0142 i doskonale zdawa\u0142 sobie spraw\u0119 z w\u0142asnej samotno\u015bci. Rozczulaj\u0105c si\u0119 nad sob\u0105 zdradza\u0142 \u015bwiadomo\u015b\u0107 faktu, \u017ce nikt nie czuje do niego prawdziwego przywi\u0105zania, ale r\u00f3wnie\u017c przekonanie, \u017ce jedynym \u017ar\u00f3d\u0142em wierno\u015bci jest jego w\u0142adza. Prawdziwych przyjaci\u00f3\u0142 mia\u0142 tylko w psie i kobiecie, kt\u00f3rej nigdy nie kocha\u0142, ani nie szanowa\u0142 &#8211; lecz tylko w pe\u0142ni kontrolowa\u0142. By\u0142 zimny i bezlitosny. Wsp\u00f3\u0142czucia nie okazywa\u0142 wobec nikogo. Osobnym rozdzia\u0142em pracy Fromma s\u0105 zwi\u0105zki Hitlera z kobietami (ss.459-463).<\/span><\/p>\n<p style=\"text-align: justify\"><span style=\"font-size: small\">Wielko\u015b\u0107 talent\u00f3w Hitlera opiera\u0142a si\u0119 na jego zdolno\u015bci do wywierania wra\u017cenia na ludziach. Wkr\u00f3tce po rewolucji 1919 roku zosta\u0142 wys\u0142any przez swoich dow\u00f3dc\u00f3w wojskowych z misj\u0105 nawr\u00f3cenia \u017co\u0142nierzy na prawicowe przekonania oraz wzniecania ich nienawi\u015bci przeciwko rewolucjonistom. Spotka\u0142 si\u0119 z ma\u0142\u0105, nic nie znacz\u0105c\u0105 grup\u0105 dzia\u0142aczy Socjalistycznej Partii Robotniczej (ok. 50 cz\u0142onk\u00f3w) i w ci\u0105gu roku uda\u0142o mu si\u0119 sta\u0107 jej niekwestionowanym przyw\u00f3dc\u0105. Przemianowa\u0142 j\u0105 na Narodowosocjalistyczn\u0105 Niemieck\u0105 Parti\u0119 Robotnik\u00f3w, zmieniaj\u0105c te\u017c statut i uzyskuj\u0105c s\u0142aw\u0119 jednego z najbardziej popularnych w Monachium m\u00f3wc\u00f3w.<\/span><\/p>\n<p style=\"text-align: justify\"><span style=\"font-size: small\">Kolejnym czynnikiem, kt\u00f3ry sprzyja\u0142 wywieraniu wra\u017cenia, by\u0142a pewno\u015b\u0107, kt\u00f3r\u0105 jak wiele narcystycznych os\u00f3b \u017cywi\u0142 wobec swoich idei. W jego oczach cz\u0119sto rodzi\u0142 si\u0119 magnetyzm. Podobno nawet ludzie wrogo nastawieni, nawracali si\u0119 na jego idee pod wp\u0142ywem spojrzenia.<\/span><\/p>\n<p style=\"text-align: justify\"><span style=\"font-size: small\">Mi\u0119dzy wywa\u017conym s\u0105dem, hipotez\u0105 czy wreszcie teori\u0105 istniej\u0105 rozmaite, coraz bardziej adekwatne aproksymacje pewno\u015bci, w kt\u00f3rych uczestniczy rozum, realistyczne obserwacje, my\u015bl krytyczna oraz wyobra\u017ania. Dla ka\u017cdego, kto posiada takie zdolno\u015bci, wzgl\u0119dna niepewno\u015b\u0107 jest \u0142atwa do zaakceptowania, poniewa\u017c stanowi wynik aktywnego zastosowania jego w\u0142adz umys\u0142owych, podczas gdy pewno\u015b\u0107 jest nudna, bo&#8230; \u201emartwa\u201d. Lecz dla tych, u kt\u00f3rych owe w\u0142adze nie rozwin\u0119\u0142y si\u0119, szczeg\u00f3lnie w okresach spo\u0142ecznej i politycznej niepewno\u015bci, jak w Niemczech lat 20. XX w. &#8211; <strong>fanatyk, twierdz\u0105cy, i\u017c posiad\u0142 pewno\u015b\u0107,<\/strong> stanowi posta\u0107 najbardziej atrakcyjn\u0105 &#8211; <strong>sprawia wra\u017cenie zbawcy<\/strong>.<\/span><\/p>\n<p style=\"text-align: justify\"><span style=\"font-size: small\">Ponadto Hitler dysponowa\u0142 talentem do nadmiernych uproszcze\u0144. Jego m\u00f3w nie kr\u0119powa\u0142y \u017cadne skrupu\u0142y natury moralnej czy intelektualnej. Mia\u0142 pe\u0142n\u0105 kontrol\u0119 nad swoim g\u0142osem. Kiedy m\u00f3wi\u0142 do student\u00f3w &#8211; potrafi\u0142 by\u0107 ch\u0142odny i racjonalny. Doskonale r\u00f3wnie\u017c wiedzia\u0142, jaki przybra\u0107 ton, gdy przemawia\u0142 do swych prymitywnych i niewykszta\u0142conych monachijskich przyjaci\u00f3\u0142 albo do niemieckiego ksi\u0119cia, tudzie\u017c do genera\u0142\u00f3w. Potrafi\u0142 zrobi\u0107 w\u015bciek\u0142\u0105 scen\u0119, kiedy chcia\u0142 z\u0142ama\u0107 polskiego czy czeskiego ministra, zmusi\u0107 aby poddali si\u0119 jego w\u0142adzy, potrafi\u0142 te\u017c by\u0107 doskona\u0142ym i uprzejmym gospodarzem wobec Neville\u2019a Chamberlaina.<\/span><\/p>\n<p style=\"text-align: justify\"><span style=\"font-size: small\">Warto mo\u017ce wspomnie\u0107 o jego atakach gniewu. Hitler by\u0142 zasadniczo grzecznym, mi\u0142ym, opanowanym cz\u0142owiekiem; jego napady gniewu, nawet je\u015bliby\u015bmy si\u0119 zgodzili, \u017ce nie by\u0142y rzadkie, stanowi\u0142y raczej wyj\u0105tek, cho\u0107 cechowa\u0142y si\u0119 znaczn\u0105 gwa\u0142towno\u015bci\u0105. Szczeg\u00f3lnie podczas ko\u0144cowych wniosk\u00f3w, w trakcie przem\u00f3wie\u0144, by\u0142 ca\u0142kowicie autentyczny, poniewa\u017c karmi\u0142 si\u0119 prawdziw\u0105 nami\u0119tno\u015bci\u0105 nienawi\u015bci i zniszczenia, kt\u00f3rym dawa\u0142 swobodne uj\u015bcie w pewnych partiach wyst\u0105pie\u0144.<\/span><\/p>\n<p style=\"text-align: justify\"><span style=\"font-size: small\">Gniewne wybuchy podczas rozmowy zdaj\u0105 si\u0119 by\u0107 innej natury, podobne s\u0105 poniek\u0105d do jego dziecinnych frustracji. Speer por\u00f3wna\u0142 je z napadami z\u0142o\u015bci u sze\u015bciolatka, co odpowiada\u0142oby mniej wi\u0119cej \u201eemocjonalnemu wiekowi\u201d Hitlera. U\u017cywa\u0142 tych wybuch\u00f3w do onie\u015bmielania ludzi, ale potrafi\u0142 r\u00f3wnie\u017c je kontrolowa\u0107, gdy uwa\u017ca\u0142, i\u017c tak b\u0119dzie korzystniej.<\/span><\/p>\n<p style=\"text-align: justify\"><span style=\"font-size: small\">Kolejnym nadzwyczajnym talentem Hitlera by\u0142a jego niezwyk\u0142a pami\u0119\u0107, kt\u00f3ra potrafi\u0142a \u015bci\u015ble zachowa\u0107 zupe\u0142nie nawet niewa\u017cne wydarzenia, postacie z powie\u015bci Karola Maya, autor\u00f3w ksi\u0105\u017cek, jakie czyta\u0142 tylko raz w \u017cyciu, a nawet przywo\u0142a\u0107 rower, na kt\u00f3rym je\u017adzi\u0142 w 1915 roku. Pami\u0119ta\u0142 dok\u0142adne daty swej politycznej kariery, gospody, gdzie bywa\u0142, ulice, po jakich chodzi\u0142 czy je\u017adzi\u0142.<\/span><\/p>\n<p style=\"text-align: justify\"><span style=\"font-size: small\">Bardzo wa\u017cna kwestia dotyczy wiedzy, b\u0105d\u017a erudycji Hitlera, szczeg\u00f3lnie w sytuacji, gdy nasilaj\u0105 si\u0119 tendencje do rewaloryzacji wizerunku tego\u017c, a w wielu ksi\u0105\u017ckach publikowanych przez by\u0142ych nazist\u00f3w &#8211; spotykamy niczym nie zm\u0105cony podziw dla <em>F\u00fchrera<\/em>. Np. Maser zajmuje w tej kwestii stanowisko poniek\u0105d wewn\u0119trznie sprzeczne. Uprzedza bowiem czytelnika, \u017ce wiele stwierdze\u0144 Hitlera na temat w\u0142asnej erudycji jest w\u0105tpliwej warto\u015bci, ze wzgl\u0119du na brak potwierdzaj\u0105cych je dowod\u00f3w. Dalej Maser pisze na przyk\u0142ad, i\u017c uwagi Hitlera w <em>Zwiegespr\u00e4che<\/em> potwierdzaj\u0105 jedynie to, czego Hitler przekonywuj\u0105co dowi\u00f3d\u0142 wcze\u015bniej zar\u00f3wno publicznie, jak i w rozmowach prywatnych: znakomitej znajomo\u015bci <em>Biblii<\/em> i <em>Talmudu<\/em>.\u201d (W. Maser, 1971). <em>Talmud<\/em> jest dzie\u0142em obszernym i bardzo trudnym, jedynie kto\u015b, kto po\u015bwi\u0119ci lata na jego studiowanie mo\u017ce zdoby\u0107 jego \u201eznakomit\u0105 znajomo\u015b\u0107\u201d. Fakty za\u015b s\u0105 proste: literatura antysemicka, z kt\u00f3r\u0105 Hitler by\u0142 dobrze zaznajomiony, cytuje wiele wypowiedzi z <em>Talmudu<\/em>, czasami zniekszta\u0142conych albo wyrwanych z kontekstu, aby dowie\u015b\u0107 z\u0142owieszczej natury \u017byd\u00f3w. <em>F\u00fchrer <\/em>pami\u0119ta\u0142 te frazy i oszukiwa\u0142 swych s\u0142uchaczy, aby uwierzyli, \u017ce opanowa\u0142 ca\u0142o\u015b\u0107 zagadnienia. Hitler naprawd\u0119 potrafi\u0142 rozmawia\u0107 z polotem, zdradzaj\u0105c pewne pretensje do wiedzy niemal na ka\u017cdy temat, jaki tylko mo\u017cna sobie wyobrazi\u0107. Porusza\u0142 tematy z paleontologii, religii, psychologii kobiety oraz biologii (<em>Hitler\u2019s Tischgespr\u00e4che<\/em>&#8230; H. Picker, 1965). <strong>(cdn.)<\/strong><\/span><\/p>\n<p style=\"text-align: justify\"><span style=\"font-size: small\">\u00a0<\/span><\/p>\n<p style=\"text-align: right\"><strong><span style=\"font-size: medium\">Agnieszka Brytan<\/span><\/strong><\/p>\n<p style=\"text-align: right\"><strong><span style=\"font-size: medium\">\u00a0<\/span><\/strong><\/p>\n<p>Fromm E.,<em> Anatomia ludzkiej destrukcyjno\u015bci<\/em>, Dom Wydawniczy \u201eRebis\u201d, Pozna\u0144 2005<\/p>\n","protected":false},"excerpt":{"rendered":"<p>\u00a0 \u00a0 \u00a0 \u00a0 \u00a0 \u00a0 \u00a0 \u00a0 \u00a0 \u00a0 \u00a0 Dlaczego Hitler podejmowa\u0142 takie, a nie inne decyzje? Sk\u0105d<\/p>\n","protected":false},"author":1,"featured_media":0,"comment_status":"open","ping_status":"open","sticky":false,"template":"","format":"standard","meta":{"colormag_page_layout":"default_layout","footnotes":""},"categories":[143],"tags":[],"class_list":["post-5764","post","type-post","status-publish","format-standard","hentry","category-inne"],"yoast_head":"<!-- This site is optimized with the Yoast SEO plugin v25.1 - https:\/\/yoast.com\/wordpress\/plugins\/seo\/ -->\n<title>Hitler wed\u0142ug Fromma - SI\u0118 MY\u015aLI<\/title>\n<meta name=\"robots\" content=\"index, follow, max-snippet:-1, max-image-preview:large, max-video-preview:-1\" \/>\n<link rel=\"canonical\" href=\"https:\/\/siemysli-ke.info\/en\/hitler-wedlug-fromma\/\" \/>\n<meta property=\"og:locale\" content=\"en_US\" \/>\n<meta property=\"og:type\" content=\"article\" \/>\n<meta property=\"og:title\" content=\"Hitler wed\u0142ug Fromma - SI\u0118 MY\u015aLI\" \/>\n<meta property=\"og:description\" content=\"\u00a0 \u00a0 \u00a0 \u00a0 \u00a0 \u00a0 \u00a0 \u00a0 \u00a0 \u00a0 \u00a0 Dlaczego Hitler podejmowa\u0142 takie, a nie inne decyzje? Sk\u0105d\" \/>\n<meta property=\"og:url\" content=\"https:\/\/siemysli-ke.info\/en\/hitler-wedlug-fromma\/\" \/>\n<meta property=\"og:site_name\" content=\"SI\u0118 MY\u015aLI\" \/>\n<meta property=\"article:published_time\" content=\"2012-06-15T22:08:45+00:00\" \/>\n<meta property=\"article:modified_time\" content=\"2013-11-02T20:00:06+00:00\" \/>\n<meta property=\"og:image\" content=\"http:\/\/www.bezjarzmowie.info.ke\/test\/wp-content\/uploads\/2012\/06\/ADOLF-190x300.jpg\" \/>\n<meta name=\"author\" content=\"admin\" \/>\n<meta name=\"twitter:label1\" content=\"Written by\" \/>\n\t<meta name=\"twitter:data1\" content=\"admin\" \/>\n\t<meta name=\"twitter:label2\" content=\"Est. reading time\" \/>\n\t<meta name=\"twitter:data2\" content=\"13 minutes\" \/>\n<script type=\"application\/ld+json\" class=\"yoast-schema-graph\">{\"@context\":\"https:\/\/schema.org\",\"@graph\":[{\"@type\":\"Article\",\"@id\":\"https:\/\/siemysli-ke.info\/en\/hitler-wedlug-fromma\/#article\",\"isPartOf\":{\"@id\":\"https:\/\/siemysli-ke.info\/en\/hitler-wedlug-fromma\/\"},\"author\":{\"name\":\"admin\",\"@id\":\"https:\/\/siemysli-ke.info\/#\/schema\/person\/048295918d7858e90e57d1a2c2b5da74\"},\"headline\":\"Hitler wed\u0142ug Fromma\",\"datePublished\":\"2012-06-15T22:08:45+00:00\",\"dateModified\":\"2013-11-02T20:00:06+00:00\",\"mainEntityOfPage\":{\"@id\":\"https:\/\/siemysli-ke.info\/en\/hitler-wedlug-fromma\/\"},\"wordCount\":2545,\"commentCount\":0,\"publisher\":{\"@id\":\"https:\/\/siemysli-ke.info\/#organization\"},\"image\":{\"@id\":\"https:\/\/siemysli-ke.info\/en\/hitler-wedlug-fromma\/#primaryimage\"},\"thumbnailUrl\":\"http:\/\/www.bezjarzmowie.info.ke\/test\/wp-content\/uploads\/2012\/06\/ADOLF-190x300.jpg\",\"articleSection\":[\"Inne\"],\"inLanguage\":\"en-US\",\"potentialAction\":[{\"@type\":\"CommentAction\",\"name\":\"Comment\",\"target\":[\"https:\/\/siemysli-ke.info\/en\/hitler-wedlug-fromma\/#respond\"]}]},{\"@type\":\"WebPage\",\"@id\":\"https:\/\/siemysli-ke.info\/en\/hitler-wedlug-fromma\/\",\"url\":\"https:\/\/siemysli-ke.info\/en\/hitler-wedlug-fromma\/\",\"name\":\"Hitler wed\u0142ug Fromma - SI\u0118 MY\u015aLI\",\"isPartOf\":{\"@id\":\"https:\/\/siemysli-ke.info\/en\/#website\"},\"primaryImageOfPage\":{\"@id\":\"https:\/\/siemysli-ke.info\/en\/hitler-wedlug-fromma\/#primaryimage\"},\"image\":{\"@id\":\"https:\/\/siemysli-ke.info\/en\/hitler-wedlug-fromma\/#primaryimage\"},\"thumbnailUrl\":\"http:\/\/www.bezjarzmowie.info.ke\/test\/wp-content\/uploads\/2012\/06\/ADOLF-190x300.jpg\",\"datePublished\":\"2012-06-15T22:08:45+00:00\",\"dateModified\":\"2013-11-02T20:00:06+00:00\",\"breadcrumb\":{\"@id\":\"https:\/\/siemysli-ke.info\/en\/hitler-wedlug-fromma\/#breadcrumb\"},\"inLanguage\":\"en-US\",\"potentialAction\":[{\"@type\":\"ReadAction\",\"target\":[[\"https:\/\/siemysli-ke.info\/en\/hitler-wedlug-fromma\/\"]]}]},{\"@type\":\"ImageObject\",\"inLanguage\":\"en-US\",\"@id\":\"https:\/\/siemysli-ke.info\/en\/hitler-wedlug-fromma\/#primaryimage\",\"url\":\"http:\/\/www.bezjarzmowie.info.ke\/test\/wp-content\/uploads\/2012\/06\/ADOLF-190x300.jpg\",\"contentUrl\":\"http:\/\/www.bezjarzmowie.info.ke\/test\/wp-content\/uploads\/2012\/06\/ADOLF-190x300.jpg\"},{\"@type\":\"BreadcrumbList\",\"@id\":\"https:\/\/siemysli-ke.info\/en\/hitler-wedlug-fromma\/#breadcrumb\",\"itemListElement\":[{\"@type\":\"ListItem\",\"position\":1,\"name\":\"Home\",\"item\":\"https:\/\/siemysli-ke.info\/en\/\"},{\"@type\":\"ListItem\",\"position\":2,\"name\":\"Hitler wed\u0142ug Fromma\"}]},{\"@type\":\"WebSite\",\"@id\":\"https:\/\/siemysli-ke.info\/en\/#website\",\"url\":\"https:\/\/siemysli-ke.info\/en\/\",\"name\":\"SI\u0118 MY\u015aLI\",\"description\":\"\",\"publisher\":{\"@id\":\"https:\/\/siemysli-ke.info\/en\/#organization\"},\"potentialAction\":[{\"@type\":\"SearchAction\",\"target\":{\"@type\":\"EntryPoint\",\"urlTemplate\":\"https:\/\/siemysli-ke.info\/en\/?s={search_term_string}\"},\"query-input\":{\"@type\":\"PropertyValueSpecification\",\"valueRequired\":true,\"valueName\":\"search_term_string\"}}],\"inLanguage\":\"en-US\"},{\"@type\":\"Organization\",\"@id\":\"https:\/\/siemysli-ke.info\/en\/#organization\",\"name\":\"SI\u0118 MY\u015aLI\",\"url\":\"https:\/\/siemysli-ke.info\/en\/\",\"logo\":{\"@type\":\"ImageObject\",\"inLanguage\":\"en-US\",\"@id\":\"https:\/\/siemysli-ke.info\/en\/#\/schema\/logo\/image\/\",\"url\":\"https:\/\/siemysli-ke.info\/wp-content\/uploads\/2025\/05\/99.png\",\"contentUrl\":\"https:\/\/siemysli-ke.info\/wp-content\/uploads\/2025\/05\/99.png\",\"width\":270,\"height\":204,\"caption\":\"SI\u0118 MY\u015aLI\"},\"image\":{\"@id\":\"https:\/\/siemysli-ke.info\/en\/#\/schema\/logo\/image\/\"}},{\"@type\":\"Person\",\"@id\":\"https:\/\/siemysli-ke.info\/#\/schema\/person\/048295918d7858e90e57d1a2c2b5da74\",\"name\":\"admin\",\"image\":{\"@type\":\"ImageObject\",\"inLanguage\":\"en-US\",\"@id\":\"https:\/\/siemysli-ke.info\/en\/#\/schema\/person\/image\/\",\"url\":\"https:\/\/secure.gravatar.com\/avatar\/9acf729117e1cff813c07ba085b25a76702049ffb5efe3425388cd1a019577de?s=96&d=mm&r=g\",\"contentUrl\":\"https:\/\/secure.gravatar.com\/avatar\/9acf729117e1cff813c07ba085b25a76702049ffb5efe3425388cd1a019577de?s=96&d=mm&r=g\",\"caption\":\"admin\"},\"url\":\"https:\/\/siemysli-ke.info\/en\/author\/admin\/\"}]}<\/script>\n<!-- \/ Yoast SEO plugin. -->","yoast_head_json":{"title":"Hitler wed\u0142ug Fromma - SI\u0118 MY\u015aLI","robots":{"index":"index","follow":"follow","max-snippet":"max-snippet:-1","max-image-preview":"max-image-preview:large","max-video-preview":"max-video-preview:-1"},"canonical":"https:\/\/siemysli-ke.info\/en\/hitler-wedlug-fromma\/","og_locale":"en_US","og_type":"article","og_title":"Hitler wed\u0142ug Fromma - SI\u0118 MY\u015aLI","og_description":"\u00a0 \u00a0 \u00a0 \u00a0 \u00a0 \u00a0 \u00a0 \u00a0 \u00a0 \u00a0 \u00a0 Dlaczego Hitler podejmowa\u0142 takie, a nie inne decyzje? Sk\u0105d","og_url":"https:\/\/siemysli-ke.info\/en\/hitler-wedlug-fromma\/","og_site_name":"SI\u0118 MY\u015aLI","article_published_time":"2012-06-15T22:08:45+00:00","article_modified_time":"2013-11-02T20:00:06+00:00","og_image":[{"url":"http:\/\/www.bezjarzmowie.info.ke\/test\/wp-content\/uploads\/2012\/06\/ADOLF-190x300.jpg","type":"","width":"","height":""}],"author":"admin","twitter_misc":{"Written by":"admin","Est. reading time":"13 minutes"},"schema":{"@context":"https:\/\/schema.org","@graph":[{"@type":"Article","@id":"https:\/\/siemysli-ke.info\/en\/hitler-wedlug-fromma\/#article","isPartOf":{"@id":"https:\/\/siemysli-ke.info\/en\/hitler-wedlug-fromma\/"},"author":{"name":"admin","@id":"https:\/\/siemysli-ke.info\/#\/schema\/person\/048295918d7858e90e57d1a2c2b5da74"},"headline":"Hitler wed\u0142ug Fromma","datePublished":"2012-06-15T22:08:45+00:00","dateModified":"2013-11-02T20:00:06+00:00","mainEntityOfPage":{"@id":"https:\/\/siemysli-ke.info\/en\/hitler-wedlug-fromma\/"},"wordCount":2545,"commentCount":0,"publisher":{"@id":"https:\/\/siemysli-ke.info\/#organization"},"image":{"@id":"https:\/\/siemysli-ke.info\/en\/hitler-wedlug-fromma\/#primaryimage"},"thumbnailUrl":"http:\/\/www.bezjarzmowie.info.ke\/test\/wp-content\/uploads\/2012\/06\/ADOLF-190x300.jpg","articleSection":["Inne"],"inLanguage":"en-US","potentialAction":[{"@type":"CommentAction","name":"Comment","target":["https:\/\/siemysli-ke.info\/en\/hitler-wedlug-fromma\/#respond"]}]},{"@type":"WebPage","@id":"https:\/\/siemysli-ke.info\/en\/hitler-wedlug-fromma\/","url":"https:\/\/siemysli-ke.info\/en\/hitler-wedlug-fromma\/","name":"Hitler wed\u0142ug Fromma - SI\u0118 MY\u015aLI","isPartOf":{"@id":"https:\/\/siemysli-ke.info\/en\/#website"},"primaryImageOfPage":{"@id":"https:\/\/siemysli-ke.info\/en\/hitler-wedlug-fromma\/#primaryimage"},"image":{"@id":"https:\/\/siemysli-ke.info\/en\/hitler-wedlug-fromma\/#primaryimage"},"thumbnailUrl":"http:\/\/www.bezjarzmowie.info.ke\/test\/wp-content\/uploads\/2012\/06\/ADOLF-190x300.jpg","datePublished":"2012-06-15T22:08:45+00:00","dateModified":"2013-11-02T20:00:06+00:00","breadcrumb":{"@id":"https:\/\/siemysli-ke.info\/en\/hitler-wedlug-fromma\/#breadcrumb"},"inLanguage":"en-US","potentialAction":[{"@type":"ReadAction","target":[["https:\/\/siemysli-ke.info\/en\/hitler-wedlug-fromma\/"]]}]},{"@type":"ImageObject","inLanguage":"en-US","@id":"https:\/\/siemysli-ke.info\/en\/hitler-wedlug-fromma\/#primaryimage","url":"http:\/\/www.bezjarzmowie.info.ke\/test\/wp-content\/uploads\/2012\/06\/ADOLF-190x300.jpg","contentUrl":"http:\/\/www.bezjarzmowie.info.ke\/test\/wp-content\/uploads\/2012\/06\/ADOLF-190x300.jpg"},{"@type":"BreadcrumbList","@id":"https:\/\/siemysli-ke.info\/en\/hitler-wedlug-fromma\/#breadcrumb","itemListElement":[{"@type":"ListItem","position":1,"name":"Home","item":"https:\/\/siemysli-ke.info\/en\/"},{"@type":"ListItem","position":2,"name":"Hitler wed\u0142ug Fromma"}]},{"@type":"WebSite","@id":"https:\/\/siemysli-ke.info\/en\/#website","url":"https:\/\/siemysli-ke.info\/en\/","name":"SI\u0118 MY\u015aLI","description":"","publisher":{"@id":"https:\/\/siemysli-ke.info\/en\/#organization"},"potentialAction":[{"@type":"SearchAction","target":{"@type":"EntryPoint","urlTemplate":"https:\/\/siemysli-ke.info\/en\/?s={search_term_string}"},"query-input":{"@type":"PropertyValueSpecification","valueRequired":true,"valueName":"search_term_string"}}],"inLanguage":"en-US"},{"@type":"Organization","@id":"https:\/\/siemysli-ke.info\/en\/#organization","name":"SI\u0118 MY\u015aLI","url":"https:\/\/siemysli-ke.info\/en\/","logo":{"@type":"ImageObject","inLanguage":"en-US","@id":"https:\/\/siemysli-ke.info\/en\/#\/schema\/logo\/image\/","url":"https:\/\/siemysli-ke.info\/wp-content\/uploads\/2025\/05\/99.png","contentUrl":"https:\/\/siemysli-ke.info\/wp-content\/uploads\/2025\/05\/99.png","width":270,"height":204,"caption":"SI\u0118 MY\u015aLI"},"image":{"@id":"https:\/\/siemysli-ke.info\/en\/#\/schema\/logo\/image\/"}},{"@type":"Person","@id":"https:\/\/siemysli-ke.info\/#\/schema\/person\/048295918d7858e90e57d1a2c2b5da74","name":"admin","image":{"@type":"ImageObject","inLanguage":"en-US","@id":"https:\/\/siemysli-ke.info\/en\/#\/schema\/person\/image\/","url":"https:\/\/secure.gravatar.com\/avatar\/9acf729117e1cff813c07ba085b25a76702049ffb5efe3425388cd1a019577de?s=96&d=mm&r=g","contentUrl":"https:\/\/secure.gravatar.com\/avatar\/9acf729117e1cff813c07ba085b25a76702049ffb5efe3425388cd1a019577de?s=96&d=mm&r=g","caption":"admin"},"url":"https:\/\/siemysli-ke.info\/en\/author\/admin\/"}]}},"_links":{"self":[{"href":"https:\/\/siemysli-ke.info\/en\/wp-json\/wp\/v2\/posts\/5764","targetHints":{"allow":["GET"]}}],"collection":[{"href":"https:\/\/siemysli-ke.info\/en\/wp-json\/wp\/v2\/posts"}],"about":[{"href":"https:\/\/siemysli-ke.info\/en\/wp-json\/wp\/v2\/types\/post"}],"author":[{"embeddable":true,"href":"https:\/\/siemysli-ke.info\/en\/wp-json\/wp\/v2\/users\/1"}],"replies":[{"embeddable":true,"href":"https:\/\/siemysli-ke.info\/en\/wp-json\/wp\/v2\/comments?post=5764"}],"version-history":[{"count":0,"href":"https:\/\/siemysli-ke.info\/en\/wp-json\/wp\/v2\/posts\/5764\/revisions"}],"wp:attachment":[{"href":"https:\/\/siemysli-ke.info\/en\/wp-json\/wp\/v2\/media?parent=5764"}],"wp:term":[{"taxonomy":"category","embeddable":true,"href":"https:\/\/siemysli-ke.info\/en\/wp-json\/wp\/v2\/categories?post=5764"},{"taxonomy":"post_tag","embeddable":true,"href":"https:\/\/siemysli-ke.info\/en\/wp-json\/wp\/v2\/tags?post=5764"}],"curies":[{"name":"wp","href":"https:\/\/api.w.org\/{rel}","templated":true}]}}