 {"id":5571,"date":"2012-06-04T13:17:14","date_gmt":"2012-06-04T13:17:14","guid":{"rendered":"http:\/\/www.bezjarzmowie.info.ke\/test\/?p=5571"},"modified":"2013-11-02T21:19:15","modified_gmt":"2013-11-02T20:19:15","slug":"udana-blokada-eksmisji-w-krakowie","status":"publish","type":"post","link":"https:\/\/siemysli-ke.info\/en\/udana-blokada-eksmisji-w-krakowie\/","title":{"rendered":"Udana blokada eksmisji w Krakowie"},"content":{"rendered":"<p>&nbsp;<\/p>\n<div>\n<p style=\"text-align: justify\"><span style=\"font-size: small\"><strong>Dzi\u015b w godzinach po\u0142udniowych w Krakowie z sukcesem odparto eksmisj\u0119 \u2013 komornik odst\u0105pi\u0142 od czynno\u015bci.<\/strong><\/span><\/p>\n<p style=\"text-align: justify\">\n<span style=\"font-size: small\">W Krakowie odby\u0142a si\u0119 dzi\u015b pr\u00f3ba eksmisji na bruk 60-letniej lokatorki mieszkania przy ul. \u015bw. Benedykta. \u015arodowiska lokatorskie ze wsparciem mieszka\u0144c\u00f3w, anrachist\u00f3w, squatters\u00f3w i uczestnik\u00f3w inicjatywy \u201ePrawo do miasta\u201d zorganizowali pikiet\u0119, kt\u00f3ra przerodzi\u0142a si\u0119 w blokad\u0119.<\/span><\/p>\n<p style=\"text-align: justify\"><span style=\"font-size: small\">Stan prawny kamienicy jest niejasny, do prokuratury zosta\u0142o z\u0142o\u017cone zawiadomienie o nieprawid\u0142owo\u015bciach, zwi\u0105zanych z przej\u0119ciem kamienicy. Post\u0119powanie jest w toku. Nowi pseudo-w\u0142a\u015bciciele terroryzuj\u0105 mieszka\u0144c\u00f3w \u2013 odci\u0119li im media: wod\u0119, gaz, zacementowali odp\u0142ywy. Zacz\u0119li r\u00f3wnie\u017c wywiesza\u0107 kuriozalne og\u0142oszenia, skierowane do lokator\u00f3w (\u201eZakaz przebywania na podw\u00f3rzu kamienicy bez zezwolenia w\u0142a\u015bcicieli\u201d), zarekwirowali te\u017c (czyli UKRADLI) cz\u0119\u015b\u0107 dobytku, nale\u017c\u0105cego do lokator\u00f3w, kt\u00f3ry znajdowa\u0142 si\u0119 w piwnicach budynku.<\/span><\/p>\n<p style=\"text-align: justify\"><span style=\"font-size: small\"><!--more--><\/span><\/p>\n<p style=\"text-align: justify\"><span style=\"font-size: small\">Kilku lokator\u00f3w oczekuje na lokale socjalne, lecz nie wszyscy. Lokatorka, kt\u00f3r\u0105 pr\u00f3bowano eksmitowa\u0107 na bruk, jest samotna, w z\u0142ym stanie zdrowia, mieszka z dwoma psami. Podczas pr\u00f3b zaj\u0119cia mieszkania przez komornika zas\u0142ab\u0142a i zosta\u0142a odwieziona przez pogotowie do szpitala.<\/span><\/p>\n<p style=\"text-align: justify\"><span style=\"font-size: small\">Gdy na miejscu zjawi\u0142 si\u0119 komornik w asy\u015bcie policji, cz\u0119\u015b\u0107 pikietuj\u0105cych usiad\u0142a w bramie kamienicy, chwyciwszy si\u0119 pod r\u0119ce nie dopu\u015bci\u0142a urz\u0119dnika do \u015brodka. Wobec zaistnia\u0142ej sytuacji, po akcji pogotowia i d\u0142ugich pertraktacjach oraz orzeczeniu blokuj\u0105cych, \u017ce nie zamierzaj\u0105 dopu\u015bci\u0107 do eksmisji na bruk, gdy\u017c uwa\u017caj\u0105, \u017ce jest to pogwa\u0142cenie praw cz\u0142owieka \u2013 komornik odst\u0105pi\u0142 od wykonania czynno\u015bci.<\/span><\/p>\n<p style=\"text-align: justify\"><span style=\"font-size: small\">Na miejscu obecni byli pseudo-w\u0142a\u015bciciele oraz pe\u0142nomocnik wierzycieli (w trakcie przeprowadzania czynno\u015bci komorniczych ujawni\u0142y si\u0119 dodatkowe zawi\u0142o\u015bci formalno-prawne, zwi\u0105zane z osobami w\u0142a\u015bcicieli), kt\u00f3rzy pocz\u0105tkowo szydzili z protestuj\u0105cych z u\u015bmiechami. Ostatecznie solidarno\u015b\u0107 i zdeterminowana postawa blokuj\u0105cych star\u0142a nikczemne u\u015bmiechy z ich twarzy.<\/span><\/p>\n<p style=\"text-align: justify\"><span style=\"font-size: small\">Nikt z blokuj\u0105cych nie zosta\u0142 zatrzymany przez policj\u0119. Na pytanie dziennikarki TV Krak\u00f3w, czy komornik wr\u00f3ci w to miejsce, urz\u0119dnik odpowiedzia\u0142: \u201eNie wiem. Nie jestem wr\u00f3\u017ck\u0105!\u201d.<\/span><\/p>\n<p style=\"text-align: justify\">\u00a0<\/p>\n<p style=\"text-align: right\"><strong><span style=\"font-size: small\">Inicjatywa \u201ePrawo do miasta\u201d<\/span><\/strong><\/p>\n<\/div>\n<div>\n<p>&nbsp;<\/p>\n<p>&nbsp;<\/p>\n<\/div>\n<p>&nbsp;<\/p>\n","protected":false},"excerpt":{"rendered":"<p>&nbsp; Dzi\u015b w godzinach po\u0142udniowych w Krakowie z sukcesem odparto eksmisj\u0119 \u2013 komornik odst\u0105pi\u0142 od czynno\u015bci. W Krakowie odby\u0142a si\u0119<\/p>\n","protected":false},"author":1,"featured_media":0,"comment_status":"open","ping_status":"open","sticky":false,"template":"","format":"standard","meta":{"colormag_page_layout":"default_layout","footnotes":""},"categories":[143],"tags":[],"class_list":["post-5571","post","type-post","status-publish","format-standard","hentry","category-inne"],"yoast_head":"<!-- This site is optimized with the Yoast SEO plugin v25.1 - https:\/\/yoast.com\/wordpress\/plugins\/seo\/ -->\n<title>Udana blokada eksmisji w Krakowie - SI\u0118 MY\u015aLI<\/title>\n<meta name=\"robots\" content=\"index, follow, max-snippet:-1, max-image-preview:large, max-video-preview:-1\" \/>\n<link rel=\"canonical\" href=\"https:\/\/siemysli-ke.info\/en\/udana-blokada-eksmisji-w-krakowie\/\" \/>\n<meta property=\"og:locale\" content=\"en_US\" \/>\n<meta property=\"og:type\" content=\"article\" \/>\n<meta property=\"og:title\" content=\"Udana blokada eksmisji w Krakowie - SI\u0118 MY\u015aLI\" \/>\n<meta property=\"og:description\" content=\"&nbsp; Dzi\u015b w godzinach po\u0142udniowych w Krakowie z sukcesem odparto eksmisj\u0119 \u2013 komornik odst\u0105pi\u0142 od czynno\u015bci. W Krakowie odby\u0142a si\u0119\" \/>\n<meta property=\"og:url\" content=\"https:\/\/siemysli-ke.info\/en\/udana-blokada-eksmisji-w-krakowie\/\" \/>\n<meta property=\"og:site_name\" content=\"SI\u0118 MY\u015aLI\" \/>\n<meta property=\"article:published_time\" content=\"2012-06-04T13:17:14+00:00\" \/>\n<meta property=\"article:modified_time\" content=\"2013-11-02T20:19:15+00:00\" \/>\n<meta name=\"author\" content=\"admin\" \/>\n<meta name=\"twitter:label1\" content=\"Written by\" \/>\n\t<meta name=\"twitter:data1\" content=\"admin\" \/>\n\t<meta name=\"twitter:label2\" content=\"Est. reading time\" \/>\n\t<meta name=\"twitter:data2\" content=\"2 minutes\" \/>\n<script type=\"application\/ld+json\" class=\"yoast-schema-graph\">{\"@context\":\"https:\/\/schema.org\",\"@graph\":[{\"@type\":\"Article\",\"@id\":\"https:\/\/siemysli-ke.info\/en\/udana-blokada-eksmisji-w-krakowie\/#article\",\"isPartOf\":{\"@id\":\"https:\/\/siemysli-ke.info\/en\/udana-blokada-eksmisji-w-krakowie\/\"},\"author\":{\"name\":\"admin\",\"@id\":\"https:\/\/siemysli-ke.info\/#\/schema\/person\/048295918d7858e90e57d1a2c2b5da74\"},\"headline\":\"Udana blokada eksmisji w Krakowie\",\"datePublished\":\"2012-06-04T13:17:14+00:00\",\"dateModified\":\"2013-11-02T20:19:15+00:00\",\"mainEntityOfPage\":{\"@id\":\"https:\/\/siemysli-ke.info\/en\/udana-blokada-eksmisji-w-krakowie\/\"},\"wordCount\":371,\"commentCount\":0,\"publisher\":{\"@id\":\"https:\/\/siemysli-ke.info\/#organization\"},\"articleSection\":[\"Inne\"],\"inLanguage\":\"en-US\",\"potentialAction\":[{\"@type\":\"CommentAction\",\"name\":\"Comment\",\"target\":[\"https:\/\/siemysli-ke.info\/en\/udana-blokada-eksmisji-w-krakowie\/#respond\"]}]},{\"@type\":\"WebPage\",\"@id\":\"https:\/\/siemysli-ke.info\/en\/udana-blokada-eksmisji-w-krakowie\/\",\"url\":\"https:\/\/siemysli-ke.info\/en\/udana-blokada-eksmisji-w-krakowie\/\",\"name\":\"Udana blokada eksmisji w Krakowie - SI\u0118 MY\u015aLI\",\"isPartOf\":{\"@id\":\"https:\/\/siemysli-ke.info\/en\/#website\"},\"datePublished\":\"2012-06-04T13:17:14+00:00\",\"dateModified\":\"2013-11-02T20:19:15+00:00\",\"breadcrumb\":{\"@id\":\"https:\/\/siemysli-ke.info\/en\/udana-blokada-eksmisji-w-krakowie\/#breadcrumb\"},\"inLanguage\":\"en-US\",\"potentialAction\":[{\"@type\":\"ReadAction\",\"target\":[[\"https:\/\/siemysli-ke.info\/en\/udana-blokada-eksmisji-w-krakowie\/\"]]}]},{\"@type\":\"BreadcrumbList\",\"@id\":\"https:\/\/siemysli-ke.info\/en\/udana-blokada-eksmisji-w-krakowie\/#breadcrumb\",\"itemListElement\":[{\"@type\":\"ListItem\",\"position\":1,\"name\":\"Home\",\"item\":\"https:\/\/siemysli-ke.info\/en\/\"},{\"@type\":\"ListItem\",\"position\":2,\"name\":\"Udana blokada eksmisji w Krakowie\"}]},{\"@type\":\"WebSite\",\"@id\":\"https:\/\/siemysli-ke.info\/en\/#website\",\"url\":\"https:\/\/siemysli-ke.info\/en\/\",\"name\":\"SI\u0118 MY\u015aLI\",\"description\":\"\",\"publisher\":{\"@id\":\"https:\/\/siemysli-ke.info\/en\/#organization\"},\"potentialAction\":[{\"@type\":\"SearchAction\",\"target\":{\"@type\":\"EntryPoint\",\"urlTemplate\":\"https:\/\/siemysli-ke.info\/en\/?s={search_term_string}\"},\"query-input\":{\"@type\":\"PropertyValueSpecification\",\"valueRequired\":true,\"valueName\":\"search_term_string\"}}],\"inLanguage\":\"en-US\"},{\"@type\":\"Organization\",\"@id\":\"https:\/\/siemysli-ke.info\/en\/#organization\",\"name\":\"SI\u0118 MY\u015aLI\",\"url\":\"https:\/\/siemysli-ke.info\/en\/\",\"logo\":{\"@type\":\"ImageObject\",\"inLanguage\":\"en-US\",\"@id\":\"https:\/\/siemysli-ke.info\/en\/#\/schema\/logo\/image\/\",\"url\":\"https:\/\/siemysli-ke.info\/wp-content\/uploads\/2025\/05\/99.png\",\"contentUrl\":\"https:\/\/siemysli-ke.info\/wp-content\/uploads\/2025\/05\/99.png\",\"width\":270,\"height\":204,\"caption\":\"SI\u0118 MY\u015aLI\"},\"image\":{\"@id\":\"https:\/\/siemysli-ke.info\/en\/#\/schema\/logo\/image\/\"}},{\"@type\":\"Person\",\"@id\":\"https:\/\/siemysli-ke.info\/#\/schema\/person\/048295918d7858e90e57d1a2c2b5da74\",\"name\":\"admin\",\"image\":{\"@type\":\"ImageObject\",\"inLanguage\":\"en-US\",\"@id\":\"https:\/\/siemysli-ke.info\/en\/#\/schema\/person\/image\/\",\"url\":\"https:\/\/secure.gravatar.com\/avatar\/9acf729117e1cff813c07ba085b25a76702049ffb5efe3425388cd1a019577de?s=96&d=mm&r=g\",\"contentUrl\":\"https:\/\/secure.gravatar.com\/avatar\/9acf729117e1cff813c07ba085b25a76702049ffb5efe3425388cd1a019577de?s=96&d=mm&r=g\",\"caption\":\"admin\"},\"url\":\"https:\/\/siemysli-ke.info\/en\/author\/admin\/\"}]}<\/script>\n<!-- \/ Yoast SEO plugin. -->","yoast_head_json":{"title":"Udana blokada eksmisji w Krakowie - SI\u0118 MY\u015aLI","robots":{"index":"index","follow":"follow","max-snippet":"max-snippet:-1","max-image-preview":"max-image-preview:large","max-video-preview":"max-video-preview:-1"},"canonical":"https:\/\/siemysli-ke.info\/en\/udana-blokada-eksmisji-w-krakowie\/","og_locale":"en_US","og_type":"article","og_title":"Udana blokada eksmisji w Krakowie - SI\u0118 MY\u015aLI","og_description":"&nbsp; Dzi\u015b w godzinach po\u0142udniowych w Krakowie z sukcesem odparto eksmisj\u0119 \u2013 komornik odst\u0105pi\u0142 od czynno\u015bci. W Krakowie odby\u0142a si\u0119","og_url":"https:\/\/siemysli-ke.info\/en\/udana-blokada-eksmisji-w-krakowie\/","og_site_name":"SI\u0118 MY\u015aLI","article_published_time":"2012-06-04T13:17:14+00:00","article_modified_time":"2013-11-02T20:19:15+00:00","author":"admin","twitter_misc":{"Written by":"admin","Est. reading time":"2 minutes"},"schema":{"@context":"https:\/\/schema.org","@graph":[{"@type":"Article","@id":"https:\/\/siemysli-ke.info\/en\/udana-blokada-eksmisji-w-krakowie\/#article","isPartOf":{"@id":"https:\/\/siemysli-ke.info\/en\/udana-blokada-eksmisji-w-krakowie\/"},"author":{"name":"admin","@id":"https:\/\/siemysli-ke.info\/#\/schema\/person\/048295918d7858e90e57d1a2c2b5da74"},"headline":"Udana blokada eksmisji w Krakowie","datePublished":"2012-06-04T13:17:14+00:00","dateModified":"2013-11-02T20:19:15+00:00","mainEntityOfPage":{"@id":"https:\/\/siemysli-ke.info\/en\/udana-blokada-eksmisji-w-krakowie\/"},"wordCount":371,"commentCount":0,"publisher":{"@id":"https:\/\/siemysli-ke.info\/#organization"},"articleSection":["Inne"],"inLanguage":"en-US","potentialAction":[{"@type":"CommentAction","name":"Comment","target":["https:\/\/siemysli-ke.info\/en\/udana-blokada-eksmisji-w-krakowie\/#respond"]}]},{"@type":"WebPage","@id":"https:\/\/siemysli-ke.info\/en\/udana-blokada-eksmisji-w-krakowie\/","url":"https:\/\/siemysli-ke.info\/en\/udana-blokada-eksmisji-w-krakowie\/","name":"Udana blokada eksmisji w Krakowie - SI\u0118 MY\u015aLI","isPartOf":{"@id":"https:\/\/siemysli-ke.info\/en\/#website"},"datePublished":"2012-06-04T13:17:14+00:00","dateModified":"2013-11-02T20:19:15+00:00","breadcrumb":{"@id":"https:\/\/siemysli-ke.info\/en\/udana-blokada-eksmisji-w-krakowie\/#breadcrumb"},"inLanguage":"en-US","potentialAction":[{"@type":"ReadAction","target":[["https:\/\/siemysli-ke.info\/en\/udana-blokada-eksmisji-w-krakowie\/"]]}]},{"@type":"BreadcrumbList","@id":"https:\/\/siemysli-ke.info\/en\/udana-blokada-eksmisji-w-krakowie\/#breadcrumb","itemListElement":[{"@type":"ListItem","position":1,"name":"Home","item":"https:\/\/siemysli-ke.info\/en\/"},{"@type":"ListItem","position":2,"name":"Udana blokada eksmisji w Krakowie"}]},{"@type":"WebSite","@id":"https:\/\/siemysli-ke.info\/en\/#website","url":"https:\/\/siemysli-ke.info\/en\/","name":"SI\u0118 MY\u015aLI","description":"","publisher":{"@id":"https:\/\/siemysli-ke.info\/en\/#organization"},"potentialAction":[{"@type":"SearchAction","target":{"@type":"EntryPoint","urlTemplate":"https:\/\/siemysli-ke.info\/en\/?s={search_term_string}"},"query-input":{"@type":"PropertyValueSpecification","valueRequired":true,"valueName":"search_term_string"}}],"inLanguage":"en-US"},{"@type":"Organization","@id":"https:\/\/siemysli-ke.info\/en\/#organization","name":"SI\u0118 MY\u015aLI","url":"https:\/\/siemysli-ke.info\/en\/","logo":{"@type":"ImageObject","inLanguage":"en-US","@id":"https:\/\/siemysli-ke.info\/en\/#\/schema\/logo\/image\/","url":"https:\/\/siemysli-ke.info\/wp-content\/uploads\/2025\/05\/99.png","contentUrl":"https:\/\/siemysli-ke.info\/wp-content\/uploads\/2025\/05\/99.png","width":270,"height":204,"caption":"SI\u0118 MY\u015aLI"},"image":{"@id":"https:\/\/siemysli-ke.info\/en\/#\/schema\/logo\/image\/"}},{"@type":"Person","@id":"https:\/\/siemysli-ke.info\/#\/schema\/person\/048295918d7858e90e57d1a2c2b5da74","name":"admin","image":{"@type":"ImageObject","inLanguage":"en-US","@id":"https:\/\/siemysli-ke.info\/en\/#\/schema\/person\/image\/","url":"https:\/\/secure.gravatar.com\/avatar\/9acf729117e1cff813c07ba085b25a76702049ffb5efe3425388cd1a019577de?s=96&d=mm&r=g","contentUrl":"https:\/\/secure.gravatar.com\/avatar\/9acf729117e1cff813c07ba085b25a76702049ffb5efe3425388cd1a019577de?s=96&d=mm&r=g","caption":"admin"},"url":"https:\/\/siemysli-ke.info\/en\/author\/admin\/"}]}},"_links":{"self":[{"href":"https:\/\/siemysli-ke.info\/en\/wp-json\/wp\/v2\/posts\/5571","targetHints":{"allow":["GET"]}}],"collection":[{"href":"https:\/\/siemysli-ke.info\/en\/wp-json\/wp\/v2\/posts"}],"about":[{"href":"https:\/\/siemysli-ke.info\/en\/wp-json\/wp\/v2\/types\/post"}],"author":[{"embeddable":true,"href":"https:\/\/siemysli-ke.info\/en\/wp-json\/wp\/v2\/users\/1"}],"replies":[{"embeddable":true,"href":"https:\/\/siemysli-ke.info\/en\/wp-json\/wp\/v2\/comments?post=5571"}],"version-history":[{"count":0,"href":"https:\/\/siemysli-ke.info\/en\/wp-json\/wp\/v2\/posts\/5571\/revisions"}],"wp:attachment":[{"href":"https:\/\/siemysli-ke.info\/en\/wp-json\/wp\/v2\/media?parent=5571"}],"wp:term":[{"taxonomy":"category","embeddable":true,"href":"https:\/\/siemysli-ke.info\/en\/wp-json\/wp\/v2\/categories?post=5571"},{"taxonomy":"post_tag","embeddable":true,"href":"https:\/\/siemysli-ke.info\/en\/wp-json\/wp\/v2\/tags?post=5571"}],"curies":[{"name":"wp","href":"https:\/\/api.w.org\/{rel}","templated":true}]}}