 {"id":53706,"date":"2026-04-30T21:45:18","date_gmt":"2026-04-30T19:45:18","guid":{"rendered":"https:\/\/siemysli-ke.info\/?p=53706"},"modified":"2026-04-30T21:46:10","modified_gmt":"2026-04-30T19:46:10","slug":"flaga-izraelska-wielu-macha-do-woli-2","status":"publish","type":"post","link":"https:\/\/siemysli-ke.info\/en\/flaga-izraelska-wielu-macha-do-woli-2\/","title":{"rendered":"(Polski) Flag\u0105 izraelsk\u0105 wielu macha do woli (2)"},"content":{"rendered":"<p class=\"qtranxs-available-languages-message qtranxs-available-languages-message-en\">Sorry, this entry is only available in <a href=\"https:\/\/siemysli-ke.info\/pl\/wp-json\/wp\/v2\/posts\/53706\" class=\"qtranxs-available-language-link qtranxs-available-language-link-pl\" title=\"Polski\">Polski<\/a>.<\/p>","protected":false},"excerpt":{"rendered":"<p>Sorry, this entry is only available in Polski.<\/p>\n","protected":false},"author":3,"featured_media":53707,"comment_status":"open","ping_status":"open","sticky":false,"template":"","format":"standard","meta":{"colormag_page_layout":"default_layout","footnotes":""},"categories":[143,17742],"tags":[35347,37552,35130,37356,34536,477,16419,37549,37551,7729,202,3425,37550,37553],"class_list":["post-53706","post","type-post","status-publish","format-standard","has-post-thumbnail","hentry","category-inne","category-wyroznione","tag-hezbollah-w-libanie","tag-polska-akcja-humanitarna","tag-bogdan-rymanowski","tag-gideon-saar","tag-itamar-ben-gvir","tag-jaroslaw-kaczynski","tag-karol-nawrocki","tag-minab","tag-pierre-al-rahie","tag-radoslaw-sikorski","tag-roman-boryczko","tag-strefa-gazy","tag-wioska-debel","tag-zydowska-organizacja-bojowa-zob"],"yoast_head":"<!-- This site is optimized with the Yoast SEO plugin v25.1 - https:\/\/yoast.com\/wordpress\/plugins\/seo\/ -->\n<title>(Polski) Flag\u0105 izraelsk\u0105 wielu macha do woli (2) - SI\u0118 MY\u015aLI<\/title>\n<meta name=\"robots\" content=\"index, follow, max-snippet:-1, max-image-preview:large, max-video-preview:-1\" \/>\n<link rel=\"canonical\" href=\"https:\/\/siemysli-ke.info\/en\/flaga-izraelska-wielu-macha-do-woli-2\/\" \/>\n<meta property=\"og:locale\" content=\"en_US\" \/>\n<meta property=\"og:type\" content=\"article\" \/>\n<meta property=\"og:title\" content=\"(Polski) Flag\u0105 izraelsk\u0105 wielu macha do woli (2) - SI\u0118 MY\u015aLI\" \/>\n<meta property=\"og:description\" content=\"Sorry, this entry is only available in Polski.\" \/>\n<meta property=\"og:url\" content=\"https:\/\/siemysli-ke.info\/en\/flaga-izraelska-wielu-macha-do-woli-2\/\" \/>\n<meta property=\"og:site_name\" content=\"SI\u0118 MY\u015aLI\" \/>\n<meta property=\"article:published_time\" content=\"2026-04-30T19:45:18+00:00\" \/>\n<meta property=\"article:modified_time\" content=\"2026-04-30T19:46:10+00:00\" \/>\n<meta property=\"og:image\" content=\"https:\/\/siemysli-ke.info\/wp-content\/uploads\/2026\/04\/IDF-w-LIbanie.jpg\" \/>\n\t<meta property=\"og:image:width\" content=\"748\" \/>\n\t<meta property=\"og:image:height\" content=\"759\" \/>\n\t<meta property=\"og:image:type\" content=\"image\/jpeg\" \/>\n<meta name=\"author\" content=\"...\" \/>\n<meta name=\"twitter:label1\" content=\"Written by\" \/>\n\t<meta name=\"twitter:data1\" content=\"...\" \/>\n\t<meta name=\"twitter:label2\" content=\"Est. reading time\" \/>\n\t<meta name=\"twitter:data2\" content=\"5 minutes\" \/>\n<script type=\"application\/ld+json\" class=\"yoast-schema-graph\">{\"@context\":\"https:\/\/schema.org\",\"@graph\":[{\"@type\":\"Article\",\"@id\":\"https:\/\/siemysli-ke.info\/flaga-izraelska-wielu-macha-do-woli-2\/#article\",\"isPartOf\":{\"@id\":\"https:\/\/siemysli-ke.info\/flaga-izraelska-wielu-macha-do-woli-2\/\"},\"author\":{\"name\":\"...\",\"@id\":\"https:\/\/siemysli-ke.info\/#\/schema\/person\/75326687448d6abf738b156f56385210\"},\"headline\":\"(Polski) Flag\u0105 izraelsk\u0105 wielu macha do woli (2)\",\"datePublished\":\"2026-04-30T19:45:18+00:00\",\"dateModified\":\"2026-04-30T19:46:10+00:00\",\"mainEntityOfPage\":{\"@id\":\"https:\/\/siemysli-ke.info\/flaga-izraelska-wielu-macha-do-woli-2\/\"},\"wordCount\":831,\"commentCount\":0,\"publisher\":{\"@id\":\"https:\/\/siemysli-ke.info\/#organization\"},\"image\":{\"@id\":\"https:\/\/siemysli-ke.info\/flaga-izraelska-wielu-macha-do-woli-2\/#primaryimage\"},\"thumbnailUrl\":\"https:\/\/siemysli-ke.info\/wp-content\/uploads\/2026\/04\/IDF-w-LIbanie.jpg\",\"keywords\":[\"\\\"Hezbollah\\\" w Libanie\",\"\\\"Polska Akcja Humanitarna\\\"\",\"Bogdan Rymanowski\",\"Gideon Sa\u2019ar\",\"Itamar Ben Gvir\",\"Jaros\u0142aw Kaczy\u0144ski\",\"Karol Nawrocki\",\"Minab\",\"Pierre al-Rahie\",\"Rados\u0142aw Sikorski\",\"Roman Boryczko\",\"Strefa Gazy\",\"wioska Debel\",\"\u017bydowska Organizacja Bojowa (\u017bOB)\"],\"articleSection\":[\"Inne\",\"wyroznione\"],\"inLanguage\":\"en-US\",\"potentialAction\":[{\"@type\":\"CommentAction\",\"name\":\"Comment\",\"target\":[\"https:\/\/siemysli-ke.info\/flaga-izraelska-wielu-macha-do-woli-2\/#respond\"]}]},{\"@type\":\"WebPage\",\"@id\":\"https:\/\/siemysli-ke.info\/en\/flaga-izraelska-wielu-macha-do-woli-2\/\",\"url\":\"https:\/\/siemysli-ke.info\/en\/flaga-izraelska-wielu-macha-do-woli-2\/\",\"name\":\"(Polski) Flag\u0105 izraelsk\u0105 wielu macha do woli (2) - SI\u0118 MY\u015aLI\",\"isPartOf\":{\"@id\":\"https:\/\/siemysli-ke.info\/en\/#website\"},\"primaryImageOfPage\":{\"@id\":\"https:\/\/siemysli-ke.info\/en\/flaga-izraelska-wielu-macha-do-woli-2\/#primaryimage\"},\"image\":{\"@id\":\"https:\/\/siemysli-ke.info\/flaga-izraelska-wielu-macha-do-woli-2\/#primaryimage\"},\"thumbnailUrl\":\"https:\/\/siemysli-ke.info\/wp-content\/uploads\/2026\/04\/IDF-w-LIbanie.jpg\",\"datePublished\":\"2026-04-30T19:45:18+00:00\",\"dateModified\":\"2026-04-30T19:46:10+00:00\",\"breadcrumb\":{\"@id\":\"https:\/\/siemysli-ke.info\/en\/flaga-izraelska-wielu-macha-do-woli-2\/#breadcrumb\"},\"inLanguage\":\"en-US\",\"potentialAction\":[{\"@type\":\"ReadAction\",\"target\":[[\"https:\/\/siemysli-ke.info\/en\/flaga-izraelska-wielu-macha-do-woli-2\/\"]]}]},{\"@type\":\"ImageObject\",\"inLanguage\":\"en-US\",\"@id\":\"https:\/\/siemysli-ke.info\/en\/flaga-izraelska-wielu-macha-do-woli-2\/#primaryimage\",\"url\":\"https:\/\/siemysli-ke.info\/wp-content\/uploads\/2026\/04\/IDF-w-LIbanie.jpg\",\"contentUrl\":\"https:\/\/siemysli-ke.info\/wp-content\/uploads\/2026\/04\/IDF-w-LIbanie.jpg\",\"width\":748,\"height\":759},{\"@type\":\"BreadcrumbList\",\"@id\":\"https:\/\/siemysli-ke.info\/en\/flaga-izraelska-wielu-macha-do-woli-2\/#breadcrumb\",\"itemListElement\":[{\"@type\":\"ListItem\",\"position\":1,\"name\":\"Home\",\"item\":\"https:\/\/siemysli-ke.info\/en\/\"},{\"@type\":\"ListItem\",\"position\":2,\"name\":\"Flag\u0105 izraelsk\u0105 wielu macha do woli (2)\"}]},{\"@type\":\"WebSite\",\"@id\":\"https:\/\/siemysli-ke.info\/en\/#website\",\"url\":\"https:\/\/siemysli-ke.info\/en\/\",\"name\":\"SI\u0118 MY\u015aLI\",\"description\":\"\",\"publisher\":{\"@id\":\"https:\/\/siemysli-ke.info\/en\/#organization\"},\"potentialAction\":[{\"@type\":\"SearchAction\",\"target\":{\"@type\":\"EntryPoint\",\"urlTemplate\":\"https:\/\/siemysli-ke.info\/en\/?s={search_term_string}\"},\"query-input\":{\"@type\":\"PropertyValueSpecification\",\"valueRequired\":true,\"valueName\":\"search_term_string\"}}],\"inLanguage\":\"en-US\"},{\"@type\":\"Organization\",\"@id\":\"https:\/\/siemysli-ke.info\/en\/#organization\",\"name\":\"SI\u0118 MY\u015aLI\",\"url\":\"https:\/\/siemysli-ke.info\/en\/\",\"logo\":{\"@type\":\"ImageObject\",\"inLanguage\":\"en-US\",\"@id\":\"https:\/\/siemysli-ke.info\/en\/#\/schema\/logo\/image\/\",\"url\":\"https:\/\/siemysli-ke.info\/wp-content\/uploads\/2025\/05\/99.png\",\"contentUrl\":\"https:\/\/siemysli-ke.info\/wp-content\/uploads\/2025\/05\/99.png\",\"width\":270,\"height\":204,\"caption\":\"SI\u0118 MY\u015aLI\"},\"image\":{\"@id\":\"https:\/\/siemysli-ke.info\/en\/#\/schema\/logo\/image\/\"}},{\"@type\":\"Person\",\"@id\":\"https:\/\/siemysli-ke.info\/#\/schema\/person\/75326687448d6abf738b156f56385210\",\"name\":\"...\",\"image\":{\"@type\":\"ImageObject\",\"inLanguage\":\"en-US\",\"@id\":\"https:\/\/siemysli-ke.info\/en\/#\/schema\/person\/image\/\",\"url\":\"https:\/\/secure.gravatar.com\/avatar\/33a3c2559155e1b4add65cf88cafda785aeb920f44b97c7055b07866ab5b13c2?s=96&d=mm&r=g\",\"contentUrl\":\"https:\/\/secure.gravatar.com\/avatar\/33a3c2559155e1b4add65cf88cafda785aeb920f44b97c7055b07866ab5b13c2?s=96&d=mm&r=g\",\"caption\":\"...\"},\"url\":\"https:\/\/siemysli-ke.info\/en\/author\/lele\/\"}]}<\/script>\n<!-- \/ Yoast SEO plugin. -->","yoast_head_json":{"title":"(Polski) Flag\u0105 izraelsk\u0105 wielu macha do woli (2) - SI\u0118 MY\u015aLI","robots":{"index":"index","follow":"follow","max-snippet":"max-snippet:-1","max-image-preview":"max-image-preview:large","max-video-preview":"max-video-preview:-1"},"canonical":"https:\/\/siemysli-ke.info\/en\/flaga-izraelska-wielu-macha-do-woli-2\/","og_locale":"en_US","og_type":"article","og_title":"(Polski) Flag\u0105 izraelsk\u0105 wielu macha do woli (2) - SI\u0118 MY\u015aLI","og_description":"Sorry, this entry is only available in Polski.","og_url":"https:\/\/siemysli-ke.info\/en\/flaga-izraelska-wielu-macha-do-woli-2\/","og_site_name":"SI\u0118 MY\u015aLI","article_published_time":"2026-04-30T19:45:18+00:00","article_modified_time":"2026-04-30T19:46:10+00:00","og_image":[{"width":748,"height":759,"url":"https:\/\/siemysli-ke.info\/wp-content\/uploads\/2026\/04\/IDF-w-LIbanie.jpg","type":"image\/jpeg"}],"author":"...","twitter_misc":{"Written by":"...","Est. reading time":"5 minutes"},"schema":{"@context":"https:\/\/schema.org","@graph":[{"@type":"Article","@id":"https:\/\/siemysli-ke.info\/flaga-izraelska-wielu-macha-do-woli-2\/#article","isPartOf":{"@id":"https:\/\/siemysli-ke.info\/flaga-izraelska-wielu-macha-do-woli-2\/"},"author":{"name":"...","@id":"https:\/\/siemysli-ke.info\/#\/schema\/person\/75326687448d6abf738b156f56385210"},"headline":"(Polski) Flag\u0105 izraelsk\u0105 wielu macha do woli (2)","datePublished":"2026-04-30T19:45:18+00:00","dateModified":"2026-04-30T19:46:10+00:00","mainEntityOfPage":{"@id":"https:\/\/siemysli-ke.info\/flaga-izraelska-wielu-macha-do-woli-2\/"},"wordCount":831,"commentCount":0,"publisher":{"@id":"https:\/\/siemysli-ke.info\/#organization"},"image":{"@id":"https:\/\/siemysli-ke.info\/flaga-izraelska-wielu-macha-do-woli-2\/#primaryimage"},"thumbnailUrl":"https:\/\/siemysli-ke.info\/wp-content\/uploads\/2026\/04\/IDF-w-LIbanie.jpg","keywords":["\"Hezbollah\" w Libanie","\"Polska Akcja Humanitarna\"","Bogdan Rymanowski","Gideon Sa\u2019ar","Itamar Ben Gvir","Jaros\u0142aw Kaczy\u0144ski","Karol Nawrocki","Minab","Pierre al-Rahie","Rados\u0142aw Sikorski","Roman Boryczko","Strefa Gazy","wioska Debel","\u017bydowska Organizacja Bojowa (\u017bOB)"],"articleSection":["Inne","wyroznione"],"inLanguage":"en-US","potentialAction":[{"@type":"CommentAction","name":"Comment","target":["https:\/\/siemysli-ke.info\/flaga-izraelska-wielu-macha-do-woli-2\/#respond"]}]},{"@type":"WebPage","@id":"https:\/\/siemysli-ke.info\/en\/flaga-izraelska-wielu-macha-do-woli-2\/","url":"https:\/\/siemysli-ke.info\/en\/flaga-izraelska-wielu-macha-do-woli-2\/","name":"(Polski) Flag\u0105 izraelsk\u0105 wielu macha do woli (2) - SI\u0118 MY\u015aLI","isPartOf":{"@id":"https:\/\/siemysli-ke.info\/en\/#website"},"primaryImageOfPage":{"@id":"https:\/\/siemysli-ke.info\/en\/flaga-izraelska-wielu-macha-do-woli-2\/#primaryimage"},"image":{"@id":"https:\/\/siemysli-ke.info\/flaga-izraelska-wielu-macha-do-woli-2\/#primaryimage"},"thumbnailUrl":"https:\/\/siemysli-ke.info\/wp-content\/uploads\/2026\/04\/IDF-w-LIbanie.jpg","datePublished":"2026-04-30T19:45:18+00:00","dateModified":"2026-04-30T19:46:10+00:00","breadcrumb":{"@id":"https:\/\/siemysli-ke.info\/en\/flaga-izraelska-wielu-macha-do-woli-2\/#breadcrumb"},"inLanguage":"en-US","potentialAction":[{"@type":"ReadAction","target":[["https:\/\/siemysli-ke.info\/en\/flaga-izraelska-wielu-macha-do-woli-2\/"]]}]},{"@type":"ImageObject","inLanguage":"en-US","@id":"https:\/\/siemysli-ke.info\/en\/flaga-izraelska-wielu-macha-do-woli-2\/#primaryimage","url":"https:\/\/siemysli-ke.info\/wp-content\/uploads\/2026\/04\/IDF-w-LIbanie.jpg","contentUrl":"https:\/\/siemysli-ke.info\/wp-content\/uploads\/2026\/04\/IDF-w-LIbanie.jpg","width":748,"height":759},{"@type":"BreadcrumbList","@id":"https:\/\/siemysli-ke.info\/en\/flaga-izraelska-wielu-macha-do-woli-2\/#breadcrumb","itemListElement":[{"@type":"ListItem","position":1,"name":"Home","item":"https:\/\/siemysli-ke.info\/en\/"},{"@type":"ListItem","position":2,"name":"Flag\u0105 izraelsk\u0105 wielu macha do woli (2)"}]},{"@type":"WebSite","@id":"https:\/\/siemysli-ke.info\/en\/#website","url":"https:\/\/siemysli-ke.info\/en\/","name":"SI\u0118 MY\u015aLI","description":"","publisher":{"@id":"https:\/\/siemysli-ke.info\/en\/#organization"},"potentialAction":[{"@type":"SearchAction","target":{"@type":"EntryPoint","urlTemplate":"https:\/\/siemysli-ke.info\/en\/?s={search_term_string}"},"query-input":{"@type":"PropertyValueSpecification","valueRequired":true,"valueName":"search_term_string"}}],"inLanguage":"en-US"},{"@type":"Organization","@id":"https:\/\/siemysli-ke.info\/en\/#organization","name":"SI\u0118 MY\u015aLI","url":"https:\/\/siemysli-ke.info\/en\/","logo":{"@type":"ImageObject","inLanguage":"en-US","@id":"https:\/\/siemysli-ke.info\/en\/#\/schema\/logo\/image\/","url":"https:\/\/siemysli-ke.info\/wp-content\/uploads\/2025\/05\/99.png","contentUrl":"https:\/\/siemysli-ke.info\/wp-content\/uploads\/2025\/05\/99.png","width":270,"height":204,"caption":"SI\u0118 MY\u015aLI"},"image":{"@id":"https:\/\/siemysli-ke.info\/en\/#\/schema\/logo\/image\/"}},{"@type":"Person","@id":"https:\/\/siemysli-ke.info\/#\/schema\/person\/75326687448d6abf738b156f56385210","name":"...","image":{"@type":"ImageObject","inLanguage":"en-US","@id":"https:\/\/siemysli-ke.info\/en\/#\/schema\/person\/image\/","url":"https:\/\/secure.gravatar.com\/avatar\/33a3c2559155e1b4add65cf88cafda785aeb920f44b97c7055b07866ab5b13c2?s=96&d=mm&r=g","contentUrl":"https:\/\/secure.gravatar.com\/avatar\/33a3c2559155e1b4add65cf88cafda785aeb920f44b97c7055b07866ab5b13c2?s=96&d=mm&r=g","caption":"..."},"url":"https:\/\/siemysli-ke.info\/en\/author\/lele\/"}]}},"_links":{"self":[{"href":"https:\/\/siemysli-ke.info\/en\/wp-json\/wp\/v2\/posts\/53706","targetHints":{"allow":["GET"]}}],"collection":[{"href":"https:\/\/siemysli-ke.info\/en\/wp-json\/wp\/v2\/posts"}],"about":[{"href":"https:\/\/siemysli-ke.info\/en\/wp-json\/wp\/v2\/types\/post"}],"author":[{"embeddable":true,"href":"https:\/\/siemysli-ke.info\/en\/wp-json\/wp\/v2\/users\/3"}],"replies":[{"embeddable":true,"href":"https:\/\/siemysli-ke.info\/en\/wp-json\/wp\/v2\/comments?post=53706"}],"version-history":[{"count":2,"href":"https:\/\/siemysli-ke.info\/en\/wp-json\/wp\/v2\/posts\/53706\/revisions"}],"predecessor-version":[{"id":53709,"href":"https:\/\/siemysli-ke.info\/en\/wp-json\/wp\/v2\/posts\/53706\/revisions\/53709"}],"wp:featuredmedia":[{"embeddable":true,"href":"https:\/\/siemysli-ke.info\/en\/wp-json\/wp\/v2\/media\/53707"}],"wp:attachment":[{"href":"https:\/\/siemysli-ke.info\/en\/wp-json\/wp\/v2\/media?parent=53706"}],"wp:term":[{"taxonomy":"category","embeddable":true,"href":"https:\/\/siemysli-ke.info\/en\/wp-json\/wp\/v2\/categories?post=53706"},{"taxonomy":"post_tag","embeddable":true,"href":"https:\/\/siemysli-ke.info\/en\/wp-json\/wp\/v2\/tags?post=53706"}],"curies":[{"name":"wp","href":"https:\/\/api.w.org\/{rel}","templated":true}]}}