 {"id":5357,"date":"2012-05-24T19:59:30","date_gmt":"2012-05-24T19:59:30","guid":{"rendered":"http:\/\/www.bezjarzmowie.info.ke\/test\/?p=5357"},"modified":"2013-11-02T20:55:33","modified_gmt":"2013-11-02T19:55:33","slug":"lasy-amazonii-czekamy-na-veto-prezydent-dilmy","status":"publish","type":"post","link":"https:\/\/siemysli-ke.info\/en\/lasy-amazonii-czekamy-na-veto-prezydent-dilmy\/","title":{"rendered":"Lasy Amazonii zagro\u017cone &#8211; czekamy na veto prezydent Dilmy"},"content":{"rendered":"<p><a href=\"http:\/\/www.bezjarzmowie.info.ke\/test\/wp-content\/uploads\/2012\/05\/VitoraRegia.jpeg\" rel=\"lightbox[5357]\"><img decoding=\"async\" class=\"alignleft size-medium wp-image-5358\" src=\"http:\/\/www.bezjarzmowie.info.ke\/test\/wp-content\/uploads\/2012\/05\/VitoraRegia-298x300.jpg\" alt=\"\" width=\"298\" height=\"300\" \/><\/a><\/p>\n<p style=\"text-align: justify\"><strong>\u00a0<\/strong><\/p>\n<p style=\"text-align: justify\">\u00a0<\/p>\n<p style=\"text-align: justify\">\u00a0<\/p>\n<p style=\"text-align: justify\">\u00a0<\/p>\n<p style=\"text-align: justify\">\u00a0<\/p>\n<p style=\"text-align: justify\">\u00a0<\/p>\n<p style=\"text-align: justify\">\u00a0<\/p>\n<p style=\"text-align: justify\">\u00a0<\/p>\n<p style=\"text-align: justify\">\u00a0<\/p>\n<p style=\"text-align: justify\">\u00a0<\/p>\n<p style=\"text-align: justify\">\u00a0<\/p>\n<p style=\"text-align: justify\"><span style=\"font-size: small\">Drodzy Przyjaciele,<\/span><\/p>\n<p style=\"text-align: justify\"><span style=\"font-size: small\"><strong>\u00a0\u00a0\u00a0\u00a0\u00a0\u00a0\u00a0\u00a0\u00a0\u00a0\u00a0\u00a0\u00a0\u00a0\u00a0\u00a0\u00a0\u00a0\u00a0\u00a0\u00a0\u00a0\u00a0\u00a0\u00a0\u00a0\u00a0\u00a0\u00a0\u00a0\u00a0\u00a0\u00a0\u00a0\u00a0 brazylijski Kongres popar\u0142 w\u0142a\u015bnie now\u0105 katastrofaln\u0105 w skutkach ustaw\u0119 le\u015bn\u0105<\/strong>, kt\u00f3ra toruje drog\u0119 do ogromnych zniszcze\u0144 w Amazonii. Teraz <strong>veto prezydent Rousseff Dilmy jest ostatni\u0105 desk\u0105 ratunku dla \u201ezielonych p\u0142uc \u015bwiata\u201d.<\/strong><\/span><\/p>\n<p style=\"text-align: justify\"><span style=\"font-size: small\">Na szcz\u0119\u015bcie czas jest po naszej stronie &#8211; za kilka tygodni Dilma b\u0119dzie gospodarzem \u015bwiatowego Szczytu Ziemi. Eksperci przyznaj\u0105,\u00a0<strong>\u017ce prezydent Brazylii nie mo\u017ce sobie teraz pozwoli\u0107 na otwarcie Szczytu jako liderka, kt\u00f3ra zezwala na destrukcj\u0119 las\u00f3w deszczowych we w\u0142asnym kraju<\/strong>. Napi\u0119cie wewn\u0105trz Brazylii ro\u015bnie &#8211; 79% Brazylijczyk\u00f3w sprzeciwia si\u0119 nowemu prawu. Je\u015bli do nich do\u0142\u0105czymy, mo\u017cemy podnie\u015b\u0107 temperatur\u0119 globalnego sprzeciwu i zmusi\u0107 Dilm\u0119 do wyci\u0119cia w pie\u0144 tego i podobnych pomys\u0142\u00f3w oraz walki o ochron\u0119 Amazonii.<\/span><\/p>\n<p style=\"text-align: justify\"><span style=\"font-size: small\"><!--more--><\/span><\/p>\n<p style=\"text-align: justify\"><span style=\"font-size: small\"><strong>Dilma podejmie decyzj\u0119 w ci\u0105gu najbli\u017cszych 24h!<\/strong> Za\u017c\u0105dajmy veta dla nowej ustawy.<\/span><\/p>\n<p style=\"text-align: justify\"><span style=\"font-size: small\"><strong>Kliknij poni\u017cej by podpisa\u0107 petycj\u0119 i prze\u015blij j\u0105 znajomym<\/strong>:<\/span><\/p>\n<p style=\"text-align: justify\"><span style=\"font-size: small\"><a href=\"http:\/\/www.avaaz.org\/pl\/veto_dilma_global_final_push\/?cl=1829225144&amp;v=14584\" target=\"_blank\">http:\/\/www.avaaz.org\/pl\/veto_dilma_global_final_push\/?vl<\/a><\/span><\/p>\n<p><span style=\"font-size: small\"><strong>Amazonia jest cz\u0119sto nazywana p\u0142ucami wsp\u00f3\u0142czesnego \u015bwiata<\/strong> &#8211; 20% naszego tlenu pochodzi z tych wspania\u0142ych las\u00f3w, odgrywa ona tak\u017ce kluczow\u0105 rol\u0119 w \u0142agodzeniu globalnych zmian klimatycznych. W ostatniej dekadzie <strong>Brazylia odnios\u0142a znacz\u0105ce zwyci\u0119stwo w walce z wylesieniem<\/strong>. W latach 2004-2011 odnotowano ogromny, 78-procentowy spadek. Pow\u00f3d? Wiele czynnik\u00f3w z\u0142o\u017cy\u0142o si\u0119 na ten sukces &#8211; m.in. dotychczasowa ustawa o lasach, wspierana przez naciski opinii mi\u0119dzynarodowej, konsekwentne egzekwowanie prawa oraz monitoring satelitarny.<strong><\/strong><\/span><\/p>\n<p style=\"text-align: justify\"><span style=\"font-size: small\"><strong>Ale nowe prawo pozwala na nielegaln\u0105 wycink\u0119 na obszarze wielko\u015bci Francji i Wielkiej Brytanii razem wzi\u0119tych.<\/strong> Ponadto og\u0142asza amnesti\u0119 dla pope\u0142nionych wcze\u015bniej zbrodni deforestacji. To nie tylko pocz\u0105tek ekologicznej katastrofy w samej Brazylii, ale te\u017c fatalny przyk\u0142ad dla innych kraj\u00f3w na ca\u0142ym \u015bwiecie.<\/span><\/p>\n<p style=\"text-align: justify\"><span style=\"font-size: small\">Brazylia jest krajem bardzo dynamicznego rozwoju, w\u0142adze kraju walcz\u0105 o wyprowadzenie z biedy dziesi\u0105tk\u00f3w tysi\u0119cy swoich obywateli. Mimo mocnych dowod\u00f3w na to, \u017ce wzrost niekoniecznie musi wi\u0105za\u0107 si\u0119 z deforestacj\u0105 &#8211; Dilma ulega presji <em>lobby<\/em> rolniczego, kt\u00f3re w czasie wybor\u00f3w udzieli\u0142o mu znacznego poparcia, licz\u0105c na jej pomoc w amnestii dla nielegalnej wycinki. To paskudna wojna &#8211; dzia\u0142acze i aktywi\u015bci gin\u0105, s\u0105 zastraszani i uciszani. Ale <strong>by\u0142y minister \u015brodowiska oraz ludzie w ca\u0142ej Brazylii przekazali Dilmie jasn\u0105 wiadomo\u015b\u0107 &#8211; chc\u0105 ochrony Amazonii<\/strong>. Teraz czas na nasz ruch &#8211; do\u0142\u0105czmy do nich i wywrzyjmy odpowiedni\u0105 presj\u0119 na prezydent Brazylii, by nie poddawa\u0142a si\u0119 w walce o s\u0142uszn\u0105 spraw\u0119.<\/span><\/p>\n<p style=\"text-align: justify\"><span style=\"font-size: small\"><strong>Los Amazonii zawis\u0142 na w\u0142osku.<\/strong> Ale dzi\u0119ki temu, \u017ce prezydent Dilma jest teraz tak podatna na opini\u0119 spo\u0142eczn\u0105, mo\u017cemy wsp\u00f3lnie u\u017cy\u0107 naszego g\u0142osu i wygra\u0107 walk\u0119 o planet\u0119! <strong>Podpisz teraz nagl\u0105c\u0105 petycj\u0119 poni\u017cej i powiadom o niej swoich znajomych<\/strong> &#8211; by\u0142y minister \u015brodowiska dostarczy j\u0105 do r\u0105k w\u0142asnych prezydent Rousseff Dilmy:<\/span><\/p>\n<p style=\"text-align: justify\"><span style=\"font-size: small\"><a href=\"http:\/\/www.avaaz.org\/pl\/veto_dilma_global_final_push\/?cl=1829225144&amp;v=14584\" target=\"_blank\">http:\/\/www.avaaz.org\/pl\/veto_dilma_global_final_push\/?vl<\/a> <\/span><\/p>\n<p><span style=\"font-size: small\">W ci\u0105gu ostatnich trzech lat uda\u0142o nam si\u0119 zwyci\u0119\u017cy\u0107 kolejne bitwy. Teraz musimy zewrze\u0107 szeregi, by powstrzyma\u0107 ekologiczn\u0105 katastrof\u0119 w Brazylii i ochroni\u0107 Amazoni\u0119 przed destrukcj\u0105, a nasz\u0105 planet\u0119 przed zniszczeniem.<\/span><\/p>\n<p style=\"text-align: justify\"><a href=\"http:\/\/www.bezjarzmowie.info.ke\/test\/wp-content\/uploads\/2012\/05\/200px-Dilma_Rousseff_-_foto_oficial_2011-01-09.jpeg\" rel=\"lightbox[5357]\"><img decoding=\"async\" class=\"alignleft size-full wp-image-5359\" src=\"http:\/\/www.bezjarzmowie.info.ke\/test\/wp-content\/uploads\/2012\/05\/200px-Dilma_Rousseff_-_foto_oficial_2011-01-09.jpeg\" alt=\"\" width=\"200\" height=\"300\" \/><\/a><\/p>\n<p style=\"text-align: justify\">\u00a0<\/p>\n<p style=\"text-align: justify\">\u00a0<\/p>\n<p style=\"text-align: right\"><span style=\"font-size: small\">\u00a0<\/span><br \/>\n<span style=\"font-size: small\">Z nadziej\u0105 i determinacj\u0105,<\/span><\/p>\n<p><span style=\"font-size: small\"><span style=\"font-size: medium\"><strong>Luis, Pedro, Maria Paz, Alice, Ricken, Carol, Lisa, Rewan<\/strong><\/span> oraz ca\u0142y zesp\u00f3\u0142 <span style=\"font-size: medium\"><strong>Avaaz<\/strong><\/span><\/span><\/p>\n<p><span style=\"font-size: small\">\u00a0<\/span><\/p>\n<p>&nbsp;<\/p>\n<p>&nbsp;<\/p>\n<p>&nbsp;<\/p>\n<p>&nbsp;<\/p>\n<p><span style=\"font-size: small\">Na fotografii: <em>36. prezydent Brazylii, Rousseff Dilma<\/em><\/span><\/p>\n<p><strong><span style=\"font-size: small\">WI\u0118CEJ INFORMACJI:<\/span><\/strong><\/p>\n<p><span style=\"font-size: small\">Brazylijski Kongres zatwierdza kontrowersyjne prawo (BBC)<\/span><br \/>\n<span style=\"font-size: small\"><a href=\"http:\/\/www.bbc.co.uk\/news\/world-latin-america-17851237\" target=\"_blank\">http:\/\/www.bbc.co.uk\/news\/world-latin-america-17851237<\/a><\/span><\/p>\n","protected":false},"excerpt":{"rendered":"<p>\u00a0 \u00a0 \u00a0 \u00a0 \u00a0 \u00a0 \u00a0 \u00a0 \u00a0 \u00a0 \u00a0 Drodzy Przyjaciele, \u00a0\u00a0\u00a0\u00a0\u00a0\u00a0\u00a0\u00a0\u00a0\u00a0\u00a0\u00a0\u00a0\u00a0\u00a0\u00a0\u00a0\u00a0\u00a0\u00a0\u00a0\u00a0\u00a0\u00a0\u00a0\u00a0\u00a0\u00a0\u00a0\u00a0\u00a0\u00a0\u00a0\u00a0\u00a0 brazylijski Kongres popar\u0142 w\u0142a\u015bnie now\u0105 katastrofaln\u0105<\/p>\n","protected":false},"author":1,"featured_media":0,"comment_status":"open","ping_status":"open","sticky":false,"template":"","format":"standard","meta":{"colormag_page_layout":"default_layout","footnotes":""},"categories":[143],"tags":[],"class_list":["post-5357","post","type-post","status-publish","format-standard","hentry","category-inne"],"yoast_head":"<!-- This site is optimized with the Yoast SEO plugin v25.1 - https:\/\/yoast.com\/wordpress\/plugins\/seo\/ -->\n<title>Lasy Amazonii zagro\u017cone - czekamy na veto prezydent Dilmy - SI\u0118 MY\u015aLI<\/title>\n<meta name=\"robots\" content=\"index, follow, max-snippet:-1, max-image-preview:large, max-video-preview:-1\" \/>\n<link rel=\"canonical\" href=\"https:\/\/siemysli-ke.info\/en\/lasy-amazonii-czekamy-na-veto-prezydent-dilmy\/\" \/>\n<meta property=\"og:locale\" content=\"en_US\" \/>\n<meta property=\"og:type\" content=\"article\" \/>\n<meta property=\"og:title\" content=\"Lasy Amazonii zagro\u017cone - czekamy na veto prezydent Dilmy - SI\u0118 MY\u015aLI\" \/>\n<meta property=\"og:description\" content=\"\u00a0 \u00a0 \u00a0 \u00a0 \u00a0 \u00a0 \u00a0 \u00a0 \u00a0 \u00a0 \u00a0 Drodzy Przyjaciele, \u00a0\u00a0\u00a0\u00a0\u00a0\u00a0\u00a0\u00a0\u00a0\u00a0\u00a0\u00a0\u00a0\u00a0\u00a0\u00a0\u00a0\u00a0\u00a0\u00a0\u00a0\u00a0\u00a0\u00a0\u00a0\u00a0\u00a0\u00a0\u00a0\u00a0\u00a0\u00a0\u00a0\u00a0\u00a0 brazylijski Kongres popar\u0142 w\u0142a\u015bnie now\u0105 katastrofaln\u0105\" \/>\n<meta property=\"og:url\" content=\"https:\/\/siemysli-ke.info\/en\/lasy-amazonii-czekamy-na-veto-prezydent-dilmy\/\" \/>\n<meta property=\"og:site_name\" content=\"SI\u0118 MY\u015aLI\" \/>\n<meta property=\"article:published_time\" content=\"2012-05-24T19:59:30+00:00\" \/>\n<meta property=\"article:modified_time\" content=\"2013-11-02T19:55:33+00:00\" \/>\n<meta property=\"og:image\" content=\"http:\/\/www.bezjarzmowie.info.ke\/test\/wp-content\/uploads\/2012\/05\/VitoraRegia-298x300.jpg\" \/>\n<meta name=\"author\" content=\"admin\" \/>\n<meta name=\"twitter:label1\" content=\"Written by\" \/>\n\t<meta name=\"twitter:data1\" content=\"admin\" \/>\n\t<meta name=\"twitter:label2\" content=\"Est. reading time\" \/>\n\t<meta name=\"twitter:data2\" content=\"3 minutes\" \/>\n<script type=\"application\/ld+json\" class=\"yoast-schema-graph\">{\"@context\":\"https:\/\/schema.org\",\"@graph\":[{\"@type\":\"Article\",\"@id\":\"https:\/\/siemysli-ke.info\/en\/lasy-amazonii-czekamy-na-veto-prezydent-dilmy\/#article\",\"isPartOf\":{\"@id\":\"https:\/\/siemysli-ke.info\/en\/lasy-amazonii-czekamy-na-veto-prezydent-dilmy\/\"},\"author\":{\"name\":\"admin\",\"@id\":\"https:\/\/siemysli-ke.info\/#\/schema\/person\/048295918d7858e90e57d1a2c2b5da74\"},\"headline\":\"Lasy Amazonii zagro\u017cone &#8211; czekamy na veto prezydent Dilmy\",\"datePublished\":\"2012-05-24T19:59:30+00:00\",\"dateModified\":\"2013-11-02T19:55:33+00:00\",\"mainEntityOfPage\":{\"@id\":\"https:\/\/siemysli-ke.info\/en\/lasy-amazonii-czekamy-na-veto-prezydent-dilmy\/\"},\"wordCount\":588,\"commentCount\":0,\"publisher\":{\"@id\":\"https:\/\/siemysli-ke.info\/#organization\"},\"image\":{\"@id\":\"https:\/\/siemysli-ke.info\/en\/lasy-amazonii-czekamy-na-veto-prezydent-dilmy\/#primaryimage\"},\"thumbnailUrl\":\"http:\/\/www.bezjarzmowie.info.ke\/test\/wp-content\/uploads\/2012\/05\/VitoraRegia-298x300.jpg\",\"articleSection\":[\"Inne\"],\"inLanguage\":\"en-US\",\"potentialAction\":[{\"@type\":\"CommentAction\",\"name\":\"Comment\",\"target\":[\"https:\/\/siemysli-ke.info\/en\/lasy-amazonii-czekamy-na-veto-prezydent-dilmy\/#respond\"]}]},{\"@type\":\"WebPage\",\"@id\":\"https:\/\/siemysli-ke.info\/en\/lasy-amazonii-czekamy-na-veto-prezydent-dilmy\/\",\"url\":\"https:\/\/siemysli-ke.info\/en\/lasy-amazonii-czekamy-na-veto-prezydent-dilmy\/\",\"name\":\"Lasy Amazonii zagro\u017cone - czekamy na veto prezydent Dilmy - SI\u0118 MY\u015aLI\",\"isPartOf\":{\"@id\":\"https:\/\/siemysli-ke.info\/en\/#website\"},\"primaryImageOfPage\":{\"@id\":\"https:\/\/siemysli-ke.info\/en\/lasy-amazonii-czekamy-na-veto-prezydent-dilmy\/#primaryimage\"},\"image\":{\"@id\":\"https:\/\/siemysli-ke.info\/en\/lasy-amazonii-czekamy-na-veto-prezydent-dilmy\/#primaryimage\"},\"thumbnailUrl\":\"http:\/\/www.bezjarzmowie.info.ke\/test\/wp-content\/uploads\/2012\/05\/VitoraRegia-298x300.jpg\",\"datePublished\":\"2012-05-24T19:59:30+00:00\",\"dateModified\":\"2013-11-02T19:55:33+00:00\",\"breadcrumb\":{\"@id\":\"https:\/\/siemysli-ke.info\/en\/lasy-amazonii-czekamy-na-veto-prezydent-dilmy\/#breadcrumb\"},\"inLanguage\":\"en-US\",\"potentialAction\":[{\"@type\":\"ReadAction\",\"target\":[[\"https:\/\/siemysli-ke.info\/en\/lasy-amazonii-czekamy-na-veto-prezydent-dilmy\/\"]]}]},{\"@type\":\"ImageObject\",\"inLanguage\":\"en-US\",\"@id\":\"https:\/\/siemysli-ke.info\/en\/lasy-amazonii-czekamy-na-veto-prezydent-dilmy\/#primaryimage\",\"url\":\"http:\/\/www.bezjarzmowie.info.ke\/test\/wp-content\/uploads\/2012\/05\/VitoraRegia-298x300.jpg\",\"contentUrl\":\"http:\/\/www.bezjarzmowie.info.ke\/test\/wp-content\/uploads\/2012\/05\/VitoraRegia-298x300.jpg\"},{\"@type\":\"BreadcrumbList\",\"@id\":\"https:\/\/siemysli-ke.info\/en\/lasy-amazonii-czekamy-na-veto-prezydent-dilmy\/#breadcrumb\",\"itemListElement\":[{\"@type\":\"ListItem\",\"position\":1,\"name\":\"Home\",\"item\":\"https:\/\/siemysli-ke.info\/en\/\"},{\"@type\":\"ListItem\",\"position\":2,\"name\":\"Lasy Amazonii zagro\u017cone &#8211; czekamy na veto prezydent Dilmy\"}]},{\"@type\":\"WebSite\",\"@id\":\"https:\/\/siemysli-ke.info\/en\/#website\",\"url\":\"https:\/\/siemysli-ke.info\/en\/\",\"name\":\"SI\u0118 MY\u015aLI\",\"description\":\"\",\"publisher\":{\"@id\":\"https:\/\/siemysli-ke.info\/en\/#organization\"},\"potentialAction\":[{\"@type\":\"SearchAction\",\"target\":{\"@type\":\"EntryPoint\",\"urlTemplate\":\"https:\/\/siemysli-ke.info\/en\/?s={search_term_string}\"},\"query-input\":{\"@type\":\"PropertyValueSpecification\",\"valueRequired\":true,\"valueName\":\"search_term_string\"}}],\"inLanguage\":\"en-US\"},{\"@type\":\"Organization\",\"@id\":\"https:\/\/siemysli-ke.info\/en\/#organization\",\"name\":\"SI\u0118 MY\u015aLI\",\"url\":\"https:\/\/siemysli-ke.info\/en\/\",\"logo\":{\"@type\":\"ImageObject\",\"inLanguage\":\"en-US\",\"@id\":\"https:\/\/siemysli-ke.info\/en\/#\/schema\/logo\/image\/\",\"url\":\"https:\/\/siemysli-ke.info\/wp-content\/uploads\/2025\/05\/99.png\",\"contentUrl\":\"https:\/\/siemysli-ke.info\/wp-content\/uploads\/2025\/05\/99.png\",\"width\":270,\"height\":204,\"caption\":\"SI\u0118 MY\u015aLI\"},\"image\":{\"@id\":\"https:\/\/siemysli-ke.info\/en\/#\/schema\/logo\/image\/\"}},{\"@type\":\"Person\",\"@id\":\"https:\/\/siemysli-ke.info\/#\/schema\/person\/048295918d7858e90e57d1a2c2b5da74\",\"name\":\"admin\",\"image\":{\"@type\":\"ImageObject\",\"inLanguage\":\"en-US\",\"@id\":\"https:\/\/siemysli-ke.info\/en\/#\/schema\/person\/image\/\",\"url\":\"https:\/\/secure.gravatar.com\/avatar\/9acf729117e1cff813c07ba085b25a76702049ffb5efe3425388cd1a019577de?s=96&d=mm&r=g\",\"contentUrl\":\"https:\/\/secure.gravatar.com\/avatar\/9acf729117e1cff813c07ba085b25a76702049ffb5efe3425388cd1a019577de?s=96&d=mm&r=g\",\"caption\":\"admin\"},\"url\":\"https:\/\/siemysli-ke.info\/en\/author\/admin\/\"}]}<\/script>\n<!-- \/ Yoast SEO plugin. -->","yoast_head_json":{"title":"Lasy Amazonii zagro\u017cone - czekamy na veto prezydent Dilmy - SI\u0118 MY\u015aLI","robots":{"index":"index","follow":"follow","max-snippet":"max-snippet:-1","max-image-preview":"max-image-preview:large","max-video-preview":"max-video-preview:-1"},"canonical":"https:\/\/siemysli-ke.info\/en\/lasy-amazonii-czekamy-na-veto-prezydent-dilmy\/","og_locale":"en_US","og_type":"article","og_title":"Lasy Amazonii zagro\u017cone - czekamy na veto prezydent Dilmy - SI\u0118 MY\u015aLI","og_description":"\u00a0 \u00a0 \u00a0 \u00a0 \u00a0 \u00a0 \u00a0 \u00a0 \u00a0 \u00a0 \u00a0 Drodzy Przyjaciele, \u00a0\u00a0\u00a0\u00a0\u00a0\u00a0\u00a0\u00a0\u00a0\u00a0\u00a0\u00a0\u00a0\u00a0\u00a0\u00a0\u00a0\u00a0\u00a0\u00a0\u00a0\u00a0\u00a0\u00a0\u00a0\u00a0\u00a0\u00a0\u00a0\u00a0\u00a0\u00a0\u00a0\u00a0\u00a0 brazylijski Kongres popar\u0142 w\u0142a\u015bnie now\u0105 katastrofaln\u0105","og_url":"https:\/\/siemysli-ke.info\/en\/lasy-amazonii-czekamy-na-veto-prezydent-dilmy\/","og_site_name":"SI\u0118 MY\u015aLI","article_published_time":"2012-05-24T19:59:30+00:00","article_modified_time":"2013-11-02T19:55:33+00:00","og_image":[{"url":"http:\/\/www.bezjarzmowie.info.ke\/test\/wp-content\/uploads\/2012\/05\/VitoraRegia-298x300.jpg","type":"","width":"","height":""}],"author":"admin","twitter_misc":{"Written by":"admin","Est. reading time":"3 minutes"},"schema":{"@context":"https:\/\/schema.org","@graph":[{"@type":"Article","@id":"https:\/\/siemysli-ke.info\/en\/lasy-amazonii-czekamy-na-veto-prezydent-dilmy\/#article","isPartOf":{"@id":"https:\/\/siemysli-ke.info\/en\/lasy-amazonii-czekamy-na-veto-prezydent-dilmy\/"},"author":{"name":"admin","@id":"https:\/\/siemysli-ke.info\/#\/schema\/person\/048295918d7858e90e57d1a2c2b5da74"},"headline":"Lasy Amazonii zagro\u017cone &#8211; czekamy na veto prezydent Dilmy","datePublished":"2012-05-24T19:59:30+00:00","dateModified":"2013-11-02T19:55:33+00:00","mainEntityOfPage":{"@id":"https:\/\/siemysli-ke.info\/en\/lasy-amazonii-czekamy-na-veto-prezydent-dilmy\/"},"wordCount":588,"commentCount":0,"publisher":{"@id":"https:\/\/siemysli-ke.info\/#organization"},"image":{"@id":"https:\/\/siemysli-ke.info\/en\/lasy-amazonii-czekamy-na-veto-prezydent-dilmy\/#primaryimage"},"thumbnailUrl":"http:\/\/www.bezjarzmowie.info.ke\/test\/wp-content\/uploads\/2012\/05\/VitoraRegia-298x300.jpg","articleSection":["Inne"],"inLanguage":"en-US","potentialAction":[{"@type":"CommentAction","name":"Comment","target":["https:\/\/siemysli-ke.info\/en\/lasy-amazonii-czekamy-na-veto-prezydent-dilmy\/#respond"]}]},{"@type":"WebPage","@id":"https:\/\/siemysli-ke.info\/en\/lasy-amazonii-czekamy-na-veto-prezydent-dilmy\/","url":"https:\/\/siemysli-ke.info\/en\/lasy-amazonii-czekamy-na-veto-prezydent-dilmy\/","name":"Lasy Amazonii zagro\u017cone - czekamy na veto prezydent Dilmy - SI\u0118 MY\u015aLI","isPartOf":{"@id":"https:\/\/siemysli-ke.info\/en\/#website"},"primaryImageOfPage":{"@id":"https:\/\/siemysli-ke.info\/en\/lasy-amazonii-czekamy-na-veto-prezydent-dilmy\/#primaryimage"},"image":{"@id":"https:\/\/siemysli-ke.info\/en\/lasy-amazonii-czekamy-na-veto-prezydent-dilmy\/#primaryimage"},"thumbnailUrl":"http:\/\/www.bezjarzmowie.info.ke\/test\/wp-content\/uploads\/2012\/05\/VitoraRegia-298x300.jpg","datePublished":"2012-05-24T19:59:30+00:00","dateModified":"2013-11-02T19:55:33+00:00","breadcrumb":{"@id":"https:\/\/siemysli-ke.info\/en\/lasy-amazonii-czekamy-na-veto-prezydent-dilmy\/#breadcrumb"},"inLanguage":"en-US","potentialAction":[{"@type":"ReadAction","target":[["https:\/\/siemysli-ke.info\/en\/lasy-amazonii-czekamy-na-veto-prezydent-dilmy\/"]]}]},{"@type":"ImageObject","inLanguage":"en-US","@id":"https:\/\/siemysli-ke.info\/en\/lasy-amazonii-czekamy-na-veto-prezydent-dilmy\/#primaryimage","url":"http:\/\/www.bezjarzmowie.info.ke\/test\/wp-content\/uploads\/2012\/05\/VitoraRegia-298x300.jpg","contentUrl":"http:\/\/www.bezjarzmowie.info.ke\/test\/wp-content\/uploads\/2012\/05\/VitoraRegia-298x300.jpg"},{"@type":"BreadcrumbList","@id":"https:\/\/siemysli-ke.info\/en\/lasy-amazonii-czekamy-na-veto-prezydent-dilmy\/#breadcrumb","itemListElement":[{"@type":"ListItem","position":1,"name":"Home","item":"https:\/\/siemysli-ke.info\/en\/"},{"@type":"ListItem","position":2,"name":"Lasy Amazonii zagro\u017cone &#8211; czekamy na veto prezydent Dilmy"}]},{"@type":"WebSite","@id":"https:\/\/siemysli-ke.info\/en\/#website","url":"https:\/\/siemysli-ke.info\/en\/","name":"SI\u0118 MY\u015aLI","description":"","publisher":{"@id":"https:\/\/siemysli-ke.info\/en\/#organization"},"potentialAction":[{"@type":"SearchAction","target":{"@type":"EntryPoint","urlTemplate":"https:\/\/siemysli-ke.info\/en\/?s={search_term_string}"},"query-input":{"@type":"PropertyValueSpecification","valueRequired":true,"valueName":"search_term_string"}}],"inLanguage":"en-US"},{"@type":"Organization","@id":"https:\/\/siemysli-ke.info\/en\/#organization","name":"SI\u0118 MY\u015aLI","url":"https:\/\/siemysli-ke.info\/en\/","logo":{"@type":"ImageObject","inLanguage":"en-US","@id":"https:\/\/siemysli-ke.info\/en\/#\/schema\/logo\/image\/","url":"https:\/\/siemysli-ke.info\/wp-content\/uploads\/2025\/05\/99.png","contentUrl":"https:\/\/siemysli-ke.info\/wp-content\/uploads\/2025\/05\/99.png","width":270,"height":204,"caption":"SI\u0118 MY\u015aLI"},"image":{"@id":"https:\/\/siemysli-ke.info\/en\/#\/schema\/logo\/image\/"}},{"@type":"Person","@id":"https:\/\/siemysli-ke.info\/#\/schema\/person\/048295918d7858e90e57d1a2c2b5da74","name":"admin","image":{"@type":"ImageObject","inLanguage":"en-US","@id":"https:\/\/siemysli-ke.info\/en\/#\/schema\/person\/image\/","url":"https:\/\/secure.gravatar.com\/avatar\/9acf729117e1cff813c07ba085b25a76702049ffb5efe3425388cd1a019577de?s=96&d=mm&r=g","contentUrl":"https:\/\/secure.gravatar.com\/avatar\/9acf729117e1cff813c07ba085b25a76702049ffb5efe3425388cd1a019577de?s=96&d=mm&r=g","caption":"admin"},"url":"https:\/\/siemysli-ke.info\/en\/author\/admin\/"}]}},"_links":{"self":[{"href":"https:\/\/siemysli-ke.info\/en\/wp-json\/wp\/v2\/posts\/5357","targetHints":{"allow":["GET"]}}],"collection":[{"href":"https:\/\/siemysli-ke.info\/en\/wp-json\/wp\/v2\/posts"}],"about":[{"href":"https:\/\/siemysli-ke.info\/en\/wp-json\/wp\/v2\/types\/post"}],"author":[{"embeddable":true,"href":"https:\/\/siemysli-ke.info\/en\/wp-json\/wp\/v2\/users\/1"}],"replies":[{"embeddable":true,"href":"https:\/\/siemysli-ke.info\/en\/wp-json\/wp\/v2\/comments?post=5357"}],"version-history":[{"count":0,"href":"https:\/\/siemysli-ke.info\/en\/wp-json\/wp\/v2\/posts\/5357\/revisions"}],"wp:attachment":[{"href":"https:\/\/siemysli-ke.info\/en\/wp-json\/wp\/v2\/media?parent=5357"}],"wp:term":[{"taxonomy":"category","embeddable":true,"href":"https:\/\/siemysli-ke.info\/en\/wp-json\/wp\/v2\/categories?post=5357"},{"taxonomy":"post_tag","embeddable":true,"href":"https:\/\/siemysli-ke.info\/en\/wp-json\/wp\/v2\/tags?post=5357"}],"curies":[{"name":"wp","href":"https:\/\/api.w.org\/{rel}","templated":true}]}}