 {"id":52967,"date":"2026-02-20T23:16:16","date_gmt":"2026-02-20T22:16:16","guid":{"rendered":"https:\/\/siemysli-ke.info\/?p=52967"},"modified":"2026-02-20T23:20:23","modified_gmt":"2026-02-20T22:20:23","slug":"dwie-republiki-i-monarchia-dlaczego-popieram-wszystkie-trzy-ale-wybralem-zycie-w-monarchii-2","status":"publish","type":"post","link":"https:\/\/siemysli-ke.info\/en\/dwie-republiki-i-monarchia-dlaczego-popieram-wszystkie-trzy-ale-wybralem-zycie-w-monarchii-2\/","title":{"rendered":"(Polski) Dwie republiki i monarchia. Dlaczego popieram wszystkie trzy&#8230; ale wybra\u0142em \u017cycie w monarchii (2)"},"content":{"rendered":"<p class=\"qtranxs-available-languages-message qtranxs-available-languages-message-en\">Sorry, this entry is only available in <a href=\"https:\/\/siemysli-ke.info\/pl\/wp-json\/wp\/v2\/posts\/52967\" class=\"qtranxs-available-language-link qtranxs-available-language-link-pl\" title=\"Polski\">Polski<\/a>.<\/p>","protected":false},"excerpt":{"rendered":"<p>Sorry, this entry is only available in Polski.<\/p>\n","protected":false},"author":3,"featured_media":52968,"comment_status":"open","ping_status":"open","sticky":false,"template":"","format":"standard","meta":{"colormag_page_layout":"default_layout","footnotes":""},"categories":[143,17743],"tags":[36730,464,23657,18063,2750,36732,36729,36728,36734,36731,36733],"class_list":["post-52967","post","type-post","status-publish","format-standard","has-post-thumbnail","hentry","category-inne","category-polecane","tag-allah-al-watan-al-malik-bog-ojczyzna-krol","tag-andrzej-filus","tag-karta-praw-stanow-zjednoczonych-united-states-bill-of-rights","tag-kevin-barrett","tag-maroko","tag-mohammed-v","tag-monarchia-w-stylu-marokanskim","tag-muhammad-vi","tag-peter-simpson","tag-tanger","tag-zalozenie-dynastii-idrysydow-w-788-roku"],"yoast_head":"<!-- This site is optimized with the Yoast SEO plugin v25.1 - https:\/\/yoast.com\/wordpress\/plugins\/seo\/ -->\n<title>(Polski) Dwie republiki i monarchia. Dlaczego popieram wszystkie trzy... ale wybra\u0142em \u017cycie w monarchii (2) - SI\u0118 MY\u015aLI<\/title>\n<meta name=\"robots\" content=\"index, follow, max-snippet:-1, max-image-preview:large, max-video-preview:-1\" \/>\n<link rel=\"canonical\" href=\"https:\/\/siemysli-ke.info\/en\/dwie-republiki-i-monarchia-dlaczego-popieram-wszystkie-trzy-ale-wybralem-zycie-w-monarchii-2\/\" \/>\n<meta property=\"og:locale\" content=\"en_US\" \/>\n<meta property=\"og:type\" content=\"article\" \/>\n<meta property=\"og:title\" content=\"(Polski) Dwie republiki i monarchia. Dlaczego popieram wszystkie trzy... ale wybra\u0142em \u017cycie w monarchii (2) - SI\u0118 MY\u015aLI\" \/>\n<meta property=\"og:description\" content=\"Sorry, this entry is only available in Polski.\" \/>\n<meta property=\"og:url\" content=\"https:\/\/siemysli-ke.info\/en\/dwie-republiki-i-monarchia-dlaczego-popieram-wszystkie-trzy-ale-wybralem-zycie-w-monarchii-2\/\" \/>\n<meta property=\"og:site_name\" content=\"SI\u0118 MY\u015aLI\" \/>\n<meta property=\"article:published_time\" content=\"2026-02-20T22:16:16+00:00\" \/>\n<meta property=\"article:modified_time\" content=\"2026-02-20T22:20:23+00:00\" \/>\n<meta property=\"og:image\" content=\"https:\/\/siemysli-ke.info\/wp-content\/uploads\/2026\/02\/Muhammad-VI.jpg\" \/>\n\t<meta property=\"og:image:width\" content=\"474\" \/>\n\t<meta property=\"og:image:height\" content=\"237\" \/>\n\t<meta property=\"og:image:type\" content=\"image\/jpeg\" \/>\n<meta name=\"author\" content=\"...\" \/>\n<meta name=\"twitter:label1\" content=\"Written by\" \/>\n\t<meta name=\"twitter:data1\" content=\"...\" \/>\n\t<meta name=\"twitter:label2\" content=\"Est. reading time\" \/>\n\t<meta name=\"twitter:data2\" content=\"5 minutes\" \/>\n<script type=\"application\/ld+json\" class=\"yoast-schema-graph\">{\"@context\":\"https:\/\/schema.org\",\"@graph\":[{\"@type\":\"Article\",\"@id\":\"https:\/\/siemysli-ke.info\/dwie-republiki-i-monarchia-dlaczego-popieram-wszystkie-trzy-ale-wybralem-zycie-w-monarchii-2\/#article\",\"isPartOf\":{\"@id\":\"https:\/\/siemysli-ke.info\/dwie-republiki-i-monarchia-dlaczego-popieram-wszystkie-trzy-ale-wybralem-zycie-w-monarchii-2\/\"},\"author\":{\"name\":\"...\",\"@id\":\"https:\/\/siemysli-ke.info\/#\/schema\/person\/75326687448d6abf738b156f56385210\"},\"headline\":\"(Polski) Dwie republiki i monarchia. Dlaczego popieram wszystkie trzy&#8230; ale wybra\u0142em \u017cycie w monarchii (2)\",\"datePublished\":\"2026-02-20T22:16:16+00:00\",\"dateModified\":\"2026-02-20T22:20:23+00:00\",\"mainEntityOfPage\":{\"@id\":\"https:\/\/siemysli-ke.info\/dwie-republiki-i-monarchia-dlaczego-popieram-wszystkie-trzy-ale-wybralem-zycie-w-monarchii-2\/\"},\"wordCount\":955,\"commentCount\":0,\"publisher\":{\"@id\":\"https:\/\/siemysli-ke.info\/#organization\"},\"image\":{\"@id\":\"https:\/\/siemysli-ke.info\/dwie-republiki-i-monarchia-dlaczego-popieram-wszystkie-trzy-ale-wybralem-zycie-w-monarchii-2\/#primaryimage\"},\"thumbnailUrl\":\"https:\/\/siemysli-ke.info\/wp-content\/uploads\/2026\/02\/Muhammad-VI.jpg\",\"keywords\":[\"Allah - al-watan - al-malik (B\u00f3g - ojczyzna - kr\u00f3l)\",\"Andrzej Filus\",\"Karta Praw Stan\u00f3w Zjednoczonych (United States Bill of Rights)\",\"Kevin Barrett\",\"Maroko\",\"Mohammed V\",\"monarchia w stylu maroka\u0144skim\",\"Muhammad VI\",\"Peter Simpson\",\"Tanger\",\"za\u0142o\u017cenie dynastii Idrysyd\u00f3w w 788 roku\"],\"articleSection\":[\"Inne\",\"Polecane\"],\"inLanguage\":\"en-US\",\"potentialAction\":[{\"@type\":\"CommentAction\",\"name\":\"Comment\",\"target\":[\"https:\/\/siemysli-ke.info\/dwie-republiki-i-monarchia-dlaczego-popieram-wszystkie-trzy-ale-wybralem-zycie-w-monarchii-2\/#respond\"]}]},{\"@type\":\"WebPage\",\"@id\":\"https:\/\/siemysli-ke.info\/en\/dwie-republiki-i-monarchia-dlaczego-popieram-wszystkie-trzy-ale-wybralem-zycie-w-monarchii-2\/\",\"url\":\"https:\/\/siemysli-ke.info\/en\/dwie-republiki-i-monarchia-dlaczego-popieram-wszystkie-trzy-ale-wybralem-zycie-w-monarchii-2\/\",\"name\":\"(Polski) Dwie republiki i monarchia. Dlaczego popieram wszystkie trzy... ale wybra\u0142em \u017cycie w monarchii (2) - SI\u0118 MY\u015aLI\",\"isPartOf\":{\"@id\":\"https:\/\/siemysli-ke.info\/en\/#website\"},\"primaryImageOfPage\":{\"@id\":\"https:\/\/siemysli-ke.info\/en\/dwie-republiki-i-monarchia-dlaczego-popieram-wszystkie-trzy-ale-wybralem-zycie-w-monarchii-2\/#primaryimage\"},\"image\":{\"@id\":\"https:\/\/siemysli-ke.info\/dwie-republiki-i-monarchia-dlaczego-popieram-wszystkie-trzy-ale-wybralem-zycie-w-monarchii-2\/#primaryimage\"},\"thumbnailUrl\":\"https:\/\/siemysli-ke.info\/wp-content\/uploads\/2026\/02\/Muhammad-VI.jpg\",\"datePublished\":\"2026-02-20T22:16:16+00:00\",\"dateModified\":\"2026-02-20T22:20:23+00:00\",\"breadcrumb\":{\"@id\":\"https:\/\/siemysli-ke.info\/en\/dwie-republiki-i-monarchia-dlaczego-popieram-wszystkie-trzy-ale-wybralem-zycie-w-monarchii-2\/#breadcrumb\"},\"inLanguage\":\"en-US\",\"potentialAction\":[{\"@type\":\"ReadAction\",\"target\":[[\"https:\/\/siemysli-ke.info\/en\/dwie-republiki-i-monarchia-dlaczego-popieram-wszystkie-trzy-ale-wybralem-zycie-w-monarchii-2\/\"]]}]},{\"@type\":\"ImageObject\",\"inLanguage\":\"en-US\",\"@id\":\"https:\/\/siemysli-ke.info\/en\/dwie-republiki-i-monarchia-dlaczego-popieram-wszystkie-trzy-ale-wybralem-zycie-w-monarchii-2\/#primaryimage\",\"url\":\"https:\/\/siemysli-ke.info\/wp-content\/uploads\/2026\/02\/Muhammad-VI.jpg\",\"contentUrl\":\"https:\/\/siemysli-ke.info\/wp-content\/uploads\/2026\/02\/Muhammad-VI.jpg\",\"width\":474,\"height\":237},{\"@type\":\"BreadcrumbList\",\"@id\":\"https:\/\/siemysli-ke.info\/en\/dwie-republiki-i-monarchia-dlaczego-popieram-wszystkie-trzy-ale-wybralem-zycie-w-monarchii-2\/#breadcrumb\",\"itemListElement\":[{\"@type\":\"ListItem\",\"position\":1,\"name\":\"Home\",\"item\":\"https:\/\/siemysli-ke.info\/en\/\"},{\"@type\":\"ListItem\",\"position\":2,\"name\":\"Dwie republiki i monarchia. Dlaczego popieram wszystkie trzy&#8230; ale wybra\u0142em \u017cycie w monarchii (2)\"}]},{\"@type\":\"WebSite\",\"@id\":\"https:\/\/siemysli-ke.info\/en\/#website\",\"url\":\"https:\/\/siemysli-ke.info\/en\/\",\"name\":\"SI\u0118 MY\u015aLI\",\"description\":\"\",\"publisher\":{\"@id\":\"https:\/\/siemysli-ke.info\/en\/#organization\"},\"potentialAction\":[{\"@type\":\"SearchAction\",\"target\":{\"@type\":\"EntryPoint\",\"urlTemplate\":\"https:\/\/siemysli-ke.info\/en\/?s={search_term_string}\"},\"query-input\":{\"@type\":\"PropertyValueSpecification\",\"valueRequired\":true,\"valueName\":\"search_term_string\"}}],\"inLanguage\":\"en-US\"},{\"@type\":\"Organization\",\"@id\":\"https:\/\/siemysli-ke.info\/en\/#organization\",\"name\":\"SI\u0118 MY\u015aLI\",\"url\":\"https:\/\/siemysli-ke.info\/en\/\",\"logo\":{\"@type\":\"ImageObject\",\"inLanguage\":\"en-US\",\"@id\":\"https:\/\/siemysli-ke.info\/en\/#\/schema\/logo\/image\/\",\"url\":\"https:\/\/siemysli-ke.info\/wp-content\/uploads\/2025\/05\/99.png\",\"contentUrl\":\"https:\/\/siemysli-ke.info\/wp-content\/uploads\/2025\/05\/99.png\",\"width\":270,\"height\":204,\"caption\":\"SI\u0118 MY\u015aLI\"},\"image\":{\"@id\":\"https:\/\/siemysli-ke.info\/en\/#\/schema\/logo\/image\/\"}},{\"@type\":\"Person\",\"@id\":\"https:\/\/siemysli-ke.info\/#\/schema\/person\/75326687448d6abf738b156f56385210\",\"name\":\"...\",\"image\":{\"@type\":\"ImageObject\",\"inLanguage\":\"en-US\",\"@id\":\"https:\/\/siemysli-ke.info\/en\/#\/schema\/person\/image\/\",\"url\":\"https:\/\/secure.gravatar.com\/avatar\/33a3c2559155e1b4add65cf88cafda785aeb920f44b97c7055b07866ab5b13c2?s=96&d=mm&r=g\",\"contentUrl\":\"https:\/\/secure.gravatar.com\/avatar\/33a3c2559155e1b4add65cf88cafda785aeb920f44b97c7055b07866ab5b13c2?s=96&d=mm&r=g\",\"caption\":\"...\"},\"url\":\"https:\/\/siemysli-ke.info\/en\/author\/lele\/\"}]}<\/script>\n<!-- \/ Yoast SEO plugin. -->","yoast_head_json":{"title":"(Polski) Dwie republiki i monarchia. Dlaczego popieram wszystkie trzy... ale wybra\u0142em \u017cycie w monarchii (2) - SI\u0118 MY\u015aLI","robots":{"index":"index","follow":"follow","max-snippet":"max-snippet:-1","max-image-preview":"max-image-preview:large","max-video-preview":"max-video-preview:-1"},"canonical":"https:\/\/siemysli-ke.info\/en\/dwie-republiki-i-monarchia-dlaczego-popieram-wszystkie-trzy-ale-wybralem-zycie-w-monarchii-2\/","og_locale":"en_US","og_type":"article","og_title":"(Polski) Dwie republiki i monarchia. Dlaczego popieram wszystkie trzy... ale wybra\u0142em \u017cycie w monarchii (2) - SI\u0118 MY\u015aLI","og_description":"Sorry, this entry is only available in Polski.","og_url":"https:\/\/siemysli-ke.info\/en\/dwie-republiki-i-monarchia-dlaczego-popieram-wszystkie-trzy-ale-wybralem-zycie-w-monarchii-2\/","og_site_name":"SI\u0118 MY\u015aLI","article_published_time":"2026-02-20T22:16:16+00:00","article_modified_time":"2026-02-20T22:20:23+00:00","og_image":[{"width":474,"height":237,"url":"https:\/\/siemysli-ke.info\/wp-content\/uploads\/2026\/02\/Muhammad-VI.jpg","type":"image\/jpeg"}],"author":"...","twitter_misc":{"Written by":"...","Est. reading time":"5 minutes"},"schema":{"@context":"https:\/\/schema.org","@graph":[{"@type":"Article","@id":"https:\/\/siemysli-ke.info\/dwie-republiki-i-monarchia-dlaczego-popieram-wszystkie-trzy-ale-wybralem-zycie-w-monarchii-2\/#article","isPartOf":{"@id":"https:\/\/siemysli-ke.info\/dwie-republiki-i-monarchia-dlaczego-popieram-wszystkie-trzy-ale-wybralem-zycie-w-monarchii-2\/"},"author":{"name":"...","@id":"https:\/\/siemysli-ke.info\/#\/schema\/person\/75326687448d6abf738b156f56385210"},"headline":"(Polski) Dwie republiki i monarchia. Dlaczego popieram wszystkie trzy&#8230; ale wybra\u0142em \u017cycie w monarchii (2)","datePublished":"2026-02-20T22:16:16+00:00","dateModified":"2026-02-20T22:20:23+00:00","mainEntityOfPage":{"@id":"https:\/\/siemysli-ke.info\/dwie-republiki-i-monarchia-dlaczego-popieram-wszystkie-trzy-ale-wybralem-zycie-w-monarchii-2\/"},"wordCount":955,"commentCount":0,"publisher":{"@id":"https:\/\/siemysli-ke.info\/#organization"},"image":{"@id":"https:\/\/siemysli-ke.info\/dwie-republiki-i-monarchia-dlaczego-popieram-wszystkie-trzy-ale-wybralem-zycie-w-monarchii-2\/#primaryimage"},"thumbnailUrl":"https:\/\/siemysli-ke.info\/wp-content\/uploads\/2026\/02\/Muhammad-VI.jpg","keywords":["Allah - al-watan - al-malik (B\u00f3g - ojczyzna - kr\u00f3l)","Andrzej Filus","Karta Praw Stan\u00f3w Zjednoczonych (United States Bill of Rights)","Kevin Barrett","Maroko","Mohammed V","monarchia w stylu maroka\u0144skim","Muhammad VI","Peter Simpson","Tanger","za\u0142o\u017cenie dynastii Idrysyd\u00f3w w 788 roku"],"articleSection":["Inne","Polecane"],"inLanguage":"en-US","potentialAction":[{"@type":"CommentAction","name":"Comment","target":["https:\/\/siemysli-ke.info\/dwie-republiki-i-monarchia-dlaczego-popieram-wszystkie-trzy-ale-wybralem-zycie-w-monarchii-2\/#respond"]}]},{"@type":"WebPage","@id":"https:\/\/siemysli-ke.info\/en\/dwie-republiki-i-monarchia-dlaczego-popieram-wszystkie-trzy-ale-wybralem-zycie-w-monarchii-2\/","url":"https:\/\/siemysli-ke.info\/en\/dwie-republiki-i-monarchia-dlaczego-popieram-wszystkie-trzy-ale-wybralem-zycie-w-monarchii-2\/","name":"(Polski) Dwie republiki i monarchia. Dlaczego popieram wszystkie trzy... ale wybra\u0142em \u017cycie w monarchii (2) - SI\u0118 MY\u015aLI","isPartOf":{"@id":"https:\/\/siemysli-ke.info\/en\/#website"},"primaryImageOfPage":{"@id":"https:\/\/siemysli-ke.info\/en\/dwie-republiki-i-monarchia-dlaczego-popieram-wszystkie-trzy-ale-wybralem-zycie-w-monarchii-2\/#primaryimage"},"image":{"@id":"https:\/\/siemysli-ke.info\/dwie-republiki-i-monarchia-dlaczego-popieram-wszystkie-trzy-ale-wybralem-zycie-w-monarchii-2\/#primaryimage"},"thumbnailUrl":"https:\/\/siemysli-ke.info\/wp-content\/uploads\/2026\/02\/Muhammad-VI.jpg","datePublished":"2026-02-20T22:16:16+00:00","dateModified":"2026-02-20T22:20:23+00:00","breadcrumb":{"@id":"https:\/\/siemysli-ke.info\/en\/dwie-republiki-i-monarchia-dlaczego-popieram-wszystkie-trzy-ale-wybralem-zycie-w-monarchii-2\/#breadcrumb"},"inLanguage":"en-US","potentialAction":[{"@type":"ReadAction","target":[["https:\/\/siemysli-ke.info\/en\/dwie-republiki-i-monarchia-dlaczego-popieram-wszystkie-trzy-ale-wybralem-zycie-w-monarchii-2\/"]]}]},{"@type":"ImageObject","inLanguage":"en-US","@id":"https:\/\/siemysli-ke.info\/en\/dwie-republiki-i-monarchia-dlaczego-popieram-wszystkie-trzy-ale-wybralem-zycie-w-monarchii-2\/#primaryimage","url":"https:\/\/siemysli-ke.info\/wp-content\/uploads\/2026\/02\/Muhammad-VI.jpg","contentUrl":"https:\/\/siemysli-ke.info\/wp-content\/uploads\/2026\/02\/Muhammad-VI.jpg","width":474,"height":237},{"@type":"BreadcrumbList","@id":"https:\/\/siemysli-ke.info\/en\/dwie-republiki-i-monarchia-dlaczego-popieram-wszystkie-trzy-ale-wybralem-zycie-w-monarchii-2\/#breadcrumb","itemListElement":[{"@type":"ListItem","position":1,"name":"Home","item":"https:\/\/siemysli-ke.info\/en\/"},{"@type":"ListItem","position":2,"name":"Dwie republiki i monarchia. Dlaczego popieram wszystkie trzy&#8230; ale wybra\u0142em \u017cycie w monarchii (2)"}]},{"@type":"WebSite","@id":"https:\/\/siemysli-ke.info\/en\/#website","url":"https:\/\/siemysli-ke.info\/en\/","name":"SI\u0118 MY\u015aLI","description":"","publisher":{"@id":"https:\/\/siemysli-ke.info\/en\/#organization"},"potentialAction":[{"@type":"SearchAction","target":{"@type":"EntryPoint","urlTemplate":"https:\/\/siemysli-ke.info\/en\/?s={search_term_string}"},"query-input":{"@type":"PropertyValueSpecification","valueRequired":true,"valueName":"search_term_string"}}],"inLanguage":"en-US"},{"@type":"Organization","@id":"https:\/\/siemysli-ke.info\/en\/#organization","name":"SI\u0118 MY\u015aLI","url":"https:\/\/siemysli-ke.info\/en\/","logo":{"@type":"ImageObject","inLanguage":"en-US","@id":"https:\/\/siemysli-ke.info\/en\/#\/schema\/logo\/image\/","url":"https:\/\/siemysli-ke.info\/wp-content\/uploads\/2025\/05\/99.png","contentUrl":"https:\/\/siemysli-ke.info\/wp-content\/uploads\/2025\/05\/99.png","width":270,"height":204,"caption":"SI\u0118 MY\u015aLI"},"image":{"@id":"https:\/\/siemysli-ke.info\/en\/#\/schema\/logo\/image\/"}},{"@type":"Person","@id":"https:\/\/siemysli-ke.info\/#\/schema\/person\/75326687448d6abf738b156f56385210","name":"...","image":{"@type":"ImageObject","inLanguage":"en-US","@id":"https:\/\/siemysli-ke.info\/en\/#\/schema\/person\/image\/","url":"https:\/\/secure.gravatar.com\/avatar\/33a3c2559155e1b4add65cf88cafda785aeb920f44b97c7055b07866ab5b13c2?s=96&d=mm&r=g","contentUrl":"https:\/\/secure.gravatar.com\/avatar\/33a3c2559155e1b4add65cf88cafda785aeb920f44b97c7055b07866ab5b13c2?s=96&d=mm&r=g","caption":"..."},"url":"https:\/\/siemysli-ke.info\/en\/author\/lele\/"}]}},"_links":{"self":[{"href":"https:\/\/siemysli-ke.info\/en\/wp-json\/wp\/v2\/posts\/52967","targetHints":{"allow":["GET"]}}],"collection":[{"href":"https:\/\/siemysli-ke.info\/en\/wp-json\/wp\/v2\/posts"}],"about":[{"href":"https:\/\/siemysli-ke.info\/en\/wp-json\/wp\/v2\/types\/post"}],"author":[{"embeddable":true,"href":"https:\/\/siemysli-ke.info\/en\/wp-json\/wp\/v2\/users\/3"}],"replies":[{"embeddable":true,"href":"https:\/\/siemysli-ke.info\/en\/wp-json\/wp\/v2\/comments?post=52967"}],"version-history":[{"count":2,"href":"https:\/\/siemysli-ke.info\/en\/wp-json\/wp\/v2\/posts\/52967\/revisions"}],"predecessor-version":[{"id":52970,"href":"https:\/\/siemysli-ke.info\/en\/wp-json\/wp\/v2\/posts\/52967\/revisions\/52970"}],"wp:featuredmedia":[{"embeddable":true,"href":"https:\/\/siemysli-ke.info\/en\/wp-json\/wp\/v2\/media\/52968"}],"wp:attachment":[{"href":"https:\/\/siemysli-ke.info\/en\/wp-json\/wp\/v2\/media?parent=52967"}],"wp:term":[{"taxonomy":"category","embeddable":true,"href":"https:\/\/siemysli-ke.info\/en\/wp-json\/wp\/v2\/categories?post=52967"},{"taxonomy":"post_tag","embeddable":true,"href":"https:\/\/siemysli-ke.info\/en\/wp-json\/wp\/v2\/tags?post=52967"}],"curies":[{"name":"wp","href":"https:\/\/api.w.org\/{rel}","templated":true}]}}