 {"id":5214,"date":"2012-05-18T21:24:11","date_gmt":"2012-05-18T21:24:11","guid":{"rendered":"http:\/\/www.bezjarzmowie.info.ke\/test\/?p=5214"},"modified":"2013-11-02T21:19:27","modified_gmt":"2013-11-02T20:19:27","slug":"avaaz-g8-a-zmiany-klimatyczne","status":"publish","type":"post","link":"https:\/\/siemysli-ke.info\/en\/avaaz-g8-a-zmiany-klimatyczne\/","title":{"rendered":"AVAAZ, G8 a zmiany klimatyczne"},"content":{"rendered":"<p>&nbsp;<\/p>\n<p style=\"text-align: justify\"><span style=\"font-size: small\">Drodzy Przyjaciele,<\/span><\/p>\n<p style=\"text-align: justify\"><span style=\"font-size: small\"><strong>\u00a0\u00a0\u00a0\u00a0\u00a0\u00a0\u00a0\u00a0\u00a0\u00a0\u00a0\u00a0\u00a0\u00a0\u00a0\u00a0\u00a0\u00a0\u00a0\u00a0\u00a0\u00a0\u00a0\u00a0\u00a0\u00a0\u00a0\u00a0\u00a0\u00a0\u00a0\u00a0\u00a0\u00a0\u00a0\u00a0\u00a0\u00a0 w ten weekend, o\u015bmiu najbardziej wp\u0142ywowych lider\u00f3w \u015bwiata spotka si\u0119 na szczycie G8, na kt\u00f3rym mogliby wypracowa\u0107 plan reform, powstrzymuj\u0105cy zmiany klimatyczne!<\/strong><\/span><\/p>\n<p style=\"text-align: justify\"><span style=\"font-size: small\"><strong>Cho\u0107 mo\u017ce trudno w to uwierzy\u0107, nasze rz\u0105dy p\u0142ac\u0105 przemys\u0142owi wydobywaj\u0105cemu i przetwarzaj\u0105cemu rop\u0119 i w\u0119giel rocznie prawie trylion dolar\u00f3w z naszych podatk\u00f3w za regularne niszczenie naszej planety.<\/strong> Najwi\u0119ksi przyw\u00f3dcy \u015bwiatowi, w tym prezydent Obama, kt\u00f3ry b\u0119dzie gospodarzem spotkania G8, zgodzili si\u0119 ju\u017c na powstrzymanie tych zanieczyszczonych subsydi\u00f3w. Gdyby uda\u0142o nam si\u0119 wywrze\u0107 na nich odpowiedni\u0105 presj\u0119, by dotrzymali s\u0142owa i przekazali te ogromne fundusze na energi\u0119 odnawialn\u0105, to jak twierdz\u0105 eksperci &#8211; mogliby\u015bmy ochroni\u0107 nasz\u0105 planet\u0119!<\/span><\/p>\n<p style=\"text-align: justify\"><span style=\"font-size: small\"><!--more--><\/span><\/p>\n<p style=\"text-align: justify\"><span style=\"font-size: small\"><strong>Konieczno\u015b\u0107 tych zmian nie podlega dyskusji,<\/strong> z czym zgadzaj\u0105 si\u0119 ju\u017c najwi\u0119ksi \u015bwiatowi przyw\u00f3dcy. Czas nadepn\u0105\u0107 im na odcisk i zmusi\u0107 prezydenta Obam\u0119, by przeprowadzi\u0142 najwi\u0119ksze gospodarki tego \u015bwiata z zanieczyszczonej do zielonej strefy. <strong>Podpisz nagl\u0105c\u0105 petycj\u0119 po prawej stronie i pom\u00f3\u017c nam nag\u0142o\u015bni\u0107 t\u0119 spraw\u0119 <\/strong>&#8211; nasza kampania mo\u017ce zmusi\u0107 przyw\u00f3dc\u00f3w do przej\u015bcia od s\u0142\u00f3w do czyn\u00f3w.<\/span><\/p>\n<p style=\"text-align: justify\"><span style=\"font-size: small\"><a href=\"http:\/\/avaaz.org\/pl\/a_new_plan_to_save_the_planet\/\" target=\"_blank\">http:\/\/avaaz.org\/pl\/a_new_plan_to_save_the_planet\/<\/a><\/span><\/p>\n<p><span style=\"font-size: small\">Jedynym powodem dla kt\u00f3rego ca\u0142y czas finansujemy \u201eBig Oil\u201d jest fakt, \u017ce ich lobby\u015bci trzymaj\u0105 nasze rz\u0105dy za gard\u0142o. Ale je\u015bli <strong>za\u017c\u0105damy, by nasze pieni\u0105dze zosta\u0142y przeznaczone na cele ekologiczne, powi\u0119kszymy bud\u017cet zielonej strefy do 400% <\/strong>sprawiaj\u0105c, \u017ce energia s\u0142oneczna czy energia wiatru b\u0119d\u0105 ta\u0144sze ni\u017c ropa czy w\u0119giel. &#8211; Przy okazji uratujemy nasz\u0105 planet\u0119!<\/span><\/p>\n<p style=\"text-align: justify\"><span style=\"font-size: small\"><strong>Zmiany klimatyczne zasz\u0142y ju\u017c tak daleko, \u017ce nied\u0142ugo nie b\u0119dzie odwrotu. To ostatni gwizdek, aby uratowa\u0107 nas wszystkich przed katastrof\u0105, a mi\u0119dzynarodowe porozumienie w tej sprawie jest jeszcze w powijakach<\/strong>. Na szcz\u0119\u015bcie, teraz jest na podobne zmiany idealny moment. Nowa Zelandia, Meksyk i Szwajcaria domagaj\u0105 si\u0119 podpisania takiej umowy, a decydenci z 20 kraj\u00f3w \u015bwiata, m.in. USA, Brazylii, Chin og\u0142osili wsparcie dla ewentualnych zmian. Wszyscy przyw\u00f3dcy G8 publicznie zobowi\u0105zali si\u0119 r\u00f3wnie\u017c do walki z brudnymi subsydiami, a Prezydent Obama otwarcie m\u00f3wi o pr\u00f3bie ich zwalczenia.<\/span><\/p>\n<p style=\"text-align: justify\"><span style=\"font-size: small\"><strong>Nasza planeta w zatrwa\u017caj\u0105cym tempie ulega zniszczeniu, a przed nami ostatnia szansa by zapobiec totalnej katastrofie<\/strong>. Je\u015bli jednak nie uda nam si\u0119 zebra\u0107 wystarczaj\u0105co du\u017cego poparcia, silne lobby uciszy wszelkie propozycje zmian. Teraz to od nas zale\u017cy czy uda nam si\u0119 im sprzeciwi\u0107. Zosta\u0142y nam tylko trzy dni!<\/span><\/p>\n<p style=\"text-align: justify\"><span style=\"font-size: small\"><strong>Podpisz petycj\u0119<\/strong>: <a href=\"http:\/\/avaaz.org\/pl\/a_new_plan_to_save_the_planet\/\" target=\"_blank\">http:\/\/avaaz.org\/pl\/a_new_plan_to_save_the_planet\/<\/a><\/span><\/p>\n<p style=\"text-align: justify\"><span style=\"font-size: small\">Zbyt d\u0142ugo ju\u017c, post\u0119p w sprawie walki ze zmianami klimatu powstrzymywany jest przez \u201eBig Oil, Coal and Gas\u201d. Na ca\u0142e szcz\u0119\u015bcie kolejne rz\u0105dy zdaj\u0105 sobie stopniowo spraw\u0119 z tego, \u017ce ci\u0119cie subsydi\u00f3w wesprze walk\u0119 o nasz\u0105 planet\u0119 i przywr\u00f3ci balans w globalnej ekonomii. Je\u015bli przem\u00f3wimy, by\u0107 mo\u017ce uda nam si\u0119 zmusi\u0107 naszych przyw\u00f3dc\u00f3w do dzia\u0142ania.<\/span><\/p>\n<p align=\"right\">\u00a0<\/p>\n<p align=\"right\"><span style=\"font-size: small\">Z nadziej\u0105,<\/span><\/p>\n<p><span style=\"font-size: medium\"><strong>Iain, Joseph, Alice, Ricken, Diego, Kya<\/strong><\/span> <span style=\"font-size: small\">oraz ca\u0142y<\/span> <span style=\"font-size: medium\"><strong>Zesp\u00f3\u0142 Avaaz<\/strong><\/span><\/p>\n<p style=\"text-align: left\" align=\"right\">\u00a0<\/p>\n<p><strong>Wi\u0119cej informacji:<\/strong><\/p>\n<p>Unia Europejska na szczycie G8 w Camp David (USA)<br \/>\n<a href=\"http:\/\/europa.eu\/rapid\/pressReleasesAction.do?reference=IP\/12\/480&amp;format=HTML&amp;aged=0&amp;language=PL&amp;guiLanguage=fr\" target=\"_blank\">http:\/\/europa.eu\/rapid\/pressReleasesAction.do?reference=IP\/12\/480&amp;format=HTML&amp;aged=0&amp;language=PL&amp;guiLanguage=fr<\/a><\/p>\n","protected":false},"excerpt":{"rendered":"<p>&nbsp; Drodzy Przyjaciele, \u00a0\u00a0\u00a0\u00a0\u00a0\u00a0\u00a0\u00a0\u00a0\u00a0\u00a0\u00a0\u00a0\u00a0\u00a0\u00a0\u00a0\u00a0\u00a0\u00a0\u00a0\u00a0\u00a0\u00a0\u00a0\u00a0\u00a0\u00a0\u00a0\u00a0\u00a0\u00a0\u00a0\u00a0\u00a0\u00a0\u00a0\u00a0 w ten weekend, o\u015bmiu najbardziej wp\u0142ywowych lider\u00f3w \u015bwiata spotka si\u0119 na szczycie G8, na kt\u00f3rym mogliby<\/p>\n","protected":false},"author":1,"featured_media":0,"comment_status":"open","ping_status":"open","sticky":false,"template":"","format":"standard","meta":{"colormag_page_layout":"default_layout","footnotes":""},"categories":[143],"tags":[],"class_list":["post-5214","post","type-post","status-publish","format-standard","hentry","category-inne"],"yoast_head":"<!-- This site is optimized with the Yoast SEO plugin v25.1 - https:\/\/yoast.com\/wordpress\/plugins\/seo\/ -->\n<title>AVAAZ, G8 a zmiany klimatyczne - SI\u0118 MY\u015aLI<\/title>\n<meta name=\"robots\" content=\"index, follow, max-snippet:-1, max-image-preview:large, max-video-preview:-1\" \/>\n<link rel=\"canonical\" href=\"https:\/\/siemysli-ke.info\/en\/avaaz-g8-a-zmiany-klimatyczne\/\" \/>\n<meta property=\"og:locale\" content=\"en_US\" \/>\n<meta property=\"og:type\" content=\"article\" \/>\n<meta property=\"og:title\" content=\"AVAAZ, G8 a zmiany klimatyczne - SI\u0118 MY\u015aLI\" \/>\n<meta property=\"og:description\" content=\"&nbsp; Drodzy Przyjaciele, \u00a0\u00a0\u00a0\u00a0\u00a0\u00a0\u00a0\u00a0\u00a0\u00a0\u00a0\u00a0\u00a0\u00a0\u00a0\u00a0\u00a0\u00a0\u00a0\u00a0\u00a0\u00a0\u00a0\u00a0\u00a0\u00a0\u00a0\u00a0\u00a0\u00a0\u00a0\u00a0\u00a0\u00a0\u00a0\u00a0\u00a0\u00a0 w ten weekend, o\u015bmiu najbardziej wp\u0142ywowych lider\u00f3w \u015bwiata spotka si\u0119 na szczycie G8, na kt\u00f3rym mogliby\" \/>\n<meta property=\"og:url\" content=\"https:\/\/siemysli-ke.info\/en\/avaaz-g8-a-zmiany-klimatyczne\/\" \/>\n<meta property=\"og:site_name\" content=\"SI\u0118 MY\u015aLI\" \/>\n<meta property=\"article:published_time\" content=\"2012-05-18T21:24:11+00:00\" \/>\n<meta property=\"article:modified_time\" content=\"2013-11-02T20:19:27+00:00\" \/>\n<meta name=\"author\" content=\"admin\" \/>\n<meta name=\"twitter:label1\" content=\"Written by\" \/>\n\t<meta name=\"twitter:data1\" content=\"admin\" \/>\n\t<meta name=\"twitter:label2\" content=\"Est. reading time\" \/>\n\t<meta name=\"twitter:data2\" content=\"3 minutes\" \/>\n<script type=\"application\/ld+json\" class=\"yoast-schema-graph\">{\"@context\":\"https:\/\/schema.org\",\"@graph\":[{\"@type\":\"Article\",\"@id\":\"https:\/\/siemysli-ke.info\/en\/avaaz-g8-a-zmiany-klimatyczne\/#article\",\"isPartOf\":{\"@id\":\"https:\/\/siemysli-ke.info\/en\/avaaz-g8-a-zmiany-klimatyczne\/\"},\"author\":{\"name\":\"admin\",\"@id\":\"https:\/\/siemysli-ke.info\/#\/schema\/person\/048295918d7858e90e57d1a2c2b5da74\"},\"headline\":\"AVAAZ, G8 a zmiany klimatyczne\",\"datePublished\":\"2012-05-18T21:24:11+00:00\",\"dateModified\":\"2013-11-02T20:19:27+00:00\",\"mainEntityOfPage\":{\"@id\":\"https:\/\/siemysli-ke.info\/en\/avaaz-g8-a-zmiany-klimatyczne\/\"},\"wordCount\":558,\"commentCount\":0,\"publisher\":{\"@id\":\"https:\/\/siemysli-ke.info\/#organization\"},\"articleSection\":[\"Inne\"],\"inLanguage\":\"en-US\",\"potentialAction\":[{\"@type\":\"CommentAction\",\"name\":\"Comment\",\"target\":[\"https:\/\/siemysli-ke.info\/en\/avaaz-g8-a-zmiany-klimatyczne\/#respond\"]}]},{\"@type\":\"WebPage\",\"@id\":\"https:\/\/siemysli-ke.info\/en\/avaaz-g8-a-zmiany-klimatyczne\/\",\"url\":\"https:\/\/siemysli-ke.info\/en\/avaaz-g8-a-zmiany-klimatyczne\/\",\"name\":\"AVAAZ, G8 a zmiany klimatyczne - SI\u0118 MY\u015aLI\",\"isPartOf\":{\"@id\":\"https:\/\/siemysli-ke.info\/en\/#website\"},\"datePublished\":\"2012-05-18T21:24:11+00:00\",\"dateModified\":\"2013-11-02T20:19:27+00:00\",\"breadcrumb\":{\"@id\":\"https:\/\/siemysli-ke.info\/en\/avaaz-g8-a-zmiany-klimatyczne\/#breadcrumb\"},\"inLanguage\":\"en-US\",\"potentialAction\":[{\"@type\":\"ReadAction\",\"target\":[[\"https:\/\/siemysli-ke.info\/en\/avaaz-g8-a-zmiany-klimatyczne\/\"]]}]},{\"@type\":\"BreadcrumbList\",\"@id\":\"https:\/\/siemysli-ke.info\/en\/avaaz-g8-a-zmiany-klimatyczne\/#breadcrumb\",\"itemListElement\":[{\"@type\":\"ListItem\",\"position\":1,\"name\":\"Home\",\"item\":\"https:\/\/siemysli-ke.info\/en\/\"},{\"@type\":\"ListItem\",\"position\":2,\"name\":\"AVAAZ, G8 a zmiany klimatyczne\"}]},{\"@type\":\"WebSite\",\"@id\":\"https:\/\/siemysli-ke.info\/en\/#website\",\"url\":\"https:\/\/siemysli-ke.info\/en\/\",\"name\":\"SI\u0118 MY\u015aLI\",\"description\":\"\",\"publisher\":{\"@id\":\"https:\/\/siemysli-ke.info\/en\/#organization\"},\"potentialAction\":[{\"@type\":\"SearchAction\",\"target\":{\"@type\":\"EntryPoint\",\"urlTemplate\":\"https:\/\/siemysli-ke.info\/en\/?s={search_term_string}\"},\"query-input\":{\"@type\":\"PropertyValueSpecification\",\"valueRequired\":true,\"valueName\":\"search_term_string\"}}],\"inLanguage\":\"en-US\"},{\"@type\":\"Organization\",\"@id\":\"https:\/\/siemysli-ke.info\/en\/#organization\",\"name\":\"SI\u0118 MY\u015aLI\",\"url\":\"https:\/\/siemysli-ke.info\/en\/\",\"logo\":{\"@type\":\"ImageObject\",\"inLanguage\":\"en-US\",\"@id\":\"https:\/\/siemysli-ke.info\/en\/#\/schema\/logo\/image\/\",\"url\":\"https:\/\/siemysli-ke.info\/wp-content\/uploads\/2025\/05\/99.png\",\"contentUrl\":\"https:\/\/siemysli-ke.info\/wp-content\/uploads\/2025\/05\/99.png\",\"width\":270,\"height\":204,\"caption\":\"SI\u0118 MY\u015aLI\"},\"image\":{\"@id\":\"https:\/\/siemysli-ke.info\/en\/#\/schema\/logo\/image\/\"}},{\"@type\":\"Person\",\"@id\":\"https:\/\/siemysli-ke.info\/#\/schema\/person\/048295918d7858e90e57d1a2c2b5da74\",\"name\":\"admin\",\"image\":{\"@type\":\"ImageObject\",\"inLanguage\":\"en-US\",\"@id\":\"https:\/\/siemysli-ke.info\/en\/#\/schema\/person\/image\/\",\"url\":\"https:\/\/secure.gravatar.com\/avatar\/9acf729117e1cff813c07ba085b25a76702049ffb5efe3425388cd1a019577de?s=96&d=mm&r=g\",\"contentUrl\":\"https:\/\/secure.gravatar.com\/avatar\/9acf729117e1cff813c07ba085b25a76702049ffb5efe3425388cd1a019577de?s=96&d=mm&r=g\",\"caption\":\"admin\"},\"url\":\"https:\/\/siemysli-ke.info\/en\/author\/admin\/\"}]}<\/script>\n<!-- \/ Yoast SEO plugin. -->","yoast_head_json":{"title":"AVAAZ, G8 a zmiany klimatyczne - SI\u0118 MY\u015aLI","robots":{"index":"index","follow":"follow","max-snippet":"max-snippet:-1","max-image-preview":"max-image-preview:large","max-video-preview":"max-video-preview:-1"},"canonical":"https:\/\/siemysli-ke.info\/en\/avaaz-g8-a-zmiany-klimatyczne\/","og_locale":"en_US","og_type":"article","og_title":"AVAAZ, G8 a zmiany klimatyczne - SI\u0118 MY\u015aLI","og_description":"&nbsp; Drodzy Przyjaciele, \u00a0\u00a0\u00a0\u00a0\u00a0\u00a0\u00a0\u00a0\u00a0\u00a0\u00a0\u00a0\u00a0\u00a0\u00a0\u00a0\u00a0\u00a0\u00a0\u00a0\u00a0\u00a0\u00a0\u00a0\u00a0\u00a0\u00a0\u00a0\u00a0\u00a0\u00a0\u00a0\u00a0\u00a0\u00a0\u00a0\u00a0\u00a0 w ten weekend, o\u015bmiu najbardziej wp\u0142ywowych lider\u00f3w \u015bwiata spotka si\u0119 na szczycie G8, na kt\u00f3rym mogliby","og_url":"https:\/\/siemysli-ke.info\/en\/avaaz-g8-a-zmiany-klimatyczne\/","og_site_name":"SI\u0118 MY\u015aLI","article_published_time":"2012-05-18T21:24:11+00:00","article_modified_time":"2013-11-02T20:19:27+00:00","author":"admin","twitter_misc":{"Written by":"admin","Est. reading time":"3 minutes"},"schema":{"@context":"https:\/\/schema.org","@graph":[{"@type":"Article","@id":"https:\/\/siemysli-ke.info\/en\/avaaz-g8-a-zmiany-klimatyczne\/#article","isPartOf":{"@id":"https:\/\/siemysli-ke.info\/en\/avaaz-g8-a-zmiany-klimatyczne\/"},"author":{"name":"admin","@id":"https:\/\/siemysli-ke.info\/#\/schema\/person\/048295918d7858e90e57d1a2c2b5da74"},"headline":"AVAAZ, G8 a zmiany klimatyczne","datePublished":"2012-05-18T21:24:11+00:00","dateModified":"2013-11-02T20:19:27+00:00","mainEntityOfPage":{"@id":"https:\/\/siemysli-ke.info\/en\/avaaz-g8-a-zmiany-klimatyczne\/"},"wordCount":558,"commentCount":0,"publisher":{"@id":"https:\/\/siemysli-ke.info\/#organization"},"articleSection":["Inne"],"inLanguage":"en-US","potentialAction":[{"@type":"CommentAction","name":"Comment","target":["https:\/\/siemysli-ke.info\/en\/avaaz-g8-a-zmiany-klimatyczne\/#respond"]}]},{"@type":"WebPage","@id":"https:\/\/siemysli-ke.info\/en\/avaaz-g8-a-zmiany-klimatyczne\/","url":"https:\/\/siemysli-ke.info\/en\/avaaz-g8-a-zmiany-klimatyczne\/","name":"AVAAZ, G8 a zmiany klimatyczne - SI\u0118 MY\u015aLI","isPartOf":{"@id":"https:\/\/siemysli-ke.info\/en\/#website"},"datePublished":"2012-05-18T21:24:11+00:00","dateModified":"2013-11-02T20:19:27+00:00","breadcrumb":{"@id":"https:\/\/siemysli-ke.info\/en\/avaaz-g8-a-zmiany-klimatyczne\/#breadcrumb"},"inLanguage":"en-US","potentialAction":[{"@type":"ReadAction","target":[["https:\/\/siemysli-ke.info\/en\/avaaz-g8-a-zmiany-klimatyczne\/"]]}]},{"@type":"BreadcrumbList","@id":"https:\/\/siemysli-ke.info\/en\/avaaz-g8-a-zmiany-klimatyczne\/#breadcrumb","itemListElement":[{"@type":"ListItem","position":1,"name":"Home","item":"https:\/\/siemysli-ke.info\/en\/"},{"@type":"ListItem","position":2,"name":"AVAAZ, G8 a zmiany klimatyczne"}]},{"@type":"WebSite","@id":"https:\/\/siemysli-ke.info\/en\/#website","url":"https:\/\/siemysli-ke.info\/en\/","name":"SI\u0118 MY\u015aLI","description":"","publisher":{"@id":"https:\/\/siemysli-ke.info\/en\/#organization"},"potentialAction":[{"@type":"SearchAction","target":{"@type":"EntryPoint","urlTemplate":"https:\/\/siemysli-ke.info\/en\/?s={search_term_string}"},"query-input":{"@type":"PropertyValueSpecification","valueRequired":true,"valueName":"search_term_string"}}],"inLanguage":"en-US"},{"@type":"Organization","@id":"https:\/\/siemysli-ke.info\/en\/#organization","name":"SI\u0118 MY\u015aLI","url":"https:\/\/siemysli-ke.info\/en\/","logo":{"@type":"ImageObject","inLanguage":"en-US","@id":"https:\/\/siemysli-ke.info\/en\/#\/schema\/logo\/image\/","url":"https:\/\/siemysli-ke.info\/wp-content\/uploads\/2025\/05\/99.png","contentUrl":"https:\/\/siemysli-ke.info\/wp-content\/uploads\/2025\/05\/99.png","width":270,"height":204,"caption":"SI\u0118 MY\u015aLI"},"image":{"@id":"https:\/\/siemysli-ke.info\/en\/#\/schema\/logo\/image\/"}},{"@type":"Person","@id":"https:\/\/siemysli-ke.info\/#\/schema\/person\/048295918d7858e90e57d1a2c2b5da74","name":"admin","image":{"@type":"ImageObject","inLanguage":"en-US","@id":"https:\/\/siemysli-ke.info\/en\/#\/schema\/person\/image\/","url":"https:\/\/secure.gravatar.com\/avatar\/9acf729117e1cff813c07ba085b25a76702049ffb5efe3425388cd1a019577de?s=96&d=mm&r=g","contentUrl":"https:\/\/secure.gravatar.com\/avatar\/9acf729117e1cff813c07ba085b25a76702049ffb5efe3425388cd1a019577de?s=96&d=mm&r=g","caption":"admin"},"url":"https:\/\/siemysli-ke.info\/en\/author\/admin\/"}]}},"_links":{"self":[{"href":"https:\/\/siemysli-ke.info\/en\/wp-json\/wp\/v2\/posts\/5214","targetHints":{"allow":["GET"]}}],"collection":[{"href":"https:\/\/siemysli-ke.info\/en\/wp-json\/wp\/v2\/posts"}],"about":[{"href":"https:\/\/siemysli-ke.info\/en\/wp-json\/wp\/v2\/types\/post"}],"author":[{"embeddable":true,"href":"https:\/\/siemysli-ke.info\/en\/wp-json\/wp\/v2\/users\/1"}],"replies":[{"embeddable":true,"href":"https:\/\/siemysli-ke.info\/en\/wp-json\/wp\/v2\/comments?post=5214"}],"version-history":[{"count":0,"href":"https:\/\/siemysli-ke.info\/en\/wp-json\/wp\/v2\/posts\/5214\/revisions"}],"wp:attachment":[{"href":"https:\/\/siemysli-ke.info\/en\/wp-json\/wp\/v2\/media?parent=5214"}],"wp:term":[{"taxonomy":"category","embeddable":true,"href":"https:\/\/siemysli-ke.info\/en\/wp-json\/wp\/v2\/categories?post=5214"},{"taxonomy":"post_tag","embeddable":true,"href":"https:\/\/siemysli-ke.info\/en\/wp-json\/wp\/v2\/tags?post=5214"}],"curies":[{"name":"wp","href":"https:\/\/api.w.org\/{rel}","templated":true}]}}