 {"id":43661,"date":"2023-05-23T12:01:54","date_gmt":"2023-05-23T10:01:54","guid":{"rendered":"https:\/\/siemysli-ke.info\/?p=43661"},"modified":"2023-05-23T12:08:17","modified_gmt":"2023-05-23T10:08:17","slug":"dziennikarze-na-ukrainie-nie-czuja-sie-bezpiecznie-3","status":"publish","type":"post","link":"https:\/\/siemysli-ke.info\/en\/dziennikarze-na-ukrainie-nie-czuja-sie-bezpiecznie-3\/","title":{"rendered":"(Polski) Dziennikarze na Ukrainie nie czuj\u0105 si\u0119 bezpiecznie! (3)"},"content":{"rendered":"<p class=\"qtranxs-available-languages-message qtranxs-available-languages-message-en\">Sorry, this entry is only available in <a href=\"https:\/\/siemysli-ke.info\/pl\/wp-json\/wp\/v2\/posts\/43661\" class=\"qtranxs-available-language-link qtranxs-available-language-link-pl\" title=\"Polski\">Polski<\/a>.<\/p>","protected":false},"excerpt":{"rendered":"<p>Sorry, this entry is only available in Polski.<\/p>\n","protected":false},"author":3,"featured_media":43662,"comment_status":"open","ping_status":"open","sticky":false,"template":"","format":"standard","meta":{"colormag_page_layout":"default_layout","footnotes":""},"categories":[143,17743],"tags":[26716,26712,24943,26715,26717,26719,26714,26718,26711,26713,202,26720,26710,26647],"class_list":["post-43661","post","type-post","status-publish","format-standard","has-post-thumbnail","hentry","category-inne","category-polecane","tag-aleksander-karewin","tag-centrum-koordynacyjne-ds-wolnosci-slowa-ukraina","tag-czerkasy-ukr-","tag-dmitrij-dzangirow","tag-jana-taksiur","tag-kanal-telewizyjny-112-ukraina","tag-komitet-ochrony-dziennikarzy-usa","tag-kultura-ponizania-i-braku-szacunku-dla-dziennikarzy","tag-patriota-ukrainy","tag-pawel-wolkow","tag-roman-boryczko","tag-wadim-komarow","tag-wasilij-murawicki","tag-zytomierz"],"yoast_head":"<!-- This site is optimized with the Yoast SEO plugin v25.1 - https:\/\/yoast.com\/wordpress\/plugins\/seo\/ -->\n<title>(Polski) Dziennikarze na Ukrainie nie czuj\u0105 si\u0119 bezpiecznie! (3) - SI\u0118 MY\u015aLI<\/title>\n<meta name=\"robots\" content=\"index, follow, max-snippet:-1, max-image-preview:large, max-video-preview:-1\" \/>\n<link rel=\"canonical\" href=\"https:\/\/siemysli-ke.info\/en\/dziennikarze-na-ukrainie-nie-czuja-sie-bezpiecznie-3\/\" \/>\n<meta property=\"og:locale\" content=\"en_US\" \/>\n<meta property=\"og:type\" content=\"article\" \/>\n<meta property=\"og:title\" content=\"(Polski) Dziennikarze na Ukrainie nie czuj\u0105 si\u0119 bezpiecznie! (3) - SI\u0118 MY\u015aLI\" \/>\n<meta property=\"og:description\" content=\"Sorry, this entry is only available in Polski.\" \/>\n<meta property=\"og:url\" content=\"https:\/\/siemysli-ke.info\/en\/dziennikarze-na-ukrainie-nie-czuja-sie-bezpiecznie-3\/\" \/>\n<meta property=\"og:site_name\" content=\"SI\u0118 MY\u015aLI\" \/>\n<meta property=\"article:published_time\" content=\"2023-05-23T10:01:54+00:00\" \/>\n<meta property=\"article:modified_time\" content=\"2023-05-23T10:08:17+00:00\" \/>\n<meta property=\"og:image\" content=\"https:\/\/siemysli-ke.info\/wp-content\/uploads\/2023\/05\/Sad.png\" \/>\n\t<meta property=\"og:image:width\" content=\"301\" \/>\n\t<meta property=\"og:image:height\" content=\"168\" \/>\n\t<meta property=\"og:image:type\" content=\"image\/png\" \/>\n<meta name=\"author\" content=\"...\" \/>\n<meta name=\"twitter:label1\" content=\"Written by\" \/>\n\t<meta name=\"twitter:data1\" content=\"...\" \/>\n\t<meta name=\"twitter:label2\" content=\"Est. reading time\" \/>\n\t<meta name=\"twitter:data2\" content=\"5 minutes\" \/>\n<script type=\"application\/ld+json\" class=\"yoast-schema-graph\">{\"@context\":\"https:\/\/schema.org\",\"@graph\":[{\"@type\":\"Article\",\"@id\":\"https:\/\/siemysli-ke.info\/en\/dziennikarze-na-ukrainie-nie-czuja-sie-bezpiecznie-3\/#article\",\"isPartOf\":{\"@id\":\"https:\/\/siemysli-ke.info\/en\/dziennikarze-na-ukrainie-nie-czuja-sie-bezpiecznie-3\/\"},\"author\":{\"name\":\"...\",\"@id\":\"https:\/\/siemysli-ke.info\/#\/schema\/person\/75326687448d6abf738b156f56385210\"},\"headline\":\"(Polski) Dziennikarze na Ukrainie nie czuj\u0105 si\u0119 bezpiecznie! (3)\",\"datePublished\":\"2023-05-23T10:01:54+00:00\",\"dateModified\":\"2023-05-23T10:08:17+00:00\",\"mainEntityOfPage\":{\"@id\":\"https:\/\/siemysli-ke.info\/en\/dziennikarze-na-ukrainie-nie-czuja-sie-bezpiecznie-3\/\"},\"wordCount\":922,\"commentCount\":0,\"publisher\":{\"@id\":\"https:\/\/siemysli-ke.info\/#organization\"},\"image\":{\"@id\":\"https:\/\/siemysli-ke.info\/en\/dziennikarze-na-ukrainie-nie-czuja-sie-bezpiecznie-3\/#primaryimage\"},\"thumbnailUrl\":\"https:\/\/siemysli-ke.info\/wp-content\/uploads\/2023\/05\/Sad.png\",\"keywords\":[\"Aleksander Karewin\",\"Centrum Koordynacyjne ds. Wolno\u015bci S\u0142owa (Ukraina)\",\"Czerkasy\u00a0(ukr. \u0427\u0435\u0440\u043a\u0430\u0441\u0438)\",\"Dmitrij D\u017cangirow\",\"Jana Taksiur\",\"kana\u0142 telewizyjny \\\"112 Ukraina\\\"\",\"Komitet Ochrony Dziennikarzy (USA)\",\"kultura poni\u017cania i braku szacunku dla dziennikarzy\",\"patriota Ukrainy\",\"Pawe\u0142 Wo\u0142kow\",\"Roman Boryczko\",\"Wadim Komarow\",\"Wasilij Murawicki\",\"\u017bytomierz\"],\"articleSection\":[\"Inne\",\"Polecane\"],\"inLanguage\":\"en-US\",\"potentialAction\":[{\"@type\":\"CommentAction\",\"name\":\"Comment\",\"target\":[\"https:\/\/siemysli-ke.info\/en\/dziennikarze-na-ukrainie-nie-czuja-sie-bezpiecznie-3\/#respond\"]}]},{\"@type\":\"WebPage\",\"@id\":\"https:\/\/siemysli-ke.info\/en\/dziennikarze-na-ukrainie-nie-czuja-sie-bezpiecznie-3\/\",\"url\":\"https:\/\/siemysli-ke.info\/en\/dziennikarze-na-ukrainie-nie-czuja-sie-bezpiecznie-3\/\",\"name\":\"(Polski) Dziennikarze na Ukrainie nie czuj\u0105 si\u0119 bezpiecznie! (3) - SI\u0118 MY\u015aLI\",\"isPartOf\":{\"@id\":\"https:\/\/siemysli-ke.info\/en\/#website\"},\"primaryImageOfPage\":{\"@id\":\"https:\/\/siemysli-ke.info\/en\/dziennikarze-na-ukrainie-nie-czuja-sie-bezpiecznie-3\/#primaryimage\"},\"image\":{\"@id\":\"https:\/\/siemysli-ke.info\/en\/dziennikarze-na-ukrainie-nie-czuja-sie-bezpiecznie-3\/#primaryimage\"},\"thumbnailUrl\":\"https:\/\/siemysli-ke.info\/wp-content\/uploads\/2023\/05\/Sad.png\",\"datePublished\":\"2023-05-23T10:01:54+00:00\",\"dateModified\":\"2023-05-23T10:08:17+00:00\",\"breadcrumb\":{\"@id\":\"https:\/\/siemysli-ke.info\/en\/dziennikarze-na-ukrainie-nie-czuja-sie-bezpiecznie-3\/#breadcrumb\"},\"inLanguage\":\"en-US\",\"potentialAction\":[{\"@type\":\"ReadAction\",\"target\":[[\"https:\/\/siemysli-ke.info\/en\/dziennikarze-na-ukrainie-nie-czuja-sie-bezpiecznie-3\/\"]]}]},{\"@type\":\"ImageObject\",\"inLanguage\":\"en-US\",\"@id\":\"https:\/\/siemysli-ke.info\/en\/dziennikarze-na-ukrainie-nie-czuja-sie-bezpiecznie-3\/#primaryimage\",\"url\":\"https:\/\/siemysli-ke.info\/wp-content\/uploads\/2023\/05\/Sad.png\",\"contentUrl\":\"https:\/\/siemysli-ke.info\/wp-content\/uploads\/2023\/05\/Sad.png\",\"width\":301,\"height\":168},{\"@type\":\"BreadcrumbList\",\"@id\":\"https:\/\/siemysli-ke.info\/en\/dziennikarze-na-ukrainie-nie-czuja-sie-bezpiecznie-3\/#breadcrumb\",\"itemListElement\":[{\"@type\":\"ListItem\",\"position\":1,\"name\":\"Home\",\"item\":\"https:\/\/siemysli-ke.info\/en\/\"},{\"@type\":\"ListItem\",\"position\":2,\"name\":\"(Polski) Dziennikarze na Ukrainie nie czuj\u0105 si\u0119 bezpiecznie! (3)\"}]},{\"@type\":\"WebSite\",\"@id\":\"https:\/\/siemysli-ke.info\/en\/#website\",\"url\":\"https:\/\/siemysli-ke.info\/en\/\",\"name\":\"SI\u0118 MY\u015aLI\",\"description\":\"\",\"publisher\":{\"@id\":\"https:\/\/siemysli-ke.info\/en\/#organization\"},\"potentialAction\":[{\"@type\":\"SearchAction\",\"target\":{\"@type\":\"EntryPoint\",\"urlTemplate\":\"https:\/\/siemysli-ke.info\/en\/?s={search_term_string}\"},\"query-input\":{\"@type\":\"PropertyValueSpecification\",\"valueRequired\":true,\"valueName\":\"search_term_string\"}}],\"inLanguage\":\"en-US\"},{\"@type\":\"Organization\",\"@id\":\"https:\/\/siemysli-ke.info\/en\/#organization\",\"name\":\"SI\u0118 MY\u015aLI\",\"url\":\"https:\/\/siemysli-ke.info\/en\/\",\"logo\":{\"@type\":\"ImageObject\",\"inLanguage\":\"en-US\",\"@id\":\"https:\/\/siemysli-ke.info\/en\/#\/schema\/logo\/image\/\",\"url\":\"https:\/\/siemysli-ke.info\/wp-content\/uploads\/2025\/05\/99.png\",\"contentUrl\":\"https:\/\/siemysli-ke.info\/wp-content\/uploads\/2025\/05\/99.png\",\"width\":270,\"height\":204,\"caption\":\"SI\u0118 MY\u015aLI\"},\"image\":{\"@id\":\"https:\/\/siemysli-ke.info\/en\/#\/schema\/logo\/image\/\"}},{\"@type\":\"Person\",\"@id\":\"https:\/\/siemysli-ke.info\/#\/schema\/person\/75326687448d6abf738b156f56385210\",\"name\":\"...\",\"image\":{\"@type\":\"ImageObject\",\"inLanguage\":\"en-US\",\"@id\":\"https:\/\/siemysli-ke.info\/en\/#\/schema\/person\/image\/\",\"url\":\"https:\/\/secure.gravatar.com\/avatar\/33a3c2559155e1b4add65cf88cafda785aeb920f44b97c7055b07866ab5b13c2?s=96&d=mm&r=g\",\"contentUrl\":\"https:\/\/secure.gravatar.com\/avatar\/33a3c2559155e1b4add65cf88cafda785aeb920f44b97c7055b07866ab5b13c2?s=96&d=mm&r=g\",\"caption\":\"...\"},\"url\":\"https:\/\/siemysli-ke.info\/en\/author\/lele\/\"}]}<\/script>\n<!-- \/ Yoast SEO plugin. -->","yoast_head_json":{"title":"(Polski) Dziennikarze na Ukrainie nie czuj\u0105 si\u0119 bezpiecznie! (3) - SI\u0118 MY\u015aLI","robots":{"index":"index","follow":"follow","max-snippet":"max-snippet:-1","max-image-preview":"max-image-preview:large","max-video-preview":"max-video-preview:-1"},"canonical":"https:\/\/siemysli-ke.info\/en\/dziennikarze-na-ukrainie-nie-czuja-sie-bezpiecznie-3\/","og_locale":"en_US","og_type":"article","og_title":"(Polski) Dziennikarze na Ukrainie nie czuj\u0105 si\u0119 bezpiecznie! (3) - SI\u0118 MY\u015aLI","og_description":"Sorry, this entry is only available in Polski.","og_url":"https:\/\/siemysli-ke.info\/en\/dziennikarze-na-ukrainie-nie-czuja-sie-bezpiecznie-3\/","og_site_name":"SI\u0118 MY\u015aLI","article_published_time":"2023-05-23T10:01:54+00:00","article_modified_time":"2023-05-23T10:08:17+00:00","og_image":[{"width":301,"height":168,"url":"https:\/\/siemysli-ke.info\/wp-content\/uploads\/2023\/05\/Sad.png","type":"image\/png"}],"author":"...","twitter_misc":{"Written by":"...","Est. reading time":"5 minutes"},"schema":{"@context":"https:\/\/schema.org","@graph":[{"@type":"Article","@id":"https:\/\/siemysli-ke.info\/en\/dziennikarze-na-ukrainie-nie-czuja-sie-bezpiecznie-3\/#article","isPartOf":{"@id":"https:\/\/siemysli-ke.info\/en\/dziennikarze-na-ukrainie-nie-czuja-sie-bezpiecznie-3\/"},"author":{"name":"...","@id":"https:\/\/siemysli-ke.info\/#\/schema\/person\/75326687448d6abf738b156f56385210"},"headline":"(Polski) Dziennikarze na Ukrainie nie czuj\u0105 si\u0119 bezpiecznie! (3)","datePublished":"2023-05-23T10:01:54+00:00","dateModified":"2023-05-23T10:08:17+00:00","mainEntityOfPage":{"@id":"https:\/\/siemysli-ke.info\/en\/dziennikarze-na-ukrainie-nie-czuja-sie-bezpiecznie-3\/"},"wordCount":922,"commentCount":0,"publisher":{"@id":"https:\/\/siemysli-ke.info\/#organization"},"image":{"@id":"https:\/\/siemysli-ke.info\/en\/dziennikarze-na-ukrainie-nie-czuja-sie-bezpiecznie-3\/#primaryimage"},"thumbnailUrl":"https:\/\/siemysli-ke.info\/wp-content\/uploads\/2023\/05\/Sad.png","keywords":["Aleksander Karewin","Centrum Koordynacyjne ds. Wolno\u015bci S\u0142owa (Ukraina)","Czerkasy\u00a0(ukr. \u0427\u0435\u0440\u043a\u0430\u0441\u0438)","Dmitrij D\u017cangirow","Jana Taksiur","kana\u0142 telewizyjny \"112 Ukraina\"","Komitet Ochrony Dziennikarzy (USA)","kultura poni\u017cania i braku szacunku dla dziennikarzy","patriota Ukrainy","Pawe\u0142 Wo\u0142kow","Roman Boryczko","Wadim Komarow","Wasilij Murawicki","\u017bytomierz"],"articleSection":["Inne","Polecane"],"inLanguage":"en-US","potentialAction":[{"@type":"CommentAction","name":"Comment","target":["https:\/\/siemysli-ke.info\/en\/dziennikarze-na-ukrainie-nie-czuja-sie-bezpiecznie-3\/#respond"]}]},{"@type":"WebPage","@id":"https:\/\/siemysli-ke.info\/en\/dziennikarze-na-ukrainie-nie-czuja-sie-bezpiecznie-3\/","url":"https:\/\/siemysli-ke.info\/en\/dziennikarze-na-ukrainie-nie-czuja-sie-bezpiecznie-3\/","name":"(Polski) Dziennikarze na Ukrainie nie czuj\u0105 si\u0119 bezpiecznie! (3) - SI\u0118 MY\u015aLI","isPartOf":{"@id":"https:\/\/siemysli-ke.info\/en\/#website"},"primaryImageOfPage":{"@id":"https:\/\/siemysli-ke.info\/en\/dziennikarze-na-ukrainie-nie-czuja-sie-bezpiecznie-3\/#primaryimage"},"image":{"@id":"https:\/\/siemysli-ke.info\/en\/dziennikarze-na-ukrainie-nie-czuja-sie-bezpiecznie-3\/#primaryimage"},"thumbnailUrl":"https:\/\/siemysli-ke.info\/wp-content\/uploads\/2023\/05\/Sad.png","datePublished":"2023-05-23T10:01:54+00:00","dateModified":"2023-05-23T10:08:17+00:00","breadcrumb":{"@id":"https:\/\/siemysli-ke.info\/en\/dziennikarze-na-ukrainie-nie-czuja-sie-bezpiecznie-3\/#breadcrumb"},"inLanguage":"en-US","potentialAction":[{"@type":"ReadAction","target":[["https:\/\/siemysli-ke.info\/en\/dziennikarze-na-ukrainie-nie-czuja-sie-bezpiecznie-3\/"]]}]},{"@type":"ImageObject","inLanguage":"en-US","@id":"https:\/\/siemysli-ke.info\/en\/dziennikarze-na-ukrainie-nie-czuja-sie-bezpiecznie-3\/#primaryimage","url":"https:\/\/siemysli-ke.info\/wp-content\/uploads\/2023\/05\/Sad.png","contentUrl":"https:\/\/siemysli-ke.info\/wp-content\/uploads\/2023\/05\/Sad.png","width":301,"height":168},{"@type":"BreadcrumbList","@id":"https:\/\/siemysli-ke.info\/en\/dziennikarze-na-ukrainie-nie-czuja-sie-bezpiecznie-3\/#breadcrumb","itemListElement":[{"@type":"ListItem","position":1,"name":"Home","item":"https:\/\/siemysli-ke.info\/en\/"},{"@type":"ListItem","position":2,"name":"(Polski) Dziennikarze na Ukrainie nie czuj\u0105 si\u0119 bezpiecznie! (3)"}]},{"@type":"WebSite","@id":"https:\/\/siemysli-ke.info\/en\/#website","url":"https:\/\/siemysli-ke.info\/en\/","name":"SI\u0118 MY\u015aLI","description":"","publisher":{"@id":"https:\/\/siemysli-ke.info\/en\/#organization"},"potentialAction":[{"@type":"SearchAction","target":{"@type":"EntryPoint","urlTemplate":"https:\/\/siemysli-ke.info\/en\/?s={search_term_string}"},"query-input":{"@type":"PropertyValueSpecification","valueRequired":true,"valueName":"search_term_string"}}],"inLanguage":"en-US"},{"@type":"Organization","@id":"https:\/\/siemysli-ke.info\/en\/#organization","name":"SI\u0118 MY\u015aLI","url":"https:\/\/siemysli-ke.info\/en\/","logo":{"@type":"ImageObject","inLanguage":"en-US","@id":"https:\/\/siemysli-ke.info\/en\/#\/schema\/logo\/image\/","url":"https:\/\/siemysli-ke.info\/wp-content\/uploads\/2025\/05\/99.png","contentUrl":"https:\/\/siemysli-ke.info\/wp-content\/uploads\/2025\/05\/99.png","width":270,"height":204,"caption":"SI\u0118 MY\u015aLI"},"image":{"@id":"https:\/\/siemysli-ke.info\/en\/#\/schema\/logo\/image\/"}},{"@type":"Person","@id":"https:\/\/siemysli-ke.info\/#\/schema\/person\/75326687448d6abf738b156f56385210","name":"...","image":{"@type":"ImageObject","inLanguage":"en-US","@id":"https:\/\/siemysli-ke.info\/en\/#\/schema\/person\/image\/","url":"https:\/\/secure.gravatar.com\/avatar\/33a3c2559155e1b4add65cf88cafda785aeb920f44b97c7055b07866ab5b13c2?s=96&d=mm&r=g","contentUrl":"https:\/\/secure.gravatar.com\/avatar\/33a3c2559155e1b4add65cf88cafda785aeb920f44b97c7055b07866ab5b13c2?s=96&d=mm&r=g","caption":"..."},"url":"https:\/\/siemysli-ke.info\/en\/author\/lele\/"}]}},"_links":{"self":[{"href":"https:\/\/siemysli-ke.info\/en\/wp-json\/wp\/v2\/posts\/43661","targetHints":{"allow":["GET"]}}],"collection":[{"href":"https:\/\/siemysli-ke.info\/en\/wp-json\/wp\/v2\/posts"}],"about":[{"href":"https:\/\/siemysli-ke.info\/en\/wp-json\/wp\/v2\/types\/post"}],"author":[{"embeddable":true,"href":"https:\/\/siemysli-ke.info\/en\/wp-json\/wp\/v2\/users\/3"}],"replies":[{"embeddable":true,"href":"https:\/\/siemysli-ke.info\/en\/wp-json\/wp\/v2\/comments?post=43661"}],"version-history":[{"count":0,"href":"https:\/\/siemysli-ke.info\/en\/wp-json\/wp\/v2\/posts\/43661\/revisions"}],"wp:featuredmedia":[{"embeddable":true,"href":"https:\/\/siemysli-ke.info\/en\/wp-json\/wp\/v2\/media\/43662"}],"wp:attachment":[{"href":"https:\/\/siemysli-ke.info\/en\/wp-json\/wp\/v2\/media?parent=43661"}],"wp:term":[{"taxonomy":"category","embeddable":true,"href":"https:\/\/siemysli-ke.info\/en\/wp-json\/wp\/v2\/categories?post=43661"},{"taxonomy":"post_tag","embeddable":true,"href":"https:\/\/siemysli-ke.info\/en\/wp-json\/wp\/v2\/tags?post=43661"}],"curies":[{"name":"wp","href":"https:\/\/api.w.org\/{rel}","templated":true}]}}