 {"id":43105,"date":"2023-03-09T20:46:19","date_gmt":"2023-03-09T19:46:19","guid":{"rendered":"https:\/\/siemysli-ke.info\/?p=43105"},"modified":"2023-03-09T20:46:19","modified_gmt":"2023-03-09T19:46:19","slug":"dwie-twarze-jednej-skrajnosci","status":"publish","type":"post","link":"https:\/\/siemysli-ke.info\/en\/dwie-twarze-jednej-skrajnosci\/","title":{"rendered":"(Polski) DWIE TWARZE JEDNEJ SKRAJNO\u015aCI"},"content":{"rendered":"<p class=\"qtranxs-available-languages-message qtranxs-available-languages-message-en\">Sorry, this entry is only available in <a href=\"https:\/\/siemysli-ke.info\/pl\/wp-json\/wp\/v2\/posts\/43105\" class=\"qtranxs-available-language-link qtranxs-available-language-link-pl\" title=\"Polski\">Polski<\/a>.<\/p>","protected":false},"excerpt":{"rendered":"<p>Sorry, this entry is only available in Polski.<\/p>\n","protected":false},"author":3,"featured_media":43106,"comment_status":"open","ping_status":"open","sticky":false,"template":"","format":"standard","meta":{"colormag_page_layout":"default_layout","footnotes":""},"categories":[17743,81],"tags":[26020,9429,9430,26018,11507,17030,26021,26016,26023,26022,26015,7845,13124,202,221,26019,26017,26024,6338],"class_list":["post-43105","post","type-post","status-publish","format-standard","has-post-thumbnail","hentry","category-polecane","category-rzeczpospolita","tag-antypolskie-zjednoczenie-swoboda","tag-bartosz-kramek","tag-fundacja-otwarty-dialog","tag-instytut-dziedzictwa-mysli-narodowej-im-romana-dmowskiego-i-ignacego-jana-paderewskiego","tag-ku-klux-klan","tag-ludmila-kozlowska","tag-marsze-organizowane-we-wroclawiu-przez-jacka-miedlara","tag-mecz-slaska-wroclaw-z-lechem-poznan","tag-najdluzsza-zgoda-w-polsce-wsrod-kibicow","tag-najdluzsza-zgoda-w-polsce-wsrod-kibicow-j","tag-poranna-rozmowa-radia-rmf-fm","tag-pulk-azow","tag-robert-bakiewicz","tag-roman-boryczko","tag-ruch-narodowy","tag-straz-narodowa","tag-system-informacyjny-schengen","tag-zakaz-wjazdu-do-strefy-schengen","tag-the-sunday-times"],"yoast_head":"<!-- This site is optimized with the Yoast SEO plugin v25.1 - https:\/\/yoast.com\/wordpress\/plugins\/seo\/ -->\n<title>(Polski) DWIE TWARZE JEDNEJ SKRAJNO\u015aCI - SI\u0118 MY\u015aLI<\/title>\n<meta name=\"robots\" content=\"index, follow, max-snippet:-1, max-image-preview:large, max-video-preview:-1\" \/>\n<link rel=\"canonical\" href=\"https:\/\/siemysli-ke.info\/en\/dwie-twarze-jednej-skrajnosci\/\" \/>\n<meta property=\"og:locale\" content=\"en_US\" \/>\n<meta property=\"og:type\" content=\"article\" \/>\n<meta property=\"og:title\" content=\"(Polski) DWIE TWARZE JEDNEJ SKRAJNO\u015aCI - SI\u0118 MY\u015aLI\" \/>\n<meta property=\"og:description\" content=\"Sorry, this entry is only available in Polski.\" \/>\n<meta property=\"og:url\" content=\"https:\/\/siemysli-ke.info\/en\/dwie-twarze-jednej-skrajnosci\/\" \/>\n<meta property=\"og:site_name\" content=\"SI\u0118 MY\u015aLI\" \/>\n<meta property=\"article:published_time\" content=\"2023-03-09T19:46:19+00:00\" \/>\n<meta property=\"og:image\" content=\"https:\/\/siemysli-ke.info\/wp-content\/uploads\/2023\/03\/WKS-1.jpg\" \/>\n\t<meta property=\"og:image:width\" content=\"768\" \/>\n\t<meta property=\"og:image:height\" content=\"432\" \/>\n\t<meta property=\"og:image:type\" content=\"image\/jpeg\" \/>\n<meta name=\"author\" content=\"...\" \/>\n<meta name=\"twitter:label1\" content=\"Written by\" \/>\n\t<meta name=\"twitter:data1\" content=\"...\" \/>\n\t<meta name=\"twitter:label2\" content=\"Est. reading time\" \/>\n\t<meta name=\"twitter:data2\" content=\"7 minutes\" \/>\n<script type=\"application\/ld+json\" class=\"yoast-schema-graph\">{\"@context\":\"https:\/\/schema.org\",\"@graph\":[{\"@type\":\"Article\",\"@id\":\"https:\/\/siemysli-ke.info\/en\/dwie-twarze-jednej-skrajnosci\/#article\",\"isPartOf\":{\"@id\":\"https:\/\/siemysli-ke.info\/en\/dwie-twarze-jednej-skrajnosci\/\"},\"author\":{\"name\":\"...\",\"@id\":\"https:\/\/siemysli-ke.info\/#\/schema\/person\/75326687448d6abf738b156f56385210\"},\"headline\":\"(Polski) DWIE TWARZE JEDNEJ SKRAJNO\u015aCI\",\"datePublished\":\"2023-03-09T19:46:19+00:00\",\"mainEntityOfPage\":{\"@id\":\"https:\/\/siemysli-ke.info\/en\/dwie-twarze-jednej-skrajnosci\/\"},\"wordCount\":1173,\"commentCount\":0,\"publisher\":{\"@id\":\"https:\/\/siemysli-ke.info\/#organization\"},\"image\":{\"@id\":\"https:\/\/siemysli-ke.info\/en\/dwie-twarze-jednej-skrajnosci\/#primaryimage\"},\"thumbnailUrl\":\"https:\/\/siemysli-ke.info\/wp-content\/uploads\/2023\/03\/WKS-1.jpg\",\"keywords\":[\"antypolskie Zjednoczenie \\\"Swoboda\\\"\",\"Bartosz Kramek\",\"fundacja \\\"Otwarty Dialog\\\"\",\"Instytut Dziedzictwa My\u015bli Narodowej im. Romana Dmowskiego i Ignacego Jana Paderewskiego\",\"Ku Klux Klan\",\"Ludmi\u0142a Koz\u0142owska\",\"marsze organizowane we\u00a0Wroc\u0142awiu przez\u00a0Jacka Mi\u0119dlara\",\"mecz \\\"\u015al\u0105ska\\\" Wroc\u0142aw z \\\"Lechem\\\" Pozna\u0144\",\"najd\u0142u\u017csza \u201ezgoda\u201d w Polsce w\u015br\u00f3d kibic\u00f3w\",\"najd\u0142u\u017csza \u201ezgoda\u201d w Polsce w\u015br\u00f3d kibic\u00f3w j\",\"Poranna rozmowa radia RMF FM\",\"pu\u0142k \\\"Azow\\\"\",\"Robert B\u0105kiewicz\",\"Roman Boryczko\",\"Ruch Narodowy\",\"Stra\u017c Narodowa\",\"System Informacyjny Schengen\",\"zakaz wjazdu do strefy Schengen\",\"\u201eThe Sunday Times\u201d\"],\"articleSection\":[\"Polecane\",\"Rzeczypospolita\"],\"inLanguage\":\"en-US\",\"potentialAction\":[{\"@type\":\"CommentAction\",\"name\":\"Comment\",\"target\":[\"https:\/\/siemysli-ke.info\/en\/dwie-twarze-jednej-skrajnosci\/#respond\"]}]},{\"@type\":\"WebPage\",\"@id\":\"https:\/\/siemysli-ke.info\/en\/dwie-twarze-jednej-skrajnosci\/\",\"url\":\"https:\/\/siemysli-ke.info\/en\/dwie-twarze-jednej-skrajnosci\/\",\"name\":\"(Polski) DWIE TWARZE JEDNEJ SKRAJNO\u015aCI - SI\u0118 MY\u015aLI\",\"isPartOf\":{\"@id\":\"https:\/\/siemysli-ke.info\/en\/#website\"},\"primaryImageOfPage\":{\"@id\":\"https:\/\/siemysli-ke.info\/en\/dwie-twarze-jednej-skrajnosci\/#primaryimage\"},\"image\":{\"@id\":\"https:\/\/siemysli-ke.info\/en\/dwie-twarze-jednej-skrajnosci\/#primaryimage\"},\"thumbnailUrl\":\"https:\/\/siemysli-ke.info\/wp-content\/uploads\/2023\/03\/WKS-1.jpg\",\"datePublished\":\"2023-03-09T19:46:19+00:00\",\"breadcrumb\":{\"@id\":\"https:\/\/siemysli-ke.info\/en\/dwie-twarze-jednej-skrajnosci\/#breadcrumb\"},\"inLanguage\":\"en-US\",\"potentialAction\":[{\"@type\":\"ReadAction\",\"target\":[[\"https:\/\/siemysli-ke.info\/en\/dwie-twarze-jednej-skrajnosci\/\"]]}]},{\"@type\":\"ImageObject\",\"inLanguage\":\"en-US\",\"@id\":\"https:\/\/siemysli-ke.info\/en\/dwie-twarze-jednej-skrajnosci\/#primaryimage\",\"url\":\"https:\/\/siemysli-ke.info\/wp-content\/uploads\/2023\/03\/WKS-1.jpg\",\"contentUrl\":\"https:\/\/siemysli-ke.info\/wp-content\/uploads\/2023\/03\/WKS-1.jpg\",\"width\":768,\"height\":432},{\"@type\":\"BreadcrumbList\",\"@id\":\"https:\/\/siemysli-ke.info\/en\/dwie-twarze-jednej-skrajnosci\/#breadcrumb\",\"itemListElement\":[{\"@type\":\"ListItem\",\"position\":1,\"name\":\"Home\",\"item\":\"https:\/\/siemysli-ke.info\/en\/\"},{\"@type\":\"ListItem\",\"position\":2,\"name\":\"(Polski) DWIE TWARZE JEDNEJ SKRAJNO\u015aCI\"}]},{\"@type\":\"WebSite\",\"@id\":\"https:\/\/siemysli-ke.info\/en\/#website\",\"url\":\"https:\/\/siemysli-ke.info\/en\/\",\"name\":\"SI\u0118 MY\u015aLI\",\"description\":\"\",\"publisher\":{\"@id\":\"https:\/\/siemysli-ke.info\/en\/#organization\"},\"potentialAction\":[{\"@type\":\"SearchAction\",\"target\":{\"@type\":\"EntryPoint\",\"urlTemplate\":\"https:\/\/siemysli-ke.info\/en\/?s={search_term_string}\"},\"query-input\":{\"@type\":\"PropertyValueSpecification\",\"valueRequired\":true,\"valueName\":\"search_term_string\"}}],\"inLanguage\":\"en-US\"},{\"@type\":\"Organization\",\"@id\":\"https:\/\/siemysli-ke.info\/en\/#organization\",\"name\":\"SI\u0118 MY\u015aLI\",\"url\":\"https:\/\/siemysli-ke.info\/en\/\",\"logo\":{\"@type\":\"ImageObject\",\"inLanguage\":\"en-US\",\"@id\":\"https:\/\/siemysli-ke.info\/en\/#\/schema\/logo\/image\/\",\"url\":\"https:\/\/siemysli-ke.info\/wp-content\/uploads\/2025\/05\/99.png\",\"contentUrl\":\"https:\/\/siemysli-ke.info\/wp-content\/uploads\/2025\/05\/99.png\",\"width\":270,\"height\":204,\"caption\":\"SI\u0118 MY\u015aLI\"},\"image\":{\"@id\":\"https:\/\/siemysli-ke.info\/en\/#\/schema\/logo\/image\/\"}},{\"@type\":\"Person\",\"@id\":\"https:\/\/siemysli-ke.info\/#\/schema\/person\/75326687448d6abf738b156f56385210\",\"name\":\"...\",\"image\":{\"@type\":\"ImageObject\",\"inLanguage\":\"en-US\",\"@id\":\"https:\/\/siemysli-ke.info\/en\/#\/schema\/person\/image\/\",\"url\":\"https:\/\/secure.gravatar.com\/avatar\/33a3c2559155e1b4add65cf88cafda785aeb920f44b97c7055b07866ab5b13c2?s=96&d=mm&r=g\",\"contentUrl\":\"https:\/\/secure.gravatar.com\/avatar\/33a3c2559155e1b4add65cf88cafda785aeb920f44b97c7055b07866ab5b13c2?s=96&d=mm&r=g\",\"caption\":\"...\"},\"url\":\"https:\/\/siemysli-ke.info\/en\/author\/lele\/\"}]}<\/script>\n<!-- \/ Yoast SEO plugin. -->","yoast_head_json":{"title":"(Polski) DWIE TWARZE JEDNEJ SKRAJNO\u015aCI - SI\u0118 MY\u015aLI","robots":{"index":"index","follow":"follow","max-snippet":"max-snippet:-1","max-image-preview":"max-image-preview:large","max-video-preview":"max-video-preview:-1"},"canonical":"https:\/\/siemysli-ke.info\/en\/dwie-twarze-jednej-skrajnosci\/","og_locale":"en_US","og_type":"article","og_title":"(Polski) DWIE TWARZE JEDNEJ SKRAJNO\u015aCI - SI\u0118 MY\u015aLI","og_description":"Sorry, this entry is only available in Polski.","og_url":"https:\/\/siemysli-ke.info\/en\/dwie-twarze-jednej-skrajnosci\/","og_site_name":"SI\u0118 MY\u015aLI","article_published_time":"2023-03-09T19:46:19+00:00","og_image":[{"width":768,"height":432,"url":"https:\/\/siemysli-ke.info\/wp-content\/uploads\/2023\/03\/WKS-1.jpg","type":"image\/jpeg"}],"author":"...","twitter_misc":{"Written by":"...","Est. reading time":"7 minutes"},"schema":{"@context":"https:\/\/schema.org","@graph":[{"@type":"Article","@id":"https:\/\/siemysli-ke.info\/en\/dwie-twarze-jednej-skrajnosci\/#article","isPartOf":{"@id":"https:\/\/siemysli-ke.info\/en\/dwie-twarze-jednej-skrajnosci\/"},"author":{"name":"...","@id":"https:\/\/siemysli-ke.info\/#\/schema\/person\/75326687448d6abf738b156f56385210"},"headline":"(Polski) DWIE TWARZE JEDNEJ SKRAJNO\u015aCI","datePublished":"2023-03-09T19:46:19+00:00","mainEntityOfPage":{"@id":"https:\/\/siemysli-ke.info\/en\/dwie-twarze-jednej-skrajnosci\/"},"wordCount":1173,"commentCount":0,"publisher":{"@id":"https:\/\/siemysli-ke.info\/#organization"},"image":{"@id":"https:\/\/siemysli-ke.info\/en\/dwie-twarze-jednej-skrajnosci\/#primaryimage"},"thumbnailUrl":"https:\/\/siemysli-ke.info\/wp-content\/uploads\/2023\/03\/WKS-1.jpg","keywords":["antypolskie Zjednoczenie \"Swoboda\"","Bartosz Kramek","fundacja \"Otwarty Dialog\"","Instytut Dziedzictwa My\u015bli Narodowej im. Romana Dmowskiego i Ignacego Jana Paderewskiego","Ku Klux Klan","Ludmi\u0142a Koz\u0142owska","marsze organizowane we\u00a0Wroc\u0142awiu przez\u00a0Jacka Mi\u0119dlara","mecz \"\u015al\u0105ska\" Wroc\u0142aw z \"Lechem\" Pozna\u0144","najd\u0142u\u017csza \u201ezgoda\u201d w Polsce w\u015br\u00f3d kibic\u00f3w","najd\u0142u\u017csza \u201ezgoda\u201d w Polsce w\u015br\u00f3d kibic\u00f3w j","Poranna rozmowa radia RMF FM","pu\u0142k \"Azow\"","Robert B\u0105kiewicz","Roman Boryczko","Ruch Narodowy","Stra\u017c Narodowa","System Informacyjny Schengen","zakaz wjazdu do strefy Schengen","\u201eThe Sunday Times\u201d"],"articleSection":["Polecane","Rzeczypospolita"],"inLanguage":"en-US","potentialAction":[{"@type":"CommentAction","name":"Comment","target":["https:\/\/siemysli-ke.info\/en\/dwie-twarze-jednej-skrajnosci\/#respond"]}]},{"@type":"WebPage","@id":"https:\/\/siemysli-ke.info\/en\/dwie-twarze-jednej-skrajnosci\/","url":"https:\/\/siemysli-ke.info\/en\/dwie-twarze-jednej-skrajnosci\/","name":"(Polski) DWIE TWARZE JEDNEJ SKRAJNO\u015aCI - SI\u0118 MY\u015aLI","isPartOf":{"@id":"https:\/\/siemysli-ke.info\/en\/#website"},"primaryImageOfPage":{"@id":"https:\/\/siemysli-ke.info\/en\/dwie-twarze-jednej-skrajnosci\/#primaryimage"},"image":{"@id":"https:\/\/siemysli-ke.info\/en\/dwie-twarze-jednej-skrajnosci\/#primaryimage"},"thumbnailUrl":"https:\/\/siemysli-ke.info\/wp-content\/uploads\/2023\/03\/WKS-1.jpg","datePublished":"2023-03-09T19:46:19+00:00","breadcrumb":{"@id":"https:\/\/siemysli-ke.info\/en\/dwie-twarze-jednej-skrajnosci\/#breadcrumb"},"inLanguage":"en-US","potentialAction":[{"@type":"ReadAction","target":[["https:\/\/siemysli-ke.info\/en\/dwie-twarze-jednej-skrajnosci\/"]]}]},{"@type":"ImageObject","inLanguage":"en-US","@id":"https:\/\/siemysli-ke.info\/en\/dwie-twarze-jednej-skrajnosci\/#primaryimage","url":"https:\/\/siemysli-ke.info\/wp-content\/uploads\/2023\/03\/WKS-1.jpg","contentUrl":"https:\/\/siemysli-ke.info\/wp-content\/uploads\/2023\/03\/WKS-1.jpg","width":768,"height":432},{"@type":"BreadcrumbList","@id":"https:\/\/siemysli-ke.info\/en\/dwie-twarze-jednej-skrajnosci\/#breadcrumb","itemListElement":[{"@type":"ListItem","position":1,"name":"Home","item":"https:\/\/siemysli-ke.info\/en\/"},{"@type":"ListItem","position":2,"name":"(Polski) DWIE TWARZE JEDNEJ SKRAJNO\u015aCI"}]},{"@type":"WebSite","@id":"https:\/\/siemysli-ke.info\/en\/#website","url":"https:\/\/siemysli-ke.info\/en\/","name":"SI\u0118 MY\u015aLI","description":"","publisher":{"@id":"https:\/\/siemysli-ke.info\/en\/#organization"},"potentialAction":[{"@type":"SearchAction","target":{"@type":"EntryPoint","urlTemplate":"https:\/\/siemysli-ke.info\/en\/?s={search_term_string}"},"query-input":{"@type":"PropertyValueSpecification","valueRequired":true,"valueName":"search_term_string"}}],"inLanguage":"en-US"},{"@type":"Organization","@id":"https:\/\/siemysli-ke.info\/en\/#organization","name":"SI\u0118 MY\u015aLI","url":"https:\/\/siemysli-ke.info\/en\/","logo":{"@type":"ImageObject","inLanguage":"en-US","@id":"https:\/\/siemysli-ke.info\/en\/#\/schema\/logo\/image\/","url":"https:\/\/siemysli-ke.info\/wp-content\/uploads\/2025\/05\/99.png","contentUrl":"https:\/\/siemysli-ke.info\/wp-content\/uploads\/2025\/05\/99.png","width":270,"height":204,"caption":"SI\u0118 MY\u015aLI"},"image":{"@id":"https:\/\/siemysli-ke.info\/en\/#\/schema\/logo\/image\/"}},{"@type":"Person","@id":"https:\/\/siemysli-ke.info\/#\/schema\/person\/75326687448d6abf738b156f56385210","name":"...","image":{"@type":"ImageObject","inLanguage":"en-US","@id":"https:\/\/siemysli-ke.info\/en\/#\/schema\/person\/image\/","url":"https:\/\/secure.gravatar.com\/avatar\/33a3c2559155e1b4add65cf88cafda785aeb920f44b97c7055b07866ab5b13c2?s=96&d=mm&r=g","contentUrl":"https:\/\/secure.gravatar.com\/avatar\/33a3c2559155e1b4add65cf88cafda785aeb920f44b97c7055b07866ab5b13c2?s=96&d=mm&r=g","caption":"..."},"url":"https:\/\/siemysli-ke.info\/en\/author\/lele\/"}]}},"_links":{"self":[{"href":"https:\/\/siemysli-ke.info\/en\/wp-json\/wp\/v2\/posts\/43105","targetHints":{"allow":["GET"]}}],"collection":[{"href":"https:\/\/siemysli-ke.info\/en\/wp-json\/wp\/v2\/posts"}],"about":[{"href":"https:\/\/siemysli-ke.info\/en\/wp-json\/wp\/v2\/types\/post"}],"author":[{"embeddable":true,"href":"https:\/\/siemysli-ke.info\/en\/wp-json\/wp\/v2\/users\/3"}],"replies":[{"embeddable":true,"href":"https:\/\/siemysli-ke.info\/en\/wp-json\/wp\/v2\/comments?post=43105"}],"version-history":[{"count":0,"href":"https:\/\/siemysli-ke.info\/en\/wp-json\/wp\/v2\/posts\/43105\/revisions"}],"wp:featuredmedia":[{"embeddable":true,"href":"https:\/\/siemysli-ke.info\/en\/wp-json\/wp\/v2\/media\/43106"}],"wp:attachment":[{"href":"https:\/\/siemysli-ke.info\/en\/wp-json\/wp\/v2\/media?parent=43105"}],"wp:term":[{"taxonomy":"category","embeddable":true,"href":"https:\/\/siemysli-ke.info\/en\/wp-json\/wp\/v2\/categories?post=43105"},{"taxonomy":"post_tag","embeddable":true,"href":"https:\/\/siemysli-ke.info\/en\/wp-json\/wp\/v2\/tags?post=43105"}],"curies":[{"name":"wp","href":"https:\/\/api.w.org\/{rel}","templated":true}]}}