 {"id":42889,"date":"2023-02-15T23:46:26","date_gmt":"2023-02-15T22:46:26","guid":{"rendered":"https:\/\/siemysli-ke.info\/?p=42889"},"modified":"2023-02-15T23:46:26","modified_gmt":"2023-02-15T22:46:26","slug":"fauci-przyznaje-publicznie-klamalem-nie-da-sie-uniknac-pytania-co-czuja-nasi-eksperci","status":"publish","type":"post","link":"https:\/\/siemysli-ke.info\/en\/fauci-przyznaje-publicznie-klamalem-nie-da-sie-uniknac-pytania-co-czuja-nasi-eksperci\/","title":{"rendered":"(Polski) Fauci przyznaje publicznie \u2013 k\u0142ama\u0142em. Nie da si\u0119 unikn\u0105\u0107 pytania \u2013 co czuj\u0105 nasi \u201eeksperci\u201d?"},"content":{"rendered":"<p class=\"qtranxs-available-languages-message qtranxs-available-languages-message-en\">Sorry, this entry is only available in <a href=\"https:\/\/siemysli-ke.info\/pl\/wp-json\/wp\/v2\/posts\/42889\" class=\"qtranxs-available-language-link qtranxs-available-language-link-pl\" title=\"Polski\">Polski<\/a>.<\/p>","protected":false},"excerpt":{"rendered":"<p>Sorry, this entry is only available in Polski.<\/p>\n","protected":false},"author":3,"featured_media":42890,"comment_status":"open","ping_status":"open","sticky":false,"template":"","format":"standard","meta":{"colormag_page_layout":"default_layout","footnotes":""},"categories":[4,17742],"tags":[25755,20615,18443,18243,20614,25756,21524,21320],"class_list":["post-42889","post","type-post","status-publish","format-standard","has-post-thumbnail","hentry","category-nauka","category-wyroznione","tag-cell-hostmicrobe","tag-wirusologia-lekarska-redakcja-prof-leon-jablonski","tag-anthony-fauci","tag-koronawirus-sars-cov-2","tag-leon-jablonski","tag-mariusz-jagora","tag-szczepionki-mrna","tag-who-swiatowa-organizacja-zdrowia"],"yoast_head":"<!-- This site is optimized with the Yoast SEO plugin v25.1 - https:\/\/yoast.com\/wordpress\/plugins\/seo\/ -->\n<title>(Polski) Fauci przyznaje publicznie \u2013 k\u0142ama\u0142em. Nie da si\u0119 unikn\u0105\u0107 pytania \u2013 co czuj\u0105 nasi \u201eeksperci\u201d? - SI\u0118 MY\u015aLI<\/title>\n<meta name=\"robots\" content=\"index, follow, max-snippet:-1, max-image-preview:large, max-video-preview:-1\" \/>\n<link rel=\"canonical\" href=\"https:\/\/siemysli-ke.info\/en\/fauci-przyznaje-publicznie-klamalem-nie-da-sie-uniknac-pytania-co-czuja-nasi-eksperci\/\" \/>\n<meta property=\"og:locale\" content=\"en_US\" \/>\n<meta property=\"og:type\" content=\"article\" \/>\n<meta property=\"og:title\" content=\"(Polski) Fauci przyznaje publicznie \u2013 k\u0142ama\u0142em. Nie da si\u0119 unikn\u0105\u0107 pytania \u2013 co czuj\u0105 nasi \u201eeksperci\u201d? - SI\u0118 MY\u015aLI\" \/>\n<meta property=\"og:description\" content=\"Sorry, this entry is only available in Polski.\" \/>\n<meta property=\"og:url\" content=\"https:\/\/siemysli-ke.info\/en\/fauci-przyznaje-publicznie-klamalem-nie-da-sie-uniknac-pytania-co-czuja-nasi-eksperci\/\" \/>\n<meta property=\"og:site_name\" content=\"SI\u0118 MY\u015aLI\" \/>\n<meta property=\"article:published_time\" content=\"2023-02-15T22:46:26+00:00\" \/>\n<meta property=\"og:image\" content=\"https:\/\/siemysli-ke.info\/wp-content\/uploads\/2023\/02\/Fauci.jpg\" \/>\n\t<meta property=\"og:image:width\" content=\"425\" \/>\n\t<meta property=\"og:image:height\" content=\"552\" \/>\n\t<meta property=\"og:image:type\" content=\"image\/jpeg\" \/>\n<meta name=\"author\" content=\"...\" \/>\n<meta name=\"twitter:label1\" content=\"Written by\" \/>\n\t<meta name=\"twitter:data1\" content=\"...\" \/>\n\t<meta name=\"twitter:label2\" content=\"Est. reading time\" \/>\n\t<meta name=\"twitter:data2\" content=\"4 minutes\" \/>\n<script type=\"application\/ld+json\" class=\"yoast-schema-graph\">{\"@context\":\"https:\/\/schema.org\",\"@graph\":[{\"@type\":\"Article\",\"@id\":\"https:\/\/siemysli-ke.info\/en\/fauci-przyznaje-publicznie-klamalem-nie-da-sie-uniknac-pytania-co-czuja-nasi-eksperci\/#article\",\"isPartOf\":{\"@id\":\"https:\/\/siemysli-ke.info\/en\/fauci-przyznaje-publicznie-klamalem-nie-da-sie-uniknac-pytania-co-czuja-nasi-eksperci\/\"},\"author\":{\"name\":\"...\",\"@id\":\"https:\/\/siemysli-ke.info\/#\/schema\/person\/75326687448d6abf738b156f56385210\"},\"headline\":\"(Polski) Fauci przyznaje publicznie \u2013 k\u0142ama\u0142em. Nie da si\u0119 unikn\u0105\u0107 pytania \u2013 co czuj\u0105 nasi \u201eeksperci\u201d?\",\"datePublished\":\"2023-02-15T22:46:26+00:00\",\"mainEntityOfPage\":{\"@id\":\"https:\/\/siemysli-ke.info\/en\/fauci-przyznaje-publicznie-klamalem-nie-da-sie-uniknac-pytania-co-czuja-nasi-eksperci\/\"},\"wordCount\":755,\"commentCount\":0,\"publisher\":{\"@id\":\"https:\/\/siemysli-ke.info\/#organization\"},\"image\":{\"@id\":\"https:\/\/siemysli-ke.info\/en\/fauci-przyznaje-publicznie-klamalem-nie-da-sie-uniknac-pytania-co-czuja-nasi-eksperci\/#primaryimage\"},\"thumbnailUrl\":\"https:\/\/siemysli-ke.info\/wp-content\/uploads\/2023\/02\/Fauci.jpg\",\"keywords\":[\"\\\"Cell Host&amp;Microbe\\\"\",\"\\\"Wirusologia lekarska\\\" - redakcja: prof. Leon Jab\u0142o\u0144ski\",\"Anthony Fauci\",\"koronawirus SARS-CoV-2\",\"Leon Jab\u0142o\u0144ski\",\"Mariusz Jag\u00f3ra\",\"szczepionki mRNA\",\"WHO (\u015awiatowa Organizacja Zdrowia)\"],\"articleSection\":[\"Nauka\",\"wyroznione\"],\"inLanguage\":\"en-US\",\"potentialAction\":[{\"@type\":\"CommentAction\",\"name\":\"Comment\",\"target\":[\"https:\/\/siemysli-ke.info\/en\/fauci-przyznaje-publicznie-klamalem-nie-da-sie-uniknac-pytania-co-czuja-nasi-eksperci\/#respond\"]}]},{\"@type\":\"WebPage\",\"@id\":\"https:\/\/siemysli-ke.info\/en\/fauci-przyznaje-publicznie-klamalem-nie-da-sie-uniknac-pytania-co-czuja-nasi-eksperci\/\",\"url\":\"https:\/\/siemysli-ke.info\/en\/fauci-przyznaje-publicznie-klamalem-nie-da-sie-uniknac-pytania-co-czuja-nasi-eksperci\/\",\"name\":\"(Polski) Fauci przyznaje publicznie \u2013 k\u0142ama\u0142em. Nie da si\u0119 unikn\u0105\u0107 pytania \u2013 co czuj\u0105 nasi \u201eeksperci\u201d? - SI\u0118 MY\u015aLI\",\"isPartOf\":{\"@id\":\"https:\/\/siemysli-ke.info\/en\/#website\"},\"primaryImageOfPage\":{\"@id\":\"https:\/\/siemysli-ke.info\/en\/fauci-przyznaje-publicznie-klamalem-nie-da-sie-uniknac-pytania-co-czuja-nasi-eksperci\/#primaryimage\"},\"image\":{\"@id\":\"https:\/\/siemysli-ke.info\/en\/fauci-przyznaje-publicznie-klamalem-nie-da-sie-uniknac-pytania-co-czuja-nasi-eksperci\/#primaryimage\"},\"thumbnailUrl\":\"https:\/\/siemysli-ke.info\/wp-content\/uploads\/2023\/02\/Fauci.jpg\",\"datePublished\":\"2023-02-15T22:46:26+00:00\",\"breadcrumb\":{\"@id\":\"https:\/\/siemysli-ke.info\/en\/fauci-przyznaje-publicznie-klamalem-nie-da-sie-uniknac-pytania-co-czuja-nasi-eksperci\/#breadcrumb\"},\"inLanguage\":\"en-US\",\"potentialAction\":[{\"@type\":\"ReadAction\",\"target\":[[\"https:\/\/siemysli-ke.info\/en\/fauci-przyznaje-publicznie-klamalem-nie-da-sie-uniknac-pytania-co-czuja-nasi-eksperci\/\"]]}]},{\"@type\":\"ImageObject\",\"inLanguage\":\"en-US\",\"@id\":\"https:\/\/siemysli-ke.info\/en\/fauci-przyznaje-publicznie-klamalem-nie-da-sie-uniknac-pytania-co-czuja-nasi-eksperci\/#primaryimage\",\"url\":\"https:\/\/siemysli-ke.info\/wp-content\/uploads\/2023\/02\/Fauci.jpg\",\"contentUrl\":\"https:\/\/siemysli-ke.info\/wp-content\/uploads\/2023\/02\/Fauci.jpg\",\"width\":425,\"height\":552},{\"@type\":\"BreadcrumbList\",\"@id\":\"https:\/\/siemysli-ke.info\/en\/fauci-przyznaje-publicznie-klamalem-nie-da-sie-uniknac-pytania-co-czuja-nasi-eksperci\/#breadcrumb\",\"itemListElement\":[{\"@type\":\"ListItem\",\"position\":1,\"name\":\"Home\",\"item\":\"https:\/\/siemysli-ke.info\/en\/\"},{\"@type\":\"ListItem\",\"position\":2,\"name\":\"(Polski) Fauci przyznaje publicznie \u2013 k\u0142ama\u0142em. Nie da si\u0119 unikn\u0105\u0107 pytania \u2013 co czuj\u0105 nasi \u201eeksperci\u201d?\"}]},{\"@type\":\"WebSite\",\"@id\":\"https:\/\/siemysli-ke.info\/en\/#website\",\"url\":\"https:\/\/siemysli-ke.info\/en\/\",\"name\":\"SI\u0118 MY\u015aLI\",\"description\":\"\",\"publisher\":{\"@id\":\"https:\/\/siemysli-ke.info\/en\/#organization\"},\"potentialAction\":[{\"@type\":\"SearchAction\",\"target\":{\"@type\":\"EntryPoint\",\"urlTemplate\":\"https:\/\/siemysli-ke.info\/en\/?s={search_term_string}\"},\"query-input\":{\"@type\":\"PropertyValueSpecification\",\"valueRequired\":true,\"valueName\":\"search_term_string\"}}],\"inLanguage\":\"en-US\"},{\"@type\":\"Organization\",\"@id\":\"https:\/\/siemysli-ke.info\/en\/#organization\",\"name\":\"SI\u0118 MY\u015aLI\",\"url\":\"https:\/\/siemysli-ke.info\/en\/\",\"logo\":{\"@type\":\"ImageObject\",\"inLanguage\":\"en-US\",\"@id\":\"https:\/\/siemysli-ke.info\/en\/#\/schema\/logo\/image\/\",\"url\":\"https:\/\/siemysli-ke.info\/wp-content\/uploads\/2025\/05\/99.png\",\"contentUrl\":\"https:\/\/siemysli-ke.info\/wp-content\/uploads\/2025\/05\/99.png\",\"width\":270,\"height\":204,\"caption\":\"SI\u0118 MY\u015aLI\"},\"image\":{\"@id\":\"https:\/\/siemysli-ke.info\/en\/#\/schema\/logo\/image\/\"}},{\"@type\":\"Person\",\"@id\":\"https:\/\/siemysli-ke.info\/#\/schema\/person\/75326687448d6abf738b156f56385210\",\"name\":\"...\",\"image\":{\"@type\":\"ImageObject\",\"inLanguage\":\"en-US\",\"@id\":\"https:\/\/siemysli-ke.info\/en\/#\/schema\/person\/image\/\",\"url\":\"https:\/\/secure.gravatar.com\/avatar\/33a3c2559155e1b4add65cf88cafda785aeb920f44b97c7055b07866ab5b13c2?s=96&d=mm&r=g\",\"contentUrl\":\"https:\/\/secure.gravatar.com\/avatar\/33a3c2559155e1b4add65cf88cafda785aeb920f44b97c7055b07866ab5b13c2?s=96&d=mm&r=g\",\"caption\":\"...\"},\"url\":\"https:\/\/siemysli-ke.info\/en\/author\/lele\/\"}]}<\/script>\n<!-- \/ Yoast SEO plugin. -->","yoast_head_json":{"title":"(Polski) Fauci przyznaje publicznie \u2013 k\u0142ama\u0142em. Nie da si\u0119 unikn\u0105\u0107 pytania \u2013 co czuj\u0105 nasi \u201eeksperci\u201d? - SI\u0118 MY\u015aLI","robots":{"index":"index","follow":"follow","max-snippet":"max-snippet:-1","max-image-preview":"max-image-preview:large","max-video-preview":"max-video-preview:-1"},"canonical":"https:\/\/siemysli-ke.info\/en\/fauci-przyznaje-publicznie-klamalem-nie-da-sie-uniknac-pytania-co-czuja-nasi-eksperci\/","og_locale":"en_US","og_type":"article","og_title":"(Polski) Fauci przyznaje publicznie \u2013 k\u0142ama\u0142em. Nie da si\u0119 unikn\u0105\u0107 pytania \u2013 co czuj\u0105 nasi \u201eeksperci\u201d? - SI\u0118 MY\u015aLI","og_description":"Sorry, this entry is only available in Polski.","og_url":"https:\/\/siemysli-ke.info\/en\/fauci-przyznaje-publicznie-klamalem-nie-da-sie-uniknac-pytania-co-czuja-nasi-eksperci\/","og_site_name":"SI\u0118 MY\u015aLI","article_published_time":"2023-02-15T22:46:26+00:00","og_image":[{"width":425,"height":552,"url":"https:\/\/siemysli-ke.info\/wp-content\/uploads\/2023\/02\/Fauci.jpg","type":"image\/jpeg"}],"author":"...","twitter_misc":{"Written by":"...","Est. reading time":"4 minutes"},"schema":{"@context":"https:\/\/schema.org","@graph":[{"@type":"Article","@id":"https:\/\/siemysli-ke.info\/en\/fauci-przyznaje-publicznie-klamalem-nie-da-sie-uniknac-pytania-co-czuja-nasi-eksperci\/#article","isPartOf":{"@id":"https:\/\/siemysli-ke.info\/en\/fauci-przyznaje-publicznie-klamalem-nie-da-sie-uniknac-pytania-co-czuja-nasi-eksperci\/"},"author":{"name":"...","@id":"https:\/\/siemysli-ke.info\/#\/schema\/person\/75326687448d6abf738b156f56385210"},"headline":"(Polski) Fauci przyznaje publicznie \u2013 k\u0142ama\u0142em. Nie da si\u0119 unikn\u0105\u0107 pytania \u2013 co czuj\u0105 nasi \u201eeksperci\u201d?","datePublished":"2023-02-15T22:46:26+00:00","mainEntityOfPage":{"@id":"https:\/\/siemysli-ke.info\/en\/fauci-przyznaje-publicznie-klamalem-nie-da-sie-uniknac-pytania-co-czuja-nasi-eksperci\/"},"wordCount":755,"commentCount":0,"publisher":{"@id":"https:\/\/siemysli-ke.info\/#organization"},"image":{"@id":"https:\/\/siemysli-ke.info\/en\/fauci-przyznaje-publicznie-klamalem-nie-da-sie-uniknac-pytania-co-czuja-nasi-eksperci\/#primaryimage"},"thumbnailUrl":"https:\/\/siemysli-ke.info\/wp-content\/uploads\/2023\/02\/Fauci.jpg","keywords":["\"Cell Host&amp;Microbe\"","\"Wirusologia lekarska\" - redakcja: prof. Leon Jab\u0142o\u0144ski","Anthony Fauci","koronawirus SARS-CoV-2","Leon Jab\u0142o\u0144ski","Mariusz Jag\u00f3ra","szczepionki mRNA","WHO (\u015awiatowa Organizacja Zdrowia)"],"articleSection":["Nauka","wyroznione"],"inLanguage":"en-US","potentialAction":[{"@type":"CommentAction","name":"Comment","target":["https:\/\/siemysli-ke.info\/en\/fauci-przyznaje-publicznie-klamalem-nie-da-sie-uniknac-pytania-co-czuja-nasi-eksperci\/#respond"]}]},{"@type":"WebPage","@id":"https:\/\/siemysli-ke.info\/en\/fauci-przyznaje-publicznie-klamalem-nie-da-sie-uniknac-pytania-co-czuja-nasi-eksperci\/","url":"https:\/\/siemysli-ke.info\/en\/fauci-przyznaje-publicznie-klamalem-nie-da-sie-uniknac-pytania-co-czuja-nasi-eksperci\/","name":"(Polski) Fauci przyznaje publicznie \u2013 k\u0142ama\u0142em. Nie da si\u0119 unikn\u0105\u0107 pytania \u2013 co czuj\u0105 nasi \u201eeksperci\u201d? - SI\u0118 MY\u015aLI","isPartOf":{"@id":"https:\/\/siemysli-ke.info\/en\/#website"},"primaryImageOfPage":{"@id":"https:\/\/siemysli-ke.info\/en\/fauci-przyznaje-publicznie-klamalem-nie-da-sie-uniknac-pytania-co-czuja-nasi-eksperci\/#primaryimage"},"image":{"@id":"https:\/\/siemysli-ke.info\/en\/fauci-przyznaje-publicznie-klamalem-nie-da-sie-uniknac-pytania-co-czuja-nasi-eksperci\/#primaryimage"},"thumbnailUrl":"https:\/\/siemysli-ke.info\/wp-content\/uploads\/2023\/02\/Fauci.jpg","datePublished":"2023-02-15T22:46:26+00:00","breadcrumb":{"@id":"https:\/\/siemysli-ke.info\/en\/fauci-przyznaje-publicznie-klamalem-nie-da-sie-uniknac-pytania-co-czuja-nasi-eksperci\/#breadcrumb"},"inLanguage":"en-US","potentialAction":[{"@type":"ReadAction","target":[["https:\/\/siemysli-ke.info\/en\/fauci-przyznaje-publicznie-klamalem-nie-da-sie-uniknac-pytania-co-czuja-nasi-eksperci\/"]]}]},{"@type":"ImageObject","inLanguage":"en-US","@id":"https:\/\/siemysli-ke.info\/en\/fauci-przyznaje-publicznie-klamalem-nie-da-sie-uniknac-pytania-co-czuja-nasi-eksperci\/#primaryimage","url":"https:\/\/siemysli-ke.info\/wp-content\/uploads\/2023\/02\/Fauci.jpg","contentUrl":"https:\/\/siemysli-ke.info\/wp-content\/uploads\/2023\/02\/Fauci.jpg","width":425,"height":552},{"@type":"BreadcrumbList","@id":"https:\/\/siemysli-ke.info\/en\/fauci-przyznaje-publicznie-klamalem-nie-da-sie-uniknac-pytania-co-czuja-nasi-eksperci\/#breadcrumb","itemListElement":[{"@type":"ListItem","position":1,"name":"Home","item":"https:\/\/siemysli-ke.info\/en\/"},{"@type":"ListItem","position":2,"name":"(Polski) Fauci przyznaje publicznie \u2013 k\u0142ama\u0142em. Nie da si\u0119 unikn\u0105\u0107 pytania \u2013 co czuj\u0105 nasi \u201eeksperci\u201d?"}]},{"@type":"WebSite","@id":"https:\/\/siemysli-ke.info\/en\/#website","url":"https:\/\/siemysli-ke.info\/en\/","name":"SI\u0118 MY\u015aLI","description":"","publisher":{"@id":"https:\/\/siemysli-ke.info\/en\/#organization"},"potentialAction":[{"@type":"SearchAction","target":{"@type":"EntryPoint","urlTemplate":"https:\/\/siemysli-ke.info\/en\/?s={search_term_string}"},"query-input":{"@type":"PropertyValueSpecification","valueRequired":true,"valueName":"search_term_string"}}],"inLanguage":"en-US"},{"@type":"Organization","@id":"https:\/\/siemysli-ke.info\/en\/#organization","name":"SI\u0118 MY\u015aLI","url":"https:\/\/siemysli-ke.info\/en\/","logo":{"@type":"ImageObject","inLanguage":"en-US","@id":"https:\/\/siemysli-ke.info\/en\/#\/schema\/logo\/image\/","url":"https:\/\/siemysli-ke.info\/wp-content\/uploads\/2025\/05\/99.png","contentUrl":"https:\/\/siemysli-ke.info\/wp-content\/uploads\/2025\/05\/99.png","width":270,"height":204,"caption":"SI\u0118 MY\u015aLI"},"image":{"@id":"https:\/\/siemysli-ke.info\/en\/#\/schema\/logo\/image\/"}},{"@type":"Person","@id":"https:\/\/siemysli-ke.info\/#\/schema\/person\/75326687448d6abf738b156f56385210","name":"...","image":{"@type":"ImageObject","inLanguage":"en-US","@id":"https:\/\/siemysli-ke.info\/en\/#\/schema\/person\/image\/","url":"https:\/\/secure.gravatar.com\/avatar\/33a3c2559155e1b4add65cf88cafda785aeb920f44b97c7055b07866ab5b13c2?s=96&d=mm&r=g","contentUrl":"https:\/\/secure.gravatar.com\/avatar\/33a3c2559155e1b4add65cf88cafda785aeb920f44b97c7055b07866ab5b13c2?s=96&d=mm&r=g","caption":"..."},"url":"https:\/\/siemysli-ke.info\/en\/author\/lele\/"}]}},"_links":{"self":[{"href":"https:\/\/siemysli-ke.info\/en\/wp-json\/wp\/v2\/posts\/42889","targetHints":{"allow":["GET"]}}],"collection":[{"href":"https:\/\/siemysli-ke.info\/en\/wp-json\/wp\/v2\/posts"}],"about":[{"href":"https:\/\/siemysli-ke.info\/en\/wp-json\/wp\/v2\/types\/post"}],"author":[{"embeddable":true,"href":"https:\/\/siemysli-ke.info\/en\/wp-json\/wp\/v2\/users\/3"}],"replies":[{"embeddable":true,"href":"https:\/\/siemysli-ke.info\/en\/wp-json\/wp\/v2\/comments?post=42889"}],"version-history":[{"count":0,"href":"https:\/\/siemysli-ke.info\/en\/wp-json\/wp\/v2\/posts\/42889\/revisions"}],"wp:featuredmedia":[{"embeddable":true,"href":"https:\/\/siemysli-ke.info\/en\/wp-json\/wp\/v2\/media\/42890"}],"wp:attachment":[{"href":"https:\/\/siemysli-ke.info\/en\/wp-json\/wp\/v2\/media?parent=42889"}],"wp:term":[{"taxonomy":"category","embeddable":true,"href":"https:\/\/siemysli-ke.info\/en\/wp-json\/wp\/v2\/categories?post=42889"},{"taxonomy":"post_tag","embeddable":true,"href":"https:\/\/siemysli-ke.info\/en\/wp-json\/wp\/v2\/tags?post=42889"}],"curies":[{"name":"wp","href":"https:\/\/api.w.org\/{rel}","templated":true}]}}