 {"id":41326,"date":"2022-05-09T13:24:57","date_gmt":"2022-05-09T11:24:57","guid":{"rendered":"https:\/\/siemysli-ke.info\/?p=41326"},"modified":"2022-05-09T13:26:11","modified_gmt":"2022-05-09T11:26:11","slug":"polski-dzien-porazki-z-nazizmem-i-bandyerytyzmem","status":"publish","type":"post","link":"https:\/\/siemysli-ke.info\/en\/polski-dzien-porazki-z-nazizmem-i-bandyerytyzmem\/","title":{"rendered":"(Polski) Polski Dzie\u0144 Pora\u017cki z Nazizmem i Bandy(ery)tyzmem!"},"content":{"rendered":"<p class=\"qtranxs-available-languages-message qtranxs-available-languages-message-en\">Sorry, this entry is only available in <a href=\"https:\/\/siemysli-ke.info\/pl\/wp-json\/wp\/v2\/posts\/41326\" class=\"qtranxs-available-language-link qtranxs-available-language-link-pl\" title=\"Polski\">Polski<\/a>.<\/p>","protected":false},"excerpt":{"rendered":"<p>Sorry, this entry is only available in Polski.<\/p>\n","protected":false},"author":3,"featured_media":41327,"comment_status":"open","ping_status":"open","sticky":false,"template":"","format":"standard","meta":{"colormag_page_layout":"default_layout","footnotes":""},"categories":[81,17742],"tags":[24121,24117,894,24124,7991,7352,24122,24118,202,24123,24120,24119],"class_list":["post-41326","post","type-post","status-publish","format-standard","has-post-thumbnail","hentry","category-rzeczpospolita","category-wyroznione","tag-1-dywizja-piechoty-im-tadeusza-kosciuszki","tag-antoni-jablonski","tag-armia-czerwona","tag-berlin-kolumna-zwyciestwa","tag-gieorgij-zukow","tag-hitlerjugend","tag-mikolaj-troicki","tag-operacja-berlinska","tag-roman-boryczko","tag-stowarzyszenie-ofiar-przesladowanych-przez-rezim-nazistowski-vvn-bda","tag-ulice-berlina-45","tag-volkssturm"],"yoast_head":"<!-- This site is optimized with the Yoast SEO plugin v25.1 - https:\/\/yoast.com\/wordpress\/plugins\/seo\/ -->\n<title>(Polski) (Polski) Polski Dzie\u0144 Pora\u017cki z Nazizmem i Bandy(ery)tyzmem! - SI\u0118 MY\u015aLI<\/title>\n<meta name=\"robots\" content=\"index, follow, max-snippet:-1, max-image-preview:large, max-video-preview:-1\" \/>\n<link rel=\"canonical\" href=\"https:\/\/siemysli-ke.info\/en\/polski-dzien-porazki-z-nazizmem-i-bandyerytyzmem\/\" \/>\n<meta property=\"og:locale\" content=\"en_US\" \/>\n<meta property=\"og:type\" content=\"article\" \/>\n<meta property=\"og:title\" content=\"(Polski) (Polski) Polski Dzie\u0144 Pora\u017cki z Nazizmem i Bandy(ery)tyzmem! - SI\u0118 MY\u015aLI\" \/>\n<meta property=\"og:description\" content=\"Sorry, this entry is only available in Polski.\" \/>\n<meta property=\"og:url\" content=\"https:\/\/siemysli-ke.info\/en\/polski-dzien-porazki-z-nazizmem-i-bandyerytyzmem\/\" \/>\n<meta property=\"og:site_name\" content=\"SI\u0118 MY\u015aLI\" \/>\n<meta property=\"article:published_time\" content=\"2022-05-09T11:24:57+00:00\" \/>\n<meta property=\"article:modified_time\" content=\"2022-05-09T11:26:11+00:00\" \/>\n<meta property=\"og:image\" content=\"https:\/\/siemysli-ke.info\/wp-content\/uploads\/2022\/05\/Berlin.jpg\" \/>\n\t<meta property=\"og:image:width\" content=\"1024\" \/>\n\t<meta property=\"og:image:height\" content=\"663\" \/>\n\t<meta property=\"og:image:type\" content=\"image\/jpeg\" \/>\n<meta name=\"author\" content=\"...\" \/>\n<meta name=\"twitter:label1\" content=\"Written by\" \/>\n\t<meta name=\"twitter:data1\" content=\"...\" \/>\n\t<meta name=\"twitter:label2\" content=\"Est. reading time\" \/>\n\t<meta name=\"twitter:data2\" content=\"5 minutes\" \/>\n<script type=\"application\/ld+json\" class=\"yoast-schema-graph\">{\"@context\":\"https:\/\/schema.org\",\"@graph\":[{\"@type\":\"Article\",\"@id\":\"https:\/\/siemysli-ke.info\/en\/polski-dzien-porazki-z-nazizmem-i-bandyerytyzmem\/#article\",\"isPartOf\":{\"@id\":\"https:\/\/siemysli-ke.info\/en\/polski-dzien-porazki-z-nazizmem-i-bandyerytyzmem\/\"},\"author\":{\"name\":\"...\",\"@id\":\"https:\/\/siemysli-ke.info\/#\/schema\/person\/75326687448d6abf738b156f56385210\"},\"headline\":\"(Polski) Polski Dzie\u0144 Pora\u017cki z Nazizmem i Bandy(ery)tyzmem!\",\"datePublished\":\"2022-05-09T11:24:57+00:00\",\"dateModified\":\"2022-05-09T11:26:11+00:00\",\"mainEntityOfPage\":{\"@id\":\"https:\/\/siemysli-ke.info\/en\/polski-dzien-porazki-z-nazizmem-i-bandyerytyzmem\/\"},\"wordCount\":884,\"commentCount\":1,\"publisher\":{\"@id\":\"https:\/\/siemysli-ke.info\/#organization\"},\"image\":{\"@id\":\"https:\/\/siemysli-ke.info\/en\/polski-dzien-porazki-z-nazizmem-i-bandyerytyzmem\/#primaryimage\"},\"thumbnailUrl\":\"https:\/\/siemysli-ke.info\/wp-content\/uploads\/2022\/05\/Berlin.jpg\",\"keywords\":[\"1. Dywizja Piechoty im. Tadeusza Ko\u015bciuszki\",\"Antoni Jab\u0142o\u0144ski\",\"Armia Czerwona\",\"Berlin - Kolumna Zwyci\u0119stwa\",\"Gieorgij \u017bukow\",\"Hitlerjugend\",\"Miko\u0142aj Troicki\",\"Operacja berli\u0144ska\",\"Roman Boryczko\",\"Stowarzyszenie Ofiar Prze\u015bladowanych przez Re\u017cim Nazistowski (VVN-BdA)\",\"ulice Berlina '45\",\"Volkssturm\"],\"articleSection\":[\"Rzeczypospolita\",\"wyroznione\"],\"inLanguage\":\"en-US\",\"potentialAction\":[{\"@type\":\"CommentAction\",\"name\":\"Comment\",\"target\":[\"https:\/\/siemysli-ke.info\/en\/polski-dzien-porazki-z-nazizmem-i-bandyerytyzmem\/#respond\"]}]},{\"@type\":\"WebPage\",\"@id\":\"https:\/\/siemysli-ke.info\/en\/polski-dzien-porazki-z-nazizmem-i-bandyerytyzmem\/\",\"url\":\"https:\/\/siemysli-ke.info\/en\/polski-dzien-porazki-z-nazizmem-i-bandyerytyzmem\/\",\"name\":\"(Polski) (Polski) Polski Dzie\u0144 Pora\u017cki z Nazizmem i Bandy(ery)tyzmem! - SI\u0118 MY\u015aLI\",\"isPartOf\":{\"@id\":\"https:\/\/siemysli-ke.info\/en\/#website\"},\"primaryImageOfPage\":{\"@id\":\"https:\/\/siemysli-ke.info\/en\/polski-dzien-porazki-z-nazizmem-i-bandyerytyzmem\/#primaryimage\"},\"image\":{\"@id\":\"https:\/\/siemysli-ke.info\/en\/polski-dzien-porazki-z-nazizmem-i-bandyerytyzmem\/#primaryimage\"},\"thumbnailUrl\":\"https:\/\/siemysli-ke.info\/wp-content\/uploads\/2022\/05\/Berlin.jpg\",\"datePublished\":\"2022-05-09T11:24:57+00:00\",\"dateModified\":\"2022-05-09T11:26:11+00:00\",\"breadcrumb\":{\"@id\":\"https:\/\/siemysli-ke.info\/en\/polski-dzien-porazki-z-nazizmem-i-bandyerytyzmem\/#breadcrumb\"},\"inLanguage\":\"en-US\",\"potentialAction\":[{\"@type\":\"ReadAction\",\"target\":[[\"https:\/\/siemysli-ke.info\/en\/polski-dzien-porazki-z-nazizmem-i-bandyerytyzmem\/\"]]}]},{\"@type\":\"ImageObject\",\"inLanguage\":\"en-US\",\"@id\":\"https:\/\/siemysli-ke.info\/en\/polski-dzien-porazki-z-nazizmem-i-bandyerytyzmem\/#primaryimage\",\"url\":\"https:\/\/siemysli-ke.info\/wp-content\/uploads\/2022\/05\/Berlin.jpg\",\"contentUrl\":\"https:\/\/siemysli-ke.info\/wp-content\/uploads\/2022\/05\/Berlin.jpg\",\"width\":1024,\"height\":663},{\"@type\":\"BreadcrumbList\",\"@id\":\"https:\/\/siemysli-ke.info\/en\/polski-dzien-porazki-z-nazizmem-i-bandyerytyzmem\/#breadcrumb\",\"itemListElement\":[{\"@type\":\"ListItem\",\"position\":1,\"name\":\"Home\",\"item\":\"https:\/\/siemysli-ke.info\/en\/\"},{\"@type\":\"ListItem\",\"position\":2,\"name\":\"(Polski) Polski Dzie\u0144 Pora\u017cki z Nazizmem i Bandy(ery)tyzmem!\"}]},{\"@type\":\"WebSite\",\"@id\":\"https:\/\/siemysli-ke.info\/en\/#website\",\"url\":\"https:\/\/siemysli-ke.info\/en\/\",\"name\":\"SI\u0118 MY\u015aLI\",\"description\":\"\",\"publisher\":{\"@id\":\"https:\/\/siemysli-ke.info\/en\/#organization\"},\"potentialAction\":[{\"@type\":\"SearchAction\",\"target\":{\"@type\":\"EntryPoint\",\"urlTemplate\":\"https:\/\/siemysli-ke.info\/en\/?s={search_term_string}\"},\"query-input\":{\"@type\":\"PropertyValueSpecification\",\"valueRequired\":true,\"valueName\":\"search_term_string\"}}],\"inLanguage\":\"en-US\"},{\"@type\":\"Organization\",\"@id\":\"https:\/\/siemysli-ke.info\/en\/#organization\",\"name\":\"SI\u0118 MY\u015aLI\",\"url\":\"https:\/\/siemysli-ke.info\/en\/\",\"logo\":{\"@type\":\"ImageObject\",\"inLanguage\":\"en-US\",\"@id\":\"https:\/\/siemysli-ke.info\/en\/#\/schema\/logo\/image\/\",\"url\":\"https:\/\/siemysli-ke.info\/wp-content\/uploads\/2025\/05\/99.png\",\"contentUrl\":\"https:\/\/siemysli-ke.info\/wp-content\/uploads\/2025\/05\/99.png\",\"width\":270,\"height\":204,\"caption\":\"SI\u0118 MY\u015aLI\"},\"image\":{\"@id\":\"https:\/\/siemysli-ke.info\/en\/#\/schema\/logo\/image\/\"}},{\"@type\":\"Person\",\"@id\":\"https:\/\/siemysli-ke.info\/#\/schema\/person\/75326687448d6abf738b156f56385210\",\"name\":\"...\",\"image\":{\"@type\":\"ImageObject\",\"inLanguage\":\"en-US\",\"@id\":\"https:\/\/siemysli-ke.info\/en\/#\/schema\/person\/image\/\",\"url\":\"https:\/\/secure.gravatar.com\/avatar\/33a3c2559155e1b4add65cf88cafda785aeb920f44b97c7055b07866ab5b13c2?s=96&d=mm&r=g\",\"contentUrl\":\"https:\/\/secure.gravatar.com\/avatar\/33a3c2559155e1b4add65cf88cafda785aeb920f44b97c7055b07866ab5b13c2?s=96&d=mm&r=g\",\"caption\":\"...\"},\"url\":\"https:\/\/siemysli-ke.info\/en\/author\/lele\/\"}]}<\/script>\n<!-- \/ Yoast SEO plugin. -->","yoast_head_json":{"title":"(Polski) (Polski) Polski Dzie\u0144 Pora\u017cki z Nazizmem i Bandy(ery)tyzmem! - SI\u0118 MY\u015aLI","robots":{"index":"index","follow":"follow","max-snippet":"max-snippet:-1","max-image-preview":"max-image-preview:large","max-video-preview":"max-video-preview:-1"},"canonical":"https:\/\/siemysli-ke.info\/en\/polski-dzien-porazki-z-nazizmem-i-bandyerytyzmem\/","og_locale":"en_US","og_type":"article","og_title":"(Polski) (Polski) Polski Dzie\u0144 Pora\u017cki z Nazizmem i Bandy(ery)tyzmem! - SI\u0118 MY\u015aLI","og_description":"Sorry, this entry is only available in Polski.","og_url":"https:\/\/siemysli-ke.info\/en\/polski-dzien-porazki-z-nazizmem-i-bandyerytyzmem\/","og_site_name":"SI\u0118 MY\u015aLI","article_published_time":"2022-05-09T11:24:57+00:00","article_modified_time":"2022-05-09T11:26:11+00:00","og_image":[{"width":1024,"height":663,"url":"https:\/\/siemysli-ke.info\/wp-content\/uploads\/2022\/05\/Berlin.jpg","type":"image\/jpeg"}],"author":"...","twitter_misc":{"Written by":"...","Est. reading time":"5 minutes"},"schema":{"@context":"https:\/\/schema.org","@graph":[{"@type":"Article","@id":"https:\/\/siemysli-ke.info\/en\/polski-dzien-porazki-z-nazizmem-i-bandyerytyzmem\/#article","isPartOf":{"@id":"https:\/\/siemysli-ke.info\/en\/polski-dzien-porazki-z-nazizmem-i-bandyerytyzmem\/"},"author":{"name":"...","@id":"https:\/\/siemysli-ke.info\/#\/schema\/person\/75326687448d6abf738b156f56385210"},"headline":"(Polski) Polski Dzie\u0144 Pora\u017cki z Nazizmem i Bandy(ery)tyzmem!","datePublished":"2022-05-09T11:24:57+00:00","dateModified":"2022-05-09T11:26:11+00:00","mainEntityOfPage":{"@id":"https:\/\/siemysli-ke.info\/en\/polski-dzien-porazki-z-nazizmem-i-bandyerytyzmem\/"},"wordCount":884,"commentCount":1,"publisher":{"@id":"https:\/\/siemysli-ke.info\/#organization"},"image":{"@id":"https:\/\/siemysli-ke.info\/en\/polski-dzien-porazki-z-nazizmem-i-bandyerytyzmem\/#primaryimage"},"thumbnailUrl":"https:\/\/siemysli-ke.info\/wp-content\/uploads\/2022\/05\/Berlin.jpg","keywords":["1. Dywizja Piechoty im. Tadeusza Ko\u015bciuszki","Antoni Jab\u0142o\u0144ski","Armia Czerwona","Berlin - Kolumna Zwyci\u0119stwa","Gieorgij \u017bukow","Hitlerjugend","Miko\u0142aj Troicki","Operacja berli\u0144ska","Roman Boryczko","Stowarzyszenie Ofiar Prze\u015bladowanych przez Re\u017cim Nazistowski (VVN-BdA)","ulice Berlina '45","Volkssturm"],"articleSection":["Rzeczypospolita","wyroznione"],"inLanguage":"en-US","potentialAction":[{"@type":"CommentAction","name":"Comment","target":["https:\/\/siemysli-ke.info\/en\/polski-dzien-porazki-z-nazizmem-i-bandyerytyzmem\/#respond"]}]},{"@type":"WebPage","@id":"https:\/\/siemysli-ke.info\/en\/polski-dzien-porazki-z-nazizmem-i-bandyerytyzmem\/","url":"https:\/\/siemysli-ke.info\/en\/polski-dzien-porazki-z-nazizmem-i-bandyerytyzmem\/","name":"(Polski) (Polski) Polski Dzie\u0144 Pora\u017cki z Nazizmem i Bandy(ery)tyzmem! - SI\u0118 MY\u015aLI","isPartOf":{"@id":"https:\/\/siemysli-ke.info\/en\/#website"},"primaryImageOfPage":{"@id":"https:\/\/siemysli-ke.info\/en\/polski-dzien-porazki-z-nazizmem-i-bandyerytyzmem\/#primaryimage"},"image":{"@id":"https:\/\/siemysli-ke.info\/en\/polski-dzien-porazki-z-nazizmem-i-bandyerytyzmem\/#primaryimage"},"thumbnailUrl":"https:\/\/siemysli-ke.info\/wp-content\/uploads\/2022\/05\/Berlin.jpg","datePublished":"2022-05-09T11:24:57+00:00","dateModified":"2022-05-09T11:26:11+00:00","breadcrumb":{"@id":"https:\/\/siemysli-ke.info\/en\/polski-dzien-porazki-z-nazizmem-i-bandyerytyzmem\/#breadcrumb"},"inLanguage":"en-US","potentialAction":[{"@type":"ReadAction","target":[["https:\/\/siemysli-ke.info\/en\/polski-dzien-porazki-z-nazizmem-i-bandyerytyzmem\/"]]}]},{"@type":"ImageObject","inLanguage":"en-US","@id":"https:\/\/siemysli-ke.info\/en\/polski-dzien-porazki-z-nazizmem-i-bandyerytyzmem\/#primaryimage","url":"https:\/\/siemysli-ke.info\/wp-content\/uploads\/2022\/05\/Berlin.jpg","contentUrl":"https:\/\/siemysli-ke.info\/wp-content\/uploads\/2022\/05\/Berlin.jpg","width":1024,"height":663},{"@type":"BreadcrumbList","@id":"https:\/\/siemysli-ke.info\/en\/polski-dzien-porazki-z-nazizmem-i-bandyerytyzmem\/#breadcrumb","itemListElement":[{"@type":"ListItem","position":1,"name":"Home","item":"https:\/\/siemysli-ke.info\/en\/"},{"@type":"ListItem","position":2,"name":"(Polski) Polski Dzie\u0144 Pora\u017cki z Nazizmem i Bandy(ery)tyzmem!"}]},{"@type":"WebSite","@id":"https:\/\/siemysli-ke.info\/en\/#website","url":"https:\/\/siemysli-ke.info\/en\/","name":"SI\u0118 MY\u015aLI","description":"","publisher":{"@id":"https:\/\/siemysli-ke.info\/en\/#organization"},"potentialAction":[{"@type":"SearchAction","target":{"@type":"EntryPoint","urlTemplate":"https:\/\/siemysli-ke.info\/en\/?s={search_term_string}"},"query-input":{"@type":"PropertyValueSpecification","valueRequired":true,"valueName":"search_term_string"}}],"inLanguage":"en-US"},{"@type":"Organization","@id":"https:\/\/siemysli-ke.info\/en\/#organization","name":"SI\u0118 MY\u015aLI","url":"https:\/\/siemysli-ke.info\/en\/","logo":{"@type":"ImageObject","inLanguage":"en-US","@id":"https:\/\/siemysli-ke.info\/en\/#\/schema\/logo\/image\/","url":"https:\/\/siemysli-ke.info\/wp-content\/uploads\/2025\/05\/99.png","contentUrl":"https:\/\/siemysli-ke.info\/wp-content\/uploads\/2025\/05\/99.png","width":270,"height":204,"caption":"SI\u0118 MY\u015aLI"},"image":{"@id":"https:\/\/siemysli-ke.info\/en\/#\/schema\/logo\/image\/"}},{"@type":"Person","@id":"https:\/\/siemysli-ke.info\/#\/schema\/person\/75326687448d6abf738b156f56385210","name":"...","image":{"@type":"ImageObject","inLanguage":"en-US","@id":"https:\/\/siemysli-ke.info\/en\/#\/schema\/person\/image\/","url":"https:\/\/secure.gravatar.com\/avatar\/33a3c2559155e1b4add65cf88cafda785aeb920f44b97c7055b07866ab5b13c2?s=96&d=mm&r=g","contentUrl":"https:\/\/secure.gravatar.com\/avatar\/33a3c2559155e1b4add65cf88cafda785aeb920f44b97c7055b07866ab5b13c2?s=96&d=mm&r=g","caption":"..."},"url":"https:\/\/siemysli-ke.info\/en\/author\/lele\/"}]}},"_links":{"self":[{"href":"https:\/\/siemysli-ke.info\/en\/wp-json\/wp\/v2\/posts\/41326","targetHints":{"allow":["GET"]}}],"collection":[{"href":"https:\/\/siemysli-ke.info\/en\/wp-json\/wp\/v2\/posts"}],"about":[{"href":"https:\/\/siemysli-ke.info\/en\/wp-json\/wp\/v2\/types\/post"}],"author":[{"embeddable":true,"href":"https:\/\/siemysli-ke.info\/en\/wp-json\/wp\/v2\/users\/3"}],"replies":[{"embeddable":true,"href":"https:\/\/siemysli-ke.info\/en\/wp-json\/wp\/v2\/comments?post=41326"}],"version-history":[{"count":0,"href":"https:\/\/siemysli-ke.info\/en\/wp-json\/wp\/v2\/posts\/41326\/revisions"}],"wp:featuredmedia":[{"embeddable":true,"href":"https:\/\/siemysli-ke.info\/en\/wp-json\/wp\/v2\/media\/41327"}],"wp:attachment":[{"href":"https:\/\/siemysli-ke.info\/en\/wp-json\/wp\/v2\/media?parent=41326"}],"wp:term":[{"taxonomy":"category","embeddable":true,"href":"https:\/\/siemysli-ke.info\/en\/wp-json\/wp\/v2\/categories?post=41326"},{"taxonomy":"post_tag","embeddable":true,"href":"https:\/\/siemysli-ke.info\/en\/wp-json\/wp\/v2\/tags?post=41326"}],"curies":[{"name":"wp","href":"https:\/\/api.w.org\/{rel}","templated":true}]}}