 {"id":41223,"date":"2022-04-17T16:02:19","date_gmt":"2022-04-17T14:02:19","guid":{"rendered":"https:\/\/siemysli-ke.info\/?p=41223"},"modified":"2022-04-17T16:03:40","modified_gmt":"2022-04-17T14:03:40","slug":"wielkanoc-2022-radosna-czy-smutna","status":"publish","type":"post","link":"https:\/\/siemysli-ke.info\/en\/wielkanoc-2022-radosna-czy-smutna\/","title":{"rendered":"(Polski) Wielkanoc 2022. Radosna czy smutna?"},"content":{"rendered":"<p class=\"qtranxs-available-languages-message qtranxs-available-languages-message-en\">Sorry, this entry is only available in <a href=\"https:\/\/siemysli-ke.info\/pl\/wp-json\/wp\/v2\/posts\/41223\" class=\"qtranxs-available-language-link qtranxs-available-language-link-pl\" title=\"Polski\">Polski<\/a>.<\/p>","protected":false},"excerpt":{"rendered":"<p>Sorry, this entry is only available in Polski.<\/p>\n","protected":false},"author":3,"featured_media":41224,"comment_status":"open","ping_status":"open","sticky":false,"template":"","format":"standard","meta":{"colormag_page_layout":"default_layout","footnotes":""},"categories":[3,17743],"tags":[23987,23994,11787,23989,23992,4345,23990,23988,23993,11788,23991,4768,23995,2684],"class_list":["post-41223","post","type-post","status-publish","format-standard","has-post-thumbnail","hentry","category-kultura","category-polecane","tag-antyk","tag-blogoslawienstwo-odkupienia-rodzaju-ludzkiego","tag-czlowiek-bez-wlasciwosci","tag-czlowiek-fragmentaryczny","tag-degrengolada-sluzby-zdrowia","tag-lichwa","tag-metawersum","tag-niewolnik-mediow-i-korporacji","tag-polska-wielkanoc","tag-robert-musil","tag-si","tag-sredniowiecze","tag-www-siemysli-ke-info","tag-zbigniew-kot"],"yoast_head":"<!-- This site is optimized with the Yoast SEO plugin v25.1 - https:\/\/yoast.com\/wordpress\/plugins\/seo\/ -->\n<title>(Polski) (Polski) Wielkanoc 2022. Radosna czy smutna? - SI\u0118 MY\u015aLI<\/title>\n<meta name=\"robots\" content=\"index, follow, max-snippet:-1, max-image-preview:large, max-video-preview:-1\" \/>\n<link rel=\"canonical\" href=\"https:\/\/siemysli-ke.info\/en\/wielkanoc-2022-radosna-czy-smutna\/\" \/>\n<meta property=\"og:locale\" content=\"en_US\" \/>\n<meta property=\"og:type\" content=\"article\" \/>\n<meta property=\"og:title\" content=\"(Polski) (Polski) Wielkanoc 2022. Radosna czy smutna? - SI\u0118 MY\u015aLI\" \/>\n<meta property=\"og:description\" content=\"Sorry, this entry is only available in Polski.\" \/>\n<meta property=\"og:url\" content=\"https:\/\/siemysli-ke.info\/en\/wielkanoc-2022-radosna-czy-smutna\/\" \/>\n<meta property=\"og:site_name\" content=\"SI\u0118 MY\u015aLI\" \/>\n<meta property=\"article:published_time\" content=\"2022-04-17T14:02:19+00:00\" \/>\n<meta property=\"article:modified_time\" content=\"2022-04-17T14:03:40+00:00\" \/>\n<meta property=\"og:image\" content=\"https:\/\/siemysli-ke.info\/wp-content\/uploads\/2022\/04\/img059.jpg\" \/>\n\t<meta property=\"og:image:width\" content=\"709\" \/>\n\t<meta property=\"og:image:height\" content=\"928\" \/>\n\t<meta property=\"og:image:type\" content=\"image\/jpeg\" \/>\n<meta name=\"author\" content=\"...\" \/>\n<meta name=\"twitter:label1\" content=\"Written by\" \/>\n\t<meta name=\"twitter:data1\" content=\"...\" \/>\n\t<meta name=\"twitter:label2\" content=\"Est. reading time\" \/>\n\t<meta name=\"twitter:data2\" content=\"2 minutes\" \/>\n<script type=\"application\/ld+json\" class=\"yoast-schema-graph\">{\"@context\":\"https:\/\/schema.org\",\"@graph\":[{\"@type\":\"Article\",\"@id\":\"https:\/\/siemysli-ke.info\/en\/wielkanoc-2022-radosna-czy-smutna\/#article\",\"isPartOf\":{\"@id\":\"https:\/\/siemysli-ke.info\/en\/wielkanoc-2022-radosna-czy-smutna\/\"},\"author\":{\"name\":\"...\",\"@id\":\"https:\/\/siemysli-ke.info\/#\/schema\/person\/75326687448d6abf738b156f56385210\"},\"headline\":\"(Polski) Wielkanoc 2022. Radosna czy smutna?\",\"datePublished\":\"2022-04-17T14:02:19+00:00\",\"dateModified\":\"2022-04-17T14:03:40+00:00\",\"mainEntityOfPage\":{\"@id\":\"https:\/\/siemysli-ke.info\/en\/wielkanoc-2022-radosna-czy-smutna\/\"},\"wordCount\":284,\"commentCount\":0,\"publisher\":{\"@id\":\"https:\/\/siemysli-ke.info\/#organization\"},\"image\":{\"@id\":\"https:\/\/siemysli-ke.info\/en\/wielkanoc-2022-radosna-czy-smutna\/#primaryimage\"},\"thumbnailUrl\":\"https:\/\/siemysli-ke.info\/wp-content\/uploads\/2022\/04\/img059.jpg\",\"keywords\":[\"Antyk\",\"b\u0142ogos\u0142awie\u0144stwo odkupienia rodzaju ludzkiego\",\"cz\u0142owiek bez w\u0142a\u015bciwo\u015bci\",\"cz\u0142owiek fragmentaryczny\",\"degrengolada s\u0142u\u017cby zdrowia\",\"lichwa\",\"metawersum\",\"niewolnik medi\u00f3w i korporacji\",\"polska Wielkanoc\",\"Robert Musil\",\"SI\",\"\u015aredniowiecze\",\"www.siemysli-ke.info\",\"Zbigniew Kot\"],\"articleSection\":[\"Kultura\",\"Polecane\"],\"inLanguage\":\"en-US\",\"potentialAction\":[{\"@type\":\"CommentAction\",\"name\":\"Comment\",\"target\":[\"https:\/\/siemysli-ke.info\/en\/wielkanoc-2022-radosna-czy-smutna\/#respond\"]}]},{\"@type\":\"WebPage\",\"@id\":\"https:\/\/siemysli-ke.info\/en\/wielkanoc-2022-radosna-czy-smutna\/\",\"url\":\"https:\/\/siemysli-ke.info\/en\/wielkanoc-2022-radosna-czy-smutna\/\",\"name\":\"(Polski) (Polski) Wielkanoc 2022. Radosna czy smutna? - SI\u0118 MY\u015aLI\",\"isPartOf\":{\"@id\":\"https:\/\/siemysli-ke.info\/en\/#website\"},\"primaryImageOfPage\":{\"@id\":\"https:\/\/siemysli-ke.info\/en\/wielkanoc-2022-radosna-czy-smutna\/#primaryimage\"},\"image\":{\"@id\":\"https:\/\/siemysli-ke.info\/en\/wielkanoc-2022-radosna-czy-smutna\/#primaryimage\"},\"thumbnailUrl\":\"https:\/\/siemysli-ke.info\/wp-content\/uploads\/2022\/04\/img059.jpg\",\"datePublished\":\"2022-04-17T14:02:19+00:00\",\"dateModified\":\"2022-04-17T14:03:40+00:00\",\"breadcrumb\":{\"@id\":\"https:\/\/siemysli-ke.info\/en\/wielkanoc-2022-radosna-czy-smutna\/#breadcrumb\"},\"inLanguage\":\"en-US\",\"potentialAction\":[{\"@type\":\"ReadAction\",\"target\":[[\"https:\/\/siemysli-ke.info\/en\/wielkanoc-2022-radosna-czy-smutna\/\"]]}]},{\"@type\":\"ImageObject\",\"inLanguage\":\"en-US\",\"@id\":\"https:\/\/siemysli-ke.info\/en\/wielkanoc-2022-radosna-czy-smutna\/#primaryimage\",\"url\":\"https:\/\/siemysli-ke.info\/wp-content\/uploads\/2022\/04\/img059.jpg\",\"contentUrl\":\"https:\/\/siemysli-ke.info\/wp-content\/uploads\/2022\/04\/img059.jpg\",\"width\":709,\"height\":928},{\"@type\":\"BreadcrumbList\",\"@id\":\"https:\/\/siemysli-ke.info\/en\/wielkanoc-2022-radosna-czy-smutna\/#breadcrumb\",\"itemListElement\":[{\"@type\":\"ListItem\",\"position\":1,\"name\":\"Home\",\"item\":\"https:\/\/siemysli-ke.info\/en\/\"},{\"@type\":\"ListItem\",\"position\":2,\"name\":\"(Polski) Wielkanoc 2022. Radosna czy smutna?\"}]},{\"@type\":\"WebSite\",\"@id\":\"https:\/\/siemysli-ke.info\/en\/#website\",\"url\":\"https:\/\/siemysli-ke.info\/en\/\",\"name\":\"SI\u0118 MY\u015aLI\",\"description\":\"\",\"publisher\":{\"@id\":\"https:\/\/siemysli-ke.info\/en\/#organization\"},\"potentialAction\":[{\"@type\":\"SearchAction\",\"target\":{\"@type\":\"EntryPoint\",\"urlTemplate\":\"https:\/\/siemysli-ke.info\/en\/?s={search_term_string}\"},\"query-input\":{\"@type\":\"PropertyValueSpecification\",\"valueRequired\":true,\"valueName\":\"search_term_string\"}}],\"inLanguage\":\"en-US\"},{\"@type\":\"Organization\",\"@id\":\"https:\/\/siemysli-ke.info\/en\/#organization\",\"name\":\"SI\u0118 MY\u015aLI\",\"url\":\"https:\/\/siemysli-ke.info\/en\/\",\"logo\":{\"@type\":\"ImageObject\",\"inLanguage\":\"en-US\",\"@id\":\"https:\/\/siemysli-ke.info\/en\/#\/schema\/logo\/image\/\",\"url\":\"https:\/\/siemysli-ke.info\/wp-content\/uploads\/2025\/05\/99.png\",\"contentUrl\":\"https:\/\/siemysli-ke.info\/wp-content\/uploads\/2025\/05\/99.png\",\"width\":270,\"height\":204,\"caption\":\"SI\u0118 MY\u015aLI\"},\"image\":{\"@id\":\"https:\/\/siemysli-ke.info\/en\/#\/schema\/logo\/image\/\"}},{\"@type\":\"Person\",\"@id\":\"https:\/\/siemysli-ke.info\/#\/schema\/person\/75326687448d6abf738b156f56385210\",\"name\":\"...\",\"image\":{\"@type\":\"ImageObject\",\"inLanguage\":\"en-US\",\"@id\":\"https:\/\/siemysli-ke.info\/en\/#\/schema\/person\/image\/\",\"url\":\"https:\/\/secure.gravatar.com\/avatar\/33a3c2559155e1b4add65cf88cafda785aeb920f44b97c7055b07866ab5b13c2?s=96&d=mm&r=g\",\"contentUrl\":\"https:\/\/secure.gravatar.com\/avatar\/33a3c2559155e1b4add65cf88cafda785aeb920f44b97c7055b07866ab5b13c2?s=96&d=mm&r=g\",\"caption\":\"...\"},\"url\":\"https:\/\/siemysli-ke.info\/en\/author\/lele\/\"}]}<\/script>\n<!-- \/ Yoast SEO plugin. -->","yoast_head_json":{"title":"(Polski) (Polski) Wielkanoc 2022. Radosna czy smutna? - SI\u0118 MY\u015aLI","robots":{"index":"index","follow":"follow","max-snippet":"max-snippet:-1","max-image-preview":"max-image-preview:large","max-video-preview":"max-video-preview:-1"},"canonical":"https:\/\/siemysli-ke.info\/en\/wielkanoc-2022-radosna-czy-smutna\/","og_locale":"en_US","og_type":"article","og_title":"(Polski) (Polski) Wielkanoc 2022. Radosna czy smutna? - SI\u0118 MY\u015aLI","og_description":"Sorry, this entry is only available in Polski.","og_url":"https:\/\/siemysli-ke.info\/en\/wielkanoc-2022-radosna-czy-smutna\/","og_site_name":"SI\u0118 MY\u015aLI","article_published_time":"2022-04-17T14:02:19+00:00","article_modified_time":"2022-04-17T14:03:40+00:00","og_image":[{"width":709,"height":928,"url":"https:\/\/siemysli-ke.info\/wp-content\/uploads\/2022\/04\/img059.jpg","type":"image\/jpeg"}],"author":"...","twitter_misc":{"Written by":"...","Est. reading time":"2 minutes"},"schema":{"@context":"https:\/\/schema.org","@graph":[{"@type":"Article","@id":"https:\/\/siemysli-ke.info\/en\/wielkanoc-2022-radosna-czy-smutna\/#article","isPartOf":{"@id":"https:\/\/siemysli-ke.info\/en\/wielkanoc-2022-radosna-czy-smutna\/"},"author":{"name":"...","@id":"https:\/\/siemysli-ke.info\/#\/schema\/person\/75326687448d6abf738b156f56385210"},"headline":"(Polski) Wielkanoc 2022. Radosna czy smutna?","datePublished":"2022-04-17T14:02:19+00:00","dateModified":"2022-04-17T14:03:40+00:00","mainEntityOfPage":{"@id":"https:\/\/siemysli-ke.info\/en\/wielkanoc-2022-radosna-czy-smutna\/"},"wordCount":284,"commentCount":0,"publisher":{"@id":"https:\/\/siemysli-ke.info\/#organization"},"image":{"@id":"https:\/\/siemysli-ke.info\/en\/wielkanoc-2022-radosna-czy-smutna\/#primaryimage"},"thumbnailUrl":"https:\/\/siemysli-ke.info\/wp-content\/uploads\/2022\/04\/img059.jpg","keywords":["Antyk","b\u0142ogos\u0142awie\u0144stwo odkupienia rodzaju ludzkiego","cz\u0142owiek bez w\u0142a\u015bciwo\u015bci","cz\u0142owiek fragmentaryczny","degrengolada s\u0142u\u017cby zdrowia","lichwa","metawersum","niewolnik medi\u00f3w i korporacji","polska Wielkanoc","Robert Musil","SI","\u015aredniowiecze","www.siemysli-ke.info","Zbigniew Kot"],"articleSection":["Kultura","Polecane"],"inLanguage":"en-US","potentialAction":[{"@type":"CommentAction","name":"Comment","target":["https:\/\/siemysli-ke.info\/en\/wielkanoc-2022-radosna-czy-smutna\/#respond"]}]},{"@type":"WebPage","@id":"https:\/\/siemysli-ke.info\/en\/wielkanoc-2022-radosna-czy-smutna\/","url":"https:\/\/siemysli-ke.info\/en\/wielkanoc-2022-radosna-czy-smutna\/","name":"(Polski) (Polski) Wielkanoc 2022. Radosna czy smutna? - SI\u0118 MY\u015aLI","isPartOf":{"@id":"https:\/\/siemysli-ke.info\/en\/#website"},"primaryImageOfPage":{"@id":"https:\/\/siemysli-ke.info\/en\/wielkanoc-2022-radosna-czy-smutna\/#primaryimage"},"image":{"@id":"https:\/\/siemysli-ke.info\/en\/wielkanoc-2022-radosna-czy-smutna\/#primaryimage"},"thumbnailUrl":"https:\/\/siemysli-ke.info\/wp-content\/uploads\/2022\/04\/img059.jpg","datePublished":"2022-04-17T14:02:19+00:00","dateModified":"2022-04-17T14:03:40+00:00","breadcrumb":{"@id":"https:\/\/siemysli-ke.info\/en\/wielkanoc-2022-radosna-czy-smutna\/#breadcrumb"},"inLanguage":"en-US","potentialAction":[{"@type":"ReadAction","target":[["https:\/\/siemysli-ke.info\/en\/wielkanoc-2022-radosna-czy-smutna\/"]]}]},{"@type":"ImageObject","inLanguage":"en-US","@id":"https:\/\/siemysli-ke.info\/en\/wielkanoc-2022-radosna-czy-smutna\/#primaryimage","url":"https:\/\/siemysli-ke.info\/wp-content\/uploads\/2022\/04\/img059.jpg","contentUrl":"https:\/\/siemysli-ke.info\/wp-content\/uploads\/2022\/04\/img059.jpg","width":709,"height":928},{"@type":"BreadcrumbList","@id":"https:\/\/siemysli-ke.info\/en\/wielkanoc-2022-radosna-czy-smutna\/#breadcrumb","itemListElement":[{"@type":"ListItem","position":1,"name":"Home","item":"https:\/\/siemysli-ke.info\/en\/"},{"@type":"ListItem","position":2,"name":"(Polski) Wielkanoc 2022. Radosna czy smutna?"}]},{"@type":"WebSite","@id":"https:\/\/siemysli-ke.info\/en\/#website","url":"https:\/\/siemysli-ke.info\/en\/","name":"SI\u0118 MY\u015aLI","description":"","publisher":{"@id":"https:\/\/siemysli-ke.info\/en\/#organization"},"potentialAction":[{"@type":"SearchAction","target":{"@type":"EntryPoint","urlTemplate":"https:\/\/siemysli-ke.info\/en\/?s={search_term_string}"},"query-input":{"@type":"PropertyValueSpecification","valueRequired":true,"valueName":"search_term_string"}}],"inLanguage":"en-US"},{"@type":"Organization","@id":"https:\/\/siemysli-ke.info\/en\/#organization","name":"SI\u0118 MY\u015aLI","url":"https:\/\/siemysli-ke.info\/en\/","logo":{"@type":"ImageObject","inLanguage":"en-US","@id":"https:\/\/siemysli-ke.info\/en\/#\/schema\/logo\/image\/","url":"https:\/\/siemysli-ke.info\/wp-content\/uploads\/2025\/05\/99.png","contentUrl":"https:\/\/siemysli-ke.info\/wp-content\/uploads\/2025\/05\/99.png","width":270,"height":204,"caption":"SI\u0118 MY\u015aLI"},"image":{"@id":"https:\/\/siemysli-ke.info\/en\/#\/schema\/logo\/image\/"}},{"@type":"Person","@id":"https:\/\/siemysli-ke.info\/#\/schema\/person\/75326687448d6abf738b156f56385210","name":"...","image":{"@type":"ImageObject","inLanguage":"en-US","@id":"https:\/\/siemysli-ke.info\/en\/#\/schema\/person\/image\/","url":"https:\/\/secure.gravatar.com\/avatar\/33a3c2559155e1b4add65cf88cafda785aeb920f44b97c7055b07866ab5b13c2?s=96&d=mm&r=g","contentUrl":"https:\/\/secure.gravatar.com\/avatar\/33a3c2559155e1b4add65cf88cafda785aeb920f44b97c7055b07866ab5b13c2?s=96&d=mm&r=g","caption":"..."},"url":"https:\/\/siemysli-ke.info\/en\/author\/lele\/"}]}},"_links":{"self":[{"href":"https:\/\/siemysli-ke.info\/en\/wp-json\/wp\/v2\/posts\/41223","targetHints":{"allow":["GET"]}}],"collection":[{"href":"https:\/\/siemysli-ke.info\/en\/wp-json\/wp\/v2\/posts"}],"about":[{"href":"https:\/\/siemysli-ke.info\/en\/wp-json\/wp\/v2\/types\/post"}],"author":[{"embeddable":true,"href":"https:\/\/siemysli-ke.info\/en\/wp-json\/wp\/v2\/users\/3"}],"replies":[{"embeddable":true,"href":"https:\/\/siemysli-ke.info\/en\/wp-json\/wp\/v2\/comments?post=41223"}],"version-history":[{"count":0,"href":"https:\/\/siemysli-ke.info\/en\/wp-json\/wp\/v2\/posts\/41223\/revisions"}],"wp:featuredmedia":[{"embeddable":true,"href":"https:\/\/siemysli-ke.info\/en\/wp-json\/wp\/v2\/media\/41224"}],"wp:attachment":[{"href":"https:\/\/siemysli-ke.info\/en\/wp-json\/wp\/v2\/media?parent=41223"}],"wp:term":[{"taxonomy":"category","embeddable":true,"href":"https:\/\/siemysli-ke.info\/en\/wp-json\/wp\/v2\/categories?post=41223"},{"taxonomy":"post_tag","embeddable":true,"href":"https:\/\/siemysli-ke.info\/en\/wp-json\/wp\/v2\/tags?post=41223"}],"curies":[{"name":"wp","href":"https:\/\/api.w.org\/{rel}","templated":true}]}}