 {"id":40450,"date":"2021-12-13T17:09:38","date_gmt":"2021-12-13T16:09:38","guid":{"rendered":"https:\/\/siemysli-ke.info\/?p=40450"},"modified":"2021-12-13T17:09:38","modified_gmt":"2021-12-13T16:09:38","slug":"13-grudnia-1981-jednym-zaswiecila-gwiazdka-z-nieba-drugim-do-dzis-przyszlo-zyc-z-kajdanami-u-nog","status":"publish","type":"post","link":"https:\/\/siemysli-ke.info\/en\/13-grudnia-1981-jednym-zaswiecila-gwiazdka-z-nieba-drugim-do-dzis-przyszlo-zyc-z-kajdanami-u-nog\/","title":{"rendered":"(Polski) 13. grudnia 1981 &#8211; jednym za\u015bwieci\u0142a gwiazdka z nieba, drugim do dzi\u015b przysz\u0142o \u017cy\u0107 z kajdanami u n\u00f3g\u2026"},"content":{"rendered":"<p class=\"qtranxs-available-languages-message qtranxs-available-languages-message-en\">Sorry, this entry is only available in <a href=\"https:\/\/siemysli-ke.info\/pl\/wp-json\/wp\/v2\/posts\/40450\" class=\"qtranxs-available-language-link qtranxs-available-language-link-pl\" title=\"Polski\">Polski<\/a>.<\/p>","protected":false},"excerpt":{"rendered":"<p>Sorry, this entry is only available in Polski.<\/p>\n","protected":false},"author":3,"featured_media":40451,"comment_status":"open","ping_status":"open","sticky":false,"template":"","format":"standard","meta":{"colormag_page_layout":"default_layout","footnotes":""},"categories":[81,17742],"tags":[11774,23177,1691,8232,262,2144,2531,23178,23179,202,23181,23180,1661],"class_list":["post-40450","post","type-post","status-publish","format-standard","has-post-thumbnail","hentry","category-rzeczpospolita","category-wyroznione","tag-spartak-moskwa","tag-13-grudnia-1981-roku","tag-adam-michnik","tag-anita-gargas","tag-donald-tusk","tag-jerzy-giedroyc","tag-legia-warszawa","tag-liga-europy","tag-likwidacja-nszz-solidarnosc-w-grudniu-1981","tag-roman-boryczko","tag-stan-wojenny-1981-1983","tag-teresa-toranska","tag-wojciech-jaruzelski"],"yoast_head":"<!-- This site is optimized with the Yoast SEO plugin v25.1 - https:\/\/yoast.com\/wordpress\/plugins\/seo\/ -->\n<title>(Polski) 13. grudnia 1981 - jednym za\u015bwieci\u0142a gwiazdka z nieba, drugim do dzi\u015b przysz\u0142o \u017cy\u0107 z kajdanami u n\u00f3g\u2026 - SI\u0118 MY\u015aLI<\/title>\n<meta name=\"robots\" content=\"index, follow, max-snippet:-1, max-image-preview:large, max-video-preview:-1\" \/>\n<link rel=\"canonical\" href=\"https:\/\/siemysli-ke.info\/en\/13-grudnia-1981-jednym-zaswiecila-gwiazdka-z-nieba-drugim-do-dzis-przyszlo-zyc-z-kajdanami-u-nog\/\" \/>\n<meta property=\"og:locale\" content=\"en_US\" \/>\n<meta property=\"og:type\" content=\"article\" \/>\n<meta property=\"og:title\" content=\"(Polski) 13. grudnia 1981 - jednym za\u015bwieci\u0142a gwiazdka z nieba, drugim do dzi\u015b przysz\u0142o \u017cy\u0107 z kajdanami u n\u00f3g\u2026 - SI\u0118 MY\u015aLI\" \/>\n<meta property=\"og:description\" content=\"Sorry, this entry is only available in Polski.\" \/>\n<meta property=\"og:url\" content=\"https:\/\/siemysli-ke.info\/en\/13-grudnia-1981-jednym-zaswiecila-gwiazdka-z-nieba-drugim-do-dzis-przyszlo-zyc-z-kajdanami-u-nog\/\" \/>\n<meta property=\"og:site_name\" content=\"SI\u0118 MY\u015aLI\" \/>\n<meta property=\"article:published_time\" content=\"2021-12-13T16:09:38+00:00\" \/>\n<meta property=\"og:image\" content=\"https:\/\/siemysli-ke.info\/wp-content\/uploads\/2021\/12\/13.XII_.81-Wrocek.jpg\" \/>\n\t<meta property=\"og:image:width\" content=\"800\" \/>\n\t<meta property=\"og:image:height\" content=\"629\" \/>\n\t<meta property=\"og:image:type\" content=\"image\/jpeg\" \/>\n<meta name=\"author\" content=\"...\" \/>\n<meta name=\"twitter:label1\" content=\"Written by\" \/>\n\t<meta name=\"twitter:data1\" content=\"...\" \/>\n\t<meta name=\"twitter:label2\" content=\"Est. reading time\" \/>\n\t<meta name=\"twitter:data2\" content=\"4 minutes\" \/>\n<script type=\"application\/ld+json\" class=\"yoast-schema-graph\">{\"@context\":\"https:\/\/schema.org\",\"@graph\":[{\"@type\":\"Article\",\"@id\":\"https:\/\/siemysli-ke.info\/en\/13-grudnia-1981-jednym-zaswiecila-gwiazdka-z-nieba-drugim-do-dzis-przyszlo-zyc-z-kajdanami-u-nog\/#article\",\"isPartOf\":{\"@id\":\"https:\/\/siemysli-ke.info\/en\/13-grudnia-1981-jednym-zaswiecila-gwiazdka-z-nieba-drugim-do-dzis-przyszlo-zyc-z-kajdanami-u-nog\/\"},\"author\":{\"name\":\"...\",\"@id\":\"https:\/\/siemysli-ke.info\/#\/schema\/person\/75326687448d6abf738b156f56385210\"},\"headline\":\"(Polski) 13. grudnia 1981 &#8211; jednym za\u015bwieci\u0142a gwiazdka z nieba, drugim do dzi\u015b przysz\u0142o \u017cy\u0107 z kajdanami u n\u00f3g\u2026\",\"datePublished\":\"2021-12-13T16:09:38+00:00\",\"mainEntityOfPage\":{\"@id\":\"https:\/\/siemysli-ke.info\/en\/13-grudnia-1981-jednym-zaswiecila-gwiazdka-z-nieba-drugim-do-dzis-przyszlo-zyc-z-kajdanami-u-nog\/\"},\"wordCount\":807,\"commentCount\":3,\"publisher\":{\"@id\":\"https:\/\/siemysli-ke.info\/#organization\"},\"image\":{\"@id\":\"https:\/\/siemysli-ke.info\/en\/13-grudnia-1981-jednym-zaswiecila-gwiazdka-z-nieba-drugim-do-dzis-przyszlo-zyc-z-kajdanami-u-nog\/#primaryimage\"},\"thumbnailUrl\":\"https:\/\/siemysli-ke.info\/wp-content\/uploads\/2021\/12\/13.XII_.81-Wrocek.jpg\",\"keywords\":[\"\\\"Spartak\\\" Moskwa\",\"13. grudnia 1981 roku\",\"Adam Michnik\",\"Anita Gargas\",\"Donald Tusk\",\"Jerzy Giedroyc\",\"Legia Warszawa\",\"Liga Europy\",\"likwidacja NSZZ \\\"Solidarno\u015b\u0107\\\" w grudniu 1981\",\"Roman Boryczko\",\"stan wojenny 1981-1983\",\"Teresa Tora\u0144ska\",\"Wojciech Jaruzelski\"],\"articleSection\":[\"Rzeczypospolita\",\"wyroznione\"],\"inLanguage\":\"en-US\",\"potentialAction\":[{\"@type\":\"CommentAction\",\"name\":\"Comment\",\"target\":[\"https:\/\/siemysli-ke.info\/en\/13-grudnia-1981-jednym-zaswiecila-gwiazdka-z-nieba-drugim-do-dzis-przyszlo-zyc-z-kajdanami-u-nog\/#respond\"]}]},{\"@type\":\"WebPage\",\"@id\":\"https:\/\/siemysli-ke.info\/en\/13-grudnia-1981-jednym-zaswiecila-gwiazdka-z-nieba-drugim-do-dzis-przyszlo-zyc-z-kajdanami-u-nog\/\",\"url\":\"https:\/\/siemysli-ke.info\/en\/13-grudnia-1981-jednym-zaswiecila-gwiazdka-z-nieba-drugim-do-dzis-przyszlo-zyc-z-kajdanami-u-nog\/\",\"name\":\"(Polski) 13. grudnia 1981 - jednym za\u015bwieci\u0142a gwiazdka z nieba, drugim do dzi\u015b przysz\u0142o \u017cy\u0107 z kajdanami u n\u00f3g\u2026 - SI\u0118 MY\u015aLI\",\"isPartOf\":{\"@id\":\"https:\/\/siemysli-ke.info\/en\/#website\"},\"primaryImageOfPage\":{\"@id\":\"https:\/\/siemysli-ke.info\/en\/13-grudnia-1981-jednym-zaswiecila-gwiazdka-z-nieba-drugim-do-dzis-przyszlo-zyc-z-kajdanami-u-nog\/#primaryimage\"},\"image\":{\"@id\":\"https:\/\/siemysli-ke.info\/en\/13-grudnia-1981-jednym-zaswiecila-gwiazdka-z-nieba-drugim-do-dzis-przyszlo-zyc-z-kajdanami-u-nog\/#primaryimage\"},\"thumbnailUrl\":\"https:\/\/siemysli-ke.info\/wp-content\/uploads\/2021\/12\/13.XII_.81-Wrocek.jpg\",\"datePublished\":\"2021-12-13T16:09:38+00:00\",\"breadcrumb\":{\"@id\":\"https:\/\/siemysli-ke.info\/en\/13-grudnia-1981-jednym-zaswiecila-gwiazdka-z-nieba-drugim-do-dzis-przyszlo-zyc-z-kajdanami-u-nog\/#breadcrumb\"},\"inLanguage\":\"en-US\",\"potentialAction\":[{\"@type\":\"ReadAction\",\"target\":[[\"https:\/\/siemysli-ke.info\/en\/13-grudnia-1981-jednym-zaswiecila-gwiazdka-z-nieba-drugim-do-dzis-przyszlo-zyc-z-kajdanami-u-nog\/\"]]}]},{\"@type\":\"ImageObject\",\"inLanguage\":\"en-US\",\"@id\":\"https:\/\/siemysli-ke.info\/en\/13-grudnia-1981-jednym-zaswiecila-gwiazdka-z-nieba-drugim-do-dzis-przyszlo-zyc-z-kajdanami-u-nog\/#primaryimage\",\"url\":\"https:\/\/siemysli-ke.info\/wp-content\/uploads\/2021\/12\/13.XII_.81-Wrocek.jpg\",\"contentUrl\":\"https:\/\/siemysli-ke.info\/wp-content\/uploads\/2021\/12\/13.XII_.81-Wrocek.jpg\",\"width\":800,\"height\":629},{\"@type\":\"BreadcrumbList\",\"@id\":\"https:\/\/siemysli-ke.info\/en\/13-grudnia-1981-jednym-zaswiecila-gwiazdka-z-nieba-drugim-do-dzis-przyszlo-zyc-z-kajdanami-u-nog\/#breadcrumb\",\"itemListElement\":[{\"@type\":\"ListItem\",\"position\":1,\"name\":\"Home\",\"item\":\"https:\/\/siemysli-ke.info\/en\/\"},{\"@type\":\"ListItem\",\"position\":2,\"name\":\"(Polski) 13. grudnia 1981 &#8211; jednym za\u015bwieci\u0142a gwiazdka z nieba, drugim do dzi\u015b przysz\u0142o \u017cy\u0107 z kajdanami u n\u00f3g\u2026\"}]},{\"@type\":\"WebSite\",\"@id\":\"https:\/\/siemysli-ke.info\/en\/#website\",\"url\":\"https:\/\/siemysli-ke.info\/en\/\",\"name\":\"SI\u0118 MY\u015aLI\",\"description\":\"\",\"publisher\":{\"@id\":\"https:\/\/siemysli-ke.info\/en\/#organization\"},\"potentialAction\":[{\"@type\":\"SearchAction\",\"target\":{\"@type\":\"EntryPoint\",\"urlTemplate\":\"https:\/\/siemysli-ke.info\/en\/?s={search_term_string}\"},\"query-input\":{\"@type\":\"PropertyValueSpecification\",\"valueRequired\":true,\"valueName\":\"search_term_string\"}}],\"inLanguage\":\"en-US\"},{\"@type\":\"Organization\",\"@id\":\"https:\/\/siemysli-ke.info\/en\/#organization\",\"name\":\"SI\u0118 MY\u015aLI\",\"url\":\"https:\/\/siemysli-ke.info\/en\/\",\"logo\":{\"@type\":\"ImageObject\",\"inLanguage\":\"en-US\",\"@id\":\"https:\/\/siemysli-ke.info\/en\/#\/schema\/logo\/image\/\",\"url\":\"https:\/\/siemysli-ke.info\/wp-content\/uploads\/2025\/05\/99.png\",\"contentUrl\":\"https:\/\/siemysli-ke.info\/wp-content\/uploads\/2025\/05\/99.png\",\"width\":270,\"height\":204,\"caption\":\"SI\u0118 MY\u015aLI\"},\"image\":{\"@id\":\"https:\/\/siemysli-ke.info\/en\/#\/schema\/logo\/image\/\"}},{\"@type\":\"Person\",\"@id\":\"https:\/\/siemysli-ke.info\/#\/schema\/person\/75326687448d6abf738b156f56385210\",\"name\":\"...\",\"image\":{\"@type\":\"ImageObject\",\"inLanguage\":\"en-US\",\"@id\":\"https:\/\/siemysli-ke.info\/en\/#\/schema\/person\/image\/\",\"url\":\"https:\/\/secure.gravatar.com\/avatar\/33a3c2559155e1b4add65cf88cafda785aeb920f44b97c7055b07866ab5b13c2?s=96&d=mm&r=g\",\"contentUrl\":\"https:\/\/secure.gravatar.com\/avatar\/33a3c2559155e1b4add65cf88cafda785aeb920f44b97c7055b07866ab5b13c2?s=96&d=mm&r=g\",\"caption\":\"...\"},\"url\":\"https:\/\/siemysli-ke.info\/en\/author\/lele\/\"}]}<\/script>\n<!-- \/ Yoast SEO plugin. -->","yoast_head_json":{"title":"(Polski) 13. grudnia 1981 - jednym za\u015bwieci\u0142a gwiazdka z nieba, drugim do dzi\u015b przysz\u0142o \u017cy\u0107 z kajdanami u n\u00f3g\u2026 - SI\u0118 MY\u015aLI","robots":{"index":"index","follow":"follow","max-snippet":"max-snippet:-1","max-image-preview":"max-image-preview:large","max-video-preview":"max-video-preview:-1"},"canonical":"https:\/\/siemysli-ke.info\/en\/13-grudnia-1981-jednym-zaswiecila-gwiazdka-z-nieba-drugim-do-dzis-przyszlo-zyc-z-kajdanami-u-nog\/","og_locale":"en_US","og_type":"article","og_title":"(Polski) 13. grudnia 1981 - jednym za\u015bwieci\u0142a gwiazdka z nieba, drugim do dzi\u015b przysz\u0142o \u017cy\u0107 z kajdanami u n\u00f3g\u2026 - SI\u0118 MY\u015aLI","og_description":"Sorry, this entry is only available in Polski.","og_url":"https:\/\/siemysli-ke.info\/en\/13-grudnia-1981-jednym-zaswiecila-gwiazdka-z-nieba-drugim-do-dzis-przyszlo-zyc-z-kajdanami-u-nog\/","og_site_name":"SI\u0118 MY\u015aLI","article_published_time":"2021-12-13T16:09:38+00:00","og_image":[{"width":800,"height":629,"url":"https:\/\/siemysli-ke.info\/wp-content\/uploads\/2021\/12\/13.XII_.81-Wrocek.jpg","type":"image\/jpeg"}],"author":"...","twitter_misc":{"Written by":"...","Est. reading time":"4 minutes"},"schema":{"@context":"https:\/\/schema.org","@graph":[{"@type":"Article","@id":"https:\/\/siemysli-ke.info\/en\/13-grudnia-1981-jednym-zaswiecila-gwiazdka-z-nieba-drugim-do-dzis-przyszlo-zyc-z-kajdanami-u-nog\/#article","isPartOf":{"@id":"https:\/\/siemysli-ke.info\/en\/13-grudnia-1981-jednym-zaswiecila-gwiazdka-z-nieba-drugim-do-dzis-przyszlo-zyc-z-kajdanami-u-nog\/"},"author":{"name":"...","@id":"https:\/\/siemysli-ke.info\/#\/schema\/person\/75326687448d6abf738b156f56385210"},"headline":"(Polski) 13. grudnia 1981 &#8211; jednym za\u015bwieci\u0142a gwiazdka z nieba, drugim do dzi\u015b przysz\u0142o \u017cy\u0107 z kajdanami u n\u00f3g\u2026","datePublished":"2021-12-13T16:09:38+00:00","mainEntityOfPage":{"@id":"https:\/\/siemysli-ke.info\/en\/13-grudnia-1981-jednym-zaswiecila-gwiazdka-z-nieba-drugim-do-dzis-przyszlo-zyc-z-kajdanami-u-nog\/"},"wordCount":807,"commentCount":3,"publisher":{"@id":"https:\/\/siemysli-ke.info\/#organization"},"image":{"@id":"https:\/\/siemysli-ke.info\/en\/13-grudnia-1981-jednym-zaswiecila-gwiazdka-z-nieba-drugim-do-dzis-przyszlo-zyc-z-kajdanami-u-nog\/#primaryimage"},"thumbnailUrl":"https:\/\/siemysli-ke.info\/wp-content\/uploads\/2021\/12\/13.XII_.81-Wrocek.jpg","keywords":["\"Spartak\" Moskwa","13. grudnia 1981 roku","Adam Michnik","Anita Gargas","Donald Tusk","Jerzy Giedroyc","Legia Warszawa","Liga Europy","likwidacja NSZZ \"Solidarno\u015b\u0107\" w grudniu 1981","Roman Boryczko","stan wojenny 1981-1983","Teresa Tora\u0144ska","Wojciech Jaruzelski"],"articleSection":["Rzeczypospolita","wyroznione"],"inLanguage":"en-US","potentialAction":[{"@type":"CommentAction","name":"Comment","target":["https:\/\/siemysli-ke.info\/en\/13-grudnia-1981-jednym-zaswiecila-gwiazdka-z-nieba-drugim-do-dzis-przyszlo-zyc-z-kajdanami-u-nog\/#respond"]}]},{"@type":"WebPage","@id":"https:\/\/siemysli-ke.info\/en\/13-grudnia-1981-jednym-zaswiecila-gwiazdka-z-nieba-drugim-do-dzis-przyszlo-zyc-z-kajdanami-u-nog\/","url":"https:\/\/siemysli-ke.info\/en\/13-grudnia-1981-jednym-zaswiecila-gwiazdka-z-nieba-drugim-do-dzis-przyszlo-zyc-z-kajdanami-u-nog\/","name":"(Polski) 13. grudnia 1981 - jednym za\u015bwieci\u0142a gwiazdka z nieba, drugim do dzi\u015b przysz\u0142o \u017cy\u0107 z kajdanami u n\u00f3g\u2026 - SI\u0118 MY\u015aLI","isPartOf":{"@id":"https:\/\/siemysli-ke.info\/en\/#website"},"primaryImageOfPage":{"@id":"https:\/\/siemysli-ke.info\/en\/13-grudnia-1981-jednym-zaswiecila-gwiazdka-z-nieba-drugim-do-dzis-przyszlo-zyc-z-kajdanami-u-nog\/#primaryimage"},"image":{"@id":"https:\/\/siemysli-ke.info\/en\/13-grudnia-1981-jednym-zaswiecila-gwiazdka-z-nieba-drugim-do-dzis-przyszlo-zyc-z-kajdanami-u-nog\/#primaryimage"},"thumbnailUrl":"https:\/\/siemysli-ke.info\/wp-content\/uploads\/2021\/12\/13.XII_.81-Wrocek.jpg","datePublished":"2021-12-13T16:09:38+00:00","breadcrumb":{"@id":"https:\/\/siemysli-ke.info\/en\/13-grudnia-1981-jednym-zaswiecila-gwiazdka-z-nieba-drugim-do-dzis-przyszlo-zyc-z-kajdanami-u-nog\/#breadcrumb"},"inLanguage":"en-US","potentialAction":[{"@type":"ReadAction","target":[["https:\/\/siemysli-ke.info\/en\/13-grudnia-1981-jednym-zaswiecila-gwiazdka-z-nieba-drugim-do-dzis-przyszlo-zyc-z-kajdanami-u-nog\/"]]}]},{"@type":"ImageObject","inLanguage":"en-US","@id":"https:\/\/siemysli-ke.info\/en\/13-grudnia-1981-jednym-zaswiecila-gwiazdka-z-nieba-drugim-do-dzis-przyszlo-zyc-z-kajdanami-u-nog\/#primaryimage","url":"https:\/\/siemysli-ke.info\/wp-content\/uploads\/2021\/12\/13.XII_.81-Wrocek.jpg","contentUrl":"https:\/\/siemysli-ke.info\/wp-content\/uploads\/2021\/12\/13.XII_.81-Wrocek.jpg","width":800,"height":629},{"@type":"BreadcrumbList","@id":"https:\/\/siemysli-ke.info\/en\/13-grudnia-1981-jednym-zaswiecila-gwiazdka-z-nieba-drugim-do-dzis-przyszlo-zyc-z-kajdanami-u-nog\/#breadcrumb","itemListElement":[{"@type":"ListItem","position":1,"name":"Home","item":"https:\/\/siemysli-ke.info\/en\/"},{"@type":"ListItem","position":2,"name":"(Polski) 13. grudnia 1981 &#8211; jednym za\u015bwieci\u0142a gwiazdka z nieba, drugim do dzi\u015b przysz\u0142o \u017cy\u0107 z kajdanami u n\u00f3g\u2026"}]},{"@type":"WebSite","@id":"https:\/\/siemysli-ke.info\/en\/#website","url":"https:\/\/siemysli-ke.info\/en\/","name":"SI\u0118 MY\u015aLI","description":"","publisher":{"@id":"https:\/\/siemysli-ke.info\/en\/#organization"},"potentialAction":[{"@type":"SearchAction","target":{"@type":"EntryPoint","urlTemplate":"https:\/\/siemysli-ke.info\/en\/?s={search_term_string}"},"query-input":{"@type":"PropertyValueSpecification","valueRequired":true,"valueName":"search_term_string"}}],"inLanguage":"en-US"},{"@type":"Organization","@id":"https:\/\/siemysli-ke.info\/en\/#organization","name":"SI\u0118 MY\u015aLI","url":"https:\/\/siemysli-ke.info\/en\/","logo":{"@type":"ImageObject","inLanguage":"en-US","@id":"https:\/\/siemysli-ke.info\/en\/#\/schema\/logo\/image\/","url":"https:\/\/siemysli-ke.info\/wp-content\/uploads\/2025\/05\/99.png","contentUrl":"https:\/\/siemysli-ke.info\/wp-content\/uploads\/2025\/05\/99.png","width":270,"height":204,"caption":"SI\u0118 MY\u015aLI"},"image":{"@id":"https:\/\/siemysli-ke.info\/en\/#\/schema\/logo\/image\/"}},{"@type":"Person","@id":"https:\/\/siemysli-ke.info\/#\/schema\/person\/75326687448d6abf738b156f56385210","name":"...","image":{"@type":"ImageObject","inLanguage":"en-US","@id":"https:\/\/siemysli-ke.info\/en\/#\/schema\/person\/image\/","url":"https:\/\/secure.gravatar.com\/avatar\/33a3c2559155e1b4add65cf88cafda785aeb920f44b97c7055b07866ab5b13c2?s=96&d=mm&r=g","contentUrl":"https:\/\/secure.gravatar.com\/avatar\/33a3c2559155e1b4add65cf88cafda785aeb920f44b97c7055b07866ab5b13c2?s=96&d=mm&r=g","caption":"..."},"url":"https:\/\/siemysli-ke.info\/en\/author\/lele\/"}]}},"_links":{"self":[{"href":"https:\/\/siemysli-ke.info\/en\/wp-json\/wp\/v2\/posts\/40450","targetHints":{"allow":["GET"]}}],"collection":[{"href":"https:\/\/siemysli-ke.info\/en\/wp-json\/wp\/v2\/posts"}],"about":[{"href":"https:\/\/siemysli-ke.info\/en\/wp-json\/wp\/v2\/types\/post"}],"author":[{"embeddable":true,"href":"https:\/\/siemysli-ke.info\/en\/wp-json\/wp\/v2\/users\/3"}],"replies":[{"embeddable":true,"href":"https:\/\/siemysli-ke.info\/en\/wp-json\/wp\/v2\/comments?post=40450"}],"version-history":[{"count":0,"href":"https:\/\/siemysli-ke.info\/en\/wp-json\/wp\/v2\/posts\/40450\/revisions"}],"wp:featuredmedia":[{"embeddable":true,"href":"https:\/\/siemysli-ke.info\/en\/wp-json\/wp\/v2\/media\/40451"}],"wp:attachment":[{"href":"https:\/\/siemysli-ke.info\/en\/wp-json\/wp\/v2\/media?parent=40450"}],"wp:term":[{"taxonomy":"category","embeddable":true,"href":"https:\/\/siemysli-ke.info\/en\/wp-json\/wp\/v2\/categories?post=40450"},{"taxonomy":"post_tag","embeddable":true,"href":"https:\/\/siemysli-ke.info\/en\/wp-json\/wp\/v2\/tags?post=40450"}],"curies":[{"name":"wp","href":"https:\/\/api.w.org\/{rel}","templated":true}]}}