 {"id":40382,"date":"2021-12-04T15:52:09","date_gmt":"2021-12-04T14:52:09","guid":{"rendered":"https:\/\/siemysli-ke.info\/?p=40382"},"modified":"2021-12-04T15:55:51","modified_gmt":"2021-12-04T14:55:51","slug":"kalisz-gwozdziem-do-naszej-trumny-2","status":"publish","type":"post","link":"https:\/\/siemysli-ke.info\/en\/kalisz-gwozdziem-do-naszej-trumny-2\/","title":{"rendered":"(Polski) Kalisz &#8211; gwo\u017adziem do naszej trumny? (2)"},"content":{"rendered":"<p class=\"qtranxs-available-languages-message qtranxs-available-languages-message-en\">Sorry, this entry is only available in <a href=\"https:\/\/siemysli-ke.info\/pl\/wp-json\/wp\/v2\/posts\/40382\" class=\"qtranxs-available-language-link qtranxs-available-language-link-pl\" title=\"Polski\">Polski<\/a>.<\/p>","protected":false},"excerpt":{"rendered":"<p>Sorry, this entry is only available in Polski.<\/p>\n","protected":false},"author":3,"featured_media":40383,"comment_status":"open","ping_status":"open","sticky":false,"template":"","format":"standard","meta":{"colormag_page_layout":"default_layout","footnotes":""},"categories":[17743,81],"tags":[23102,23099,23089,23098,23101,23092,23093,23090,23094,20855,23096,23095,23088,202,23091,23100],"class_list":["post-40382","post","type-post","status-publish","format-standard","has-post-thumbnail","hentry","category-polecane","category-rzeczpospolita","tag-statut-kaliski-1264-r","tag-agnes-buzyn","tag-alfred-bourli","tag-antony-blinken","tag-boleslaw-pobozny","tag-david-zaslav","tag-igor-posczitkow","tag-international-federation-of-phonogram-producers-ifpi","tag-iwan-rodionow","tag-koronawirus-covid-19","tag-marsz-w-kaliszu-11-listopada-2021","tag-miedzynarodowy-sojusz-na-rzecz-pamieci-o-holokauscie-ihra","tag-nowy-temat-zastepczy","tag-roman-boryczko","tag-usc-shoah-foundation","tag-wojciech-olszanski-aka-aleksander-jablonowski"],"yoast_head":"<!-- This site is optimized with the Yoast SEO plugin v25.1 - https:\/\/yoast.com\/wordpress\/plugins\/seo\/ -->\n<title>(Polski) Kalisz - gwo\u017adziem do naszej trumny? (2) - SI\u0118 MY\u015aLI<\/title>\n<meta name=\"robots\" content=\"index, follow, max-snippet:-1, max-image-preview:large, max-video-preview:-1\" \/>\n<link rel=\"canonical\" href=\"https:\/\/siemysli-ke.info\/en\/kalisz-gwozdziem-do-naszej-trumny-2\/\" \/>\n<meta property=\"og:locale\" content=\"en_US\" \/>\n<meta property=\"og:type\" content=\"article\" \/>\n<meta property=\"og:title\" content=\"(Polski) Kalisz - gwo\u017adziem do naszej trumny? (2) - SI\u0118 MY\u015aLI\" \/>\n<meta property=\"og:description\" content=\"Sorry, this entry is only available in Polski.\" \/>\n<meta property=\"og:url\" content=\"https:\/\/siemysli-ke.info\/en\/kalisz-gwozdziem-do-naszej-trumny-2\/\" \/>\n<meta property=\"og:site_name\" content=\"SI\u0118 MY\u015aLI\" \/>\n<meta property=\"article:published_time\" content=\"2021-12-04T14:52:09+00:00\" \/>\n<meta property=\"article:modified_time\" content=\"2021-12-04T14:55:51+00:00\" \/>\n<meta property=\"og:image\" content=\"https:\/\/siemysli-ke.info\/wp-content\/uploads\/2021\/12\/Statut-Kaliski.jpg\" \/>\n\t<meta property=\"og:image:width\" content=\"777\" \/>\n\t<meta property=\"og:image:height\" content=\"508\" \/>\n\t<meta property=\"og:image:type\" content=\"image\/jpeg\" \/>\n<meta name=\"author\" content=\"...\" \/>\n<meta name=\"twitter:label1\" content=\"Written by\" \/>\n\t<meta name=\"twitter:data1\" content=\"...\" \/>\n\t<meta name=\"twitter:label2\" content=\"Est. reading time\" \/>\n\t<meta name=\"twitter:data2\" content=\"7 minutes\" \/>\n<script type=\"application\/ld+json\" class=\"yoast-schema-graph\">{\"@context\":\"https:\/\/schema.org\",\"@graph\":[{\"@type\":\"Article\",\"@id\":\"https:\/\/siemysli-ke.info\/en\/kalisz-gwozdziem-do-naszej-trumny-2\/#article\",\"isPartOf\":{\"@id\":\"https:\/\/siemysli-ke.info\/en\/kalisz-gwozdziem-do-naszej-trumny-2\/\"},\"author\":{\"name\":\"...\",\"@id\":\"https:\/\/siemysli-ke.info\/#\/schema\/person\/75326687448d6abf738b156f56385210\"},\"headline\":\"(Polski) Kalisz &#8211; gwo\u017adziem do naszej trumny? (2)\",\"datePublished\":\"2021-12-04T14:52:09+00:00\",\"dateModified\":\"2021-12-04T14:55:51+00:00\",\"mainEntityOfPage\":{\"@id\":\"https:\/\/siemysli-ke.info\/en\/kalisz-gwozdziem-do-naszej-trumny-2\/\"},\"wordCount\":1793,\"commentCount\":1,\"publisher\":{\"@id\":\"https:\/\/siemysli-ke.info\/#organization\"},\"image\":{\"@id\":\"https:\/\/siemysli-ke.info\/en\/kalisz-gwozdziem-do-naszej-trumny-2\/#primaryimage\"},\"thumbnailUrl\":\"https:\/\/siemysli-ke.info\/wp-content\/uploads\/2021\/12\/Statut-Kaliski.jpg\",\"keywords\":[\"\\\"Statut Kaliski\\\" - 1264 r.\",\"Agnes Buzyn\",\"Alfred Bourli\",\"Antony Blinken\",\"Boles\u0142aw Pobo\u017cny\",\"David Zaslav\",\"Igor Posczitkow\",\"International Federation of Phonogram Producers (IFPI)\",\"Iwan Rodionow\",\"koronawirus Covid-19\",\"marsz w Kaliszu 11. listopada 2021\",\"Mi\u0119dzynarodowy Sojusz na\u00a0rzecz Pami\u0119ci o\u00a0Holokau\u015bcie (IHRA)\",\"nowy temat zast\u0119pczy\",\"Roman Boryczko\",\"USC Shoah Foundation\",\"Wojciech Olsza\u0144ski aka Aleksander Jab\u0142onowski\"],\"articleSection\":[\"Polecane\",\"Rzeczypospolita\"],\"inLanguage\":\"en-US\",\"potentialAction\":[{\"@type\":\"CommentAction\",\"name\":\"Comment\",\"target\":[\"https:\/\/siemysli-ke.info\/en\/kalisz-gwozdziem-do-naszej-trumny-2\/#respond\"]}]},{\"@type\":\"WebPage\",\"@id\":\"https:\/\/siemysli-ke.info\/en\/kalisz-gwozdziem-do-naszej-trumny-2\/\",\"url\":\"https:\/\/siemysli-ke.info\/en\/kalisz-gwozdziem-do-naszej-trumny-2\/\",\"name\":\"(Polski) Kalisz - gwo\u017adziem do naszej trumny? (2) - SI\u0118 MY\u015aLI\",\"isPartOf\":{\"@id\":\"https:\/\/siemysli-ke.info\/en\/#website\"},\"primaryImageOfPage\":{\"@id\":\"https:\/\/siemysli-ke.info\/en\/kalisz-gwozdziem-do-naszej-trumny-2\/#primaryimage\"},\"image\":{\"@id\":\"https:\/\/siemysli-ke.info\/en\/kalisz-gwozdziem-do-naszej-trumny-2\/#primaryimage\"},\"thumbnailUrl\":\"https:\/\/siemysli-ke.info\/wp-content\/uploads\/2021\/12\/Statut-Kaliski.jpg\",\"datePublished\":\"2021-12-04T14:52:09+00:00\",\"dateModified\":\"2021-12-04T14:55:51+00:00\",\"breadcrumb\":{\"@id\":\"https:\/\/siemysli-ke.info\/en\/kalisz-gwozdziem-do-naszej-trumny-2\/#breadcrumb\"},\"inLanguage\":\"en-US\",\"potentialAction\":[{\"@type\":\"ReadAction\",\"target\":[[\"https:\/\/siemysli-ke.info\/en\/kalisz-gwozdziem-do-naszej-trumny-2\/\"]]}]},{\"@type\":\"ImageObject\",\"inLanguage\":\"en-US\",\"@id\":\"https:\/\/siemysli-ke.info\/en\/kalisz-gwozdziem-do-naszej-trumny-2\/#primaryimage\",\"url\":\"https:\/\/siemysli-ke.info\/wp-content\/uploads\/2021\/12\/Statut-Kaliski.jpg\",\"contentUrl\":\"https:\/\/siemysli-ke.info\/wp-content\/uploads\/2021\/12\/Statut-Kaliski.jpg\",\"width\":777,\"height\":508},{\"@type\":\"BreadcrumbList\",\"@id\":\"https:\/\/siemysli-ke.info\/en\/kalisz-gwozdziem-do-naszej-trumny-2\/#breadcrumb\",\"itemListElement\":[{\"@type\":\"ListItem\",\"position\":1,\"name\":\"Home\",\"item\":\"https:\/\/siemysli-ke.info\/en\/\"},{\"@type\":\"ListItem\",\"position\":2,\"name\":\"(Polski) Kalisz &#8211; gwo\u017adziem do naszej trumny? (2)\"}]},{\"@type\":\"WebSite\",\"@id\":\"https:\/\/siemysli-ke.info\/en\/#website\",\"url\":\"https:\/\/siemysli-ke.info\/en\/\",\"name\":\"SI\u0118 MY\u015aLI\",\"description\":\"\",\"publisher\":{\"@id\":\"https:\/\/siemysli-ke.info\/en\/#organization\"},\"potentialAction\":[{\"@type\":\"SearchAction\",\"target\":{\"@type\":\"EntryPoint\",\"urlTemplate\":\"https:\/\/siemysli-ke.info\/en\/?s={search_term_string}\"},\"query-input\":{\"@type\":\"PropertyValueSpecification\",\"valueRequired\":true,\"valueName\":\"search_term_string\"}}],\"inLanguage\":\"en-US\"},{\"@type\":\"Organization\",\"@id\":\"https:\/\/siemysli-ke.info\/en\/#organization\",\"name\":\"SI\u0118 MY\u015aLI\",\"url\":\"https:\/\/siemysli-ke.info\/en\/\",\"logo\":{\"@type\":\"ImageObject\",\"inLanguage\":\"en-US\",\"@id\":\"https:\/\/siemysli-ke.info\/en\/#\/schema\/logo\/image\/\",\"url\":\"https:\/\/siemysli-ke.info\/wp-content\/uploads\/2025\/05\/99.png\",\"contentUrl\":\"https:\/\/siemysli-ke.info\/wp-content\/uploads\/2025\/05\/99.png\",\"width\":270,\"height\":204,\"caption\":\"SI\u0118 MY\u015aLI\"},\"image\":{\"@id\":\"https:\/\/siemysli-ke.info\/en\/#\/schema\/logo\/image\/\"}},{\"@type\":\"Person\",\"@id\":\"https:\/\/siemysli-ke.info\/#\/schema\/person\/75326687448d6abf738b156f56385210\",\"name\":\"...\",\"image\":{\"@type\":\"ImageObject\",\"inLanguage\":\"en-US\",\"@id\":\"https:\/\/siemysli-ke.info\/en\/#\/schema\/person\/image\/\",\"url\":\"https:\/\/secure.gravatar.com\/avatar\/33a3c2559155e1b4add65cf88cafda785aeb920f44b97c7055b07866ab5b13c2?s=96&d=mm&r=g\",\"contentUrl\":\"https:\/\/secure.gravatar.com\/avatar\/33a3c2559155e1b4add65cf88cafda785aeb920f44b97c7055b07866ab5b13c2?s=96&d=mm&r=g\",\"caption\":\"...\"},\"url\":\"https:\/\/siemysli-ke.info\/en\/author\/lele\/\"}]}<\/script>\n<!-- \/ Yoast SEO plugin. -->","yoast_head_json":{"title":"(Polski) Kalisz - gwo\u017adziem do naszej trumny? (2) - SI\u0118 MY\u015aLI","robots":{"index":"index","follow":"follow","max-snippet":"max-snippet:-1","max-image-preview":"max-image-preview:large","max-video-preview":"max-video-preview:-1"},"canonical":"https:\/\/siemysli-ke.info\/en\/kalisz-gwozdziem-do-naszej-trumny-2\/","og_locale":"en_US","og_type":"article","og_title":"(Polski) Kalisz - gwo\u017adziem do naszej trumny? (2) - SI\u0118 MY\u015aLI","og_description":"Sorry, this entry is only available in Polski.","og_url":"https:\/\/siemysli-ke.info\/en\/kalisz-gwozdziem-do-naszej-trumny-2\/","og_site_name":"SI\u0118 MY\u015aLI","article_published_time":"2021-12-04T14:52:09+00:00","article_modified_time":"2021-12-04T14:55:51+00:00","og_image":[{"width":777,"height":508,"url":"https:\/\/siemysli-ke.info\/wp-content\/uploads\/2021\/12\/Statut-Kaliski.jpg","type":"image\/jpeg"}],"author":"...","twitter_misc":{"Written by":"...","Est. reading time":"7 minutes"},"schema":{"@context":"https:\/\/schema.org","@graph":[{"@type":"Article","@id":"https:\/\/siemysli-ke.info\/en\/kalisz-gwozdziem-do-naszej-trumny-2\/#article","isPartOf":{"@id":"https:\/\/siemysli-ke.info\/en\/kalisz-gwozdziem-do-naszej-trumny-2\/"},"author":{"name":"...","@id":"https:\/\/siemysli-ke.info\/#\/schema\/person\/75326687448d6abf738b156f56385210"},"headline":"(Polski) Kalisz &#8211; gwo\u017adziem do naszej trumny? (2)","datePublished":"2021-12-04T14:52:09+00:00","dateModified":"2021-12-04T14:55:51+00:00","mainEntityOfPage":{"@id":"https:\/\/siemysli-ke.info\/en\/kalisz-gwozdziem-do-naszej-trumny-2\/"},"wordCount":1793,"commentCount":1,"publisher":{"@id":"https:\/\/siemysli-ke.info\/#organization"},"image":{"@id":"https:\/\/siemysli-ke.info\/en\/kalisz-gwozdziem-do-naszej-trumny-2\/#primaryimage"},"thumbnailUrl":"https:\/\/siemysli-ke.info\/wp-content\/uploads\/2021\/12\/Statut-Kaliski.jpg","keywords":["\"Statut Kaliski\" - 1264 r.","Agnes Buzyn","Alfred Bourli","Antony Blinken","Boles\u0142aw Pobo\u017cny","David Zaslav","Igor Posczitkow","International Federation of Phonogram Producers (IFPI)","Iwan Rodionow","koronawirus Covid-19","marsz w Kaliszu 11. listopada 2021","Mi\u0119dzynarodowy Sojusz na\u00a0rzecz Pami\u0119ci o\u00a0Holokau\u015bcie (IHRA)","nowy temat zast\u0119pczy","Roman Boryczko","USC Shoah Foundation","Wojciech Olsza\u0144ski aka Aleksander Jab\u0142onowski"],"articleSection":["Polecane","Rzeczypospolita"],"inLanguage":"en-US","potentialAction":[{"@type":"CommentAction","name":"Comment","target":["https:\/\/siemysli-ke.info\/en\/kalisz-gwozdziem-do-naszej-trumny-2\/#respond"]}]},{"@type":"WebPage","@id":"https:\/\/siemysli-ke.info\/en\/kalisz-gwozdziem-do-naszej-trumny-2\/","url":"https:\/\/siemysli-ke.info\/en\/kalisz-gwozdziem-do-naszej-trumny-2\/","name":"(Polski) Kalisz - gwo\u017adziem do naszej trumny? (2) - SI\u0118 MY\u015aLI","isPartOf":{"@id":"https:\/\/siemysli-ke.info\/en\/#website"},"primaryImageOfPage":{"@id":"https:\/\/siemysli-ke.info\/en\/kalisz-gwozdziem-do-naszej-trumny-2\/#primaryimage"},"image":{"@id":"https:\/\/siemysli-ke.info\/en\/kalisz-gwozdziem-do-naszej-trumny-2\/#primaryimage"},"thumbnailUrl":"https:\/\/siemysli-ke.info\/wp-content\/uploads\/2021\/12\/Statut-Kaliski.jpg","datePublished":"2021-12-04T14:52:09+00:00","dateModified":"2021-12-04T14:55:51+00:00","breadcrumb":{"@id":"https:\/\/siemysli-ke.info\/en\/kalisz-gwozdziem-do-naszej-trumny-2\/#breadcrumb"},"inLanguage":"en-US","potentialAction":[{"@type":"ReadAction","target":[["https:\/\/siemysli-ke.info\/en\/kalisz-gwozdziem-do-naszej-trumny-2\/"]]}]},{"@type":"ImageObject","inLanguage":"en-US","@id":"https:\/\/siemysli-ke.info\/en\/kalisz-gwozdziem-do-naszej-trumny-2\/#primaryimage","url":"https:\/\/siemysli-ke.info\/wp-content\/uploads\/2021\/12\/Statut-Kaliski.jpg","contentUrl":"https:\/\/siemysli-ke.info\/wp-content\/uploads\/2021\/12\/Statut-Kaliski.jpg","width":777,"height":508},{"@type":"BreadcrumbList","@id":"https:\/\/siemysli-ke.info\/en\/kalisz-gwozdziem-do-naszej-trumny-2\/#breadcrumb","itemListElement":[{"@type":"ListItem","position":1,"name":"Home","item":"https:\/\/siemysli-ke.info\/en\/"},{"@type":"ListItem","position":2,"name":"(Polski) Kalisz &#8211; gwo\u017adziem do naszej trumny? (2)"}]},{"@type":"WebSite","@id":"https:\/\/siemysli-ke.info\/en\/#website","url":"https:\/\/siemysli-ke.info\/en\/","name":"SI\u0118 MY\u015aLI","description":"","publisher":{"@id":"https:\/\/siemysli-ke.info\/en\/#organization"},"potentialAction":[{"@type":"SearchAction","target":{"@type":"EntryPoint","urlTemplate":"https:\/\/siemysli-ke.info\/en\/?s={search_term_string}"},"query-input":{"@type":"PropertyValueSpecification","valueRequired":true,"valueName":"search_term_string"}}],"inLanguage":"en-US"},{"@type":"Organization","@id":"https:\/\/siemysli-ke.info\/en\/#organization","name":"SI\u0118 MY\u015aLI","url":"https:\/\/siemysli-ke.info\/en\/","logo":{"@type":"ImageObject","inLanguage":"en-US","@id":"https:\/\/siemysli-ke.info\/en\/#\/schema\/logo\/image\/","url":"https:\/\/siemysli-ke.info\/wp-content\/uploads\/2025\/05\/99.png","contentUrl":"https:\/\/siemysli-ke.info\/wp-content\/uploads\/2025\/05\/99.png","width":270,"height":204,"caption":"SI\u0118 MY\u015aLI"},"image":{"@id":"https:\/\/siemysli-ke.info\/en\/#\/schema\/logo\/image\/"}},{"@type":"Person","@id":"https:\/\/siemysli-ke.info\/#\/schema\/person\/75326687448d6abf738b156f56385210","name":"...","image":{"@type":"ImageObject","inLanguage":"en-US","@id":"https:\/\/siemysli-ke.info\/en\/#\/schema\/person\/image\/","url":"https:\/\/secure.gravatar.com\/avatar\/33a3c2559155e1b4add65cf88cafda785aeb920f44b97c7055b07866ab5b13c2?s=96&d=mm&r=g","contentUrl":"https:\/\/secure.gravatar.com\/avatar\/33a3c2559155e1b4add65cf88cafda785aeb920f44b97c7055b07866ab5b13c2?s=96&d=mm&r=g","caption":"..."},"url":"https:\/\/siemysli-ke.info\/en\/author\/lele\/"}]}},"_links":{"self":[{"href":"https:\/\/siemysli-ke.info\/en\/wp-json\/wp\/v2\/posts\/40382","targetHints":{"allow":["GET"]}}],"collection":[{"href":"https:\/\/siemysli-ke.info\/en\/wp-json\/wp\/v2\/posts"}],"about":[{"href":"https:\/\/siemysli-ke.info\/en\/wp-json\/wp\/v2\/types\/post"}],"author":[{"embeddable":true,"href":"https:\/\/siemysli-ke.info\/en\/wp-json\/wp\/v2\/users\/3"}],"replies":[{"embeddable":true,"href":"https:\/\/siemysli-ke.info\/en\/wp-json\/wp\/v2\/comments?post=40382"}],"version-history":[{"count":0,"href":"https:\/\/siemysli-ke.info\/en\/wp-json\/wp\/v2\/posts\/40382\/revisions"}],"wp:featuredmedia":[{"embeddable":true,"href":"https:\/\/siemysli-ke.info\/en\/wp-json\/wp\/v2\/media\/40383"}],"wp:attachment":[{"href":"https:\/\/siemysli-ke.info\/en\/wp-json\/wp\/v2\/media?parent=40382"}],"wp:term":[{"taxonomy":"category","embeddable":true,"href":"https:\/\/siemysli-ke.info\/en\/wp-json\/wp\/v2\/categories?post=40382"},{"taxonomy":"post_tag","embeddable":true,"href":"https:\/\/siemysli-ke.info\/en\/wp-json\/wp\/v2\/tags?post=40382"}],"curies":[{"name":"wp","href":"https:\/\/api.w.org\/{rel}","templated":true}]}}