 {"id":39526,"date":"2021-07-22T19:54:12","date_gmt":"2021-07-22T17:54:12","guid":{"rendered":"https:\/\/www.siemysli.info.ke\/?p=39526"},"modified":"2021-07-22T19:54:12","modified_gmt":"2021-07-22T17:54:12","slug":"niemcy-sa-dla-nas-ponad-wszystko-5","status":"publish","type":"post","link":"https:\/\/siemysli-ke.info\/en\/niemcy-sa-dla-nas-ponad-wszystko-5\/","title":{"rendered":"(Polski) Niemcy s\u0105 dla nas ponad wszystko (5)"},"content":{"rendered":"<p class=\"qtranxs-available-languages-message qtranxs-available-languages-message-en\">Sorry, this entry is only available in <a href=\"https:\/\/siemysli-ke.info\/pl\/wp-json\/wp\/v2\/posts\/39526\" class=\"qtranxs-available-language-link qtranxs-available-language-link-pl\" title=\"Polski\">Polski<\/a>.<\/p>","protected":false},"excerpt":{"rendered":"<p>Sorry, this entry is only available in Polski.<\/p>\n","protected":false},"author":3,"featured_media":39527,"comment_status":"open","ping_status":"open","sticky":false,"template":"","format":"standard","meta":{"colormag_page_layout":"default_layout","footnotes":""},"categories":[17743,6],"tags":[22348,22350,22347,5649,22346,1258,202,22351,22345,22349],"class_list":["post-39526","post","type-post","status-publish","format-standard","has-post-thumbnail","hentry","category-polecane","category-ue","tag-deutscher-kampfbund-oberschlesien-niemiecki-zwiazek-walki-dla-gornego-slaska","tag-frei-stadt-danzig","tag-grupa-schwarzer-wolf-von-hubertus-czarny-wilk-hubertusa","tag-kresy-wschodnie","tag-nysa-luzycka","tag-odra","tag-roman-boryczko","tag-roszczenia-reparacyjne","tag-sformulowanie-tereny-pod-polska-administracja","tag-uklad-o-podstawach-normalizacji-wzajemnych-stosunkow-polska-rfn-xii-1970"],"yoast_head":"<!-- This site is optimized with the Yoast SEO plugin v25.1 - https:\/\/yoast.com\/wordpress\/plugins\/seo\/ -->\n<title>(Polski) Niemcy s\u0105 dla nas ponad wszystko (5) - SI\u0118 MY\u015aLI<\/title>\n<meta name=\"robots\" content=\"index, follow, max-snippet:-1, max-image-preview:large, max-video-preview:-1\" \/>\n<link rel=\"canonical\" href=\"https:\/\/siemysli-ke.info\/en\/niemcy-sa-dla-nas-ponad-wszystko-5\/\" \/>\n<meta property=\"og:locale\" content=\"en_US\" \/>\n<meta property=\"og:type\" content=\"article\" \/>\n<meta property=\"og:title\" content=\"(Polski) Niemcy s\u0105 dla nas ponad wszystko (5) - SI\u0118 MY\u015aLI\" \/>\n<meta property=\"og:description\" content=\"Sorry, this entry is only available in Polski.\" \/>\n<meta property=\"og:url\" content=\"https:\/\/siemysli-ke.info\/en\/niemcy-sa-dla-nas-ponad-wszystko-5\/\" \/>\n<meta property=\"og:site_name\" content=\"SI\u0118 MY\u015aLI\" \/>\n<meta property=\"article:published_time\" content=\"2021-07-22T17:54:12+00:00\" \/>\n<meta property=\"og:image\" content=\"https:\/\/siemysli-ke.info\/wp-content\/uploads\/2021\/07\/Gdansk-45-2.jpg\" \/>\n\t<meta property=\"og:image:width\" content=\"730\" \/>\n\t<meta property=\"og:image:height\" content=\"446\" \/>\n\t<meta property=\"og:image:type\" content=\"image\/jpeg\" \/>\n<meta name=\"author\" content=\"...\" \/>\n<meta name=\"twitter:label1\" content=\"Written by\" \/>\n\t<meta name=\"twitter:data1\" content=\"...\" \/>\n\t<meta name=\"twitter:label2\" content=\"Est. reading time\" \/>\n\t<meta name=\"twitter:data2\" content=\"5 minutes\" \/>\n<script type=\"application\/ld+json\" class=\"yoast-schema-graph\">{\"@context\":\"https:\/\/schema.org\",\"@graph\":[{\"@type\":\"Article\",\"@id\":\"https:\/\/siemysli-ke.info\/en\/niemcy-sa-dla-nas-ponad-wszystko-5\/#article\",\"isPartOf\":{\"@id\":\"https:\/\/siemysli-ke.info\/en\/niemcy-sa-dla-nas-ponad-wszystko-5\/\"},\"author\":{\"name\":\"...\",\"@id\":\"https:\/\/siemysli-ke.info\/#\/schema\/person\/75326687448d6abf738b156f56385210\"},\"headline\":\"(Polski) Niemcy s\u0105 dla nas ponad wszystko (5)\",\"datePublished\":\"2021-07-22T17:54:12+00:00\",\"mainEntityOfPage\":{\"@id\":\"https:\/\/siemysli-ke.info\/en\/niemcy-sa-dla-nas-ponad-wszystko-5\/\"},\"wordCount\":1054,\"commentCount\":0,\"publisher\":{\"@id\":\"https:\/\/siemysli-ke.info\/#organization\"},\"image\":{\"@id\":\"https:\/\/siemysli-ke.info\/en\/niemcy-sa-dla-nas-ponad-wszystko-5\/#primaryimage\"},\"thumbnailUrl\":\"https:\/\/siemysli-ke.info\/wp-content\/uploads\/2021\/07\/Gdansk-45-2.jpg\",\"keywords\":[\"Deutscher Kampfbund Oberschlesien (Niemiecki Zwi\u0105zek Walki dla G\u00f3rnego \u015al\u0105ska)\",\"Frei Stadt Danzig\",\"grupa Schwarzer Wolf von Hubertus (Czarny Wilk\u00a0Hubertusa)\",\"Kresy Wschodnie\",\"Nysa \u0141u\u017cycka\",\"Odra\",\"Roman Boryczko\",\"roszczenia reparacyjne\",\"sformu\u0142owanie \u201etereny pod polsk\u0105 administracj\u0105\u201d\",\"Uk\u0142ad o podstawach normalizacji wzajemnych stosunk\u00f3w Polska-RFN - XII 1970\"],\"articleSection\":[\"Polecane\",\"Unia Europejska\"],\"inLanguage\":\"en-US\",\"potentialAction\":[{\"@type\":\"CommentAction\",\"name\":\"Comment\",\"target\":[\"https:\/\/siemysli-ke.info\/en\/niemcy-sa-dla-nas-ponad-wszystko-5\/#respond\"]}]},{\"@type\":\"WebPage\",\"@id\":\"https:\/\/siemysli-ke.info\/en\/niemcy-sa-dla-nas-ponad-wszystko-5\/\",\"url\":\"https:\/\/siemysli-ke.info\/en\/niemcy-sa-dla-nas-ponad-wszystko-5\/\",\"name\":\"(Polski) Niemcy s\u0105 dla nas ponad wszystko (5) - SI\u0118 MY\u015aLI\",\"isPartOf\":{\"@id\":\"https:\/\/siemysli-ke.info\/en\/#website\"},\"primaryImageOfPage\":{\"@id\":\"https:\/\/siemysli-ke.info\/en\/niemcy-sa-dla-nas-ponad-wszystko-5\/#primaryimage\"},\"image\":{\"@id\":\"https:\/\/siemysli-ke.info\/en\/niemcy-sa-dla-nas-ponad-wszystko-5\/#primaryimage\"},\"thumbnailUrl\":\"https:\/\/siemysli-ke.info\/wp-content\/uploads\/2021\/07\/Gdansk-45-2.jpg\",\"datePublished\":\"2021-07-22T17:54:12+00:00\",\"breadcrumb\":{\"@id\":\"https:\/\/siemysli-ke.info\/en\/niemcy-sa-dla-nas-ponad-wszystko-5\/#breadcrumb\"},\"inLanguage\":\"en-US\",\"potentialAction\":[{\"@type\":\"ReadAction\",\"target\":[[\"https:\/\/siemysli-ke.info\/en\/niemcy-sa-dla-nas-ponad-wszystko-5\/\"]]}]},{\"@type\":\"ImageObject\",\"inLanguage\":\"en-US\",\"@id\":\"https:\/\/siemysli-ke.info\/en\/niemcy-sa-dla-nas-ponad-wszystko-5\/#primaryimage\",\"url\":\"https:\/\/siemysli-ke.info\/wp-content\/uploads\/2021\/07\/Gdansk-45-2.jpg\",\"contentUrl\":\"https:\/\/siemysli-ke.info\/wp-content\/uploads\/2021\/07\/Gdansk-45-2.jpg\",\"width\":730,\"height\":446},{\"@type\":\"BreadcrumbList\",\"@id\":\"https:\/\/siemysli-ke.info\/en\/niemcy-sa-dla-nas-ponad-wszystko-5\/#breadcrumb\",\"itemListElement\":[{\"@type\":\"ListItem\",\"position\":1,\"name\":\"Home\",\"item\":\"https:\/\/siemysli-ke.info\/en\/\"},{\"@type\":\"ListItem\",\"position\":2,\"name\":\"(Polski) Niemcy s\u0105 dla nas ponad wszystko (5)\"}]},{\"@type\":\"WebSite\",\"@id\":\"https:\/\/siemysli-ke.info\/en\/#website\",\"url\":\"https:\/\/siemysli-ke.info\/en\/\",\"name\":\"SI\u0118 MY\u015aLI\",\"description\":\"\",\"publisher\":{\"@id\":\"https:\/\/siemysli-ke.info\/en\/#organization\"},\"potentialAction\":[{\"@type\":\"SearchAction\",\"target\":{\"@type\":\"EntryPoint\",\"urlTemplate\":\"https:\/\/siemysli-ke.info\/en\/?s={search_term_string}\"},\"query-input\":{\"@type\":\"PropertyValueSpecification\",\"valueRequired\":true,\"valueName\":\"search_term_string\"}}],\"inLanguage\":\"en-US\"},{\"@type\":\"Organization\",\"@id\":\"https:\/\/siemysli-ke.info\/en\/#organization\",\"name\":\"SI\u0118 MY\u015aLI\",\"url\":\"https:\/\/siemysli-ke.info\/en\/\",\"logo\":{\"@type\":\"ImageObject\",\"inLanguage\":\"en-US\",\"@id\":\"https:\/\/siemysli-ke.info\/en\/#\/schema\/logo\/image\/\",\"url\":\"https:\/\/siemysli-ke.info\/wp-content\/uploads\/2025\/05\/99.png\",\"contentUrl\":\"https:\/\/siemysli-ke.info\/wp-content\/uploads\/2025\/05\/99.png\",\"width\":270,\"height\":204,\"caption\":\"SI\u0118 MY\u015aLI\"},\"image\":{\"@id\":\"https:\/\/siemysli-ke.info\/en\/#\/schema\/logo\/image\/\"}},{\"@type\":\"Person\",\"@id\":\"https:\/\/siemysli-ke.info\/#\/schema\/person\/75326687448d6abf738b156f56385210\",\"name\":\"...\",\"image\":{\"@type\":\"ImageObject\",\"inLanguage\":\"en-US\",\"@id\":\"https:\/\/siemysli-ke.info\/en\/#\/schema\/person\/image\/\",\"url\":\"https:\/\/secure.gravatar.com\/avatar\/33a3c2559155e1b4add65cf88cafda785aeb920f44b97c7055b07866ab5b13c2?s=96&d=mm&r=g\",\"contentUrl\":\"https:\/\/secure.gravatar.com\/avatar\/33a3c2559155e1b4add65cf88cafda785aeb920f44b97c7055b07866ab5b13c2?s=96&d=mm&r=g\",\"caption\":\"...\"},\"url\":\"https:\/\/siemysli-ke.info\/en\/author\/lele\/\"}]}<\/script>\n<!-- \/ Yoast SEO plugin. -->","yoast_head_json":{"title":"(Polski) Niemcy s\u0105 dla nas ponad wszystko (5) - SI\u0118 MY\u015aLI","robots":{"index":"index","follow":"follow","max-snippet":"max-snippet:-1","max-image-preview":"max-image-preview:large","max-video-preview":"max-video-preview:-1"},"canonical":"https:\/\/siemysli-ke.info\/en\/niemcy-sa-dla-nas-ponad-wszystko-5\/","og_locale":"en_US","og_type":"article","og_title":"(Polski) Niemcy s\u0105 dla nas ponad wszystko (5) - SI\u0118 MY\u015aLI","og_description":"Sorry, this entry is only available in Polski.","og_url":"https:\/\/siemysli-ke.info\/en\/niemcy-sa-dla-nas-ponad-wszystko-5\/","og_site_name":"SI\u0118 MY\u015aLI","article_published_time":"2021-07-22T17:54:12+00:00","og_image":[{"width":730,"height":446,"url":"https:\/\/siemysli-ke.info\/wp-content\/uploads\/2021\/07\/Gdansk-45-2.jpg","type":"image\/jpeg"}],"author":"...","twitter_misc":{"Written by":"...","Est. reading time":"5 minutes"},"schema":{"@context":"https:\/\/schema.org","@graph":[{"@type":"Article","@id":"https:\/\/siemysli-ke.info\/en\/niemcy-sa-dla-nas-ponad-wszystko-5\/#article","isPartOf":{"@id":"https:\/\/siemysli-ke.info\/en\/niemcy-sa-dla-nas-ponad-wszystko-5\/"},"author":{"name":"...","@id":"https:\/\/siemysli-ke.info\/#\/schema\/person\/75326687448d6abf738b156f56385210"},"headline":"(Polski) Niemcy s\u0105 dla nas ponad wszystko (5)","datePublished":"2021-07-22T17:54:12+00:00","mainEntityOfPage":{"@id":"https:\/\/siemysli-ke.info\/en\/niemcy-sa-dla-nas-ponad-wszystko-5\/"},"wordCount":1054,"commentCount":0,"publisher":{"@id":"https:\/\/siemysli-ke.info\/#organization"},"image":{"@id":"https:\/\/siemysli-ke.info\/en\/niemcy-sa-dla-nas-ponad-wszystko-5\/#primaryimage"},"thumbnailUrl":"https:\/\/siemysli-ke.info\/wp-content\/uploads\/2021\/07\/Gdansk-45-2.jpg","keywords":["Deutscher Kampfbund Oberschlesien (Niemiecki Zwi\u0105zek Walki dla G\u00f3rnego \u015al\u0105ska)","Frei Stadt Danzig","grupa Schwarzer Wolf von Hubertus (Czarny Wilk\u00a0Hubertusa)","Kresy Wschodnie","Nysa \u0141u\u017cycka","Odra","Roman Boryczko","roszczenia reparacyjne","sformu\u0142owanie \u201etereny pod polsk\u0105 administracj\u0105\u201d","Uk\u0142ad o podstawach normalizacji wzajemnych stosunk\u00f3w Polska-RFN - XII 1970"],"articleSection":["Polecane","Unia Europejska"],"inLanguage":"en-US","potentialAction":[{"@type":"CommentAction","name":"Comment","target":["https:\/\/siemysli-ke.info\/en\/niemcy-sa-dla-nas-ponad-wszystko-5\/#respond"]}]},{"@type":"WebPage","@id":"https:\/\/siemysli-ke.info\/en\/niemcy-sa-dla-nas-ponad-wszystko-5\/","url":"https:\/\/siemysli-ke.info\/en\/niemcy-sa-dla-nas-ponad-wszystko-5\/","name":"(Polski) Niemcy s\u0105 dla nas ponad wszystko (5) - SI\u0118 MY\u015aLI","isPartOf":{"@id":"https:\/\/siemysli-ke.info\/en\/#website"},"primaryImageOfPage":{"@id":"https:\/\/siemysli-ke.info\/en\/niemcy-sa-dla-nas-ponad-wszystko-5\/#primaryimage"},"image":{"@id":"https:\/\/siemysli-ke.info\/en\/niemcy-sa-dla-nas-ponad-wszystko-5\/#primaryimage"},"thumbnailUrl":"https:\/\/siemysli-ke.info\/wp-content\/uploads\/2021\/07\/Gdansk-45-2.jpg","datePublished":"2021-07-22T17:54:12+00:00","breadcrumb":{"@id":"https:\/\/siemysli-ke.info\/en\/niemcy-sa-dla-nas-ponad-wszystko-5\/#breadcrumb"},"inLanguage":"en-US","potentialAction":[{"@type":"ReadAction","target":[["https:\/\/siemysli-ke.info\/en\/niemcy-sa-dla-nas-ponad-wszystko-5\/"]]}]},{"@type":"ImageObject","inLanguage":"en-US","@id":"https:\/\/siemysli-ke.info\/en\/niemcy-sa-dla-nas-ponad-wszystko-5\/#primaryimage","url":"https:\/\/siemysli-ke.info\/wp-content\/uploads\/2021\/07\/Gdansk-45-2.jpg","contentUrl":"https:\/\/siemysli-ke.info\/wp-content\/uploads\/2021\/07\/Gdansk-45-2.jpg","width":730,"height":446},{"@type":"BreadcrumbList","@id":"https:\/\/siemysli-ke.info\/en\/niemcy-sa-dla-nas-ponad-wszystko-5\/#breadcrumb","itemListElement":[{"@type":"ListItem","position":1,"name":"Home","item":"https:\/\/siemysli-ke.info\/en\/"},{"@type":"ListItem","position":2,"name":"(Polski) Niemcy s\u0105 dla nas ponad wszystko (5)"}]},{"@type":"WebSite","@id":"https:\/\/siemysli-ke.info\/en\/#website","url":"https:\/\/siemysli-ke.info\/en\/","name":"SI\u0118 MY\u015aLI","description":"","publisher":{"@id":"https:\/\/siemysli-ke.info\/en\/#organization"},"potentialAction":[{"@type":"SearchAction","target":{"@type":"EntryPoint","urlTemplate":"https:\/\/siemysli-ke.info\/en\/?s={search_term_string}"},"query-input":{"@type":"PropertyValueSpecification","valueRequired":true,"valueName":"search_term_string"}}],"inLanguage":"en-US"},{"@type":"Organization","@id":"https:\/\/siemysli-ke.info\/en\/#organization","name":"SI\u0118 MY\u015aLI","url":"https:\/\/siemysli-ke.info\/en\/","logo":{"@type":"ImageObject","inLanguage":"en-US","@id":"https:\/\/siemysli-ke.info\/en\/#\/schema\/logo\/image\/","url":"https:\/\/siemysli-ke.info\/wp-content\/uploads\/2025\/05\/99.png","contentUrl":"https:\/\/siemysli-ke.info\/wp-content\/uploads\/2025\/05\/99.png","width":270,"height":204,"caption":"SI\u0118 MY\u015aLI"},"image":{"@id":"https:\/\/siemysli-ke.info\/en\/#\/schema\/logo\/image\/"}},{"@type":"Person","@id":"https:\/\/siemysli-ke.info\/#\/schema\/person\/75326687448d6abf738b156f56385210","name":"...","image":{"@type":"ImageObject","inLanguage":"en-US","@id":"https:\/\/siemysli-ke.info\/en\/#\/schema\/person\/image\/","url":"https:\/\/secure.gravatar.com\/avatar\/33a3c2559155e1b4add65cf88cafda785aeb920f44b97c7055b07866ab5b13c2?s=96&d=mm&r=g","contentUrl":"https:\/\/secure.gravatar.com\/avatar\/33a3c2559155e1b4add65cf88cafda785aeb920f44b97c7055b07866ab5b13c2?s=96&d=mm&r=g","caption":"..."},"url":"https:\/\/siemysli-ke.info\/en\/author\/lele\/"}]}},"_links":{"self":[{"href":"https:\/\/siemysli-ke.info\/en\/wp-json\/wp\/v2\/posts\/39526","targetHints":{"allow":["GET"]}}],"collection":[{"href":"https:\/\/siemysli-ke.info\/en\/wp-json\/wp\/v2\/posts"}],"about":[{"href":"https:\/\/siemysli-ke.info\/en\/wp-json\/wp\/v2\/types\/post"}],"author":[{"embeddable":true,"href":"https:\/\/siemysli-ke.info\/en\/wp-json\/wp\/v2\/users\/3"}],"replies":[{"embeddable":true,"href":"https:\/\/siemysli-ke.info\/en\/wp-json\/wp\/v2\/comments?post=39526"}],"version-history":[{"count":0,"href":"https:\/\/siemysli-ke.info\/en\/wp-json\/wp\/v2\/posts\/39526\/revisions"}],"wp:featuredmedia":[{"embeddable":true,"href":"https:\/\/siemysli-ke.info\/en\/wp-json\/wp\/v2\/media\/39527"}],"wp:attachment":[{"href":"https:\/\/siemysli-ke.info\/en\/wp-json\/wp\/v2\/media?parent=39526"}],"wp:term":[{"taxonomy":"category","embeddable":true,"href":"https:\/\/siemysli-ke.info\/en\/wp-json\/wp\/v2\/categories?post=39526"},{"taxonomy":"post_tag","embeddable":true,"href":"https:\/\/siemysli-ke.info\/en\/wp-json\/wp\/v2\/tags?post=39526"}],"curies":[{"name":"wp","href":"https:\/\/api.w.org\/{rel}","templated":true}]}}