 {"id":38856,"date":"2021-04-05T18:34:09","date_gmt":"2021-04-05T16:34:09","guid":{"rendered":"https:\/\/www.siemysli.info.ke\/?p=38856"},"modified":"2021-04-06T21:32:22","modified_gmt":"2021-04-06T19:32:22","slug":"ktos-tu-jeszcze-normalnie-oddycha","status":"publish","type":"post","link":"https:\/\/siemysli-ke.info\/en\/ktos-tu-jeszcze-normalnie-oddycha\/","title":{"rendered":"(Polski) Kto nie z Mieciem, tego zmieciem. Kiedy grupa Wnet Krzysztofa Skowro\u0144skiego przejmie SDP?"},"content":{"rendered":"<p class=\"qtranxs-available-languages-message qtranxs-available-languages-message-en\">Sorry, this entry is only available in <a href=\"https:\/\/siemysli-ke.info\/pl\/wp-json\/wp\/v2\/posts\/38856\" class=\"qtranxs-available-language-link qtranxs-available-language-link-pl\" title=\"Polski\">Polski<\/a>.<\/p>","protected":false},"excerpt":{"rendered":"<p>Sorry, this entry is only available in Polski.<\/p>\n","protected":false},"author":3,"featured_media":38857,"comment_status":"open","ping_status":"open","sticky":false,"template":"","format":"standard","meta":{"colormag_page_layout":"default_layout","footnotes":""},"categories":[3,17743],"tags":[6472,21582,15011,2109,21585,21586,2485,15206,3679,19393,16614,21583,4119,21584],"class_list":["post-38856","post","type-post","status-publish","format-standard","has-post-thumbnail","hentry","category-kultura","category-polecane","tag-andrzej-sikora","tag-beskidzkie-poloniny","tag-boguslaw-sarat-prezes-oddzialu-na-wychodzstwie-sdp-lublin","tag-dzien-zmartwychwstania","tag-grupa-medialna-wnet","tag-kpa-kodeks-postepowania-administracyjnego","tag-krzysztof-skowronski","tag-kurier-wnet","tag-stowarzyszenie-dziennikarzy-polskich","tag-tomasz-niespial","tag-verlagsgruppe-passau","tag-wierchuszka-sdp","tag-wojciech-pokora","tag-polska-press"],"yoast_head":"<!-- This site is optimized with the Yoast SEO plugin v25.1 - https:\/\/yoast.com\/wordpress\/plugins\/seo\/ -->\n<title>(Polski) Kto nie z Mieciem, tego zmieciem. Kiedy grupa Wnet Krzysztofa Skowro\u0144skiego przejmie SDP? - SI\u0118 MY\u015aLI<\/title>\n<meta name=\"robots\" content=\"index, follow, max-snippet:-1, max-image-preview:large, max-video-preview:-1\" \/>\n<link rel=\"canonical\" href=\"https:\/\/siemysli-ke.info\/en\/ktos-tu-jeszcze-normalnie-oddycha\/\" \/>\n<meta property=\"og:locale\" content=\"en_US\" \/>\n<meta property=\"og:type\" content=\"article\" \/>\n<meta property=\"og:title\" content=\"(Polski) Kto nie z Mieciem, tego zmieciem. Kiedy grupa Wnet Krzysztofa Skowro\u0144skiego przejmie SDP? - SI\u0118 MY\u015aLI\" \/>\n<meta property=\"og:description\" content=\"Sorry, this entry is only available in Polski.\" \/>\n<meta property=\"og:url\" content=\"https:\/\/siemysli-ke.info\/en\/ktos-tu-jeszcze-normalnie-oddycha\/\" \/>\n<meta property=\"og:site_name\" content=\"SI\u0118 MY\u015aLI\" \/>\n<meta property=\"article:published_time\" content=\"2021-04-05T16:34:09+00:00\" \/>\n<meta property=\"article:modified_time\" content=\"2021-04-06T19:32:22+00:00\" \/>\n<meta property=\"og:image\" content=\"https:\/\/siemysli-ke.info\/wp-content\/uploads\/2021\/04\/Zdj\u0119cie1012.jpg\" \/>\n\t<meta property=\"og:image:width\" content=\"1200\" \/>\n\t<meta property=\"og:image:height\" content=\"900\" \/>\n\t<meta property=\"og:image:type\" content=\"image\/jpeg\" \/>\n<meta name=\"author\" content=\"...\" \/>\n<meta name=\"twitter:label1\" content=\"Written by\" \/>\n\t<meta name=\"twitter:data1\" content=\"...\" \/>\n\t<meta name=\"twitter:label2\" content=\"Est. reading time\" \/>\n\t<meta name=\"twitter:data2\" content=\"5 minutes\" \/>\n<script type=\"application\/ld+json\" class=\"yoast-schema-graph\">{\"@context\":\"https:\/\/schema.org\",\"@graph\":[{\"@type\":\"Article\",\"@id\":\"https:\/\/siemysli-ke.info\/en\/ktos-tu-jeszcze-normalnie-oddycha\/#article\",\"isPartOf\":{\"@id\":\"https:\/\/siemysli-ke.info\/en\/ktos-tu-jeszcze-normalnie-oddycha\/\"},\"author\":{\"name\":\"...\",\"@id\":\"https:\/\/siemysli-ke.info\/#\/schema\/person\/75326687448d6abf738b156f56385210\"},\"headline\":\"(Polski) Kto nie z Mieciem, tego zmieciem. Kiedy grupa Wnet Krzysztofa Skowro\u0144skiego przejmie SDP?\",\"datePublished\":\"2021-04-05T16:34:09+00:00\",\"dateModified\":\"2021-04-06T19:32:22+00:00\",\"mainEntityOfPage\":{\"@id\":\"https:\/\/siemysli-ke.info\/en\/ktos-tu-jeszcze-normalnie-oddycha\/\"},\"wordCount\":1031,\"commentCount\":0,\"publisher\":{\"@id\":\"https:\/\/siemysli-ke.info\/#organization\"},\"image\":{\"@id\":\"https:\/\/siemysli-ke.info\/en\/ktos-tu-jeszcze-normalnie-oddycha\/#primaryimage\"},\"thumbnailUrl\":\"https:\/\/siemysli-ke.info\/wp-content\/uploads\/2021\/04\/Zdj\u0119cie1012.jpg\",\"keywords\":[\"Andrzej Sikora\",\"beskidzkie po\u0142oniny\",\"Bogus\u0142aw Sarat - Prezes Oddzia\u0142u na Wychod\u017astwie SDP-Lublin\",\"Dzie\u0144 Zmartwychwstania\",\"grupa medialna \u201eWnet\u201d\",\"KPA (Kodeks Post\u0119powania Administracyjnego)\",\"Krzysztof Skowro\u0144ski\",\"Kurier \u201eWnet\u201d\",\"Stowarzyszenie Dziennikarzy Polskich\",\"Tomasz Nie\u015bpia\u0142\",\"Verlagsgruppe Passau\",\"wierchuszka SDP\",\"Wojciech Pokora\",\"\u201ePolska Press\u201d\"],\"articleSection\":[\"Kultura\",\"Polecane\"],\"inLanguage\":\"en-US\",\"potentialAction\":[{\"@type\":\"CommentAction\",\"name\":\"Comment\",\"target\":[\"https:\/\/siemysli-ke.info\/en\/ktos-tu-jeszcze-normalnie-oddycha\/#respond\"]}]},{\"@type\":\"WebPage\",\"@id\":\"https:\/\/siemysli-ke.info\/en\/ktos-tu-jeszcze-normalnie-oddycha\/\",\"url\":\"https:\/\/siemysli-ke.info\/en\/ktos-tu-jeszcze-normalnie-oddycha\/\",\"name\":\"(Polski) Kto nie z Mieciem, tego zmieciem. Kiedy grupa Wnet Krzysztofa Skowro\u0144skiego przejmie SDP? - SI\u0118 MY\u015aLI\",\"isPartOf\":{\"@id\":\"https:\/\/siemysli-ke.info\/en\/#website\"},\"primaryImageOfPage\":{\"@id\":\"https:\/\/siemysli-ke.info\/en\/ktos-tu-jeszcze-normalnie-oddycha\/#primaryimage\"},\"image\":{\"@id\":\"https:\/\/siemysli-ke.info\/en\/ktos-tu-jeszcze-normalnie-oddycha\/#primaryimage\"},\"thumbnailUrl\":\"https:\/\/siemysli-ke.info\/wp-content\/uploads\/2021\/04\/Zdj\u0119cie1012.jpg\",\"datePublished\":\"2021-04-05T16:34:09+00:00\",\"dateModified\":\"2021-04-06T19:32:22+00:00\",\"breadcrumb\":{\"@id\":\"https:\/\/siemysli-ke.info\/en\/ktos-tu-jeszcze-normalnie-oddycha\/#breadcrumb\"},\"inLanguage\":\"en-US\",\"potentialAction\":[{\"@type\":\"ReadAction\",\"target\":[[\"https:\/\/siemysli-ke.info\/en\/ktos-tu-jeszcze-normalnie-oddycha\/\"]]}]},{\"@type\":\"ImageObject\",\"inLanguage\":\"en-US\",\"@id\":\"https:\/\/siemysli-ke.info\/en\/ktos-tu-jeszcze-normalnie-oddycha\/#primaryimage\",\"url\":\"https:\/\/siemysli-ke.info\/wp-content\/uploads\/2021\/04\/Zdj\u0119cie1012.jpg\",\"contentUrl\":\"https:\/\/siemysli-ke.info\/wp-content\/uploads\/2021\/04\/Zdj\u0119cie1012.jpg\",\"width\":1200,\"height\":900},{\"@type\":\"BreadcrumbList\",\"@id\":\"https:\/\/siemysli-ke.info\/en\/ktos-tu-jeszcze-normalnie-oddycha\/#breadcrumb\",\"itemListElement\":[{\"@type\":\"ListItem\",\"position\":1,\"name\":\"Home\",\"item\":\"https:\/\/siemysli-ke.info\/en\/\"},{\"@type\":\"ListItem\",\"position\":2,\"name\":\"(Polski) Kto nie z Mieciem, tego zmieciem. Kiedy grupa Wnet Krzysztofa Skowro\u0144skiego przejmie SDP?\"}]},{\"@type\":\"WebSite\",\"@id\":\"https:\/\/siemysli-ke.info\/en\/#website\",\"url\":\"https:\/\/siemysli-ke.info\/en\/\",\"name\":\"SI\u0118 MY\u015aLI\",\"description\":\"\",\"publisher\":{\"@id\":\"https:\/\/siemysli-ke.info\/en\/#organization\"},\"potentialAction\":[{\"@type\":\"SearchAction\",\"target\":{\"@type\":\"EntryPoint\",\"urlTemplate\":\"https:\/\/siemysli-ke.info\/en\/?s={search_term_string}\"},\"query-input\":{\"@type\":\"PropertyValueSpecification\",\"valueRequired\":true,\"valueName\":\"search_term_string\"}}],\"inLanguage\":\"en-US\"},{\"@type\":\"Organization\",\"@id\":\"https:\/\/siemysli-ke.info\/en\/#organization\",\"name\":\"SI\u0118 MY\u015aLI\",\"url\":\"https:\/\/siemysli-ke.info\/en\/\",\"logo\":{\"@type\":\"ImageObject\",\"inLanguage\":\"en-US\",\"@id\":\"https:\/\/siemysli-ke.info\/en\/#\/schema\/logo\/image\/\",\"url\":\"https:\/\/siemysli-ke.info\/wp-content\/uploads\/2025\/05\/99.png\",\"contentUrl\":\"https:\/\/siemysli-ke.info\/wp-content\/uploads\/2025\/05\/99.png\",\"width\":270,\"height\":204,\"caption\":\"SI\u0118 MY\u015aLI\"},\"image\":{\"@id\":\"https:\/\/siemysli-ke.info\/en\/#\/schema\/logo\/image\/\"}},{\"@type\":\"Person\",\"@id\":\"https:\/\/siemysli-ke.info\/#\/schema\/person\/75326687448d6abf738b156f56385210\",\"name\":\"...\",\"image\":{\"@type\":\"ImageObject\",\"inLanguage\":\"en-US\",\"@id\":\"https:\/\/siemysli-ke.info\/en\/#\/schema\/person\/image\/\",\"url\":\"https:\/\/secure.gravatar.com\/avatar\/33a3c2559155e1b4add65cf88cafda785aeb920f44b97c7055b07866ab5b13c2?s=96&d=mm&r=g\",\"contentUrl\":\"https:\/\/secure.gravatar.com\/avatar\/33a3c2559155e1b4add65cf88cafda785aeb920f44b97c7055b07866ab5b13c2?s=96&d=mm&r=g\",\"caption\":\"...\"},\"url\":\"https:\/\/siemysli-ke.info\/en\/author\/lele\/\"}]}<\/script>\n<!-- \/ Yoast SEO plugin. -->","yoast_head_json":{"title":"(Polski) Kto nie z Mieciem, tego zmieciem. Kiedy grupa Wnet Krzysztofa Skowro\u0144skiego przejmie SDP? - SI\u0118 MY\u015aLI","robots":{"index":"index","follow":"follow","max-snippet":"max-snippet:-1","max-image-preview":"max-image-preview:large","max-video-preview":"max-video-preview:-1"},"canonical":"https:\/\/siemysli-ke.info\/en\/ktos-tu-jeszcze-normalnie-oddycha\/","og_locale":"en_US","og_type":"article","og_title":"(Polski) Kto nie z Mieciem, tego zmieciem. Kiedy grupa Wnet Krzysztofa Skowro\u0144skiego przejmie SDP? - SI\u0118 MY\u015aLI","og_description":"Sorry, this entry is only available in Polski.","og_url":"https:\/\/siemysli-ke.info\/en\/ktos-tu-jeszcze-normalnie-oddycha\/","og_site_name":"SI\u0118 MY\u015aLI","article_published_time":"2021-04-05T16:34:09+00:00","article_modified_time":"2021-04-06T19:32:22+00:00","og_image":[{"width":1200,"height":900,"url":"https:\/\/siemysli-ke.info\/wp-content\/uploads\/2021\/04\/Zdj\u0119cie1012.jpg","type":"image\/jpeg"}],"author":"...","twitter_misc":{"Written by":"...","Est. reading time":"5 minutes"},"schema":{"@context":"https:\/\/schema.org","@graph":[{"@type":"Article","@id":"https:\/\/siemysli-ke.info\/en\/ktos-tu-jeszcze-normalnie-oddycha\/#article","isPartOf":{"@id":"https:\/\/siemysli-ke.info\/en\/ktos-tu-jeszcze-normalnie-oddycha\/"},"author":{"name":"...","@id":"https:\/\/siemysli-ke.info\/#\/schema\/person\/75326687448d6abf738b156f56385210"},"headline":"(Polski) Kto nie z Mieciem, tego zmieciem. Kiedy grupa Wnet Krzysztofa Skowro\u0144skiego przejmie SDP?","datePublished":"2021-04-05T16:34:09+00:00","dateModified":"2021-04-06T19:32:22+00:00","mainEntityOfPage":{"@id":"https:\/\/siemysli-ke.info\/en\/ktos-tu-jeszcze-normalnie-oddycha\/"},"wordCount":1031,"commentCount":0,"publisher":{"@id":"https:\/\/siemysli-ke.info\/#organization"},"image":{"@id":"https:\/\/siemysli-ke.info\/en\/ktos-tu-jeszcze-normalnie-oddycha\/#primaryimage"},"thumbnailUrl":"https:\/\/siemysli-ke.info\/wp-content\/uploads\/2021\/04\/Zdj\u0119cie1012.jpg","keywords":["Andrzej Sikora","beskidzkie po\u0142oniny","Bogus\u0142aw Sarat - Prezes Oddzia\u0142u na Wychod\u017astwie SDP-Lublin","Dzie\u0144 Zmartwychwstania","grupa medialna \u201eWnet\u201d","KPA (Kodeks Post\u0119powania Administracyjnego)","Krzysztof Skowro\u0144ski","Kurier \u201eWnet\u201d","Stowarzyszenie Dziennikarzy Polskich","Tomasz Nie\u015bpia\u0142","Verlagsgruppe Passau","wierchuszka SDP","Wojciech Pokora","\u201ePolska Press\u201d"],"articleSection":["Kultura","Polecane"],"inLanguage":"en-US","potentialAction":[{"@type":"CommentAction","name":"Comment","target":["https:\/\/siemysli-ke.info\/en\/ktos-tu-jeszcze-normalnie-oddycha\/#respond"]}]},{"@type":"WebPage","@id":"https:\/\/siemysli-ke.info\/en\/ktos-tu-jeszcze-normalnie-oddycha\/","url":"https:\/\/siemysli-ke.info\/en\/ktos-tu-jeszcze-normalnie-oddycha\/","name":"(Polski) Kto nie z Mieciem, tego zmieciem. Kiedy grupa Wnet Krzysztofa Skowro\u0144skiego przejmie SDP? - SI\u0118 MY\u015aLI","isPartOf":{"@id":"https:\/\/siemysli-ke.info\/en\/#website"},"primaryImageOfPage":{"@id":"https:\/\/siemysli-ke.info\/en\/ktos-tu-jeszcze-normalnie-oddycha\/#primaryimage"},"image":{"@id":"https:\/\/siemysli-ke.info\/en\/ktos-tu-jeszcze-normalnie-oddycha\/#primaryimage"},"thumbnailUrl":"https:\/\/siemysli-ke.info\/wp-content\/uploads\/2021\/04\/Zdj\u0119cie1012.jpg","datePublished":"2021-04-05T16:34:09+00:00","dateModified":"2021-04-06T19:32:22+00:00","breadcrumb":{"@id":"https:\/\/siemysli-ke.info\/en\/ktos-tu-jeszcze-normalnie-oddycha\/#breadcrumb"},"inLanguage":"en-US","potentialAction":[{"@type":"ReadAction","target":[["https:\/\/siemysli-ke.info\/en\/ktos-tu-jeszcze-normalnie-oddycha\/"]]}]},{"@type":"ImageObject","inLanguage":"en-US","@id":"https:\/\/siemysli-ke.info\/en\/ktos-tu-jeszcze-normalnie-oddycha\/#primaryimage","url":"https:\/\/siemysli-ke.info\/wp-content\/uploads\/2021\/04\/Zdj\u0119cie1012.jpg","contentUrl":"https:\/\/siemysli-ke.info\/wp-content\/uploads\/2021\/04\/Zdj\u0119cie1012.jpg","width":1200,"height":900},{"@type":"BreadcrumbList","@id":"https:\/\/siemysli-ke.info\/en\/ktos-tu-jeszcze-normalnie-oddycha\/#breadcrumb","itemListElement":[{"@type":"ListItem","position":1,"name":"Home","item":"https:\/\/siemysli-ke.info\/en\/"},{"@type":"ListItem","position":2,"name":"(Polski) Kto nie z Mieciem, tego zmieciem. Kiedy grupa Wnet Krzysztofa Skowro\u0144skiego przejmie SDP?"}]},{"@type":"WebSite","@id":"https:\/\/siemysli-ke.info\/en\/#website","url":"https:\/\/siemysli-ke.info\/en\/","name":"SI\u0118 MY\u015aLI","description":"","publisher":{"@id":"https:\/\/siemysli-ke.info\/en\/#organization"},"potentialAction":[{"@type":"SearchAction","target":{"@type":"EntryPoint","urlTemplate":"https:\/\/siemysli-ke.info\/en\/?s={search_term_string}"},"query-input":{"@type":"PropertyValueSpecification","valueRequired":true,"valueName":"search_term_string"}}],"inLanguage":"en-US"},{"@type":"Organization","@id":"https:\/\/siemysli-ke.info\/en\/#organization","name":"SI\u0118 MY\u015aLI","url":"https:\/\/siemysli-ke.info\/en\/","logo":{"@type":"ImageObject","inLanguage":"en-US","@id":"https:\/\/siemysli-ke.info\/en\/#\/schema\/logo\/image\/","url":"https:\/\/siemysli-ke.info\/wp-content\/uploads\/2025\/05\/99.png","contentUrl":"https:\/\/siemysli-ke.info\/wp-content\/uploads\/2025\/05\/99.png","width":270,"height":204,"caption":"SI\u0118 MY\u015aLI"},"image":{"@id":"https:\/\/siemysli-ke.info\/en\/#\/schema\/logo\/image\/"}},{"@type":"Person","@id":"https:\/\/siemysli-ke.info\/#\/schema\/person\/75326687448d6abf738b156f56385210","name":"...","image":{"@type":"ImageObject","inLanguage":"en-US","@id":"https:\/\/siemysli-ke.info\/en\/#\/schema\/person\/image\/","url":"https:\/\/secure.gravatar.com\/avatar\/33a3c2559155e1b4add65cf88cafda785aeb920f44b97c7055b07866ab5b13c2?s=96&d=mm&r=g","contentUrl":"https:\/\/secure.gravatar.com\/avatar\/33a3c2559155e1b4add65cf88cafda785aeb920f44b97c7055b07866ab5b13c2?s=96&d=mm&r=g","caption":"..."},"url":"https:\/\/siemysli-ke.info\/en\/author\/lele\/"}]}},"_links":{"self":[{"href":"https:\/\/siemysli-ke.info\/en\/wp-json\/wp\/v2\/posts\/38856","targetHints":{"allow":["GET"]}}],"collection":[{"href":"https:\/\/siemysli-ke.info\/en\/wp-json\/wp\/v2\/posts"}],"about":[{"href":"https:\/\/siemysli-ke.info\/en\/wp-json\/wp\/v2\/types\/post"}],"author":[{"embeddable":true,"href":"https:\/\/siemysli-ke.info\/en\/wp-json\/wp\/v2\/users\/3"}],"replies":[{"embeddable":true,"href":"https:\/\/siemysli-ke.info\/en\/wp-json\/wp\/v2\/comments?post=38856"}],"version-history":[{"count":0,"href":"https:\/\/siemysli-ke.info\/en\/wp-json\/wp\/v2\/posts\/38856\/revisions"}],"wp:featuredmedia":[{"embeddable":true,"href":"https:\/\/siemysli-ke.info\/en\/wp-json\/wp\/v2\/media\/38857"}],"wp:attachment":[{"href":"https:\/\/siemysli-ke.info\/en\/wp-json\/wp\/v2\/media?parent=38856"}],"wp:term":[{"taxonomy":"category","embeddable":true,"href":"https:\/\/siemysli-ke.info\/en\/wp-json\/wp\/v2\/categories?post=38856"},{"taxonomy":"post_tag","embeddable":true,"href":"https:\/\/siemysli-ke.info\/en\/wp-json\/wp\/v2\/tags?post=38856"}],"curies":[{"name":"wp","href":"https:\/\/api.w.org\/{rel}","templated":true}]}}