 {"id":38556,"date":"2021-02-20T19:47:51","date_gmt":"2021-02-20T18:47:51","guid":{"rendered":"https:\/\/www.siemysli.info.ke\/?p=38556"},"modified":"2021-02-20T19:47:51","modified_gmt":"2021-02-20T18:47:51","slug":"czy-muzyk-pablo-hasel-pablo-rivadulla-duro-bedzie-siedzial","status":"publish","type":"post","link":"https:\/\/siemysli-ke.info\/en\/czy-muzyk-pablo-hasel-pablo-rivadulla-duro-bedzie-siedzial\/","title":{"rendered":"(Polski) Czy muzyk Pablo Hasel (Pablo Rivadulla Dur\u00f3) b\u0119dzie siedzia\u0142?"},"content":{"rendered":"<p class=\"qtranxs-available-languages-message qtranxs-available-languages-message-en\">Sorry, this entry is only available in <a href=\"https:\/\/siemysli-ke.info\/pl\/wp-json\/wp\/v2\/posts\/38556\" class=\"qtranxs-available-language-link qtranxs-available-language-link-pl\" title=\"Polski\">Polski<\/a>.<\/p>","protected":false},"excerpt":{"rendered":"<p>Sorry, this entry is only available in Polski.<\/p>\n","protected":false},"author":3,"featured_media":38557,"comment_status":"open","ping_status":"open","sticky":false,"template":"","format":"standard","meta":{"colormag_page_layout":"default_layout","footnotes":""},"categories":[17743,6],"tags":[21157,21155,21151,21154,21156,21158,21153,21149,202,21152,21150],"class_list":["post-38556","post","type-post","status-publish","format-standard","has-post-thumbnail","hentry","category-polecane","category-ue","tag-filip-vi-bourbon","tag-francisco-serrano","tag-histeryczny-tlum-bab","tag-hiszpanska-ustawa-przeciwko-przemocy-na-tle-plciowym","tag-katalonski-portal-somatemps","tag-madrycki-dziennik-abc","tag-ograniczanie-wolnosci-obywatelskich","tag-pablo-hasel-pablo-rivadulla-duro","tag-roman-boryczko","tag-sad-rejonowy-w-lodzi","tag-wladza-koalicji-obywatelskiej"],"yoast_head":"<!-- This site is optimized with the Yoast SEO plugin v25.1 - https:\/\/yoast.com\/wordpress\/plugins\/seo\/ -->\n<title>(Polski) Czy muzyk Pablo Hasel (Pablo Rivadulla Dur\u00f3) b\u0119dzie siedzia\u0142? - SI\u0118 MY\u015aLI<\/title>\n<meta name=\"robots\" content=\"index, follow, max-snippet:-1, max-image-preview:large, max-video-preview:-1\" \/>\n<link rel=\"canonical\" href=\"https:\/\/siemysli-ke.info\/en\/czy-muzyk-pablo-hasel-pablo-rivadulla-duro-bedzie-siedzial\/\" \/>\n<meta property=\"og:locale\" content=\"en_US\" \/>\n<meta property=\"og:type\" content=\"article\" \/>\n<meta property=\"og:title\" content=\"(Polski) Czy muzyk Pablo Hasel (Pablo Rivadulla Dur\u00f3) b\u0119dzie siedzia\u0142? - SI\u0118 MY\u015aLI\" \/>\n<meta property=\"og:description\" content=\"Sorry, this entry is only available in Polski.\" \/>\n<meta property=\"og:url\" content=\"https:\/\/siemysli-ke.info\/en\/czy-muzyk-pablo-hasel-pablo-rivadulla-duro-bedzie-siedzial\/\" \/>\n<meta property=\"og:site_name\" content=\"SI\u0118 MY\u015aLI\" \/>\n<meta property=\"article:published_time\" content=\"2021-02-20T18:47:51+00:00\" \/>\n<meta property=\"og:image\" content=\"https:\/\/siemysli-ke.info\/wp-content\/uploads\/2021\/02\/Uniwerek-Madrid.jpg\" \/>\n\t<meta property=\"og:image:width\" content=\"800\" \/>\n\t<meta property=\"og:image:height\" content=\"600\" \/>\n\t<meta property=\"og:image:type\" content=\"image\/jpeg\" \/>\n<meta name=\"author\" content=\"...\" \/>\n<meta name=\"twitter:label1\" content=\"Written by\" \/>\n\t<meta name=\"twitter:data1\" content=\"...\" \/>\n\t<meta name=\"twitter:label2\" content=\"Est. reading time\" \/>\n\t<meta name=\"twitter:data2\" content=\"4 minutes\" \/>\n<script type=\"application\/ld+json\" class=\"yoast-schema-graph\">{\"@context\":\"https:\/\/schema.org\",\"@graph\":[{\"@type\":\"Article\",\"@id\":\"https:\/\/siemysli-ke.info\/en\/czy-muzyk-pablo-hasel-pablo-rivadulla-duro-bedzie-siedzial\/#article\",\"isPartOf\":{\"@id\":\"https:\/\/siemysli-ke.info\/en\/czy-muzyk-pablo-hasel-pablo-rivadulla-duro-bedzie-siedzial\/\"},\"author\":{\"name\":\"...\",\"@id\":\"https:\/\/siemysli-ke.info\/#\/schema\/person\/75326687448d6abf738b156f56385210\"},\"headline\":\"(Polski) Czy muzyk Pablo Hasel (Pablo Rivadulla Dur\u00f3) b\u0119dzie siedzia\u0142?\",\"datePublished\":\"2021-02-20T18:47:51+00:00\",\"mainEntityOfPage\":{\"@id\":\"https:\/\/siemysli-ke.info\/en\/czy-muzyk-pablo-hasel-pablo-rivadulla-duro-bedzie-siedzial\/\"},\"wordCount\":789,\"commentCount\":0,\"publisher\":{\"@id\":\"https:\/\/siemysli-ke.info\/#organization\"},\"image\":{\"@id\":\"https:\/\/siemysli-ke.info\/en\/czy-muzyk-pablo-hasel-pablo-rivadulla-duro-bedzie-siedzial\/#primaryimage\"},\"thumbnailUrl\":\"https:\/\/siemysli-ke.info\/wp-content\/uploads\/2021\/02\/Uniwerek-Madrid.jpg\",\"keywords\":[\"Filip VI Bourbon\",\"Francisco Serrano\",\"histeryczny t\u0142um bab\",\"hiszpa\u0144ska ustawa przeciwko przemocy na tle p\u0142ciowym\",\"katalo\u0144ski portal \\\"Somatemps\\\"\",\"madrycki dziennik \\\"ABC\\\"\",\"ograniczanie wolno\u015bci obywatelskich\",\"Pablo Hasel (Pablo Rivadulla Dur\u00f3)\",\"Roman Boryczko\",\"S\u0105d Rejonowy w \u0141odzi\",\"w\u0142adza Koalicji Obywatelskiej\"],\"articleSection\":[\"Polecane\",\"Unia Europejska\"],\"inLanguage\":\"en-US\",\"potentialAction\":[{\"@type\":\"CommentAction\",\"name\":\"Comment\",\"target\":[\"https:\/\/siemysli-ke.info\/en\/czy-muzyk-pablo-hasel-pablo-rivadulla-duro-bedzie-siedzial\/#respond\"]}]},{\"@type\":\"WebPage\",\"@id\":\"https:\/\/siemysli-ke.info\/en\/czy-muzyk-pablo-hasel-pablo-rivadulla-duro-bedzie-siedzial\/\",\"url\":\"https:\/\/siemysli-ke.info\/en\/czy-muzyk-pablo-hasel-pablo-rivadulla-duro-bedzie-siedzial\/\",\"name\":\"(Polski) Czy muzyk Pablo Hasel (Pablo Rivadulla Dur\u00f3) b\u0119dzie siedzia\u0142? - SI\u0118 MY\u015aLI\",\"isPartOf\":{\"@id\":\"https:\/\/siemysli-ke.info\/en\/#website\"},\"primaryImageOfPage\":{\"@id\":\"https:\/\/siemysli-ke.info\/en\/czy-muzyk-pablo-hasel-pablo-rivadulla-duro-bedzie-siedzial\/#primaryimage\"},\"image\":{\"@id\":\"https:\/\/siemysli-ke.info\/en\/czy-muzyk-pablo-hasel-pablo-rivadulla-duro-bedzie-siedzial\/#primaryimage\"},\"thumbnailUrl\":\"https:\/\/siemysli-ke.info\/wp-content\/uploads\/2021\/02\/Uniwerek-Madrid.jpg\",\"datePublished\":\"2021-02-20T18:47:51+00:00\",\"breadcrumb\":{\"@id\":\"https:\/\/siemysli-ke.info\/en\/czy-muzyk-pablo-hasel-pablo-rivadulla-duro-bedzie-siedzial\/#breadcrumb\"},\"inLanguage\":\"en-US\",\"potentialAction\":[{\"@type\":\"ReadAction\",\"target\":[[\"https:\/\/siemysli-ke.info\/en\/czy-muzyk-pablo-hasel-pablo-rivadulla-duro-bedzie-siedzial\/\"]]}]},{\"@type\":\"ImageObject\",\"inLanguage\":\"en-US\",\"@id\":\"https:\/\/siemysli-ke.info\/en\/czy-muzyk-pablo-hasel-pablo-rivadulla-duro-bedzie-siedzial\/#primaryimage\",\"url\":\"https:\/\/siemysli-ke.info\/wp-content\/uploads\/2021\/02\/Uniwerek-Madrid.jpg\",\"contentUrl\":\"https:\/\/siemysli-ke.info\/wp-content\/uploads\/2021\/02\/Uniwerek-Madrid.jpg\",\"width\":800,\"height\":600},{\"@type\":\"BreadcrumbList\",\"@id\":\"https:\/\/siemysli-ke.info\/en\/czy-muzyk-pablo-hasel-pablo-rivadulla-duro-bedzie-siedzial\/#breadcrumb\",\"itemListElement\":[{\"@type\":\"ListItem\",\"position\":1,\"name\":\"Home\",\"item\":\"https:\/\/siemysli-ke.info\/en\/\"},{\"@type\":\"ListItem\",\"position\":2,\"name\":\"(Polski) Czy muzyk Pablo Hasel (Pablo Rivadulla Dur\u00f3) b\u0119dzie siedzia\u0142?\"}]},{\"@type\":\"WebSite\",\"@id\":\"https:\/\/siemysli-ke.info\/en\/#website\",\"url\":\"https:\/\/siemysli-ke.info\/en\/\",\"name\":\"SI\u0118 MY\u015aLI\",\"description\":\"\",\"publisher\":{\"@id\":\"https:\/\/siemysli-ke.info\/en\/#organization\"},\"potentialAction\":[{\"@type\":\"SearchAction\",\"target\":{\"@type\":\"EntryPoint\",\"urlTemplate\":\"https:\/\/siemysli-ke.info\/en\/?s={search_term_string}\"},\"query-input\":{\"@type\":\"PropertyValueSpecification\",\"valueRequired\":true,\"valueName\":\"search_term_string\"}}],\"inLanguage\":\"en-US\"},{\"@type\":\"Organization\",\"@id\":\"https:\/\/siemysli-ke.info\/en\/#organization\",\"name\":\"SI\u0118 MY\u015aLI\",\"url\":\"https:\/\/siemysli-ke.info\/en\/\",\"logo\":{\"@type\":\"ImageObject\",\"inLanguage\":\"en-US\",\"@id\":\"https:\/\/siemysli-ke.info\/en\/#\/schema\/logo\/image\/\",\"url\":\"https:\/\/siemysli-ke.info\/wp-content\/uploads\/2025\/05\/99.png\",\"contentUrl\":\"https:\/\/siemysli-ke.info\/wp-content\/uploads\/2025\/05\/99.png\",\"width\":270,\"height\":204,\"caption\":\"SI\u0118 MY\u015aLI\"},\"image\":{\"@id\":\"https:\/\/siemysli-ke.info\/en\/#\/schema\/logo\/image\/\"}},{\"@type\":\"Person\",\"@id\":\"https:\/\/siemysli-ke.info\/#\/schema\/person\/75326687448d6abf738b156f56385210\",\"name\":\"...\",\"image\":{\"@type\":\"ImageObject\",\"inLanguage\":\"en-US\",\"@id\":\"https:\/\/siemysli-ke.info\/en\/#\/schema\/person\/image\/\",\"url\":\"https:\/\/secure.gravatar.com\/avatar\/33a3c2559155e1b4add65cf88cafda785aeb920f44b97c7055b07866ab5b13c2?s=96&d=mm&r=g\",\"contentUrl\":\"https:\/\/secure.gravatar.com\/avatar\/33a3c2559155e1b4add65cf88cafda785aeb920f44b97c7055b07866ab5b13c2?s=96&d=mm&r=g\",\"caption\":\"...\"},\"url\":\"https:\/\/siemysli-ke.info\/en\/author\/lele\/\"}]}<\/script>\n<!-- \/ Yoast SEO plugin. -->","yoast_head_json":{"title":"(Polski) Czy muzyk Pablo Hasel (Pablo Rivadulla Dur\u00f3) b\u0119dzie siedzia\u0142? - SI\u0118 MY\u015aLI","robots":{"index":"index","follow":"follow","max-snippet":"max-snippet:-1","max-image-preview":"max-image-preview:large","max-video-preview":"max-video-preview:-1"},"canonical":"https:\/\/siemysli-ke.info\/en\/czy-muzyk-pablo-hasel-pablo-rivadulla-duro-bedzie-siedzial\/","og_locale":"en_US","og_type":"article","og_title":"(Polski) Czy muzyk Pablo Hasel (Pablo Rivadulla Dur\u00f3) b\u0119dzie siedzia\u0142? - SI\u0118 MY\u015aLI","og_description":"Sorry, this entry is only available in Polski.","og_url":"https:\/\/siemysli-ke.info\/en\/czy-muzyk-pablo-hasel-pablo-rivadulla-duro-bedzie-siedzial\/","og_site_name":"SI\u0118 MY\u015aLI","article_published_time":"2021-02-20T18:47:51+00:00","og_image":[{"width":800,"height":600,"url":"https:\/\/siemysli-ke.info\/wp-content\/uploads\/2021\/02\/Uniwerek-Madrid.jpg","type":"image\/jpeg"}],"author":"...","twitter_misc":{"Written by":"...","Est. reading time":"4 minutes"},"schema":{"@context":"https:\/\/schema.org","@graph":[{"@type":"Article","@id":"https:\/\/siemysli-ke.info\/en\/czy-muzyk-pablo-hasel-pablo-rivadulla-duro-bedzie-siedzial\/#article","isPartOf":{"@id":"https:\/\/siemysli-ke.info\/en\/czy-muzyk-pablo-hasel-pablo-rivadulla-duro-bedzie-siedzial\/"},"author":{"name":"...","@id":"https:\/\/siemysli-ke.info\/#\/schema\/person\/75326687448d6abf738b156f56385210"},"headline":"(Polski) Czy muzyk Pablo Hasel (Pablo Rivadulla Dur\u00f3) b\u0119dzie siedzia\u0142?","datePublished":"2021-02-20T18:47:51+00:00","mainEntityOfPage":{"@id":"https:\/\/siemysli-ke.info\/en\/czy-muzyk-pablo-hasel-pablo-rivadulla-duro-bedzie-siedzial\/"},"wordCount":789,"commentCount":0,"publisher":{"@id":"https:\/\/siemysli-ke.info\/#organization"},"image":{"@id":"https:\/\/siemysli-ke.info\/en\/czy-muzyk-pablo-hasel-pablo-rivadulla-duro-bedzie-siedzial\/#primaryimage"},"thumbnailUrl":"https:\/\/siemysli-ke.info\/wp-content\/uploads\/2021\/02\/Uniwerek-Madrid.jpg","keywords":["Filip VI Bourbon","Francisco Serrano","histeryczny t\u0142um bab","hiszpa\u0144ska ustawa przeciwko przemocy na tle p\u0142ciowym","katalo\u0144ski portal \"Somatemps\"","madrycki dziennik \"ABC\"","ograniczanie wolno\u015bci obywatelskich","Pablo Hasel (Pablo Rivadulla Dur\u00f3)","Roman Boryczko","S\u0105d Rejonowy w \u0141odzi","w\u0142adza Koalicji Obywatelskiej"],"articleSection":["Polecane","Unia Europejska"],"inLanguage":"en-US","potentialAction":[{"@type":"CommentAction","name":"Comment","target":["https:\/\/siemysli-ke.info\/en\/czy-muzyk-pablo-hasel-pablo-rivadulla-duro-bedzie-siedzial\/#respond"]}]},{"@type":"WebPage","@id":"https:\/\/siemysli-ke.info\/en\/czy-muzyk-pablo-hasel-pablo-rivadulla-duro-bedzie-siedzial\/","url":"https:\/\/siemysli-ke.info\/en\/czy-muzyk-pablo-hasel-pablo-rivadulla-duro-bedzie-siedzial\/","name":"(Polski) Czy muzyk Pablo Hasel (Pablo Rivadulla Dur\u00f3) b\u0119dzie siedzia\u0142? - SI\u0118 MY\u015aLI","isPartOf":{"@id":"https:\/\/siemysli-ke.info\/en\/#website"},"primaryImageOfPage":{"@id":"https:\/\/siemysli-ke.info\/en\/czy-muzyk-pablo-hasel-pablo-rivadulla-duro-bedzie-siedzial\/#primaryimage"},"image":{"@id":"https:\/\/siemysli-ke.info\/en\/czy-muzyk-pablo-hasel-pablo-rivadulla-duro-bedzie-siedzial\/#primaryimage"},"thumbnailUrl":"https:\/\/siemysli-ke.info\/wp-content\/uploads\/2021\/02\/Uniwerek-Madrid.jpg","datePublished":"2021-02-20T18:47:51+00:00","breadcrumb":{"@id":"https:\/\/siemysli-ke.info\/en\/czy-muzyk-pablo-hasel-pablo-rivadulla-duro-bedzie-siedzial\/#breadcrumb"},"inLanguage":"en-US","potentialAction":[{"@type":"ReadAction","target":[["https:\/\/siemysli-ke.info\/en\/czy-muzyk-pablo-hasel-pablo-rivadulla-duro-bedzie-siedzial\/"]]}]},{"@type":"ImageObject","inLanguage":"en-US","@id":"https:\/\/siemysli-ke.info\/en\/czy-muzyk-pablo-hasel-pablo-rivadulla-duro-bedzie-siedzial\/#primaryimage","url":"https:\/\/siemysli-ke.info\/wp-content\/uploads\/2021\/02\/Uniwerek-Madrid.jpg","contentUrl":"https:\/\/siemysli-ke.info\/wp-content\/uploads\/2021\/02\/Uniwerek-Madrid.jpg","width":800,"height":600},{"@type":"BreadcrumbList","@id":"https:\/\/siemysli-ke.info\/en\/czy-muzyk-pablo-hasel-pablo-rivadulla-duro-bedzie-siedzial\/#breadcrumb","itemListElement":[{"@type":"ListItem","position":1,"name":"Home","item":"https:\/\/siemysli-ke.info\/en\/"},{"@type":"ListItem","position":2,"name":"(Polski) Czy muzyk Pablo Hasel (Pablo Rivadulla Dur\u00f3) b\u0119dzie siedzia\u0142?"}]},{"@type":"WebSite","@id":"https:\/\/siemysli-ke.info\/en\/#website","url":"https:\/\/siemysli-ke.info\/en\/","name":"SI\u0118 MY\u015aLI","description":"","publisher":{"@id":"https:\/\/siemysli-ke.info\/en\/#organization"},"potentialAction":[{"@type":"SearchAction","target":{"@type":"EntryPoint","urlTemplate":"https:\/\/siemysli-ke.info\/en\/?s={search_term_string}"},"query-input":{"@type":"PropertyValueSpecification","valueRequired":true,"valueName":"search_term_string"}}],"inLanguage":"en-US"},{"@type":"Organization","@id":"https:\/\/siemysli-ke.info\/en\/#organization","name":"SI\u0118 MY\u015aLI","url":"https:\/\/siemysli-ke.info\/en\/","logo":{"@type":"ImageObject","inLanguage":"en-US","@id":"https:\/\/siemysli-ke.info\/en\/#\/schema\/logo\/image\/","url":"https:\/\/siemysli-ke.info\/wp-content\/uploads\/2025\/05\/99.png","contentUrl":"https:\/\/siemysli-ke.info\/wp-content\/uploads\/2025\/05\/99.png","width":270,"height":204,"caption":"SI\u0118 MY\u015aLI"},"image":{"@id":"https:\/\/siemysli-ke.info\/en\/#\/schema\/logo\/image\/"}},{"@type":"Person","@id":"https:\/\/siemysli-ke.info\/#\/schema\/person\/75326687448d6abf738b156f56385210","name":"...","image":{"@type":"ImageObject","inLanguage":"en-US","@id":"https:\/\/siemysli-ke.info\/en\/#\/schema\/person\/image\/","url":"https:\/\/secure.gravatar.com\/avatar\/33a3c2559155e1b4add65cf88cafda785aeb920f44b97c7055b07866ab5b13c2?s=96&d=mm&r=g","contentUrl":"https:\/\/secure.gravatar.com\/avatar\/33a3c2559155e1b4add65cf88cafda785aeb920f44b97c7055b07866ab5b13c2?s=96&d=mm&r=g","caption":"..."},"url":"https:\/\/siemysli-ke.info\/en\/author\/lele\/"}]}},"_links":{"self":[{"href":"https:\/\/siemysli-ke.info\/en\/wp-json\/wp\/v2\/posts\/38556","targetHints":{"allow":["GET"]}}],"collection":[{"href":"https:\/\/siemysli-ke.info\/en\/wp-json\/wp\/v2\/posts"}],"about":[{"href":"https:\/\/siemysli-ke.info\/en\/wp-json\/wp\/v2\/types\/post"}],"author":[{"embeddable":true,"href":"https:\/\/siemysli-ke.info\/en\/wp-json\/wp\/v2\/users\/3"}],"replies":[{"embeddable":true,"href":"https:\/\/siemysli-ke.info\/en\/wp-json\/wp\/v2\/comments?post=38556"}],"version-history":[{"count":0,"href":"https:\/\/siemysli-ke.info\/en\/wp-json\/wp\/v2\/posts\/38556\/revisions"}],"wp:featuredmedia":[{"embeddable":true,"href":"https:\/\/siemysli-ke.info\/en\/wp-json\/wp\/v2\/media\/38557"}],"wp:attachment":[{"href":"https:\/\/siemysli-ke.info\/en\/wp-json\/wp\/v2\/media?parent=38556"}],"wp:term":[{"taxonomy":"category","embeddable":true,"href":"https:\/\/siemysli-ke.info\/en\/wp-json\/wp\/v2\/categories?post=38556"},{"taxonomy":"post_tag","embeddable":true,"href":"https:\/\/siemysli-ke.info\/en\/wp-json\/wp\/v2\/tags?post=38556"}],"curies":[{"name":"wp","href":"https:\/\/api.w.org\/{rel}","templated":true}]}}