 {"id":38082,"date":"2021-01-03T00:25:57","date_gmt":"2021-01-02T23:25:57","guid":{"rendered":"https:\/\/www.siemysli.info.ke\/?p=38082"},"modified":"2021-01-03T00:40:19","modified_gmt":"2021-01-02T23:40:19","slug":"wolni-czy-nie-wybor-nalezy-do-was","status":"publish","type":"post","link":"https:\/\/siemysli-ke.info\/en\/wolni-czy-nie-wybor-nalezy-do-was\/","title":{"rendered":"(Polski) Wolni czy nie? Wyb\u00f3r nale\u017cy do Was\u2026"},"content":{"rendered":"<p class=\"qtranxs-available-languages-message qtranxs-available-languages-message-en\">Sorry, this entry is only available in <a href=\"https:\/\/siemysli-ke.info\/pl\/wp-json\/wp\/v2\/posts\/38082\" class=\"qtranxs-available-language-link qtranxs-available-language-link-pl\" title=\"Polski\">Polski<\/a>.<\/p>","protected":false},"excerpt":{"rendered":"<p>Sorry, this entry is only available in Polski.<\/p>\n","protected":false},"author":3,"featured_media":38085,"comment_status":"open","ping_status":"open","sticky":false,"template":"","format":"standard","meta":{"colormag_page_layout":"default_layout","footnotes":""},"categories":[143,17743],"tags":[20507,20504,20498,20508,20502,8705,20505,20497,20503,20501,20499,20500,20506,15477],"class_list":["post-38082","post","type-post","status-publish","format-standard","has-post-thumbnail","hentry","category-inne","category-polecane","tag-biometryczny-cyfrowy-dowod-tozsamosci","tag-calkowity-upadek-branzy-turystycznej","tag-drugi-lockdown","tag-elon-musk","tag-fundacja-rockefellera-rok-2010-dokument-scenariusze-przyszlosci-technologii-i-rozwoju-miedzynarodowego","tag-grupa-bilderberg","tag-klaus-schwab","tag-marcel-anders","tag-schwab-czwarta-rewolucja-przemyslowa","tag-swiatowa-organizacja-zdrowia","tag-swiatowe-forum-ekonomiczne","tag-swiatowe-forum-zywnosciowe","tag-wielki-reset","tag-wloczykij"],"yoast_head":"<!-- This site is optimized with the Yoast SEO plugin v25.1 - https:\/\/yoast.com\/wordpress\/plugins\/seo\/ -->\n<title>(Polski) Wolni czy nie? Wyb\u00f3r nale\u017cy do Was\u2026 - SI\u0118 MY\u015aLI<\/title>\n<meta name=\"robots\" content=\"index, follow, max-snippet:-1, max-image-preview:large, max-video-preview:-1\" \/>\n<link rel=\"canonical\" href=\"https:\/\/siemysli-ke.info\/en\/wolni-czy-nie-wybor-nalezy-do-was\/\" \/>\n<meta property=\"og:locale\" content=\"en_US\" \/>\n<meta property=\"og:type\" content=\"article\" \/>\n<meta property=\"og:title\" content=\"(Polski) Wolni czy nie? Wyb\u00f3r nale\u017cy do Was\u2026 - SI\u0118 MY\u015aLI\" \/>\n<meta property=\"og:description\" content=\"Sorry, this entry is only available in Polski.\" \/>\n<meta property=\"og:url\" content=\"https:\/\/siemysli-ke.info\/en\/wolni-czy-nie-wybor-nalezy-do-was\/\" \/>\n<meta property=\"og:site_name\" content=\"SI\u0118 MY\u015aLI\" \/>\n<meta property=\"article:published_time\" content=\"2021-01-02T23:25:57+00:00\" \/>\n<meta property=\"article:modified_time\" content=\"2021-01-02T23:40:19+00:00\" \/>\n<meta property=\"og:image\" content=\"https:\/\/siemysli-ke.info\/wp-content\/uploads\/2021\/01\/13_14_SS_Days_of_Chaos_Free.jpg\" \/>\n\t<meta property=\"og:image:width\" content=\"678\" \/>\n\t<meta property=\"og:image:height\" content=\"302\" \/>\n\t<meta property=\"og:image:type\" content=\"image\/jpeg\" \/>\n<meta name=\"author\" content=\"...\" \/>\n<meta name=\"twitter:label1\" content=\"Written by\" \/>\n\t<meta name=\"twitter:data1\" content=\"...\" \/>\n\t<meta name=\"twitter:label2\" content=\"Est. reading time\" \/>\n\t<meta name=\"twitter:data2\" content=\"7 minutes\" \/>\n<script type=\"application\/ld+json\" class=\"yoast-schema-graph\">{\"@context\":\"https:\/\/schema.org\",\"@graph\":[{\"@type\":\"Article\",\"@id\":\"https:\/\/siemysli-ke.info\/en\/wolni-czy-nie-wybor-nalezy-do-was\/#article\",\"isPartOf\":{\"@id\":\"https:\/\/siemysli-ke.info\/en\/wolni-czy-nie-wybor-nalezy-do-was\/\"},\"author\":{\"name\":\"...\",\"@id\":\"https:\/\/siemysli-ke.info\/#\/schema\/person\/75326687448d6abf738b156f56385210\"},\"headline\":\"(Polski) Wolni czy nie? Wyb\u00f3r nale\u017cy do Was\u2026\",\"datePublished\":\"2021-01-02T23:25:57+00:00\",\"dateModified\":\"2021-01-02T23:40:19+00:00\",\"mainEntityOfPage\":{\"@id\":\"https:\/\/siemysli-ke.info\/en\/wolni-czy-nie-wybor-nalezy-do-was\/\"},\"wordCount\":1414,\"commentCount\":0,\"publisher\":{\"@id\":\"https:\/\/siemysli-ke.info\/#organization\"},\"image\":{\"@id\":\"https:\/\/siemysli-ke.info\/en\/wolni-czy-nie-wybor-nalezy-do-was\/#primaryimage\"},\"thumbnailUrl\":\"https:\/\/siemysli-ke.info\/wp-content\/uploads\/2021\/01\/13_14_SS_Days_of_Chaos_Free.jpg\",\"keywords\":[\"Biometryczny Cyfrowy Dow\u00f3d To\u017csamo\u015bci\",\"ca\u0142kowity upadek bran\u017cy turystycznej\",\"drugi lockdown\",\"Elon Musk\",\"Fundacja Rockefellera \u2013 rok 2010 \u2013 dokument \\\"Scenariusze przysz\u0142o\u015bci technologii i rozwoju mi\u0119dzynarodowego\\\"\",\"Grupa Bilderberg\",\"Klaus Schwab\",\"Marcel Anders\",\"Schwab \\\"Czwarta rewolucja przemys\u0142owa\\\"\",\"\u015awiatowa Organizacja Zdrowia\",\"\u015awiatowe Forum Ekonomiczne\",\"\u015awiatowe Forum \u017bywno\u015bciowe\",\"wielki reset\",\"W\u0142\u00f3czykij\"],\"articleSection\":[\"Inne\",\"Polecane\"],\"inLanguage\":\"en-US\",\"potentialAction\":[{\"@type\":\"CommentAction\",\"name\":\"Comment\",\"target\":[\"https:\/\/siemysli-ke.info\/en\/wolni-czy-nie-wybor-nalezy-do-was\/#respond\"]}]},{\"@type\":\"WebPage\",\"@id\":\"https:\/\/siemysli-ke.info\/en\/wolni-czy-nie-wybor-nalezy-do-was\/\",\"url\":\"https:\/\/siemysli-ke.info\/en\/wolni-czy-nie-wybor-nalezy-do-was\/\",\"name\":\"(Polski) Wolni czy nie? Wyb\u00f3r nale\u017cy do Was\u2026 - SI\u0118 MY\u015aLI\",\"isPartOf\":{\"@id\":\"https:\/\/siemysli-ke.info\/en\/#website\"},\"primaryImageOfPage\":{\"@id\":\"https:\/\/siemysli-ke.info\/en\/wolni-czy-nie-wybor-nalezy-do-was\/#primaryimage\"},\"image\":{\"@id\":\"https:\/\/siemysli-ke.info\/en\/wolni-czy-nie-wybor-nalezy-do-was\/#primaryimage\"},\"thumbnailUrl\":\"https:\/\/siemysli-ke.info\/wp-content\/uploads\/2021\/01\/13_14_SS_Days_of_Chaos_Free.jpg\",\"datePublished\":\"2021-01-02T23:25:57+00:00\",\"dateModified\":\"2021-01-02T23:40:19+00:00\",\"breadcrumb\":{\"@id\":\"https:\/\/siemysli-ke.info\/en\/wolni-czy-nie-wybor-nalezy-do-was\/#breadcrumb\"},\"inLanguage\":\"en-US\",\"potentialAction\":[{\"@type\":\"ReadAction\",\"target\":[[\"https:\/\/siemysli-ke.info\/en\/wolni-czy-nie-wybor-nalezy-do-was\/\"]]}]},{\"@type\":\"ImageObject\",\"inLanguage\":\"en-US\",\"@id\":\"https:\/\/siemysli-ke.info\/en\/wolni-czy-nie-wybor-nalezy-do-was\/#primaryimage\",\"url\":\"https:\/\/siemysli-ke.info\/wp-content\/uploads\/2021\/01\/13_14_SS_Days_of_Chaos_Free.jpg\",\"contentUrl\":\"https:\/\/siemysli-ke.info\/wp-content\/uploads\/2021\/01\/13_14_SS_Days_of_Chaos_Free.jpg\",\"width\":678,\"height\":302},{\"@type\":\"BreadcrumbList\",\"@id\":\"https:\/\/siemysli-ke.info\/en\/wolni-czy-nie-wybor-nalezy-do-was\/#breadcrumb\",\"itemListElement\":[{\"@type\":\"ListItem\",\"position\":1,\"name\":\"Home\",\"item\":\"https:\/\/siemysli-ke.info\/en\/\"},{\"@type\":\"ListItem\",\"position\":2,\"name\":\"(Polski) Wolni czy nie? Wyb\u00f3r nale\u017cy do Was\u2026\"}]},{\"@type\":\"WebSite\",\"@id\":\"https:\/\/siemysli-ke.info\/en\/#website\",\"url\":\"https:\/\/siemysli-ke.info\/en\/\",\"name\":\"SI\u0118 MY\u015aLI\",\"description\":\"\",\"publisher\":{\"@id\":\"https:\/\/siemysli-ke.info\/en\/#organization\"},\"potentialAction\":[{\"@type\":\"SearchAction\",\"target\":{\"@type\":\"EntryPoint\",\"urlTemplate\":\"https:\/\/siemysli-ke.info\/en\/?s={search_term_string}\"},\"query-input\":{\"@type\":\"PropertyValueSpecification\",\"valueRequired\":true,\"valueName\":\"search_term_string\"}}],\"inLanguage\":\"en-US\"},{\"@type\":\"Organization\",\"@id\":\"https:\/\/siemysli-ke.info\/en\/#organization\",\"name\":\"SI\u0118 MY\u015aLI\",\"url\":\"https:\/\/siemysli-ke.info\/en\/\",\"logo\":{\"@type\":\"ImageObject\",\"inLanguage\":\"en-US\",\"@id\":\"https:\/\/siemysli-ke.info\/en\/#\/schema\/logo\/image\/\",\"url\":\"https:\/\/siemysli-ke.info\/wp-content\/uploads\/2025\/05\/99.png\",\"contentUrl\":\"https:\/\/siemysli-ke.info\/wp-content\/uploads\/2025\/05\/99.png\",\"width\":270,\"height\":204,\"caption\":\"SI\u0118 MY\u015aLI\"},\"image\":{\"@id\":\"https:\/\/siemysli-ke.info\/en\/#\/schema\/logo\/image\/\"}},{\"@type\":\"Person\",\"@id\":\"https:\/\/siemysli-ke.info\/#\/schema\/person\/75326687448d6abf738b156f56385210\",\"name\":\"...\",\"image\":{\"@type\":\"ImageObject\",\"inLanguage\":\"en-US\",\"@id\":\"https:\/\/siemysli-ke.info\/en\/#\/schema\/person\/image\/\",\"url\":\"https:\/\/secure.gravatar.com\/avatar\/33a3c2559155e1b4add65cf88cafda785aeb920f44b97c7055b07866ab5b13c2?s=96&d=mm&r=g\",\"contentUrl\":\"https:\/\/secure.gravatar.com\/avatar\/33a3c2559155e1b4add65cf88cafda785aeb920f44b97c7055b07866ab5b13c2?s=96&d=mm&r=g\",\"caption\":\"...\"},\"url\":\"https:\/\/siemysli-ke.info\/en\/author\/lele\/\"}]}<\/script>\n<!-- \/ Yoast SEO plugin. -->","yoast_head_json":{"title":"(Polski) Wolni czy nie? Wyb\u00f3r nale\u017cy do Was\u2026 - SI\u0118 MY\u015aLI","robots":{"index":"index","follow":"follow","max-snippet":"max-snippet:-1","max-image-preview":"max-image-preview:large","max-video-preview":"max-video-preview:-1"},"canonical":"https:\/\/siemysli-ke.info\/en\/wolni-czy-nie-wybor-nalezy-do-was\/","og_locale":"en_US","og_type":"article","og_title":"(Polski) Wolni czy nie? Wyb\u00f3r nale\u017cy do Was\u2026 - SI\u0118 MY\u015aLI","og_description":"Sorry, this entry is only available in Polski.","og_url":"https:\/\/siemysli-ke.info\/en\/wolni-czy-nie-wybor-nalezy-do-was\/","og_site_name":"SI\u0118 MY\u015aLI","article_published_time":"2021-01-02T23:25:57+00:00","article_modified_time":"2021-01-02T23:40:19+00:00","og_image":[{"width":678,"height":302,"url":"https:\/\/siemysli-ke.info\/wp-content\/uploads\/2021\/01\/13_14_SS_Days_of_Chaos_Free.jpg","type":"image\/jpeg"}],"author":"...","twitter_misc":{"Written by":"...","Est. reading time":"7 minutes"},"schema":{"@context":"https:\/\/schema.org","@graph":[{"@type":"Article","@id":"https:\/\/siemysli-ke.info\/en\/wolni-czy-nie-wybor-nalezy-do-was\/#article","isPartOf":{"@id":"https:\/\/siemysli-ke.info\/en\/wolni-czy-nie-wybor-nalezy-do-was\/"},"author":{"name":"...","@id":"https:\/\/siemysli-ke.info\/#\/schema\/person\/75326687448d6abf738b156f56385210"},"headline":"(Polski) Wolni czy nie? Wyb\u00f3r nale\u017cy do Was\u2026","datePublished":"2021-01-02T23:25:57+00:00","dateModified":"2021-01-02T23:40:19+00:00","mainEntityOfPage":{"@id":"https:\/\/siemysli-ke.info\/en\/wolni-czy-nie-wybor-nalezy-do-was\/"},"wordCount":1414,"commentCount":0,"publisher":{"@id":"https:\/\/siemysli-ke.info\/#organization"},"image":{"@id":"https:\/\/siemysli-ke.info\/en\/wolni-czy-nie-wybor-nalezy-do-was\/#primaryimage"},"thumbnailUrl":"https:\/\/siemysli-ke.info\/wp-content\/uploads\/2021\/01\/13_14_SS_Days_of_Chaos_Free.jpg","keywords":["Biometryczny Cyfrowy Dow\u00f3d To\u017csamo\u015bci","ca\u0142kowity upadek bran\u017cy turystycznej","drugi lockdown","Elon Musk","Fundacja Rockefellera \u2013 rok 2010 \u2013 dokument \"Scenariusze przysz\u0142o\u015bci technologii i rozwoju mi\u0119dzynarodowego\"","Grupa Bilderberg","Klaus Schwab","Marcel Anders","Schwab \"Czwarta rewolucja przemys\u0142owa\"","\u015awiatowa Organizacja Zdrowia","\u015awiatowe Forum Ekonomiczne","\u015awiatowe Forum \u017bywno\u015bciowe","wielki reset","W\u0142\u00f3czykij"],"articleSection":["Inne","Polecane"],"inLanguage":"en-US","potentialAction":[{"@type":"CommentAction","name":"Comment","target":["https:\/\/siemysli-ke.info\/en\/wolni-czy-nie-wybor-nalezy-do-was\/#respond"]}]},{"@type":"WebPage","@id":"https:\/\/siemysli-ke.info\/en\/wolni-czy-nie-wybor-nalezy-do-was\/","url":"https:\/\/siemysli-ke.info\/en\/wolni-czy-nie-wybor-nalezy-do-was\/","name":"(Polski) Wolni czy nie? Wyb\u00f3r nale\u017cy do Was\u2026 - SI\u0118 MY\u015aLI","isPartOf":{"@id":"https:\/\/siemysli-ke.info\/en\/#website"},"primaryImageOfPage":{"@id":"https:\/\/siemysli-ke.info\/en\/wolni-czy-nie-wybor-nalezy-do-was\/#primaryimage"},"image":{"@id":"https:\/\/siemysli-ke.info\/en\/wolni-czy-nie-wybor-nalezy-do-was\/#primaryimage"},"thumbnailUrl":"https:\/\/siemysli-ke.info\/wp-content\/uploads\/2021\/01\/13_14_SS_Days_of_Chaos_Free.jpg","datePublished":"2021-01-02T23:25:57+00:00","dateModified":"2021-01-02T23:40:19+00:00","breadcrumb":{"@id":"https:\/\/siemysli-ke.info\/en\/wolni-czy-nie-wybor-nalezy-do-was\/#breadcrumb"},"inLanguage":"en-US","potentialAction":[{"@type":"ReadAction","target":[["https:\/\/siemysli-ke.info\/en\/wolni-czy-nie-wybor-nalezy-do-was\/"]]}]},{"@type":"ImageObject","inLanguage":"en-US","@id":"https:\/\/siemysli-ke.info\/en\/wolni-czy-nie-wybor-nalezy-do-was\/#primaryimage","url":"https:\/\/siemysli-ke.info\/wp-content\/uploads\/2021\/01\/13_14_SS_Days_of_Chaos_Free.jpg","contentUrl":"https:\/\/siemysli-ke.info\/wp-content\/uploads\/2021\/01\/13_14_SS_Days_of_Chaos_Free.jpg","width":678,"height":302},{"@type":"BreadcrumbList","@id":"https:\/\/siemysli-ke.info\/en\/wolni-czy-nie-wybor-nalezy-do-was\/#breadcrumb","itemListElement":[{"@type":"ListItem","position":1,"name":"Home","item":"https:\/\/siemysli-ke.info\/en\/"},{"@type":"ListItem","position":2,"name":"(Polski) Wolni czy nie? Wyb\u00f3r nale\u017cy do Was\u2026"}]},{"@type":"WebSite","@id":"https:\/\/siemysli-ke.info\/en\/#website","url":"https:\/\/siemysli-ke.info\/en\/","name":"SI\u0118 MY\u015aLI","description":"","publisher":{"@id":"https:\/\/siemysli-ke.info\/en\/#organization"},"potentialAction":[{"@type":"SearchAction","target":{"@type":"EntryPoint","urlTemplate":"https:\/\/siemysli-ke.info\/en\/?s={search_term_string}"},"query-input":{"@type":"PropertyValueSpecification","valueRequired":true,"valueName":"search_term_string"}}],"inLanguage":"en-US"},{"@type":"Organization","@id":"https:\/\/siemysli-ke.info\/en\/#organization","name":"SI\u0118 MY\u015aLI","url":"https:\/\/siemysli-ke.info\/en\/","logo":{"@type":"ImageObject","inLanguage":"en-US","@id":"https:\/\/siemysli-ke.info\/en\/#\/schema\/logo\/image\/","url":"https:\/\/siemysli-ke.info\/wp-content\/uploads\/2025\/05\/99.png","contentUrl":"https:\/\/siemysli-ke.info\/wp-content\/uploads\/2025\/05\/99.png","width":270,"height":204,"caption":"SI\u0118 MY\u015aLI"},"image":{"@id":"https:\/\/siemysli-ke.info\/en\/#\/schema\/logo\/image\/"}},{"@type":"Person","@id":"https:\/\/siemysli-ke.info\/#\/schema\/person\/75326687448d6abf738b156f56385210","name":"...","image":{"@type":"ImageObject","inLanguage":"en-US","@id":"https:\/\/siemysli-ke.info\/en\/#\/schema\/person\/image\/","url":"https:\/\/secure.gravatar.com\/avatar\/33a3c2559155e1b4add65cf88cafda785aeb920f44b97c7055b07866ab5b13c2?s=96&d=mm&r=g","contentUrl":"https:\/\/secure.gravatar.com\/avatar\/33a3c2559155e1b4add65cf88cafda785aeb920f44b97c7055b07866ab5b13c2?s=96&d=mm&r=g","caption":"..."},"url":"https:\/\/siemysli-ke.info\/en\/author\/lele\/"}]}},"_links":{"self":[{"href":"https:\/\/siemysli-ke.info\/en\/wp-json\/wp\/v2\/posts\/38082","targetHints":{"allow":["GET"]}}],"collection":[{"href":"https:\/\/siemysli-ke.info\/en\/wp-json\/wp\/v2\/posts"}],"about":[{"href":"https:\/\/siemysli-ke.info\/en\/wp-json\/wp\/v2\/types\/post"}],"author":[{"embeddable":true,"href":"https:\/\/siemysli-ke.info\/en\/wp-json\/wp\/v2\/users\/3"}],"replies":[{"embeddable":true,"href":"https:\/\/siemysli-ke.info\/en\/wp-json\/wp\/v2\/comments?post=38082"}],"version-history":[{"count":0,"href":"https:\/\/siemysli-ke.info\/en\/wp-json\/wp\/v2\/posts\/38082\/revisions"}],"wp:featuredmedia":[{"embeddable":true,"href":"https:\/\/siemysli-ke.info\/en\/wp-json\/wp\/v2\/media\/38085"}],"wp:attachment":[{"href":"https:\/\/siemysli-ke.info\/en\/wp-json\/wp\/v2\/media?parent=38082"}],"wp:term":[{"taxonomy":"category","embeddable":true,"href":"https:\/\/siemysli-ke.info\/en\/wp-json\/wp\/v2\/categories?post=38082"},{"taxonomy":"post_tag","embeddable":true,"href":"https:\/\/siemysli-ke.info\/en\/wp-json\/wp\/v2\/tags?post=38082"}],"curies":[{"name":"wp","href":"https:\/\/api.w.org\/{rel}","templated":true}]}}