 {"id":3650,"date":"2012-03-08T18:57:24","date_gmt":"2012-03-08T18:57:24","guid":{"rendered":"http:\/\/www.bezjarzmowie.info.ke\/test\/?p=3650"},"modified":"2013-11-02T21:20:46","modified_gmt":"2013-11-02T20:20:46","slug":"czy-na-dzialkach-naprawde-nic-sie-nie-dzieje","status":"publish","type":"post","link":"https:\/\/siemysli-ke.info\/en\/czy-na-dzialkach-naprawde-nic-sie-nie-dzieje\/","title":{"rendered":"Czy na dzia\u0142kach naprawd\u0119 nic si\u0119 nie dzieje?"},"content":{"rendered":"<p style=\"text-align: justify\"><a href=\"http:\/\/www.bezjarzmowie.info.ke\/test\/wp-content\/uploads\/2012\/03\/100_9206.jpg\" rel=\"lightbox[3650]\"><img decoding=\"async\" class=\"alignleft size-medium wp-image-3652\" src=\"http:\/\/www.bezjarzmowie.info.ke\/test\/wp-content\/uploads\/2012\/03\/100_9206-200x300.jpg\" alt=\"\" width=\"200\" height=\"300\" \/><\/a><\/p>\n<p style=\"text-align: justify\"><strong>Od redakcji:<\/strong> Ju\u017c co najmniej od 2 lat walka z obecnymi porz\u0105dkami w Wa\u0142brzychu, rozpocz\u0119ta przez tamtejszych biedaszybnik\u00f3w, przenios\u0142a si\u0119 te\u017c na teren ogr\u00f3dk\u00f3w dzia\u0142kowych. Sobiepa\u0144stwo lokalnej w\u0142adzy, zako\u0144czone niechlubnym odej\u015bciem prezydenta miasta, <strong>Piotra Kruczkowskiego<\/strong> (w nowej pracy wcale nie ma gorzej), przek\u0142ada si\u0119 na wiele dziedzin.<\/p>\n<p style=\"text-align: justify\">Rol\u0119 biedaszybnik\u00f3w pe\u0142ni\u0105 w\u015br\u00f3d dzia\u0142kowc\u00f3w cz\u0142onkowie <strong>Grupy Niezale\u017cnej Rodzinnego Ogrodu Dzia\u0142kowego \u201ePodzamcze\u201d, <\/strong>w\u015br\u00f3d nich prawnicy. Ludzie z GN walcz\u0105 nie tylko na argumenty, ale i dokumenty. Pocz\u0105tkowo traktowani przez biurokracj\u0119 jak grupa szale\u0144c\u00f3w, burz\u0105ca zastany porz\u0105dek \u2013 obecnie znajomo\u015bci\u0105 paragraf\u00f3w wymuszaj\u0105 powolne zmiany w starych strukturach <strong>PZD<\/strong> (<strong>Polski Zwi\u0105zek Dzia\u0142kowc\u00f3w<\/strong>).<\/p>\n<p style=\"text-align: justify\">O wszystkim informuj\u0105 pras\u0119 \u2013 oficjaln\u0105 i niezale\u017cn\u0105 na r\u00f3wni. Ekipie przewodzi <strong>Ryszard Dudek<\/strong>, a pr\u00f3bki walki <strong>Grupy Niezale\u017cnej <\/strong>z wierchuszk\u0105 lokalnego<strong> PZD <\/strong>\u2013 bez w\u0105tpienia zgodne z istniej\u0105cym prawem \u2013 prezentujemy. Taka droga jest jedn\u0105 z wielu i nie wszyscy s\u0105 tak cierpliwi, jak R. Dudek i jego koledzy. Ale te\u017c bywaj\u0105 chyba mniej od nich skuteczni.<\/p>\n<p style=\"text-align: justify\"><strong>Oddajmy g\u0142os <em>leaderowi<\/em> GN ROD \u201ePodzamcze\u201d:<\/strong><\/p>\n<p style=\"text-align: justify\"><!--more--><\/p>\n<p style=\"text-align: justify\">\u00a0<a href=\"http:\/\/www.bezjarzmowie.info.ke\/test\/wp-content\/uploads\/2012\/03\/100_5617.jpg\" rel=\"lightbox[3650]\"><img decoding=\"async\" class=\"alignright size-medium wp-image-3651\" src=\"http:\/\/www.bezjarzmowie.info.ke\/test\/wp-content\/uploads\/2012\/03\/100_5617-300x200.jpg\" alt=\"\" width=\"300\" height=\"200\" \/><\/a><\/p>\n<p style=\"text-align: justify\"><span style=\"font-size: small\">Witam, wyj\u0105tkowa sytuacja zmusza mnie do tego, aby zaj\u0105\u0107 Pa\u0144stwa uwag\u0119. Zajm\u0119 si\u0119 dzisiaj p. Robertem \u0141awskim, kt\u00f3ry pe\u0142ni rol\u0119 starosty wa\u0142brzyskiego i kt\u00f3ry rzekomo popiera rodzinny klan p. Kondrackiego i jego poplecznik\u00f3w, czyli PZD. Prosz\u0119 zapozna\u0107 si\u0119 z informacj\u0105 zawart\u0105 na stronach:<\/span><\/p>\n<p style=\"text-align: justify\"><span style=\"font-size: small\"><a href=\"http:\/\/www.pzd.pl\/strona.php?4234\" target=\"_blank\">http:\/\/www.pzd.pl\/strona.php?4234<\/a><\/span><\/p>\n<p style=\"text-align: justify\"><span style=\"font-size: small\">gdzie p. Kondracki \u201enowy, stary\u201d prezes wybrany na kolejn\u0105 kadencj\u0119 (razem 30 lat na sto\u0142ku) informuje dzia\u0142kowc\u00f3w o spotkaniu ze starost\u0105 wa\u0142brzyskim, p. Robertem \u0141awskim.<\/span><\/p>\n<p style=\"text-align: justify\"><span style=\"font-size: small\">2. marca odby\u0142o si\u0119 spotkanie z p. Kondrackim i jego klakierami tj. pp. Kulikiem, Ziomkiem, Klimk\u00f3w i w\u0142a\u015bnie \u0141awskim, kt\u00f3ry rzekomo zadeklarowa\u0142 poparcie dla obecnych przepis\u00f3w, dot. funkcjonowania ogrod\u00f3w oraz zapowiedzia\u0142 wyst\u0105pienie w sprawie obrony ogrod\u00f3w dzia\u0142kowych do Marsza\u0142ek Sejmu oraz do wa\u0142brzyskich parlamentarzyst\u00f3w.\u00a0<\/span><\/p>\n<p style=\"text-align: justify\"><span style=\"font-size: small\">Do dzisiaj s\u0105dzi\u0142em, \u017ce pp. \u0141awski czy Heretyk to nowa jako\u015b\u0107 na lewicy i \u017ce stary partyjny beton poszed\u0142 w odstawk\u0119, ale si\u0119 chyba pomyli\u0142em. Nie wykluczam r\u00f3wnie\u017c takiej mo\u017cliwo\u015bci, \u017ce puszczono Roberta \u0141awskiego w maliny i wykorzystano jego funkcj\u0119 do swojej chorej propagandy.<\/span><\/p>\n<p style=\"text-align: justify\"><span style=\"font-size: small\"><a href=\"http:\/\/forum.gazeta.pl\/forum\/w,168,133944784,133944784,Kompromitacja_starosty_Lawskiego.html\" target=\"_blank\">http:\/\/forum.gazeta.pl\/forum\/w,168,133944784,133944784,Kompromitacja_starosty_Lawskiego.html<\/a><\/span><\/p>\n<p style=\"text-align: justify\"><span style=\"font-size: small\">A jak ta indoktrynacja wygl\u0105da, to prosz\u0119 sobie poczyta\u0107 na stronie ROD Podzamcze:<\/span><\/p>\n<p style=\"text-align: justify\"><span style=\"font-size: small\"><a href=\"http:\/\/www.rodpodzamcze.hb.pl\/\" target=\"_blank\">http:\/\/www.rodpodzamcze.hb.pl\/<\/a><\/span><\/p>\n<p style=\"text-align: justify\"><span style=\"font-size: small\">Tam min. znajduje si\u0119 apel pp. Kulika i Klimk\u00f3w, kt\u00f3rzy min. pisz\u0105 tak: \u201eorgany w\u0142adzy pa\u0144stwowej d\u0105\u017c\u0105 do rozbicia\u201d PZD, rzekomo istniej\u0105 realne zagro\u017cenia takie jak utrata \u201ePZD, ogrody, dzia\u0142ki i to bez odszkodowania za nasz\u0105 w\u0142asno\u015b\u0107 na dzia\u0142kach\u201d. I w t\u0105 propagand\u0119 wpisano starost\u0119 \u0141awskiego, kt\u00f3ry chyba r\u00f3wnie\u017c gani w\u0142adz\u0119 pa\u0144stwow\u0105, b\u0119d\u0105c jednocze\u015bnie jej przedstawicielem oraz podpisuje si\u0119 pod histeri\u0105 zabierania dzia\u0142kowcom dzia\u0142ek i to bez odszkodowania.<\/span><\/p>\n<p style=\"text-align: justify\"><span style=\"font-size: small\">Wstyd Panie \u0141awski, wstyd, \u017ce da\u0142 si\u0119 Pan tak wpu\u015bci\u0107 w maliny, poniewa\u017c tym ludziom chodzi tylko o utrzymanie swoich stanowisk, kt\u00f3re chc\u0105 pe\u0142ni\u0107 do\u017cywotnio i kt\u00f3rzy chc\u0105 dalej \u017cerowa\u0107 na dzia\u0142kowcach, dzia\u0142aj\u0105c na ich szkod\u0119. Kompromitacja b\u0119dzie tym wi\u0119ksza, gdy rzeczywi\u015bcie Pan wyst\u0105pi z takim apelem, wykorzystuj\u0105c do tego zajmowane stanowisko. Ale b\u0119dzie to ju\u017c problem SLD i wizerunku lewicy, kt\u00f3ra na pewno straci i nie odzyska swoich wyborc\u00f3w, kt\u00f3rzy nadal nie b\u0119d\u0105 mieli swoich przedstawicieli.<\/span><\/p>\n<p style=\"text-align: justify\"><span style=\"font-size: small\">Prosz\u0119 Pa\u0144stwa, przemiany ustrojowe omin\u0119\u0142y PZD i sp\u00f3\u0142dzielnie mieszkaniowe i dzia\u0142kowcy mimo przynale\u017cno\u015bci do samorz\u0105du ogrodniczego nie mieli \u017cadnych praw, bo o wszystkim decydowali \u201eoni\u201d, czyli czerwony partyjny beton, kt\u00f3rym zaw\u0142adn\u0119\u0142a rodzina p. Kondrackiego i jego poplecznicy. Taki stan wynika min. z tego, \u017ce PZD nie ma nad sob\u0105 \u017cadnego nadzoru, co jest niedopuszczalne i praktycznie s\u0105 oni bezkarni.<\/span><\/p>\n<p style=\"text-align: justify\"><span style=\"font-size: small\">Statut, czy regulamin s\u0105 tylko pretekstem do dzia\u0142ania przeciwko dzia\u0142kowcom i dzia\u0142acze PZD wymachuj\u0105 nimi, nawet nie znaj\u0105c ich tre\u015bci. T\u0119 patologi\u0119 dostrzeg\u0142 RPO a nast\u0119pnie I prezes S\u0105du Najwy\u017cszego, kt\u00f3ry zakwestionowa\u0142 przepisy o ROD.<\/span><\/p>\n<p style=\"text-align: justify\"><span style=\"font-size: small\">Prosz\u0119 wej\u015b\u0107 na stron\u0119 Trybuna\u0142u Konstytucyjnego<\/span><\/p>\n<p style=\"text-align: justify\"><span style=\"font-size: small\"><a href=\"http:\/\/www.trybunal.gov.pl\/index2.htm\" target=\"_blank\">http:\/\/www.trybunal.gov.pl\/index2.htm<\/a><\/span><\/p>\n<p style=\"text-align: justify\"><span style=\"font-size: small\">w zak\u0142adk\u0119 sprawy w trybunale, rok 2010 i prosz\u0119 przejrze\u0107 za\u0142\u0105czone do sprawy K8\/10 dokumenty. S\u0105 tam wnioski I Prezesa, Marsza\u0142ka Sejmu i Prokuratora Generalnego i sprawa jest oczywista &#8211; koniec monopolu PZD jest przes\u0105dzony. To oczywi\u015bcie nie wszystko, bo dzia\u0142alno\u015b\u0107 PZD wzi\u0119\u0142a pod lup\u0119 NIK i jej raport opisany na kilkudziesi\u0119ciu stronach jest mia\u017cd\u017c\u0105cy dla tej organizacji. Raport jest dost\u0119pny na internetowych stronach min. na stronie PZD jest o nim mowa i oczywista konkluzja, \u017ce rzekomo r\u00f3wnie\u017c NIK uwzi\u0105\u0142 si\u0119 na PZD. To jest wymiar krajowy, ale ca\u0142a rzesza dzia\u0142kowc\u00f3w w kraju ujawnia nadu\u017cycia PZD i dzia\u0142kowcy tworz\u0105 nowe organizacje i przejmuj\u0105 ogrody w swoje w\u0142adanie. Najbardziej znanym jest tu przyk\u0142ad <em>Kwitn\u0105cej Doliny<\/em>:<\/span><\/p>\n<p style=\"text-align: justify\"><span style=\"font-size: small\"><a href=\"http:\/\/www.youtube.com\/watch?v=kEV55V6G-5w\" target=\"_blank\">http:\/\/www.youtube.com\/watch?v=kEV55V6G-5w<\/a><\/span><\/p>\n<p style=\"text-align: justify\"><span style=\"font-size: small\">R\u00f3wnie\u017c w Wa\u0142brzychu powsta\u0142a Grupa Niezale\u017cna, kt\u00f3ra zajmuje si\u0119 obron\u0105 dzia\u0142kowc\u00f3w i za to jej pe\u0142nomocnika nie wpuszcza si\u0119 na zebrania dzia\u0142kowc\u00f3w, ale najgorsze jest to, \u017ce z dzia\u0142kowc\u00f3w robi si\u0119 boj\u00f3wkarzy PZD, kt\u00f3rzy za drobn\u0105 op\u0142at\u0105 oczywi\u015bcie z kieszeni prezesa gotowi s\u0105 zrobi\u0107 wszystko. Prosz\u0119 zobaczy\u0107 przyk\u0142ad, gdzie boj\u00f3wkarze zamiast bra\u0107 udzia\u0142 w zebraniu &#8211; pilnuj\u0105 bramki wej\u015bciowej i blokuj\u0105 wej\u015bcie na zebranie innemu dzia\u0142kowcowi, kt\u00f3ry ma prawo zgodnie ze statutem bra\u0107 udzia\u0142 w walnym zebraniu, wybiera\u0107 i kandydowa\u0107 do w\u0142adz danego ogrodu, itd.<\/span><\/p>\n<p style=\"text-align: justify\"><span style=\"font-size: small\">Prosz\u0119 zobaczy\u0107 film:<\/span><\/p>\n<p style=\"text-align: justify\"><span style=\"font-size: small\"><a href=\"http:\/\/www.youtube.com\/watch?v=Wl_FCcNrQGk\" target=\"_blank\">http:\/\/www.youtube.com\/watch?v=Wl_FCcNrQGk<\/a><\/span><\/p>\n<p style=\"text-align: justify\"><span style=\"font-size: small\">Niedope\u0142nienie obowi\u0105zk\u00f3w, przekroczenie uprawnie\u0144, fa\u0142szowanie dokument\u00f3w, czy bezprawna windykacja by\u0142y podstaw\u0105 do wszcz\u0119cia kilku post\u0119powa\u0144 karnych, ale niekt\u00f3re umorzono, poniewa\u017c funkcjonariusze PZD bronili si\u0119 tym, \u017ce s\u0105 dzia\u0142aczami spo\u0142ecznymi i odpowiadaj\u0105 tylko wobec dzia\u0142kowc\u00f3w. S\u0105d stwierdzi\u0142 nadu\u017cycia i zaleci\u0142 z\u0142o\u017cenie kolejnego zawiadomienia z inn\u0105 kwalifikacj\u0105 prawn\u0105, co niebawem nast\u0105pi, ale trwa jeszcze jedno post\u0119powanie i w tym tygodniu zostanie z\u0142o\u017cony kolejny wniosek o \u015bciganie, poniewa\u017c pp. Kondracki, Kulik i Paprocki odm\u00f3wili udzielenia informacji publicznej a to jest dzia\u0142anie niezgodne z prawem. Odmowa dotyczy\u0142a podania wynagrodze\u0144 dzia\u0142aczy funkcyjnych PZD i okaza\u0142o si\u0119, \u017ce dzia\u0142kowcy nie maj\u0105 prawa wiedzie\u0107, ile zarabiaj\u0105 pp. Kondracki, Kulik, czy Paprocki &#8211; a przecie\u017c s\u0105 to nasze sk\u0142adkowe pieni\u0105dze i dzia\u0142kowcy maj\u0105 prawo wiedzie\u0107 &#8211; na co i jak zostaj\u0105 wydane ich sk\u0142adki. I taka patologia rzekomo jest zgodna z prawem.<\/span><\/p>\n<p style=\"text-align: justify\"><span style=\"font-size: small\">Niezale\u017cnie od tego przeciwko miejscowym kacykom PZD zosta\u0142 wytoczony proces cywilny i r\u00f3wnie\u017c tam b\u0119dziemy wnioskowa\u0107, aby S\u0105d Okr\u0119gowy w \u015awidnicy skorzysta\u0142 z funkcji sygnalizacyjnej i stwierdzi\u0142 niezgodne z prawem dzia\u0142anie funkcjonariuszy PZD.<\/span><\/p>\n<p style=\"text-align: justify\"><span style=\"font-size: small\">Wkr\u00f3tce ten pozew i wszystkie nadu\u017cycia zostan\u0105 Pa\u0144stwu przedstawione. Proces ruszy niebawem, natomiast S\u0105d wyda\u0142 postanowienie o wstrzymaniu wykonania uchwa\u0142y zarz\u0105du ROD Podzamcze, kt\u00f3re pp. Paprocki, Klimk\u00f3w i inni funkcyjni dzia\u0142acze PZD zignorowali i po raz kolejny zablokowali dzia\u0142kowcowi wej\u015bcie na zebranie dzia\u0142kowc\u00f3w.<\/span><\/p>\n<p style=\"text-align: justify\"><span style=\"font-size: small\">Prosz\u0119 Pa\u0144stwa to s\u0105 fakty i na szcz\u0119\u015bcie wida\u0107 ju\u017c koniec tego dra\u0144stwa, ale dziwi fakt, \u017ce wykorzystano tu stanowisko starosty wa\u0142brzyskiego w tak haniebnym kontek\u015bcie, a zw\u0142aszcza dziwne jest to, \u017ce nowe kierownictwo SLD deklaruje powr\u00f3t do lewicowych korzeni i idea\u0142\u00f3w a jeden z jej lider\u00f3w popiera kolesiostwo, partyjny beton, dzia\u0142anie na szkod\u0119 ludzi, wpisuje si\u0119 w stalinowsk\u0105 propagand\u0119 oraz opowiada si\u0119 za istnieniem sowieckich uk\u0142ad\u00f3w i rodzinnych koligacji.<\/span><\/p>\n<p style=\"text-align: justify\"><span style=\"font-size: small\">Grupa Niezale\u017cna popiera dzia\u0142ania organ\u00f3w pa\u0144stwa polskiego, dzia\u0142a na rzecz uwolnienia dzia\u0142kowc\u00f3w spod w\u0142adztwa czerwonej koterii p. Kondrackiego tj. PZD, zg\u0142asza\u0142a postulaty dzia\u0142kowc\u00f3w, kt\u00f3re b\u0119d\u0105 uwzgl\u0119dnione przy zmianie przepis\u00f3w i protestuje wobec tak aroganckiej i niczym nieusprawiedliwionej postawie starosty wa\u0142brzyskiego.<\/span><\/p>\n<p style=\"text-align: justify\"><span style=\"font-size: small\">Robercie \u0141awski nie id\u017a t\u0105 drog\u0105!<\/span><\/p>\n<p style=\"text-align: justify\"><span style=\"font-size: small\">\u00a0<\/span><\/p>\n<p style=\"text-align: right\"><span style=\"font-size: medium\"><strong>Grupa Niezale\u017cna<\/strong><\/span><\/p>\n<p style=\"text-align: right\"><span style=\"font-size: medium\"><strong>Rodzinnego Ogrodu Dzia\u0142kowego \u201ePodzamcze\u201d<\/strong><\/span><\/p>\n<p style=\"text-align: right\"><span style=\"font-size: medium\"><strong>w Wa\u0142brzychu<\/strong><\/span><\/p>\n<p style=\"text-align: justify\"><span style=\"font-size: small\">\u00a0\u00a0<\/span><\/p>\n<p style=\"text-align: justify\"><span style=\"font-size: small\"><strong><em>Zgodnie z zapowiedzi\u0105 zawiadomienie o pope\u0142nieniu przest\u0119pstwa powsta\u0142o. Oto jego tekst:<\/em><\/strong><\/span><\/p>\n<p style=\"text-align: justify\"><span style=\"font-size: small\">\u00a0<\/span><\/p>\n<p style=\"text-align: right\"><span style=\"font-size: small\">\u00a0Wa\u0142brzych 2012-03-07<\/span><\/p>\n<p style=\"text-align: justify\"><span style=\"font-size: small\">\u00a0<\/span><\/p>\n<p style=\"text-align: center\"><span style=\"font-size: small\"><strong>Zawiadomienie o pope\u0142nieniu przest\u0119pstwa<\/strong><\/span><\/p>\n<p style=\"text-align: justify\"><span style=\"font-size: small\">\u00a0<\/span><\/p>\n<p style=\"text-align: justify\"><span style=\"font-size: small\">Wnosz\u0119 o wszcz\u0119cie post\u0119powania karnego przeciwko n\/wym. Dzia\u0142aczom Polskiego Zwi\u0105zku Dzia\u0142kowc\u00f3w oraz wym. radcy prawnemu:<\/span><\/p>\n<p style=\"text-align: justify\"><span style=\"font-size: small\">\u00a0 1. Eugeniusz Kondracki \u2013 Prezes PZD.<\/span><\/p>\n<p style=\"text-align: justify\"><span style=\"font-size: small\">\u00a0 2. Wincenty Kulik \u2013 Prezes Okr\u0119gowego Zarz\u0105du Sudeckiego PZD.<\/span><\/p>\n<p style=\"text-align: justify\"><span style=\"font-size: small\">\u00a0 3. Janusz Paprocki \u2013 Prezes Zarz\u0105du ROD \u201ePodzamcze\u201d.<\/span><\/p>\n<p style=\"text-align: justify\"><span style=\"font-size: small\">\u00a0 4. J\u00f3zef Kuriata \u2013 sekretarz Zarz\u0105du ROD \u201ePodzamcze\u201d.<\/span><\/p>\n<p style=\"text-align: justify\"><span style=\"font-size: small\">\u00a0 5. Tomasz Terlecki \u2013 Radca Prawny.<\/span><\/p>\n<p style=\"text-align: justify\"><span style=\"font-size: small\">Wym. dzia\u0142acze PZD i radca prawny dzia\u0142aj\u0105c w zmowie i w zorganizowanej grupie bezprawnie odm\u00f3wili mi dost\u0119pu do informacji publicznej w zakresie ujawnienia wynagrodze\u0144 pieni\u0119\u017cnych dla funkcyjnych dzia\u0142aczy PZD, w tym prezes\u00f3w, wyp\u0142acanych ze \u015brodk\u00f3w finansowych pochodz\u0105cych ze sk\u0142adek dzia\u0142kowc\u00f3w. Nadto wym. radca prawny przekroczy\u0142 swoje kompetencje, poniewa\u017c bez upowa\u017cnienia podpisa\u0142 pismo w imieniu Rady Krajowej PZD.<\/span><\/p>\n<p style=\"text-align: justify\"><span style=\"font-size: small\">Przest\u0119pstwo to opisane jest w ustawie o dost\u0119pie do informacji publicznej i kk.<\/span><\/p>\n<p style=\"text-align: justify\"><span style=\"font-size: small\">\u00a0\u00a0<\/span><\/p>\n<p style=\"text-align: center\"><span style=\"font-size: small\"><strong>Uzasadnienie<\/strong><\/span><\/p>\n<p style=\"text-align: justify\"><span style=\"font-size: small\">30. stycznia 2012 r. skierowa\u0142em do Janusza Paprockiego, Prezesa Zarz\u0105du Rodzinnego Ogrodu Dzia\u0142kowego \u201ePodzamcze\u201d w Wa\u0142brzychu wniosek o udzielenie informacji publicznej w zakresie podania wszystkich zarobk\u00f3w tj. wynagrodze\u0144, p\u0142ac, premii i innych gratyfikacji pieni\u0119\u017cnych, jakie zosta\u0142y wyp\u0142acone w roku 2011 r z kasy ROD \u201ePodzamcze\u201d wszystkim cz\u0142onkom zarz\u0105du, komisji rewizyjnej i rozjemczej itd. \u2013 za\u0142\u0105cznik nr, 1. Poniewa\u017c ta sprawa b\u0119dzie skierowana do wiadomo\u015bci publicznej &#8211; za\u0142\u0105czam ten dokument w Internecie na stronie:<\/span><\/p>\n<p style=\"text-align: justify\"><span style=\"font-size: small\"><a href=\"http:\/\/img18.imageshack.us\/img18\/6726\/348wkord2012.jpg\" target=\"_blank\" rel=\"lightbox[3650]\">http:\/\/img18.imageshack.us\/img18\/6726\/348wkord2012.jpg<\/a><\/span><\/p>\n<p style=\"text-align: justify\"><span style=\"font-size: small\">Do tego wniosku za\u0142\u0105czy\u0142em Postanowienie S\u0105du Okr\u0119gowego w \u015awidnicy z dnia 12. stycznia 2012 r., kt\u00f3ry postanowi\u0142 wstrzyma\u0107 wykonanie uchwa\u0142y nr 73\/2010 z dnia 2. czerwca 2010 r. w sprawie pozbawienia Ryszarda Dudka cz\u0142onkostwa PZD i prawa u\u017cytkowania dzia\u0142ki nr 2285 w ROD \u201ePodzamcze\u201d w Wa\u0142brzychu \u2013 za\u0142\u0105cznik nr 2. SO w \u015awidnicy stwierdzi\u0142 r\u00f3wnie\u017c, \u017ce niniejsze orzeczenie jest natychmiast wykonalne.<\/span><\/p>\n<p style=\"text-align: justify\"><span style=\"font-size: small\">Dokument ten jest r\u00f3wnie\u017c dost\u0119pny w Internecie na stronie:<\/span><\/p>\n<p style=\"text-align: justify\"><span style=\"font-size: small\"><a href=\"http:\/\/img811.imageshack.us\/img811\/6374\/345wkord2012.jpg\" target=\"_blank\" rel=\"lightbox[3650]\">http:\/\/img811.imageshack.us\/img811\/6374\/345wkord2012.jpg<\/a><\/span><\/p>\n<p style=\"text-align: justify\"><span style=\"font-size: small\">9. lutego 2012 r. Prezes Zarz\u0105du ROD \u201ePodzamcze\u201d Janusz Paprocki odm\u00f3wi\u0142 udzielenia przedmiotowej informacji publicznej stwierdzaj\u0105c, \u017ce \u201e\u017c\u0105dane dane nie stanowi\u0105 informacji publicznej w rozumieniu przepis\u00f3w ustawy z dnia 6. wrze\u015bnia 2011 r. o dost\u0119pie do informacji publicznej, w zwi\u0105zku z czym wniosek pozostaje bez rozpatrzenia\u201d \u2013 za\u0142\u0105cznik nr 3. Pod odmow\u0105 udzielenia informacji publicznej podpisa\u0142 si\u0119 r\u00f3wnie\u017c J\u00f3zef Kuriata, sekretarz Zarz\u0105du ROD \u201ePodzamcze\u201d.<\/span><\/p>\n<p style=\"text-align: justify\"><span style=\"font-size: small\">Dokument ten jest dost\u0119pny w Internecie na stronie:<\/span><\/p>\n<p style=\"text-align: justify\"><span style=\"font-size: small\"><a href=\"http:\/\/img13.imageshack.us\/img13\/4949\/352wkord2012.jpg\" target=\"_blank\" rel=\"lightbox[3650]\">http:\/\/img13.imageshack.us\/img13\/4949\/352wkord2012.jpg<\/a><\/span><\/p>\n<p style=\"text-align: justify\"><span style=\"font-size: small\">3. lutego 2012 r. (termin wys\u0142ania 05.02.2012 r.) skierowa\u0142em do Eugeniusza Kondrackiego, Prezesa Polskiego Zwi\u0105zku Dzia\u0142owc\u00f3w w Warszawie, wniosek o udost\u0119pnienie informacji publicznej w zakresie podania wszystkich zarobk\u00f3w tj. wynagrodze\u0144, p\u0142ac, premii i innych gratyfikacji pieni\u0119\u017cnych, jakie zosta\u0142y wyp\u0142acone w 2011 r. z kasy Krajowej Rady PZD wszystkim cz\u0142onkom Krajowej Rady w tym prezesowi, wiceprezesom PZD oraz cz\u0142onkom Krajowej Komisji Rewizyjnej i Rozjemczej \u2013 za\u0142\u0105cznik nr 4.<\/span><\/p>\n<p style=\"text-align: justify\"><span style=\"font-size: small\">Dokument ten zamieszczam w Internecie na stronie:<\/span><\/p>\n<p style=\"text-align: justify\"><span style=\"font-size: small\"><a href=\"http:\/\/img207.imageshack.us\/img207\/457\/350wkord2012.jpg\" target=\"_blank\" rel=\"lightbox[3650]\">http:\/\/img207.imageshack.us\/img207\/457\/350wkord2012.jpg<\/a><\/span><\/p>\n<p style=\"text-align: justify\"><span style=\"font-size: small\">Do wniosku za\u0142\u0105czy\u0142em w\/wym. Postanowienie S\u0105du Okr\u0119gowego w \u015awidnicy z dnia 12.01.2012 r. \u2013 za\u0142\u0105cznik nr 2.<\/span><\/p>\n<p style=\"text-align: justify\"><span style=\"font-size: small\">21. lutego 2012 r. Radca Prawny Tomasz Terlikowski odm\u00f3wi\u0142 udzielenia przedmiotowej informacji publicznej stwierdzaj\u0105c, \u017ce \u201e\u017c\u0105dane dane nie stanowi\u0105 informacji publicznej w rozumieniu ustawy z dnia 6. wrze\u015bnia o dost\u0119pie do informacji publicznej\u201d i z tego wzgl\u0119du rzekomo wniosek ten nie mo\u017ce by\u0107 merytorycznie rozpoznany \u2013 za\u0142\u0105cznik nr &#8211; 5.<\/span><\/p>\n<p style=\"text-align: justify\"><span style=\"font-size: small\">Dokument ten zamieszczam w Internecie na stronie:<\/span><\/p>\n<p style=\"text-align: justify\"><span style=\"font-size: small\"><a href=\"http:\/\/img38.imageshack.us\/img38\/7541\/353wkord2012.jpg\" target=\"_blank\" rel=\"lightbox[3650]\">http:\/\/img38.imageshack.us\/img38\/7541\/353wkord2012.jpg<\/a><\/span><\/p>\n<p style=\"text-align: justify\"><span style=\"font-size: small\">Nadto nale\u017cy zwr\u00f3ci\u0107 uwag\u0119, \u017ce radca prawny Tomasz Terlecki podpisa\u0142 si\u0119 w imieniu Rady Krajowej PZD bez \u017cadnego upowa\u017cnienia, a nadto nie b\u0119d\u0105c organem Rady Krajowej PZD, przez co przekroczy\u0142 swoje kompetencje, co jest ewidentnym nadu\u017cyciem prawa, opisanym w kodeksie karnym. Na marginesie nale\u017cy doda\u0107, \u017ce PZD z naszych sk\u0142adek dzia\u0142kowych zatrudnia specjalist\u00f3w, prawnik\u00f3w, kt\u00f3rzy nie znaj\u0105 prawa, co jest marnotrawstwem publicznych pieni\u0119dzy. Wyra\u017cam stanowczy sprzeciw, aby min. moje zap\u0142acone sk\u0142adki by\u0142y przeznaczane na tego typu dzia\u0142alno\u015b\u0107.<\/span><\/p>\n<p style=\"text-align: justify\"><span style=\"font-size: small\">3. lutego 2012 r. (termin dor\u0119czenia 06.02.2012 r.) skierowa\u0142em do Wincentego Kulika Prezesa Okr\u0119gowego Zarz\u0105du Sudeckiego PZD w Szczawnie-Zdroju wniosek o udost\u0119pnienie informacji publicznej w zakresie podania wszystkich zarobk\u00f3w tj. wynagrodze\u0144, p\u0142ac, premii i innych gratyfikacji pieni\u0119\u017cnych, jakie zosta\u0142y wyp\u0142acone w roku 2011 z kasy OZS PZD wszystkim cz\u0142onkom zarz\u0105du okr\u0119gowego, okr\u0119gowej komisji rewizyjnej i rozjemczej \u2013 za\u0142\u0105cznik nr 6.<\/span><\/p>\n<p style=\"text-align: justify\"><span style=\"font-size: small\">Dokument ten zamieszczam w Internecie na stronie:<\/span><\/p>\n<p style=\"text-align: justify\"><span style=\"font-size: small\"><a href=\"http:\/\/img826.imageshack.us\/img826\/9330\/349wkord2012.jpg\" target=\"_blank\" rel=\"lightbox[3650]\">http:\/\/img826.imageshack.us\/img826\/9330\/349wkord2012.jpg<\/a><\/span><\/p>\n<p style=\"text-align: justify\"><span style=\"font-size: small\">Do wniosku za\u0142\u0105czy\u0142em w\/wym. Postanowienie S\u0105du Okr\u0119gowego w \u015awidnicy z dnia 12.01.2012 r. \u2013 za\u0142\u0105cznik nr 2.<\/span><\/p>\n<p style=\"text-align: justify\"><span style=\"font-size: small\">28. lutego 2012 r. Prezes OZS PZD w Szczawnie-Zdroju, Wincenty Kulik, odm\u00f3wi\u0142 udzielenia przedmiotowej informacji publicznej stwierdzaj\u0105c, \u017ce \u201e\u017c\u0105dane dane nie s\u0105 obj\u0119te ustaw\u0105 z dnia 6. wrze\u015bnia 2011 r. o dost\u0119pie do informacji publicznej\u201d \u201ewniosek pozostaje bez rozpatrzenia\u201d \u2013 za\u0142\u0105cznik nr\u00a0 7.<\/span><\/p>\n<p style=\"text-align: justify\"><span style=\"font-size: small\">Dokument ten zamieszczam w Internecie na stronie:<\/span><\/p>\n<p style=\"text-align: justify\"><span style=\"font-size: small\"><a href=\"http:\/\/img708.imageshack.us\/img708\/321\/354wkord2012.jpg\" target=\"_blank\" rel=\"lightbox[3650]\">http:\/\/img708.imageshack.us\/img708\/321\/354wkord2012.jpg<\/a><\/span><\/p>\n<p style=\"text-align: justify\"><span style=\"font-size: small\">W tym przypadku na uwag\u0119 zas\u0142uguje fakt, \u017ce Wincenty Kulik opr\u00f3cz bezprawnej odmowy udzielenia informacji publicznej naruszy\u0142 art. 13 ust. 1 cyt. ustawy o dost\u0119pie do informacji publicznej, poniewa\u017c przekroczy\u0142 14 termin do jej udost\u0119pnienia.<\/span><\/p>\n<p style=\"text-align: justify\"><span style=\"font-size: small\">W\/wym. wnioski o udzielenie informacji publicznej by\u0142y zgodne z obowi\u0105zuj\u0105cym prawem, tj. cyt. ustaw\u0105 o dost\u0119pie do informacji publicznej. Jako cz\u0142onek PZD mam prawo wiedzie\u0107, na co dzia\u0142acze PZD przeznaczaj\u0105 sk\u0142adki, kt\u00f3re corocznie p\u0142ac\u0119. Obecnie wszed\u0142em w sp\u00f3r z<\/span><\/p>\n<p style=\"text-align: justify\"><span style=\"font-size: small\">PZD i wytoczy\u0142em proces cywilny i taka informacja jest mi niezb\u0119dna do tego, aby wykaza\u0107 prawdziwe oblicze i cele dzia\u0142ania dzia\u0142aczy, zajmuj\u0105cych funkcje w PZD.<\/span><\/p>\n<p style=\"text-align: justify\"><span style=\"font-size: small\">Ponadto nale\u017cy zwa\u017cy\u0107 na n\/wym. obowi\u0105zuj\u0105ce przepisy prawa i tak cyt. ustawa o dost\u0119pie do informacji publicznej w art. 3.1 uprawnia mnie do uzyskania informacji publicznej, natomiast art. 1.1 podaje definicj\u0119 informacji publicznej i jest ni\u0105 ka\u017cda informacja o sprawach publicznych, nast\u0119pnie art. 4.1. wskazuje podmioty, kt\u00f3re obowi\u0105zane s\u0105 do udost\u0119pniania informacji publicznej i art. 4.1.2 konkretyzuje, \u017ce s\u0105 to min. organy samorz\u0105d\u00f3w gospodarczych i zawodowych oraz art. 4.1.5 nak\u0142ada obowi\u0105zek udzielenia informacji na podmioty i osoby, kt\u00f3re wykonuj\u0105 zadania publiczne lub dysponuj\u0105 maj\u0105tkiem publicznym. Ustawa o rodzinnych ogrodach dzia\u0142kowych w art. 9 stanowi, \u017ce rodzinne ogrody dzia\u0142kowe zak\u0142adane s\u0105 na gruntach, stanowi\u0105cych w\u0142asno\u015b\u0107 Skarbu Pa\u0144stwa i przekazuje si\u0119 je nieodp\u0142atnie w u\u017cytkowanie PZD (art. 10.1), dalej art. 25.1 stanowi, \u017ce PZD jest samorz\u0105dn\u0105 organizacj\u0105 spo\u0142eczn\u0105, kt\u00f3ra nadto podlega obowi\u0105zkowi rejestracji w Krajowym Rejestrze S\u0105dowym (art. 25.3).<\/span><\/p>\n<p style=\"text-align: justify\"><span style=\"font-size: small\">Z powy\u017cszego jednoznacznie wynika, \u017ce PZD jest organizacj\u0105, kt\u00f3ra dzia\u0142a jawnie a tak\u017ce ma charakter publiczny, albowiem dysponuje maj\u0105tkiem publicznym a nadto zbiera sk\u0142adki od obywateli oraz otrzymuje dotacje ze \u015brodk\u00f3w publicznych. PZD jest tak\u017ce samorz\u0105dem ogrodniczym, czyli gospodarczym i zawodowym i w tym zakresie wykonuje zadania publiczne, dysponuj\u0105c przy tym maj\u0105tkiem publicznym. Te wym. tezy przemawiaj\u0105 za tym, \u017ce nie ma \u017cadnych podstaw do twierdzenia, jakoby moje wnioski o ujawnienie informacji publicznej by\u0142y bezprzedmiotowe i z tego powodu zosta\u0142 naruszony art. 23 ustawy o dost\u0119pie do informacji publicznej, kt\u00f3ry stanowi, \u017ce kto, w brew ci\u0105\u017c\u0105cemu na nim obowi\u0105zkowi, nie udost\u0119pnia informacji publicznej, podlega grzywnie, karze ograniczenia wolno\u015bci albo pozbawienia wolno\u015bci do roku.<\/span><\/p>\n<p style=\"text-align: justify\"><span style=\"font-size: small\">Wnosz\u0119 o wszcz\u0119cie post\u0119powania karnego i \u015bciganie w\/wym. dzia\u0142aczy PZD a tak\u017ce wym. radc\u0119 prawnego, kt\u00f3ry nadto przekroczy\u0142 swoje kompetencje i bez upowa\u017cnienia podpisa\u0142 dokument w imieniu Rady Krajowej PZD &#8211; nie b\u0119d\u0105c jej przedstawicielem. Okoliczno\u015bci\u0105 obci\u0105\u017caj\u0105c\u0105 jest tu fakt dzia\u0142ania w zmowie i w zorganizowanej grupie, kt\u00f3re negatywnie rzutuje na ca\u0142\u0105 organizacj\u0119 i spo\u0142eczno\u015b\u0107 polskich dzia\u0142kowc\u00f3w. Opisanego przest\u0119pstwa dopu\u015bci\u0142o si\u0119 kierownictwo PZD, kt\u00f3re nadto ponosi pe\u0142n\u0105 odpowiedzialno\u015b\u0107 za nieprawid\u0142owo\u015bci, opisane w raporcie Najwy\u017cszej Izby Kontroli i kt\u00f3re wybra\u0142o si\u0119 na kolejn\u0105 kadencj\u0119 (razem 30 lat) bez ponoszenia konsekwencji i maj\u0105c poczucie bezkarno\u015bci, kt\u00f3re wynika z braku nadzoru nad PZD. Wym. prezesi E. Kondracki, W. Kulik czy J. Paprocki ok\u0142amuj\u0105 dzia\u0142kowc\u00f3w, szkaluj\u0105 naczelne organy w\u0142adzy i dzia\u0142aj\u0105 tylko we w\u0142asnym interesie, tj. broni\u0105 swoich stanowisk, kt\u00f3re traktuj\u0105 jak sched\u0119 do\u017cywotni\u0105 &#8211; natomiast problemy, postulaty dzia\u0142kowc\u00f3w ich nie interesuj\u0105 i nie brali udzia\u0142u w opracowywaniu nowych przepis\u00f3w i okre\u015blaniu nowego ustroju ogrodnictwa w Polsce. Ko\u0144cz\u0105c &#8211; w\u0142a\u015bnie zysk i profity z zajmowanych stanowisk s\u0105 celem dzia\u0142ania wym. dzia\u0142aczy PZD i z tego powodu odmawiaj\u0105 ujawnienia swoich apana\u017cy, bo ich publiczne ujawnienie poka\u017ce ich prawdziwe oblicze, kt\u00f3re nie ma nic wsp\u00f3lnego z dzia\u0142alno\u015bci\u0105 spo\u0142eczn\u0105.\u00a0<\/span><\/p>\n<p style=\"text-align: justify\"><span style=\"font-size: small\">Zawiadomienie to kieruj\u0119 r\u00f3wnie\u017c do Generalnego Inspektora Ochrony Danych Osobowych, celem wszcz\u0119cia post\u0119powania administracyjnego i wyegzekwowania udzielenia przedmiotowych informacji publicznych.\u00a0<\/span><\/p>\n<p style=\"text-align: justify\"><span style=\"font-size: small\">\u00a0\u00a0\u00a0\u00a0\u00a0\u00a0\u00a0\u00a0<\/span><\/p>\n<p style=\"text-align: right\" align=\"right\">\u00a0\u00a0\u00a0\u00a0\u00a0\u00a0\u00a0\u00a0\u00a0\u00a0\u00a0\u00a0\u00a0\u00a0\u00a0\u00a0\u00a0\u00a0\u00a0\u00a0\u00a0\u00a0\u00a0\u00a0\u00a0\u00a0\u00a0\u00a0\u00a0\u00a0\u00a0\u00a0\u00a0\u00a0\u00a0\u00a0\u00a0\u00a0\u00a0\u00a0\u00a0\u00a0\u00a0\u00a0\u00a0\u00a0\u00a0\u00a0\u00a0\u00a0\u00a0\u00a0\u00a0\u00a0\u00a0\u00a0\u00a0\u00a0\u00a0\u00a0\u00a0\u00a0\u00a0\u00a0\u00a0\u00a0\u00a0\u00a0\u00a0\u00a0\u00a0\u00a0\u00a0\u00a0\u00a0\u00a0\u00a0\u00a0\u00a0\u00a0\u00a0\u00a0\u00a0\u00a0\u00a0\u00a0\u00a0 <span style=\"font-size: small\">Z powa\u017caniem<\/span><\/p>\n<p style=\"text-align: right\" align=\"right\"><span style=\"font-size: medium\"><strong>Ryszard Dudek<\/strong><\/span><\/p>\n<p style=\"text-align: justify\" align=\"right\">\u00a0<\/p>\n<p style=\"text-align: justify\" align=\"right\">\u00a0<\/p>\n<p style=\"text-align: justify\">\u00a0<\/p>\n<p style=\"text-align: justify\">\u00a0<\/p>\n<p style=\"text-align: justify\">\u00a0<\/p>\n<p style=\"text-align: justify\">\u00a0<\/p>\n<p style=\"text-align: justify\">\u00a0<\/p>\n<p style=\"text-align: justify\">\u00a0<\/p>\n<p style=\"text-align: justify\">\u00a0<\/p>\n<p style=\"text-align: justify\">\u00a0<\/p>\n<p style=\"text-align: justify\">\u00a0<\/p>\n<p style=\"text-align: justify\">\u00a0<\/p>\n<p style=\"text-align: justify\">\u00a0<\/p>\n<p style=\"text-align: justify\">\u00a0<\/p>\n<p style=\"text-align: justify\">\u00a0<\/p>\n<p style=\"text-align: justify\">\u00a0<\/p>\n<p style=\"text-align: justify\">\u00a0<\/p>\n<p style=\"text-align: justify\">\u00a0<\/p>\n<p style=\"text-align: justify\">\u00a0<\/p>\n<p style=\"text-align: justify\">\u00a0<\/p>\n<p style=\"text-align: justify\">\u00a0<\/p>\n<p style=\"text-align: justify\">\u00a0<\/p>\n<p style=\"text-align: justify\">\u00a0<\/p>\n<p style=\"text-align: justify\">\u00a0<\/p>\n<p style=\"text-align: justify\">\u00a0<\/p>\n<p style=\"text-align: justify\">\u00a0<\/p>\n<p style=\"text-align: justify\">\u00a0<\/p>\n<p style=\"text-align: justify\">\u00a0<\/p>\n<p style=\"text-align: justify\">\u00a0<\/p>\n<p style=\"text-align: justify\">\u00a0<\/p>\n<p style=\"text-align: justify\">\u00a0<\/p>\n<p style=\"text-align: justify\">\u00a0<\/p>\n<p style=\"text-align: justify\">\u00a0<\/p>\n<p style=\"text-align: justify\">\u00a0<\/p>\n<p style=\"text-align: justify\">\u00a0<\/p>\n<p style=\"text-align: justify\">\u00a0<\/p>\n<p style=\"text-align: justify\">\u00a0<\/p>\n<p style=\"text-align: justify\">\u00a0<\/p>\n<p style=\"text-align: justify\">\u00a0<\/p>\n<p style=\"text-align: justify\">\u00a0<\/p>\n<p style=\"text-align: justify\">\u00a0<\/p>\n<p style=\"text-align: justify\">\u00a0<\/p>\n<p style=\"text-align: justify\">\u00a0<\/p>\n<p style=\"text-align: justify\">\u00a0<\/p>\n<p style=\"text-align: justify\">\u00a0<\/p>\n<p style=\"text-align: justify\">\u00a0<\/p>\n<p style=\"text-align: justify\">\u00a0<\/p>\n<p style=\"text-align: justify\">\u00a0<\/p>\n<p style=\"text-align: justify\">\u00a0<\/p>\n<p style=\"text-align: justify\">\u00a0<\/p>\n<p style=\"text-align: justify\">\u00a0<\/p>\n<p style=\"text-align: justify\">\u00a0<\/p>\n<p style=\"text-align: justify\">\u00a0<\/p>\n<p style=\"text-align: justify\">\u00a0<\/p>\n<p style=\"text-align: justify\">\u00a0<\/p>\n<p style=\"text-align: justify\">\u00a0<\/p>\n<p style=\"text-align: justify\">\u00a0<\/p>\n<p style=\"text-align: justify\">\u00a0<\/p>\n<p style=\"text-align: justify\">\u00a0<\/p>\n<p style=\"text-align: justify\">\u00a0<\/p>\n<p style=\"text-align: justify\">\u00a0<\/p>\n<p style=\"text-align: justify\">\u00a0<\/p>\n<p style=\"text-align: justify\">\u00a0<\/p>\n<p style=\"text-align: justify\">\u00a0<\/p>\n<p style=\"text-align: justify\">\u00a0<\/p>\n<p style=\"text-align: justify\">\u00a0<\/p>\n<p style=\"text-align: justify\">\u00a0<\/p>\n<p style=\"text-align: justify\">\u00a0<\/p>\n<p style=\"text-align: justify\">\u00a0<\/p>\n<p style=\"text-align: justify\">\u00a0<\/p>\n<p style=\"text-align: justify\">\u00a0<\/p>\n<p style=\"text-align: justify\">\u00a0<\/p>\n<p style=\"text-align: justify\">\u00a0<\/p>\n<p style=\"text-align: justify\">\u00a0<\/p>\n<p style=\"text-align: justify\">\u00a0<\/p>\n<p style=\"text-align: justify\">\u00a0<\/p>\n<p style=\"text-align: justify\">\u00a0<\/p>\n","protected":false},"excerpt":{"rendered":"<p>Od redakcji: Ju\u017c co najmniej od 2 lat walka z obecnymi porz\u0105dkami w Wa\u0142brzychu, rozpocz\u0119ta przez tamtejszych biedaszybnik\u00f3w, przenios\u0142a si\u0119<\/p>\n","protected":false},"author":1,"featured_media":0,"comment_status":"open","ping_status":"open","sticky":false,"template":"","format":"standard","meta":{"colormag_page_layout":"default_layout","footnotes":""},"categories":[143],"tags":[],"class_list":["post-3650","post","type-post","status-publish","format-standard","hentry","category-inne"],"yoast_head":"<!-- This site is optimized with the Yoast SEO plugin v25.1 - https:\/\/yoast.com\/wordpress\/plugins\/seo\/ -->\n<title>Czy na dzia\u0142kach naprawd\u0119 nic si\u0119 nie dzieje? - SI\u0118 MY\u015aLI<\/title>\n<meta name=\"robots\" content=\"index, follow, max-snippet:-1, max-image-preview:large, max-video-preview:-1\" \/>\n<link rel=\"canonical\" href=\"https:\/\/siemysli-ke.info\/en\/czy-na-dzialkach-naprawde-nic-sie-nie-dzieje\/\" \/>\n<meta property=\"og:locale\" content=\"en_US\" \/>\n<meta property=\"og:type\" content=\"article\" \/>\n<meta property=\"og:title\" content=\"Czy na dzia\u0142kach naprawd\u0119 nic si\u0119 nie dzieje? - SI\u0118 MY\u015aLI\" \/>\n<meta property=\"og:description\" content=\"Od redakcji: Ju\u017c co najmniej od 2 lat walka z obecnymi porz\u0105dkami w Wa\u0142brzychu, rozpocz\u0119ta przez tamtejszych biedaszybnik\u00f3w, przenios\u0142a si\u0119\" \/>\n<meta property=\"og:url\" content=\"https:\/\/siemysli-ke.info\/en\/czy-na-dzialkach-naprawde-nic-sie-nie-dzieje\/\" \/>\n<meta property=\"og:site_name\" content=\"SI\u0118 MY\u015aLI\" \/>\n<meta property=\"article:published_time\" content=\"2012-03-08T18:57:24+00:00\" \/>\n<meta property=\"article:modified_time\" content=\"2013-11-02T20:20:46+00:00\" \/>\n<meta property=\"og:image\" content=\"http:\/\/www.bezjarzmowie.info.ke\/test\/wp-content\/uploads\/2012\/03\/100_9206-200x300.jpg\" \/>\n<meta name=\"author\" content=\"admin\" \/>\n<meta name=\"twitter:label1\" content=\"Written by\" \/>\n\t<meta name=\"twitter:data1\" content=\"admin\" \/>\n\t<meta name=\"twitter:label2\" content=\"Est. reading time\" \/>\n\t<meta name=\"twitter:data2\" content=\"15 minutes\" \/>\n<script type=\"application\/ld+json\" class=\"yoast-schema-graph\">{\"@context\":\"https:\/\/schema.org\",\"@graph\":[{\"@type\":\"Article\",\"@id\":\"https:\/\/siemysli-ke.info\/en\/czy-na-dzialkach-naprawde-nic-sie-nie-dzieje\/#article\",\"isPartOf\":{\"@id\":\"https:\/\/siemysli-ke.info\/en\/czy-na-dzialkach-naprawde-nic-sie-nie-dzieje\/\"},\"author\":{\"name\":\"admin\",\"@id\":\"https:\/\/siemysli-ke.info\/#\/schema\/person\/048295918d7858e90e57d1a2c2b5da74\"},\"headline\":\"Czy na dzia\u0142kach naprawd\u0119 nic si\u0119 nie dzieje?\",\"datePublished\":\"2012-03-08T18:57:24+00:00\",\"dateModified\":\"2013-11-02T20:20:46+00:00\",\"mainEntityOfPage\":{\"@id\":\"https:\/\/siemysli-ke.info\/en\/czy-na-dzialkach-naprawde-nic-sie-nie-dzieje\/\"},\"wordCount\":2945,\"commentCount\":2,\"publisher\":{\"@id\":\"https:\/\/siemysli-ke.info\/#organization\"},\"image\":{\"@id\":\"https:\/\/siemysli-ke.info\/en\/czy-na-dzialkach-naprawde-nic-sie-nie-dzieje\/#primaryimage\"},\"thumbnailUrl\":\"http:\/\/www.bezjarzmowie.info.ke\/test\/wp-content\/uploads\/2012\/03\/100_9206-200x300.jpg\",\"articleSection\":[\"Inne\"],\"inLanguage\":\"en-US\",\"potentialAction\":[{\"@type\":\"CommentAction\",\"name\":\"Comment\",\"target\":[\"https:\/\/siemysli-ke.info\/en\/czy-na-dzialkach-naprawde-nic-sie-nie-dzieje\/#respond\"]}]},{\"@type\":\"WebPage\",\"@id\":\"https:\/\/siemysli-ke.info\/en\/czy-na-dzialkach-naprawde-nic-sie-nie-dzieje\/\",\"url\":\"https:\/\/siemysli-ke.info\/en\/czy-na-dzialkach-naprawde-nic-sie-nie-dzieje\/\",\"name\":\"Czy na dzia\u0142kach naprawd\u0119 nic si\u0119 nie dzieje? - SI\u0118 MY\u015aLI\",\"isPartOf\":{\"@id\":\"https:\/\/siemysli-ke.info\/en\/#website\"},\"primaryImageOfPage\":{\"@id\":\"https:\/\/siemysli-ke.info\/en\/czy-na-dzialkach-naprawde-nic-sie-nie-dzieje\/#primaryimage\"},\"image\":{\"@id\":\"https:\/\/siemysli-ke.info\/en\/czy-na-dzialkach-naprawde-nic-sie-nie-dzieje\/#primaryimage\"},\"thumbnailUrl\":\"http:\/\/www.bezjarzmowie.info.ke\/test\/wp-content\/uploads\/2012\/03\/100_9206-200x300.jpg\",\"datePublished\":\"2012-03-08T18:57:24+00:00\",\"dateModified\":\"2013-11-02T20:20:46+00:00\",\"breadcrumb\":{\"@id\":\"https:\/\/siemysli-ke.info\/en\/czy-na-dzialkach-naprawde-nic-sie-nie-dzieje\/#breadcrumb\"},\"inLanguage\":\"en-US\",\"potentialAction\":[{\"@type\":\"ReadAction\",\"target\":[[\"https:\/\/siemysli-ke.info\/en\/czy-na-dzialkach-naprawde-nic-sie-nie-dzieje\/\"]]}]},{\"@type\":\"ImageObject\",\"inLanguage\":\"en-US\",\"@id\":\"https:\/\/siemysli-ke.info\/en\/czy-na-dzialkach-naprawde-nic-sie-nie-dzieje\/#primaryimage\",\"url\":\"http:\/\/www.bezjarzmowie.info.ke\/test\/wp-content\/uploads\/2012\/03\/100_9206-200x300.jpg\",\"contentUrl\":\"http:\/\/www.bezjarzmowie.info.ke\/test\/wp-content\/uploads\/2012\/03\/100_9206-200x300.jpg\"},{\"@type\":\"BreadcrumbList\",\"@id\":\"https:\/\/siemysli-ke.info\/en\/czy-na-dzialkach-naprawde-nic-sie-nie-dzieje\/#breadcrumb\",\"itemListElement\":[{\"@type\":\"ListItem\",\"position\":1,\"name\":\"Home\",\"item\":\"https:\/\/siemysli-ke.info\/en\/\"},{\"@type\":\"ListItem\",\"position\":2,\"name\":\"Czy na dzia\u0142kach naprawd\u0119 nic si\u0119 nie dzieje?\"}]},{\"@type\":\"WebSite\",\"@id\":\"https:\/\/siemysli-ke.info\/en\/#website\",\"url\":\"https:\/\/siemysli-ke.info\/en\/\",\"name\":\"SI\u0118 MY\u015aLI\",\"description\":\"\",\"publisher\":{\"@id\":\"https:\/\/siemysli-ke.info\/en\/#organization\"},\"potentialAction\":[{\"@type\":\"SearchAction\",\"target\":{\"@type\":\"EntryPoint\",\"urlTemplate\":\"https:\/\/siemysli-ke.info\/en\/?s={search_term_string}\"},\"query-input\":{\"@type\":\"PropertyValueSpecification\",\"valueRequired\":true,\"valueName\":\"search_term_string\"}}],\"inLanguage\":\"en-US\"},{\"@type\":\"Organization\",\"@id\":\"https:\/\/siemysli-ke.info\/en\/#organization\",\"name\":\"SI\u0118 MY\u015aLI\",\"url\":\"https:\/\/siemysli-ke.info\/en\/\",\"logo\":{\"@type\":\"ImageObject\",\"inLanguage\":\"en-US\",\"@id\":\"https:\/\/siemysli-ke.info\/en\/#\/schema\/logo\/image\/\",\"url\":\"https:\/\/siemysli-ke.info\/wp-content\/uploads\/2025\/05\/99.png\",\"contentUrl\":\"https:\/\/siemysli-ke.info\/wp-content\/uploads\/2025\/05\/99.png\",\"width\":270,\"height\":204,\"caption\":\"SI\u0118 MY\u015aLI\"},\"image\":{\"@id\":\"https:\/\/siemysli-ke.info\/en\/#\/schema\/logo\/image\/\"}},{\"@type\":\"Person\",\"@id\":\"https:\/\/siemysli-ke.info\/#\/schema\/person\/048295918d7858e90e57d1a2c2b5da74\",\"name\":\"admin\",\"image\":{\"@type\":\"ImageObject\",\"inLanguage\":\"en-US\",\"@id\":\"https:\/\/siemysli-ke.info\/en\/#\/schema\/person\/image\/\",\"url\":\"https:\/\/secure.gravatar.com\/avatar\/9acf729117e1cff813c07ba085b25a76702049ffb5efe3425388cd1a019577de?s=96&d=mm&r=g\",\"contentUrl\":\"https:\/\/secure.gravatar.com\/avatar\/9acf729117e1cff813c07ba085b25a76702049ffb5efe3425388cd1a019577de?s=96&d=mm&r=g\",\"caption\":\"admin\"},\"url\":\"https:\/\/siemysli-ke.info\/en\/author\/admin\/\"}]}<\/script>\n<!-- \/ Yoast SEO plugin. -->","yoast_head_json":{"title":"Czy na dzia\u0142kach naprawd\u0119 nic si\u0119 nie dzieje? - SI\u0118 MY\u015aLI","robots":{"index":"index","follow":"follow","max-snippet":"max-snippet:-1","max-image-preview":"max-image-preview:large","max-video-preview":"max-video-preview:-1"},"canonical":"https:\/\/siemysli-ke.info\/en\/czy-na-dzialkach-naprawde-nic-sie-nie-dzieje\/","og_locale":"en_US","og_type":"article","og_title":"Czy na dzia\u0142kach naprawd\u0119 nic si\u0119 nie dzieje? - SI\u0118 MY\u015aLI","og_description":"Od redakcji: Ju\u017c co najmniej od 2 lat walka z obecnymi porz\u0105dkami w Wa\u0142brzychu, rozpocz\u0119ta przez tamtejszych biedaszybnik\u00f3w, przenios\u0142a si\u0119","og_url":"https:\/\/siemysli-ke.info\/en\/czy-na-dzialkach-naprawde-nic-sie-nie-dzieje\/","og_site_name":"SI\u0118 MY\u015aLI","article_published_time":"2012-03-08T18:57:24+00:00","article_modified_time":"2013-11-02T20:20:46+00:00","og_image":[{"url":"http:\/\/www.bezjarzmowie.info.ke\/test\/wp-content\/uploads\/2012\/03\/100_9206-200x300.jpg","type":"","width":"","height":""}],"author":"admin","twitter_misc":{"Written by":"admin","Est. reading time":"15 minutes"},"schema":{"@context":"https:\/\/schema.org","@graph":[{"@type":"Article","@id":"https:\/\/siemysli-ke.info\/en\/czy-na-dzialkach-naprawde-nic-sie-nie-dzieje\/#article","isPartOf":{"@id":"https:\/\/siemysli-ke.info\/en\/czy-na-dzialkach-naprawde-nic-sie-nie-dzieje\/"},"author":{"name":"admin","@id":"https:\/\/siemysli-ke.info\/#\/schema\/person\/048295918d7858e90e57d1a2c2b5da74"},"headline":"Czy na dzia\u0142kach naprawd\u0119 nic si\u0119 nie dzieje?","datePublished":"2012-03-08T18:57:24+00:00","dateModified":"2013-11-02T20:20:46+00:00","mainEntityOfPage":{"@id":"https:\/\/siemysli-ke.info\/en\/czy-na-dzialkach-naprawde-nic-sie-nie-dzieje\/"},"wordCount":2945,"commentCount":2,"publisher":{"@id":"https:\/\/siemysli-ke.info\/#organization"},"image":{"@id":"https:\/\/siemysli-ke.info\/en\/czy-na-dzialkach-naprawde-nic-sie-nie-dzieje\/#primaryimage"},"thumbnailUrl":"http:\/\/www.bezjarzmowie.info.ke\/test\/wp-content\/uploads\/2012\/03\/100_9206-200x300.jpg","articleSection":["Inne"],"inLanguage":"en-US","potentialAction":[{"@type":"CommentAction","name":"Comment","target":["https:\/\/siemysli-ke.info\/en\/czy-na-dzialkach-naprawde-nic-sie-nie-dzieje\/#respond"]}]},{"@type":"WebPage","@id":"https:\/\/siemysli-ke.info\/en\/czy-na-dzialkach-naprawde-nic-sie-nie-dzieje\/","url":"https:\/\/siemysli-ke.info\/en\/czy-na-dzialkach-naprawde-nic-sie-nie-dzieje\/","name":"Czy na dzia\u0142kach naprawd\u0119 nic si\u0119 nie dzieje? - SI\u0118 MY\u015aLI","isPartOf":{"@id":"https:\/\/siemysli-ke.info\/en\/#website"},"primaryImageOfPage":{"@id":"https:\/\/siemysli-ke.info\/en\/czy-na-dzialkach-naprawde-nic-sie-nie-dzieje\/#primaryimage"},"image":{"@id":"https:\/\/siemysli-ke.info\/en\/czy-na-dzialkach-naprawde-nic-sie-nie-dzieje\/#primaryimage"},"thumbnailUrl":"http:\/\/www.bezjarzmowie.info.ke\/test\/wp-content\/uploads\/2012\/03\/100_9206-200x300.jpg","datePublished":"2012-03-08T18:57:24+00:00","dateModified":"2013-11-02T20:20:46+00:00","breadcrumb":{"@id":"https:\/\/siemysli-ke.info\/en\/czy-na-dzialkach-naprawde-nic-sie-nie-dzieje\/#breadcrumb"},"inLanguage":"en-US","potentialAction":[{"@type":"ReadAction","target":[["https:\/\/siemysli-ke.info\/en\/czy-na-dzialkach-naprawde-nic-sie-nie-dzieje\/"]]}]},{"@type":"ImageObject","inLanguage":"en-US","@id":"https:\/\/siemysli-ke.info\/en\/czy-na-dzialkach-naprawde-nic-sie-nie-dzieje\/#primaryimage","url":"http:\/\/www.bezjarzmowie.info.ke\/test\/wp-content\/uploads\/2012\/03\/100_9206-200x300.jpg","contentUrl":"http:\/\/www.bezjarzmowie.info.ke\/test\/wp-content\/uploads\/2012\/03\/100_9206-200x300.jpg"},{"@type":"BreadcrumbList","@id":"https:\/\/siemysli-ke.info\/en\/czy-na-dzialkach-naprawde-nic-sie-nie-dzieje\/#breadcrumb","itemListElement":[{"@type":"ListItem","position":1,"name":"Home","item":"https:\/\/siemysli-ke.info\/en\/"},{"@type":"ListItem","position":2,"name":"Czy na dzia\u0142kach naprawd\u0119 nic si\u0119 nie dzieje?"}]},{"@type":"WebSite","@id":"https:\/\/siemysli-ke.info\/en\/#website","url":"https:\/\/siemysli-ke.info\/en\/","name":"SI\u0118 MY\u015aLI","description":"","publisher":{"@id":"https:\/\/siemysli-ke.info\/en\/#organization"},"potentialAction":[{"@type":"SearchAction","target":{"@type":"EntryPoint","urlTemplate":"https:\/\/siemysli-ke.info\/en\/?s={search_term_string}"},"query-input":{"@type":"PropertyValueSpecification","valueRequired":true,"valueName":"search_term_string"}}],"inLanguage":"en-US"},{"@type":"Organization","@id":"https:\/\/siemysli-ke.info\/en\/#organization","name":"SI\u0118 MY\u015aLI","url":"https:\/\/siemysli-ke.info\/en\/","logo":{"@type":"ImageObject","inLanguage":"en-US","@id":"https:\/\/siemysli-ke.info\/en\/#\/schema\/logo\/image\/","url":"https:\/\/siemysli-ke.info\/wp-content\/uploads\/2025\/05\/99.png","contentUrl":"https:\/\/siemysli-ke.info\/wp-content\/uploads\/2025\/05\/99.png","width":270,"height":204,"caption":"SI\u0118 MY\u015aLI"},"image":{"@id":"https:\/\/siemysli-ke.info\/en\/#\/schema\/logo\/image\/"}},{"@type":"Person","@id":"https:\/\/siemysli-ke.info\/#\/schema\/person\/048295918d7858e90e57d1a2c2b5da74","name":"admin","image":{"@type":"ImageObject","inLanguage":"en-US","@id":"https:\/\/siemysli-ke.info\/en\/#\/schema\/person\/image\/","url":"https:\/\/secure.gravatar.com\/avatar\/9acf729117e1cff813c07ba085b25a76702049ffb5efe3425388cd1a019577de?s=96&d=mm&r=g","contentUrl":"https:\/\/secure.gravatar.com\/avatar\/9acf729117e1cff813c07ba085b25a76702049ffb5efe3425388cd1a019577de?s=96&d=mm&r=g","caption":"admin"},"url":"https:\/\/siemysli-ke.info\/en\/author\/admin\/"}]}},"_links":{"self":[{"href":"https:\/\/siemysli-ke.info\/en\/wp-json\/wp\/v2\/posts\/3650","targetHints":{"allow":["GET"]}}],"collection":[{"href":"https:\/\/siemysli-ke.info\/en\/wp-json\/wp\/v2\/posts"}],"about":[{"href":"https:\/\/siemysli-ke.info\/en\/wp-json\/wp\/v2\/types\/post"}],"author":[{"embeddable":true,"href":"https:\/\/siemysli-ke.info\/en\/wp-json\/wp\/v2\/users\/1"}],"replies":[{"embeddable":true,"href":"https:\/\/siemysli-ke.info\/en\/wp-json\/wp\/v2\/comments?post=3650"}],"version-history":[{"count":0,"href":"https:\/\/siemysli-ke.info\/en\/wp-json\/wp\/v2\/posts\/3650\/revisions"}],"wp:attachment":[{"href":"https:\/\/siemysli-ke.info\/en\/wp-json\/wp\/v2\/media?parent=3650"}],"wp:term":[{"taxonomy":"category","embeddable":true,"href":"https:\/\/siemysli-ke.info\/en\/wp-json\/wp\/v2\/categories?post=3650"},{"taxonomy":"post_tag","embeddable":true,"href":"https:\/\/siemysli-ke.info\/en\/wp-json\/wp\/v2\/tags?post=3650"}],"curies":[{"name":"wp","href":"https:\/\/api.w.org\/{rel}","templated":true}]}}