 {"id":3630,"date":"2012-03-07T18:24:51","date_gmt":"2012-03-07T18:24:51","guid":{"rendered":"http:\/\/www.bezjarzmowie.info.ke\/test\/?p=3630"},"modified":"2013-11-02T21:20:46","modified_gmt":"2013-11-02T20:20:46","slug":"zielona-komedia","status":"publish","type":"post","link":"https:\/\/siemysli-ke.info\/en\/zielona-komedia\/","title":{"rendered":"Zielona komedia"},"content":{"rendered":"<p><a href=\"http:\/\/www.bezjarzmowie.info.ke\/test\/wp-content\/uploads\/2012\/03\/100_6072.jpg\" rel=\"lightbox[3630]\"><img decoding=\"async\" class=\"alignleft size-medium wp-image-3631\" src=\"http:\/\/www.bezjarzmowie.info.ke\/test\/wp-content\/uploads\/2012\/03\/100_6072-225x300.jpg\" alt=\"\" width=\"225\" height=\"300\" \/><\/a><\/p>\n<p style=\"text-align: justify\"><span style=\"font-size: x-small\"><strong>Od redakcji:<\/strong> Do teren\u00f3w zielonych Lublin nie ma szcz\u0119\u015bcia od lat 70. XX w. Na planie miasta z czas\u00f3w dekady Gierkowskiej zobaczy\u0107 mo\u017cna pomi\u0119dzy Choinami a os. Chopina \u201ePark Miejski Czech\u00f3w\u201d. Poza planem nie powsta\u0142 on nigdy &#8211; najpierw area\u0142 zarasta\u0142y chwasty, ponad 10 lat temu zacz\u0119to go zabudowywa\u0107 developerskimi bloczkami.<\/span><\/p>\n<p style=\"text-align: justify\"><span style=\"font-size: x-small\">Nigdy nie zgodzono si\u0119 na rozbudow\u0119 Ogrodu Botanicznego ku p\u00f3\u0142nocnemu wschodowi &#8211;\u00a0tak, by obj\u0105\u0142 r\u00f3wnie\u017c G\u00f3rki Czechowskie \u2013 unikalny teren z ro\u015blinno\u015bci\u0105, typow\u0105 kiedy\u015b dla Wy\u017cyny Lubelskiej. Lata stara\u0144 prof. Dominika Fija\u0142kowskiego, dzi\u015b 91-letniego nestora polskich botanik\u00f3w, posz\u0142y na marne. Zadrzewiony skwer przy Fabrycznej zacz\u0119to natomiast nazywa\u0107 oficjalnie Parkiem Bronowickim, jakby to przyda\u0107 mu mog\u0142o hektar\u00f3w i zieleni.<\/span><\/p>\n<p style=\"text-align: justify\">\u00a0<\/p>\n<p style=\"text-align: justify\">\u00a0<span style=\"font-size: x-small\"><!--more--><\/span><\/p>\n<p style=\"text-align: justify\"><span style=\"font-size: x-small\">Od lat 50. XX w. Lublin posiada\u0142 dwa parki miejskie \u2013 Saski i Ludowy. Ten drugi powsta\u0142 ku uczczeniu X-lecia PRL, a projektowa\u0142 go tw\u00f3rca Parku Kultury i Wypoczynku w Chorzowie, W\u0142adys\u0142aw Niemiec. Wykorzystano w tym celu obszar zalewowych \u0142\u0105k nad Bystrzyc\u0105.<\/span><\/p>\n<p style=\"text-align: justify\"><span style=\"font-size: x-small\">W po\u0142owie I dekady wieku XXI rozgo\u015bci\u0142y si\u0119 tam Lubelskie Targi Wschodnie, co jaki\u015b czas pod wystawy zajmuj\u0105c i niszcz\u0105c spor\u0105 cz\u0119\u015b\u0107 zieleni. W roku ubieg\u0142ym Targi zacz\u0119to rozbudowywa\u0107. Kosztem&#8230; ok. 1\/3 Parku Ludowego. Protestowa\u0142 Jan Kami\u0144ski z Katedry Architektury Krajobrazu KUL, kt\u00f3remu zlecono w\u0142a\u015bnie rewitalizacj\u0119 terenu. Nic z tego, <strong>w czerwcu 2011 r. (okres l\u0119gowy) starodrzew wyci\u0119to pod nowy pawilon o powierzchni ponad 10 tys. m<sup>2<\/sup><\/strong>. A trzeba jeszcze terenu na: drogi dojazdowe i parking dla, bagatela, 450 aut.<\/span><\/p>\n<p style=\"text-align: justify\"><span style=\"font-size: x-small\">Dopiero w\u00f3wczas pozwolono architektowi na spotkanie konsultacyjne z obywatelami Lublina. Ale 21. listopada 2011 r. spotkanie to nie mia\u0142o ju\u017c \u017cadnego sensu. Za pe\u0142n\u0105 aprobat\u0105 Ratusza, spor\u0105 cz\u0119\u015b\u0107 Parku Ludowego bezpowrotnie lublinianom odebrano, przerywaj\u0105c przy okazji (ogrodzenie) zielony ci\u0105g pieszy od Bystrzycy ku dworcowi PKP i dworcowi PKS-Po\u0142udnie.<\/span><\/p>\n<p style=\"text-align: justify\"><span style=\"font-size: x-small\"><strong>Teraz prezydent \u017buk wy\u0142\u0105czy\u0142 z u\u017cytkowania Park Saski, pod pretekstem niezb\u0119dnej renowacji terenu i drzewostanu<\/strong>. Lublin na 3 wydzia\u0142y ochrony \u015brodowiska na 3 wielkich uczelniach. Ani kadra, ani studenci &#8211; profilaktycznie nie wychylili nosa ze swoich siedzib. Protestuj\u0105 tylko jednostki, jak cho\u0107by Tomasz Kulbowski. Dowodzi to po raz kolejny, i\u017c\u00a0 wielkie podobno centrum akademickie, nie odgrywa w mie\u015bcie takiej roli, jakiej si\u0119 ode\u0144 oczekuje. To znaczy takiej, jakiej chcieliby obywatele, bo urz\u0119dnikom Ratusza ich bierno\u015b\u0107 jest absolutnie na r\u0119k\u0119.<\/span><\/p>\n<p>&nbsp;<\/p>\n<p style=\"text-align: justify\" align=\"right\"><strong>\u00a0<\/strong><\/p>\n<p style=\"text-align: justify\" align=\"right\"><strong>\u00a0<\/strong><\/p>\n<p style=\"text-align: right\" align=\"right\"><span style=\"font-size: small\"><strong>Do:<br \/>\nPrezydent Miasta Lublin <\/strong><\/span><br \/>\n<span style=\"font-size: small\">Krzysztof \u017buk<\/span><\/p>\n<p style=\"text-align: right\" align=\"right\"><span style=\"font-size: small\">plac Kr\u00f3la W\u0142adys\u0142awa \u0141okietka 1,<\/span><\/p>\n<p style=\"text-align: right\" align=\"right\"><span style=\"font-size: small\">20-109 Lublin <\/span><\/p>\n<p style=\"text-align: right\"><span style=\"font-size: small\"><a href=\"mailto:krzysztof.zuk@lublin.eu\">krzysztof.zuk@lublin.eu <\/a><\/span><\/p>\n<p style=\"text-align: right\" align=\"right\">\u00a0<\/p>\n<p style=\"text-align: justify\"><span style=\"font-size: small\">Dnia 20. lutego 2012 roku Ogr\u00f3d Saski zosta\u0142 zamkni\u0119ty dla mieszka\u0144c\u00f3w na ponad p\u00f3\u0142tora roku (co najmniej 20 miesi\u0119cy). Sta\u0142o si\u0119 to bez \u017cadnych konsultacji spo\u0142ecznych i bez rzetelnego poinformowania mieszka\u0144c\u00f3w, czyli rzeczywistych u\u017cytkownik\u00f3w Ogrodu. Tym samym, z dnia na dzie\u0144, tysi\u0105ce os\u00f3b regularnie korzystaj\u0105cych z parku zosta\u0142o pozbawionych jedynego w centrum miasta du\u017cego terenu zielonego &#8211; popularnego miejsca spotka\u0144, spacer\u00f3w, rekreacji, zabaw i spacer\u00f3w z dzie\u0107mi, a tak\u017ce wielu wydarze\u0144 kulturalnych. Ogr\u00f3d Saski nie jest jedn\u0105 z wielu ulic, kt\u00f3r\u0105 mo\u017cna zamkn\u0105\u0107 na czas remontu i <\/span><span style=\"font-size: small\">ustanowi\u0107 objazd przez inn\u0105. Nie jest te\u017c typowym placem budowy &#8211; jest cz\u0119\u015bci\u0105 naszego codziennego \u017cycia od bardzo wielu lat. Uwa\u017camy, \u017ce decyzja o zamkni\u0119ciu parku wyra\u017anie obni\u017ca na d\u0142ugi czas komfort naszego \u017cycia w Lublinie.<\/span><\/p>\n<p style=\"text-align: justify\"><span style=\"font-size: small\">Opr\u00f3cz braku rzetelnej informacji dotycz\u0105cej plan\u00f3w Miasta wobec naszego parku, niepokoi nas r\u00f3wnie\u017c niejasna procedura przetargu i weryfikacji kompetencji firmy, kt\u00f3ra zajmie si\u0119 ingerencj\u0105 w tak skomplikowany i delikatny ekosystem, jakim jest prawie 200-letni Ogr\u00f3d Saski. Obawiamy si\u0119, \u017ce wskutek b\u0142\u0119d\u00f3w administracyjnych, mo\u017ce doj\u015b\u0107 do uszkodzenia tego ekosystemu i nieodwracalnego oszpecenia naszego parku.<\/span><\/p>\n<p style=\"text-align: justify\"><span style=\"font-size: small\">Zwracamy si\u0119 z pro\u015bb\u0105 o rewizj\u0119 decyzji o zamkni\u0119ciu ca\u0142ego parku na tak d\u0142ugi czas, otwarcie jego cz\u0119\u015bci dla mieszka\u0144c\u00f3w na mo\u017cliwie jak najd\u0142u\u017cszy okres. Z informacji prasowych wynika, \u017ce w cz\u0119\u015bci parku od strony ulicy Leszczy\u0144skiego nie b\u0119d\u0105 prowadzone \u017cadne istotne prace remontowe a\u017c do lipca br., czyli przez prawie p\u00f3\u0142 roku. Otwarcie tej cz\u0119\u015bci parku, np. dw\u00f3ch r\u00f3wnoleg\u0142ych do Leszczy\u0144skiego alejek z dwoma lub trzema wej\u015bciami od ulicy, da\u0142oby mieszka\u0144com tak potrzebny dost\u0119p do terenu zielonego na kilka miesi\u0119cy. By\u0142by to okres wiosny i pocz\u0105tku lata, kiedy z parku korzysta najwi\u0119cej os\u00f3b i kiedy <\/span><span style=\"font-size: small\">wygl\u0105da on najpi\u0119kniej. Takie miejsce jest nam bardzo potrzebne, zw\u0142aszcza mieszka\u0144com centrum Lublina.<\/span><br \/>\n<span style=\"font-size: small\">Oczekujemy r\u00f3wnie\u017c konkretnej i rzetelnej informacji na temat planowanych zmian i ich harmonogramu, a tak\u017ce publicznego przedstawienia projektu przebudowy parku. Uwa\u017camy, \u017ce jako mieszka\u0144cy mamy prawo by\u0107 informowani o decyzjach i planach w\u0142adz miasta, kt\u00f3re bezpo\u015brednio i w takim stopniu wp\u0142ywaj\u0105 na komfort naszego \u017cycia w Lublinie.<\/span><\/p>\n<p style=\"text-align: justify\"><span style=\"font-size: small\">Prosimy r\u00f3wnie\u017c o informacje, jakie osoby i instytucje s\u0105 odpowiedzialne za nadz\u00f3r nad planowanymi zmianami w parku, konserwacj\u0105 zieleni i nadzorem dendrologiczny, czyli m.in. nad planowan\u0105 wycink\u0105 385 drzew w naszym parku. Chcemy by\u0107 pewni, \u017ce za decyzjami stoj\u0105 kompetentne osoby, kt\u00f3re rzetelnie zadbaj\u0105 o przysz\u0142y wygl\u0105d i zdrow\u0105 kondycj\u0119 parku.<\/span><\/p>\n<p style=\"text-align: justify\"><span style=\"font-size: small\">Ogr\u00f3d Saski jest obok Starego Miasta prawdopodobnie najbardziej charakterystycznym i urokliwym miejscem Lublina. Jest regularnie u\u017cywany przez tysi\u0105ce os\u00f3b ka\u017cdego tygodnia w ciep\u0142e miesi\u0105ce roku &#8211; m\u0142odzie\u017c, rodziny z dzie\u0107mi, a tak\u017ce senior\u00f3w. Jest te\u017c bardzo pozytywnie odbierany przez dwiedzaj\u0105cych miasto turyst\u00f3w, kt\u00f3rzy chwal\u0105 jego unikalny w skali kraju, podobny do lasu wygl\u0105d i utrzymany stary, ogromny drzewostan. Jako regularni u\u017cytkownicy parku wiemy, \u017ce remont nie jest zb\u0119dny, ale zamkni\u0119cie ca\u0142o\u015bci na tak d\u0142ugi okres (dwa ciep\u0142e sezony, wi\u0119c w praktyce a\u017c dwa lata) pozbawia Lublin <\/span><span style=\"font-size: small\">wa\u017cnego elementu, a jego mieszka\u0144c\u00f3w bardzo potrzebnego i jednego z ulubionych miejsc wypoczynku i rekreacji.<\/span><br \/>\n<span style=\"font-size: small\">Wierzymy, \u017ce mo\u017cliwy jest dialog mieszka\u0144c\u00f3w z w\u0142adzami miasta w sprawie decyzji dotycz\u0105cych nas wszystkich, oraz \u017ce realny jest kompromis, kt\u00f3ry pozwoli kontynuowa\u0107 prace remontowe bez odbierania nam dost\u0119pu do parku. Liczymy na Pana zrozumienie i przychylno\u015b\u0107 jako osoby, kt\u00f3rej bliskie jest dobro miasta &#8211; zar\u00f3wno od strony inwestycyjnej i infrastruktury, jak r\u00f3wnie\u017c komfortu \u017cycia jego mieszka\u0144c\u00f3w. Dzi\u0119kujemy za zapoznanie si\u0119 z nasz\u0105 petycj\u0105 i prosimy o pozytywne jej rozpatrzenie.<\/span><\/p>\n<p align=\"right\"><span style=\"font-size: small\">\u00a0<\/span><\/p>\n<p align=\"right\"><span style=\"font-size: small\"><strong>Ni\u017cej podpisany\/a:<\/strong><\/span><br \/>\n<span style=\"font-size: small\">Tomasz Kulbowski <\/span><br \/>\n<span style=\"font-size: small\">20-068 Lublin <\/span><br \/>\n<span style=\"font-size: small\"><a href=\"mailto:autor8472@petycje.pl\">autor8472@petycje.pl <\/a><\/span><\/p>\n<p style=\"text-align: left\" align=\"right\">\u00a0<\/p>\n<p style=\"text-align: left\" align=\"right\"><span style=\"font-size: small\"><span style=\"font-size: small\"><span style=\"font-size: small\"><span style=\"font-size: small\"><a href=\"http:\/\/www.bezjarzmowie.info.ke\/test\/wp-content\/uploads\/2012\/03\/100_6071.jpg\" rel=\"lightbox[3630]\"><img decoding=\"async\" class=\"alignleft size-medium wp-image-3633\" src=\"http:\/\/www.bezjarzmowie.info.ke\/test\/wp-content\/uploads\/2012\/03\/100_6071-300x225.jpg\" alt=\"\" width=\"300\" height=\"225\" \/><\/a><\/span><\/span><\/span><\/span><\/p>\n<p style=\"text-align: left\" align=\"right\">\u00a0<\/p>\n<p style=\"text-align: left\" align=\"right\">\u00a0<\/p>\n<p style=\"text-align: left\" align=\"right\">\u00a0<\/p>\n<p style=\"text-align: left\" align=\"right\">\u00a0<\/p>\n<p style=\"text-align: left\" align=\"right\">\u00a0<\/p>\n<p style=\"text-align: left\" align=\"right\">\u00a0<span style=\"font-size: small\"><span style=\"font-size: small\"><a href=\"http:\/\/www.bezjarzmowie.info.ke\/test\/wp-content\/uploads\/2012\/03\/100_6069.jpg\" rel=\"lightbox[3630]\"><img decoding=\"async\" class=\"alignright size-medium wp-image-3632\" src=\"http:\/\/www.bezjarzmowie.info.ke\/test\/wp-content\/uploads\/2012\/03\/100_6069-300x225.jpg\" alt=\"\" width=\"300\" height=\"225\" \/><\/a><\/span><\/span><\/p>\n<p style=\"text-align: left\" align=\"right\">\u00a0<\/p>\n<p style=\"text-align: left\" align=\"right\">\u00a0<\/p>\n<p style=\"text-align: left\" align=\"right\"><span style=\"font-size: small\">Na zdj\u0119ciach: <em>czerwiec 2011, ginie cz\u0119\u015b\u0107 Parku Ludowego\u00a0<\/em><\/span><\/p>\n<p style=\"text-align: left\" align=\"right\">\u00a0<\/p>\n<p align=\"right\">\u00a0<\/p>\n<p align=\"right\">\u00a0<\/p>\n<p align=\"right\">\u00a0<\/p>\n<p align=\"right\">\u00a0<\/p>\n<p align=\"right\"><span style=\"font-size: small\">http:\/\/www.petycje.pl\/petycjePodglad.php?petycjeid=8472<\/span><\/p>\n","protected":false},"excerpt":{"rendered":"<p>Od redakcji: Do teren\u00f3w zielonych Lublin nie ma szcz\u0119\u015bcia od lat 70. XX w. Na planie miasta z czas\u00f3w dekady<\/p>\n","protected":false},"author":1,"featured_media":0,"comment_status":"open","ping_status":"open","sticky":false,"template":"","format":"standard","meta":{"colormag_page_layout":"default_layout","footnotes":""},"categories":[143],"tags":[],"class_list":["post-3630","post","type-post","status-publish","format-standard","hentry","category-inne"],"yoast_head":"<!-- This site is optimized with the Yoast SEO plugin v25.1 - https:\/\/yoast.com\/wordpress\/plugins\/seo\/ -->\n<title>Zielona komedia - SI\u0118 MY\u015aLI<\/title>\n<meta name=\"robots\" content=\"index, follow, max-snippet:-1, max-image-preview:large, max-video-preview:-1\" \/>\n<link rel=\"canonical\" href=\"https:\/\/siemysli-ke.info\/en\/zielona-komedia\/\" \/>\n<meta property=\"og:locale\" content=\"en_US\" \/>\n<meta property=\"og:type\" content=\"article\" \/>\n<meta property=\"og:title\" content=\"Zielona komedia - SI\u0118 MY\u015aLI\" \/>\n<meta property=\"og:description\" content=\"Od redakcji: Do teren\u00f3w zielonych Lublin nie ma szcz\u0119\u015bcia od lat 70. XX w. Na planie miasta z czas\u00f3w dekady\" \/>\n<meta property=\"og:url\" content=\"https:\/\/siemysli-ke.info\/en\/zielona-komedia\/\" \/>\n<meta property=\"og:site_name\" content=\"SI\u0118 MY\u015aLI\" \/>\n<meta property=\"article:published_time\" content=\"2012-03-07T18:24:51+00:00\" \/>\n<meta property=\"article:modified_time\" content=\"2013-11-02T20:20:46+00:00\" \/>\n<meta property=\"og:image\" content=\"http:\/\/www.bezjarzmowie.info.ke\/test\/wp-content\/uploads\/2012\/03\/100_6072-225x300.jpg\" \/>\n<meta name=\"author\" content=\"admin\" \/>\n<meta name=\"twitter:label1\" content=\"Written by\" \/>\n\t<meta name=\"twitter:data1\" content=\"admin\" \/>\n\t<meta name=\"twitter:label2\" content=\"Est. reading time\" \/>\n\t<meta name=\"twitter:data2\" content=\"6 minutes\" \/>\n<script type=\"application\/ld+json\" class=\"yoast-schema-graph\">{\"@context\":\"https:\/\/schema.org\",\"@graph\":[{\"@type\":\"Article\",\"@id\":\"https:\/\/siemysli-ke.info\/en\/zielona-komedia\/#article\",\"isPartOf\":{\"@id\":\"https:\/\/siemysli-ke.info\/en\/zielona-komedia\/\"},\"author\":{\"name\":\"admin\",\"@id\":\"https:\/\/siemysli-ke.info\/#\/schema\/person\/048295918d7858e90e57d1a2c2b5da74\"},\"headline\":\"Zielona komedia\",\"datePublished\":\"2012-03-07T18:24:51+00:00\",\"dateModified\":\"2013-11-02T20:20:46+00:00\",\"mainEntityOfPage\":{\"@id\":\"https:\/\/siemysli-ke.info\/en\/zielona-komedia\/\"},\"wordCount\":1117,\"commentCount\":0,\"publisher\":{\"@id\":\"https:\/\/siemysli-ke.info\/#organization\"},\"image\":{\"@id\":\"https:\/\/siemysli-ke.info\/en\/zielona-komedia\/#primaryimage\"},\"thumbnailUrl\":\"http:\/\/www.bezjarzmowie.info.ke\/test\/wp-content\/uploads\/2012\/03\/100_6072-225x300.jpg\",\"articleSection\":[\"Inne\"],\"inLanguage\":\"en-US\",\"potentialAction\":[{\"@type\":\"CommentAction\",\"name\":\"Comment\",\"target\":[\"https:\/\/siemysli-ke.info\/en\/zielona-komedia\/#respond\"]}]},{\"@type\":\"WebPage\",\"@id\":\"https:\/\/siemysli-ke.info\/en\/zielona-komedia\/\",\"url\":\"https:\/\/siemysli-ke.info\/en\/zielona-komedia\/\",\"name\":\"Zielona komedia - SI\u0118 MY\u015aLI\",\"isPartOf\":{\"@id\":\"https:\/\/siemysli-ke.info\/en\/#website\"},\"primaryImageOfPage\":{\"@id\":\"https:\/\/siemysli-ke.info\/en\/zielona-komedia\/#primaryimage\"},\"image\":{\"@id\":\"https:\/\/siemysli-ke.info\/en\/zielona-komedia\/#primaryimage\"},\"thumbnailUrl\":\"http:\/\/www.bezjarzmowie.info.ke\/test\/wp-content\/uploads\/2012\/03\/100_6072-225x300.jpg\",\"datePublished\":\"2012-03-07T18:24:51+00:00\",\"dateModified\":\"2013-11-02T20:20:46+00:00\",\"breadcrumb\":{\"@id\":\"https:\/\/siemysli-ke.info\/en\/zielona-komedia\/#breadcrumb\"},\"inLanguage\":\"en-US\",\"potentialAction\":[{\"@type\":\"ReadAction\",\"target\":[[\"https:\/\/siemysli-ke.info\/en\/zielona-komedia\/\"]]}]},{\"@type\":\"ImageObject\",\"inLanguage\":\"en-US\",\"@id\":\"https:\/\/siemysli-ke.info\/en\/zielona-komedia\/#primaryimage\",\"url\":\"http:\/\/www.bezjarzmowie.info.ke\/test\/wp-content\/uploads\/2012\/03\/100_6072-225x300.jpg\",\"contentUrl\":\"http:\/\/www.bezjarzmowie.info.ke\/test\/wp-content\/uploads\/2012\/03\/100_6072-225x300.jpg\"},{\"@type\":\"BreadcrumbList\",\"@id\":\"https:\/\/siemysli-ke.info\/en\/zielona-komedia\/#breadcrumb\",\"itemListElement\":[{\"@type\":\"ListItem\",\"position\":1,\"name\":\"Home\",\"item\":\"https:\/\/siemysli-ke.info\/en\/\"},{\"@type\":\"ListItem\",\"position\":2,\"name\":\"Zielona komedia\"}]},{\"@type\":\"WebSite\",\"@id\":\"https:\/\/siemysli-ke.info\/en\/#website\",\"url\":\"https:\/\/siemysli-ke.info\/en\/\",\"name\":\"SI\u0118 MY\u015aLI\",\"description\":\"\",\"publisher\":{\"@id\":\"https:\/\/siemysli-ke.info\/en\/#organization\"},\"potentialAction\":[{\"@type\":\"SearchAction\",\"target\":{\"@type\":\"EntryPoint\",\"urlTemplate\":\"https:\/\/siemysli-ke.info\/en\/?s={search_term_string}\"},\"query-input\":{\"@type\":\"PropertyValueSpecification\",\"valueRequired\":true,\"valueName\":\"search_term_string\"}}],\"inLanguage\":\"en-US\"},{\"@type\":\"Organization\",\"@id\":\"https:\/\/siemysli-ke.info\/en\/#organization\",\"name\":\"SI\u0118 MY\u015aLI\",\"url\":\"https:\/\/siemysli-ke.info\/en\/\",\"logo\":{\"@type\":\"ImageObject\",\"inLanguage\":\"en-US\",\"@id\":\"https:\/\/siemysli-ke.info\/en\/#\/schema\/logo\/image\/\",\"url\":\"https:\/\/siemysli-ke.info\/wp-content\/uploads\/2025\/05\/99.png\",\"contentUrl\":\"https:\/\/siemysli-ke.info\/wp-content\/uploads\/2025\/05\/99.png\",\"width\":270,\"height\":204,\"caption\":\"SI\u0118 MY\u015aLI\"},\"image\":{\"@id\":\"https:\/\/siemysli-ke.info\/en\/#\/schema\/logo\/image\/\"}},{\"@type\":\"Person\",\"@id\":\"https:\/\/siemysli-ke.info\/#\/schema\/person\/048295918d7858e90e57d1a2c2b5da74\",\"name\":\"admin\",\"image\":{\"@type\":\"ImageObject\",\"inLanguage\":\"en-US\",\"@id\":\"https:\/\/siemysli-ke.info\/en\/#\/schema\/person\/image\/\",\"url\":\"https:\/\/secure.gravatar.com\/avatar\/9acf729117e1cff813c07ba085b25a76702049ffb5efe3425388cd1a019577de?s=96&d=mm&r=g\",\"contentUrl\":\"https:\/\/secure.gravatar.com\/avatar\/9acf729117e1cff813c07ba085b25a76702049ffb5efe3425388cd1a019577de?s=96&d=mm&r=g\",\"caption\":\"admin\"},\"url\":\"https:\/\/siemysli-ke.info\/en\/author\/admin\/\"}]}<\/script>\n<!-- \/ Yoast SEO plugin. -->","yoast_head_json":{"title":"Zielona komedia - SI\u0118 MY\u015aLI","robots":{"index":"index","follow":"follow","max-snippet":"max-snippet:-1","max-image-preview":"max-image-preview:large","max-video-preview":"max-video-preview:-1"},"canonical":"https:\/\/siemysli-ke.info\/en\/zielona-komedia\/","og_locale":"en_US","og_type":"article","og_title":"Zielona komedia - SI\u0118 MY\u015aLI","og_description":"Od redakcji: Do teren\u00f3w zielonych Lublin nie ma szcz\u0119\u015bcia od lat 70. XX w. Na planie miasta z czas\u00f3w dekady","og_url":"https:\/\/siemysli-ke.info\/en\/zielona-komedia\/","og_site_name":"SI\u0118 MY\u015aLI","article_published_time":"2012-03-07T18:24:51+00:00","article_modified_time":"2013-11-02T20:20:46+00:00","og_image":[{"url":"http:\/\/www.bezjarzmowie.info.ke\/test\/wp-content\/uploads\/2012\/03\/100_6072-225x300.jpg","type":"","width":"","height":""}],"author":"admin","twitter_misc":{"Written by":"admin","Est. reading time":"6 minutes"},"schema":{"@context":"https:\/\/schema.org","@graph":[{"@type":"Article","@id":"https:\/\/siemysli-ke.info\/en\/zielona-komedia\/#article","isPartOf":{"@id":"https:\/\/siemysli-ke.info\/en\/zielona-komedia\/"},"author":{"name":"admin","@id":"https:\/\/siemysli-ke.info\/#\/schema\/person\/048295918d7858e90e57d1a2c2b5da74"},"headline":"Zielona komedia","datePublished":"2012-03-07T18:24:51+00:00","dateModified":"2013-11-02T20:20:46+00:00","mainEntityOfPage":{"@id":"https:\/\/siemysli-ke.info\/en\/zielona-komedia\/"},"wordCount":1117,"commentCount":0,"publisher":{"@id":"https:\/\/siemysli-ke.info\/#organization"},"image":{"@id":"https:\/\/siemysli-ke.info\/en\/zielona-komedia\/#primaryimage"},"thumbnailUrl":"http:\/\/www.bezjarzmowie.info.ke\/test\/wp-content\/uploads\/2012\/03\/100_6072-225x300.jpg","articleSection":["Inne"],"inLanguage":"en-US","potentialAction":[{"@type":"CommentAction","name":"Comment","target":["https:\/\/siemysli-ke.info\/en\/zielona-komedia\/#respond"]}]},{"@type":"WebPage","@id":"https:\/\/siemysli-ke.info\/en\/zielona-komedia\/","url":"https:\/\/siemysli-ke.info\/en\/zielona-komedia\/","name":"Zielona komedia - SI\u0118 MY\u015aLI","isPartOf":{"@id":"https:\/\/siemysli-ke.info\/en\/#website"},"primaryImageOfPage":{"@id":"https:\/\/siemysli-ke.info\/en\/zielona-komedia\/#primaryimage"},"image":{"@id":"https:\/\/siemysli-ke.info\/en\/zielona-komedia\/#primaryimage"},"thumbnailUrl":"http:\/\/www.bezjarzmowie.info.ke\/test\/wp-content\/uploads\/2012\/03\/100_6072-225x300.jpg","datePublished":"2012-03-07T18:24:51+00:00","dateModified":"2013-11-02T20:20:46+00:00","breadcrumb":{"@id":"https:\/\/siemysli-ke.info\/en\/zielona-komedia\/#breadcrumb"},"inLanguage":"en-US","potentialAction":[{"@type":"ReadAction","target":[["https:\/\/siemysli-ke.info\/en\/zielona-komedia\/"]]}]},{"@type":"ImageObject","inLanguage":"en-US","@id":"https:\/\/siemysli-ke.info\/en\/zielona-komedia\/#primaryimage","url":"http:\/\/www.bezjarzmowie.info.ke\/test\/wp-content\/uploads\/2012\/03\/100_6072-225x300.jpg","contentUrl":"http:\/\/www.bezjarzmowie.info.ke\/test\/wp-content\/uploads\/2012\/03\/100_6072-225x300.jpg"},{"@type":"BreadcrumbList","@id":"https:\/\/siemysli-ke.info\/en\/zielona-komedia\/#breadcrumb","itemListElement":[{"@type":"ListItem","position":1,"name":"Home","item":"https:\/\/siemysli-ke.info\/en\/"},{"@type":"ListItem","position":2,"name":"Zielona komedia"}]},{"@type":"WebSite","@id":"https:\/\/siemysli-ke.info\/en\/#website","url":"https:\/\/siemysli-ke.info\/en\/","name":"SI\u0118 MY\u015aLI","description":"","publisher":{"@id":"https:\/\/siemysli-ke.info\/en\/#organization"},"potentialAction":[{"@type":"SearchAction","target":{"@type":"EntryPoint","urlTemplate":"https:\/\/siemysli-ke.info\/en\/?s={search_term_string}"},"query-input":{"@type":"PropertyValueSpecification","valueRequired":true,"valueName":"search_term_string"}}],"inLanguage":"en-US"},{"@type":"Organization","@id":"https:\/\/siemysli-ke.info\/en\/#organization","name":"SI\u0118 MY\u015aLI","url":"https:\/\/siemysli-ke.info\/en\/","logo":{"@type":"ImageObject","inLanguage":"en-US","@id":"https:\/\/siemysli-ke.info\/en\/#\/schema\/logo\/image\/","url":"https:\/\/siemysli-ke.info\/wp-content\/uploads\/2025\/05\/99.png","contentUrl":"https:\/\/siemysli-ke.info\/wp-content\/uploads\/2025\/05\/99.png","width":270,"height":204,"caption":"SI\u0118 MY\u015aLI"},"image":{"@id":"https:\/\/siemysli-ke.info\/en\/#\/schema\/logo\/image\/"}},{"@type":"Person","@id":"https:\/\/siemysli-ke.info\/#\/schema\/person\/048295918d7858e90e57d1a2c2b5da74","name":"admin","image":{"@type":"ImageObject","inLanguage":"en-US","@id":"https:\/\/siemysli-ke.info\/en\/#\/schema\/person\/image\/","url":"https:\/\/secure.gravatar.com\/avatar\/9acf729117e1cff813c07ba085b25a76702049ffb5efe3425388cd1a019577de?s=96&d=mm&r=g","contentUrl":"https:\/\/secure.gravatar.com\/avatar\/9acf729117e1cff813c07ba085b25a76702049ffb5efe3425388cd1a019577de?s=96&d=mm&r=g","caption":"admin"},"url":"https:\/\/siemysli-ke.info\/en\/author\/admin\/"}]}},"_links":{"self":[{"href":"https:\/\/siemysli-ke.info\/en\/wp-json\/wp\/v2\/posts\/3630","targetHints":{"allow":["GET"]}}],"collection":[{"href":"https:\/\/siemysli-ke.info\/en\/wp-json\/wp\/v2\/posts"}],"about":[{"href":"https:\/\/siemysli-ke.info\/en\/wp-json\/wp\/v2\/types\/post"}],"author":[{"embeddable":true,"href":"https:\/\/siemysli-ke.info\/en\/wp-json\/wp\/v2\/users\/1"}],"replies":[{"embeddable":true,"href":"https:\/\/siemysli-ke.info\/en\/wp-json\/wp\/v2\/comments?post=3630"}],"version-history":[{"count":0,"href":"https:\/\/siemysli-ke.info\/en\/wp-json\/wp\/v2\/posts\/3630\/revisions"}],"wp:attachment":[{"href":"https:\/\/siemysli-ke.info\/en\/wp-json\/wp\/v2\/media?parent=3630"}],"wp:term":[{"taxonomy":"category","embeddable":true,"href":"https:\/\/siemysli-ke.info\/en\/wp-json\/wp\/v2\/categories?post=3630"},{"taxonomy":"post_tag","embeddable":true,"href":"https:\/\/siemysli-ke.info\/en\/wp-json\/wp\/v2\/tags?post=3630"}],"curies":[{"name":"wp","href":"https:\/\/api.w.org\/{rel}","templated":true}]}}