 {"id":35487,"date":"2020-03-24T19:21:51","date_gmt":"2020-03-24T18:21:51","guid":{"rendered":"http:\/\/www.siemysli.info.ke\/?p=35487"},"modified":"2020-03-24T19:21:51","modified_gmt":"2020-03-24T18:21:51","slug":"nazisci-we-wspolczesnych-niemczech-3-2","status":"publish","type":"post","link":"https:\/\/siemysli-ke.info\/en\/nazisci-we-wspolczesnych-niemczech-3-2\/","title":{"rendered":"(Polski) Nazi\u015bci we wsp\u00f3\u0142czesnych Niemczech (3)"},"content":{"rendered":"<p class=\"qtranxs-available-languages-message qtranxs-available-languages-message-en\">Sorry, this entry is only available in <a href=\"https:\/\/siemysli-ke.info\/pl\/wp-json\/wp\/v2\/posts\/35487\" class=\"qtranxs-available-language-link qtranxs-available-language-link-pl\" title=\"Polski\">Polski<\/a>.<\/p>","protected":false},"excerpt":{"rendered":"<p>Sorry, this entry is only available in Polski.<\/p>\n","protected":false},"author":3,"featured_media":35488,"comment_status":"open","ping_status":"open","sticky":false,"template":"","format":"standard","meta":{"colormag_page_layout":"default_layout","footnotes":""},"categories":[6],"tags":[17197,17201,17199,17198,17196,4233,17200,17190,17195,17192,202,17191,5760,17193,17189,17194],"class_list":["post-35487","post","type-post","status-publish","format-standard","has-post-thumbnail","hentry","category-ue","tag-racial-volunteer-force","tag-rock-against-communism","tag-screwdriver","tag-blood-honour-bh","tag-charlie-sargent","tag-combat-18","tag-ian-stuart-donaldson","tag-pomnik-powstania-w-getcie-warszawskim","tag-reunion-28","tag-robin-schmiemann","tag-roman-boryczko","tag-stanley-roske","tag-tunezyjczyk","tag-willy-brandt","tag-wystawa-zbrodnie-wehrmachtu","tag-zamach-na-pociag-newski-expres"],"yoast_head":"<!-- This site is optimized with the Yoast SEO plugin v25.1 - https:\/\/yoast.com\/wordpress\/plugins\/seo\/ -->\n<title>(Polski) Nazi\u015bci we wsp\u00f3\u0142czesnych Niemczech (3) - SI\u0118 MY\u015aLI<\/title>\n<meta name=\"robots\" content=\"index, follow, max-snippet:-1, max-image-preview:large, max-video-preview:-1\" \/>\n<link rel=\"canonical\" href=\"https:\/\/siemysli-ke.info\/en\/nazisci-we-wspolczesnych-niemczech-3-2\/\" \/>\n<meta property=\"og:locale\" content=\"en_US\" \/>\n<meta property=\"og:type\" content=\"article\" \/>\n<meta property=\"og:title\" content=\"(Polski) Nazi\u015bci we wsp\u00f3\u0142czesnych Niemczech (3) - SI\u0118 MY\u015aLI\" \/>\n<meta property=\"og:description\" content=\"Sorry, this entry is only available in Polski.\" \/>\n<meta property=\"og:url\" content=\"https:\/\/siemysli-ke.info\/en\/nazisci-we-wspolczesnych-niemczech-3-2\/\" \/>\n<meta property=\"og:site_name\" content=\"SI\u0118 MY\u015aLI\" \/>\n<meta property=\"article:published_time\" content=\"2020-03-24T18:21:51+00:00\" \/>\n<meta property=\"og:image\" content=\"https:\/\/siemysli-ke.info\/wp-content\/uploads\/2020\/03\/Brandt.jpg\" \/>\n\t<meta property=\"og:image:width\" content=\"700\" \/>\n\t<meta property=\"og:image:height\" content=\"380\" \/>\n\t<meta property=\"og:image:type\" content=\"image\/jpeg\" \/>\n<meta name=\"author\" content=\"...\" \/>\n<meta name=\"twitter:label1\" content=\"Written by\" \/>\n\t<meta name=\"twitter:data1\" content=\"...\" \/>\n\t<meta name=\"twitter:label2\" content=\"Est. reading time\" \/>\n\t<meta name=\"twitter:data2\" content=\"5 minutes\" \/>\n<script type=\"application\/ld+json\" class=\"yoast-schema-graph\">{\"@context\":\"https:\/\/schema.org\",\"@graph\":[{\"@type\":\"Article\",\"@id\":\"https:\/\/siemysli-ke.info\/en\/nazisci-we-wspolczesnych-niemczech-3-2\/#article\",\"isPartOf\":{\"@id\":\"https:\/\/siemysli-ke.info\/en\/nazisci-we-wspolczesnych-niemczech-3-2\/\"},\"author\":{\"name\":\"...\",\"@id\":\"https:\/\/siemysli-ke.info\/#\/schema\/person\/75326687448d6abf738b156f56385210\"},\"headline\":\"(Polski) Nazi\u015bci we wsp\u00f3\u0142czesnych Niemczech (3)\",\"datePublished\":\"2020-03-24T18:21:51+00:00\",\"mainEntityOfPage\":{\"@id\":\"https:\/\/siemysli-ke.info\/en\/nazisci-we-wspolczesnych-niemczech-3-2\/\"},\"wordCount\":1005,\"commentCount\":0,\"publisher\":{\"@id\":\"https:\/\/siemysli-ke.info\/#organization\"},\"image\":{\"@id\":\"https:\/\/siemysli-ke.info\/en\/nazisci-we-wspolczesnych-niemczech-3-2\/#primaryimage\"},\"thumbnailUrl\":\"https:\/\/siemysli-ke.info\/wp-content\/uploads\/2020\/03\/Brandt.jpg\",\"keywords\":[\"\\\"Racial Volunteer Force\\\"\",\"\\\"ROCK AGAINST COMMUNISM\\\"\",\"\\\"Screwdriver\\\"\",\"Blood &amp; Honour (B&amp;H)\",\"Charlie Sargent\",\"Combat 18\",\"Ian Stuart Donaldson\",\"pomnik Powstania w Getcie Warszawskim\",\"Reunion 28\",\"Robin Schmiemann\",\"Roman Boryczko\",\"Stanley R\u00f6ske\",\"Tunezyjczyk\",\"Willy Brandt\",\"wystawa \u201eZbrodnie Wehrmachtu\u201d\",\"zamach na\u00a0poci\u0105g \\\"Newski-Expres\\\"\"],\"articleSection\":[\"Unia Europejska\"],\"inLanguage\":\"en-US\",\"potentialAction\":[{\"@type\":\"CommentAction\",\"name\":\"Comment\",\"target\":[\"https:\/\/siemysli-ke.info\/en\/nazisci-we-wspolczesnych-niemczech-3-2\/#respond\"]}]},{\"@type\":\"WebPage\",\"@id\":\"https:\/\/siemysli-ke.info\/en\/nazisci-we-wspolczesnych-niemczech-3-2\/\",\"url\":\"https:\/\/siemysli-ke.info\/en\/nazisci-we-wspolczesnych-niemczech-3-2\/\",\"name\":\"(Polski) Nazi\u015bci we wsp\u00f3\u0142czesnych Niemczech (3) - SI\u0118 MY\u015aLI\",\"isPartOf\":{\"@id\":\"https:\/\/siemysli-ke.info\/en\/#website\"},\"primaryImageOfPage\":{\"@id\":\"https:\/\/siemysli-ke.info\/en\/nazisci-we-wspolczesnych-niemczech-3-2\/#primaryimage\"},\"image\":{\"@id\":\"https:\/\/siemysli-ke.info\/en\/nazisci-we-wspolczesnych-niemczech-3-2\/#primaryimage\"},\"thumbnailUrl\":\"https:\/\/siemysli-ke.info\/wp-content\/uploads\/2020\/03\/Brandt.jpg\",\"datePublished\":\"2020-03-24T18:21:51+00:00\",\"breadcrumb\":{\"@id\":\"https:\/\/siemysli-ke.info\/en\/nazisci-we-wspolczesnych-niemczech-3-2\/#breadcrumb\"},\"inLanguage\":\"en-US\",\"potentialAction\":[{\"@type\":\"ReadAction\",\"target\":[[\"https:\/\/siemysli-ke.info\/en\/nazisci-we-wspolczesnych-niemczech-3-2\/\"]]}]},{\"@type\":\"ImageObject\",\"inLanguage\":\"en-US\",\"@id\":\"https:\/\/siemysli-ke.info\/en\/nazisci-we-wspolczesnych-niemczech-3-2\/#primaryimage\",\"url\":\"https:\/\/siemysli-ke.info\/wp-content\/uploads\/2020\/03\/Brandt.jpg\",\"contentUrl\":\"https:\/\/siemysli-ke.info\/wp-content\/uploads\/2020\/03\/Brandt.jpg\",\"width\":700,\"height\":380},{\"@type\":\"BreadcrumbList\",\"@id\":\"https:\/\/siemysli-ke.info\/en\/nazisci-we-wspolczesnych-niemczech-3-2\/#breadcrumb\",\"itemListElement\":[{\"@type\":\"ListItem\",\"position\":1,\"name\":\"Home\",\"item\":\"https:\/\/siemysli-ke.info\/en\/\"},{\"@type\":\"ListItem\",\"position\":2,\"name\":\"(Polski) Nazi\u015bci we wsp\u00f3\u0142czesnych Niemczech (3)\"}]},{\"@type\":\"WebSite\",\"@id\":\"https:\/\/siemysli-ke.info\/en\/#website\",\"url\":\"https:\/\/siemysli-ke.info\/en\/\",\"name\":\"SI\u0118 MY\u015aLI\",\"description\":\"\",\"publisher\":{\"@id\":\"https:\/\/siemysli-ke.info\/en\/#organization\"},\"potentialAction\":[{\"@type\":\"SearchAction\",\"target\":{\"@type\":\"EntryPoint\",\"urlTemplate\":\"https:\/\/siemysli-ke.info\/en\/?s={search_term_string}\"},\"query-input\":{\"@type\":\"PropertyValueSpecification\",\"valueRequired\":true,\"valueName\":\"search_term_string\"}}],\"inLanguage\":\"en-US\"},{\"@type\":\"Organization\",\"@id\":\"https:\/\/siemysli-ke.info\/en\/#organization\",\"name\":\"SI\u0118 MY\u015aLI\",\"url\":\"https:\/\/siemysli-ke.info\/en\/\",\"logo\":{\"@type\":\"ImageObject\",\"inLanguage\":\"en-US\",\"@id\":\"https:\/\/siemysli-ke.info\/en\/#\/schema\/logo\/image\/\",\"url\":\"https:\/\/siemysli-ke.info\/wp-content\/uploads\/2025\/05\/99.png\",\"contentUrl\":\"https:\/\/siemysli-ke.info\/wp-content\/uploads\/2025\/05\/99.png\",\"width\":270,\"height\":204,\"caption\":\"SI\u0118 MY\u015aLI\"},\"image\":{\"@id\":\"https:\/\/siemysli-ke.info\/en\/#\/schema\/logo\/image\/\"}},{\"@type\":\"Person\",\"@id\":\"https:\/\/siemysli-ke.info\/#\/schema\/person\/75326687448d6abf738b156f56385210\",\"name\":\"...\",\"image\":{\"@type\":\"ImageObject\",\"inLanguage\":\"en-US\",\"@id\":\"https:\/\/siemysli-ke.info\/en\/#\/schema\/person\/image\/\",\"url\":\"https:\/\/secure.gravatar.com\/avatar\/33a3c2559155e1b4add65cf88cafda785aeb920f44b97c7055b07866ab5b13c2?s=96&d=mm&r=g\",\"contentUrl\":\"https:\/\/secure.gravatar.com\/avatar\/33a3c2559155e1b4add65cf88cafda785aeb920f44b97c7055b07866ab5b13c2?s=96&d=mm&r=g\",\"caption\":\"...\"},\"url\":\"https:\/\/siemysli-ke.info\/en\/author\/lele\/\"}]}<\/script>\n<!-- \/ Yoast SEO plugin. -->","yoast_head_json":{"title":"(Polski) Nazi\u015bci we wsp\u00f3\u0142czesnych Niemczech (3) - SI\u0118 MY\u015aLI","robots":{"index":"index","follow":"follow","max-snippet":"max-snippet:-1","max-image-preview":"max-image-preview:large","max-video-preview":"max-video-preview:-1"},"canonical":"https:\/\/siemysli-ke.info\/en\/nazisci-we-wspolczesnych-niemczech-3-2\/","og_locale":"en_US","og_type":"article","og_title":"(Polski) Nazi\u015bci we wsp\u00f3\u0142czesnych Niemczech (3) - SI\u0118 MY\u015aLI","og_description":"Sorry, this entry is only available in Polski.","og_url":"https:\/\/siemysli-ke.info\/en\/nazisci-we-wspolczesnych-niemczech-3-2\/","og_site_name":"SI\u0118 MY\u015aLI","article_published_time":"2020-03-24T18:21:51+00:00","og_image":[{"width":700,"height":380,"url":"https:\/\/siemysli-ke.info\/wp-content\/uploads\/2020\/03\/Brandt.jpg","type":"image\/jpeg"}],"author":"...","twitter_misc":{"Written by":"...","Est. reading time":"5 minutes"},"schema":{"@context":"https:\/\/schema.org","@graph":[{"@type":"Article","@id":"https:\/\/siemysli-ke.info\/en\/nazisci-we-wspolczesnych-niemczech-3-2\/#article","isPartOf":{"@id":"https:\/\/siemysli-ke.info\/en\/nazisci-we-wspolczesnych-niemczech-3-2\/"},"author":{"name":"...","@id":"https:\/\/siemysli-ke.info\/#\/schema\/person\/75326687448d6abf738b156f56385210"},"headline":"(Polski) Nazi\u015bci we wsp\u00f3\u0142czesnych Niemczech (3)","datePublished":"2020-03-24T18:21:51+00:00","mainEntityOfPage":{"@id":"https:\/\/siemysli-ke.info\/en\/nazisci-we-wspolczesnych-niemczech-3-2\/"},"wordCount":1005,"commentCount":0,"publisher":{"@id":"https:\/\/siemysli-ke.info\/#organization"},"image":{"@id":"https:\/\/siemysli-ke.info\/en\/nazisci-we-wspolczesnych-niemczech-3-2\/#primaryimage"},"thumbnailUrl":"https:\/\/siemysli-ke.info\/wp-content\/uploads\/2020\/03\/Brandt.jpg","keywords":["\"Racial Volunteer Force\"","\"ROCK AGAINST COMMUNISM\"","\"Screwdriver\"","Blood &amp; Honour (B&amp;H)","Charlie Sargent","Combat 18","Ian Stuart Donaldson","pomnik Powstania w Getcie Warszawskim","Reunion 28","Robin Schmiemann","Roman Boryczko","Stanley R\u00f6ske","Tunezyjczyk","Willy Brandt","wystawa \u201eZbrodnie Wehrmachtu\u201d","zamach na\u00a0poci\u0105g \"Newski-Expres\""],"articleSection":["Unia Europejska"],"inLanguage":"en-US","potentialAction":[{"@type":"CommentAction","name":"Comment","target":["https:\/\/siemysli-ke.info\/en\/nazisci-we-wspolczesnych-niemczech-3-2\/#respond"]}]},{"@type":"WebPage","@id":"https:\/\/siemysli-ke.info\/en\/nazisci-we-wspolczesnych-niemczech-3-2\/","url":"https:\/\/siemysli-ke.info\/en\/nazisci-we-wspolczesnych-niemczech-3-2\/","name":"(Polski) Nazi\u015bci we wsp\u00f3\u0142czesnych Niemczech (3) - SI\u0118 MY\u015aLI","isPartOf":{"@id":"https:\/\/siemysli-ke.info\/en\/#website"},"primaryImageOfPage":{"@id":"https:\/\/siemysli-ke.info\/en\/nazisci-we-wspolczesnych-niemczech-3-2\/#primaryimage"},"image":{"@id":"https:\/\/siemysli-ke.info\/en\/nazisci-we-wspolczesnych-niemczech-3-2\/#primaryimage"},"thumbnailUrl":"https:\/\/siemysli-ke.info\/wp-content\/uploads\/2020\/03\/Brandt.jpg","datePublished":"2020-03-24T18:21:51+00:00","breadcrumb":{"@id":"https:\/\/siemysli-ke.info\/en\/nazisci-we-wspolczesnych-niemczech-3-2\/#breadcrumb"},"inLanguage":"en-US","potentialAction":[{"@type":"ReadAction","target":[["https:\/\/siemysli-ke.info\/en\/nazisci-we-wspolczesnych-niemczech-3-2\/"]]}]},{"@type":"ImageObject","inLanguage":"en-US","@id":"https:\/\/siemysli-ke.info\/en\/nazisci-we-wspolczesnych-niemczech-3-2\/#primaryimage","url":"https:\/\/siemysli-ke.info\/wp-content\/uploads\/2020\/03\/Brandt.jpg","contentUrl":"https:\/\/siemysli-ke.info\/wp-content\/uploads\/2020\/03\/Brandt.jpg","width":700,"height":380},{"@type":"BreadcrumbList","@id":"https:\/\/siemysli-ke.info\/en\/nazisci-we-wspolczesnych-niemczech-3-2\/#breadcrumb","itemListElement":[{"@type":"ListItem","position":1,"name":"Home","item":"https:\/\/siemysli-ke.info\/en\/"},{"@type":"ListItem","position":2,"name":"(Polski) Nazi\u015bci we wsp\u00f3\u0142czesnych Niemczech (3)"}]},{"@type":"WebSite","@id":"https:\/\/siemysli-ke.info\/en\/#website","url":"https:\/\/siemysli-ke.info\/en\/","name":"SI\u0118 MY\u015aLI","description":"","publisher":{"@id":"https:\/\/siemysli-ke.info\/en\/#organization"},"potentialAction":[{"@type":"SearchAction","target":{"@type":"EntryPoint","urlTemplate":"https:\/\/siemysli-ke.info\/en\/?s={search_term_string}"},"query-input":{"@type":"PropertyValueSpecification","valueRequired":true,"valueName":"search_term_string"}}],"inLanguage":"en-US"},{"@type":"Organization","@id":"https:\/\/siemysli-ke.info\/en\/#organization","name":"SI\u0118 MY\u015aLI","url":"https:\/\/siemysli-ke.info\/en\/","logo":{"@type":"ImageObject","inLanguage":"en-US","@id":"https:\/\/siemysli-ke.info\/en\/#\/schema\/logo\/image\/","url":"https:\/\/siemysli-ke.info\/wp-content\/uploads\/2025\/05\/99.png","contentUrl":"https:\/\/siemysli-ke.info\/wp-content\/uploads\/2025\/05\/99.png","width":270,"height":204,"caption":"SI\u0118 MY\u015aLI"},"image":{"@id":"https:\/\/siemysli-ke.info\/en\/#\/schema\/logo\/image\/"}},{"@type":"Person","@id":"https:\/\/siemysli-ke.info\/#\/schema\/person\/75326687448d6abf738b156f56385210","name":"...","image":{"@type":"ImageObject","inLanguage":"en-US","@id":"https:\/\/siemysli-ke.info\/en\/#\/schema\/person\/image\/","url":"https:\/\/secure.gravatar.com\/avatar\/33a3c2559155e1b4add65cf88cafda785aeb920f44b97c7055b07866ab5b13c2?s=96&d=mm&r=g","contentUrl":"https:\/\/secure.gravatar.com\/avatar\/33a3c2559155e1b4add65cf88cafda785aeb920f44b97c7055b07866ab5b13c2?s=96&d=mm&r=g","caption":"..."},"url":"https:\/\/siemysli-ke.info\/en\/author\/lele\/"}]}},"_links":{"self":[{"href":"https:\/\/siemysli-ke.info\/en\/wp-json\/wp\/v2\/posts\/35487","targetHints":{"allow":["GET"]}}],"collection":[{"href":"https:\/\/siemysli-ke.info\/en\/wp-json\/wp\/v2\/posts"}],"about":[{"href":"https:\/\/siemysli-ke.info\/en\/wp-json\/wp\/v2\/types\/post"}],"author":[{"embeddable":true,"href":"https:\/\/siemysli-ke.info\/en\/wp-json\/wp\/v2\/users\/3"}],"replies":[{"embeddable":true,"href":"https:\/\/siemysli-ke.info\/en\/wp-json\/wp\/v2\/comments?post=35487"}],"version-history":[{"count":0,"href":"https:\/\/siemysli-ke.info\/en\/wp-json\/wp\/v2\/posts\/35487\/revisions"}],"wp:featuredmedia":[{"embeddable":true,"href":"https:\/\/siemysli-ke.info\/en\/wp-json\/wp\/v2\/media\/35488"}],"wp:attachment":[{"href":"https:\/\/siemysli-ke.info\/en\/wp-json\/wp\/v2\/media?parent=35487"}],"wp:term":[{"taxonomy":"category","embeddable":true,"href":"https:\/\/siemysli-ke.info\/en\/wp-json\/wp\/v2\/categories?post=35487"},{"taxonomy":"post_tag","embeddable":true,"href":"https:\/\/siemysli-ke.info\/en\/wp-json\/wp\/v2\/tags?post=35487"}],"curies":[{"name":"wp","href":"https:\/\/api.w.org\/{rel}","templated":true}]}}