 {"id":34162,"date":"2019-09-02T11:57:19","date_gmt":"2019-09-02T09:57:19","guid":{"rendered":"http:\/\/www.siemysli.info.ke\/?p=34162"},"modified":"2019-09-02T11:57:19","modified_gmt":"2019-09-02T09:57:19","slug":"80-rocznica-bestialskiego-ataku-niemiec-na-polske-po-co-szczuropolacy-maja-o-tym-pamietac","status":"publish","type":"post","link":"https:\/\/siemysli-ke.info\/en\/80-rocznica-bestialskiego-ataku-niemiec-na-polske-po-co-szczuropolacy-maja-o-tym-pamietac\/","title":{"rendered":"(Polski) 80. rocznica bestialskiego ataku Niemiec na Polsk\u0119 &#8211; po co \u201eSzczuropolacy\u201d maj\u0105 o tym pami\u0119ta\u0107?"},"content":{"rendered":"<p class=\"qtranxs-available-languages-message qtranxs-available-languages-message-en\">Sorry, this entry is only available in <a href=\"https:\/\/siemysli-ke.info\/pl\/wp-json\/wp\/v2\/posts\/34162\" class=\"qtranxs-available-language-link qtranxs-available-language-link-pl\" title=\"Polski\">Polski<\/a>.<\/p>","protected":false},"excerpt":{"rendered":"<p>Sorry, this entry is only available in Polski.<\/p>\n","protected":false},"author":3,"featured_media":34163,"comment_status":"open","ping_status":"open","sticky":false,"template":"","format":"standard","meta":{"colormag_page_layout":"default_layout","footnotes":""},"categories":[81],"tags":[15652,14068,89,262,15644,15646,15643,92,15648,15651,15642,202,15647,10119,15650,15649,15645],"class_list":["post-34162","post","type-post","status-publish","format-standard","has-post-thumbnail","hentry","category-rzeczpospolita","tag-80-rocznica-ataku-niemiec-na-polske","tag-aleksandra-dulkiewicz","tag-breaking","tag-donald-tusk","tag-edward-cwierz","tag-europejczycy-z-nadbaltyckiego-zascianka","tag-fundacja-pojednanie","tag-headline","tag-kibole-lechii-gdansk","tag-obchody-porozumien-sierpniowych-roku-1980","tag-pomnik-obroncow-wybrzeza-na-westerplatte","tag-roman-boryczko","tag-rondo-graniczne-wolne-miasto-gdansk-rzeczpospolita-polska-1920-1939","tag-rudolf-hess","tag-stowarzyszenie-przyjaciol-dzielnicy-kokoszki","tag-wiceprezydent-gdanska-piotr-grzelak","tag-zielona-brama"],"yoast_head":"<!-- This site is optimized with the Yoast SEO plugin v25.1 - https:\/\/yoast.com\/wordpress\/plugins\/seo\/ -->\n<title>(Polski) 80. rocznica bestialskiego ataku Niemiec na Polsk\u0119 - po co \u201eSzczuropolacy\u201d maj\u0105 o tym pami\u0119ta\u0107? - SI\u0118 MY\u015aLI<\/title>\n<meta name=\"robots\" content=\"index, follow, max-snippet:-1, max-image-preview:large, max-video-preview:-1\" \/>\n<link rel=\"canonical\" href=\"https:\/\/siemysli-ke.info\/en\/80-rocznica-bestialskiego-ataku-niemiec-na-polske-po-co-szczuropolacy-maja-o-tym-pamietac\/\" \/>\n<meta property=\"og:locale\" content=\"en_US\" \/>\n<meta property=\"og:type\" content=\"article\" \/>\n<meta property=\"og:title\" content=\"(Polski) 80. rocznica bestialskiego ataku Niemiec na Polsk\u0119 - po co \u201eSzczuropolacy\u201d maj\u0105 o tym pami\u0119ta\u0107? - SI\u0118 MY\u015aLI\" \/>\n<meta property=\"og:description\" content=\"Sorry, this entry is only available in Polski.\" \/>\n<meta property=\"og:url\" content=\"https:\/\/siemysli-ke.info\/en\/80-rocznica-bestialskiego-ataku-niemiec-na-polske-po-co-szczuropolacy-maja-o-tym-pamietac\/\" \/>\n<meta property=\"og:site_name\" content=\"SI\u0118 MY\u015aLI\" \/>\n<meta property=\"article:published_time\" content=\"2019-09-02T09:57:19+00:00\" \/>\n<meta property=\"og:image\" content=\"https:\/\/siemysli-ke.info\/wp-content\/uploads\/2019\/09\/Rondo.jpeg\" \/>\n\t<meta property=\"og:image:width\" content=\"800\" \/>\n\t<meta property=\"og:image:height\" content=\"533\" \/>\n\t<meta property=\"og:image:type\" content=\"image\/jpeg\" \/>\n<meta name=\"author\" content=\"...\" \/>\n<meta name=\"twitter:label1\" content=\"Written by\" \/>\n\t<meta name=\"twitter:data1\" content=\"...\" \/>\n\t<meta name=\"twitter:label2\" content=\"Est. reading time\" \/>\n\t<meta name=\"twitter:data2\" content=\"3 minutes\" \/>\n<script type=\"application\/ld+json\" class=\"yoast-schema-graph\">{\"@context\":\"https:\/\/schema.org\",\"@graph\":[{\"@type\":\"Article\",\"@id\":\"https:\/\/siemysli-ke.info\/en\/80-rocznica-bestialskiego-ataku-niemiec-na-polske-po-co-szczuropolacy-maja-o-tym-pamietac\/#article\",\"isPartOf\":{\"@id\":\"https:\/\/siemysli-ke.info\/en\/80-rocznica-bestialskiego-ataku-niemiec-na-polske-po-co-szczuropolacy-maja-o-tym-pamietac\/\"},\"author\":{\"name\":\"...\",\"@id\":\"https:\/\/siemysli-ke.info\/#\/schema\/person\/75326687448d6abf738b156f56385210\"},\"headline\":\"(Polski) 80. rocznica bestialskiego ataku Niemiec na Polsk\u0119 &#8211; po co \u201eSzczuropolacy\u201d maj\u0105 o tym pami\u0119ta\u0107?\",\"datePublished\":\"2019-09-02T09:57:19+00:00\",\"mainEntityOfPage\":{\"@id\":\"https:\/\/siemysli-ke.info\/en\/80-rocznica-bestialskiego-ataku-niemiec-na-polske-po-co-szczuropolacy-maja-o-tym-pamietac\/\"},\"wordCount\":649,\"commentCount\":0,\"publisher\":{\"@id\":\"https:\/\/siemysli-ke.info\/#organization\"},\"image\":{\"@id\":\"https:\/\/siemysli-ke.info\/en\/80-rocznica-bestialskiego-ataku-niemiec-na-polske-po-co-szczuropolacy-maja-o-tym-pamietac\/#primaryimage\"},\"thumbnailUrl\":\"https:\/\/siemysli-ke.info\/wp-content\/uploads\/2019\/09\/Rondo.jpeg\",\"keywords\":[\"80. rocznica ataku Niemiec na Polsk\u0119\",\"Aleksandra Dulkiewicz\",\"breaking\",\"Donald Tusk\",\"Edward \u0106wierz\",\"Europejczycy z nadba\u0142tyckiego za\u015bcianka\",\"Fundacja \\\"Pojednanie\\\"\",\"headline\",\"kibole \\\"Lechii\\\" Gda\u0144sk\",\"obchody Porozumie\u0144 Sierpniowych roku 1980\",\"pomnik Obro\u0144c\u00f3w Wybrze\u017ca na Westerplatte\",\"Roman Boryczko\",\"Rondo Graniczne Wolne Miasto Gda\u0144sk \u2013 Rzeczpospolita Polska (1920-1939)\",\"Rudolf Hess\",\"Stowarzyszenie Przyjaci\u00f3\u0142 Dzielnicy Kokoszki\",\"wiceprezydent Gda\u0144ska - Piotr Grzelak\",\"Zielona Brama\"],\"articleSection\":[\"Rzeczypospolita\"],\"inLanguage\":\"en-US\",\"potentialAction\":[{\"@type\":\"CommentAction\",\"name\":\"Comment\",\"target\":[\"https:\/\/siemysli-ke.info\/en\/80-rocznica-bestialskiego-ataku-niemiec-na-polske-po-co-szczuropolacy-maja-o-tym-pamietac\/#respond\"]}]},{\"@type\":\"WebPage\",\"@id\":\"https:\/\/siemysli-ke.info\/en\/80-rocznica-bestialskiego-ataku-niemiec-na-polske-po-co-szczuropolacy-maja-o-tym-pamietac\/\",\"url\":\"https:\/\/siemysli-ke.info\/en\/80-rocznica-bestialskiego-ataku-niemiec-na-polske-po-co-szczuropolacy-maja-o-tym-pamietac\/\",\"name\":\"(Polski) 80. rocznica bestialskiego ataku Niemiec na Polsk\u0119 - po co \u201eSzczuropolacy\u201d maj\u0105 o tym pami\u0119ta\u0107? - SI\u0118 MY\u015aLI\",\"isPartOf\":{\"@id\":\"https:\/\/siemysli-ke.info\/en\/#website\"},\"primaryImageOfPage\":{\"@id\":\"https:\/\/siemysli-ke.info\/en\/80-rocznica-bestialskiego-ataku-niemiec-na-polske-po-co-szczuropolacy-maja-o-tym-pamietac\/#primaryimage\"},\"image\":{\"@id\":\"https:\/\/siemysli-ke.info\/en\/80-rocznica-bestialskiego-ataku-niemiec-na-polske-po-co-szczuropolacy-maja-o-tym-pamietac\/#primaryimage\"},\"thumbnailUrl\":\"https:\/\/siemysli-ke.info\/wp-content\/uploads\/2019\/09\/Rondo.jpeg\",\"datePublished\":\"2019-09-02T09:57:19+00:00\",\"breadcrumb\":{\"@id\":\"https:\/\/siemysli-ke.info\/en\/80-rocznica-bestialskiego-ataku-niemiec-na-polske-po-co-szczuropolacy-maja-o-tym-pamietac\/#breadcrumb\"},\"inLanguage\":\"en-US\",\"potentialAction\":[{\"@type\":\"ReadAction\",\"target\":[[\"https:\/\/siemysli-ke.info\/en\/80-rocznica-bestialskiego-ataku-niemiec-na-polske-po-co-szczuropolacy-maja-o-tym-pamietac\/\"]]}]},{\"@type\":\"ImageObject\",\"inLanguage\":\"en-US\",\"@id\":\"https:\/\/siemysli-ke.info\/en\/80-rocznica-bestialskiego-ataku-niemiec-na-polske-po-co-szczuropolacy-maja-o-tym-pamietac\/#primaryimage\",\"url\":\"https:\/\/siemysli-ke.info\/wp-content\/uploads\/2019\/09\/Rondo.jpeg\",\"contentUrl\":\"https:\/\/siemysli-ke.info\/wp-content\/uploads\/2019\/09\/Rondo.jpeg\",\"width\":800,\"height\":533},{\"@type\":\"BreadcrumbList\",\"@id\":\"https:\/\/siemysli-ke.info\/en\/80-rocznica-bestialskiego-ataku-niemiec-na-polske-po-co-szczuropolacy-maja-o-tym-pamietac\/#breadcrumb\",\"itemListElement\":[{\"@type\":\"ListItem\",\"position\":1,\"name\":\"Home\",\"item\":\"https:\/\/siemysli-ke.info\/en\/\"},{\"@type\":\"ListItem\",\"position\":2,\"name\":\"(Polski) 80. rocznica bestialskiego ataku Niemiec na Polsk\u0119 &#8211; po co \u201eSzczuropolacy\u201d maj\u0105 o tym pami\u0119ta\u0107?\"}]},{\"@type\":\"WebSite\",\"@id\":\"https:\/\/siemysli-ke.info\/en\/#website\",\"url\":\"https:\/\/siemysli-ke.info\/en\/\",\"name\":\"SI\u0118 MY\u015aLI\",\"description\":\"\",\"publisher\":{\"@id\":\"https:\/\/siemysli-ke.info\/en\/#organization\"},\"potentialAction\":[{\"@type\":\"SearchAction\",\"target\":{\"@type\":\"EntryPoint\",\"urlTemplate\":\"https:\/\/siemysli-ke.info\/en\/?s={search_term_string}\"},\"query-input\":{\"@type\":\"PropertyValueSpecification\",\"valueRequired\":true,\"valueName\":\"search_term_string\"}}],\"inLanguage\":\"en-US\"},{\"@type\":\"Organization\",\"@id\":\"https:\/\/siemysli-ke.info\/en\/#organization\",\"name\":\"SI\u0118 MY\u015aLI\",\"url\":\"https:\/\/siemysli-ke.info\/en\/\",\"logo\":{\"@type\":\"ImageObject\",\"inLanguage\":\"en-US\",\"@id\":\"https:\/\/siemysli-ke.info\/en\/#\/schema\/logo\/image\/\",\"url\":\"https:\/\/siemysli-ke.info\/wp-content\/uploads\/2025\/05\/99.png\",\"contentUrl\":\"https:\/\/siemysli-ke.info\/wp-content\/uploads\/2025\/05\/99.png\",\"width\":270,\"height\":204,\"caption\":\"SI\u0118 MY\u015aLI\"},\"image\":{\"@id\":\"https:\/\/siemysli-ke.info\/en\/#\/schema\/logo\/image\/\"}},{\"@type\":\"Person\",\"@id\":\"https:\/\/siemysli-ke.info\/#\/schema\/person\/75326687448d6abf738b156f56385210\",\"name\":\"...\",\"image\":{\"@type\":\"ImageObject\",\"inLanguage\":\"en-US\",\"@id\":\"https:\/\/siemysli-ke.info\/en\/#\/schema\/person\/image\/\",\"url\":\"https:\/\/secure.gravatar.com\/avatar\/33a3c2559155e1b4add65cf88cafda785aeb920f44b97c7055b07866ab5b13c2?s=96&d=mm&r=g\",\"contentUrl\":\"https:\/\/secure.gravatar.com\/avatar\/33a3c2559155e1b4add65cf88cafda785aeb920f44b97c7055b07866ab5b13c2?s=96&d=mm&r=g\",\"caption\":\"...\"},\"url\":\"https:\/\/siemysli-ke.info\/en\/author\/lele\/\"}]}<\/script>\n<!-- \/ Yoast SEO plugin. -->","yoast_head_json":{"title":"(Polski) 80. rocznica bestialskiego ataku Niemiec na Polsk\u0119 - po co \u201eSzczuropolacy\u201d maj\u0105 o tym pami\u0119ta\u0107? - SI\u0118 MY\u015aLI","robots":{"index":"index","follow":"follow","max-snippet":"max-snippet:-1","max-image-preview":"max-image-preview:large","max-video-preview":"max-video-preview:-1"},"canonical":"https:\/\/siemysli-ke.info\/en\/80-rocznica-bestialskiego-ataku-niemiec-na-polske-po-co-szczuropolacy-maja-o-tym-pamietac\/","og_locale":"en_US","og_type":"article","og_title":"(Polski) 80. rocznica bestialskiego ataku Niemiec na Polsk\u0119 - po co \u201eSzczuropolacy\u201d maj\u0105 o tym pami\u0119ta\u0107? - SI\u0118 MY\u015aLI","og_description":"Sorry, this entry is only available in Polski.","og_url":"https:\/\/siemysli-ke.info\/en\/80-rocznica-bestialskiego-ataku-niemiec-na-polske-po-co-szczuropolacy-maja-o-tym-pamietac\/","og_site_name":"SI\u0118 MY\u015aLI","article_published_time":"2019-09-02T09:57:19+00:00","og_image":[{"width":800,"height":533,"url":"https:\/\/siemysli-ke.info\/wp-content\/uploads\/2019\/09\/Rondo.jpeg","type":"image\/jpeg"}],"author":"...","twitter_misc":{"Written by":"...","Est. reading time":"3 minutes"},"schema":{"@context":"https:\/\/schema.org","@graph":[{"@type":"Article","@id":"https:\/\/siemysli-ke.info\/en\/80-rocznica-bestialskiego-ataku-niemiec-na-polske-po-co-szczuropolacy-maja-o-tym-pamietac\/#article","isPartOf":{"@id":"https:\/\/siemysli-ke.info\/en\/80-rocznica-bestialskiego-ataku-niemiec-na-polske-po-co-szczuropolacy-maja-o-tym-pamietac\/"},"author":{"name":"...","@id":"https:\/\/siemysli-ke.info\/#\/schema\/person\/75326687448d6abf738b156f56385210"},"headline":"(Polski) 80. rocznica bestialskiego ataku Niemiec na Polsk\u0119 &#8211; po co \u201eSzczuropolacy\u201d maj\u0105 o tym pami\u0119ta\u0107?","datePublished":"2019-09-02T09:57:19+00:00","mainEntityOfPage":{"@id":"https:\/\/siemysli-ke.info\/en\/80-rocznica-bestialskiego-ataku-niemiec-na-polske-po-co-szczuropolacy-maja-o-tym-pamietac\/"},"wordCount":649,"commentCount":0,"publisher":{"@id":"https:\/\/siemysli-ke.info\/#organization"},"image":{"@id":"https:\/\/siemysli-ke.info\/en\/80-rocznica-bestialskiego-ataku-niemiec-na-polske-po-co-szczuropolacy-maja-o-tym-pamietac\/#primaryimage"},"thumbnailUrl":"https:\/\/siemysli-ke.info\/wp-content\/uploads\/2019\/09\/Rondo.jpeg","keywords":["80. rocznica ataku Niemiec na Polsk\u0119","Aleksandra Dulkiewicz","breaking","Donald Tusk","Edward \u0106wierz","Europejczycy z nadba\u0142tyckiego za\u015bcianka","Fundacja \"Pojednanie\"","headline","kibole \"Lechii\" Gda\u0144sk","obchody Porozumie\u0144 Sierpniowych roku 1980","pomnik Obro\u0144c\u00f3w Wybrze\u017ca na Westerplatte","Roman Boryczko","Rondo Graniczne Wolne Miasto Gda\u0144sk \u2013 Rzeczpospolita Polska (1920-1939)","Rudolf Hess","Stowarzyszenie Przyjaci\u00f3\u0142 Dzielnicy Kokoszki","wiceprezydent Gda\u0144ska - Piotr Grzelak","Zielona Brama"],"articleSection":["Rzeczypospolita"],"inLanguage":"en-US","potentialAction":[{"@type":"CommentAction","name":"Comment","target":["https:\/\/siemysli-ke.info\/en\/80-rocznica-bestialskiego-ataku-niemiec-na-polske-po-co-szczuropolacy-maja-o-tym-pamietac\/#respond"]}]},{"@type":"WebPage","@id":"https:\/\/siemysli-ke.info\/en\/80-rocznica-bestialskiego-ataku-niemiec-na-polske-po-co-szczuropolacy-maja-o-tym-pamietac\/","url":"https:\/\/siemysli-ke.info\/en\/80-rocznica-bestialskiego-ataku-niemiec-na-polske-po-co-szczuropolacy-maja-o-tym-pamietac\/","name":"(Polski) 80. rocznica bestialskiego ataku Niemiec na Polsk\u0119 - po co \u201eSzczuropolacy\u201d maj\u0105 o tym pami\u0119ta\u0107? - SI\u0118 MY\u015aLI","isPartOf":{"@id":"https:\/\/siemysli-ke.info\/en\/#website"},"primaryImageOfPage":{"@id":"https:\/\/siemysli-ke.info\/en\/80-rocznica-bestialskiego-ataku-niemiec-na-polske-po-co-szczuropolacy-maja-o-tym-pamietac\/#primaryimage"},"image":{"@id":"https:\/\/siemysli-ke.info\/en\/80-rocznica-bestialskiego-ataku-niemiec-na-polske-po-co-szczuropolacy-maja-o-tym-pamietac\/#primaryimage"},"thumbnailUrl":"https:\/\/siemysli-ke.info\/wp-content\/uploads\/2019\/09\/Rondo.jpeg","datePublished":"2019-09-02T09:57:19+00:00","breadcrumb":{"@id":"https:\/\/siemysli-ke.info\/en\/80-rocznica-bestialskiego-ataku-niemiec-na-polske-po-co-szczuropolacy-maja-o-tym-pamietac\/#breadcrumb"},"inLanguage":"en-US","potentialAction":[{"@type":"ReadAction","target":[["https:\/\/siemysli-ke.info\/en\/80-rocznica-bestialskiego-ataku-niemiec-na-polske-po-co-szczuropolacy-maja-o-tym-pamietac\/"]]}]},{"@type":"ImageObject","inLanguage":"en-US","@id":"https:\/\/siemysli-ke.info\/en\/80-rocznica-bestialskiego-ataku-niemiec-na-polske-po-co-szczuropolacy-maja-o-tym-pamietac\/#primaryimage","url":"https:\/\/siemysli-ke.info\/wp-content\/uploads\/2019\/09\/Rondo.jpeg","contentUrl":"https:\/\/siemysli-ke.info\/wp-content\/uploads\/2019\/09\/Rondo.jpeg","width":800,"height":533},{"@type":"BreadcrumbList","@id":"https:\/\/siemysli-ke.info\/en\/80-rocznica-bestialskiego-ataku-niemiec-na-polske-po-co-szczuropolacy-maja-o-tym-pamietac\/#breadcrumb","itemListElement":[{"@type":"ListItem","position":1,"name":"Home","item":"https:\/\/siemysli-ke.info\/en\/"},{"@type":"ListItem","position":2,"name":"(Polski) 80. rocznica bestialskiego ataku Niemiec na Polsk\u0119 &#8211; po co \u201eSzczuropolacy\u201d maj\u0105 o tym pami\u0119ta\u0107?"}]},{"@type":"WebSite","@id":"https:\/\/siemysli-ke.info\/en\/#website","url":"https:\/\/siemysli-ke.info\/en\/","name":"SI\u0118 MY\u015aLI","description":"","publisher":{"@id":"https:\/\/siemysli-ke.info\/en\/#organization"},"potentialAction":[{"@type":"SearchAction","target":{"@type":"EntryPoint","urlTemplate":"https:\/\/siemysli-ke.info\/en\/?s={search_term_string}"},"query-input":{"@type":"PropertyValueSpecification","valueRequired":true,"valueName":"search_term_string"}}],"inLanguage":"en-US"},{"@type":"Organization","@id":"https:\/\/siemysli-ke.info\/en\/#organization","name":"SI\u0118 MY\u015aLI","url":"https:\/\/siemysli-ke.info\/en\/","logo":{"@type":"ImageObject","inLanguage":"en-US","@id":"https:\/\/siemysli-ke.info\/en\/#\/schema\/logo\/image\/","url":"https:\/\/siemysli-ke.info\/wp-content\/uploads\/2025\/05\/99.png","contentUrl":"https:\/\/siemysli-ke.info\/wp-content\/uploads\/2025\/05\/99.png","width":270,"height":204,"caption":"SI\u0118 MY\u015aLI"},"image":{"@id":"https:\/\/siemysli-ke.info\/en\/#\/schema\/logo\/image\/"}},{"@type":"Person","@id":"https:\/\/siemysli-ke.info\/#\/schema\/person\/75326687448d6abf738b156f56385210","name":"...","image":{"@type":"ImageObject","inLanguage":"en-US","@id":"https:\/\/siemysli-ke.info\/en\/#\/schema\/person\/image\/","url":"https:\/\/secure.gravatar.com\/avatar\/33a3c2559155e1b4add65cf88cafda785aeb920f44b97c7055b07866ab5b13c2?s=96&d=mm&r=g","contentUrl":"https:\/\/secure.gravatar.com\/avatar\/33a3c2559155e1b4add65cf88cafda785aeb920f44b97c7055b07866ab5b13c2?s=96&d=mm&r=g","caption":"..."},"url":"https:\/\/siemysli-ke.info\/en\/author\/lele\/"}]}},"_links":{"self":[{"href":"https:\/\/siemysli-ke.info\/en\/wp-json\/wp\/v2\/posts\/34162","targetHints":{"allow":["GET"]}}],"collection":[{"href":"https:\/\/siemysli-ke.info\/en\/wp-json\/wp\/v2\/posts"}],"about":[{"href":"https:\/\/siemysli-ke.info\/en\/wp-json\/wp\/v2\/types\/post"}],"author":[{"embeddable":true,"href":"https:\/\/siemysli-ke.info\/en\/wp-json\/wp\/v2\/users\/3"}],"replies":[{"embeddable":true,"href":"https:\/\/siemysli-ke.info\/en\/wp-json\/wp\/v2\/comments?post=34162"}],"version-history":[{"count":0,"href":"https:\/\/siemysli-ke.info\/en\/wp-json\/wp\/v2\/posts\/34162\/revisions"}],"wp:featuredmedia":[{"embeddable":true,"href":"https:\/\/siemysli-ke.info\/en\/wp-json\/wp\/v2\/media\/34163"}],"wp:attachment":[{"href":"https:\/\/siemysli-ke.info\/en\/wp-json\/wp\/v2\/media?parent=34162"}],"wp:term":[{"taxonomy":"category","embeddable":true,"href":"https:\/\/siemysli-ke.info\/en\/wp-json\/wp\/v2\/categories?post=34162"},{"taxonomy":"post_tag","embeddable":true,"href":"https:\/\/siemysli-ke.info\/en\/wp-json\/wp\/v2\/tags?post=34162"}],"curies":[{"name":"wp","href":"https:\/\/api.w.org\/{rel}","templated":true}]}}