 {"id":33988,"date":"2019-08-06T21:16:52","date_gmt":"2019-08-06T19:16:52","guid":{"rendered":"http:\/\/www.siemysli.info.ke\/?p=33988"},"modified":"2019-08-06T21:16:52","modified_gmt":"2019-08-06T19:16:52","slug":"75-tour-de-pologne-trzeci-z-czterech-etapow-organizowanych-na-gornym-slasku","status":"publish","type":"post","link":"https:\/\/siemysli-ke.info\/en\/75-tour-de-pologne-trzeci-z-czterech-etapow-organizowanych-na-gornym-slasku\/","title":{"rendered":"(Polski) 75. Tour de Pologne \u2013 trzeci z czterech etap\u00f3w, organizowanych na G\u00f3rnym \u015al\u0105sku"},"content":{"rendered":"<p class=\"qtranxs-available-languages-message qtranxs-available-languages-message-en\">Sorry, this entry is only available in <a href=\"https:\/\/siemysli-ke.info\/pl\/wp-json\/wp\/v2\/posts\/33988\" class=\"qtranxs-available-language-link qtranxs-available-language-link-pl\" title=\"Polski\">Polski<\/a>.<\/p>","protected":false},"excerpt":{"rendered":"<p>Sorry, this entry is only available in Polski.<\/p>\n","protected":false},"author":3,"featured_media":33989,"comment_status":"open","ping_status":"open","sticky":false,"template":"","format":"standard","meta":{"colormag_page_layout":"default_layout","footnotes":""},"categories":[143],"tags":[15500,2590,4237,228,9502,15499,14911,15501,2550,15498],"class_list":["post-33988","post","type-post","status-publish","format-standard","has-post-thumbnail","hentry","category-inne","tag-etap-jaworzno-kocierz","tag-gmina-gieraltowice","tag-gmina-pilchowice","tag-gorny-slask","tag-osp-gieraltowice","tag-stadion-gornika-zabrze","tag-stadion-slaski-w-chorzowie","tag-stulecie-polskiego-komitetu-olimpijskiego","tag-tadeusz-puchalka","tag-ulice-ks-w-roboty-i-korfantego-w-gieraltowicach"],"yoast_head":"<!-- This site is optimized with the Yoast SEO plugin v25.1 - https:\/\/yoast.com\/wordpress\/plugins\/seo\/ -->\n<title>(Polski) 75. Tour de Pologne \u2013 trzeci z czterech etap\u00f3w, organizowanych na G\u00f3rnym \u015al\u0105sku - SI\u0118 MY\u015aLI<\/title>\n<meta name=\"robots\" content=\"index, follow, max-snippet:-1, max-image-preview:large, max-video-preview:-1\" \/>\n<link rel=\"canonical\" href=\"https:\/\/siemysli-ke.info\/en\/75-tour-de-pologne-trzeci-z-czterech-etapow-organizowanych-na-gornym-slasku\/\" \/>\n<meta property=\"og:locale\" content=\"en_US\" \/>\n<meta property=\"og:type\" content=\"article\" \/>\n<meta property=\"og:title\" content=\"(Polski) 75. Tour de Pologne \u2013 trzeci z czterech etap\u00f3w, organizowanych na G\u00f3rnym \u015al\u0105sku - SI\u0118 MY\u015aLI\" \/>\n<meta property=\"og:description\" content=\"Sorry, this entry is only available in Polski.\" \/>\n<meta property=\"og:url\" content=\"https:\/\/siemysli-ke.info\/en\/75-tour-de-pologne-trzeci-z-czterech-etapow-organizowanych-na-gornym-slasku\/\" \/>\n<meta property=\"og:site_name\" content=\"SI\u0118 MY\u015aLI\" \/>\n<meta property=\"article:published_time\" content=\"2019-08-06T19:16:52+00:00\" \/>\n<meta property=\"og:image\" content=\"https:\/\/siemysli-ke.info\/wp-content\/uploads\/2019\/08\/1-1.jpg\" \/>\n\t<meta property=\"og:image:width\" content=\"1024\" \/>\n\t<meta property=\"og:image:height\" content=\"681\" \/>\n\t<meta property=\"og:image:type\" content=\"image\/jpeg\" \/>\n<meta name=\"author\" content=\"...\" \/>\n<meta name=\"twitter:label1\" content=\"Written by\" \/>\n\t<meta name=\"twitter:data1\" content=\"...\" \/>\n\t<meta name=\"twitter:label2\" content=\"Est. reading time\" \/>\n\t<meta name=\"twitter:data2\" content=\"4 minutes\" \/>\n<script type=\"application\/ld+json\" class=\"yoast-schema-graph\">{\"@context\":\"https:\/\/schema.org\",\"@graph\":[{\"@type\":\"Article\",\"@id\":\"https:\/\/siemysli-ke.info\/en\/75-tour-de-pologne-trzeci-z-czterech-etapow-organizowanych-na-gornym-slasku\/#article\",\"isPartOf\":{\"@id\":\"https:\/\/siemysli-ke.info\/en\/75-tour-de-pologne-trzeci-z-czterech-etapow-organizowanych-na-gornym-slasku\/\"},\"author\":{\"name\":\"...\",\"@id\":\"https:\/\/siemysli-ke.info\/#\/schema\/person\/75326687448d6abf738b156f56385210\"},\"headline\":\"(Polski) 75. Tour de Pologne \u2013 trzeci z czterech etap\u00f3w, organizowanych na G\u00f3rnym \u015al\u0105sku\",\"datePublished\":\"2019-08-06T19:16:52+00:00\",\"mainEntityOfPage\":{\"@id\":\"https:\/\/siemysli-ke.info\/en\/75-tour-de-pologne-trzeci-z-czterech-etapow-organizowanych-na-gornym-slasku\/\"},\"wordCount\":715,\"commentCount\":0,\"publisher\":{\"@id\":\"https:\/\/siemysli-ke.info\/#organization\"},\"image\":{\"@id\":\"https:\/\/siemysli-ke.info\/en\/75-tour-de-pologne-trzeci-z-czterech-etapow-organizowanych-na-gornym-slasku\/#primaryimage\"},\"thumbnailUrl\":\"https:\/\/siemysli-ke.info\/wp-content\/uploads\/2019\/08\/1-1.jpg\",\"keywords\":[\"etap Jaworzno \u2013 Kocierz\",\"gmina Giera\u0142towice\",\"gmina Pilchowice\",\"g\u00f3rny \u015bl\u0105sk\",\"OSP Giera\u0142towice\",\"stadion \\\"G\u00f3rnika\\\" Zabrze\",\"Stadion \u015al\u0105ski w Chorzowie\",\"stulecie Polskiego Komitetu Olimpijskiego\",\"Tadeusz Pucha\u0142ka\",\"ulice ks. W. Roboty i Korfantego w Giera\u0142towicach\"],\"articleSection\":[\"Inne\"],\"inLanguage\":\"en-US\",\"potentialAction\":[{\"@type\":\"CommentAction\",\"name\":\"Comment\",\"target\":[\"https:\/\/siemysli-ke.info\/en\/75-tour-de-pologne-trzeci-z-czterech-etapow-organizowanych-na-gornym-slasku\/#respond\"]}]},{\"@type\":\"WebPage\",\"@id\":\"https:\/\/siemysli-ke.info\/en\/75-tour-de-pologne-trzeci-z-czterech-etapow-organizowanych-na-gornym-slasku\/\",\"url\":\"https:\/\/siemysli-ke.info\/en\/75-tour-de-pologne-trzeci-z-czterech-etapow-organizowanych-na-gornym-slasku\/\",\"name\":\"(Polski) 75. Tour de Pologne \u2013 trzeci z czterech etap\u00f3w, organizowanych na G\u00f3rnym \u015al\u0105sku - SI\u0118 MY\u015aLI\",\"isPartOf\":{\"@id\":\"https:\/\/siemysli-ke.info\/en\/#website\"},\"primaryImageOfPage\":{\"@id\":\"https:\/\/siemysli-ke.info\/en\/75-tour-de-pologne-trzeci-z-czterech-etapow-organizowanych-na-gornym-slasku\/#primaryimage\"},\"image\":{\"@id\":\"https:\/\/siemysli-ke.info\/en\/75-tour-de-pologne-trzeci-z-czterech-etapow-organizowanych-na-gornym-slasku\/#primaryimage\"},\"thumbnailUrl\":\"https:\/\/siemysli-ke.info\/wp-content\/uploads\/2019\/08\/1-1.jpg\",\"datePublished\":\"2019-08-06T19:16:52+00:00\",\"breadcrumb\":{\"@id\":\"https:\/\/siemysli-ke.info\/en\/75-tour-de-pologne-trzeci-z-czterech-etapow-organizowanych-na-gornym-slasku\/#breadcrumb\"},\"inLanguage\":\"en-US\",\"potentialAction\":[{\"@type\":\"ReadAction\",\"target\":[[\"https:\/\/siemysli-ke.info\/en\/75-tour-de-pologne-trzeci-z-czterech-etapow-organizowanych-na-gornym-slasku\/\"]]}]},{\"@type\":\"ImageObject\",\"inLanguage\":\"en-US\",\"@id\":\"https:\/\/siemysli-ke.info\/en\/75-tour-de-pologne-trzeci-z-czterech-etapow-organizowanych-na-gornym-slasku\/#primaryimage\",\"url\":\"https:\/\/siemysli-ke.info\/wp-content\/uploads\/2019\/08\/1-1.jpg\",\"contentUrl\":\"https:\/\/siemysli-ke.info\/wp-content\/uploads\/2019\/08\/1-1.jpg\",\"width\":1024,\"height\":681},{\"@type\":\"BreadcrumbList\",\"@id\":\"https:\/\/siemysli-ke.info\/en\/75-tour-de-pologne-trzeci-z-czterech-etapow-organizowanych-na-gornym-slasku\/#breadcrumb\",\"itemListElement\":[{\"@type\":\"ListItem\",\"position\":1,\"name\":\"Home\",\"item\":\"https:\/\/siemysli-ke.info\/en\/\"},{\"@type\":\"ListItem\",\"position\":2,\"name\":\"(Polski) 75. Tour de Pologne \u2013 trzeci z czterech etap\u00f3w, organizowanych na G\u00f3rnym \u015al\u0105sku\"}]},{\"@type\":\"WebSite\",\"@id\":\"https:\/\/siemysli-ke.info\/en\/#website\",\"url\":\"https:\/\/siemysli-ke.info\/en\/\",\"name\":\"SI\u0118 MY\u015aLI\",\"description\":\"\",\"publisher\":{\"@id\":\"https:\/\/siemysli-ke.info\/en\/#organization\"},\"potentialAction\":[{\"@type\":\"SearchAction\",\"target\":{\"@type\":\"EntryPoint\",\"urlTemplate\":\"https:\/\/siemysli-ke.info\/en\/?s={search_term_string}\"},\"query-input\":{\"@type\":\"PropertyValueSpecification\",\"valueRequired\":true,\"valueName\":\"search_term_string\"}}],\"inLanguage\":\"en-US\"},{\"@type\":\"Organization\",\"@id\":\"https:\/\/siemysli-ke.info\/en\/#organization\",\"name\":\"SI\u0118 MY\u015aLI\",\"url\":\"https:\/\/siemysli-ke.info\/en\/\",\"logo\":{\"@type\":\"ImageObject\",\"inLanguage\":\"en-US\",\"@id\":\"https:\/\/siemysli-ke.info\/en\/#\/schema\/logo\/image\/\",\"url\":\"https:\/\/siemysli-ke.info\/wp-content\/uploads\/2025\/05\/99.png\",\"contentUrl\":\"https:\/\/siemysli-ke.info\/wp-content\/uploads\/2025\/05\/99.png\",\"width\":270,\"height\":204,\"caption\":\"SI\u0118 MY\u015aLI\"},\"image\":{\"@id\":\"https:\/\/siemysli-ke.info\/en\/#\/schema\/logo\/image\/\"}},{\"@type\":\"Person\",\"@id\":\"https:\/\/siemysli-ke.info\/#\/schema\/person\/75326687448d6abf738b156f56385210\",\"name\":\"...\",\"image\":{\"@type\":\"ImageObject\",\"inLanguage\":\"en-US\",\"@id\":\"https:\/\/siemysli-ke.info\/en\/#\/schema\/person\/image\/\",\"url\":\"https:\/\/secure.gravatar.com\/avatar\/33a3c2559155e1b4add65cf88cafda785aeb920f44b97c7055b07866ab5b13c2?s=96&d=mm&r=g\",\"contentUrl\":\"https:\/\/secure.gravatar.com\/avatar\/33a3c2559155e1b4add65cf88cafda785aeb920f44b97c7055b07866ab5b13c2?s=96&d=mm&r=g\",\"caption\":\"...\"},\"url\":\"https:\/\/siemysli-ke.info\/en\/author\/lele\/\"}]}<\/script>\n<!-- \/ Yoast SEO plugin. -->","yoast_head_json":{"title":"(Polski) 75. Tour de Pologne \u2013 trzeci z czterech etap\u00f3w, organizowanych na G\u00f3rnym \u015al\u0105sku - SI\u0118 MY\u015aLI","robots":{"index":"index","follow":"follow","max-snippet":"max-snippet:-1","max-image-preview":"max-image-preview:large","max-video-preview":"max-video-preview:-1"},"canonical":"https:\/\/siemysli-ke.info\/en\/75-tour-de-pologne-trzeci-z-czterech-etapow-organizowanych-na-gornym-slasku\/","og_locale":"en_US","og_type":"article","og_title":"(Polski) 75. Tour de Pologne \u2013 trzeci z czterech etap\u00f3w, organizowanych na G\u00f3rnym \u015al\u0105sku - SI\u0118 MY\u015aLI","og_description":"Sorry, this entry is only available in Polski.","og_url":"https:\/\/siemysli-ke.info\/en\/75-tour-de-pologne-trzeci-z-czterech-etapow-organizowanych-na-gornym-slasku\/","og_site_name":"SI\u0118 MY\u015aLI","article_published_time":"2019-08-06T19:16:52+00:00","og_image":[{"width":1024,"height":681,"url":"https:\/\/siemysli-ke.info\/wp-content\/uploads\/2019\/08\/1-1.jpg","type":"image\/jpeg"}],"author":"...","twitter_misc":{"Written by":"...","Est. reading time":"4 minutes"},"schema":{"@context":"https:\/\/schema.org","@graph":[{"@type":"Article","@id":"https:\/\/siemysli-ke.info\/en\/75-tour-de-pologne-trzeci-z-czterech-etapow-organizowanych-na-gornym-slasku\/#article","isPartOf":{"@id":"https:\/\/siemysli-ke.info\/en\/75-tour-de-pologne-trzeci-z-czterech-etapow-organizowanych-na-gornym-slasku\/"},"author":{"name":"...","@id":"https:\/\/siemysli-ke.info\/#\/schema\/person\/75326687448d6abf738b156f56385210"},"headline":"(Polski) 75. Tour de Pologne \u2013 trzeci z czterech etap\u00f3w, organizowanych na G\u00f3rnym \u015al\u0105sku","datePublished":"2019-08-06T19:16:52+00:00","mainEntityOfPage":{"@id":"https:\/\/siemysli-ke.info\/en\/75-tour-de-pologne-trzeci-z-czterech-etapow-organizowanych-na-gornym-slasku\/"},"wordCount":715,"commentCount":0,"publisher":{"@id":"https:\/\/siemysli-ke.info\/#organization"},"image":{"@id":"https:\/\/siemysli-ke.info\/en\/75-tour-de-pologne-trzeci-z-czterech-etapow-organizowanych-na-gornym-slasku\/#primaryimage"},"thumbnailUrl":"https:\/\/siemysli-ke.info\/wp-content\/uploads\/2019\/08\/1-1.jpg","keywords":["etap Jaworzno \u2013 Kocierz","gmina Giera\u0142towice","gmina Pilchowice","g\u00f3rny \u015bl\u0105sk","OSP Giera\u0142towice","stadion \"G\u00f3rnika\" Zabrze","Stadion \u015al\u0105ski w Chorzowie","stulecie Polskiego Komitetu Olimpijskiego","Tadeusz Pucha\u0142ka","ulice ks. W. Roboty i Korfantego w Giera\u0142towicach"],"articleSection":["Inne"],"inLanguage":"en-US","potentialAction":[{"@type":"CommentAction","name":"Comment","target":["https:\/\/siemysli-ke.info\/en\/75-tour-de-pologne-trzeci-z-czterech-etapow-organizowanych-na-gornym-slasku\/#respond"]}]},{"@type":"WebPage","@id":"https:\/\/siemysli-ke.info\/en\/75-tour-de-pologne-trzeci-z-czterech-etapow-organizowanych-na-gornym-slasku\/","url":"https:\/\/siemysli-ke.info\/en\/75-tour-de-pologne-trzeci-z-czterech-etapow-organizowanych-na-gornym-slasku\/","name":"(Polski) 75. Tour de Pologne \u2013 trzeci z czterech etap\u00f3w, organizowanych na G\u00f3rnym \u015al\u0105sku - SI\u0118 MY\u015aLI","isPartOf":{"@id":"https:\/\/siemysli-ke.info\/en\/#website"},"primaryImageOfPage":{"@id":"https:\/\/siemysli-ke.info\/en\/75-tour-de-pologne-trzeci-z-czterech-etapow-organizowanych-na-gornym-slasku\/#primaryimage"},"image":{"@id":"https:\/\/siemysli-ke.info\/en\/75-tour-de-pologne-trzeci-z-czterech-etapow-organizowanych-na-gornym-slasku\/#primaryimage"},"thumbnailUrl":"https:\/\/siemysli-ke.info\/wp-content\/uploads\/2019\/08\/1-1.jpg","datePublished":"2019-08-06T19:16:52+00:00","breadcrumb":{"@id":"https:\/\/siemysli-ke.info\/en\/75-tour-de-pologne-trzeci-z-czterech-etapow-organizowanych-na-gornym-slasku\/#breadcrumb"},"inLanguage":"en-US","potentialAction":[{"@type":"ReadAction","target":[["https:\/\/siemysli-ke.info\/en\/75-tour-de-pologne-trzeci-z-czterech-etapow-organizowanych-na-gornym-slasku\/"]]}]},{"@type":"ImageObject","inLanguage":"en-US","@id":"https:\/\/siemysli-ke.info\/en\/75-tour-de-pologne-trzeci-z-czterech-etapow-organizowanych-na-gornym-slasku\/#primaryimage","url":"https:\/\/siemysli-ke.info\/wp-content\/uploads\/2019\/08\/1-1.jpg","contentUrl":"https:\/\/siemysli-ke.info\/wp-content\/uploads\/2019\/08\/1-1.jpg","width":1024,"height":681},{"@type":"BreadcrumbList","@id":"https:\/\/siemysli-ke.info\/en\/75-tour-de-pologne-trzeci-z-czterech-etapow-organizowanych-na-gornym-slasku\/#breadcrumb","itemListElement":[{"@type":"ListItem","position":1,"name":"Home","item":"https:\/\/siemysli-ke.info\/en\/"},{"@type":"ListItem","position":2,"name":"(Polski) 75. Tour de Pologne \u2013 trzeci z czterech etap\u00f3w, organizowanych na G\u00f3rnym \u015al\u0105sku"}]},{"@type":"WebSite","@id":"https:\/\/siemysli-ke.info\/en\/#website","url":"https:\/\/siemysli-ke.info\/en\/","name":"SI\u0118 MY\u015aLI","description":"","publisher":{"@id":"https:\/\/siemysli-ke.info\/en\/#organization"},"potentialAction":[{"@type":"SearchAction","target":{"@type":"EntryPoint","urlTemplate":"https:\/\/siemysli-ke.info\/en\/?s={search_term_string}"},"query-input":{"@type":"PropertyValueSpecification","valueRequired":true,"valueName":"search_term_string"}}],"inLanguage":"en-US"},{"@type":"Organization","@id":"https:\/\/siemysli-ke.info\/en\/#organization","name":"SI\u0118 MY\u015aLI","url":"https:\/\/siemysli-ke.info\/en\/","logo":{"@type":"ImageObject","inLanguage":"en-US","@id":"https:\/\/siemysli-ke.info\/en\/#\/schema\/logo\/image\/","url":"https:\/\/siemysli-ke.info\/wp-content\/uploads\/2025\/05\/99.png","contentUrl":"https:\/\/siemysli-ke.info\/wp-content\/uploads\/2025\/05\/99.png","width":270,"height":204,"caption":"SI\u0118 MY\u015aLI"},"image":{"@id":"https:\/\/siemysli-ke.info\/en\/#\/schema\/logo\/image\/"}},{"@type":"Person","@id":"https:\/\/siemysli-ke.info\/#\/schema\/person\/75326687448d6abf738b156f56385210","name":"...","image":{"@type":"ImageObject","inLanguage":"en-US","@id":"https:\/\/siemysli-ke.info\/en\/#\/schema\/person\/image\/","url":"https:\/\/secure.gravatar.com\/avatar\/33a3c2559155e1b4add65cf88cafda785aeb920f44b97c7055b07866ab5b13c2?s=96&d=mm&r=g","contentUrl":"https:\/\/secure.gravatar.com\/avatar\/33a3c2559155e1b4add65cf88cafda785aeb920f44b97c7055b07866ab5b13c2?s=96&d=mm&r=g","caption":"..."},"url":"https:\/\/siemysli-ke.info\/en\/author\/lele\/"}]}},"_links":{"self":[{"href":"https:\/\/siemysli-ke.info\/en\/wp-json\/wp\/v2\/posts\/33988","targetHints":{"allow":["GET"]}}],"collection":[{"href":"https:\/\/siemysli-ke.info\/en\/wp-json\/wp\/v2\/posts"}],"about":[{"href":"https:\/\/siemysli-ke.info\/en\/wp-json\/wp\/v2\/types\/post"}],"author":[{"embeddable":true,"href":"https:\/\/siemysli-ke.info\/en\/wp-json\/wp\/v2\/users\/3"}],"replies":[{"embeddable":true,"href":"https:\/\/siemysli-ke.info\/en\/wp-json\/wp\/v2\/comments?post=33988"}],"version-history":[{"count":0,"href":"https:\/\/siemysli-ke.info\/en\/wp-json\/wp\/v2\/posts\/33988\/revisions"}],"wp:featuredmedia":[{"embeddable":true,"href":"https:\/\/siemysli-ke.info\/en\/wp-json\/wp\/v2\/media\/33989"}],"wp:attachment":[{"href":"https:\/\/siemysli-ke.info\/en\/wp-json\/wp\/v2\/media?parent=33988"}],"wp:term":[{"taxonomy":"category","embeddable":true,"href":"https:\/\/siemysli-ke.info\/en\/wp-json\/wp\/v2\/categories?post=33988"},{"taxonomy":"post_tag","embeddable":true,"href":"https:\/\/siemysli-ke.info\/en\/wp-json\/wp\/v2\/tags?post=33988"}],"curies":[{"name":"wp","href":"https:\/\/api.w.org\/{rel}","templated":true}]}}