 {"id":33332,"date":"2019-05-24T18:05:44","date_gmt":"2019-05-24T16:05:44","guid":{"rendered":"http:\/\/www.siemysli.info.ke\/?p=33332"},"modified":"2019-05-24T18:45:37","modified_gmt":"2019-05-24T16:45:37","slug":"bezinteresowni-narodowcy-z-konfederacji","status":"publish","type":"post","link":"https:\/\/siemysli-ke.info\/en\/bezinteresowni-narodowcy-z-konfederacji\/","title":{"rendered":"(Polski) Bezinteresowni narodowcy z Konfederacji?"},"content":{"rendered":"<p class=\"qtranxs-available-languages-message qtranxs-available-languages-message-en\">Sorry, this entry is only available in <a href=\"https:\/\/siemysli-ke.info\/pl\/wp-json\/wp\/v2\/posts\/33332\" class=\"qtranxs-available-language-link qtranxs-available-language-link-pl\" title=\"Polski\">Polski<\/a>.<\/p>","protected":false},"excerpt":{"rendered":"<p>Sorry, this entry is only available in Polski.<\/p>\n","protected":false},"author":3,"featured_media":33333,"comment_status":"open","ping_status":"open","sticky":false,"template":"","format":"standard","meta":{"colormag_page_layout":"default_layout","footnotes":""},"categories":[81],"tags":[11415,4386,14750,1604,1197,14745,4570,13985,14744,14748,202,14747,14742,3634,14743,345,14749,14746],"class_list":["post-33332","post","type-post","status-publish","format-standard","has-post-thumbnail","hentry","category-rzeczpospolita","tag-act-447","tag-armia-krajowa","tag-dyskurs-publiczny","tag-europa-wschodnia","tag-izrael","tag-moc-czynienia-dobra","tag-patriotyzm","tag-posadzenie-o-antysemityzm","tag-przywrocenie-porzadkow-obszarniczo-feudalnych","tag-restytucja-zydowskiego-mienia-bezspadkowego","tag-roman-boryczko","tag-rzad-serbii","tag-senat-stanow-zjednoczonych-ameryki-polnocnej","tag-skarb-panstwa","tag-sojusz-z-usa-i-izraelem","tag-usa","tag-zakulisowe-rozmowy","tag-zwiazane-z-partia-rzadzaca"],"yoast_head":"<!-- This site is optimized with the Yoast SEO plugin v25.1 - https:\/\/yoast.com\/wordpress\/plugins\/seo\/ -->\n<title>(Polski) Bezinteresowni narodowcy z Konfederacji? - SI\u0118 MY\u015aLI<\/title>\n<meta name=\"robots\" content=\"index, follow, max-snippet:-1, max-image-preview:large, max-video-preview:-1\" \/>\n<link rel=\"canonical\" href=\"https:\/\/siemysli-ke.info\/en\/bezinteresowni-narodowcy-z-konfederacji\/\" \/>\n<meta property=\"og:locale\" content=\"en_US\" \/>\n<meta property=\"og:type\" content=\"article\" \/>\n<meta property=\"og:title\" content=\"(Polski) Bezinteresowni narodowcy z Konfederacji? - SI\u0118 MY\u015aLI\" \/>\n<meta property=\"og:description\" content=\"Sorry, this entry is only available in Polski.\" \/>\n<meta property=\"og:url\" content=\"https:\/\/siemysli-ke.info\/en\/bezinteresowni-narodowcy-z-konfederacji\/\" \/>\n<meta property=\"og:site_name\" content=\"SI\u0118 MY\u015aLI\" \/>\n<meta property=\"article:published_time\" content=\"2019-05-24T16:05:44+00:00\" \/>\n<meta property=\"article:modified_time\" content=\"2019-05-24T16:45:37+00:00\" \/>\n<meta property=\"og:image\" content=\"https:\/\/siemysli-ke.info\/wp-content\/uploads\/2019\/05\/Marsz-Suwerenno\u015bci-2019.jpeg\" \/>\n\t<meta property=\"og:image:width\" content=\"788\" \/>\n\t<meta property=\"og:image:height\" content=\"525\" \/>\n\t<meta property=\"og:image:type\" content=\"image\/jpeg\" \/>\n<meta name=\"author\" content=\"...\" \/>\n<meta name=\"twitter:label1\" content=\"Written by\" \/>\n\t<meta name=\"twitter:data1\" content=\"...\" \/>\n\t<meta name=\"twitter:label2\" content=\"Est. reading time\" \/>\n\t<meta name=\"twitter:data2\" content=\"4 minutes\" \/>\n<script type=\"application\/ld+json\" class=\"yoast-schema-graph\">{\"@context\":\"https:\/\/schema.org\",\"@graph\":[{\"@type\":\"Article\",\"@id\":\"https:\/\/siemysli-ke.info\/en\/bezinteresowni-narodowcy-z-konfederacji\/#article\",\"isPartOf\":{\"@id\":\"https:\/\/siemysli-ke.info\/en\/bezinteresowni-narodowcy-z-konfederacji\/\"},\"author\":{\"name\":\"...\",\"@id\":\"https:\/\/siemysli-ke.info\/#\/schema\/person\/75326687448d6abf738b156f56385210\"},\"headline\":\"(Polski) Bezinteresowni narodowcy z Konfederacji?\",\"datePublished\":\"2019-05-24T16:05:44+00:00\",\"dateModified\":\"2019-05-24T16:45:37+00:00\",\"mainEntityOfPage\":{\"@id\":\"https:\/\/siemysli-ke.info\/en\/bezinteresowni-narodowcy-z-konfederacji\/\"},\"wordCount\":824,\"commentCount\":0,\"publisher\":{\"@id\":\"https:\/\/siemysli-ke.info\/#organization\"},\"image\":{\"@id\":\"https:\/\/siemysli-ke.info\/en\/bezinteresowni-narodowcy-z-konfederacji\/#primaryimage\"},\"thumbnailUrl\":\"https:\/\/siemysli-ke.info\/wp-content\/uploads\/2019\/05\/Marsz-Suwerenno\u015bci-2019.jpeg\",\"keywords\":[\"Act 447\",\"Armia Krajowa\",\"dyskurs publiczny\",\"Europa Wschodnia\",\"Izrael\",\"moc czynienia dobra\",\"patriotyzm\",\"pos\u0105dzenie o \u201eantysemityzm\u201d\",\"przywr\u00f3cenie porz\u0105dk\u00f3w obszarniczo-feudalnych\",\"restytucja \u017cydowskiego mienia bezspadkowego\",\"Roman Boryczko\",\"rz\u0105d Serbii\",\"Senat\u00a0Stan\u00f3w Zjednoczonych Ameryki P\u00f3\u0142nocnej\",\"Skarb Pa\u0144stwa\",\"sojusz z USA i Izraelem\",\"USA\",\"zakulisowe rozmowy\",\"zwi\u0105zane z parti\u0105 rz\u0105dz\u0105c\u0105\"],\"articleSection\":[\"Rzeczypospolita\"],\"inLanguage\":\"en-US\",\"potentialAction\":[{\"@type\":\"CommentAction\",\"name\":\"Comment\",\"target\":[\"https:\/\/siemysli-ke.info\/en\/bezinteresowni-narodowcy-z-konfederacji\/#respond\"]}]},{\"@type\":\"WebPage\",\"@id\":\"https:\/\/siemysli-ke.info\/en\/bezinteresowni-narodowcy-z-konfederacji\/\",\"url\":\"https:\/\/siemysli-ke.info\/en\/bezinteresowni-narodowcy-z-konfederacji\/\",\"name\":\"(Polski) Bezinteresowni narodowcy z Konfederacji? - SI\u0118 MY\u015aLI\",\"isPartOf\":{\"@id\":\"https:\/\/siemysli-ke.info\/en\/#website\"},\"primaryImageOfPage\":{\"@id\":\"https:\/\/siemysli-ke.info\/en\/bezinteresowni-narodowcy-z-konfederacji\/#primaryimage\"},\"image\":{\"@id\":\"https:\/\/siemysli-ke.info\/en\/bezinteresowni-narodowcy-z-konfederacji\/#primaryimage\"},\"thumbnailUrl\":\"https:\/\/siemysli-ke.info\/wp-content\/uploads\/2019\/05\/Marsz-Suwerenno\u015bci-2019.jpeg\",\"datePublished\":\"2019-05-24T16:05:44+00:00\",\"dateModified\":\"2019-05-24T16:45:37+00:00\",\"breadcrumb\":{\"@id\":\"https:\/\/siemysli-ke.info\/en\/bezinteresowni-narodowcy-z-konfederacji\/#breadcrumb\"},\"inLanguage\":\"en-US\",\"potentialAction\":[{\"@type\":\"ReadAction\",\"target\":[[\"https:\/\/siemysli-ke.info\/en\/bezinteresowni-narodowcy-z-konfederacji\/\"]]}]},{\"@type\":\"ImageObject\",\"inLanguage\":\"en-US\",\"@id\":\"https:\/\/siemysli-ke.info\/en\/bezinteresowni-narodowcy-z-konfederacji\/#primaryimage\",\"url\":\"https:\/\/siemysli-ke.info\/wp-content\/uploads\/2019\/05\/Marsz-Suwerenno\u015bci-2019.jpeg\",\"contentUrl\":\"https:\/\/siemysli-ke.info\/wp-content\/uploads\/2019\/05\/Marsz-Suwerenno\u015bci-2019.jpeg\",\"width\":788,\"height\":525},{\"@type\":\"BreadcrumbList\",\"@id\":\"https:\/\/siemysli-ke.info\/en\/bezinteresowni-narodowcy-z-konfederacji\/#breadcrumb\",\"itemListElement\":[{\"@type\":\"ListItem\",\"position\":1,\"name\":\"Home\",\"item\":\"https:\/\/siemysli-ke.info\/en\/\"},{\"@type\":\"ListItem\",\"position\":2,\"name\":\"(Polski) Bezinteresowni narodowcy z Konfederacji?\"}]},{\"@type\":\"WebSite\",\"@id\":\"https:\/\/siemysli-ke.info\/en\/#website\",\"url\":\"https:\/\/siemysli-ke.info\/en\/\",\"name\":\"SI\u0118 MY\u015aLI\",\"description\":\"\",\"publisher\":{\"@id\":\"https:\/\/siemysli-ke.info\/en\/#organization\"},\"potentialAction\":[{\"@type\":\"SearchAction\",\"target\":{\"@type\":\"EntryPoint\",\"urlTemplate\":\"https:\/\/siemysli-ke.info\/en\/?s={search_term_string}\"},\"query-input\":{\"@type\":\"PropertyValueSpecification\",\"valueRequired\":true,\"valueName\":\"search_term_string\"}}],\"inLanguage\":\"en-US\"},{\"@type\":\"Organization\",\"@id\":\"https:\/\/siemysli-ke.info\/en\/#organization\",\"name\":\"SI\u0118 MY\u015aLI\",\"url\":\"https:\/\/siemysli-ke.info\/en\/\",\"logo\":{\"@type\":\"ImageObject\",\"inLanguage\":\"en-US\",\"@id\":\"https:\/\/siemysli-ke.info\/en\/#\/schema\/logo\/image\/\",\"url\":\"https:\/\/siemysli-ke.info\/wp-content\/uploads\/2025\/05\/99.png\",\"contentUrl\":\"https:\/\/siemysli-ke.info\/wp-content\/uploads\/2025\/05\/99.png\",\"width\":270,\"height\":204,\"caption\":\"SI\u0118 MY\u015aLI\"},\"image\":{\"@id\":\"https:\/\/siemysli-ke.info\/en\/#\/schema\/logo\/image\/\"}},{\"@type\":\"Person\",\"@id\":\"https:\/\/siemysli-ke.info\/#\/schema\/person\/75326687448d6abf738b156f56385210\",\"name\":\"...\",\"image\":{\"@type\":\"ImageObject\",\"inLanguage\":\"en-US\",\"@id\":\"https:\/\/siemysli-ke.info\/en\/#\/schema\/person\/image\/\",\"url\":\"https:\/\/secure.gravatar.com\/avatar\/33a3c2559155e1b4add65cf88cafda785aeb920f44b97c7055b07866ab5b13c2?s=96&d=mm&r=g\",\"contentUrl\":\"https:\/\/secure.gravatar.com\/avatar\/33a3c2559155e1b4add65cf88cafda785aeb920f44b97c7055b07866ab5b13c2?s=96&d=mm&r=g\",\"caption\":\"...\"},\"url\":\"https:\/\/siemysli-ke.info\/en\/author\/lele\/\"}]}<\/script>\n<!-- \/ Yoast SEO plugin. -->","yoast_head_json":{"title":"(Polski) Bezinteresowni narodowcy z Konfederacji? - SI\u0118 MY\u015aLI","robots":{"index":"index","follow":"follow","max-snippet":"max-snippet:-1","max-image-preview":"max-image-preview:large","max-video-preview":"max-video-preview:-1"},"canonical":"https:\/\/siemysli-ke.info\/en\/bezinteresowni-narodowcy-z-konfederacji\/","og_locale":"en_US","og_type":"article","og_title":"(Polski) Bezinteresowni narodowcy z Konfederacji? - SI\u0118 MY\u015aLI","og_description":"Sorry, this entry is only available in Polski.","og_url":"https:\/\/siemysli-ke.info\/en\/bezinteresowni-narodowcy-z-konfederacji\/","og_site_name":"SI\u0118 MY\u015aLI","article_published_time":"2019-05-24T16:05:44+00:00","article_modified_time":"2019-05-24T16:45:37+00:00","og_image":[{"width":788,"height":525,"url":"https:\/\/siemysli-ke.info\/wp-content\/uploads\/2019\/05\/Marsz-Suwerenno\u015bci-2019.jpeg","type":"image\/jpeg"}],"author":"...","twitter_misc":{"Written by":"...","Est. reading time":"4 minutes"},"schema":{"@context":"https:\/\/schema.org","@graph":[{"@type":"Article","@id":"https:\/\/siemysli-ke.info\/en\/bezinteresowni-narodowcy-z-konfederacji\/#article","isPartOf":{"@id":"https:\/\/siemysli-ke.info\/en\/bezinteresowni-narodowcy-z-konfederacji\/"},"author":{"name":"...","@id":"https:\/\/siemysli-ke.info\/#\/schema\/person\/75326687448d6abf738b156f56385210"},"headline":"(Polski) Bezinteresowni narodowcy z Konfederacji?","datePublished":"2019-05-24T16:05:44+00:00","dateModified":"2019-05-24T16:45:37+00:00","mainEntityOfPage":{"@id":"https:\/\/siemysli-ke.info\/en\/bezinteresowni-narodowcy-z-konfederacji\/"},"wordCount":824,"commentCount":0,"publisher":{"@id":"https:\/\/siemysli-ke.info\/#organization"},"image":{"@id":"https:\/\/siemysli-ke.info\/en\/bezinteresowni-narodowcy-z-konfederacji\/#primaryimage"},"thumbnailUrl":"https:\/\/siemysli-ke.info\/wp-content\/uploads\/2019\/05\/Marsz-Suwerenno\u015bci-2019.jpeg","keywords":["Act 447","Armia Krajowa","dyskurs publiczny","Europa Wschodnia","Izrael","moc czynienia dobra","patriotyzm","pos\u0105dzenie o \u201eantysemityzm\u201d","przywr\u00f3cenie porz\u0105dk\u00f3w obszarniczo-feudalnych","restytucja \u017cydowskiego mienia bezspadkowego","Roman Boryczko","rz\u0105d Serbii","Senat\u00a0Stan\u00f3w Zjednoczonych Ameryki P\u00f3\u0142nocnej","Skarb Pa\u0144stwa","sojusz z USA i Izraelem","USA","zakulisowe rozmowy","zwi\u0105zane z parti\u0105 rz\u0105dz\u0105c\u0105"],"articleSection":["Rzeczypospolita"],"inLanguage":"en-US","potentialAction":[{"@type":"CommentAction","name":"Comment","target":["https:\/\/siemysli-ke.info\/en\/bezinteresowni-narodowcy-z-konfederacji\/#respond"]}]},{"@type":"WebPage","@id":"https:\/\/siemysli-ke.info\/en\/bezinteresowni-narodowcy-z-konfederacji\/","url":"https:\/\/siemysli-ke.info\/en\/bezinteresowni-narodowcy-z-konfederacji\/","name":"(Polski) Bezinteresowni narodowcy z Konfederacji? - SI\u0118 MY\u015aLI","isPartOf":{"@id":"https:\/\/siemysli-ke.info\/en\/#website"},"primaryImageOfPage":{"@id":"https:\/\/siemysli-ke.info\/en\/bezinteresowni-narodowcy-z-konfederacji\/#primaryimage"},"image":{"@id":"https:\/\/siemysli-ke.info\/en\/bezinteresowni-narodowcy-z-konfederacji\/#primaryimage"},"thumbnailUrl":"https:\/\/siemysli-ke.info\/wp-content\/uploads\/2019\/05\/Marsz-Suwerenno\u015bci-2019.jpeg","datePublished":"2019-05-24T16:05:44+00:00","dateModified":"2019-05-24T16:45:37+00:00","breadcrumb":{"@id":"https:\/\/siemysli-ke.info\/en\/bezinteresowni-narodowcy-z-konfederacji\/#breadcrumb"},"inLanguage":"en-US","potentialAction":[{"@type":"ReadAction","target":[["https:\/\/siemysli-ke.info\/en\/bezinteresowni-narodowcy-z-konfederacji\/"]]}]},{"@type":"ImageObject","inLanguage":"en-US","@id":"https:\/\/siemysli-ke.info\/en\/bezinteresowni-narodowcy-z-konfederacji\/#primaryimage","url":"https:\/\/siemysli-ke.info\/wp-content\/uploads\/2019\/05\/Marsz-Suwerenno\u015bci-2019.jpeg","contentUrl":"https:\/\/siemysli-ke.info\/wp-content\/uploads\/2019\/05\/Marsz-Suwerenno\u015bci-2019.jpeg","width":788,"height":525},{"@type":"BreadcrumbList","@id":"https:\/\/siemysli-ke.info\/en\/bezinteresowni-narodowcy-z-konfederacji\/#breadcrumb","itemListElement":[{"@type":"ListItem","position":1,"name":"Home","item":"https:\/\/siemysli-ke.info\/en\/"},{"@type":"ListItem","position":2,"name":"(Polski) Bezinteresowni narodowcy z Konfederacji?"}]},{"@type":"WebSite","@id":"https:\/\/siemysli-ke.info\/en\/#website","url":"https:\/\/siemysli-ke.info\/en\/","name":"SI\u0118 MY\u015aLI","description":"","publisher":{"@id":"https:\/\/siemysli-ke.info\/en\/#organization"},"potentialAction":[{"@type":"SearchAction","target":{"@type":"EntryPoint","urlTemplate":"https:\/\/siemysli-ke.info\/en\/?s={search_term_string}"},"query-input":{"@type":"PropertyValueSpecification","valueRequired":true,"valueName":"search_term_string"}}],"inLanguage":"en-US"},{"@type":"Organization","@id":"https:\/\/siemysli-ke.info\/en\/#organization","name":"SI\u0118 MY\u015aLI","url":"https:\/\/siemysli-ke.info\/en\/","logo":{"@type":"ImageObject","inLanguage":"en-US","@id":"https:\/\/siemysli-ke.info\/en\/#\/schema\/logo\/image\/","url":"https:\/\/siemysli-ke.info\/wp-content\/uploads\/2025\/05\/99.png","contentUrl":"https:\/\/siemysli-ke.info\/wp-content\/uploads\/2025\/05\/99.png","width":270,"height":204,"caption":"SI\u0118 MY\u015aLI"},"image":{"@id":"https:\/\/siemysli-ke.info\/en\/#\/schema\/logo\/image\/"}},{"@type":"Person","@id":"https:\/\/siemysli-ke.info\/#\/schema\/person\/75326687448d6abf738b156f56385210","name":"...","image":{"@type":"ImageObject","inLanguage":"en-US","@id":"https:\/\/siemysli-ke.info\/en\/#\/schema\/person\/image\/","url":"https:\/\/secure.gravatar.com\/avatar\/33a3c2559155e1b4add65cf88cafda785aeb920f44b97c7055b07866ab5b13c2?s=96&d=mm&r=g","contentUrl":"https:\/\/secure.gravatar.com\/avatar\/33a3c2559155e1b4add65cf88cafda785aeb920f44b97c7055b07866ab5b13c2?s=96&d=mm&r=g","caption":"..."},"url":"https:\/\/siemysli-ke.info\/en\/author\/lele\/"}]}},"_links":{"self":[{"href":"https:\/\/siemysli-ke.info\/en\/wp-json\/wp\/v2\/posts\/33332","targetHints":{"allow":["GET"]}}],"collection":[{"href":"https:\/\/siemysli-ke.info\/en\/wp-json\/wp\/v2\/posts"}],"about":[{"href":"https:\/\/siemysli-ke.info\/en\/wp-json\/wp\/v2\/types\/post"}],"author":[{"embeddable":true,"href":"https:\/\/siemysli-ke.info\/en\/wp-json\/wp\/v2\/users\/3"}],"replies":[{"embeddable":true,"href":"https:\/\/siemysli-ke.info\/en\/wp-json\/wp\/v2\/comments?post=33332"}],"version-history":[{"count":0,"href":"https:\/\/siemysli-ke.info\/en\/wp-json\/wp\/v2\/posts\/33332\/revisions"}],"wp:featuredmedia":[{"embeddable":true,"href":"https:\/\/siemysli-ke.info\/en\/wp-json\/wp\/v2\/media\/33333"}],"wp:attachment":[{"href":"https:\/\/siemysli-ke.info\/en\/wp-json\/wp\/v2\/media?parent=33332"}],"wp:term":[{"taxonomy":"category","embeddable":true,"href":"https:\/\/siemysli-ke.info\/en\/wp-json\/wp\/v2\/categories?post=33332"},{"taxonomy":"post_tag","embeddable":true,"href":"https:\/\/siemysli-ke.info\/en\/wp-json\/wp\/v2\/tags?post=33332"}],"curies":[{"name":"wp","href":"https:\/\/api.w.org\/{rel}","templated":true}]}}