 {"id":33122,"date":"2019-05-12T01:53:29","date_gmt":"2019-05-11T23:53:29","guid":{"rendered":"http:\/\/www.siemysli.info.ke\/?p=33122"},"modified":"2019-05-13T20:01:15","modified_gmt":"2019-05-13T18:01:15","slug":"11-maja-tego-sie-nie-da-przemilczec","status":"publish","type":"post","link":"https:\/\/siemysli-ke.info\/en\/11-maja-tego-sie-nie-da-przemilczec\/","title":{"rendered":"(Polski) 11. maja &#8211; tego si\u0119 nie da przemilcze\u0107"},"content":{"rendered":"<p class=\"qtranxs-available-languages-message qtranxs-available-languages-message-en\">Sorry, this entry is only available in <a href=\"https:\/\/siemysli-ke.info\/pl\/wp-json\/wp\/v2\/posts\/33122\" class=\"qtranxs-available-language-link qtranxs-available-language-link-pl\" title=\"Polski\">Polski<\/a>.<\/p>","protected":false},"excerpt":{"rendered":"<p>Sorry, this entry is only available in Polski.<\/p>\n","protected":false},"author":3,"featured_media":33165,"comment_status":"open","ping_status":"open","sticky":false,"template":"","format":"standard","meta":{"colormag_page_layout":"default_layout","footnotes":""},"categories":[80],"tags":[14612,14599,89,92,12627,14600,359],"class_list":["post-33122","post","type-post","status-publish","format-standard","has-post-thumbnail","hentry","category-galeria","tag-stop447","tag-11-maja-2019-marsz-przeciw-zydowskim-roszczeniom-wobec-polski","tag-breaking","tag-headline","tag-oddzial-na-wychodzstwie-sdp-w-lublinie","tag-oto-my-narod","tag-warszawa"],"yoast_head":"<!-- This site is optimized with the Yoast SEO plugin v25.1 - https:\/\/yoast.com\/wordpress\/plugins\/seo\/ -->\n<title>(Polski) 11. maja - tego si\u0119 nie da przemilcze\u0107 - SI\u0118 MY\u015aLI<\/title>\n<meta name=\"robots\" content=\"index, follow, max-snippet:-1, max-image-preview:large, max-video-preview:-1\" \/>\n<link rel=\"canonical\" href=\"https:\/\/siemysli-ke.info\/en\/11-maja-tego-sie-nie-da-przemilczec\/\" \/>\n<meta property=\"og:locale\" content=\"en_US\" \/>\n<meta property=\"og:type\" content=\"article\" \/>\n<meta property=\"og:title\" content=\"(Polski) 11. maja - tego si\u0119 nie da przemilcze\u0107 - SI\u0118 MY\u015aLI\" \/>\n<meta property=\"og:description\" content=\"Sorry, this entry is only available in Polski.\" \/>\n<meta property=\"og:url\" content=\"https:\/\/siemysli-ke.info\/en\/11-maja-tego-sie-nie-da-przemilczec\/\" \/>\n<meta property=\"og:site_name\" content=\"SI\u0118 MY\u015aLI\" \/>\n<meta property=\"article:published_time\" content=\"2019-05-11T23:53:29+00:00\" \/>\n<meta property=\"article:modified_time\" content=\"2019-05-13T18:01:15+00:00\" \/>\n<meta property=\"og:image\" content=\"https:\/\/siemysli-ke.info\/wp-content\/uploads\/2019\/05\/100_8332.jpg\" \/>\n\t<meta property=\"og:image:width\" content=\"724\" \/>\n\t<meta property=\"og:image:height\" content=\"543\" \/>\n\t<meta property=\"og:image:type\" content=\"image\/jpeg\" \/>\n<meta name=\"author\" content=\"...\" \/>\n<meta name=\"twitter:label1\" content=\"Written by\" \/>\n\t<meta name=\"twitter:data1\" content=\"...\" \/>\n<script type=\"application\/ld+json\" class=\"yoast-schema-graph\">{\"@context\":\"https:\/\/schema.org\",\"@graph\":[{\"@type\":\"Article\",\"@id\":\"https:\/\/siemysli-ke.info\/en\/11-maja-tego-sie-nie-da-przemilczec\/#article\",\"isPartOf\":{\"@id\":\"https:\/\/siemysli-ke.info\/en\/11-maja-tego-sie-nie-da-przemilczec\/\"},\"author\":{\"name\":\"...\",\"@id\":\"https:\/\/siemysli-ke.info\/#\/schema\/person\/75326687448d6abf738b156f56385210\"},\"headline\":\"(Polski) 11. maja &#8211; tego si\u0119 nie da przemilcze\u0107\",\"datePublished\":\"2019-05-11T23:53:29+00:00\",\"dateModified\":\"2019-05-13T18:01:15+00:00\",\"mainEntityOfPage\":{\"@id\":\"https:\/\/siemysli-ke.info\/en\/11-maja-tego-sie-nie-da-przemilczec\/\"},\"wordCount\":21,\"commentCount\":0,\"publisher\":{\"@id\":\"https:\/\/siemysli-ke.info\/#organization\"},\"image\":{\"@id\":\"https:\/\/siemysli-ke.info\/en\/11-maja-tego-sie-nie-da-przemilczec\/#primaryimage\"},\"thumbnailUrl\":\"https:\/\/siemysli-ke.info\/wp-content\/uploads\/2019\/05\/100_8332.jpg\",\"keywords\":[\"#STOP447\",\"11. maja 2019 - marsz przeciw \u017cydowskim roszczeniom wobec Polski\",\"breaking\",\"headline\",\"Oddzia\u0142 na Wychod\u017astwie SDP w Lublinie\",\"Oto My - Nar\u00f3d!\",\"Warszawa\"],\"articleSection\":[\"Galeria\"],\"inLanguage\":\"en-US\",\"potentialAction\":[{\"@type\":\"CommentAction\",\"name\":\"Comment\",\"target\":[\"https:\/\/siemysli-ke.info\/en\/11-maja-tego-sie-nie-da-przemilczec\/#respond\"]}]},{\"@type\":\"WebPage\",\"@id\":\"https:\/\/siemysli-ke.info\/en\/11-maja-tego-sie-nie-da-przemilczec\/\",\"url\":\"https:\/\/siemysli-ke.info\/en\/11-maja-tego-sie-nie-da-przemilczec\/\",\"name\":\"(Polski) 11. maja - tego si\u0119 nie da przemilcze\u0107 - SI\u0118 MY\u015aLI\",\"isPartOf\":{\"@id\":\"https:\/\/siemysli-ke.info\/en\/#website\"},\"primaryImageOfPage\":{\"@id\":\"https:\/\/siemysli-ke.info\/en\/11-maja-tego-sie-nie-da-przemilczec\/#primaryimage\"},\"image\":{\"@id\":\"https:\/\/siemysli-ke.info\/en\/11-maja-tego-sie-nie-da-przemilczec\/#primaryimage\"},\"thumbnailUrl\":\"https:\/\/siemysli-ke.info\/wp-content\/uploads\/2019\/05\/100_8332.jpg\",\"datePublished\":\"2019-05-11T23:53:29+00:00\",\"dateModified\":\"2019-05-13T18:01:15+00:00\",\"breadcrumb\":{\"@id\":\"https:\/\/siemysli-ke.info\/en\/11-maja-tego-sie-nie-da-przemilczec\/#breadcrumb\"},\"inLanguage\":\"en-US\",\"potentialAction\":[{\"@type\":\"ReadAction\",\"target\":[[\"https:\/\/siemysli-ke.info\/en\/11-maja-tego-sie-nie-da-przemilczec\/\"]]}]},{\"@type\":\"ImageObject\",\"inLanguage\":\"en-US\",\"@id\":\"https:\/\/siemysli-ke.info\/en\/11-maja-tego-sie-nie-da-przemilczec\/#primaryimage\",\"url\":\"https:\/\/siemysli-ke.info\/wp-content\/uploads\/2019\/05\/100_8332.jpg\",\"contentUrl\":\"https:\/\/siemysli-ke.info\/wp-content\/uploads\/2019\/05\/100_8332.jpg\",\"width\":724,\"height\":543},{\"@type\":\"BreadcrumbList\",\"@id\":\"https:\/\/siemysli-ke.info\/en\/11-maja-tego-sie-nie-da-przemilczec\/#breadcrumb\",\"itemListElement\":[{\"@type\":\"ListItem\",\"position\":1,\"name\":\"Home\",\"item\":\"https:\/\/siemysli-ke.info\/en\/\"},{\"@type\":\"ListItem\",\"position\":2,\"name\":\"(Polski) 11. maja &#8211; tego si\u0119 nie da przemilcze\u0107\"}]},{\"@type\":\"WebSite\",\"@id\":\"https:\/\/siemysli-ke.info\/en\/#website\",\"url\":\"https:\/\/siemysli-ke.info\/en\/\",\"name\":\"SI\u0118 MY\u015aLI\",\"description\":\"\",\"publisher\":{\"@id\":\"https:\/\/siemysli-ke.info\/en\/#organization\"},\"potentialAction\":[{\"@type\":\"SearchAction\",\"target\":{\"@type\":\"EntryPoint\",\"urlTemplate\":\"https:\/\/siemysli-ke.info\/en\/?s={search_term_string}\"},\"query-input\":{\"@type\":\"PropertyValueSpecification\",\"valueRequired\":true,\"valueName\":\"search_term_string\"}}],\"inLanguage\":\"en-US\"},{\"@type\":\"Organization\",\"@id\":\"https:\/\/siemysli-ke.info\/en\/#organization\",\"name\":\"SI\u0118 MY\u015aLI\",\"url\":\"https:\/\/siemysli-ke.info\/en\/\",\"logo\":{\"@type\":\"ImageObject\",\"inLanguage\":\"en-US\",\"@id\":\"https:\/\/siemysli-ke.info\/en\/#\/schema\/logo\/image\/\",\"url\":\"https:\/\/siemysli-ke.info\/wp-content\/uploads\/2025\/05\/99.png\",\"contentUrl\":\"https:\/\/siemysli-ke.info\/wp-content\/uploads\/2025\/05\/99.png\",\"width\":270,\"height\":204,\"caption\":\"SI\u0118 MY\u015aLI\"},\"image\":{\"@id\":\"https:\/\/siemysli-ke.info\/en\/#\/schema\/logo\/image\/\"}},{\"@type\":\"Person\",\"@id\":\"https:\/\/siemysli-ke.info\/#\/schema\/person\/75326687448d6abf738b156f56385210\",\"name\":\"...\",\"image\":{\"@type\":\"ImageObject\",\"inLanguage\":\"en-US\",\"@id\":\"https:\/\/siemysli-ke.info\/en\/#\/schema\/person\/image\/\",\"url\":\"https:\/\/secure.gravatar.com\/avatar\/33a3c2559155e1b4add65cf88cafda785aeb920f44b97c7055b07866ab5b13c2?s=96&d=mm&r=g\",\"contentUrl\":\"https:\/\/secure.gravatar.com\/avatar\/33a3c2559155e1b4add65cf88cafda785aeb920f44b97c7055b07866ab5b13c2?s=96&d=mm&r=g\",\"caption\":\"...\"},\"url\":\"https:\/\/siemysli-ke.info\/en\/author\/lele\/\"}]}<\/script>\n<!-- \/ Yoast SEO plugin. -->","yoast_head_json":{"title":"(Polski) 11. maja - tego si\u0119 nie da przemilcze\u0107 - SI\u0118 MY\u015aLI","robots":{"index":"index","follow":"follow","max-snippet":"max-snippet:-1","max-image-preview":"max-image-preview:large","max-video-preview":"max-video-preview:-1"},"canonical":"https:\/\/siemysli-ke.info\/en\/11-maja-tego-sie-nie-da-przemilczec\/","og_locale":"en_US","og_type":"article","og_title":"(Polski) 11. maja - tego si\u0119 nie da przemilcze\u0107 - SI\u0118 MY\u015aLI","og_description":"Sorry, this entry is only available in Polski.","og_url":"https:\/\/siemysli-ke.info\/en\/11-maja-tego-sie-nie-da-przemilczec\/","og_site_name":"SI\u0118 MY\u015aLI","article_published_time":"2019-05-11T23:53:29+00:00","article_modified_time":"2019-05-13T18:01:15+00:00","og_image":[{"width":724,"height":543,"url":"https:\/\/siemysli-ke.info\/wp-content\/uploads\/2019\/05\/100_8332.jpg","type":"image\/jpeg"}],"author":"...","twitter_misc":{"Written by":"..."},"schema":{"@context":"https:\/\/schema.org","@graph":[{"@type":"Article","@id":"https:\/\/siemysli-ke.info\/en\/11-maja-tego-sie-nie-da-przemilczec\/#article","isPartOf":{"@id":"https:\/\/siemysli-ke.info\/en\/11-maja-tego-sie-nie-da-przemilczec\/"},"author":{"name":"...","@id":"https:\/\/siemysli-ke.info\/#\/schema\/person\/75326687448d6abf738b156f56385210"},"headline":"(Polski) 11. maja &#8211; tego si\u0119 nie da przemilcze\u0107","datePublished":"2019-05-11T23:53:29+00:00","dateModified":"2019-05-13T18:01:15+00:00","mainEntityOfPage":{"@id":"https:\/\/siemysli-ke.info\/en\/11-maja-tego-sie-nie-da-przemilczec\/"},"wordCount":21,"commentCount":0,"publisher":{"@id":"https:\/\/siemysli-ke.info\/#organization"},"image":{"@id":"https:\/\/siemysli-ke.info\/en\/11-maja-tego-sie-nie-da-przemilczec\/#primaryimage"},"thumbnailUrl":"https:\/\/siemysli-ke.info\/wp-content\/uploads\/2019\/05\/100_8332.jpg","keywords":["#STOP447","11. maja 2019 - marsz przeciw \u017cydowskim roszczeniom wobec Polski","breaking","headline","Oddzia\u0142 na Wychod\u017astwie SDP w Lublinie","Oto My - Nar\u00f3d!","Warszawa"],"articleSection":["Galeria"],"inLanguage":"en-US","potentialAction":[{"@type":"CommentAction","name":"Comment","target":["https:\/\/siemysli-ke.info\/en\/11-maja-tego-sie-nie-da-przemilczec\/#respond"]}]},{"@type":"WebPage","@id":"https:\/\/siemysli-ke.info\/en\/11-maja-tego-sie-nie-da-przemilczec\/","url":"https:\/\/siemysli-ke.info\/en\/11-maja-tego-sie-nie-da-przemilczec\/","name":"(Polski) 11. maja - tego si\u0119 nie da przemilcze\u0107 - SI\u0118 MY\u015aLI","isPartOf":{"@id":"https:\/\/siemysli-ke.info\/en\/#website"},"primaryImageOfPage":{"@id":"https:\/\/siemysli-ke.info\/en\/11-maja-tego-sie-nie-da-przemilczec\/#primaryimage"},"image":{"@id":"https:\/\/siemysli-ke.info\/en\/11-maja-tego-sie-nie-da-przemilczec\/#primaryimage"},"thumbnailUrl":"https:\/\/siemysli-ke.info\/wp-content\/uploads\/2019\/05\/100_8332.jpg","datePublished":"2019-05-11T23:53:29+00:00","dateModified":"2019-05-13T18:01:15+00:00","breadcrumb":{"@id":"https:\/\/siemysli-ke.info\/en\/11-maja-tego-sie-nie-da-przemilczec\/#breadcrumb"},"inLanguage":"en-US","potentialAction":[{"@type":"ReadAction","target":[["https:\/\/siemysli-ke.info\/en\/11-maja-tego-sie-nie-da-przemilczec\/"]]}]},{"@type":"ImageObject","inLanguage":"en-US","@id":"https:\/\/siemysli-ke.info\/en\/11-maja-tego-sie-nie-da-przemilczec\/#primaryimage","url":"https:\/\/siemysli-ke.info\/wp-content\/uploads\/2019\/05\/100_8332.jpg","contentUrl":"https:\/\/siemysli-ke.info\/wp-content\/uploads\/2019\/05\/100_8332.jpg","width":724,"height":543},{"@type":"BreadcrumbList","@id":"https:\/\/siemysli-ke.info\/en\/11-maja-tego-sie-nie-da-przemilczec\/#breadcrumb","itemListElement":[{"@type":"ListItem","position":1,"name":"Home","item":"https:\/\/siemysli-ke.info\/en\/"},{"@type":"ListItem","position":2,"name":"(Polski) 11. maja &#8211; tego si\u0119 nie da przemilcze\u0107"}]},{"@type":"WebSite","@id":"https:\/\/siemysli-ke.info\/en\/#website","url":"https:\/\/siemysli-ke.info\/en\/","name":"SI\u0118 MY\u015aLI","description":"","publisher":{"@id":"https:\/\/siemysli-ke.info\/en\/#organization"},"potentialAction":[{"@type":"SearchAction","target":{"@type":"EntryPoint","urlTemplate":"https:\/\/siemysli-ke.info\/en\/?s={search_term_string}"},"query-input":{"@type":"PropertyValueSpecification","valueRequired":true,"valueName":"search_term_string"}}],"inLanguage":"en-US"},{"@type":"Organization","@id":"https:\/\/siemysli-ke.info\/en\/#organization","name":"SI\u0118 MY\u015aLI","url":"https:\/\/siemysli-ke.info\/en\/","logo":{"@type":"ImageObject","inLanguage":"en-US","@id":"https:\/\/siemysli-ke.info\/en\/#\/schema\/logo\/image\/","url":"https:\/\/siemysli-ke.info\/wp-content\/uploads\/2025\/05\/99.png","contentUrl":"https:\/\/siemysli-ke.info\/wp-content\/uploads\/2025\/05\/99.png","width":270,"height":204,"caption":"SI\u0118 MY\u015aLI"},"image":{"@id":"https:\/\/siemysli-ke.info\/en\/#\/schema\/logo\/image\/"}},{"@type":"Person","@id":"https:\/\/siemysli-ke.info\/#\/schema\/person\/75326687448d6abf738b156f56385210","name":"...","image":{"@type":"ImageObject","inLanguage":"en-US","@id":"https:\/\/siemysli-ke.info\/en\/#\/schema\/person\/image\/","url":"https:\/\/secure.gravatar.com\/avatar\/33a3c2559155e1b4add65cf88cafda785aeb920f44b97c7055b07866ab5b13c2?s=96&d=mm&r=g","contentUrl":"https:\/\/secure.gravatar.com\/avatar\/33a3c2559155e1b4add65cf88cafda785aeb920f44b97c7055b07866ab5b13c2?s=96&d=mm&r=g","caption":"..."},"url":"https:\/\/siemysli-ke.info\/en\/author\/lele\/"}]}},"_links":{"self":[{"href":"https:\/\/siemysli-ke.info\/en\/wp-json\/wp\/v2\/posts\/33122","targetHints":{"allow":["GET"]}}],"collection":[{"href":"https:\/\/siemysli-ke.info\/en\/wp-json\/wp\/v2\/posts"}],"about":[{"href":"https:\/\/siemysli-ke.info\/en\/wp-json\/wp\/v2\/types\/post"}],"author":[{"embeddable":true,"href":"https:\/\/siemysli-ke.info\/en\/wp-json\/wp\/v2\/users\/3"}],"replies":[{"embeddable":true,"href":"https:\/\/siemysli-ke.info\/en\/wp-json\/wp\/v2\/comments?post=33122"}],"version-history":[{"count":0,"href":"https:\/\/siemysli-ke.info\/en\/wp-json\/wp\/v2\/posts\/33122\/revisions"}],"wp:featuredmedia":[{"embeddable":true,"href":"https:\/\/siemysli-ke.info\/en\/wp-json\/wp\/v2\/media\/33165"}],"wp:attachment":[{"href":"https:\/\/siemysli-ke.info\/en\/wp-json\/wp\/v2\/media?parent=33122"}],"wp:term":[{"taxonomy":"category","embeddable":true,"href":"https:\/\/siemysli-ke.info\/en\/wp-json\/wp\/v2\/categories?post=33122"},{"taxonomy":"post_tag","embeddable":true,"href":"https:\/\/siemysli-ke.info\/en\/wp-json\/wp\/v2\/tags?post=33122"}],"curies":[{"name":"wp","href":"https:\/\/api.w.org\/{rel}","templated":true}]}}