 {"id":31607,"date":"2018-12-15T12:30:52","date_gmt":"2018-12-15T11:30:52","guid":{"rendered":"http:\/\/www.siemysli.info.ke\/?p=31607"},"modified":"2018-12-15T12:30:52","modified_gmt":"2018-12-15T11:30:52","slug":"dr-jozef-zielinski-polski-anarchista-w-paryzu-2","status":"publish","type":"post","link":"https:\/\/siemysli-ke.info\/en\/dr-jozef-zielinski-polski-anarchista-w-paryzu-2\/","title":{"rendered":"(Polski) Dr J\u00f3zef Zieli\u0144ski &#8211; polski anarchista w Pary\u017cu (2)"},"content":{"rendered":"<p class=\"qtranxs-available-languages-message qtranxs-available-languages-message-en\">Sorry, this entry is only available in <a href=\"https:\/\/siemysli-ke.info\/pl\/wp-json\/wp\/v2\/posts\/31607\" class=\"qtranxs-available-language-link qtranxs-available-language-link-pl\" title=\"Polski\">Polski<\/a>.<\/p>","protected":false},"excerpt":{"rendered":"<p>Sorry, this entry is only available in Polski.<\/p>\n","protected":false},"author":3,"featured_media":31608,"comment_status":"open","ping_status":"open","sticky":false,"template":"","format":"standard","meta":{"colormag_page_layout":"default_layout","footnotes":""},"categories":[3],"tags":[4367,13264,13223,5015,13270,13267,13216,13262,13268,13225,13263,13269,7652,13273,13272,13265,13271,13266],"class_list":["post-31607","post","type-post","status-publish","format-standard","has-post-thumbnail","hentry","category-kultura","tag-arkadiusz-jelen","tag-boleslaw-a-jedrzejewski","tag-boleslaw-limanowski","tag-edward-abramowski","tag-elizeusz-reclus","tag-henryk-gierszynski","tag-iza-zielinska","tag-jozef-wasowski","tag-jozef-zielinski","tag-kazimierz-kelles-krauz","tag-komitet-zagraniczny-pps","tag-leon-wasilewski","tag-ludwik-krzywicki","tag-polska-sekcja-ligi-wolnej-mysli","tag-polski-uniwersytet-ludowy-w-paryzu","tag-sekcja-paryska-oddzialu-zagranicznego-pps","tag-towarzystwo-robotnicze-solidarnosc-paryz-1901","tag-v-miedzynarodowy-kongres-socjalistyczny-paryz-1900"],"yoast_head":"<!-- This site is optimized with the Yoast SEO plugin v25.1 - https:\/\/yoast.com\/wordpress\/plugins\/seo\/ -->\n<title>(Polski) Dr J\u00f3zef Zieli\u0144ski - polski anarchista w Pary\u017cu (2) - SI\u0118 MY\u015aLI<\/title>\n<meta name=\"robots\" content=\"index, follow, max-snippet:-1, max-image-preview:large, max-video-preview:-1\" \/>\n<link rel=\"canonical\" href=\"https:\/\/siemysli-ke.info\/en\/dr-jozef-zielinski-polski-anarchista-w-paryzu-2\/\" \/>\n<meta property=\"og:locale\" content=\"en_US\" \/>\n<meta property=\"og:type\" content=\"article\" \/>\n<meta property=\"og:title\" content=\"(Polski) Dr J\u00f3zef Zieli\u0144ski - polski anarchista w Pary\u017cu (2) - SI\u0118 MY\u015aLI\" \/>\n<meta property=\"og:description\" content=\"Sorry, this entry is only available in Polski.\" \/>\n<meta property=\"og:url\" content=\"https:\/\/siemysli-ke.info\/en\/dr-jozef-zielinski-polski-anarchista-w-paryzu-2\/\" \/>\n<meta property=\"og:site_name\" content=\"SI\u0118 MY\u015aLI\" \/>\n<meta property=\"article:published_time\" content=\"2018-12-15T11:30:52+00:00\" \/>\n<meta property=\"og:image\" content=\"https:\/\/siemysli-ke.info\/wp-content\/uploads\/2018\/12\/Zieli\u0144ski_-_Strajk.png\" \/>\n\t<meta property=\"og:image:width\" content=\"462\" \/>\n\t<meta property=\"og:image:height\" content=\"705\" \/>\n\t<meta property=\"og:image:type\" content=\"image\/png\" \/>\n<meta name=\"author\" content=\"...\" \/>\n<meta name=\"twitter:label1\" content=\"Written by\" \/>\n\t<meta name=\"twitter:data1\" content=\"...\" \/>\n\t<meta name=\"twitter:label2\" content=\"Est. reading time\" \/>\n\t<meta name=\"twitter:data2\" content=\"7 minutes\" \/>\n<script type=\"application\/ld+json\" class=\"yoast-schema-graph\">{\"@context\":\"https:\/\/schema.org\",\"@graph\":[{\"@type\":\"Article\",\"@id\":\"https:\/\/siemysli-ke.info\/en\/dr-jozef-zielinski-polski-anarchista-w-paryzu-2\/#article\",\"isPartOf\":{\"@id\":\"https:\/\/siemysli-ke.info\/en\/dr-jozef-zielinski-polski-anarchista-w-paryzu-2\/\"},\"author\":{\"name\":\"...\",\"@id\":\"https:\/\/siemysli-ke.info\/#\/schema\/person\/75326687448d6abf738b156f56385210\"},\"headline\":\"(Polski) Dr J\u00f3zef Zieli\u0144ski &#8211; polski anarchista w Pary\u017cu (2)\",\"datePublished\":\"2018-12-15T11:30:52+00:00\",\"mainEntityOfPage\":{\"@id\":\"https:\/\/siemysli-ke.info\/en\/dr-jozef-zielinski-polski-anarchista-w-paryzu-2\/\"},\"wordCount\":1380,\"commentCount\":0,\"publisher\":{\"@id\":\"https:\/\/siemysli-ke.info\/#organization\"},\"image\":{\"@id\":\"https:\/\/siemysli-ke.info\/en\/dr-jozef-zielinski-polski-anarchista-w-paryzu-2\/#primaryimage\"},\"thumbnailUrl\":\"https:\/\/siemysli-ke.info\/wp-content\/uploads\/2018\/12\/Zieli\u0144ski_-_Strajk.png\",\"keywords\":[\"Arkadiusz Jele\u0144\",\"Boles\u0142aw A. J\u0119drzejewski\",\"Boles\u0142aw Limanowski\",\"Edward Abramowski\",\"Elizeusz Reclus\",\"Henryk Gierszy\u0144ski\",\"Iza Zieli\u0144ska\",\"J\u00f3zef Wasowski\",\"J\u00f3zef Zieli\u0144ski\",\"Kazimierz Kelles-Krauz\",\"Komitet Zagraniczny PPS\",\"Leon Wasilewski\",\"Ludwik Krzywicki\",\"Polska Sekcja \\\"Ligi Wolnej My\u015bli\\\"\",\"Polski Uniwersytet Ludowy w Pary\u017cu\",\"Sekcja Paryska Oddzia\u0142u Zagranicznego PPS\",\"Towarzystwo Robotnicze \\\"Solidarno\u015b\u0107 \\\" - Pary\u017c 1901\",\"V Mi\u0119dzynarodowy Kongres Socjalistyczny - Pary\u017c 1900\"],\"articleSection\":[\"Kultura\"],\"inLanguage\":\"en-US\",\"potentialAction\":[{\"@type\":\"CommentAction\",\"name\":\"Comment\",\"target\":[\"https:\/\/siemysli-ke.info\/en\/dr-jozef-zielinski-polski-anarchista-w-paryzu-2\/#respond\"]}]},{\"@type\":\"WebPage\",\"@id\":\"https:\/\/siemysli-ke.info\/en\/dr-jozef-zielinski-polski-anarchista-w-paryzu-2\/\",\"url\":\"https:\/\/siemysli-ke.info\/en\/dr-jozef-zielinski-polski-anarchista-w-paryzu-2\/\",\"name\":\"(Polski) Dr J\u00f3zef Zieli\u0144ski - polski anarchista w Pary\u017cu (2) - SI\u0118 MY\u015aLI\",\"isPartOf\":{\"@id\":\"https:\/\/siemysli-ke.info\/en\/#website\"},\"primaryImageOfPage\":{\"@id\":\"https:\/\/siemysli-ke.info\/en\/dr-jozef-zielinski-polski-anarchista-w-paryzu-2\/#primaryimage\"},\"image\":{\"@id\":\"https:\/\/siemysli-ke.info\/en\/dr-jozef-zielinski-polski-anarchista-w-paryzu-2\/#primaryimage\"},\"thumbnailUrl\":\"https:\/\/siemysli-ke.info\/wp-content\/uploads\/2018\/12\/Zieli\u0144ski_-_Strajk.png\",\"datePublished\":\"2018-12-15T11:30:52+00:00\",\"breadcrumb\":{\"@id\":\"https:\/\/siemysli-ke.info\/en\/dr-jozef-zielinski-polski-anarchista-w-paryzu-2\/#breadcrumb\"},\"inLanguage\":\"en-US\",\"potentialAction\":[{\"@type\":\"ReadAction\",\"target\":[[\"https:\/\/siemysli-ke.info\/en\/dr-jozef-zielinski-polski-anarchista-w-paryzu-2\/\"]]}]},{\"@type\":\"ImageObject\",\"inLanguage\":\"en-US\",\"@id\":\"https:\/\/siemysli-ke.info\/en\/dr-jozef-zielinski-polski-anarchista-w-paryzu-2\/#primaryimage\",\"url\":\"https:\/\/siemysli-ke.info\/wp-content\/uploads\/2018\/12\/Zieli\u0144ski_-_Strajk.png\",\"contentUrl\":\"https:\/\/siemysli-ke.info\/wp-content\/uploads\/2018\/12\/Zieli\u0144ski_-_Strajk.png\",\"width\":462,\"height\":705},{\"@type\":\"BreadcrumbList\",\"@id\":\"https:\/\/siemysli-ke.info\/en\/dr-jozef-zielinski-polski-anarchista-w-paryzu-2\/#breadcrumb\",\"itemListElement\":[{\"@type\":\"ListItem\",\"position\":1,\"name\":\"Home\",\"item\":\"https:\/\/siemysli-ke.info\/en\/\"},{\"@type\":\"ListItem\",\"position\":2,\"name\":\"(Polski) Dr J\u00f3zef Zieli\u0144ski &#8211; polski anarchista w Pary\u017cu (2)\"}]},{\"@type\":\"WebSite\",\"@id\":\"https:\/\/siemysli-ke.info\/en\/#website\",\"url\":\"https:\/\/siemysli-ke.info\/en\/\",\"name\":\"SI\u0118 MY\u015aLI\",\"description\":\"\",\"publisher\":{\"@id\":\"https:\/\/siemysli-ke.info\/en\/#organization\"},\"potentialAction\":[{\"@type\":\"SearchAction\",\"target\":{\"@type\":\"EntryPoint\",\"urlTemplate\":\"https:\/\/siemysli-ke.info\/en\/?s={search_term_string}\"},\"query-input\":{\"@type\":\"PropertyValueSpecification\",\"valueRequired\":true,\"valueName\":\"search_term_string\"}}],\"inLanguage\":\"en-US\"},{\"@type\":\"Organization\",\"@id\":\"https:\/\/siemysli-ke.info\/en\/#organization\",\"name\":\"SI\u0118 MY\u015aLI\",\"url\":\"https:\/\/siemysli-ke.info\/en\/\",\"logo\":{\"@type\":\"ImageObject\",\"inLanguage\":\"en-US\",\"@id\":\"https:\/\/siemysli-ke.info\/en\/#\/schema\/logo\/image\/\",\"url\":\"https:\/\/siemysli-ke.info\/wp-content\/uploads\/2025\/05\/99.png\",\"contentUrl\":\"https:\/\/siemysli-ke.info\/wp-content\/uploads\/2025\/05\/99.png\",\"width\":270,\"height\":204,\"caption\":\"SI\u0118 MY\u015aLI\"},\"image\":{\"@id\":\"https:\/\/siemysli-ke.info\/en\/#\/schema\/logo\/image\/\"}},{\"@type\":\"Person\",\"@id\":\"https:\/\/siemysli-ke.info\/#\/schema\/person\/75326687448d6abf738b156f56385210\",\"name\":\"...\",\"image\":{\"@type\":\"ImageObject\",\"inLanguage\":\"en-US\",\"@id\":\"https:\/\/siemysli-ke.info\/en\/#\/schema\/person\/image\/\",\"url\":\"https:\/\/secure.gravatar.com\/avatar\/33a3c2559155e1b4add65cf88cafda785aeb920f44b97c7055b07866ab5b13c2?s=96&d=mm&r=g\",\"contentUrl\":\"https:\/\/secure.gravatar.com\/avatar\/33a3c2559155e1b4add65cf88cafda785aeb920f44b97c7055b07866ab5b13c2?s=96&d=mm&r=g\",\"caption\":\"...\"},\"url\":\"https:\/\/siemysli-ke.info\/en\/author\/lele\/\"}]}<\/script>\n<!-- \/ Yoast SEO plugin. -->","yoast_head_json":{"title":"(Polski) Dr J\u00f3zef Zieli\u0144ski - polski anarchista w Pary\u017cu (2) - SI\u0118 MY\u015aLI","robots":{"index":"index","follow":"follow","max-snippet":"max-snippet:-1","max-image-preview":"max-image-preview:large","max-video-preview":"max-video-preview:-1"},"canonical":"https:\/\/siemysli-ke.info\/en\/dr-jozef-zielinski-polski-anarchista-w-paryzu-2\/","og_locale":"en_US","og_type":"article","og_title":"(Polski) Dr J\u00f3zef Zieli\u0144ski - polski anarchista w Pary\u017cu (2) - SI\u0118 MY\u015aLI","og_description":"Sorry, this entry is only available in Polski.","og_url":"https:\/\/siemysli-ke.info\/en\/dr-jozef-zielinski-polski-anarchista-w-paryzu-2\/","og_site_name":"SI\u0118 MY\u015aLI","article_published_time":"2018-12-15T11:30:52+00:00","og_image":[{"width":462,"height":705,"url":"https:\/\/siemysli-ke.info\/wp-content\/uploads\/2018\/12\/Zieli\u0144ski_-_Strajk.png","type":"image\/png"}],"author":"...","twitter_misc":{"Written by":"...","Est. reading time":"7 minutes"},"schema":{"@context":"https:\/\/schema.org","@graph":[{"@type":"Article","@id":"https:\/\/siemysli-ke.info\/en\/dr-jozef-zielinski-polski-anarchista-w-paryzu-2\/#article","isPartOf":{"@id":"https:\/\/siemysli-ke.info\/en\/dr-jozef-zielinski-polski-anarchista-w-paryzu-2\/"},"author":{"name":"...","@id":"https:\/\/siemysli-ke.info\/#\/schema\/person\/75326687448d6abf738b156f56385210"},"headline":"(Polski) Dr J\u00f3zef Zieli\u0144ski &#8211; polski anarchista w Pary\u017cu (2)","datePublished":"2018-12-15T11:30:52+00:00","mainEntityOfPage":{"@id":"https:\/\/siemysli-ke.info\/en\/dr-jozef-zielinski-polski-anarchista-w-paryzu-2\/"},"wordCount":1380,"commentCount":0,"publisher":{"@id":"https:\/\/siemysli-ke.info\/#organization"},"image":{"@id":"https:\/\/siemysli-ke.info\/en\/dr-jozef-zielinski-polski-anarchista-w-paryzu-2\/#primaryimage"},"thumbnailUrl":"https:\/\/siemysli-ke.info\/wp-content\/uploads\/2018\/12\/Zieli\u0144ski_-_Strajk.png","keywords":["Arkadiusz Jele\u0144","Boles\u0142aw A. J\u0119drzejewski","Boles\u0142aw Limanowski","Edward Abramowski","Elizeusz Reclus","Henryk Gierszy\u0144ski","Iza Zieli\u0144ska","J\u00f3zef Wasowski","J\u00f3zef Zieli\u0144ski","Kazimierz Kelles-Krauz","Komitet Zagraniczny PPS","Leon Wasilewski","Ludwik Krzywicki","Polska Sekcja \"Ligi Wolnej My\u015bli\"","Polski Uniwersytet Ludowy w Pary\u017cu","Sekcja Paryska Oddzia\u0142u Zagranicznego PPS","Towarzystwo Robotnicze \"Solidarno\u015b\u0107 \" - Pary\u017c 1901","V Mi\u0119dzynarodowy Kongres Socjalistyczny - Pary\u017c 1900"],"articleSection":["Kultura"],"inLanguage":"en-US","potentialAction":[{"@type":"CommentAction","name":"Comment","target":["https:\/\/siemysli-ke.info\/en\/dr-jozef-zielinski-polski-anarchista-w-paryzu-2\/#respond"]}]},{"@type":"WebPage","@id":"https:\/\/siemysli-ke.info\/en\/dr-jozef-zielinski-polski-anarchista-w-paryzu-2\/","url":"https:\/\/siemysli-ke.info\/en\/dr-jozef-zielinski-polski-anarchista-w-paryzu-2\/","name":"(Polski) Dr J\u00f3zef Zieli\u0144ski - polski anarchista w Pary\u017cu (2) - SI\u0118 MY\u015aLI","isPartOf":{"@id":"https:\/\/siemysli-ke.info\/en\/#website"},"primaryImageOfPage":{"@id":"https:\/\/siemysli-ke.info\/en\/dr-jozef-zielinski-polski-anarchista-w-paryzu-2\/#primaryimage"},"image":{"@id":"https:\/\/siemysli-ke.info\/en\/dr-jozef-zielinski-polski-anarchista-w-paryzu-2\/#primaryimage"},"thumbnailUrl":"https:\/\/siemysli-ke.info\/wp-content\/uploads\/2018\/12\/Zieli\u0144ski_-_Strajk.png","datePublished":"2018-12-15T11:30:52+00:00","breadcrumb":{"@id":"https:\/\/siemysli-ke.info\/en\/dr-jozef-zielinski-polski-anarchista-w-paryzu-2\/#breadcrumb"},"inLanguage":"en-US","potentialAction":[{"@type":"ReadAction","target":[["https:\/\/siemysli-ke.info\/en\/dr-jozef-zielinski-polski-anarchista-w-paryzu-2\/"]]}]},{"@type":"ImageObject","inLanguage":"en-US","@id":"https:\/\/siemysli-ke.info\/en\/dr-jozef-zielinski-polski-anarchista-w-paryzu-2\/#primaryimage","url":"https:\/\/siemysli-ke.info\/wp-content\/uploads\/2018\/12\/Zieli\u0144ski_-_Strajk.png","contentUrl":"https:\/\/siemysli-ke.info\/wp-content\/uploads\/2018\/12\/Zieli\u0144ski_-_Strajk.png","width":462,"height":705},{"@type":"BreadcrumbList","@id":"https:\/\/siemysli-ke.info\/en\/dr-jozef-zielinski-polski-anarchista-w-paryzu-2\/#breadcrumb","itemListElement":[{"@type":"ListItem","position":1,"name":"Home","item":"https:\/\/siemysli-ke.info\/en\/"},{"@type":"ListItem","position":2,"name":"(Polski) Dr J\u00f3zef Zieli\u0144ski &#8211; polski anarchista w Pary\u017cu (2)"}]},{"@type":"WebSite","@id":"https:\/\/siemysli-ke.info\/en\/#website","url":"https:\/\/siemysli-ke.info\/en\/","name":"SI\u0118 MY\u015aLI","description":"","publisher":{"@id":"https:\/\/siemysli-ke.info\/en\/#organization"},"potentialAction":[{"@type":"SearchAction","target":{"@type":"EntryPoint","urlTemplate":"https:\/\/siemysli-ke.info\/en\/?s={search_term_string}"},"query-input":{"@type":"PropertyValueSpecification","valueRequired":true,"valueName":"search_term_string"}}],"inLanguage":"en-US"},{"@type":"Organization","@id":"https:\/\/siemysli-ke.info\/en\/#organization","name":"SI\u0118 MY\u015aLI","url":"https:\/\/siemysli-ke.info\/en\/","logo":{"@type":"ImageObject","inLanguage":"en-US","@id":"https:\/\/siemysli-ke.info\/en\/#\/schema\/logo\/image\/","url":"https:\/\/siemysli-ke.info\/wp-content\/uploads\/2025\/05\/99.png","contentUrl":"https:\/\/siemysli-ke.info\/wp-content\/uploads\/2025\/05\/99.png","width":270,"height":204,"caption":"SI\u0118 MY\u015aLI"},"image":{"@id":"https:\/\/siemysli-ke.info\/en\/#\/schema\/logo\/image\/"}},{"@type":"Person","@id":"https:\/\/siemysli-ke.info\/#\/schema\/person\/75326687448d6abf738b156f56385210","name":"...","image":{"@type":"ImageObject","inLanguage":"en-US","@id":"https:\/\/siemysli-ke.info\/en\/#\/schema\/person\/image\/","url":"https:\/\/secure.gravatar.com\/avatar\/33a3c2559155e1b4add65cf88cafda785aeb920f44b97c7055b07866ab5b13c2?s=96&d=mm&r=g","contentUrl":"https:\/\/secure.gravatar.com\/avatar\/33a3c2559155e1b4add65cf88cafda785aeb920f44b97c7055b07866ab5b13c2?s=96&d=mm&r=g","caption":"..."},"url":"https:\/\/siemysli-ke.info\/en\/author\/lele\/"}]}},"_links":{"self":[{"href":"https:\/\/siemysli-ke.info\/en\/wp-json\/wp\/v2\/posts\/31607","targetHints":{"allow":["GET"]}}],"collection":[{"href":"https:\/\/siemysli-ke.info\/en\/wp-json\/wp\/v2\/posts"}],"about":[{"href":"https:\/\/siemysli-ke.info\/en\/wp-json\/wp\/v2\/types\/post"}],"author":[{"embeddable":true,"href":"https:\/\/siemysli-ke.info\/en\/wp-json\/wp\/v2\/users\/3"}],"replies":[{"embeddable":true,"href":"https:\/\/siemysli-ke.info\/en\/wp-json\/wp\/v2\/comments?post=31607"}],"version-history":[{"count":0,"href":"https:\/\/siemysli-ke.info\/en\/wp-json\/wp\/v2\/posts\/31607\/revisions"}],"wp:featuredmedia":[{"embeddable":true,"href":"https:\/\/siemysli-ke.info\/en\/wp-json\/wp\/v2\/media\/31608"}],"wp:attachment":[{"href":"https:\/\/siemysli-ke.info\/en\/wp-json\/wp\/v2\/media?parent=31607"}],"wp:term":[{"taxonomy":"category","embeddable":true,"href":"https:\/\/siemysli-ke.info\/en\/wp-json\/wp\/v2\/categories?post=31607"},{"taxonomy":"post_tag","embeddable":true,"href":"https:\/\/siemysli-ke.info\/en\/wp-json\/wp\/v2\/tags?post=31607"}],"curies":[{"name":"wp","href":"https:\/\/api.w.org\/{rel}","templated":true}]}}