 {"id":30798,"date":"2018-10-08T19:51:09","date_gmt":"2018-10-08T17:51:09","guid":{"rendered":"http:\/\/www.siemysli.info.ke\/?p=30798"},"modified":"2018-10-08T19:51:09","modified_gmt":"2018-10-08T17:51:09","slug":"polska-jesien-1918-1978-2018-w-kawiarence-zamkowej","status":"publish","type":"post","link":"https:\/\/siemysli-ke.info\/en\/polska-jesien-1918-1978-2018-w-kawiarence-zamkowej\/","title":{"rendered":"(Polski) \u201ePOLSKA JESIE\u0143 1918 &#8211; 1978 \u2013 2018\u201d &#8211; W KAWIARENCE ZAMKOWEJ"},"content":{"rendered":"<p class=\"qtranxs-available-languages-message qtranxs-available-languages-message-en\">Sorry, this entry is only available in <a href=\"https:\/\/siemysli-ke.info\/pl\/wp-json\/wp\/v2\/posts\/30798\" class=\"qtranxs-available-language-link qtranxs-available-language-link-pl\" title=\"Polski\">Polski<\/a>.<\/p>","protected":false},"excerpt":{"rendered":"<p>Sorry, this entry is only available in Polski.<\/p>\n","protected":false},"author":3,"featured_media":30799,"comment_status":"open","ping_status":"open","sticky":false,"template":"","format":"standard","meta":{"colormag_page_layout":"default_layout","footnotes":""},"categories":[3],"tags":[12585,12580,12582,12579,270,12583,2193,12578,12584,12577,12576,5653,2550,3678,2332,12581],"class_list":["post-30798","post","type-post","status-publish","format-standard","has-post-thumbnail","hentry","category-kultura","tag-aleksander-marek-zysko","tag-alfreda-poznanska","tag-anna-meslin","tag-centrum-edukacyjne-im-jana-pawla-ii-w-gliwicach","tag-jerzy-jakubow","tag-katolickie-stowarzyszenie-civitas-christiana-oddz-opole","tag-kornel-morawiecki","tag-kwesta-na-rzecz-budowy-pierwszego-hospicjum-dzieciecego-na-litwie","tag-mateusz-zbrog","tag-mietek-szczesniak","tag-regiony-slaska-gornego-i-slaska-dolnego","tag-sw-jan-pawel-ii","tag-tadeusz-puchalka","tag-wernisaz","tag-wroclaw","tag-wroclawskie-tygodnie-kultury-chrzescijanskiej"],"yoast_head":"<!-- This site is optimized with the Yoast SEO plugin v25.1 - https:\/\/yoast.com\/wordpress\/plugins\/seo\/ -->\n<title>(Polski) \u201ePOLSKA JESIE\u0143 1918 - 1978 \u2013 2018\u201d - W KAWIARENCE ZAMKOWEJ - SI\u0118 MY\u015aLI<\/title>\n<meta name=\"robots\" content=\"index, follow, max-snippet:-1, max-image-preview:large, max-video-preview:-1\" \/>\n<link rel=\"canonical\" href=\"https:\/\/siemysli-ke.info\/en\/polska-jesien-1918-1978-2018-w-kawiarence-zamkowej\/\" \/>\n<meta property=\"og:locale\" content=\"en_US\" \/>\n<meta property=\"og:type\" content=\"article\" \/>\n<meta property=\"og:title\" content=\"(Polski) \u201ePOLSKA JESIE\u0143 1918 - 1978 \u2013 2018\u201d - W KAWIARENCE ZAMKOWEJ - SI\u0118 MY\u015aLI\" \/>\n<meta property=\"og:description\" content=\"Sorry, this entry is only available in Polski.\" \/>\n<meta property=\"og:url\" content=\"https:\/\/siemysli-ke.info\/en\/polska-jesien-1918-1978-2018-w-kawiarence-zamkowej\/\" \/>\n<meta property=\"og:site_name\" content=\"SI\u0118 MY\u015aLI\" \/>\n<meta property=\"article:published_time\" content=\"2018-10-08T17:51:09+00:00\" \/>\n<meta property=\"og:image\" content=\"https:\/\/siemysli-ke.info\/wp-content\/uploads\/2018\/10\/DSC_0830.jpg\" \/>\n\t<meta property=\"og:image:width\" content=\"591\" \/>\n\t<meta property=\"og:image:height\" content=\"888\" \/>\n\t<meta property=\"og:image:type\" content=\"image\/jpeg\" \/>\n<meta name=\"author\" content=\"...\" \/>\n<meta name=\"twitter:label1\" content=\"Written by\" \/>\n\t<meta name=\"twitter:data1\" content=\"...\" \/>\n\t<meta name=\"twitter:label2\" content=\"Est. reading time\" \/>\n\t<meta name=\"twitter:data2\" content=\"6 minutes\" \/>\n<script type=\"application\/ld+json\" class=\"yoast-schema-graph\">{\"@context\":\"https:\/\/schema.org\",\"@graph\":[{\"@type\":\"Article\",\"@id\":\"https:\/\/siemysli-ke.info\/en\/polska-jesien-1918-1978-2018-w-kawiarence-zamkowej\/#article\",\"isPartOf\":{\"@id\":\"https:\/\/siemysli-ke.info\/en\/polska-jesien-1918-1978-2018-w-kawiarence-zamkowej\/\"},\"author\":{\"name\":\"...\",\"@id\":\"https:\/\/siemysli-ke.info\/#\/schema\/person\/75326687448d6abf738b156f56385210\"},\"headline\":\"(Polski) \u201ePOLSKA JESIE\u0143 1918 &#8211; 1978 \u2013 2018\u201d &#8211; W KAWIARENCE ZAMKOWEJ\",\"datePublished\":\"2018-10-08T17:51:09+00:00\",\"mainEntityOfPage\":{\"@id\":\"https:\/\/siemysli-ke.info\/en\/polska-jesien-1918-1978-2018-w-kawiarence-zamkowej\/\"},\"wordCount\":1131,\"commentCount\":0,\"publisher\":{\"@id\":\"https:\/\/siemysli-ke.info\/#organization\"},\"image\":{\"@id\":\"https:\/\/siemysli-ke.info\/en\/polska-jesien-1918-1978-2018-w-kawiarence-zamkowej\/#primaryimage\"},\"thumbnailUrl\":\"https:\/\/siemysli-ke.info\/wp-content\/uploads\/2018\/10\/DSC_0830.jpg\",\"keywords\":[\"Aleksander Marek Zy\u015bko\",\"Alfreda Pozna\u0144ska\",\"Anna Meslin\",\"Centrum Edukacyjne im. Jana Paw\u0142a II w Gliwicach\",\"Jerzy Jakub\u00f3w\",\"Katolickie Stowarzyszenie Civitas Christiana oddz. Opole\",\"Kornel Morawiecki\",\"kwesta na rzecz budowy pierwszego hospicjum dzieci\u0119cego na Litwie\",\"Mateusz Zbr\u00f3g\",\"Mietek Szcze\u015bniak\",\"regiony \u015al\u0105ska G\u00f3rnego i \u015al\u0105ska Dolnego\",\"\u015bw. Jan Pawe\u0142 II\",\"Tadeusz Pucha\u0142ka\",\"wernisa\u017c\",\"Wroc\u0142aw\",\"wroc\u0142awskie Tygodnie Kultury Chrze\u015bcija\u0144skiej\"],\"articleSection\":[\"Kultura\"],\"inLanguage\":\"en-US\",\"potentialAction\":[{\"@type\":\"CommentAction\",\"name\":\"Comment\",\"target\":[\"https:\/\/siemysli-ke.info\/en\/polska-jesien-1918-1978-2018-w-kawiarence-zamkowej\/#respond\"]}]},{\"@type\":\"WebPage\",\"@id\":\"https:\/\/siemysli-ke.info\/en\/polska-jesien-1918-1978-2018-w-kawiarence-zamkowej\/\",\"url\":\"https:\/\/siemysli-ke.info\/en\/polska-jesien-1918-1978-2018-w-kawiarence-zamkowej\/\",\"name\":\"(Polski) \u201ePOLSKA JESIE\u0143 1918 - 1978 \u2013 2018\u201d - W KAWIARENCE ZAMKOWEJ - SI\u0118 MY\u015aLI\",\"isPartOf\":{\"@id\":\"https:\/\/siemysli-ke.info\/en\/#website\"},\"primaryImageOfPage\":{\"@id\":\"https:\/\/siemysli-ke.info\/en\/polska-jesien-1918-1978-2018-w-kawiarence-zamkowej\/#primaryimage\"},\"image\":{\"@id\":\"https:\/\/siemysli-ke.info\/en\/polska-jesien-1918-1978-2018-w-kawiarence-zamkowej\/#primaryimage\"},\"thumbnailUrl\":\"https:\/\/siemysli-ke.info\/wp-content\/uploads\/2018\/10\/DSC_0830.jpg\",\"datePublished\":\"2018-10-08T17:51:09+00:00\",\"breadcrumb\":{\"@id\":\"https:\/\/siemysli-ke.info\/en\/polska-jesien-1918-1978-2018-w-kawiarence-zamkowej\/#breadcrumb\"},\"inLanguage\":\"en-US\",\"potentialAction\":[{\"@type\":\"ReadAction\",\"target\":[[\"https:\/\/siemysli-ke.info\/en\/polska-jesien-1918-1978-2018-w-kawiarence-zamkowej\/\"]]}]},{\"@type\":\"ImageObject\",\"inLanguage\":\"en-US\",\"@id\":\"https:\/\/siemysli-ke.info\/en\/polska-jesien-1918-1978-2018-w-kawiarence-zamkowej\/#primaryimage\",\"url\":\"https:\/\/siemysli-ke.info\/wp-content\/uploads\/2018\/10\/DSC_0830.jpg\",\"contentUrl\":\"https:\/\/siemysli-ke.info\/wp-content\/uploads\/2018\/10\/DSC_0830.jpg\",\"width\":591,\"height\":888},{\"@type\":\"BreadcrumbList\",\"@id\":\"https:\/\/siemysli-ke.info\/en\/polska-jesien-1918-1978-2018-w-kawiarence-zamkowej\/#breadcrumb\",\"itemListElement\":[{\"@type\":\"ListItem\",\"position\":1,\"name\":\"Home\",\"item\":\"https:\/\/siemysli-ke.info\/en\/\"},{\"@type\":\"ListItem\",\"position\":2,\"name\":\"(Polski) \u201ePOLSKA JESIE\u0143 1918 &#8211; 1978 \u2013 2018\u201d &#8211; W KAWIARENCE ZAMKOWEJ\"}]},{\"@type\":\"WebSite\",\"@id\":\"https:\/\/siemysli-ke.info\/en\/#website\",\"url\":\"https:\/\/siemysli-ke.info\/en\/\",\"name\":\"SI\u0118 MY\u015aLI\",\"description\":\"\",\"publisher\":{\"@id\":\"https:\/\/siemysli-ke.info\/en\/#organization\"},\"potentialAction\":[{\"@type\":\"SearchAction\",\"target\":{\"@type\":\"EntryPoint\",\"urlTemplate\":\"https:\/\/siemysli-ke.info\/en\/?s={search_term_string}\"},\"query-input\":{\"@type\":\"PropertyValueSpecification\",\"valueRequired\":true,\"valueName\":\"search_term_string\"}}],\"inLanguage\":\"en-US\"},{\"@type\":\"Organization\",\"@id\":\"https:\/\/siemysli-ke.info\/en\/#organization\",\"name\":\"SI\u0118 MY\u015aLI\",\"url\":\"https:\/\/siemysli-ke.info\/en\/\",\"logo\":{\"@type\":\"ImageObject\",\"inLanguage\":\"en-US\",\"@id\":\"https:\/\/siemysli-ke.info\/en\/#\/schema\/logo\/image\/\",\"url\":\"https:\/\/siemysli-ke.info\/wp-content\/uploads\/2025\/05\/99.png\",\"contentUrl\":\"https:\/\/siemysli-ke.info\/wp-content\/uploads\/2025\/05\/99.png\",\"width\":270,\"height\":204,\"caption\":\"SI\u0118 MY\u015aLI\"},\"image\":{\"@id\":\"https:\/\/siemysli-ke.info\/en\/#\/schema\/logo\/image\/\"}},{\"@type\":\"Person\",\"@id\":\"https:\/\/siemysli-ke.info\/#\/schema\/person\/75326687448d6abf738b156f56385210\",\"name\":\"...\",\"image\":{\"@type\":\"ImageObject\",\"inLanguage\":\"en-US\",\"@id\":\"https:\/\/siemysli-ke.info\/en\/#\/schema\/person\/image\/\",\"url\":\"https:\/\/secure.gravatar.com\/avatar\/33a3c2559155e1b4add65cf88cafda785aeb920f44b97c7055b07866ab5b13c2?s=96&d=mm&r=g\",\"contentUrl\":\"https:\/\/secure.gravatar.com\/avatar\/33a3c2559155e1b4add65cf88cafda785aeb920f44b97c7055b07866ab5b13c2?s=96&d=mm&r=g\",\"caption\":\"...\"},\"url\":\"https:\/\/siemysli-ke.info\/en\/author\/lele\/\"}]}<\/script>\n<!-- \/ Yoast SEO plugin. -->","yoast_head_json":{"title":"(Polski) \u201ePOLSKA JESIE\u0143 1918 - 1978 \u2013 2018\u201d - W KAWIARENCE ZAMKOWEJ - SI\u0118 MY\u015aLI","robots":{"index":"index","follow":"follow","max-snippet":"max-snippet:-1","max-image-preview":"max-image-preview:large","max-video-preview":"max-video-preview:-1"},"canonical":"https:\/\/siemysli-ke.info\/en\/polska-jesien-1918-1978-2018-w-kawiarence-zamkowej\/","og_locale":"en_US","og_type":"article","og_title":"(Polski) \u201ePOLSKA JESIE\u0143 1918 - 1978 \u2013 2018\u201d - W KAWIARENCE ZAMKOWEJ - SI\u0118 MY\u015aLI","og_description":"Sorry, this entry is only available in Polski.","og_url":"https:\/\/siemysli-ke.info\/en\/polska-jesien-1918-1978-2018-w-kawiarence-zamkowej\/","og_site_name":"SI\u0118 MY\u015aLI","article_published_time":"2018-10-08T17:51:09+00:00","og_image":[{"width":591,"height":888,"url":"https:\/\/siemysli-ke.info\/wp-content\/uploads\/2018\/10\/DSC_0830.jpg","type":"image\/jpeg"}],"author":"...","twitter_misc":{"Written by":"...","Est. reading time":"6 minutes"},"schema":{"@context":"https:\/\/schema.org","@graph":[{"@type":"Article","@id":"https:\/\/siemysli-ke.info\/en\/polska-jesien-1918-1978-2018-w-kawiarence-zamkowej\/#article","isPartOf":{"@id":"https:\/\/siemysli-ke.info\/en\/polska-jesien-1918-1978-2018-w-kawiarence-zamkowej\/"},"author":{"name":"...","@id":"https:\/\/siemysli-ke.info\/#\/schema\/person\/75326687448d6abf738b156f56385210"},"headline":"(Polski) \u201ePOLSKA JESIE\u0143 1918 &#8211; 1978 \u2013 2018\u201d &#8211; W KAWIARENCE ZAMKOWEJ","datePublished":"2018-10-08T17:51:09+00:00","mainEntityOfPage":{"@id":"https:\/\/siemysli-ke.info\/en\/polska-jesien-1918-1978-2018-w-kawiarence-zamkowej\/"},"wordCount":1131,"commentCount":0,"publisher":{"@id":"https:\/\/siemysli-ke.info\/#organization"},"image":{"@id":"https:\/\/siemysli-ke.info\/en\/polska-jesien-1918-1978-2018-w-kawiarence-zamkowej\/#primaryimage"},"thumbnailUrl":"https:\/\/siemysli-ke.info\/wp-content\/uploads\/2018\/10\/DSC_0830.jpg","keywords":["Aleksander Marek Zy\u015bko","Alfreda Pozna\u0144ska","Anna Meslin","Centrum Edukacyjne im. Jana Paw\u0142a II w Gliwicach","Jerzy Jakub\u00f3w","Katolickie Stowarzyszenie Civitas Christiana oddz. Opole","Kornel Morawiecki","kwesta na rzecz budowy pierwszego hospicjum dzieci\u0119cego na Litwie","Mateusz Zbr\u00f3g","Mietek Szcze\u015bniak","regiony \u015al\u0105ska G\u00f3rnego i \u015al\u0105ska Dolnego","\u015bw. Jan Pawe\u0142 II","Tadeusz Pucha\u0142ka","wernisa\u017c","Wroc\u0142aw","wroc\u0142awskie Tygodnie Kultury Chrze\u015bcija\u0144skiej"],"articleSection":["Kultura"],"inLanguage":"en-US","potentialAction":[{"@type":"CommentAction","name":"Comment","target":["https:\/\/siemysli-ke.info\/en\/polska-jesien-1918-1978-2018-w-kawiarence-zamkowej\/#respond"]}]},{"@type":"WebPage","@id":"https:\/\/siemysli-ke.info\/en\/polska-jesien-1918-1978-2018-w-kawiarence-zamkowej\/","url":"https:\/\/siemysli-ke.info\/en\/polska-jesien-1918-1978-2018-w-kawiarence-zamkowej\/","name":"(Polski) \u201ePOLSKA JESIE\u0143 1918 - 1978 \u2013 2018\u201d - W KAWIARENCE ZAMKOWEJ - SI\u0118 MY\u015aLI","isPartOf":{"@id":"https:\/\/siemysli-ke.info\/en\/#website"},"primaryImageOfPage":{"@id":"https:\/\/siemysli-ke.info\/en\/polska-jesien-1918-1978-2018-w-kawiarence-zamkowej\/#primaryimage"},"image":{"@id":"https:\/\/siemysli-ke.info\/en\/polska-jesien-1918-1978-2018-w-kawiarence-zamkowej\/#primaryimage"},"thumbnailUrl":"https:\/\/siemysli-ke.info\/wp-content\/uploads\/2018\/10\/DSC_0830.jpg","datePublished":"2018-10-08T17:51:09+00:00","breadcrumb":{"@id":"https:\/\/siemysli-ke.info\/en\/polska-jesien-1918-1978-2018-w-kawiarence-zamkowej\/#breadcrumb"},"inLanguage":"en-US","potentialAction":[{"@type":"ReadAction","target":[["https:\/\/siemysli-ke.info\/en\/polska-jesien-1918-1978-2018-w-kawiarence-zamkowej\/"]]}]},{"@type":"ImageObject","inLanguage":"en-US","@id":"https:\/\/siemysli-ke.info\/en\/polska-jesien-1918-1978-2018-w-kawiarence-zamkowej\/#primaryimage","url":"https:\/\/siemysli-ke.info\/wp-content\/uploads\/2018\/10\/DSC_0830.jpg","contentUrl":"https:\/\/siemysli-ke.info\/wp-content\/uploads\/2018\/10\/DSC_0830.jpg","width":591,"height":888},{"@type":"BreadcrumbList","@id":"https:\/\/siemysli-ke.info\/en\/polska-jesien-1918-1978-2018-w-kawiarence-zamkowej\/#breadcrumb","itemListElement":[{"@type":"ListItem","position":1,"name":"Home","item":"https:\/\/siemysli-ke.info\/en\/"},{"@type":"ListItem","position":2,"name":"(Polski) \u201ePOLSKA JESIE\u0143 1918 &#8211; 1978 \u2013 2018\u201d &#8211; W KAWIARENCE ZAMKOWEJ"}]},{"@type":"WebSite","@id":"https:\/\/siemysli-ke.info\/en\/#website","url":"https:\/\/siemysli-ke.info\/en\/","name":"SI\u0118 MY\u015aLI","description":"","publisher":{"@id":"https:\/\/siemysli-ke.info\/en\/#organization"},"potentialAction":[{"@type":"SearchAction","target":{"@type":"EntryPoint","urlTemplate":"https:\/\/siemysli-ke.info\/en\/?s={search_term_string}"},"query-input":{"@type":"PropertyValueSpecification","valueRequired":true,"valueName":"search_term_string"}}],"inLanguage":"en-US"},{"@type":"Organization","@id":"https:\/\/siemysli-ke.info\/en\/#organization","name":"SI\u0118 MY\u015aLI","url":"https:\/\/siemysli-ke.info\/en\/","logo":{"@type":"ImageObject","inLanguage":"en-US","@id":"https:\/\/siemysli-ke.info\/en\/#\/schema\/logo\/image\/","url":"https:\/\/siemysli-ke.info\/wp-content\/uploads\/2025\/05\/99.png","contentUrl":"https:\/\/siemysli-ke.info\/wp-content\/uploads\/2025\/05\/99.png","width":270,"height":204,"caption":"SI\u0118 MY\u015aLI"},"image":{"@id":"https:\/\/siemysli-ke.info\/en\/#\/schema\/logo\/image\/"}},{"@type":"Person","@id":"https:\/\/siemysli-ke.info\/#\/schema\/person\/75326687448d6abf738b156f56385210","name":"...","image":{"@type":"ImageObject","inLanguage":"en-US","@id":"https:\/\/siemysli-ke.info\/en\/#\/schema\/person\/image\/","url":"https:\/\/secure.gravatar.com\/avatar\/33a3c2559155e1b4add65cf88cafda785aeb920f44b97c7055b07866ab5b13c2?s=96&d=mm&r=g","contentUrl":"https:\/\/secure.gravatar.com\/avatar\/33a3c2559155e1b4add65cf88cafda785aeb920f44b97c7055b07866ab5b13c2?s=96&d=mm&r=g","caption":"..."},"url":"https:\/\/siemysli-ke.info\/en\/author\/lele\/"}]}},"_links":{"self":[{"href":"https:\/\/siemysli-ke.info\/en\/wp-json\/wp\/v2\/posts\/30798","targetHints":{"allow":["GET"]}}],"collection":[{"href":"https:\/\/siemysli-ke.info\/en\/wp-json\/wp\/v2\/posts"}],"about":[{"href":"https:\/\/siemysli-ke.info\/en\/wp-json\/wp\/v2\/types\/post"}],"author":[{"embeddable":true,"href":"https:\/\/siemysli-ke.info\/en\/wp-json\/wp\/v2\/users\/3"}],"replies":[{"embeddable":true,"href":"https:\/\/siemysli-ke.info\/en\/wp-json\/wp\/v2\/comments?post=30798"}],"version-history":[{"count":0,"href":"https:\/\/siemysli-ke.info\/en\/wp-json\/wp\/v2\/posts\/30798\/revisions"}],"wp:featuredmedia":[{"embeddable":true,"href":"https:\/\/siemysli-ke.info\/en\/wp-json\/wp\/v2\/media\/30799"}],"wp:attachment":[{"href":"https:\/\/siemysli-ke.info\/en\/wp-json\/wp\/v2\/media?parent=30798"}],"wp:term":[{"taxonomy":"category","embeddable":true,"href":"https:\/\/siemysli-ke.info\/en\/wp-json\/wp\/v2\/categories?post=30798"},{"taxonomy":"post_tag","embeddable":true,"href":"https:\/\/siemysli-ke.info\/en\/wp-json\/wp\/v2\/tags?post=30798"}],"curies":[{"name":"wp","href":"https:\/\/api.w.org\/{rel}","templated":true}]}}