 {"id":28451,"date":"2018-01-22T17:46:11","date_gmt":"2018-01-22T16:46:11","guid":{"rendered":"http:\/\/www.siemysli.info.ke\/?p=28451"},"modified":"2018-01-22T17:49:54","modified_gmt":"2018-01-22T16:49:54","slug":"dorota-kuc-sprawiedliwa-wsrod-narodow-swiata-3","status":"publish","type":"post","link":"https:\/\/siemysli-ke.info\/en\/dorota-kuc-sprawiedliwa-wsrod-narodow-swiata-3\/","title":{"rendered":"(Polski) Dorota Kuc. \u201eSprawiedliwa w\u015br\u00f3d Narod\u00f3w \u015awiata\u201d (3)"},"content":{"rendered":"<p class=\"qtranxs-available-languages-message qtranxs-available-languages-message-en\">Sorry, this entry is only available in <a href=\"https:\/\/siemysli-ke.info\/pl\/wp-json\/wp\/v2\/posts\/28451\" class=\"qtranxs-available-language-link qtranxs-available-language-link-pl\" title=\"Polski\">Polski<\/a>.<\/p>","protected":false},"excerpt":{"rendered":"<p>Sorry, this entry is only available in Polski.<\/p>\n","protected":false},"author":3,"featured_media":28452,"comment_status":"open","ping_status":"open","sticky":false,"template":"","format":"standard","meta":{"colormag_page_layout":"default_layout","footnotes":""},"categories":[143],"tags":[10678,2245,10677,1197,10676,897,1198,10679,2550,9539],"class_list":["post-28451","post","type-post","status-publish","format-standard","has-post-thumbnail","hentry","category-inne","tag-aleja-sprawiedliwych-w-jad-waszem","tag-cypr","tag-instytut-jad-waszem","tag-izrael","tag-joanna-koloczek-wybierek","tag-niemcy","tag-palestyna","tag-shalom-lindenbaum","tag-tadeusz-puchalka","tag-ziemia-swieta"],"yoast_head":"<!-- This site is optimized with the Yoast SEO plugin v25.1 - https:\/\/yoast.com\/wordpress\/plugins\/seo\/ -->\n<title>(Polski) Dorota Kuc. \u201eSprawiedliwa w\u015br\u00f3d Narod\u00f3w \u015awiata\u201d (3) - SI\u0118 MY\u015aLI<\/title>\n<meta name=\"robots\" content=\"index, follow, max-snippet:-1, max-image-preview:large, max-video-preview:-1\" \/>\n<link rel=\"canonical\" href=\"https:\/\/siemysli-ke.info\/en\/dorota-kuc-sprawiedliwa-wsrod-narodow-swiata-3\/\" \/>\n<meta property=\"og:locale\" content=\"en_US\" \/>\n<meta property=\"og:type\" content=\"article\" \/>\n<meta property=\"og:title\" content=\"(Polski) Dorota Kuc. \u201eSprawiedliwa w\u015br\u00f3d Narod\u00f3w \u015awiata\u201d (3) - SI\u0118 MY\u015aLI\" \/>\n<meta property=\"og:description\" content=\"Sorry, this entry is only available in Polski.\" \/>\n<meta property=\"og:url\" content=\"https:\/\/siemysli-ke.info\/en\/dorota-kuc-sprawiedliwa-wsrod-narodow-swiata-3\/\" \/>\n<meta property=\"og:site_name\" content=\"SI\u0118 MY\u015aLI\" \/>\n<meta property=\"article:published_time\" content=\"2018-01-22T16:46:11+00:00\" \/>\n<meta property=\"article:modified_time\" content=\"2018-01-22T16:49:54+00:00\" \/>\n<meta property=\"og:image\" content=\"https:\/\/siemysli-ke.info\/wp-content\/uploads\/2018\/01\/4-2-1024x768.jpg\" \/>\n\t<meta property=\"og:image:width\" content=\"1024\" \/>\n\t<meta property=\"og:image:height\" content=\"768\" \/>\n\t<meta property=\"og:image:type\" content=\"image\/jpeg\" \/>\n<meta name=\"author\" content=\"...\" \/>\n<meta name=\"twitter:label1\" content=\"Written by\" \/>\n\t<meta name=\"twitter:data1\" content=\"...\" \/>\n\t<meta name=\"twitter:label2\" content=\"Est. reading time\" \/>\n\t<meta name=\"twitter:data2\" content=\"7 minutes\" \/>\n<script type=\"application\/ld+json\" class=\"yoast-schema-graph\">{\"@context\":\"https:\/\/schema.org\",\"@graph\":[{\"@type\":\"Article\",\"@id\":\"https:\/\/siemysli-ke.info\/en\/dorota-kuc-sprawiedliwa-wsrod-narodow-swiata-3\/#article\",\"isPartOf\":{\"@id\":\"https:\/\/siemysli-ke.info\/en\/dorota-kuc-sprawiedliwa-wsrod-narodow-swiata-3\/\"},\"author\":{\"name\":\"...\",\"@id\":\"https:\/\/siemysli-ke.info\/#\/schema\/person\/75326687448d6abf738b156f56385210\"},\"headline\":\"(Polski) Dorota Kuc. \u201eSprawiedliwa w\u015br\u00f3d Narod\u00f3w \u015awiata\u201d (3)\",\"datePublished\":\"2018-01-22T16:46:11+00:00\",\"dateModified\":\"2018-01-22T16:49:54+00:00\",\"mainEntityOfPage\":{\"@id\":\"https:\/\/siemysli-ke.info\/en\/dorota-kuc-sprawiedliwa-wsrod-narodow-swiata-3\/\"},\"wordCount\":1374,\"commentCount\":0,\"publisher\":{\"@id\":\"https:\/\/siemysli-ke.info\/#organization\"},\"image\":{\"@id\":\"https:\/\/siemysli-ke.info\/en\/dorota-kuc-sprawiedliwa-wsrod-narodow-swiata-3\/#primaryimage\"},\"thumbnailUrl\":\"https:\/\/siemysli-ke.info\/wp-content\/uploads\/2018\/01\/4-2.jpg\",\"keywords\":[\"aleja Sprawiedliwych w Jad Waszem\",\"Cypr\",\"Instytut Jad Waszem\",\"Izrael\",\"Joanna Ko\u0142oczek\u2013Wybierek\",\"Niemcy\",\"Palestyna\",\"Shalom Lindenbaum\",\"Tadeusz Pucha\u0142ka\",\"Ziemia \u015awi\u0119ta\"],\"articleSection\":[\"Inne\"],\"inLanguage\":\"en-US\",\"potentialAction\":[{\"@type\":\"CommentAction\",\"name\":\"Comment\",\"target\":[\"https:\/\/siemysli-ke.info\/en\/dorota-kuc-sprawiedliwa-wsrod-narodow-swiata-3\/#respond\"]}]},{\"@type\":\"WebPage\",\"@id\":\"https:\/\/siemysli-ke.info\/en\/dorota-kuc-sprawiedliwa-wsrod-narodow-swiata-3\/\",\"url\":\"https:\/\/siemysli-ke.info\/en\/dorota-kuc-sprawiedliwa-wsrod-narodow-swiata-3\/\",\"name\":\"(Polski) Dorota Kuc. \u201eSprawiedliwa w\u015br\u00f3d Narod\u00f3w \u015awiata\u201d (3) - SI\u0118 MY\u015aLI\",\"isPartOf\":{\"@id\":\"https:\/\/siemysli-ke.info\/en\/#website\"},\"primaryImageOfPage\":{\"@id\":\"https:\/\/siemysli-ke.info\/en\/dorota-kuc-sprawiedliwa-wsrod-narodow-swiata-3\/#primaryimage\"},\"image\":{\"@id\":\"https:\/\/siemysli-ke.info\/en\/dorota-kuc-sprawiedliwa-wsrod-narodow-swiata-3\/#primaryimage\"},\"thumbnailUrl\":\"https:\/\/siemysli-ke.info\/wp-content\/uploads\/2018\/01\/4-2.jpg\",\"datePublished\":\"2018-01-22T16:46:11+00:00\",\"dateModified\":\"2018-01-22T16:49:54+00:00\",\"breadcrumb\":{\"@id\":\"https:\/\/siemysli-ke.info\/en\/dorota-kuc-sprawiedliwa-wsrod-narodow-swiata-3\/#breadcrumb\"},\"inLanguage\":\"en-US\",\"potentialAction\":[{\"@type\":\"ReadAction\",\"target\":[[\"https:\/\/siemysli-ke.info\/en\/dorota-kuc-sprawiedliwa-wsrod-narodow-swiata-3\/\"]]}]},{\"@type\":\"ImageObject\",\"inLanguage\":\"en-US\",\"@id\":\"https:\/\/siemysli-ke.info\/en\/dorota-kuc-sprawiedliwa-wsrod-narodow-swiata-3\/#primaryimage\",\"url\":\"https:\/\/siemysli-ke.info\/wp-content\/uploads\/2018\/01\/4-2.jpg\",\"contentUrl\":\"https:\/\/siemysli-ke.info\/wp-content\/uploads\/2018\/01\/4-2.jpg\",\"width\":4288,\"height\":3216},{\"@type\":\"BreadcrumbList\",\"@id\":\"https:\/\/siemysli-ke.info\/en\/dorota-kuc-sprawiedliwa-wsrod-narodow-swiata-3\/#breadcrumb\",\"itemListElement\":[{\"@type\":\"ListItem\",\"position\":1,\"name\":\"Home\",\"item\":\"https:\/\/siemysli-ke.info\/en\/\"},{\"@type\":\"ListItem\",\"position\":2,\"name\":\"(Polski) Dorota Kuc. \u201eSprawiedliwa w\u015br\u00f3d Narod\u00f3w \u015awiata\u201d (3)\"}]},{\"@type\":\"WebSite\",\"@id\":\"https:\/\/siemysli-ke.info\/en\/#website\",\"url\":\"https:\/\/siemysli-ke.info\/en\/\",\"name\":\"SI\u0118 MY\u015aLI\",\"description\":\"\",\"publisher\":{\"@id\":\"https:\/\/siemysli-ke.info\/en\/#organization\"},\"potentialAction\":[{\"@type\":\"SearchAction\",\"target\":{\"@type\":\"EntryPoint\",\"urlTemplate\":\"https:\/\/siemysli-ke.info\/en\/?s={search_term_string}\"},\"query-input\":{\"@type\":\"PropertyValueSpecification\",\"valueRequired\":true,\"valueName\":\"search_term_string\"}}],\"inLanguage\":\"en-US\"},{\"@type\":\"Organization\",\"@id\":\"https:\/\/siemysli-ke.info\/en\/#organization\",\"name\":\"SI\u0118 MY\u015aLI\",\"url\":\"https:\/\/siemysli-ke.info\/en\/\",\"logo\":{\"@type\":\"ImageObject\",\"inLanguage\":\"en-US\",\"@id\":\"https:\/\/siemysli-ke.info\/en\/#\/schema\/logo\/image\/\",\"url\":\"https:\/\/siemysli-ke.info\/wp-content\/uploads\/2025\/05\/99.png\",\"contentUrl\":\"https:\/\/siemysli-ke.info\/wp-content\/uploads\/2025\/05\/99.png\",\"width\":270,\"height\":204,\"caption\":\"SI\u0118 MY\u015aLI\"},\"image\":{\"@id\":\"https:\/\/siemysli-ke.info\/en\/#\/schema\/logo\/image\/\"}},{\"@type\":\"Person\",\"@id\":\"https:\/\/siemysli-ke.info\/#\/schema\/person\/75326687448d6abf738b156f56385210\",\"name\":\"...\",\"image\":{\"@type\":\"ImageObject\",\"inLanguage\":\"en-US\",\"@id\":\"https:\/\/siemysli-ke.info\/en\/#\/schema\/person\/image\/\",\"url\":\"https:\/\/secure.gravatar.com\/avatar\/33a3c2559155e1b4add65cf88cafda785aeb920f44b97c7055b07866ab5b13c2?s=96&d=mm&r=g\",\"contentUrl\":\"https:\/\/secure.gravatar.com\/avatar\/33a3c2559155e1b4add65cf88cafda785aeb920f44b97c7055b07866ab5b13c2?s=96&d=mm&r=g\",\"caption\":\"...\"},\"url\":\"https:\/\/siemysli-ke.info\/en\/author\/lele\/\"}]}<\/script>\n<!-- \/ Yoast SEO plugin. -->","yoast_head_json":{"title":"(Polski) Dorota Kuc. \u201eSprawiedliwa w\u015br\u00f3d Narod\u00f3w \u015awiata\u201d (3) - SI\u0118 MY\u015aLI","robots":{"index":"index","follow":"follow","max-snippet":"max-snippet:-1","max-image-preview":"max-image-preview:large","max-video-preview":"max-video-preview:-1"},"canonical":"https:\/\/siemysli-ke.info\/en\/dorota-kuc-sprawiedliwa-wsrod-narodow-swiata-3\/","og_locale":"en_US","og_type":"article","og_title":"(Polski) Dorota Kuc. \u201eSprawiedliwa w\u015br\u00f3d Narod\u00f3w \u015awiata\u201d (3) - SI\u0118 MY\u015aLI","og_description":"Sorry, this entry is only available in Polski.","og_url":"https:\/\/siemysli-ke.info\/en\/dorota-kuc-sprawiedliwa-wsrod-narodow-swiata-3\/","og_site_name":"SI\u0118 MY\u015aLI","article_published_time":"2018-01-22T16:46:11+00:00","article_modified_time":"2018-01-22T16:49:54+00:00","og_image":[{"width":1024,"height":768,"url":"https:\/\/siemysli-ke.info\/wp-content\/uploads\/2018\/01\/4-2-1024x768.jpg","type":"image\/jpeg"}],"author":"...","twitter_misc":{"Written by":"...","Est. reading time":"7 minutes"},"schema":{"@context":"https:\/\/schema.org","@graph":[{"@type":"Article","@id":"https:\/\/siemysli-ke.info\/en\/dorota-kuc-sprawiedliwa-wsrod-narodow-swiata-3\/#article","isPartOf":{"@id":"https:\/\/siemysli-ke.info\/en\/dorota-kuc-sprawiedliwa-wsrod-narodow-swiata-3\/"},"author":{"name":"...","@id":"https:\/\/siemysli-ke.info\/#\/schema\/person\/75326687448d6abf738b156f56385210"},"headline":"(Polski) Dorota Kuc. \u201eSprawiedliwa w\u015br\u00f3d Narod\u00f3w \u015awiata\u201d (3)","datePublished":"2018-01-22T16:46:11+00:00","dateModified":"2018-01-22T16:49:54+00:00","mainEntityOfPage":{"@id":"https:\/\/siemysli-ke.info\/en\/dorota-kuc-sprawiedliwa-wsrod-narodow-swiata-3\/"},"wordCount":1374,"commentCount":0,"publisher":{"@id":"https:\/\/siemysli-ke.info\/#organization"},"image":{"@id":"https:\/\/siemysli-ke.info\/en\/dorota-kuc-sprawiedliwa-wsrod-narodow-swiata-3\/#primaryimage"},"thumbnailUrl":"https:\/\/siemysli-ke.info\/wp-content\/uploads\/2018\/01\/4-2.jpg","keywords":["aleja Sprawiedliwych w Jad Waszem","Cypr","Instytut Jad Waszem","Izrael","Joanna Ko\u0142oczek\u2013Wybierek","Niemcy","Palestyna","Shalom Lindenbaum","Tadeusz Pucha\u0142ka","Ziemia \u015awi\u0119ta"],"articleSection":["Inne"],"inLanguage":"en-US","potentialAction":[{"@type":"CommentAction","name":"Comment","target":["https:\/\/siemysli-ke.info\/en\/dorota-kuc-sprawiedliwa-wsrod-narodow-swiata-3\/#respond"]}]},{"@type":"WebPage","@id":"https:\/\/siemysli-ke.info\/en\/dorota-kuc-sprawiedliwa-wsrod-narodow-swiata-3\/","url":"https:\/\/siemysli-ke.info\/en\/dorota-kuc-sprawiedliwa-wsrod-narodow-swiata-3\/","name":"(Polski) Dorota Kuc. \u201eSprawiedliwa w\u015br\u00f3d Narod\u00f3w \u015awiata\u201d (3) - SI\u0118 MY\u015aLI","isPartOf":{"@id":"https:\/\/siemysli-ke.info\/en\/#website"},"primaryImageOfPage":{"@id":"https:\/\/siemysli-ke.info\/en\/dorota-kuc-sprawiedliwa-wsrod-narodow-swiata-3\/#primaryimage"},"image":{"@id":"https:\/\/siemysli-ke.info\/en\/dorota-kuc-sprawiedliwa-wsrod-narodow-swiata-3\/#primaryimage"},"thumbnailUrl":"https:\/\/siemysli-ke.info\/wp-content\/uploads\/2018\/01\/4-2.jpg","datePublished":"2018-01-22T16:46:11+00:00","dateModified":"2018-01-22T16:49:54+00:00","breadcrumb":{"@id":"https:\/\/siemysli-ke.info\/en\/dorota-kuc-sprawiedliwa-wsrod-narodow-swiata-3\/#breadcrumb"},"inLanguage":"en-US","potentialAction":[{"@type":"ReadAction","target":[["https:\/\/siemysli-ke.info\/en\/dorota-kuc-sprawiedliwa-wsrod-narodow-swiata-3\/"]]}]},{"@type":"ImageObject","inLanguage":"en-US","@id":"https:\/\/siemysli-ke.info\/en\/dorota-kuc-sprawiedliwa-wsrod-narodow-swiata-3\/#primaryimage","url":"https:\/\/siemysli-ke.info\/wp-content\/uploads\/2018\/01\/4-2.jpg","contentUrl":"https:\/\/siemysli-ke.info\/wp-content\/uploads\/2018\/01\/4-2.jpg","width":4288,"height":3216},{"@type":"BreadcrumbList","@id":"https:\/\/siemysli-ke.info\/en\/dorota-kuc-sprawiedliwa-wsrod-narodow-swiata-3\/#breadcrumb","itemListElement":[{"@type":"ListItem","position":1,"name":"Home","item":"https:\/\/siemysli-ke.info\/en\/"},{"@type":"ListItem","position":2,"name":"(Polski) Dorota Kuc. \u201eSprawiedliwa w\u015br\u00f3d Narod\u00f3w \u015awiata\u201d (3)"}]},{"@type":"WebSite","@id":"https:\/\/siemysli-ke.info\/en\/#website","url":"https:\/\/siemysli-ke.info\/en\/","name":"SI\u0118 MY\u015aLI","description":"","publisher":{"@id":"https:\/\/siemysli-ke.info\/en\/#organization"},"potentialAction":[{"@type":"SearchAction","target":{"@type":"EntryPoint","urlTemplate":"https:\/\/siemysli-ke.info\/en\/?s={search_term_string}"},"query-input":{"@type":"PropertyValueSpecification","valueRequired":true,"valueName":"search_term_string"}}],"inLanguage":"en-US"},{"@type":"Organization","@id":"https:\/\/siemysli-ke.info\/en\/#organization","name":"SI\u0118 MY\u015aLI","url":"https:\/\/siemysli-ke.info\/en\/","logo":{"@type":"ImageObject","inLanguage":"en-US","@id":"https:\/\/siemysli-ke.info\/en\/#\/schema\/logo\/image\/","url":"https:\/\/siemysli-ke.info\/wp-content\/uploads\/2025\/05\/99.png","contentUrl":"https:\/\/siemysli-ke.info\/wp-content\/uploads\/2025\/05\/99.png","width":270,"height":204,"caption":"SI\u0118 MY\u015aLI"},"image":{"@id":"https:\/\/siemysli-ke.info\/en\/#\/schema\/logo\/image\/"}},{"@type":"Person","@id":"https:\/\/siemysli-ke.info\/#\/schema\/person\/75326687448d6abf738b156f56385210","name":"...","image":{"@type":"ImageObject","inLanguage":"en-US","@id":"https:\/\/siemysli-ke.info\/en\/#\/schema\/person\/image\/","url":"https:\/\/secure.gravatar.com\/avatar\/33a3c2559155e1b4add65cf88cafda785aeb920f44b97c7055b07866ab5b13c2?s=96&d=mm&r=g","contentUrl":"https:\/\/secure.gravatar.com\/avatar\/33a3c2559155e1b4add65cf88cafda785aeb920f44b97c7055b07866ab5b13c2?s=96&d=mm&r=g","caption":"..."},"url":"https:\/\/siemysli-ke.info\/en\/author\/lele\/"}]}},"_links":{"self":[{"href":"https:\/\/siemysli-ke.info\/en\/wp-json\/wp\/v2\/posts\/28451","targetHints":{"allow":["GET"]}}],"collection":[{"href":"https:\/\/siemysli-ke.info\/en\/wp-json\/wp\/v2\/posts"}],"about":[{"href":"https:\/\/siemysli-ke.info\/en\/wp-json\/wp\/v2\/types\/post"}],"author":[{"embeddable":true,"href":"https:\/\/siemysli-ke.info\/en\/wp-json\/wp\/v2\/users\/3"}],"replies":[{"embeddable":true,"href":"https:\/\/siemysli-ke.info\/en\/wp-json\/wp\/v2\/comments?post=28451"}],"version-history":[{"count":0,"href":"https:\/\/siemysli-ke.info\/en\/wp-json\/wp\/v2\/posts\/28451\/revisions"}],"wp:featuredmedia":[{"embeddable":true,"href":"https:\/\/siemysli-ke.info\/en\/wp-json\/wp\/v2\/media\/28452"}],"wp:attachment":[{"href":"https:\/\/siemysli-ke.info\/en\/wp-json\/wp\/v2\/media?parent=28451"}],"wp:term":[{"taxonomy":"category","embeddable":true,"href":"https:\/\/siemysli-ke.info\/en\/wp-json\/wp\/v2\/categories?post=28451"},{"taxonomy":"post_tag","embeddable":true,"href":"https:\/\/siemysli-ke.info\/en\/wp-json\/wp\/v2\/tags?post=28451"}],"curies":[{"name":"wp","href":"https:\/\/api.w.org\/{rel}","templated":true}]}}