 {"id":2587,"date":"2012-02-09T11:34:15","date_gmt":"2012-02-09T11:34:15","guid":{"rendered":"http:\/\/www.bezjarzmowie.info.ke\/test\/?p=2587"},"modified":"2013-11-02T21:21:33","modified_gmt":"2013-11-02T20:21:33","slug":"prawa-polityczne-obywateli-w-koncepcjach-uduw","status":"publish","type":"post","link":"https:\/\/siemysli-ke.info\/en\/prawa-polityczne-obywateli-w-koncepcjach-uduw\/","title":{"rendered":"Prawa polityczne obywateli w koncepcjach UD\/UW"},"content":{"rendered":"<p style=\"text-align: justify\">\u00a0<\/p>\n<p style=\"text-align: justify\"><span style=\"font-size: small\">Demokracja to mi\u0119dzy innymi mo\u017cliwo\u015b\u0107 prowadzenia przez obywateli dzia\u0142alno\u015bci, okre\u015blanej jako polityczna.<\/span><\/p>\n<p style=\"text-align: justify\"><span style=\"font-size: small\">Zgodnie z obowi\u0105zuj\u0105cymi w\u00f3wczas w demokracjach zachodnich pogl\u0105dami (dzi\u015b nast\u0119puje powolne odej\u015bcie od tego modelu) istot\u0105 dzia\u0142a\u0144 politycznych obywateli by\u0142a mo\u017cliwo\u015b\u0107 przeprowadzania reform poprzez zak\u0142adanie i dzia\u0142alno\u015b\u0107 partii politycznych. Ten pogl\u0105d najzupe\u0142niej wida\u0107 podzielali projektodawcy UD\/UW.<\/span><\/p>\n<p style=\"text-align: justify\"><span style=\"font-size: small\">Dzia\u0142, dotycz\u0105cy swob\u00f3d politycznych zaczyna bowiem artyku\u0142, sytuuj\u0105cy w krajobrazie politycznym RP w\u0142a\u015bnie partie. Wedle unit\u00f3w to w\u0142a\u015bnie mo\u017cliwo\u015b\u0107 swobodnego zrzeszania si\u0119 w partie ma decyduj\u0105cy wp\u0142yw na to, by w\u0142adza publiczna mog\u0142a by\u0107 sprawowana w spos\u00f3b jak najbardziej demokratyczny.<\/span><\/p>\n<p style=\"text-align: justify\"><span style=\"font-size: small\"><!--more--><\/span><\/p>\n<p style=\"text-align: justify\"><span style=\"font-size: small\">Jednocze\u015bnie przez tw\u00f3rc\u00f3w projektu przemawia\u0142a troska (wynikaj\u0105ca cho\u0107by ze wsp\u00f3\u0142czesnej sytuacji w Niemczech czy Francji) o zagwarantowanie w RP braku legalnego funkcjonowania tych partii politycznych, kt\u00f3rych \u201eprogram lub dzia\u0142alno\u015b\u0107 dopuszcza u\u017cycie przez nie przemocy dla zdobycia w\u0142adzy lub wp\u0142ywu na w\u0142adz\u0119 publiczn\u0105, a tak\u017ce, kt\u00f3rych wewn\u0119trzna organizacja jest niezgodna z demokratycznymi zasadami\u201d.<a title=\"\" href=\"http:\/\/www.bezjarzmowie.info.ke\/test\/wp-admin\/post-new.php?CSRF_TOKEN=#_ftn1\">[1]<\/a><\/span><\/p>\n<p style=\"text-align: justify\"><span style=\"font-size: small\">Unici byli te\u017c zdania, i\u017c osoby, pracuj\u0105ce w s\u0142u\u017cbach publicznych (s\u0119dziowie, zawodowi wojskowi etc.) mog\u0105 by\u0107 ustawowo pozbawieni mo\u017cliwo\u015bci zapisywania si\u0119 do partii politycznych.<\/span><\/p>\n<p style=\"text-align: justify\"><span style=\"font-size: small\">Projekt UW przewidywa\u0142 te\u017c prawo obywateli do powo\u0142ywania do \u017cycia zwi\u0105zk\u00f3w zawodowych, podobnie jak zwi\u0105zk\u00f3w pracodawc\u00f3w. W ten spos\u00f3b obie grupy \u2013 ci, kt\u00f3rzy s\u0105 pracobiorcami oraz ci, jacy prac\u0119 mog\u0105 innym oferowa\u0107 zostali przez projekt unit\u00f3w zr\u00f3wnani w prawach i mo\u017cliwo\u015bciach.<\/span><\/p>\n<p style=\"text-align: justify\"><span style=\"font-size: small\">Podobnie, jak w przypadku partii politycznych, osoby pracuj\u0105ce w s\u0142u\u017cbach publicznych (policjanci, wojskowi itp.) mog\u0105 wedle projektodawc\u00f3w by\u0107 ustawowo pozbawione mo\u017cliwo\u015bci cz\u0142onkostwa w jakiejkolwiek partii.<\/span><\/p>\n<p style=\"text-align: justify\"><span style=\"font-size: small\">Unici chcieli zagwarantowa\u0107 ka\u017cdemu obywatelowi prawo do dost\u0119pu do informacji nt. dzia\u0142alno\u015bci w\u0142adz publicznych. Wzorem mog\u0142aby tu by\u0107 Skandynawia, gdzie otwarto\u015b\u0107 i dost\u0119p do informacji tego typu s\u0105 faktem dla obywateli oczywistym. UW proponowa\u0142a, co prawda, mo\u017cliwo\u015b\u0107 ustawowego ograniczenia dost\u0119pu do informacji \u2013 ale samo udost\u0119pnienie danych obywatelowi by\u0142o odej\u015bciem od praktyk \u201erealnego socjalizmu\u201d.<\/span><\/p>\n<p style=\"text-align: justify\"><span style=\"font-size: small\">Jednocze\u015bnie projekt zdejmowa\u0142 z Konstytucji RP odpowiedzialno\u015b\u0107 za zakres i spos\u00f3b gromadzenia, przetwarzania i wykorzystywania danych o obywatelach Polski. Cedowa\u0142 t\u0119 odpowiedzialno\u015b\u0107 na wydan\u0105 ewentualnie przez Sejm ustaw\u0119.<\/span><\/p>\n<p style=\"text-align: justify\"><span style=\"font-size: small\">Ustawa, co prawda, nie ma prawa by\u0107 z Konstytucj\u0105 RP niezgodna, ale mo\u017ce rozszerzy\u0107 zakres kontroli obywateli w spos\u00f3b niezgodny z duchem ustawy zasadniczej.<\/span><\/p>\n<p style=\"text-align: justify\"><span style=\"font-size: small\">Unici, zgodnie z tradycj\u0105 liberalizmu, uwa\u017cali, i\u017c do uczestnictwa w \u017cyciu publicznym swego pa\u0144stwa ma prawo ka\u017cdy z jego obywateli. Prawo to dzia\u0142a w obydwie strony \u2013 ka\u017cdy, kto uko\u0144czy\u0142 lat 18, co w Polsce jest ustawow\u0105 granic\u0105 doros\u0142o\u015bci cz\u0142owieka, mo\u017ce wybiera\u0107 swego reprezentanta do w\u0142adz publicznych ka\u017cdego stopnia oraz bra\u0107 udzia\u0142 w referendum. Warunkiem uniemo\u017cliwienia mu udzia\u0142u w elekcjach s\u0105 jedynie: ci\u0119\u017cka choroba psychiczna, skutkuj\u0105ca prawnym ubezw\u0142asnowolnieniem i prawomocny wyrok niezawis\u0142ego s\u0105du, skazuj\u0105cy obywatela na okresowe pozbawienie praw publicznych. Polega to na odebraniu skazanemu mo\u017cliwo\u015bci glosowania. Odebranie praw publicznych nie jest nigdy kar\u0105 g\u0142\u00f3wn\u0105, s\u0105dy orzekaj\u0105 j\u0105 jako kar\u0119 dodatkow\u0105 do wyroku podstawowego.<\/span><\/p>\n<p style=\"text-align: justify\"><span style=\"font-size: small\">Z drugiej strony \u2013 ka\u017cdy obywatel RP, na zasadzie r\u00f3wnouprawnienia \u2013 mo\u017ce sprawowa\u0107 wszelkie urz\u0119dy publiczne.<\/span><\/p>\n<p style=\"text-align: justify\"><span style=\"font-size: small\">Projekt Konstytucji RP, autorstwa dzia\u0142aczy UW, reguluje tak\u017ce spraw\u0119 najbardziej powszechnej pr\u00f3cz g\u0142osowania w wyborach mo\u017cliwo\u015bci wypowiedzi publicznej. Mowa o wnoszeniu petycji (tak na drodze indywidualnej, jak zbiorowej, wesp\u00f3\u0142 z innymi obywatelami) we wszystkich sprawach, kt\u00f3re zdaniem obywateli s\u0105 istotne dla og\u00f3\u0142u Polak\u00f3w lub spo\u0142eczno\u015bci lokalnych, a z jakich\u015b wzgl\u0119d\u00f3w bywaj\u0105 niedostrze\u017cone przez w\u0142adze samorz\u0105dowe czy administracj\u0119 rz\u0105dow\u0105 jakiego\u015b szczebla.<\/span><\/p>\n<p style=\"text-align: justify\"><span style=\"font-size: small\">Unici przewidzieli te\u017c, ze wzgl\u0119du na zr\u00f3\u017cnicowanie geopolityczne \u015bwiata i wielo\u015b\u0107 forma rz\u0105dzenia, mo\u017cliwo\u015b\u0107 przyznawania azylu tym cudzoziemcom, kt\u00f3rzy w swoich krajach byli prze\u015bladowani za obron\u0119 zasad demokratycznych \u2013 wolno\u015bci i praw cz\u0142owieka. Konkrety na ten temat ma okre\u015bla\u0107 sejmowa ustawa.<\/span><\/p>\n<p style=\"text-align: justify\"><span style=\"font-size: small\">W praktyce polityka RP daleka jest od tego typu rozwi\u0105za\u0144. Azyl udzielany jest niezwykle rzadko, g\u0142\u00f3wnie osobom z kraj\u00f3w akurat pi\u0119tnowanych przez silniejszych sojusznik\u00f3w Polski. Trudno wskaza\u0107 przypadki azylu, udzielonego obywatelom Rosji czy Chin, gdzie prawa cz\u0142owieka nadal \u0142amane s\u0105 w stopniu wr\u0119cz nieprzyzwoitym.<\/span><\/p>\n<p style=\"text-align: justify\"><span style=\"font-size: small\">Wydaje si\u0119, i\u017c mo\u017cliwo\u015b\u0107 regulacji poprzez ewentualne ustawy, os\u0142abia jednocze\u015bnie wymow\u0119 aktu konstytucyjnego i jest to rodzajem furtki, kt\u00f3r\u0105 projektodawcy Unii Wolno\u015bci pozostawili, by mie\u0107 mniej zwi\u0105zane r\u0119ce w sprawach podstawowych wobec wolno\u015bci politycznych obywateli Polski.<\/span><\/p>\n<p style=\"text-align: right\"><strong><\/strong>\u00a0<\/p>\n<p style=\"text-align: right\"><strong><span style=\"font-size: medium\">Klara Woli\u0144ska<\/span><\/strong><\/p>\n<p>&nbsp;<\/p>\n<div>\n<hr align=\"left\" size=\"1\" width=\"33%\" \/>\n<div>\n<p><a title=\"\" href=\"http:\/\/www.bezjarzmowie.info.ke\/test\/wp-admin\/post-new.php?CSRF_TOKEN=#_ftnref1\">[1]<\/a> Projekt UW, (w:) Ryszard Chru\u015bciak (oprac.), <em>Projekty Konstytucji Rzeczypospolitej Polskiej 1993<\/em>, t. 1., Warszawa 1993, Wydawnictwo Sejmowe, s. 269.<\/p>\n<\/div>\n<\/div>\n","protected":false},"excerpt":{"rendered":"<p>\u00a0 Demokracja to mi\u0119dzy innymi mo\u017cliwo\u015b\u0107 prowadzenia przez obywateli dzia\u0142alno\u015bci, okre\u015blanej jako polityczna. Zgodnie z obowi\u0105zuj\u0105cymi w\u00f3wczas w demokracjach zachodnich<\/p>\n","protected":false},"author":1,"featured_media":0,"comment_status":"open","ping_status":"open","sticky":false,"template":"","format":"standard","meta":{"colormag_page_layout":"default_layout","footnotes":""},"categories":[143],"tags":[],"class_list":["post-2587","post","type-post","status-publish","format-standard","hentry","category-inne"],"yoast_head":"<!-- This site is optimized with the Yoast SEO plugin v25.1 - https:\/\/yoast.com\/wordpress\/plugins\/seo\/ -->\n<title>Prawa polityczne obywateli w koncepcjach UD\/UW - SI\u0118 MY\u015aLI<\/title>\n<meta name=\"robots\" content=\"index, follow, max-snippet:-1, max-image-preview:large, max-video-preview:-1\" \/>\n<link rel=\"canonical\" href=\"https:\/\/siemysli-ke.info\/en\/prawa-polityczne-obywateli-w-koncepcjach-uduw\/\" \/>\n<meta property=\"og:locale\" content=\"en_US\" \/>\n<meta property=\"og:type\" content=\"article\" \/>\n<meta property=\"og:title\" content=\"Prawa polityczne obywateli w koncepcjach UD\/UW - SI\u0118 MY\u015aLI\" \/>\n<meta property=\"og:description\" content=\"\u00a0 Demokracja to mi\u0119dzy innymi mo\u017cliwo\u015b\u0107 prowadzenia przez obywateli dzia\u0142alno\u015bci, okre\u015blanej jako polityczna. Zgodnie z obowi\u0105zuj\u0105cymi w\u00f3wczas w demokracjach zachodnich\" \/>\n<meta property=\"og:url\" content=\"https:\/\/siemysli-ke.info\/en\/prawa-polityczne-obywateli-w-koncepcjach-uduw\/\" \/>\n<meta property=\"og:site_name\" content=\"SI\u0118 MY\u015aLI\" \/>\n<meta property=\"article:published_time\" content=\"2012-02-09T11:34:15+00:00\" \/>\n<meta property=\"article:modified_time\" content=\"2013-11-02T20:21:33+00:00\" \/>\n<meta name=\"author\" content=\"admin\" \/>\n<meta name=\"twitter:label1\" content=\"Written by\" \/>\n\t<meta name=\"twitter:data1\" content=\"admin\" \/>\n\t<meta name=\"twitter:label2\" content=\"Est. reading time\" \/>\n\t<meta name=\"twitter:data2\" content=\"4 minutes\" \/>\n<script type=\"application\/ld+json\" class=\"yoast-schema-graph\">{\"@context\":\"https:\/\/schema.org\",\"@graph\":[{\"@type\":\"Article\",\"@id\":\"https:\/\/siemysli-ke.info\/en\/prawa-polityczne-obywateli-w-koncepcjach-uduw\/#article\",\"isPartOf\":{\"@id\":\"https:\/\/siemysli-ke.info\/en\/prawa-polityczne-obywateli-w-koncepcjach-uduw\/\"},\"author\":{\"name\":\"admin\",\"@id\":\"https:\/\/siemysli-ke.info\/#\/schema\/person\/048295918d7858e90e57d1a2c2b5da74\"},\"headline\":\"Prawa polityczne obywateli w koncepcjach UD\/UW\",\"datePublished\":\"2012-02-09T11:34:15+00:00\",\"dateModified\":\"2013-11-02T20:21:33+00:00\",\"mainEntityOfPage\":{\"@id\":\"https:\/\/siemysli-ke.info\/en\/prawa-polityczne-obywateli-w-koncepcjach-uduw\/\"},\"wordCount\":818,\"commentCount\":0,\"publisher\":{\"@id\":\"https:\/\/siemysli-ke.info\/#organization\"},\"articleSection\":[\"Inne\"],\"inLanguage\":\"en-US\",\"potentialAction\":[{\"@type\":\"CommentAction\",\"name\":\"Comment\",\"target\":[\"https:\/\/siemysli-ke.info\/en\/prawa-polityczne-obywateli-w-koncepcjach-uduw\/#respond\"]}]},{\"@type\":\"WebPage\",\"@id\":\"https:\/\/siemysli-ke.info\/en\/prawa-polityczne-obywateli-w-koncepcjach-uduw\/\",\"url\":\"https:\/\/siemysli-ke.info\/en\/prawa-polityczne-obywateli-w-koncepcjach-uduw\/\",\"name\":\"Prawa polityczne obywateli w koncepcjach UD\/UW - SI\u0118 MY\u015aLI\",\"isPartOf\":{\"@id\":\"https:\/\/siemysli-ke.info\/en\/#website\"},\"datePublished\":\"2012-02-09T11:34:15+00:00\",\"dateModified\":\"2013-11-02T20:21:33+00:00\",\"breadcrumb\":{\"@id\":\"https:\/\/siemysli-ke.info\/en\/prawa-polityczne-obywateli-w-koncepcjach-uduw\/#breadcrumb\"},\"inLanguage\":\"en-US\",\"potentialAction\":[{\"@type\":\"ReadAction\",\"target\":[[\"https:\/\/siemysli-ke.info\/en\/prawa-polityczne-obywateli-w-koncepcjach-uduw\/\"]]}]},{\"@type\":\"BreadcrumbList\",\"@id\":\"https:\/\/siemysli-ke.info\/en\/prawa-polityczne-obywateli-w-koncepcjach-uduw\/#breadcrumb\",\"itemListElement\":[{\"@type\":\"ListItem\",\"position\":1,\"name\":\"Home\",\"item\":\"https:\/\/siemysli-ke.info\/en\/\"},{\"@type\":\"ListItem\",\"position\":2,\"name\":\"Prawa polityczne obywateli w koncepcjach UD\/UW\"}]},{\"@type\":\"WebSite\",\"@id\":\"https:\/\/siemysli-ke.info\/en\/#website\",\"url\":\"https:\/\/siemysli-ke.info\/en\/\",\"name\":\"SI\u0118 MY\u015aLI\",\"description\":\"\",\"publisher\":{\"@id\":\"https:\/\/siemysli-ke.info\/en\/#organization\"},\"potentialAction\":[{\"@type\":\"SearchAction\",\"target\":{\"@type\":\"EntryPoint\",\"urlTemplate\":\"https:\/\/siemysli-ke.info\/en\/?s={search_term_string}\"},\"query-input\":{\"@type\":\"PropertyValueSpecification\",\"valueRequired\":true,\"valueName\":\"search_term_string\"}}],\"inLanguage\":\"en-US\"},{\"@type\":\"Organization\",\"@id\":\"https:\/\/siemysli-ke.info\/en\/#organization\",\"name\":\"SI\u0118 MY\u015aLI\",\"url\":\"https:\/\/siemysli-ke.info\/en\/\",\"logo\":{\"@type\":\"ImageObject\",\"inLanguage\":\"en-US\",\"@id\":\"https:\/\/siemysli-ke.info\/en\/#\/schema\/logo\/image\/\",\"url\":\"https:\/\/siemysli-ke.info\/wp-content\/uploads\/2025\/05\/99.png\",\"contentUrl\":\"https:\/\/siemysli-ke.info\/wp-content\/uploads\/2025\/05\/99.png\",\"width\":270,\"height\":204,\"caption\":\"SI\u0118 MY\u015aLI\"},\"image\":{\"@id\":\"https:\/\/siemysli-ke.info\/en\/#\/schema\/logo\/image\/\"}},{\"@type\":\"Person\",\"@id\":\"https:\/\/siemysli-ke.info\/#\/schema\/person\/048295918d7858e90e57d1a2c2b5da74\",\"name\":\"admin\",\"image\":{\"@type\":\"ImageObject\",\"inLanguage\":\"en-US\",\"@id\":\"https:\/\/siemysli-ke.info\/en\/#\/schema\/person\/image\/\",\"url\":\"https:\/\/secure.gravatar.com\/avatar\/9acf729117e1cff813c07ba085b25a76702049ffb5efe3425388cd1a019577de?s=96&d=mm&r=g\",\"contentUrl\":\"https:\/\/secure.gravatar.com\/avatar\/9acf729117e1cff813c07ba085b25a76702049ffb5efe3425388cd1a019577de?s=96&d=mm&r=g\",\"caption\":\"admin\"},\"url\":\"https:\/\/siemysli-ke.info\/en\/author\/admin\/\"}]}<\/script>\n<!-- \/ Yoast SEO plugin. -->","yoast_head_json":{"title":"Prawa polityczne obywateli w koncepcjach UD\/UW - SI\u0118 MY\u015aLI","robots":{"index":"index","follow":"follow","max-snippet":"max-snippet:-1","max-image-preview":"max-image-preview:large","max-video-preview":"max-video-preview:-1"},"canonical":"https:\/\/siemysli-ke.info\/en\/prawa-polityczne-obywateli-w-koncepcjach-uduw\/","og_locale":"en_US","og_type":"article","og_title":"Prawa polityczne obywateli w koncepcjach UD\/UW - SI\u0118 MY\u015aLI","og_description":"\u00a0 Demokracja to mi\u0119dzy innymi mo\u017cliwo\u015b\u0107 prowadzenia przez obywateli dzia\u0142alno\u015bci, okre\u015blanej jako polityczna. Zgodnie z obowi\u0105zuj\u0105cymi w\u00f3wczas w demokracjach zachodnich","og_url":"https:\/\/siemysli-ke.info\/en\/prawa-polityczne-obywateli-w-koncepcjach-uduw\/","og_site_name":"SI\u0118 MY\u015aLI","article_published_time":"2012-02-09T11:34:15+00:00","article_modified_time":"2013-11-02T20:21:33+00:00","author":"admin","twitter_misc":{"Written by":"admin","Est. reading time":"4 minutes"},"schema":{"@context":"https:\/\/schema.org","@graph":[{"@type":"Article","@id":"https:\/\/siemysli-ke.info\/en\/prawa-polityczne-obywateli-w-koncepcjach-uduw\/#article","isPartOf":{"@id":"https:\/\/siemysli-ke.info\/en\/prawa-polityczne-obywateli-w-koncepcjach-uduw\/"},"author":{"name":"admin","@id":"https:\/\/siemysli-ke.info\/#\/schema\/person\/048295918d7858e90e57d1a2c2b5da74"},"headline":"Prawa polityczne obywateli w koncepcjach UD\/UW","datePublished":"2012-02-09T11:34:15+00:00","dateModified":"2013-11-02T20:21:33+00:00","mainEntityOfPage":{"@id":"https:\/\/siemysli-ke.info\/en\/prawa-polityczne-obywateli-w-koncepcjach-uduw\/"},"wordCount":818,"commentCount":0,"publisher":{"@id":"https:\/\/siemysli-ke.info\/#organization"},"articleSection":["Inne"],"inLanguage":"en-US","potentialAction":[{"@type":"CommentAction","name":"Comment","target":["https:\/\/siemysli-ke.info\/en\/prawa-polityczne-obywateli-w-koncepcjach-uduw\/#respond"]}]},{"@type":"WebPage","@id":"https:\/\/siemysli-ke.info\/en\/prawa-polityczne-obywateli-w-koncepcjach-uduw\/","url":"https:\/\/siemysli-ke.info\/en\/prawa-polityczne-obywateli-w-koncepcjach-uduw\/","name":"Prawa polityczne obywateli w koncepcjach UD\/UW - SI\u0118 MY\u015aLI","isPartOf":{"@id":"https:\/\/siemysli-ke.info\/en\/#website"},"datePublished":"2012-02-09T11:34:15+00:00","dateModified":"2013-11-02T20:21:33+00:00","breadcrumb":{"@id":"https:\/\/siemysli-ke.info\/en\/prawa-polityczne-obywateli-w-koncepcjach-uduw\/#breadcrumb"},"inLanguage":"en-US","potentialAction":[{"@type":"ReadAction","target":[["https:\/\/siemysli-ke.info\/en\/prawa-polityczne-obywateli-w-koncepcjach-uduw\/"]]}]},{"@type":"BreadcrumbList","@id":"https:\/\/siemysli-ke.info\/en\/prawa-polityczne-obywateli-w-koncepcjach-uduw\/#breadcrumb","itemListElement":[{"@type":"ListItem","position":1,"name":"Home","item":"https:\/\/siemysli-ke.info\/en\/"},{"@type":"ListItem","position":2,"name":"Prawa polityczne obywateli w koncepcjach UD\/UW"}]},{"@type":"WebSite","@id":"https:\/\/siemysli-ke.info\/en\/#website","url":"https:\/\/siemysli-ke.info\/en\/","name":"SI\u0118 MY\u015aLI","description":"","publisher":{"@id":"https:\/\/siemysli-ke.info\/en\/#organization"},"potentialAction":[{"@type":"SearchAction","target":{"@type":"EntryPoint","urlTemplate":"https:\/\/siemysli-ke.info\/en\/?s={search_term_string}"},"query-input":{"@type":"PropertyValueSpecification","valueRequired":true,"valueName":"search_term_string"}}],"inLanguage":"en-US"},{"@type":"Organization","@id":"https:\/\/siemysli-ke.info\/en\/#organization","name":"SI\u0118 MY\u015aLI","url":"https:\/\/siemysli-ke.info\/en\/","logo":{"@type":"ImageObject","inLanguage":"en-US","@id":"https:\/\/siemysli-ke.info\/en\/#\/schema\/logo\/image\/","url":"https:\/\/siemysli-ke.info\/wp-content\/uploads\/2025\/05\/99.png","contentUrl":"https:\/\/siemysli-ke.info\/wp-content\/uploads\/2025\/05\/99.png","width":270,"height":204,"caption":"SI\u0118 MY\u015aLI"},"image":{"@id":"https:\/\/siemysli-ke.info\/en\/#\/schema\/logo\/image\/"}},{"@type":"Person","@id":"https:\/\/siemysli-ke.info\/#\/schema\/person\/048295918d7858e90e57d1a2c2b5da74","name":"admin","image":{"@type":"ImageObject","inLanguage":"en-US","@id":"https:\/\/siemysli-ke.info\/en\/#\/schema\/person\/image\/","url":"https:\/\/secure.gravatar.com\/avatar\/9acf729117e1cff813c07ba085b25a76702049ffb5efe3425388cd1a019577de?s=96&d=mm&r=g","contentUrl":"https:\/\/secure.gravatar.com\/avatar\/9acf729117e1cff813c07ba085b25a76702049ffb5efe3425388cd1a019577de?s=96&d=mm&r=g","caption":"admin"},"url":"https:\/\/siemysli-ke.info\/en\/author\/admin\/"}]}},"_links":{"self":[{"href":"https:\/\/siemysli-ke.info\/en\/wp-json\/wp\/v2\/posts\/2587","targetHints":{"allow":["GET"]}}],"collection":[{"href":"https:\/\/siemysli-ke.info\/en\/wp-json\/wp\/v2\/posts"}],"about":[{"href":"https:\/\/siemysli-ke.info\/en\/wp-json\/wp\/v2\/types\/post"}],"author":[{"embeddable":true,"href":"https:\/\/siemysli-ke.info\/en\/wp-json\/wp\/v2\/users\/1"}],"replies":[{"embeddable":true,"href":"https:\/\/siemysli-ke.info\/en\/wp-json\/wp\/v2\/comments?post=2587"}],"version-history":[{"count":0,"href":"https:\/\/siemysli-ke.info\/en\/wp-json\/wp\/v2\/posts\/2587\/revisions"}],"wp:attachment":[{"href":"https:\/\/siemysli-ke.info\/en\/wp-json\/wp\/v2\/media?parent=2587"}],"wp:term":[{"taxonomy":"category","embeddable":true,"href":"https:\/\/siemysli-ke.info\/en\/wp-json\/wp\/v2\/categories?post=2587"},{"taxonomy":"post_tag","embeddable":true,"href":"https:\/\/siemysli-ke.info\/en\/wp-json\/wp\/v2\/tags?post=2587"}],"curies":[{"name":"wp","href":"https:\/\/api.w.org\/{rel}","templated":true}]}}