 {"id":23544,"date":"2016-12-29T17:06:48","date_gmt":"2016-12-29T16:06:48","guid":{"rendered":"http:\/\/www.siemysli.info.ke\/?p=23544"},"modified":"2016-12-29T17:26:50","modified_gmt":"2016-12-29T16:26:50","slug":"osobista-kronika-stanu-wojennego-ad-1981","status":"publish","type":"post","link":"https:\/\/siemysli-ke.info\/en\/osobista-kronika-stanu-wojennego-ad-1981\/","title":{"rendered":"(Polski) Osobista kronika stanu wojennego AD 1981"},"content":{"rendered":"<p class=\"qtranxs-available-languages-message qtranxs-available-languages-message-en\">Sorry, this entry is only available in <a href=\"https:\/\/siemysli-ke.info\/pl\/wp-json\/wp\/v2\/posts\/23544\" class=\"qtranxs-available-language-link qtranxs-available-language-link-pl\" title=\"Polski\">Polski<\/a>.<\/p>","protected":false},"excerpt":{"rendered":"<p>Sorry, this entry is only available in Polski.<\/p>\n","protected":false},"author":3,"featured_media":23546,"comment_status":"open","ping_status":"open","sticky":false,"template":"","format":"standard","meta":{"colormag_page_layout":"default_layout","footnotes":""},"categories":[81],"tags":[1616,7473,89,1505,4368,92,1222,7471,3700,203,1492,3704,3703,759,1661,7470,7469,624,7472],"class_list":["post-23544","post","type-post","status-publish","format-standard","has-post-thumbnail","hentry","category-rzeczpospolita","tag-antonik","tag-architekci-okraglego-stolu","tag-breaking","tag-doktryna-briezniewa","tag-dorzecze-wisly","tag-headline","tag-iii-rp","tag-janusz-klosinski","tag-jerzy-urban","tag-polska","tag-prl","tag-pzpr","tag-sb","tag-stan-wojenny","tag-wojciech-jaruzelski","tag-wojciech-siemion","tag-wsw","tag-zsrr","tag-neosolidarnosc"],"yoast_head":"<!-- This site is optimized with the Yoast SEO plugin v25.1 - https:\/\/yoast.com\/wordpress\/plugins\/seo\/ -->\n<title>(Polski) Osobista kronika stanu wojennego AD 1981 - SI\u0118 MY\u015aLI<\/title>\n<meta name=\"robots\" content=\"index, follow, max-snippet:-1, max-image-preview:large, max-video-preview:-1\" \/>\n<link rel=\"canonical\" href=\"https:\/\/siemysli-ke.info\/en\/osobista-kronika-stanu-wojennego-ad-1981\/\" \/>\n<meta property=\"og:locale\" content=\"en_US\" \/>\n<meta property=\"og:type\" content=\"article\" \/>\n<meta property=\"og:title\" content=\"(Polski) Osobista kronika stanu wojennego AD 1981 - SI\u0118 MY\u015aLI\" \/>\n<meta property=\"og:description\" content=\"Sorry, this entry is only available in Polski.\" \/>\n<meta property=\"og:url\" content=\"https:\/\/siemysli-ke.info\/en\/osobista-kronika-stanu-wojennego-ad-1981\/\" \/>\n<meta property=\"og:site_name\" content=\"SI\u0118 MY\u015aLI\" \/>\n<meta property=\"article:published_time\" content=\"2016-12-29T16:06:48+00:00\" \/>\n<meta property=\"article:modified_time\" content=\"2016-12-29T16:26:50+00:00\" \/>\n<meta property=\"og:image\" content=\"https:\/\/siemysli-ke.info\/wp-content\/uploads\/2016\/12\/jaruzel.jpeg\" \/>\n\t<meta property=\"og:image:width\" content=\"736\" \/>\n\t<meta property=\"og:image:height\" content=\"971\" \/>\n\t<meta property=\"og:image:type\" content=\"image\/jpeg\" \/>\n<meta name=\"author\" content=\"...\" \/>\n<meta name=\"twitter:label1\" content=\"Written by\" \/>\n\t<meta name=\"twitter:data1\" content=\"...\" \/>\n\t<meta name=\"twitter:label2\" content=\"Est. reading time\" \/>\n\t<meta name=\"twitter:data2\" content=\"6 minutes\" \/>\n<script type=\"application\/ld+json\" class=\"yoast-schema-graph\">{\"@context\":\"https:\/\/schema.org\",\"@graph\":[{\"@type\":\"Article\",\"@id\":\"https:\/\/siemysli-ke.info\/en\/osobista-kronika-stanu-wojennego-ad-1981\/#article\",\"isPartOf\":{\"@id\":\"https:\/\/siemysli-ke.info\/en\/osobista-kronika-stanu-wojennego-ad-1981\/\"},\"author\":{\"name\":\"...\",\"@id\":\"https:\/\/siemysli-ke.info\/#\/schema\/person\/75326687448d6abf738b156f56385210\"},\"headline\":\"(Polski) Osobista kronika stanu wojennego AD 1981\",\"datePublished\":\"2016-12-29T16:06:48+00:00\",\"dateModified\":\"2016-12-29T16:26:50+00:00\",\"mainEntityOfPage\":{\"@id\":\"https:\/\/siemysli-ke.info\/en\/osobista-kronika-stanu-wojennego-ad-1981\/\"},\"wordCount\":1157,\"commentCount\":0,\"publisher\":{\"@id\":\"https:\/\/siemysli-ke.info\/#organization\"},\"image\":{\"@id\":\"https:\/\/siemysli-ke.info\/en\/osobista-kronika-stanu-wojennego-ad-1981\/#primaryimage\"},\"thumbnailUrl\":\"https:\/\/siemysli-ke.info\/wp-content\/uploads\/2016\/12\/jaruzel.jpeg\",\"keywords\":[\"AntoniK\",\"architekci \u201eOkr\u0105g\u0142ego Sto\u0142u\u201d\",\"breaking\",\"doktryna Brie\u017cniewa\",\"dorzecze Wis\u0142y\",\"headline\",\"III RP\",\"Janusz K\u0142osi\u0144ski\",\"Jerzy Urban\",\"Polska\",\"PRL\",\"PZPR\",\"SB\",\"Stan Wojenny\",\"Wojciech Jaruzelski\",\"Wojciech Siemion\",\"WSW\",\"ZSRR\",\"\u201eneoSolidarno\u015b\u0107\u201d\"],\"articleSection\":[\"Rzeczypospolita\"],\"inLanguage\":\"en-US\",\"potentialAction\":[{\"@type\":\"CommentAction\",\"name\":\"Comment\",\"target\":[\"https:\/\/siemysli-ke.info\/en\/osobista-kronika-stanu-wojennego-ad-1981\/#respond\"]}]},{\"@type\":\"WebPage\",\"@id\":\"https:\/\/siemysli-ke.info\/en\/osobista-kronika-stanu-wojennego-ad-1981\/\",\"url\":\"https:\/\/siemysli-ke.info\/en\/osobista-kronika-stanu-wojennego-ad-1981\/\",\"name\":\"(Polski) Osobista kronika stanu wojennego AD 1981 - SI\u0118 MY\u015aLI\",\"isPartOf\":{\"@id\":\"https:\/\/siemysli-ke.info\/en\/#website\"},\"primaryImageOfPage\":{\"@id\":\"https:\/\/siemysli-ke.info\/en\/osobista-kronika-stanu-wojennego-ad-1981\/#primaryimage\"},\"image\":{\"@id\":\"https:\/\/siemysli-ke.info\/en\/osobista-kronika-stanu-wojennego-ad-1981\/#primaryimage\"},\"thumbnailUrl\":\"https:\/\/siemysli-ke.info\/wp-content\/uploads\/2016\/12\/jaruzel.jpeg\",\"datePublished\":\"2016-12-29T16:06:48+00:00\",\"dateModified\":\"2016-12-29T16:26:50+00:00\",\"breadcrumb\":{\"@id\":\"https:\/\/siemysli-ke.info\/en\/osobista-kronika-stanu-wojennego-ad-1981\/#breadcrumb\"},\"inLanguage\":\"en-US\",\"potentialAction\":[{\"@type\":\"ReadAction\",\"target\":[[\"https:\/\/siemysli-ke.info\/en\/osobista-kronika-stanu-wojennego-ad-1981\/\"]]}]},{\"@type\":\"ImageObject\",\"inLanguage\":\"en-US\",\"@id\":\"https:\/\/siemysli-ke.info\/en\/osobista-kronika-stanu-wojennego-ad-1981\/#primaryimage\",\"url\":\"https:\/\/siemysli-ke.info\/wp-content\/uploads\/2016\/12\/jaruzel.jpeg\",\"contentUrl\":\"https:\/\/siemysli-ke.info\/wp-content\/uploads\/2016\/12\/jaruzel.jpeg\",\"width\":736,\"height\":971},{\"@type\":\"BreadcrumbList\",\"@id\":\"https:\/\/siemysli-ke.info\/en\/osobista-kronika-stanu-wojennego-ad-1981\/#breadcrumb\",\"itemListElement\":[{\"@type\":\"ListItem\",\"position\":1,\"name\":\"Home\",\"item\":\"https:\/\/siemysli-ke.info\/en\/\"},{\"@type\":\"ListItem\",\"position\":2,\"name\":\"(Polski) Osobista kronika stanu wojennego AD 1981\"}]},{\"@type\":\"WebSite\",\"@id\":\"https:\/\/siemysli-ke.info\/en\/#website\",\"url\":\"https:\/\/siemysli-ke.info\/en\/\",\"name\":\"SI\u0118 MY\u015aLI\",\"description\":\"\",\"publisher\":{\"@id\":\"https:\/\/siemysli-ke.info\/en\/#organization\"},\"potentialAction\":[{\"@type\":\"SearchAction\",\"target\":{\"@type\":\"EntryPoint\",\"urlTemplate\":\"https:\/\/siemysli-ke.info\/en\/?s={search_term_string}\"},\"query-input\":{\"@type\":\"PropertyValueSpecification\",\"valueRequired\":true,\"valueName\":\"search_term_string\"}}],\"inLanguage\":\"en-US\"},{\"@type\":\"Organization\",\"@id\":\"https:\/\/siemysli-ke.info\/en\/#organization\",\"name\":\"SI\u0118 MY\u015aLI\",\"url\":\"https:\/\/siemysli-ke.info\/en\/\",\"logo\":{\"@type\":\"ImageObject\",\"inLanguage\":\"en-US\",\"@id\":\"https:\/\/siemysli-ke.info\/en\/#\/schema\/logo\/image\/\",\"url\":\"https:\/\/siemysli-ke.info\/wp-content\/uploads\/2025\/05\/99.png\",\"contentUrl\":\"https:\/\/siemysli-ke.info\/wp-content\/uploads\/2025\/05\/99.png\",\"width\":270,\"height\":204,\"caption\":\"SI\u0118 MY\u015aLI\"},\"image\":{\"@id\":\"https:\/\/siemysli-ke.info\/en\/#\/schema\/logo\/image\/\"}},{\"@type\":\"Person\",\"@id\":\"https:\/\/siemysli-ke.info\/#\/schema\/person\/75326687448d6abf738b156f56385210\",\"name\":\"...\",\"image\":{\"@type\":\"ImageObject\",\"inLanguage\":\"en-US\",\"@id\":\"https:\/\/siemysli-ke.info\/en\/#\/schema\/person\/image\/\",\"url\":\"https:\/\/secure.gravatar.com\/avatar\/33a3c2559155e1b4add65cf88cafda785aeb920f44b97c7055b07866ab5b13c2?s=96&d=mm&r=g\",\"contentUrl\":\"https:\/\/secure.gravatar.com\/avatar\/33a3c2559155e1b4add65cf88cafda785aeb920f44b97c7055b07866ab5b13c2?s=96&d=mm&r=g\",\"caption\":\"...\"},\"url\":\"https:\/\/siemysli-ke.info\/en\/author\/lele\/\"}]}<\/script>\n<!-- \/ Yoast SEO plugin. -->","yoast_head_json":{"title":"(Polski) Osobista kronika stanu wojennego AD 1981 - SI\u0118 MY\u015aLI","robots":{"index":"index","follow":"follow","max-snippet":"max-snippet:-1","max-image-preview":"max-image-preview:large","max-video-preview":"max-video-preview:-1"},"canonical":"https:\/\/siemysli-ke.info\/en\/osobista-kronika-stanu-wojennego-ad-1981\/","og_locale":"en_US","og_type":"article","og_title":"(Polski) Osobista kronika stanu wojennego AD 1981 - SI\u0118 MY\u015aLI","og_description":"Sorry, this entry is only available in Polski.","og_url":"https:\/\/siemysli-ke.info\/en\/osobista-kronika-stanu-wojennego-ad-1981\/","og_site_name":"SI\u0118 MY\u015aLI","article_published_time":"2016-12-29T16:06:48+00:00","article_modified_time":"2016-12-29T16:26:50+00:00","og_image":[{"width":736,"height":971,"url":"https:\/\/siemysli-ke.info\/wp-content\/uploads\/2016\/12\/jaruzel.jpeg","type":"image\/jpeg"}],"author":"...","twitter_misc":{"Written by":"...","Est. reading time":"6 minutes"},"schema":{"@context":"https:\/\/schema.org","@graph":[{"@type":"Article","@id":"https:\/\/siemysli-ke.info\/en\/osobista-kronika-stanu-wojennego-ad-1981\/#article","isPartOf":{"@id":"https:\/\/siemysli-ke.info\/en\/osobista-kronika-stanu-wojennego-ad-1981\/"},"author":{"name":"...","@id":"https:\/\/siemysli-ke.info\/#\/schema\/person\/75326687448d6abf738b156f56385210"},"headline":"(Polski) Osobista kronika stanu wojennego AD 1981","datePublished":"2016-12-29T16:06:48+00:00","dateModified":"2016-12-29T16:26:50+00:00","mainEntityOfPage":{"@id":"https:\/\/siemysli-ke.info\/en\/osobista-kronika-stanu-wojennego-ad-1981\/"},"wordCount":1157,"commentCount":0,"publisher":{"@id":"https:\/\/siemysli-ke.info\/#organization"},"image":{"@id":"https:\/\/siemysli-ke.info\/en\/osobista-kronika-stanu-wojennego-ad-1981\/#primaryimage"},"thumbnailUrl":"https:\/\/siemysli-ke.info\/wp-content\/uploads\/2016\/12\/jaruzel.jpeg","keywords":["AntoniK","architekci \u201eOkr\u0105g\u0142ego Sto\u0142u\u201d","breaking","doktryna Brie\u017cniewa","dorzecze Wis\u0142y","headline","III RP","Janusz K\u0142osi\u0144ski","Jerzy Urban","Polska","PRL","PZPR","SB","Stan Wojenny","Wojciech Jaruzelski","Wojciech Siemion","WSW","ZSRR","\u201eneoSolidarno\u015b\u0107\u201d"],"articleSection":["Rzeczypospolita"],"inLanguage":"en-US","potentialAction":[{"@type":"CommentAction","name":"Comment","target":["https:\/\/siemysli-ke.info\/en\/osobista-kronika-stanu-wojennego-ad-1981\/#respond"]}]},{"@type":"WebPage","@id":"https:\/\/siemysli-ke.info\/en\/osobista-kronika-stanu-wojennego-ad-1981\/","url":"https:\/\/siemysli-ke.info\/en\/osobista-kronika-stanu-wojennego-ad-1981\/","name":"(Polski) Osobista kronika stanu wojennego AD 1981 - SI\u0118 MY\u015aLI","isPartOf":{"@id":"https:\/\/siemysli-ke.info\/en\/#website"},"primaryImageOfPage":{"@id":"https:\/\/siemysli-ke.info\/en\/osobista-kronika-stanu-wojennego-ad-1981\/#primaryimage"},"image":{"@id":"https:\/\/siemysli-ke.info\/en\/osobista-kronika-stanu-wojennego-ad-1981\/#primaryimage"},"thumbnailUrl":"https:\/\/siemysli-ke.info\/wp-content\/uploads\/2016\/12\/jaruzel.jpeg","datePublished":"2016-12-29T16:06:48+00:00","dateModified":"2016-12-29T16:26:50+00:00","breadcrumb":{"@id":"https:\/\/siemysli-ke.info\/en\/osobista-kronika-stanu-wojennego-ad-1981\/#breadcrumb"},"inLanguage":"en-US","potentialAction":[{"@type":"ReadAction","target":[["https:\/\/siemysli-ke.info\/en\/osobista-kronika-stanu-wojennego-ad-1981\/"]]}]},{"@type":"ImageObject","inLanguage":"en-US","@id":"https:\/\/siemysli-ke.info\/en\/osobista-kronika-stanu-wojennego-ad-1981\/#primaryimage","url":"https:\/\/siemysli-ke.info\/wp-content\/uploads\/2016\/12\/jaruzel.jpeg","contentUrl":"https:\/\/siemysli-ke.info\/wp-content\/uploads\/2016\/12\/jaruzel.jpeg","width":736,"height":971},{"@type":"BreadcrumbList","@id":"https:\/\/siemysli-ke.info\/en\/osobista-kronika-stanu-wojennego-ad-1981\/#breadcrumb","itemListElement":[{"@type":"ListItem","position":1,"name":"Home","item":"https:\/\/siemysli-ke.info\/en\/"},{"@type":"ListItem","position":2,"name":"(Polski) Osobista kronika stanu wojennego AD 1981"}]},{"@type":"WebSite","@id":"https:\/\/siemysli-ke.info\/en\/#website","url":"https:\/\/siemysli-ke.info\/en\/","name":"SI\u0118 MY\u015aLI","description":"","publisher":{"@id":"https:\/\/siemysli-ke.info\/en\/#organization"},"potentialAction":[{"@type":"SearchAction","target":{"@type":"EntryPoint","urlTemplate":"https:\/\/siemysli-ke.info\/en\/?s={search_term_string}"},"query-input":{"@type":"PropertyValueSpecification","valueRequired":true,"valueName":"search_term_string"}}],"inLanguage":"en-US"},{"@type":"Organization","@id":"https:\/\/siemysli-ke.info\/en\/#organization","name":"SI\u0118 MY\u015aLI","url":"https:\/\/siemysli-ke.info\/en\/","logo":{"@type":"ImageObject","inLanguage":"en-US","@id":"https:\/\/siemysli-ke.info\/en\/#\/schema\/logo\/image\/","url":"https:\/\/siemysli-ke.info\/wp-content\/uploads\/2025\/05\/99.png","contentUrl":"https:\/\/siemysli-ke.info\/wp-content\/uploads\/2025\/05\/99.png","width":270,"height":204,"caption":"SI\u0118 MY\u015aLI"},"image":{"@id":"https:\/\/siemysli-ke.info\/en\/#\/schema\/logo\/image\/"}},{"@type":"Person","@id":"https:\/\/siemysli-ke.info\/#\/schema\/person\/75326687448d6abf738b156f56385210","name":"...","image":{"@type":"ImageObject","inLanguage":"en-US","@id":"https:\/\/siemysli-ke.info\/en\/#\/schema\/person\/image\/","url":"https:\/\/secure.gravatar.com\/avatar\/33a3c2559155e1b4add65cf88cafda785aeb920f44b97c7055b07866ab5b13c2?s=96&d=mm&r=g","contentUrl":"https:\/\/secure.gravatar.com\/avatar\/33a3c2559155e1b4add65cf88cafda785aeb920f44b97c7055b07866ab5b13c2?s=96&d=mm&r=g","caption":"..."},"url":"https:\/\/siemysli-ke.info\/en\/author\/lele\/"}]}},"_links":{"self":[{"href":"https:\/\/siemysli-ke.info\/en\/wp-json\/wp\/v2\/posts\/23544","targetHints":{"allow":["GET"]}}],"collection":[{"href":"https:\/\/siemysli-ke.info\/en\/wp-json\/wp\/v2\/posts"}],"about":[{"href":"https:\/\/siemysli-ke.info\/en\/wp-json\/wp\/v2\/types\/post"}],"author":[{"embeddable":true,"href":"https:\/\/siemysli-ke.info\/en\/wp-json\/wp\/v2\/users\/3"}],"replies":[{"embeddable":true,"href":"https:\/\/siemysli-ke.info\/en\/wp-json\/wp\/v2\/comments?post=23544"}],"version-history":[{"count":0,"href":"https:\/\/siemysli-ke.info\/en\/wp-json\/wp\/v2\/posts\/23544\/revisions"}],"wp:featuredmedia":[{"embeddable":true,"href":"https:\/\/siemysli-ke.info\/en\/wp-json\/wp\/v2\/media\/23546"}],"wp:attachment":[{"href":"https:\/\/siemysli-ke.info\/en\/wp-json\/wp\/v2\/media?parent=23544"}],"wp:term":[{"taxonomy":"category","embeddable":true,"href":"https:\/\/siemysli-ke.info\/en\/wp-json\/wp\/v2\/categories?post=23544"},{"taxonomy":"post_tag","embeddable":true,"href":"https:\/\/siemysli-ke.info\/en\/wp-json\/wp\/v2\/tags?post=23544"}],"curies":[{"name":"wp","href":"https:\/\/api.w.org\/{rel}","templated":true}]}}