 {"id":22150,"date":"2016-09-19T23:39:03","date_gmt":"2016-09-19T21:39:03","guid":{"rendered":"http:\/\/www.siemysli.info.ke\/?p=22150"},"modified":"2016-09-21T11:26:38","modified_gmt":"2016-09-21T09:26:38","slug":"bieg-uliczny-im-ks-konstantego-damrota","status":"publish","type":"post","link":"https:\/\/siemysli-ke.info\/en\/bieg-uliczny-im-ks-konstantego-damrota\/","title":{"rendered":"(Polski) Bieg uliczny im. ks. Konstantego Damrota"},"content":{"rendered":"<p class=\"qtranxs-available-languages-message qtranxs-available-languages-message-en\">Sorry, this entry is only available in <a href=\"https:\/\/siemysli-ke.info\/pl\/wp-json\/wp\/v2\/posts\/22150\" class=\"qtranxs-available-language-link qtranxs-available-language-link-pl\" title=\"Polski\">Polski<\/a>.<\/p>","protected":false},"excerpt":{"rendered":"<p>Sorry, this entry is only available in Polski.<\/p>\n","protected":false},"author":3,"featured_media":22151,"comment_status":"open","ping_status":"open","sticky":false,"template":"","format":"standard","meta":{"colormag_page_layout":"default_layout","footnotes":""},"categories":[143],"tags":[5917,3597,6515,6518,5918,228,6514,6194,5498,3402,6315,3486,3116,2550,6517,3102,6516,6519,2759,6513],"class_list":["post-22150","post","type-post","status-publish","format-standard","has-post-thumbnail","hentry","category-inne","tag-agata-mosiadz-kramorz","tag-aleksandra-skwara","tag-apel-olimpijski","tag-czeslaw-lubinski","tag-dagmara-dzida","tag-gorny-slask","tag-jaroslaw-gonciarz","tag-jaroslaw-wieczorek","tag-konstanty-damrot","tag-krystian-probierz","tag-krzysztof-waniczek","tag-maciej-gogulla","tag-pilchowice","tag-tadeusz-puchalka","tag-towarzystwo-polskich-gornoslazakow","tag-waldemar-dombek","tag-wieslaw-nowakowski","tag-zwiazek-opolskiej-inteligencji-philomatia","tag-lukasz-kwiotek","tag-stary-hangar-fitnes-wellnes-club-w-gliw"],"yoast_head":"<!-- This site is optimized with the Yoast SEO plugin v25.1 - https:\/\/yoast.com\/wordpress\/plugins\/seo\/ -->\n<title>(Polski) Bieg uliczny im. ks. Konstantego Damrota   - SI\u0118 MY\u015aLI<\/title>\n<meta name=\"robots\" content=\"index, follow, max-snippet:-1, max-image-preview:large, max-video-preview:-1\" \/>\n<link rel=\"canonical\" href=\"https:\/\/siemysli-ke.info\/en\/bieg-uliczny-im-ks-konstantego-damrota\/\" \/>\n<meta property=\"og:locale\" content=\"en_US\" \/>\n<meta property=\"og:type\" content=\"article\" \/>\n<meta property=\"og:title\" content=\"(Polski) Bieg uliczny im. ks. Konstantego Damrota   - SI\u0118 MY\u015aLI\" \/>\n<meta property=\"og:description\" content=\"Sorry, this entry is only available in Polski.\" \/>\n<meta property=\"og:url\" content=\"https:\/\/siemysli-ke.info\/en\/bieg-uliczny-im-ks-konstantego-damrota\/\" \/>\n<meta property=\"og:site_name\" content=\"SI\u0118 MY\u015aLI\" \/>\n<meta property=\"article:published_time\" content=\"2016-09-19T21:39:03+00:00\" \/>\n<meta property=\"article:modified_time\" content=\"2016-09-21T09:26:38+00:00\" \/>\n<meta property=\"og:image\" content=\"https:\/\/siemysli-ke.info\/wp-content\/uploads\/2016\/09\/dsc_0093.jpg\" \/>\n\t<meta property=\"og:image:width\" content=\"709\" \/>\n\t<meta property=\"og:image:height\" content=\"471\" \/>\n\t<meta property=\"og:image:type\" content=\"image\/jpeg\" \/>\n<meta name=\"author\" content=\"...\" \/>\n<meta name=\"twitter:label1\" content=\"Written by\" \/>\n\t<meta name=\"twitter:data1\" content=\"...\" \/>\n\t<meta name=\"twitter:label2\" content=\"Est. reading time\" \/>\n\t<meta name=\"twitter:data2\" content=\"7 minutes\" \/>\n<script type=\"application\/ld+json\" class=\"yoast-schema-graph\">{\"@context\":\"https:\/\/schema.org\",\"@graph\":[{\"@type\":\"Article\",\"@id\":\"https:\/\/siemysli-ke.info\/en\/bieg-uliczny-im-ks-konstantego-damrota\/#article\",\"isPartOf\":{\"@id\":\"https:\/\/siemysli-ke.info\/en\/bieg-uliczny-im-ks-konstantego-damrota\/\"},\"author\":{\"name\":\"...\",\"@id\":\"https:\/\/siemysli-ke.info\/#\/schema\/person\/75326687448d6abf738b156f56385210\"},\"headline\":\"(Polski) Bieg uliczny im. ks. Konstantego Damrota\",\"datePublished\":\"2016-09-19T21:39:03+00:00\",\"dateModified\":\"2016-09-21T09:26:38+00:00\",\"mainEntityOfPage\":{\"@id\":\"https:\/\/siemysli-ke.info\/en\/bieg-uliczny-im-ks-konstantego-damrota\/\"},\"wordCount\":1401,\"commentCount\":0,\"publisher\":{\"@id\":\"https:\/\/siemysli-ke.info\/#organization\"},\"image\":{\"@id\":\"https:\/\/siemysli-ke.info\/en\/bieg-uliczny-im-ks-konstantego-damrota\/#primaryimage\"},\"thumbnailUrl\":\"https:\/\/siemysli-ke.info\/wp-content\/uploads\/2016\/09\/dsc_0093.jpg\",\"keywords\":[\"Agata Mosi\u0105dz-Kramorz\",\"Aleksandra Skwara\",\"Apel Olimpijski\",\"Czes\u0142aw Lubi\u0144ski\",\"Dagmara Dzida\",\"g\u00f3rny \u015bl\u0105sk\",\"Jaros\u0142aw Gonciarz\",\"Jaros\u0142aw Wieczorek\",\"Konstanty Damrot\",\"Krystian Probierz\",\"Krzysztof Waniczek\",\"Maciej Gogulla\",\"Pilchowice\",\"Tadeusz Pucha\u0142ka\",\"Towarzystwo Polskich G\u00f3rno\u015bl\u0105zak\u00f3w\",\"Waldemar Dombek\",\"Wies\u0142aw Nowakowski\",\"Zwi\u0105zek Opolskiej Inteligencji \u201ePhilomatia\u201d\",\"\u0141ukasz Kwiotek\",\"\u201eStary Hangar Fitnes &amp; Wellnes Club\u201d w Gliw\"],\"articleSection\":[\"Inne\"],\"inLanguage\":\"en-US\",\"potentialAction\":[{\"@type\":\"CommentAction\",\"name\":\"Comment\",\"target\":[\"https:\/\/siemysli-ke.info\/en\/bieg-uliczny-im-ks-konstantego-damrota\/#respond\"]}]},{\"@type\":\"WebPage\",\"@id\":\"https:\/\/siemysli-ke.info\/en\/bieg-uliczny-im-ks-konstantego-damrota\/\",\"url\":\"https:\/\/siemysli-ke.info\/en\/bieg-uliczny-im-ks-konstantego-damrota\/\",\"name\":\"(Polski) Bieg uliczny im. ks. Konstantego Damrota  - SI\u0118 MY\u015aLI\",\"isPartOf\":{\"@id\":\"https:\/\/siemysli-ke.info\/en\/#website\"},\"primaryImageOfPage\":{\"@id\":\"https:\/\/siemysli-ke.info\/en\/bieg-uliczny-im-ks-konstantego-damrota\/#primaryimage\"},\"image\":{\"@id\":\"https:\/\/siemysli-ke.info\/en\/bieg-uliczny-im-ks-konstantego-damrota\/#primaryimage\"},\"thumbnailUrl\":\"https:\/\/siemysli-ke.info\/wp-content\/uploads\/2016\/09\/dsc_0093.jpg\",\"datePublished\":\"2016-09-19T21:39:03+00:00\",\"dateModified\":\"2016-09-21T09:26:38+00:00\",\"breadcrumb\":{\"@id\":\"https:\/\/siemysli-ke.info\/en\/bieg-uliczny-im-ks-konstantego-damrota\/#breadcrumb\"},\"inLanguage\":\"en-US\",\"potentialAction\":[{\"@type\":\"ReadAction\",\"target\":[[\"https:\/\/siemysli-ke.info\/en\/bieg-uliczny-im-ks-konstantego-damrota\/\"]]}]},{\"@type\":\"ImageObject\",\"inLanguage\":\"en-US\",\"@id\":\"https:\/\/siemysli-ke.info\/en\/bieg-uliczny-im-ks-konstantego-damrota\/#primaryimage\",\"url\":\"https:\/\/siemysli-ke.info\/wp-content\/uploads\/2016\/09\/dsc_0093.jpg\",\"contentUrl\":\"https:\/\/siemysli-ke.info\/wp-content\/uploads\/2016\/09\/dsc_0093.jpg\",\"width\":709,\"height\":471},{\"@type\":\"BreadcrumbList\",\"@id\":\"https:\/\/siemysli-ke.info\/en\/bieg-uliczny-im-ks-konstantego-damrota\/#breadcrumb\",\"itemListElement\":[{\"@type\":\"ListItem\",\"position\":1,\"name\":\"Home\",\"item\":\"https:\/\/siemysli-ke.info\/en\/\"},{\"@type\":\"ListItem\",\"position\":2,\"name\":\"(Polski) Bieg uliczny im. ks. Konstantego Damrota\"}]},{\"@type\":\"WebSite\",\"@id\":\"https:\/\/siemysli-ke.info\/en\/#website\",\"url\":\"https:\/\/siemysli-ke.info\/en\/\",\"name\":\"SI\u0118 MY\u015aLI\",\"description\":\"\",\"publisher\":{\"@id\":\"https:\/\/siemysli-ke.info\/en\/#organization\"},\"potentialAction\":[{\"@type\":\"SearchAction\",\"target\":{\"@type\":\"EntryPoint\",\"urlTemplate\":\"https:\/\/siemysli-ke.info\/en\/?s={search_term_string}\"},\"query-input\":{\"@type\":\"PropertyValueSpecification\",\"valueRequired\":true,\"valueName\":\"search_term_string\"}}],\"inLanguage\":\"en-US\"},{\"@type\":\"Organization\",\"@id\":\"https:\/\/siemysli-ke.info\/en\/#organization\",\"name\":\"SI\u0118 MY\u015aLI\",\"url\":\"https:\/\/siemysli-ke.info\/en\/\",\"logo\":{\"@type\":\"ImageObject\",\"inLanguage\":\"en-US\",\"@id\":\"https:\/\/siemysli-ke.info\/en\/#\/schema\/logo\/image\/\",\"url\":\"https:\/\/siemysli-ke.info\/wp-content\/uploads\/2025\/05\/99.png\",\"contentUrl\":\"https:\/\/siemysli-ke.info\/wp-content\/uploads\/2025\/05\/99.png\",\"width\":270,\"height\":204,\"caption\":\"SI\u0118 MY\u015aLI\"},\"image\":{\"@id\":\"https:\/\/siemysli-ke.info\/en\/#\/schema\/logo\/image\/\"}},{\"@type\":\"Person\",\"@id\":\"https:\/\/siemysli-ke.info\/#\/schema\/person\/75326687448d6abf738b156f56385210\",\"name\":\"...\",\"image\":{\"@type\":\"ImageObject\",\"inLanguage\":\"en-US\",\"@id\":\"https:\/\/siemysli-ke.info\/en\/#\/schema\/person\/image\/\",\"url\":\"https:\/\/secure.gravatar.com\/avatar\/33a3c2559155e1b4add65cf88cafda785aeb920f44b97c7055b07866ab5b13c2?s=96&d=mm&r=g\",\"contentUrl\":\"https:\/\/secure.gravatar.com\/avatar\/33a3c2559155e1b4add65cf88cafda785aeb920f44b97c7055b07866ab5b13c2?s=96&d=mm&r=g\",\"caption\":\"...\"},\"url\":\"https:\/\/siemysli-ke.info\/en\/author\/lele\/\"}]}<\/script>\n<!-- \/ Yoast SEO plugin. -->","yoast_head_json":{"title":"(Polski) Bieg uliczny im. ks. Konstantego Damrota   - SI\u0118 MY\u015aLI","robots":{"index":"index","follow":"follow","max-snippet":"max-snippet:-1","max-image-preview":"max-image-preview:large","max-video-preview":"max-video-preview:-1"},"canonical":"https:\/\/siemysli-ke.info\/en\/bieg-uliczny-im-ks-konstantego-damrota\/","og_locale":"en_US","og_type":"article","og_title":"(Polski) Bieg uliczny im. ks. Konstantego Damrota   - SI\u0118 MY\u015aLI","og_description":"Sorry, this entry is only available in Polski.","og_url":"https:\/\/siemysli-ke.info\/en\/bieg-uliczny-im-ks-konstantego-damrota\/","og_site_name":"SI\u0118 MY\u015aLI","article_published_time":"2016-09-19T21:39:03+00:00","article_modified_time":"2016-09-21T09:26:38+00:00","og_image":[{"width":709,"height":471,"url":"https:\/\/siemysli-ke.info\/wp-content\/uploads\/2016\/09\/dsc_0093.jpg","type":"image\/jpeg"}],"author":"...","twitter_misc":{"Written by":"...","Est. reading time":"7 minutes"},"schema":{"@context":"https:\/\/schema.org","@graph":[{"@type":"Article","@id":"https:\/\/siemysli-ke.info\/en\/bieg-uliczny-im-ks-konstantego-damrota\/#article","isPartOf":{"@id":"https:\/\/siemysli-ke.info\/en\/bieg-uliczny-im-ks-konstantego-damrota\/"},"author":{"name":"...","@id":"https:\/\/siemysli-ke.info\/#\/schema\/person\/75326687448d6abf738b156f56385210"},"headline":"(Polski) Bieg uliczny im. ks. Konstantego Damrota","datePublished":"2016-09-19T21:39:03+00:00","dateModified":"2016-09-21T09:26:38+00:00","mainEntityOfPage":{"@id":"https:\/\/siemysli-ke.info\/en\/bieg-uliczny-im-ks-konstantego-damrota\/"},"wordCount":1401,"commentCount":0,"publisher":{"@id":"https:\/\/siemysli-ke.info\/#organization"},"image":{"@id":"https:\/\/siemysli-ke.info\/en\/bieg-uliczny-im-ks-konstantego-damrota\/#primaryimage"},"thumbnailUrl":"https:\/\/siemysli-ke.info\/wp-content\/uploads\/2016\/09\/dsc_0093.jpg","keywords":["Agata Mosi\u0105dz-Kramorz","Aleksandra Skwara","Apel Olimpijski","Czes\u0142aw Lubi\u0144ski","Dagmara Dzida","g\u00f3rny \u015bl\u0105sk","Jaros\u0142aw Gonciarz","Jaros\u0142aw Wieczorek","Konstanty Damrot","Krystian Probierz","Krzysztof Waniczek","Maciej Gogulla","Pilchowice","Tadeusz Pucha\u0142ka","Towarzystwo Polskich G\u00f3rno\u015bl\u0105zak\u00f3w","Waldemar Dombek","Wies\u0142aw Nowakowski","Zwi\u0105zek Opolskiej Inteligencji \u201ePhilomatia\u201d","\u0141ukasz Kwiotek","\u201eStary Hangar Fitnes &amp; Wellnes Club\u201d w Gliw"],"articleSection":["Inne"],"inLanguage":"en-US","potentialAction":[{"@type":"CommentAction","name":"Comment","target":["https:\/\/siemysli-ke.info\/en\/bieg-uliczny-im-ks-konstantego-damrota\/#respond"]}]},{"@type":"WebPage","@id":"https:\/\/siemysli-ke.info\/en\/bieg-uliczny-im-ks-konstantego-damrota\/","url":"https:\/\/siemysli-ke.info\/en\/bieg-uliczny-im-ks-konstantego-damrota\/","name":"(Polski) Bieg uliczny im. ks. Konstantego Damrota  - SI\u0118 MY\u015aLI","isPartOf":{"@id":"https:\/\/siemysli-ke.info\/en\/#website"},"primaryImageOfPage":{"@id":"https:\/\/siemysli-ke.info\/en\/bieg-uliczny-im-ks-konstantego-damrota\/#primaryimage"},"image":{"@id":"https:\/\/siemysli-ke.info\/en\/bieg-uliczny-im-ks-konstantego-damrota\/#primaryimage"},"thumbnailUrl":"https:\/\/siemysli-ke.info\/wp-content\/uploads\/2016\/09\/dsc_0093.jpg","datePublished":"2016-09-19T21:39:03+00:00","dateModified":"2016-09-21T09:26:38+00:00","breadcrumb":{"@id":"https:\/\/siemysli-ke.info\/en\/bieg-uliczny-im-ks-konstantego-damrota\/#breadcrumb"},"inLanguage":"en-US","potentialAction":[{"@type":"ReadAction","target":[["https:\/\/siemysli-ke.info\/en\/bieg-uliczny-im-ks-konstantego-damrota\/"]]}]},{"@type":"ImageObject","inLanguage":"en-US","@id":"https:\/\/siemysli-ke.info\/en\/bieg-uliczny-im-ks-konstantego-damrota\/#primaryimage","url":"https:\/\/siemysli-ke.info\/wp-content\/uploads\/2016\/09\/dsc_0093.jpg","contentUrl":"https:\/\/siemysli-ke.info\/wp-content\/uploads\/2016\/09\/dsc_0093.jpg","width":709,"height":471},{"@type":"BreadcrumbList","@id":"https:\/\/siemysli-ke.info\/en\/bieg-uliczny-im-ks-konstantego-damrota\/#breadcrumb","itemListElement":[{"@type":"ListItem","position":1,"name":"Home","item":"https:\/\/siemysli-ke.info\/en\/"},{"@type":"ListItem","position":2,"name":"(Polski) Bieg uliczny im. ks. Konstantego Damrota"}]},{"@type":"WebSite","@id":"https:\/\/siemysli-ke.info\/en\/#website","url":"https:\/\/siemysli-ke.info\/en\/","name":"SI\u0118 MY\u015aLI","description":"","publisher":{"@id":"https:\/\/siemysli-ke.info\/en\/#organization"},"potentialAction":[{"@type":"SearchAction","target":{"@type":"EntryPoint","urlTemplate":"https:\/\/siemysli-ke.info\/en\/?s={search_term_string}"},"query-input":{"@type":"PropertyValueSpecification","valueRequired":true,"valueName":"search_term_string"}}],"inLanguage":"en-US"},{"@type":"Organization","@id":"https:\/\/siemysli-ke.info\/en\/#organization","name":"SI\u0118 MY\u015aLI","url":"https:\/\/siemysli-ke.info\/en\/","logo":{"@type":"ImageObject","inLanguage":"en-US","@id":"https:\/\/siemysli-ke.info\/en\/#\/schema\/logo\/image\/","url":"https:\/\/siemysli-ke.info\/wp-content\/uploads\/2025\/05\/99.png","contentUrl":"https:\/\/siemysli-ke.info\/wp-content\/uploads\/2025\/05\/99.png","width":270,"height":204,"caption":"SI\u0118 MY\u015aLI"},"image":{"@id":"https:\/\/siemysli-ke.info\/en\/#\/schema\/logo\/image\/"}},{"@type":"Person","@id":"https:\/\/siemysli-ke.info\/#\/schema\/person\/75326687448d6abf738b156f56385210","name":"...","image":{"@type":"ImageObject","inLanguage":"en-US","@id":"https:\/\/siemysli-ke.info\/en\/#\/schema\/person\/image\/","url":"https:\/\/secure.gravatar.com\/avatar\/33a3c2559155e1b4add65cf88cafda785aeb920f44b97c7055b07866ab5b13c2?s=96&d=mm&r=g","contentUrl":"https:\/\/secure.gravatar.com\/avatar\/33a3c2559155e1b4add65cf88cafda785aeb920f44b97c7055b07866ab5b13c2?s=96&d=mm&r=g","caption":"..."},"url":"https:\/\/siemysli-ke.info\/en\/author\/lele\/"}]}},"_links":{"self":[{"href":"https:\/\/siemysli-ke.info\/en\/wp-json\/wp\/v2\/posts\/22150","targetHints":{"allow":["GET"]}}],"collection":[{"href":"https:\/\/siemysli-ke.info\/en\/wp-json\/wp\/v2\/posts"}],"about":[{"href":"https:\/\/siemysli-ke.info\/en\/wp-json\/wp\/v2\/types\/post"}],"author":[{"embeddable":true,"href":"https:\/\/siemysli-ke.info\/en\/wp-json\/wp\/v2\/users\/3"}],"replies":[{"embeddable":true,"href":"https:\/\/siemysli-ke.info\/en\/wp-json\/wp\/v2\/comments?post=22150"}],"version-history":[{"count":0,"href":"https:\/\/siemysli-ke.info\/en\/wp-json\/wp\/v2\/posts\/22150\/revisions"}],"wp:featuredmedia":[{"embeddable":true,"href":"https:\/\/siemysli-ke.info\/en\/wp-json\/wp\/v2\/media\/22151"}],"wp:attachment":[{"href":"https:\/\/siemysli-ke.info\/en\/wp-json\/wp\/v2\/media?parent=22150"}],"wp:term":[{"taxonomy":"category","embeddable":true,"href":"https:\/\/siemysli-ke.info\/en\/wp-json\/wp\/v2\/categories?post=22150"},{"taxonomy":"post_tag","embeddable":true,"href":"https:\/\/siemysli-ke.info\/en\/wp-json\/wp\/v2\/tags?post=22150"}],"curies":[{"name":"wp","href":"https:\/\/api.w.org\/{rel}","templated":true}]}}