 {"id":22046,"date":"2016-09-12T15:35:42","date_gmt":"2016-09-12T13:35:42","guid":{"rendered":"http:\/\/www.siemysli.info.ke\/?p=22046"},"modified":"2016-09-12T15:36:50","modified_gmt":"2016-09-12T13:36:50","slug":"nasza-ulomna-pamiec-o-wielkiej-wiktorii-orsza-ad-1514","status":"publish","type":"post","link":"https:\/\/siemysli-ke.info\/en\/nasza-ulomna-pamiec-o-wielkiej-wiktorii-orsza-ad-1514\/","title":{"rendered":"(Polski) Nasza u\u0142omna pami\u0119\u0107 o wielkiej wiktorii pod Orsz\u0105 AD 1514"},"content":{"rendered":"<p class=\"qtranxs-available-languages-message qtranxs-available-languages-message-en\">Sorry, this entry is only available in <a href=\"https:\/\/siemysli-ke.info\/pl\/wp-json\/wp\/v2\/posts\/22046\" class=\"qtranxs-available-language-link qtranxs-available-language-link-pl\" title=\"Polski\">Polski<\/a>.<\/p>","protected":false},"excerpt":{"rendered":"<p>Sorry, this entry is only available in Polski.<\/p>\n","protected":false},"author":3,"featured_media":22047,"comment_status":"open","ping_status":"open","sticky":false,"template":"","format":"standard","meta":{"colormag_page_layout":"default_layout","footnotes":""},"categories":[81],"tags":[6425,1616,89,6416,2105,92,6420,6421,6422,6423,6415,6417,6419,6418,5107,960,5811,6424,5397],"class_list":["post-22046","post","type-post","status-publish","format-standard","has-post-thumbnail","hentry","category-rzeczpospolita","tag-aleksander-i-jagiellonczyk","tag-antonik","tag-breaking","tag-dniepr","tag-europa","tag-headline","tag-iwan-czeladin","tag-knez-konstanty-ostrogski","tag-knez-wasyl-ii","tag-knez-wasyl-iii","tag-mohacz","tag-moskale","tag-orsza-1508","tag-orsza-1514","tag-rzeczypospolita-obojga-narodow","tag-smolensk","tag-wielkie-ksiestwo-litewskie","tag-zygmunt-i-stary","tag-zygmunt-iii-waza"],"yoast_head":"<!-- This site is optimized with the Yoast SEO plugin v25.1 - https:\/\/yoast.com\/wordpress\/plugins\/seo\/ -->\n<title>(Polski) Nasza u\u0142omna pami\u0119\u0107 o wielkiej wiktorii pod Orsz\u0105 AD 1514 - SI\u0118 MY\u015aLI<\/title>\n<meta name=\"robots\" content=\"index, follow, max-snippet:-1, max-image-preview:large, max-video-preview:-1\" \/>\n<link rel=\"canonical\" href=\"https:\/\/siemysli-ke.info\/en\/nasza-ulomna-pamiec-o-wielkiej-wiktorii-orsza-ad-1514\/\" \/>\n<meta property=\"og:locale\" content=\"en_US\" \/>\n<meta property=\"og:type\" content=\"article\" \/>\n<meta property=\"og:title\" content=\"(Polski) Nasza u\u0142omna pami\u0119\u0107 o wielkiej wiktorii pod Orsz\u0105 AD 1514 - SI\u0118 MY\u015aLI\" \/>\n<meta property=\"og:description\" content=\"Sorry, this entry is only available in Polski.\" \/>\n<meta property=\"og:url\" content=\"https:\/\/siemysli-ke.info\/en\/nasza-ulomna-pamiec-o-wielkiej-wiktorii-orsza-ad-1514\/\" \/>\n<meta property=\"og:site_name\" content=\"SI\u0118 MY\u015aLI\" \/>\n<meta property=\"article:published_time\" content=\"2016-09-12T13:35:42+00:00\" \/>\n<meta property=\"article:modified_time\" content=\"2016-09-12T13:36:50+00:00\" \/>\n<meta property=\"og:image\" content=\"https:\/\/siemysli-ke.info\/wp-content\/uploads\/2016\/09\/1-1.jpeg\" \/>\n\t<meta property=\"og:image:width\" content=\"1500\" \/>\n\t<meta property=\"og:image:height\" content=\"942\" \/>\n\t<meta property=\"og:image:type\" content=\"image\/jpeg\" \/>\n<meta name=\"author\" content=\"...\" \/>\n<meta name=\"twitter:label1\" content=\"Written by\" \/>\n\t<meta name=\"twitter:data1\" content=\"...\" \/>\n\t<meta name=\"twitter:label2\" content=\"Est. reading time\" \/>\n\t<meta name=\"twitter:data2\" content=\"6 minutes\" \/>\n<script type=\"application\/ld+json\" class=\"yoast-schema-graph\">{\"@context\":\"https:\/\/schema.org\",\"@graph\":[{\"@type\":\"Article\",\"@id\":\"https:\/\/siemysli-ke.info\/en\/nasza-ulomna-pamiec-o-wielkiej-wiktorii-orsza-ad-1514\/#article\",\"isPartOf\":{\"@id\":\"https:\/\/siemysli-ke.info\/en\/nasza-ulomna-pamiec-o-wielkiej-wiktorii-orsza-ad-1514\/\"},\"author\":{\"name\":\"...\",\"@id\":\"https:\/\/siemysli-ke.info\/#\/schema\/person\/75326687448d6abf738b156f56385210\"},\"headline\":\"(Polski) Nasza u\u0142omna pami\u0119\u0107 o wielkiej wiktorii pod Orsz\u0105 AD 1514\",\"datePublished\":\"2016-09-12T13:35:42+00:00\",\"dateModified\":\"2016-09-12T13:36:50+00:00\",\"mainEntityOfPage\":{\"@id\":\"https:\/\/siemysli-ke.info\/en\/nasza-ulomna-pamiec-o-wielkiej-wiktorii-orsza-ad-1514\/\"},\"wordCount\":1125,\"commentCount\":0,\"publisher\":{\"@id\":\"https:\/\/siemysli-ke.info\/#organization\"},\"image\":{\"@id\":\"https:\/\/siemysli-ke.info\/en\/nasza-ulomna-pamiec-o-wielkiej-wiktorii-orsza-ad-1514\/#primaryimage\"},\"thumbnailUrl\":\"https:\/\/siemysli-ke.info\/wp-content\/uploads\/2016\/09\/1-1.jpeg\",\"keywords\":[\"Aleksander I Jagiello\u0144czyk\",\"AntoniK\",\"breaking\",\"Dniepr\",\"Europa\",\"headline\",\"Iwan Czeladin\",\"kne\u017a Konstanty Ostrogski\",\"kne\u017a Wasyl II\",\"kne\u017a Wasyl III\",\"Mohacz\",\"Moskale\",\"Orsza 1508\",\"Orsza 1514\",\"Rzeczypospolita Obojga Narod\u00f3w\",\"Smole\u0144sk\",\"Wielkie Ksi\u0119stwo Litewskie\",\"Zygmunt I Stary\",\"Zygmunt III Waza\"],\"articleSection\":[\"Rzeczypospolita\"],\"inLanguage\":\"en-US\",\"potentialAction\":[{\"@type\":\"CommentAction\",\"name\":\"Comment\",\"target\":[\"https:\/\/siemysli-ke.info\/en\/nasza-ulomna-pamiec-o-wielkiej-wiktorii-orsza-ad-1514\/#respond\"]}]},{\"@type\":\"WebPage\",\"@id\":\"https:\/\/siemysli-ke.info\/en\/nasza-ulomna-pamiec-o-wielkiej-wiktorii-orsza-ad-1514\/\",\"url\":\"https:\/\/siemysli-ke.info\/en\/nasza-ulomna-pamiec-o-wielkiej-wiktorii-orsza-ad-1514\/\",\"name\":\"(Polski) Nasza u\u0142omna pami\u0119\u0107 o wielkiej wiktorii pod Orsz\u0105 AD 1514 - SI\u0118 MY\u015aLI\",\"isPartOf\":{\"@id\":\"https:\/\/siemysli-ke.info\/en\/#website\"},\"primaryImageOfPage\":{\"@id\":\"https:\/\/siemysli-ke.info\/en\/nasza-ulomna-pamiec-o-wielkiej-wiktorii-orsza-ad-1514\/#primaryimage\"},\"image\":{\"@id\":\"https:\/\/siemysli-ke.info\/en\/nasza-ulomna-pamiec-o-wielkiej-wiktorii-orsza-ad-1514\/#primaryimage\"},\"thumbnailUrl\":\"https:\/\/siemysli-ke.info\/wp-content\/uploads\/2016\/09\/1-1.jpeg\",\"datePublished\":\"2016-09-12T13:35:42+00:00\",\"dateModified\":\"2016-09-12T13:36:50+00:00\",\"breadcrumb\":{\"@id\":\"https:\/\/siemysli-ke.info\/en\/nasza-ulomna-pamiec-o-wielkiej-wiktorii-orsza-ad-1514\/#breadcrumb\"},\"inLanguage\":\"en-US\",\"potentialAction\":[{\"@type\":\"ReadAction\",\"target\":[[\"https:\/\/siemysli-ke.info\/en\/nasza-ulomna-pamiec-o-wielkiej-wiktorii-orsza-ad-1514\/\"]]}]},{\"@type\":\"ImageObject\",\"inLanguage\":\"en-US\",\"@id\":\"https:\/\/siemysli-ke.info\/en\/nasza-ulomna-pamiec-o-wielkiej-wiktorii-orsza-ad-1514\/#primaryimage\",\"url\":\"https:\/\/siemysli-ke.info\/wp-content\/uploads\/2016\/09\/1-1.jpeg\",\"contentUrl\":\"https:\/\/siemysli-ke.info\/wp-content\/uploads\/2016\/09\/1-1.jpeg\",\"width\":1500,\"height\":942},{\"@type\":\"BreadcrumbList\",\"@id\":\"https:\/\/siemysli-ke.info\/en\/nasza-ulomna-pamiec-o-wielkiej-wiktorii-orsza-ad-1514\/#breadcrumb\",\"itemListElement\":[{\"@type\":\"ListItem\",\"position\":1,\"name\":\"Home\",\"item\":\"https:\/\/siemysli-ke.info\/en\/\"},{\"@type\":\"ListItem\",\"position\":2,\"name\":\"(Polski) Nasza u\u0142omna pami\u0119\u0107 o wielkiej wiktorii pod Orsz\u0105 AD 1514\"}]},{\"@type\":\"WebSite\",\"@id\":\"https:\/\/siemysli-ke.info\/en\/#website\",\"url\":\"https:\/\/siemysli-ke.info\/en\/\",\"name\":\"SI\u0118 MY\u015aLI\",\"description\":\"\",\"publisher\":{\"@id\":\"https:\/\/siemysli-ke.info\/en\/#organization\"},\"potentialAction\":[{\"@type\":\"SearchAction\",\"target\":{\"@type\":\"EntryPoint\",\"urlTemplate\":\"https:\/\/siemysli-ke.info\/en\/?s={search_term_string}\"},\"query-input\":{\"@type\":\"PropertyValueSpecification\",\"valueRequired\":true,\"valueName\":\"search_term_string\"}}],\"inLanguage\":\"en-US\"},{\"@type\":\"Organization\",\"@id\":\"https:\/\/siemysli-ke.info\/en\/#organization\",\"name\":\"SI\u0118 MY\u015aLI\",\"url\":\"https:\/\/siemysli-ke.info\/en\/\",\"logo\":{\"@type\":\"ImageObject\",\"inLanguage\":\"en-US\",\"@id\":\"https:\/\/siemysli-ke.info\/en\/#\/schema\/logo\/image\/\",\"url\":\"https:\/\/siemysli-ke.info\/wp-content\/uploads\/2025\/05\/99.png\",\"contentUrl\":\"https:\/\/siemysli-ke.info\/wp-content\/uploads\/2025\/05\/99.png\",\"width\":270,\"height\":204,\"caption\":\"SI\u0118 MY\u015aLI\"},\"image\":{\"@id\":\"https:\/\/siemysli-ke.info\/en\/#\/schema\/logo\/image\/\"}},{\"@type\":\"Person\",\"@id\":\"https:\/\/siemysli-ke.info\/#\/schema\/person\/75326687448d6abf738b156f56385210\",\"name\":\"...\",\"image\":{\"@type\":\"ImageObject\",\"inLanguage\":\"en-US\",\"@id\":\"https:\/\/siemysli-ke.info\/en\/#\/schema\/person\/image\/\",\"url\":\"https:\/\/secure.gravatar.com\/avatar\/33a3c2559155e1b4add65cf88cafda785aeb920f44b97c7055b07866ab5b13c2?s=96&d=mm&r=g\",\"contentUrl\":\"https:\/\/secure.gravatar.com\/avatar\/33a3c2559155e1b4add65cf88cafda785aeb920f44b97c7055b07866ab5b13c2?s=96&d=mm&r=g\",\"caption\":\"...\"},\"url\":\"https:\/\/siemysli-ke.info\/en\/author\/lele\/\"}]}<\/script>\n<!-- \/ Yoast SEO plugin. -->","yoast_head_json":{"title":"(Polski) Nasza u\u0142omna pami\u0119\u0107 o wielkiej wiktorii pod Orsz\u0105 AD 1514 - SI\u0118 MY\u015aLI","robots":{"index":"index","follow":"follow","max-snippet":"max-snippet:-1","max-image-preview":"max-image-preview:large","max-video-preview":"max-video-preview:-1"},"canonical":"https:\/\/siemysli-ke.info\/en\/nasza-ulomna-pamiec-o-wielkiej-wiktorii-orsza-ad-1514\/","og_locale":"en_US","og_type":"article","og_title":"(Polski) Nasza u\u0142omna pami\u0119\u0107 o wielkiej wiktorii pod Orsz\u0105 AD 1514 - SI\u0118 MY\u015aLI","og_description":"Sorry, this entry is only available in Polski.","og_url":"https:\/\/siemysli-ke.info\/en\/nasza-ulomna-pamiec-o-wielkiej-wiktorii-orsza-ad-1514\/","og_site_name":"SI\u0118 MY\u015aLI","article_published_time":"2016-09-12T13:35:42+00:00","article_modified_time":"2016-09-12T13:36:50+00:00","og_image":[{"width":1500,"height":942,"url":"https:\/\/siemysli-ke.info\/wp-content\/uploads\/2016\/09\/1-1.jpeg","type":"image\/jpeg"}],"author":"...","twitter_misc":{"Written by":"...","Est. reading time":"6 minutes"},"schema":{"@context":"https:\/\/schema.org","@graph":[{"@type":"Article","@id":"https:\/\/siemysli-ke.info\/en\/nasza-ulomna-pamiec-o-wielkiej-wiktorii-orsza-ad-1514\/#article","isPartOf":{"@id":"https:\/\/siemysli-ke.info\/en\/nasza-ulomna-pamiec-o-wielkiej-wiktorii-orsza-ad-1514\/"},"author":{"name":"...","@id":"https:\/\/siemysli-ke.info\/#\/schema\/person\/75326687448d6abf738b156f56385210"},"headline":"(Polski) Nasza u\u0142omna pami\u0119\u0107 o wielkiej wiktorii pod Orsz\u0105 AD 1514","datePublished":"2016-09-12T13:35:42+00:00","dateModified":"2016-09-12T13:36:50+00:00","mainEntityOfPage":{"@id":"https:\/\/siemysli-ke.info\/en\/nasza-ulomna-pamiec-o-wielkiej-wiktorii-orsza-ad-1514\/"},"wordCount":1125,"commentCount":0,"publisher":{"@id":"https:\/\/siemysli-ke.info\/#organization"},"image":{"@id":"https:\/\/siemysli-ke.info\/en\/nasza-ulomna-pamiec-o-wielkiej-wiktorii-orsza-ad-1514\/#primaryimage"},"thumbnailUrl":"https:\/\/siemysli-ke.info\/wp-content\/uploads\/2016\/09\/1-1.jpeg","keywords":["Aleksander I Jagiello\u0144czyk","AntoniK","breaking","Dniepr","Europa","headline","Iwan Czeladin","kne\u017a Konstanty Ostrogski","kne\u017a Wasyl II","kne\u017a Wasyl III","Mohacz","Moskale","Orsza 1508","Orsza 1514","Rzeczypospolita Obojga Narod\u00f3w","Smole\u0144sk","Wielkie Ksi\u0119stwo Litewskie","Zygmunt I Stary","Zygmunt III Waza"],"articleSection":["Rzeczypospolita"],"inLanguage":"en-US","potentialAction":[{"@type":"CommentAction","name":"Comment","target":["https:\/\/siemysli-ke.info\/en\/nasza-ulomna-pamiec-o-wielkiej-wiktorii-orsza-ad-1514\/#respond"]}]},{"@type":"WebPage","@id":"https:\/\/siemysli-ke.info\/en\/nasza-ulomna-pamiec-o-wielkiej-wiktorii-orsza-ad-1514\/","url":"https:\/\/siemysli-ke.info\/en\/nasza-ulomna-pamiec-o-wielkiej-wiktorii-orsza-ad-1514\/","name":"(Polski) Nasza u\u0142omna pami\u0119\u0107 o wielkiej wiktorii pod Orsz\u0105 AD 1514 - SI\u0118 MY\u015aLI","isPartOf":{"@id":"https:\/\/siemysli-ke.info\/en\/#website"},"primaryImageOfPage":{"@id":"https:\/\/siemysli-ke.info\/en\/nasza-ulomna-pamiec-o-wielkiej-wiktorii-orsza-ad-1514\/#primaryimage"},"image":{"@id":"https:\/\/siemysli-ke.info\/en\/nasza-ulomna-pamiec-o-wielkiej-wiktorii-orsza-ad-1514\/#primaryimage"},"thumbnailUrl":"https:\/\/siemysli-ke.info\/wp-content\/uploads\/2016\/09\/1-1.jpeg","datePublished":"2016-09-12T13:35:42+00:00","dateModified":"2016-09-12T13:36:50+00:00","breadcrumb":{"@id":"https:\/\/siemysli-ke.info\/en\/nasza-ulomna-pamiec-o-wielkiej-wiktorii-orsza-ad-1514\/#breadcrumb"},"inLanguage":"en-US","potentialAction":[{"@type":"ReadAction","target":[["https:\/\/siemysli-ke.info\/en\/nasza-ulomna-pamiec-o-wielkiej-wiktorii-orsza-ad-1514\/"]]}]},{"@type":"ImageObject","inLanguage":"en-US","@id":"https:\/\/siemysli-ke.info\/en\/nasza-ulomna-pamiec-o-wielkiej-wiktorii-orsza-ad-1514\/#primaryimage","url":"https:\/\/siemysli-ke.info\/wp-content\/uploads\/2016\/09\/1-1.jpeg","contentUrl":"https:\/\/siemysli-ke.info\/wp-content\/uploads\/2016\/09\/1-1.jpeg","width":1500,"height":942},{"@type":"BreadcrumbList","@id":"https:\/\/siemysli-ke.info\/en\/nasza-ulomna-pamiec-o-wielkiej-wiktorii-orsza-ad-1514\/#breadcrumb","itemListElement":[{"@type":"ListItem","position":1,"name":"Home","item":"https:\/\/siemysli-ke.info\/en\/"},{"@type":"ListItem","position":2,"name":"(Polski) Nasza u\u0142omna pami\u0119\u0107 o wielkiej wiktorii pod Orsz\u0105 AD 1514"}]},{"@type":"WebSite","@id":"https:\/\/siemysli-ke.info\/en\/#website","url":"https:\/\/siemysli-ke.info\/en\/","name":"SI\u0118 MY\u015aLI","description":"","publisher":{"@id":"https:\/\/siemysli-ke.info\/en\/#organization"},"potentialAction":[{"@type":"SearchAction","target":{"@type":"EntryPoint","urlTemplate":"https:\/\/siemysli-ke.info\/en\/?s={search_term_string}"},"query-input":{"@type":"PropertyValueSpecification","valueRequired":true,"valueName":"search_term_string"}}],"inLanguage":"en-US"},{"@type":"Organization","@id":"https:\/\/siemysli-ke.info\/en\/#organization","name":"SI\u0118 MY\u015aLI","url":"https:\/\/siemysli-ke.info\/en\/","logo":{"@type":"ImageObject","inLanguage":"en-US","@id":"https:\/\/siemysli-ke.info\/en\/#\/schema\/logo\/image\/","url":"https:\/\/siemysli-ke.info\/wp-content\/uploads\/2025\/05\/99.png","contentUrl":"https:\/\/siemysli-ke.info\/wp-content\/uploads\/2025\/05\/99.png","width":270,"height":204,"caption":"SI\u0118 MY\u015aLI"},"image":{"@id":"https:\/\/siemysli-ke.info\/en\/#\/schema\/logo\/image\/"}},{"@type":"Person","@id":"https:\/\/siemysli-ke.info\/#\/schema\/person\/75326687448d6abf738b156f56385210","name":"...","image":{"@type":"ImageObject","inLanguage":"en-US","@id":"https:\/\/siemysli-ke.info\/en\/#\/schema\/person\/image\/","url":"https:\/\/secure.gravatar.com\/avatar\/33a3c2559155e1b4add65cf88cafda785aeb920f44b97c7055b07866ab5b13c2?s=96&d=mm&r=g","contentUrl":"https:\/\/secure.gravatar.com\/avatar\/33a3c2559155e1b4add65cf88cafda785aeb920f44b97c7055b07866ab5b13c2?s=96&d=mm&r=g","caption":"..."},"url":"https:\/\/siemysli-ke.info\/en\/author\/lele\/"}]}},"_links":{"self":[{"href":"https:\/\/siemysli-ke.info\/en\/wp-json\/wp\/v2\/posts\/22046","targetHints":{"allow":["GET"]}}],"collection":[{"href":"https:\/\/siemysli-ke.info\/en\/wp-json\/wp\/v2\/posts"}],"about":[{"href":"https:\/\/siemysli-ke.info\/en\/wp-json\/wp\/v2\/types\/post"}],"author":[{"embeddable":true,"href":"https:\/\/siemysli-ke.info\/en\/wp-json\/wp\/v2\/users\/3"}],"replies":[{"embeddable":true,"href":"https:\/\/siemysli-ke.info\/en\/wp-json\/wp\/v2\/comments?post=22046"}],"version-history":[{"count":0,"href":"https:\/\/siemysli-ke.info\/en\/wp-json\/wp\/v2\/posts\/22046\/revisions"}],"wp:featuredmedia":[{"embeddable":true,"href":"https:\/\/siemysli-ke.info\/en\/wp-json\/wp\/v2\/media\/22047"}],"wp:attachment":[{"href":"https:\/\/siemysli-ke.info\/en\/wp-json\/wp\/v2\/media?parent=22046"}],"wp:term":[{"taxonomy":"category","embeddable":true,"href":"https:\/\/siemysli-ke.info\/en\/wp-json\/wp\/v2\/categories?post=22046"},{"taxonomy":"post_tag","embeddable":true,"href":"https:\/\/siemysli-ke.info\/en\/wp-json\/wp\/v2\/tags?post=22046"}],"curies":[{"name":"wp","href":"https:\/\/api.w.org\/{rel}","templated":true}]}}