 {"id":20921,"date":"2016-07-02T00:23:02","date_gmt":"2016-07-01T22:23:02","guid":{"rendered":"http:\/\/www.siemysli.info.ke\/?p=20921"},"modified":"2016-07-02T00:43:04","modified_gmt":"2016-07-01T22:43:04","slug":"przeszedl-wolyn-juz-byl-piekle","status":"publish","type":"post","link":"https:\/\/siemysli-ke.info\/en\/przeszedl-wolyn-juz-byl-piekle\/","title":{"rendered":"(Polski) Kto przeszed\u0142 przez Wo\u0142y\u0144, ten ju\u017c by\u0142 w piekle&#8230;"},"content":{"rendered":"<p class=\"qtranxs-available-languages-message qtranxs-available-languages-message-en\">Sorry, this entry is only available in <a href=\"https:\/\/siemysli-ke.info\/pl\/wp-json\/wp\/v2\/posts\/20921\" class=\"qtranxs-available-language-link qtranxs-available-language-link-pl\" title=\"Polski\">Polski<\/a>.<\/p>","protected":false},"excerpt":{"rendered":"<p>Sorry, this entry is only available in Polski.<\/p>\n","protected":false},"author":3,"featured_media":20922,"comment_status":"open","ping_status":"open","sticky":false,"template":"","format":"standard","meta":{"colormag_page_layout":"default_layout","footnotes":""},"categories":[7,81],"tags":[89,5592,5587,92,5588,915,5577,3535,304,728,1472,5586,1249,5589,5590,3534,5591],"class_list":["post-20921","post","type-post","status-publish","format-standard","has-post-thumbnail","hentry","category-gospodarka","category-rzeczpospolita","tag-breaking","tag-centrum-spotkania-kultur","tag-dzieci-wolynia","tag-headline","tag-janina-kalinowska","tag-jozef-mackiewicz","tag-korea-polnocna","tag-kul","tag-lech-l-przychodzki","tag-lublin","tag-nato","tag-skwer-ofiar-wolynia","tag-stepan-bandera","tag-stowarzyszenie-upamietnienia-polakow-pomordowanych-na-wolyniu","tag-straszenie-rosja","tag-umcs","tag-wiktor-juszczenko"],"yoast_head":"<!-- This site is optimized with the Yoast SEO plugin v25.1 - https:\/\/yoast.com\/wordpress\/plugins\/seo\/ -->\n<title>(Polski) Kto przeszed\u0142 przez Wo\u0142y\u0144, ten ju\u017c by\u0142 w piekle... - SI\u0118 MY\u015aLI<\/title>\n<meta name=\"robots\" content=\"index, follow, max-snippet:-1, max-image-preview:large, max-video-preview:-1\" \/>\n<link rel=\"canonical\" href=\"https:\/\/siemysli-ke.info\/en\/przeszedl-wolyn-juz-byl-piekle\/\" \/>\n<meta property=\"og:locale\" content=\"en_US\" \/>\n<meta property=\"og:type\" content=\"article\" \/>\n<meta property=\"og:title\" content=\"(Polski) Kto przeszed\u0142 przez Wo\u0142y\u0144, ten ju\u017c by\u0142 w piekle... - SI\u0118 MY\u015aLI\" \/>\n<meta property=\"og:description\" content=\"Sorry, this entry is only available in Polski.\" \/>\n<meta property=\"og:url\" content=\"https:\/\/siemysli-ke.info\/en\/przeszedl-wolyn-juz-byl-piekle\/\" \/>\n<meta property=\"og:site_name\" content=\"SI\u0118 MY\u015aLI\" \/>\n<meta property=\"article:published_time\" content=\"2016-07-01T22:23:02+00:00\" \/>\n<meta property=\"article:modified_time\" content=\"2016-07-01T22:43:04+00:00\" \/>\n<meta property=\"og:image\" content=\"https:\/\/siemysli-ke.info\/wp-content\/uploads\/2016\/07\/100_7117.jpg\" \/>\n\t<meta property=\"og:image:width\" content=\"543\" \/>\n\t<meta property=\"og:image:height\" content=\"724\" \/>\n\t<meta property=\"og:image:type\" content=\"image\/jpeg\" \/>\n<meta name=\"author\" content=\"...\" \/>\n<meta name=\"twitter:label1\" content=\"Written by\" \/>\n\t<meta name=\"twitter:data1\" content=\"...\" \/>\n\t<meta name=\"twitter:label2\" content=\"Est. reading time\" \/>\n\t<meta name=\"twitter:data2\" content=\"3 minutes\" \/>\n<script type=\"application\/ld+json\" class=\"yoast-schema-graph\">{\"@context\":\"https:\/\/schema.org\",\"@graph\":[{\"@type\":\"Article\",\"@id\":\"https:\/\/siemysli-ke.info\/en\/przeszedl-wolyn-juz-byl-piekle\/#article\",\"isPartOf\":{\"@id\":\"https:\/\/siemysli-ke.info\/en\/przeszedl-wolyn-juz-byl-piekle\/\"},\"author\":{\"name\":\"...\",\"@id\":\"https:\/\/siemysli-ke.info\/#\/schema\/person\/75326687448d6abf738b156f56385210\"},\"headline\":\"(Polski) Kto przeszed\u0142 przez Wo\u0142y\u0144, ten ju\u017c by\u0142 w piekle&#8230;\",\"datePublished\":\"2016-07-01T22:23:02+00:00\",\"dateModified\":\"2016-07-01T22:43:04+00:00\",\"mainEntityOfPage\":{\"@id\":\"https:\/\/siemysli-ke.info\/en\/przeszedl-wolyn-juz-byl-piekle\/\"},\"wordCount\":619,\"commentCount\":0,\"publisher\":{\"@id\":\"https:\/\/siemysli-ke.info\/#organization\"},\"image\":{\"@id\":\"https:\/\/siemysli-ke.info\/en\/przeszedl-wolyn-juz-byl-piekle\/#primaryimage\"},\"thumbnailUrl\":\"https:\/\/siemysli-ke.info\/wp-content\/uploads\/2016\/07\/100_7117.jpg\",\"keywords\":[\"breaking\",\"Centrum Spotkania Kultur\",\"Dzieci Wo\u0142ynia\",\"headline\",\"Janina Kalinowska\",\"J\u00f3zef Mackiewicz\",\"Korea P\u00f3lnocna\",\"KUL\",\"Lech L. Przychodzki\",\"Lublin\",\"NATO\",\"Skwer Ofiar Wo\u0142ynia\",\"Stepan Bandera\",\"Stowarzyszenie Upami\u0119tnienia Polak\u00f3w Pomordowanych na Wo\u0142yniu\",\"straszenie Rosj\u0105\",\"UMCS\",\"Wiktor Juszczenko\"],\"articleSection\":[\"Gospodarka i polityka\",\"Rzeczypospolita\"],\"inLanguage\":\"en-US\",\"potentialAction\":[{\"@type\":\"CommentAction\",\"name\":\"Comment\",\"target\":[\"https:\/\/siemysli-ke.info\/en\/przeszedl-wolyn-juz-byl-piekle\/#respond\"]}]},{\"@type\":\"WebPage\",\"@id\":\"https:\/\/siemysli-ke.info\/en\/przeszedl-wolyn-juz-byl-piekle\/\",\"url\":\"https:\/\/siemysli-ke.info\/en\/przeszedl-wolyn-juz-byl-piekle\/\",\"name\":\"(Polski) Kto przeszed\u0142 przez Wo\u0142y\u0144, ten ju\u017c by\u0142 w piekle... - SI\u0118 MY\u015aLI\",\"isPartOf\":{\"@id\":\"https:\/\/siemysli-ke.info\/en\/#website\"},\"primaryImageOfPage\":{\"@id\":\"https:\/\/siemysli-ke.info\/en\/przeszedl-wolyn-juz-byl-piekle\/#primaryimage\"},\"image\":{\"@id\":\"https:\/\/siemysli-ke.info\/en\/przeszedl-wolyn-juz-byl-piekle\/#primaryimage\"},\"thumbnailUrl\":\"https:\/\/siemysli-ke.info\/wp-content\/uploads\/2016\/07\/100_7117.jpg\",\"datePublished\":\"2016-07-01T22:23:02+00:00\",\"dateModified\":\"2016-07-01T22:43:04+00:00\",\"breadcrumb\":{\"@id\":\"https:\/\/siemysli-ke.info\/en\/przeszedl-wolyn-juz-byl-piekle\/#breadcrumb\"},\"inLanguage\":\"en-US\",\"potentialAction\":[{\"@type\":\"ReadAction\",\"target\":[[\"https:\/\/siemysli-ke.info\/en\/przeszedl-wolyn-juz-byl-piekle\/\"]]}]},{\"@type\":\"ImageObject\",\"inLanguage\":\"en-US\",\"@id\":\"https:\/\/siemysli-ke.info\/en\/przeszedl-wolyn-juz-byl-piekle\/#primaryimage\",\"url\":\"https:\/\/siemysli-ke.info\/wp-content\/uploads\/2016\/07\/100_7117.jpg\",\"contentUrl\":\"https:\/\/siemysli-ke.info\/wp-content\/uploads\/2016\/07\/100_7117.jpg\",\"width\":543,\"height\":724},{\"@type\":\"BreadcrumbList\",\"@id\":\"https:\/\/siemysli-ke.info\/en\/przeszedl-wolyn-juz-byl-piekle\/#breadcrumb\",\"itemListElement\":[{\"@type\":\"ListItem\",\"position\":1,\"name\":\"Home\",\"item\":\"https:\/\/siemysli-ke.info\/en\/\"},{\"@type\":\"ListItem\",\"position\":2,\"name\":\"(Polski) Kto przeszed\u0142 przez Wo\u0142y\u0144, ten ju\u017c by\u0142 w piekle&#8230;\"}]},{\"@type\":\"WebSite\",\"@id\":\"https:\/\/siemysli-ke.info\/en\/#website\",\"url\":\"https:\/\/siemysli-ke.info\/en\/\",\"name\":\"SI\u0118 MY\u015aLI\",\"description\":\"\",\"publisher\":{\"@id\":\"https:\/\/siemysli-ke.info\/en\/#organization\"},\"potentialAction\":[{\"@type\":\"SearchAction\",\"target\":{\"@type\":\"EntryPoint\",\"urlTemplate\":\"https:\/\/siemysli-ke.info\/en\/?s={search_term_string}\"},\"query-input\":{\"@type\":\"PropertyValueSpecification\",\"valueRequired\":true,\"valueName\":\"search_term_string\"}}],\"inLanguage\":\"en-US\"},{\"@type\":\"Organization\",\"@id\":\"https:\/\/siemysli-ke.info\/en\/#organization\",\"name\":\"SI\u0118 MY\u015aLI\",\"url\":\"https:\/\/siemysli-ke.info\/en\/\",\"logo\":{\"@type\":\"ImageObject\",\"inLanguage\":\"en-US\",\"@id\":\"https:\/\/siemysli-ke.info\/en\/#\/schema\/logo\/image\/\",\"url\":\"https:\/\/siemysli-ke.info\/wp-content\/uploads\/2025\/05\/99.png\",\"contentUrl\":\"https:\/\/siemysli-ke.info\/wp-content\/uploads\/2025\/05\/99.png\",\"width\":270,\"height\":204,\"caption\":\"SI\u0118 MY\u015aLI\"},\"image\":{\"@id\":\"https:\/\/siemysli-ke.info\/en\/#\/schema\/logo\/image\/\"}},{\"@type\":\"Person\",\"@id\":\"https:\/\/siemysli-ke.info\/#\/schema\/person\/75326687448d6abf738b156f56385210\",\"name\":\"...\",\"image\":{\"@type\":\"ImageObject\",\"inLanguage\":\"en-US\",\"@id\":\"https:\/\/siemysli-ke.info\/en\/#\/schema\/person\/image\/\",\"url\":\"https:\/\/secure.gravatar.com\/avatar\/33a3c2559155e1b4add65cf88cafda785aeb920f44b97c7055b07866ab5b13c2?s=96&d=mm&r=g\",\"contentUrl\":\"https:\/\/secure.gravatar.com\/avatar\/33a3c2559155e1b4add65cf88cafda785aeb920f44b97c7055b07866ab5b13c2?s=96&d=mm&r=g\",\"caption\":\"...\"},\"url\":\"https:\/\/siemysli-ke.info\/en\/author\/lele\/\"}]}<\/script>\n<!-- \/ Yoast SEO plugin. -->","yoast_head_json":{"title":"(Polski) Kto przeszed\u0142 przez Wo\u0142y\u0144, ten ju\u017c by\u0142 w piekle... - SI\u0118 MY\u015aLI","robots":{"index":"index","follow":"follow","max-snippet":"max-snippet:-1","max-image-preview":"max-image-preview:large","max-video-preview":"max-video-preview:-1"},"canonical":"https:\/\/siemysli-ke.info\/en\/przeszedl-wolyn-juz-byl-piekle\/","og_locale":"en_US","og_type":"article","og_title":"(Polski) Kto przeszed\u0142 przez Wo\u0142y\u0144, ten ju\u017c by\u0142 w piekle... - SI\u0118 MY\u015aLI","og_description":"Sorry, this entry is only available in Polski.","og_url":"https:\/\/siemysli-ke.info\/en\/przeszedl-wolyn-juz-byl-piekle\/","og_site_name":"SI\u0118 MY\u015aLI","article_published_time":"2016-07-01T22:23:02+00:00","article_modified_time":"2016-07-01T22:43:04+00:00","og_image":[{"width":543,"height":724,"url":"https:\/\/siemysli-ke.info\/wp-content\/uploads\/2016\/07\/100_7117.jpg","type":"image\/jpeg"}],"author":"...","twitter_misc":{"Written by":"...","Est. reading time":"3 minutes"},"schema":{"@context":"https:\/\/schema.org","@graph":[{"@type":"Article","@id":"https:\/\/siemysli-ke.info\/en\/przeszedl-wolyn-juz-byl-piekle\/#article","isPartOf":{"@id":"https:\/\/siemysli-ke.info\/en\/przeszedl-wolyn-juz-byl-piekle\/"},"author":{"name":"...","@id":"https:\/\/siemysli-ke.info\/#\/schema\/person\/75326687448d6abf738b156f56385210"},"headline":"(Polski) Kto przeszed\u0142 przez Wo\u0142y\u0144, ten ju\u017c by\u0142 w piekle&#8230;","datePublished":"2016-07-01T22:23:02+00:00","dateModified":"2016-07-01T22:43:04+00:00","mainEntityOfPage":{"@id":"https:\/\/siemysli-ke.info\/en\/przeszedl-wolyn-juz-byl-piekle\/"},"wordCount":619,"commentCount":0,"publisher":{"@id":"https:\/\/siemysli-ke.info\/#organization"},"image":{"@id":"https:\/\/siemysli-ke.info\/en\/przeszedl-wolyn-juz-byl-piekle\/#primaryimage"},"thumbnailUrl":"https:\/\/siemysli-ke.info\/wp-content\/uploads\/2016\/07\/100_7117.jpg","keywords":["breaking","Centrum Spotkania Kultur","Dzieci Wo\u0142ynia","headline","Janina Kalinowska","J\u00f3zef Mackiewicz","Korea P\u00f3lnocna","KUL","Lech L. Przychodzki","Lublin","NATO","Skwer Ofiar Wo\u0142ynia","Stepan Bandera","Stowarzyszenie Upami\u0119tnienia Polak\u00f3w Pomordowanych na Wo\u0142yniu","straszenie Rosj\u0105","UMCS","Wiktor Juszczenko"],"articleSection":["Gospodarka i polityka","Rzeczypospolita"],"inLanguage":"en-US","potentialAction":[{"@type":"CommentAction","name":"Comment","target":["https:\/\/siemysli-ke.info\/en\/przeszedl-wolyn-juz-byl-piekle\/#respond"]}]},{"@type":"WebPage","@id":"https:\/\/siemysli-ke.info\/en\/przeszedl-wolyn-juz-byl-piekle\/","url":"https:\/\/siemysli-ke.info\/en\/przeszedl-wolyn-juz-byl-piekle\/","name":"(Polski) Kto przeszed\u0142 przez Wo\u0142y\u0144, ten ju\u017c by\u0142 w piekle... - SI\u0118 MY\u015aLI","isPartOf":{"@id":"https:\/\/siemysli-ke.info\/en\/#website"},"primaryImageOfPage":{"@id":"https:\/\/siemysli-ke.info\/en\/przeszedl-wolyn-juz-byl-piekle\/#primaryimage"},"image":{"@id":"https:\/\/siemysli-ke.info\/en\/przeszedl-wolyn-juz-byl-piekle\/#primaryimage"},"thumbnailUrl":"https:\/\/siemysli-ke.info\/wp-content\/uploads\/2016\/07\/100_7117.jpg","datePublished":"2016-07-01T22:23:02+00:00","dateModified":"2016-07-01T22:43:04+00:00","breadcrumb":{"@id":"https:\/\/siemysli-ke.info\/en\/przeszedl-wolyn-juz-byl-piekle\/#breadcrumb"},"inLanguage":"en-US","potentialAction":[{"@type":"ReadAction","target":[["https:\/\/siemysli-ke.info\/en\/przeszedl-wolyn-juz-byl-piekle\/"]]}]},{"@type":"ImageObject","inLanguage":"en-US","@id":"https:\/\/siemysli-ke.info\/en\/przeszedl-wolyn-juz-byl-piekle\/#primaryimage","url":"https:\/\/siemysli-ke.info\/wp-content\/uploads\/2016\/07\/100_7117.jpg","contentUrl":"https:\/\/siemysli-ke.info\/wp-content\/uploads\/2016\/07\/100_7117.jpg","width":543,"height":724},{"@type":"BreadcrumbList","@id":"https:\/\/siemysli-ke.info\/en\/przeszedl-wolyn-juz-byl-piekle\/#breadcrumb","itemListElement":[{"@type":"ListItem","position":1,"name":"Home","item":"https:\/\/siemysli-ke.info\/en\/"},{"@type":"ListItem","position":2,"name":"(Polski) Kto przeszed\u0142 przez Wo\u0142y\u0144, ten ju\u017c by\u0142 w piekle&#8230;"}]},{"@type":"WebSite","@id":"https:\/\/siemysli-ke.info\/en\/#website","url":"https:\/\/siemysli-ke.info\/en\/","name":"SI\u0118 MY\u015aLI","description":"","publisher":{"@id":"https:\/\/siemysli-ke.info\/en\/#organization"},"potentialAction":[{"@type":"SearchAction","target":{"@type":"EntryPoint","urlTemplate":"https:\/\/siemysli-ke.info\/en\/?s={search_term_string}"},"query-input":{"@type":"PropertyValueSpecification","valueRequired":true,"valueName":"search_term_string"}}],"inLanguage":"en-US"},{"@type":"Organization","@id":"https:\/\/siemysli-ke.info\/en\/#organization","name":"SI\u0118 MY\u015aLI","url":"https:\/\/siemysli-ke.info\/en\/","logo":{"@type":"ImageObject","inLanguage":"en-US","@id":"https:\/\/siemysli-ke.info\/en\/#\/schema\/logo\/image\/","url":"https:\/\/siemysli-ke.info\/wp-content\/uploads\/2025\/05\/99.png","contentUrl":"https:\/\/siemysli-ke.info\/wp-content\/uploads\/2025\/05\/99.png","width":270,"height":204,"caption":"SI\u0118 MY\u015aLI"},"image":{"@id":"https:\/\/siemysli-ke.info\/en\/#\/schema\/logo\/image\/"}},{"@type":"Person","@id":"https:\/\/siemysli-ke.info\/#\/schema\/person\/75326687448d6abf738b156f56385210","name":"...","image":{"@type":"ImageObject","inLanguage":"en-US","@id":"https:\/\/siemysli-ke.info\/en\/#\/schema\/person\/image\/","url":"https:\/\/secure.gravatar.com\/avatar\/33a3c2559155e1b4add65cf88cafda785aeb920f44b97c7055b07866ab5b13c2?s=96&d=mm&r=g","contentUrl":"https:\/\/secure.gravatar.com\/avatar\/33a3c2559155e1b4add65cf88cafda785aeb920f44b97c7055b07866ab5b13c2?s=96&d=mm&r=g","caption":"..."},"url":"https:\/\/siemysli-ke.info\/en\/author\/lele\/"}]}},"_links":{"self":[{"href":"https:\/\/siemysli-ke.info\/en\/wp-json\/wp\/v2\/posts\/20921","targetHints":{"allow":["GET"]}}],"collection":[{"href":"https:\/\/siemysli-ke.info\/en\/wp-json\/wp\/v2\/posts"}],"about":[{"href":"https:\/\/siemysli-ke.info\/en\/wp-json\/wp\/v2\/types\/post"}],"author":[{"embeddable":true,"href":"https:\/\/siemysli-ke.info\/en\/wp-json\/wp\/v2\/users\/3"}],"replies":[{"embeddable":true,"href":"https:\/\/siemysli-ke.info\/en\/wp-json\/wp\/v2\/comments?post=20921"}],"version-history":[{"count":0,"href":"https:\/\/siemysli-ke.info\/en\/wp-json\/wp\/v2\/posts\/20921\/revisions"}],"wp:featuredmedia":[{"embeddable":true,"href":"https:\/\/siemysli-ke.info\/en\/wp-json\/wp\/v2\/media\/20922"}],"wp:attachment":[{"href":"https:\/\/siemysli-ke.info\/en\/wp-json\/wp\/v2\/media?parent=20921"}],"wp:term":[{"taxonomy":"category","embeddable":true,"href":"https:\/\/siemysli-ke.info\/en\/wp-json\/wp\/v2\/categories?post=20921"},{"taxonomy":"post_tag","embeddable":true,"href":"https:\/\/siemysli-ke.info\/en\/wp-json\/wp\/v2\/tags?post=20921"}],"curies":[{"name":"wp","href":"https:\/\/api.w.org\/{rel}","templated":true}]}}