 {"id":20507,"date":"2016-05-29T17:38:08","date_gmt":"2016-05-29T15:38:08","guid":{"rendered":"http:\/\/www.siemysli.info.ke\/?p=20507"},"modified":"2016-05-31T01:34:57","modified_gmt":"2016-05-30T23:34:57","slug":"nadii-sawczenko-nadano-tytul-bohatera-ukrainy","status":"publish","type":"post","link":"https:\/\/siemysli-ke.info\/en\/nadii-sawczenko-nadano-tytul-bohatera-ukrainy\/","title":{"rendered":"(Polski) Nadii Sawczenko nadano tytu\u0142 &#8220;Bohatera Ukrainy&#8221;"},"content":{"rendered":"<p class=\"qtranxs-available-languages-message qtranxs-available-languages-message-en\">Sorry, this entry is only available in <a href=\"https:\/\/siemysli-ke.info\/pl\/wp-json\/wp\/v2\/posts\/20507\" class=\"qtranxs-available-language-link qtranxs-available-language-link-pl\" title=\"Polski\">Polski<\/a>.<\/p>","protected":false},"excerpt":{"rendered":"<p>Sorry, this entry is only available in Polski.<\/p>\n","protected":false},"author":7,"featured_media":20508,"comment_status":"open","ping_status":"open","sticky":false,"template":"","format":"standard","meta":{"colormag_page_layout":"default_layout","footnotes":""},"categories":[7],"tags":[2002,89,5366,92,2773,5347,202,259,5367,1645],"class_list":["post-20507","post","type-post","status-publish","format-standard","has-post-thumbnail","hentry","category-gospodarka","tag-batalion-ajdar","tag-breaking","tag-dekret-poroszenki","tag-headline","tag-john-kerry","tag-nadia-sawczenko-bohaterem-ukrainy","tag-roman-boryczko","tag-rosja","tag-swiatlana-aleksijewicz","tag-wladimir-putin"],"yoast_head":"<!-- This site is optimized with the Yoast SEO plugin v25.1 - https:\/\/yoast.com\/wordpress\/plugins\/seo\/ -->\n<title>(Polski) Nadii Sawczenko nadano tytu\u0142 &quot;Bohatera Ukrainy&quot; - SI\u0118 MY\u015aLI<\/title>\n<meta name=\"robots\" content=\"index, follow, max-snippet:-1, max-image-preview:large, max-video-preview:-1\" \/>\n<link rel=\"canonical\" href=\"https:\/\/siemysli-ke.info\/en\/nadii-sawczenko-nadano-tytul-bohatera-ukrainy\/\" \/>\n<meta property=\"og:locale\" content=\"en_US\" \/>\n<meta property=\"og:type\" content=\"article\" \/>\n<meta property=\"og:title\" content=\"(Polski) Nadii Sawczenko nadano tytu\u0142 &quot;Bohatera Ukrainy&quot; - SI\u0118 MY\u015aLI\" \/>\n<meta property=\"og:description\" content=\"Sorry, this entry is only available in Polski.\" \/>\n<meta property=\"og:url\" content=\"https:\/\/siemysli-ke.info\/en\/nadii-sawczenko-nadano-tytul-bohatera-ukrainy\/\" \/>\n<meta property=\"og:site_name\" content=\"SI\u0118 MY\u015aLI\" \/>\n<meta property=\"article:published_time\" content=\"2016-05-29T15:38:08+00:00\" \/>\n<meta property=\"article:modified_time\" content=\"2016-05-30T23:34:57+00:00\" \/>\n<meta property=\"og:image\" content=\"https:\/\/siemysli-ke.info\/wp-content\/uploads\/2016\/05\/sawczenko_5ec3f72.jpg\" \/>\n\t<meta property=\"og:image:width\" content=\"630\" \/>\n\t<meta property=\"og:image:height\" content=\"365\" \/>\n\t<meta property=\"og:image:type\" content=\"image\/jpeg\" \/>\n<meta name=\"author\" content=\"Jaromir\" \/>\n<meta name=\"twitter:label1\" content=\"Written by\" \/>\n\t<meta name=\"twitter:data1\" content=\"Jaromir\" \/>\n\t<meta name=\"twitter:label2\" content=\"Est. reading time\" \/>\n\t<meta name=\"twitter:data2\" content=\"11 minutes\" \/>\n<script type=\"application\/ld+json\" class=\"yoast-schema-graph\">{\"@context\":\"https:\/\/schema.org\",\"@graph\":[{\"@type\":\"Article\",\"@id\":\"https:\/\/siemysli-ke.info\/en\/nadii-sawczenko-nadano-tytul-bohatera-ukrainy\/#article\",\"isPartOf\":{\"@id\":\"https:\/\/siemysli-ke.info\/en\/nadii-sawczenko-nadano-tytul-bohatera-ukrainy\/\"},\"author\":{\"name\":\"Jaromir\",\"@id\":\"https:\/\/siemysli-ke.info\/#\/schema\/person\/66d741fa745a44f2fe46d112bc6499f2\"},\"headline\":\"(Polski) Nadii Sawczenko nadano tytu\u0142 &#8220;Bohatera Ukrainy&#8221;\",\"datePublished\":\"2016-05-29T15:38:08+00:00\",\"dateModified\":\"2016-05-30T23:34:57+00:00\",\"mainEntityOfPage\":{\"@id\":\"https:\/\/siemysli-ke.info\/en\/nadii-sawczenko-nadano-tytul-bohatera-ukrainy\/\"},\"wordCount\":2209,\"commentCount\":0,\"publisher\":{\"@id\":\"https:\/\/siemysli-ke.info\/#organization\"},\"image\":{\"@id\":\"https:\/\/siemysli-ke.info\/en\/nadii-sawczenko-nadano-tytul-bohatera-ukrainy\/#primaryimage\"},\"thumbnailUrl\":\"https:\/\/siemysli-ke.info\/wp-content\/uploads\/2016\/05\/sawczenko_5ec3f72.jpg\",\"keywords\":[\"Batalion Ajdar\",\"breaking\",\"dekret Poroszenki\",\"headline\",\"John Kerry\",\"Nadia Sawczenko \\\"Bohaterem Ukrainy\\\"\",\"Roman Boryczko\",\"Rosja\",\"Swiat\u0142ana Aleksijewicz\",\"W\u0142adimir Putin\"],\"articleSection\":[\"Gospodarka i polityka\"],\"inLanguage\":\"en-US\",\"potentialAction\":[{\"@type\":\"CommentAction\",\"name\":\"Comment\",\"target\":[\"https:\/\/siemysli-ke.info\/en\/nadii-sawczenko-nadano-tytul-bohatera-ukrainy\/#respond\"]}]},{\"@type\":\"WebPage\",\"@id\":\"https:\/\/siemysli-ke.info\/en\/nadii-sawczenko-nadano-tytul-bohatera-ukrainy\/\",\"url\":\"https:\/\/siemysli-ke.info\/en\/nadii-sawczenko-nadano-tytul-bohatera-ukrainy\/\",\"name\":\"(Polski) Nadii Sawczenko nadano tytu\u0142 \\\"Bohatera Ukrainy\\\" - SI\u0118 MY\u015aLI\",\"isPartOf\":{\"@id\":\"https:\/\/siemysli-ke.info\/en\/#website\"},\"primaryImageOfPage\":{\"@id\":\"https:\/\/siemysli-ke.info\/en\/nadii-sawczenko-nadano-tytul-bohatera-ukrainy\/#primaryimage\"},\"image\":{\"@id\":\"https:\/\/siemysli-ke.info\/en\/nadii-sawczenko-nadano-tytul-bohatera-ukrainy\/#primaryimage\"},\"thumbnailUrl\":\"https:\/\/siemysli-ke.info\/wp-content\/uploads\/2016\/05\/sawczenko_5ec3f72.jpg\",\"datePublished\":\"2016-05-29T15:38:08+00:00\",\"dateModified\":\"2016-05-30T23:34:57+00:00\",\"breadcrumb\":{\"@id\":\"https:\/\/siemysli-ke.info\/en\/nadii-sawczenko-nadano-tytul-bohatera-ukrainy\/#breadcrumb\"},\"inLanguage\":\"en-US\",\"potentialAction\":[{\"@type\":\"ReadAction\",\"target\":[[\"https:\/\/siemysli-ke.info\/en\/nadii-sawczenko-nadano-tytul-bohatera-ukrainy\/\"]]}]},{\"@type\":\"ImageObject\",\"inLanguage\":\"en-US\",\"@id\":\"https:\/\/siemysli-ke.info\/en\/nadii-sawczenko-nadano-tytul-bohatera-ukrainy\/#primaryimage\",\"url\":\"https:\/\/siemysli-ke.info\/wp-content\/uploads\/2016\/05\/sawczenko_5ec3f72.jpg\",\"contentUrl\":\"https:\/\/siemysli-ke.info\/wp-content\/uploads\/2016\/05\/sawczenko_5ec3f72.jpg\",\"width\":630,\"height\":365},{\"@type\":\"BreadcrumbList\",\"@id\":\"https:\/\/siemysli-ke.info\/en\/nadii-sawczenko-nadano-tytul-bohatera-ukrainy\/#breadcrumb\",\"itemListElement\":[{\"@type\":\"ListItem\",\"position\":1,\"name\":\"Home\",\"item\":\"https:\/\/siemysli-ke.info\/en\/\"},{\"@type\":\"ListItem\",\"position\":2,\"name\":\"(Polski) Nadii Sawczenko nadano tytu\u0142 &#8220;Bohatera Ukrainy&#8221;\"}]},{\"@type\":\"WebSite\",\"@id\":\"https:\/\/siemysli-ke.info\/en\/#website\",\"url\":\"https:\/\/siemysli-ke.info\/en\/\",\"name\":\"SI\u0118 MY\u015aLI\",\"description\":\"\",\"publisher\":{\"@id\":\"https:\/\/siemysli-ke.info\/en\/#organization\"},\"potentialAction\":[{\"@type\":\"SearchAction\",\"target\":{\"@type\":\"EntryPoint\",\"urlTemplate\":\"https:\/\/siemysli-ke.info\/en\/?s={search_term_string}\"},\"query-input\":{\"@type\":\"PropertyValueSpecification\",\"valueRequired\":true,\"valueName\":\"search_term_string\"}}],\"inLanguage\":\"en-US\"},{\"@type\":\"Organization\",\"@id\":\"https:\/\/siemysli-ke.info\/en\/#organization\",\"name\":\"SI\u0118 MY\u015aLI\",\"url\":\"https:\/\/siemysli-ke.info\/en\/\",\"logo\":{\"@type\":\"ImageObject\",\"inLanguage\":\"en-US\",\"@id\":\"https:\/\/siemysli-ke.info\/en\/#\/schema\/logo\/image\/\",\"url\":\"https:\/\/siemysli-ke.info\/wp-content\/uploads\/2025\/05\/99.png\",\"contentUrl\":\"https:\/\/siemysli-ke.info\/wp-content\/uploads\/2025\/05\/99.png\",\"width\":270,\"height\":204,\"caption\":\"SI\u0118 MY\u015aLI\"},\"image\":{\"@id\":\"https:\/\/siemysli-ke.info\/en\/#\/schema\/logo\/image\/\"}},{\"@type\":\"Person\",\"@id\":\"https:\/\/siemysli-ke.info\/#\/schema\/person\/66d741fa745a44f2fe46d112bc6499f2\",\"name\":\"Jaromir\",\"image\":{\"@type\":\"ImageObject\",\"inLanguage\":\"en-US\",\"@id\":\"https:\/\/siemysli-ke.info\/en\/#\/schema\/person\/image\/\",\"url\":\"https:\/\/secure.gravatar.com\/avatar\/fe881559e8ac8dda20293e9e8317d4678c6ad8f65f85a9ce5e1a87cee56b6198?s=96&d=mm&r=g\",\"contentUrl\":\"https:\/\/secure.gravatar.com\/avatar\/fe881559e8ac8dda20293e9e8317d4678c6ad8f65f85a9ce5e1a87cee56b6198?s=96&d=mm&r=g\",\"caption\":\"Jaromir\"},\"url\":\"https:\/\/siemysli-ke.info\/en\/author\/jaromir\/\"}]}<\/script>\n<!-- \/ Yoast SEO plugin. -->","yoast_head_json":{"title":"(Polski) Nadii Sawczenko nadano tytu\u0142 \"Bohatera Ukrainy\" - SI\u0118 MY\u015aLI","robots":{"index":"index","follow":"follow","max-snippet":"max-snippet:-1","max-image-preview":"max-image-preview:large","max-video-preview":"max-video-preview:-1"},"canonical":"https:\/\/siemysli-ke.info\/en\/nadii-sawczenko-nadano-tytul-bohatera-ukrainy\/","og_locale":"en_US","og_type":"article","og_title":"(Polski) Nadii Sawczenko nadano tytu\u0142 \"Bohatera Ukrainy\" - SI\u0118 MY\u015aLI","og_description":"Sorry, this entry is only available in Polski.","og_url":"https:\/\/siemysli-ke.info\/en\/nadii-sawczenko-nadano-tytul-bohatera-ukrainy\/","og_site_name":"SI\u0118 MY\u015aLI","article_published_time":"2016-05-29T15:38:08+00:00","article_modified_time":"2016-05-30T23:34:57+00:00","og_image":[{"width":630,"height":365,"url":"https:\/\/siemysli-ke.info\/wp-content\/uploads\/2016\/05\/sawczenko_5ec3f72.jpg","type":"image\/jpeg"}],"author":"Jaromir","twitter_misc":{"Written by":"Jaromir","Est. reading time":"11 minutes"},"schema":{"@context":"https:\/\/schema.org","@graph":[{"@type":"Article","@id":"https:\/\/siemysli-ke.info\/en\/nadii-sawczenko-nadano-tytul-bohatera-ukrainy\/#article","isPartOf":{"@id":"https:\/\/siemysli-ke.info\/en\/nadii-sawczenko-nadano-tytul-bohatera-ukrainy\/"},"author":{"name":"Jaromir","@id":"https:\/\/siemysli-ke.info\/#\/schema\/person\/66d741fa745a44f2fe46d112bc6499f2"},"headline":"(Polski) Nadii Sawczenko nadano tytu\u0142 &#8220;Bohatera Ukrainy&#8221;","datePublished":"2016-05-29T15:38:08+00:00","dateModified":"2016-05-30T23:34:57+00:00","mainEntityOfPage":{"@id":"https:\/\/siemysli-ke.info\/en\/nadii-sawczenko-nadano-tytul-bohatera-ukrainy\/"},"wordCount":2209,"commentCount":0,"publisher":{"@id":"https:\/\/siemysli-ke.info\/#organization"},"image":{"@id":"https:\/\/siemysli-ke.info\/en\/nadii-sawczenko-nadano-tytul-bohatera-ukrainy\/#primaryimage"},"thumbnailUrl":"https:\/\/siemysli-ke.info\/wp-content\/uploads\/2016\/05\/sawczenko_5ec3f72.jpg","keywords":["Batalion Ajdar","breaking","dekret Poroszenki","headline","John Kerry","Nadia Sawczenko \"Bohaterem Ukrainy\"","Roman Boryczko","Rosja","Swiat\u0142ana Aleksijewicz","W\u0142adimir Putin"],"articleSection":["Gospodarka i polityka"],"inLanguage":"en-US","potentialAction":[{"@type":"CommentAction","name":"Comment","target":["https:\/\/siemysli-ke.info\/en\/nadii-sawczenko-nadano-tytul-bohatera-ukrainy\/#respond"]}]},{"@type":"WebPage","@id":"https:\/\/siemysli-ke.info\/en\/nadii-sawczenko-nadano-tytul-bohatera-ukrainy\/","url":"https:\/\/siemysli-ke.info\/en\/nadii-sawczenko-nadano-tytul-bohatera-ukrainy\/","name":"(Polski) Nadii Sawczenko nadano tytu\u0142 \"Bohatera Ukrainy\" - SI\u0118 MY\u015aLI","isPartOf":{"@id":"https:\/\/siemysli-ke.info\/en\/#website"},"primaryImageOfPage":{"@id":"https:\/\/siemysli-ke.info\/en\/nadii-sawczenko-nadano-tytul-bohatera-ukrainy\/#primaryimage"},"image":{"@id":"https:\/\/siemysli-ke.info\/en\/nadii-sawczenko-nadano-tytul-bohatera-ukrainy\/#primaryimage"},"thumbnailUrl":"https:\/\/siemysli-ke.info\/wp-content\/uploads\/2016\/05\/sawczenko_5ec3f72.jpg","datePublished":"2016-05-29T15:38:08+00:00","dateModified":"2016-05-30T23:34:57+00:00","breadcrumb":{"@id":"https:\/\/siemysli-ke.info\/en\/nadii-sawczenko-nadano-tytul-bohatera-ukrainy\/#breadcrumb"},"inLanguage":"en-US","potentialAction":[{"@type":"ReadAction","target":[["https:\/\/siemysli-ke.info\/en\/nadii-sawczenko-nadano-tytul-bohatera-ukrainy\/"]]}]},{"@type":"ImageObject","inLanguage":"en-US","@id":"https:\/\/siemysli-ke.info\/en\/nadii-sawczenko-nadano-tytul-bohatera-ukrainy\/#primaryimage","url":"https:\/\/siemysli-ke.info\/wp-content\/uploads\/2016\/05\/sawczenko_5ec3f72.jpg","contentUrl":"https:\/\/siemysli-ke.info\/wp-content\/uploads\/2016\/05\/sawczenko_5ec3f72.jpg","width":630,"height":365},{"@type":"BreadcrumbList","@id":"https:\/\/siemysli-ke.info\/en\/nadii-sawczenko-nadano-tytul-bohatera-ukrainy\/#breadcrumb","itemListElement":[{"@type":"ListItem","position":1,"name":"Home","item":"https:\/\/siemysli-ke.info\/en\/"},{"@type":"ListItem","position":2,"name":"(Polski) Nadii Sawczenko nadano tytu\u0142 &#8220;Bohatera Ukrainy&#8221;"}]},{"@type":"WebSite","@id":"https:\/\/siemysli-ke.info\/en\/#website","url":"https:\/\/siemysli-ke.info\/en\/","name":"SI\u0118 MY\u015aLI","description":"","publisher":{"@id":"https:\/\/siemysli-ke.info\/en\/#organization"},"potentialAction":[{"@type":"SearchAction","target":{"@type":"EntryPoint","urlTemplate":"https:\/\/siemysli-ke.info\/en\/?s={search_term_string}"},"query-input":{"@type":"PropertyValueSpecification","valueRequired":true,"valueName":"search_term_string"}}],"inLanguage":"en-US"},{"@type":"Organization","@id":"https:\/\/siemysli-ke.info\/en\/#organization","name":"SI\u0118 MY\u015aLI","url":"https:\/\/siemysli-ke.info\/en\/","logo":{"@type":"ImageObject","inLanguage":"en-US","@id":"https:\/\/siemysli-ke.info\/en\/#\/schema\/logo\/image\/","url":"https:\/\/siemysli-ke.info\/wp-content\/uploads\/2025\/05\/99.png","contentUrl":"https:\/\/siemysli-ke.info\/wp-content\/uploads\/2025\/05\/99.png","width":270,"height":204,"caption":"SI\u0118 MY\u015aLI"},"image":{"@id":"https:\/\/siemysli-ke.info\/en\/#\/schema\/logo\/image\/"}},{"@type":"Person","@id":"https:\/\/siemysli-ke.info\/#\/schema\/person\/66d741fa745a44f2fe46d112bc6499f2","name":"Jaromir","image":{"@type":"ImageObject","inLanguage":"en-US","@id":"https:\/\/siemysli-ke.info\/en\/#\/schema\/person\/image\/","url":"https:\/\/secure.gravatar.com\/avatar\/fe881559e8ac8dda20293e9e8317d4678c6ad8f65f85a9ce5e1a87cee56b6198?s=96&d=mm&r=g","contentUrl":"https:\/\/secure.gravatar.com\/avatar\/fe881559e8ac8dda20293e9e8317d4678c6ad8f65f85a9ce5e1a87cee56b6198?s=96&d=mm&r=g","caption":"Jaromir"},"url":"https:\/\/siemysli-ke.info\/en\/author\/jaromir\/"}]}},"_links":{"self":[{"href":"https:\/\/siemysli-ke.info\/en\/wp-json\/wp\/v2\/posts\/20507","targetHints":{"allow":["GET"]}}],"collection":[{"href":"https:\/\/siemysli-ke.info\/en\/wp-json\/wp\/v2\/posts"}],"about":[{"href":"https:\/\/siemysli-ke.info\/en\/wp-json\/wp\/v2\/types\/post"}],"author":[{"embeddable":true,"href":"https:\/\/siemysli-ke.info\/en\/wp-json\/wp\/v2\/users\/7"}],"replies":[{"embeddable":true,"href":"https:\/\/siemysli-ke.info\/en\/wp-json\/wp\/v2\/comments?post=20507"}],"version-history":[{"count":0,"href":"https:\/\/siemysli-ke.info\/en\/wp-json\/wp\/v2\/posts\/20507\/revisions"}],"wp:featuredmedia":[{"embeddable":true,"href":"https:\/\/siemysli-ke.info\/en\/wp-json\/wp\/v2\/media\/20508"}],"wp:attachment":[{"href":"https:\/\/siemysli-ke.info\/en\/wp-json\/wp\/v2\/media?parent=20507"}],"wp:term":[{"taxonomy":"category","embeddable":true,"href":"https:\/\/siemysli-ke.info\/en\/wp-json\/wp\/v2\/categories?post=20507"},{"taxonomy":"post_tag","embeddable":true,"href":"https:\/\/siemysli-ke.info\/en\/wp-json\/wp\/v2\/tags?post=20507"}],"curies":[{"name":"wp","href":"https:\/\/api.w.org\/{rel}","templated":true}]}}