 {"id":2019,"date":"2012-01-25T21:08:38","date_gmt":"2012-01-25T21:08:38","guid":{"rendered":"http:\/\/www.bezjarzmowie.info.ke\/test\/?p=2019"},"modified":"2014-07-10T19:57:55","modified_gmt":"2014-07-10T17:57:55","slug":"jaka-prasa-tacy-dziennikarze","status":"publish","type":"post","link":"https:\/\/siemysli-ke.info\/en\/jaka-prasa-tacy-dziennikarze\/","title":{"rendered":"Jaka prasa, tacy dziennikarze&#8230;"},"content":{"rendered":"<p style=\"text-align: justify;\">\n<p style=\"text-align: justify;\"><span style=\"font-size: small;\"><img decoding=\"async\" class=\"aligncenter size-medium wp-image-2020\" src=\"http:\/\/www.bezjarzmowie.info.ke\/test\/wp-content\/uploads\/2012\/01\/100_7919-300x225.jpg\" alt=\"\" width=\"300\" height=\"225\" \/><\/span><\/p>\n<p style=\"text-align: justify;\"><span style=\"font-size: small;\"><img decoding=\"async\" class=\"aligncenter size-medium wp-image-2021\" src=\"http:\/\/www.bezjarzmowie.info.ke\/test\/wp-content\/uploads\/2012\/01\/Gmina-300x240.jpg\" alt=\"\" width=\"300\" height=\"240\" \/><\/span><\/p>\n<p style=\"text-align: justify;\">\n<p style=\"text-align: justify;\"><span style=\"font-size: small;\">Polscy hakerzy maj\u0105 poczucie humoru. Wymy\u015blili fikcyjn\u0105 gmin\u0119, stworzyli jej stron\u0119 w Sieci i opublikowali tam apel tak samo fikcyjnego w\u00f3jta o odblokowanie strony gminy Kraszewniki, do kt\u00f3rej dost\u0119p mia\u0142 by\u0107 rzekomo uniemo\u017cliwiony w ramach walki internaut\u00f3w z ACTA (<span style=\"text-decoration: underline;\"><a href=\"http:\/\/www.samorzad.lex.pl\/czytaj\/-\/artykul\/hakerzy-zaatakowali-gmine-ktora-nie-istnieje\">http:\/\/www.samorzad.lex.pl\/czytaj\/-\/artykul\/hakerzy-zaatakowali-gmine-ktora-nie-istnieje<\/a><\/span>).<\/span><\/p>\n<p style=\"text-align: justify;\"><span style=\"font-size: small;\"><!--more--><\/span><\/p>\n<p style=\"text-align: justify;\"><span style=\"font-size: small;\">Pomys\u0142 przedni, realizacja te\u017c mi\u0142a dla oka. Rzecz jednak w tym, i\u017c serio potraktowa\u0142a fakt \u201eataku\u201d na wirtualn\u0105 gmin\u0119 Polska Agencja Prasowa, st\u0105d wie\u015bci o nim pojawi\u0142y si\u0119 w tzw. wiod\u0105cych mediach.<\/span><\/p>\n<p style=\"text-align: justify;\"><span style=\"font-size: small;\">Niewielu z dziennikarzy pofatygowa\u0142o si\u0119, by sprawdzi\u0107, czy Kraszewniki istniej\u0105 naprawd\u0119. Zrobili to, co czyni\u0105 przecie\u017c nie od dzi\u015b: \u201ekopiuj-wklej\u201d. I <em>news<\/em> gotowy.<\/span><\/p>\n<p style=\"text-align: justify;\"><span style=\"font-size: small;\">Tym samym hakerzy udowodnili znany jeszcze z poprzedniego podobno ustroju fakt: \u201ePrasa k\u0142amie\u201d. Bezmy\u015blno\u015b\u0107 medialnych przepisywaczy zmusza do innego jeszcze stwierdzenia \u2013 <em>mass-media<\/em> przestaj\u0105 pe\u0142ni\u0107 rol\u0119 informacyjn\u0105. Staj\u0105 si\u0119 bia\u0142ym lub czarnym PR, zale\u017cnie od potrzeb wydawc\u00f3w. Czysta informacja pojawia si\u0119 rzadko, jest przemieszana z pseudo-informacj\u0105, a jej warto\u015b\u0107 \u201epoznawcza\u201d niewiele odbiega od plotki.<\/span><\/p>\n<p style=\"text-align: justify;\"><span style=\"font-size: small;\">Tak postrzegane media w\u0142a\u015bciwie nie potrzebuj\u0105 ju\u017c dziennikarzy. I rzeczywi\u015bcie fachowo\u015b\u0107 ekip dziennikarskich przedstawia coraz wi\u0119cej do \u017cyczenia. Problemem jest to jednak jedynie dla odbiorc\u00f3w. Dezorientowanych raz przypadkiem, kiedy indziej z pe\u0142nym rozmys\u0142em.<\/span><\/p>\n<p style=\"text-align: justify;\"><span style=\"font-size: small;\">ACTA s\u0105 kolejnym krokiem w walce z weryfikowalno\u015bci\u0105 informacji i jej niezale\u017cno\u015bci\u0105. \u017baden rz\u0105d kraj\u00f3w UE niczego wci\u0105\u017c w tej sprawie nie podpisa\u0142. Premier Tusk tak\u017ce nie podpisze \u2013 ceduje t\u0119 czynno\u015b\u0107, wzorem Pi\u0142ata, na pani\u0105 ambasador RP w\u00a0Japonii. Jej przekaza\u0142 bowiem swoje uprawnienia.<\/span><\/p>\n<p style=\"text-align: justify;\"><span style=\"font-size: small;\">Dobrze, i\u017c przynajmniej hakerzy nie chc\u0105 jeszcze by\u0107 niczyimi wasalami&#8230; Bo bycie wasalem, to charakter. A raczej \u2013 jego brak.<\/span><\/p>\n<p style=\"text-align: justify;\"><span style=\"font-size: small;\">\u00a0<\/span><\/p>\n<h1 style=\"text-align: right;\"><span style=\"font-size: medium;\">Lech L. Przychodzki<\/span><\/h1>\n","protected":false},"excerpt":{"rendered":"<p>Polscy hakerzy maj\u0105 poczucie humoru. Wymy\u015blili fikcyjn\u0105 gmin\u0119, stworzyli jej stron\u0119 w Sieci i opublikowali tam apel tak samo fikcyjnego<\/p>\n","protected":false},"author":1,"featured_media":0,"comment_status":"open","ping_status":"open","sticky":false,"template":"","format":"standard","meta":{"colormag_page_layout":"default_layout","footnotes":""},"categories":[3,81],"tags":[],"class_list":["post-2019","post","type-post","status-publish","format-standard","hentry","category-kultura","category-rzeczpospolita"],"yoast_head":"<!-- This site is optimized with the Yoast SEO plugin v25.1 - https:\/\/yoast.com\/wordpress\/plugins\/seo\/ -->\n<title>Jaka prasa, tacy dziennikarze... - SI\u0118 MY\u015aLI<\/title>\n<meta name=\"robots\" content=\"index, follow, max-snippet:-1, max-image-preview:large, max-video-preview:-1\" \/>\n<link rel=\"canonical\" href=\"https:\/\/siemysli-ke.info\/en\/jaka-prasa-tacy-dziennikarze\/\" \/>\n<meta property=\"og:locale\" content=\"en_US\" \/>\n<meta property=\"og:type\" content=\"article\" \/>\n<meta property=\"og:title\" content=\"Jaka prasa, tacy dziennikarze... - SI\u0118 MY\u015aLI\" \/>\n<meta property=\"og:description\" content=\"Polscy hakerzy maj\u0105 poczucie humoru. Wymy\u015blili fikcyjn\u0105 gmin\u0119, stworzyli jej stron\u0119 w Sieci i opublikowali tam apel tak samo fikcyjnego\" \/>\n<meta property=\"og:url\" content=\"https:\/\/siemysli-ke.info\/en\/jaka-prasa-tacy-dziennikarze\/\" \/>\n<meta property=\"og:site_name\" content=\"SI\u0118 MY\u015aLI\" \/>\n<meta property=\"article:published_time\" content=\"2012-01-25T21:08:38+00:00\" \/>\n<meta property=\"article:modified_time\" content=\"2014-07-10T17:57:55+00:00\" \/>\n<meta property=\"og:image\" content=\"http:\/\/www.bezjarzmowie.info.ke\/test\/wp-content\/uploads\/2012\/01\/100_7919-300x225.jpg\" \/>\n<meta name=\"author\" content=\"admin\" \/>\n<meta name=\"twitter:label1\" content=\"Written by\" \/>\n\t<meta name=\"twitter:data1\" content=\"admin\" \/>\n\t<meta name=\"twitter:label2\" content=\"Est. reading time\" \/>\n\t<meta name=\"twitter:data2\" content=\"1 minute\" \/>\n<script type=\"application\/ld+json\" class=\"yoast-schema-graph\">{\"@context\":\"https:\/\/schema.org\",\"@graph\":[{\"@type\":\"Article\",\"@id\":\"https:\/\/siemysli-ke.info\/en\/jaka-prasa-tacy-dziennikarze\/#article\",\"isPartOf\":{\"@id\":\"https:\/\/siemysli-ke.info\/en\/jaka-prasa-tacy-dziennikarze\/\"},\"author\":{\"name\":\"admin\",\"@id\":\"https:\/\/siemysli-ke.info\/#\/schema\/person\/048295918d7858e90e57d1a2c2b5da74\"},\"headline\":\"Jaka prasa, tacy dziennikarze&#8230;\",\"datePublished\":\"2012-01-25T21:08:38+00:00\",\"dateModified\":\"2014-07-10T17:57:55+00:00\",\"mainEntityOfPage\":{\"@id\":\"https:\/\/siemysli-ke.info\/en\/jaka-prasa-tacy-dziennikarze\/\"},\"wordCount\":292,\"commentCount\":0,\"publisher\":{\"@id\":\"https:\/\/siemysli-ke.info\/#organization\"},\"image\":{\"@id\":\"https:\/\/siemysli-ke.info\/en\/jaka-prasa-tacy-dziennikarze\/#primaryimage\"},\"thumbnailUrl\":\"http:\/\/www.bezjarzmowie.info.ke\/test\/wp-content\/uploads\/2012\/01\/100_7919-300x225.jpg\",\"articleSection\":[\"Kultura\",\"Rzeczypospolita\"],\"inLanguage\":\"en-US\",\"potentialAction\":[{\"@type\":\"CommentAction\",\"name\":\"Comment\",\"target\":[\"https:\/\/siemysli-ke.info\/en\/jaka-prasa-tacy-dziennikarze\/#respond\"]}]},{\"@type\":\"WebPage\",\"@id\":\"https:\/\/siemysli-ke.info\/en\/jaka-prasa-tacy-dziennikarze\/\",\"url\":\"https:\/\/siemysli-ke.info\/en\/jaka-prasa-tacy-dziennikarze\/\",\"name\":\"Jaka prasa, tacy dziennikarze... - SI\u0118 MY\u015aLI\",\"isPartOf\":{\"@id\":\"https:\/\/siemysli-ke.info\/en\/#website\"},\"primaryImageOfPage\":{\"@id\":\"https:\/\/siemysli-ke.info\/en\/jaka-prasa-tacy-dziennikarze\/#primaryimage\"},\"image\":{\"@id\":\"https:\/\/siemysli-ke.info\/en\/jaka-prasa-tacy-dziennikarze\/#primaryimage\"},\"thumbnailUrl\":\"http:\/\/www.bezjarzmowie.info.ke\/test\/wp-content\/uploads\/2012\/01\/100_7919-300x225.jpg\",\"datePublished\":\"2012-01-25T21:08:38+00:00\",\"dateModified\":\"2014-07-10T17:57:55+00:00\",\"breadcrumb\":{\"@id\":\"https:\/\/siemysli-ke.info\/en\/jaka-prasa-tacy-dziennikarze\/#breadcrumb\"},\"inLanguage\":\"en-US\",\"potentialAction\":[{\"@type\":\"ReadAction\",\"target\":[[\"https:\/\/siemysli-ke.info\/en\/jaka-prasa-tacy-dziennikarze\/\"]]}]},{\"@type\":\"ImageObject\",\"inLanguage\":\"en-US\",\"@id\":\"https:\/\/siemysli-ke.info\/en\/jaka-prasa-tacy-dziennikarze\/#primaryimage\",\"url\":\"http:\/\/www.bezjarzmowie.info.ke\/test\/wp-content\/uploads\/2012\/01\/100_7919-300x225.jpg\",\"contentUrl\":\"http:\/\/www.bezjarzmowie.info.ke\/test\/wp-content\/uploads\/2012\/01\/100_7919-300x225.jpg\"},{\"@type\":\"BreadcrumbList\",\"@id\":\"https:\/\/siemysli-ke.info\/en\/jaka-prasa-tacy-dziennikarze\/#breadcrumb\",\"itemListElement\":[{\"@type\":\"ListItem\",\"position\":1,\"name\":\"Home\",\"item\":\"https:\/\/siemysli-ke.info\/en\/\"},{\"@type\":\"ListItem\",\"position\":2,\"name\":\"Jaka prasa, tacy dziennikarze&#8230;\"}]},{\"@type\":\"WebSite\",\"@id\":\"https:\/\/siemysli-ke.info\/en\/#website\",\"url\":\"https:\/\/siemysli-ke.info\/en\/\",\"name\":\"SI\u0118 MY\u015aLI\",\"description\":\"\",\"publisher\":{\"@id\":\"https:\/\/siemysli-ke.info\/en\/#organization\"},\"potentialAction\":[{\"@type\":\"SearchAction\",\"target\":{\"@type\":\"EntryPoint\",\"urlTemplate\":\"https:\/\/siemysli-ke.info\/en\/?s={search_term_string}\"},\"query-input\":{\"@type\":\"PropertyValueSpecification\",\"valueRequired\":true,\"valueName\":\"search_term_string\"}}],\"inLanguage\":\"en-US\"},{\"@type\":\"Organization\",\"@id\":\"https:\/\/siemysli-ke.info\/en\/#organization\",\"name\":\"SI\u0118 MY\u015aLI\",\"url\":\"https:\/\/siemysli-ke.info\/en\/\",\"logo\":{\"@type\":\"ImageObject\",\"inLanguage\":\"en-US\",\"@id\":\"https:\/\/siemysli-ke.info\/en\/#\/schema\/logo\/image\/\",\"url\":\"https:\/\/siemysli-ke.info\/wp-content\/uploads\/2025\/05\/99.png\",\"contentUrl\":\"https:\/\/siemysli-ke.info\/wp-content\/uploads\/2025\/05\/99.png\",\"width\":270,\"height\":204,\"caption\":\"SI\u0118 MY\u015aLI\"},\"image\":{\"@id\":\"https:\/\/siemysli-ke.info\/en\/#\/schema\/logo\/image\/\"}},{\"@type\":\"Person\",\"@id\":\"https:\/\/siemysli-ke.info\/#\/schema\/person\/048295918d7858e90e57d1a2c2b5da74\",\"name\":\"admin\",\"image\":{\"@type\":\"ImageObject\",\"inLanguage\":\"en-US\",\"@id\":\"https:\/\/siemysli-ke.info\/en\/#\/schema\/person\/image\/\",\"url\":\"https:\/\/secure.gravatar.com\/avatar\/9acf729117e1cff813c07ba085b25a76702049ffb5efe3425388cd1a019577de?s=96&d=mm&r=g\",\"contentUrl\":\"https:\/\/secure.gravatar.com\/avatar\/9acf729117e1cff813c07ba085b25a76702049ffb5efe3425388cd1a019577de?s=96&d=mm&r=g\",\"caption\":\"admin\"},\"url\":\"https:\/\/siemysli-ke.info\/en\/author\/admin\/\"}]}<\/script>\n<!-- \/ Yoast SEO plugin. -->","yoast_head_json":{"title":"Jaka prasa, tacy dziennikarze... - SI\u0118 MY\u015aLI","robots":{"index":"index","follow":"follow","max-snippet":"max-snippet:-1","max-image-preview":"max-image-preview:large","max-video-preview":"max-video-preview:-1"},"canonical":"https:\/\/siemysli-ke.info\/en\/jaka-prasa-tacy-dziennikarze\/","og_locale":"en_US","og_type":"article","og_title":"Jaka prasa, tacy dziennikarze... - SI\u0118 MY\u015aLI","og_description":"Polscy hakerzy maj\u0105 poczucie humoru. Wymy\u015blili fikcyjn\u0105 gmin\u0119, stworzyli jej stron\u0119 w Sieci i opublikowali tam apel tak samo fikcyjnego","og_url":"https:\/\/siemysli-ke.info\/en\/jaka-prasa-tacy-dziennikarze\/","og_site_name":"SI\u0118 MY\u015aLI","article_published_time":"2012-01-25T21:08:38+00:00","article_modified_time":"2014-07-10T17:57:55+00:00","og_image":[{"url":"http:\/\/www.bezjarzmowie.info.ke\/test\/wp-content\/uploads\/2012\/01\/100_7919-300x225.jpg","type":"","width":"","height":""}],"author":"admin","twitter_misc":{"Written by":"admin","Est. reading time":"1 minute"},"schema":{"@context":"https:\/\/schema.org","@graph":[{"@type":"Article","@id":"https:\/\/siemysli-ke.info\/en\/jaka-prasa-tacy-dziennikarze\/#article","isPartOf":{"@id":"https:\/\/siemysli-ke.info\/en\/jaka-prasa-tacy-dziennikarze\/"},"author":{"name":"admin","@id":"https:\/\/siemysli-ke.info\/#\/schema\/person\/048295918d7858e90e57d1a2c2b5da74"},"headline":"Jaka prasa, tacy dziennikarze&#8230;","datePublished":"2012-01-25T21:08:38+00:00","dateModified":"2014-07-10T17:57:55+00:00","mainEntityOfPage":{"@id":"https:\/\/siemysli-ke.info\/en\/jaka-prasa-tacy-dziennikarze\/"},"wordCount":292,"commentCount":0,"publisher":{"@id":"https:\/\/siemysli-ke.info\/#organization"},"image":{"@id":"https:\/\/siemysli-ke.info\/en\/jaka-prasa-tacy-dziennikarze\/#primaryimage"},"thumbnailUrl":"http:\/\/www.bezjarzmowie.info.ke\/test\/wp-content\/uploads\/2012\/01\/100_7919-300x225.jpg","articleSection":["Kultura","Rzeczypospolita"],"inLanguage":"en-US","potentialAction":[{"@type":"CommentAction","name":"Comment","target":["https:\/\/siemysli-ke.info\/en\/jaka-prasa-tacy-dziennikarze\/#respond"]}]},{"@type":"WebPage","@id":"https:\/\/siemysli-ke.info\/en\/jaka-prasa-tacy-dziennikarze\/","url":"https:\/\/siemysli-ke.info\/en\/jaka-prasa-tacy-dziennikarze\/","name":"Jaka prasa, tacy dziennikarze... - SI\u0118 MY\u015aLI","isPartOf":{"@id":"https:\/\/siemysli-ke.info\/en\/#website"},"primaryImageOfPage":{"@id":"https:\/\/siemysli-ke.info\/en\/jaka-prasa-tacy-dziennikarze\/#primaryimage"},"image":{"@id":"https:\/\/siemysli-ke.info\/en\/jaka-prasa-tacy-dziennikarze\/#primaryimage"},"thumbnailUrl":"http:\/\/www.bezjarzmowie.info.ke\/test\/wp-content\/uploads\/2012\/01\/100_7919-300x225.jpg","datePublished":"2012-01-25T21:08:38+00:00","dateModified":"2014-07-10T17:57:55+00:00","breadcrumb":{"@id":"https:\/\/siemysli-ke.info\/en\/jaka-prasa-tacy-dziennikarze\/#breadcrumb"},"inLanguage":"en-US","potentialAction":[{"@type":"ReadAction","target":[["https:\/\/siemysli-ke.info\/en\/jaka-prasa-tacy-dziennikarze\/"]]}]},{"@type":"ImageObject","inLanguage":"en-US","@id":"https:\/\/siemysli-ke.info\/en\/jaka-prasa-tacy-dziennikarze\/#primaryimage","url":"http:\/\/www.bezjarzmowie.info.ke\/test\/wp-content\/uploads\/2012\/01\/100_7919-300x225.jpg","contentUrl":"http:\/\/www.bezjarzmowie.info.ke\/test\/wp-content\/uploads\/2012\/01\/100_7919-300x225.jpg"},{"@type":"BreadcrumbList","@id":"https:\/\/siemysli-ke.info\/en\/jaka-prasa-tacy-dziennikarze\/#breadcrumb","itemListElement":[{"@type":"ListItem","position":1,"name":"Home","item":"https:\/\/siemysli-ke.info\/en\/"},{"@type":"ListItem","position":2,"name":"Jaka prasa, tacy dziennikarze&#8230;"}]},{"@type":"WebSite","@id":"https:\/\/siemysli-ke.info\/en\/#website","url":"https:\/\/siemysli-ke.info\/en\/","name":"SI\u0118 MY\u015aLI","description":"","publisher":{"@id":"https:\/\/siemysli-ke.info\/en\/#organization"},"potentialAction":[{"@type":"SearchAction","target":{"@type":"EntryPoint","urlTemplate":"https:\/\/siemysli-ke.info\/en\/?s={search_term_string}"},"query-input":{"@type":"PropertyValueSpecification","valueRequired":true,"valueName":"search_term_string"}}],"inLanguage":"en-US"},{"@type":"Organization","@id":"https:\/\/siemysli-ke.info\/en\/#organization","name":"SI\u0118 MY\u015aLI","url":"https:\/\/siemysli-ke.info\/en\/","logo":{"@type":"ImageObject","inLanguage":"en-US","@id":"https:\/\/siemysli-ke.info\/en\/#\/schema\/logo\/image\/","url":"https:\/\/siemysli-ke.info\/wp-content\/uploads\/2025\/05\/99.png","contentUrl":"https:\/\/siemysli-ke.info\/wp-content\/uploads\/2025\/05\/99.png","width":270,"height":204,"caption":"SI\u0118 MY\u015aLI"},"image":{"@id":"https:\/\/siemysli-ke.info\/en\/#\/schema\/logo\/image\/"}},{"@type":"Person","@id":"https:\/\/siemysli-ke.info\/#\/schema\/person\/048295918d7858e90e57d1a2c2b5da74","name":"admin","image":{"@type":"ImageObject","inLanguage":"en-US","@id":"https:\/\/siemysli-ke.info\/en\/#\/schema\/person\/image\/","url":"https:\/\/secure.gravatar.com\/avatar\/9acf729117e1cff813c07ba085b25a76702049ffb5efe3425388cd1a019577de?s=96&d=mm&r=g","contentUrl":"https:\/\/secure.gravatar.com\/avatar\/9acf729117e1cff813c07ba085b25a76702049ffb5efe3425388cd1a019577de?s=96&d=mm&r=g","caption":"admin"},"url":"https:\/\/siemysli-ke.info\/en\/author\/admin\/"}]}},"_links":{"self":[{"href":"https:\/\/siemysli-ke.info\/en\/wp-json\/wp\/v2\/posts\/2019","targetHints":{"allow":["GET"]}}],"collection":[{"href":"https:\/\/siemysli-ke.info\/en\/wp-json\/wp\/v2\/posts"}],"about":[{"href":"https:\/\/siemysli-ke.info\/en\/wp-json\/wp\/v2\/types\/post"}],"author":[{"embeddable":true,"href":"https:\/\/siemysli-ke.info\/en\/wp-json\/wp\/v2\/users\/1"}],"replies":[{"embeddable":true,"href":"https:\/\/siemysli-ke.info\/en\/wp-json\/wp\/v2\/comments?post=2019"}],"version-history":[{"count":0,"href":"https:\/\/siemysli-ke.info\/en\/wp-json\/wp\/v2\/posts\/2019\/revisions"}],"wp:attachment":[{"href":"https:\/\/siemysli-ke.info\/en\/wp-json\/wp\/v2\/media?parent=2019"}],"wp:term":[{"taxonomy":"category","embeddable":true,"href":"https:\/\/siemysli-ke.info\/en\/wp-json\/wp\/v2\/categories?post=2019"},{"taxonomy":"post_tag","embeddable":true,"href":"https:\/\/siemysli-ke.info\/en\/wp-json\/wp\/v2\/tags?post=2019"}],"curies":[{"name":"wp","href":"https:\/\/api.w.org\/{rel}","templated":true}]}}