 {"id":20141,"date":"2016-05-02T17:09:02","date_gmt":"2016-05-02T15:09:02","guid":{"rendered":"http:\/\/www.siemysli.info.ke\/?p=20141"},"modified":"2016-05-02T17:10:12","modified_gmt":"2016-05-02T15:10:12","slug":"media-a-opozycja-zyjemy-roznych-swiatach-1","status":"publish","type":"post","link":"https:\/\/siemysli-ke.info\/en\/media-a-opozycja-zyjemy-roznych-swiatach-1\/","title":{"rendered":"(Polski) Media a opozycja \u2013 czy \u017cyjemy w r\u00f3\u017cnych \u015bwiatach? (1)"},"content":{"rendered":"<p class=\"qtranxs-available-languages-message qtranxs-available-languages-message-en\">Sorry, this entry is only available in <a href=\"https:\/\/siemysli-ke.info\/pl\/wp-json\/wp\/v2\/posts\/20141\" class=\"qtranxs-available-language-link qtranxs-available-language-link-pl\" title=\"Polski\">Polski<\/a>.<\/p>","protected":false},"excerpt":{"rendered":"<p>Sorry, this entry is only available in Polski.<\/p>\n","protected":false},"author":3,"featured_media":20142,"comment_status":"open","ping_status":"open","sticky":false,"template":"","format":"standard","meta":{"colormag_page_layout":"default_layout","footnotes":""},"categories":[3,81],"tags":[89,5129,5133,5134,92,5130,5132,5128,5135,5122,5124,5125,5136,5131,5126,5121,5127,4395,892,5123,2684],"class_list":["post-20141","post","type-post","status-publish","format-standard","has-post-thumbnail","hentry","category-kultura","category-rzeczpospolita","tag-breaking","tag-budka","tag-cimoszewicz","tag-frasyniuk","tag-headline","tag-lewandowski","tag-marcinkiewicz","tag-neuman","tag-nowacka","tag-petru-i-jego-rozwscieczone-dziewczyny","tag-polskie-media","tag-rola-rp-na-arenie-miedzynarodowe","tag-rola-dziennika-zachodniego-w-budowaniu-antypolskiej-atmosfery","tag-rosati","tag-ruch-kukiz-15","tag-ruch-polska-racja-stanu-koalicja-obywatelska-dobrych-zmian","tag-schetyna","tag-stanislaw-dulias","tag-tarnowskie-gory","tag-tvn24","tag-zbigniew-kot"],"yoast_head":"<!-- This site is optimized with the Yoast SEO plugin v25.1 - https:\/\/yoast.com\/wordpress\/plugins\/seo\/ -->\n<title>(Polski) Media a opozycja \u2013 czy \u017cyjemy w r\u00f3\u017cnych \u015bwiatach? (1) - SI\u0118 MY\u015aLI<\/title>\n<meta name=\"robots\" content=\"index, follow, max-snippet:-1, max-image-preview:large, max-video-preview:-1\" \/>\n<link rel=\"canonical\" href=\"https:\/\/siemysli-ke.info\/en\/media-a-opozycja-zyjemy-roznych-swiatach-1\/\" \/>\n<meta property=\"og:locale\" content=\"en_US\" \/>\n<meta property=\"og:type\" content=\"article\" \/>\n<meta property=\"og:title\" content=\"(Polski) Media a opozycja \u2013 czy \u017cyjemy w r\u00f3\u017cnych \u015bwiatach? (1) - SI\u0118 MY\u015aLI\" \/>\n<meta property=\"og:description\" content=\"Sorry, this entry is only available in Polski.\" \/>\n<meta property=\"og:url\" content=\"https:\/\/siemysli-ke.info\/en\/media-a-opozycja-zyjemy-roznych-swiatach-1\/\" \/>\n<meta property=\"og:site_name\" content=\"SI\u0118 MY\u015aLI\" \/>\n<meta property=\"article:published_time\" content=\"2016-05-02T15:09:02+00:00\" \/>\n<meta property=\"article:modified_time\" content=\"2016-05-02T15:10:12+00:00\" \/>\n<meta property=\"og:image\" content=\"https:\/\/siemysli-ke.info\/wp-content\/uploads\/2016\/05\/prace-zbigniewa-kota-fot.mariusz-kiryla-26-z-26.jpg\" \/>\n\t<meta property=\"og:image:width\" content=\"472\" \/>\n\t<meta property=\"og:image:height\" content=\"730\" \/>\n\t<meta property=\"og:image:type\" content=\"image\/jpeg\" \/>\n<meta name=\"author\" content=\"...\" \/>\n<meta name=\"twitter:label1\" content=\"Written by\" \/>\n\t<meta name=\"twitter:data1\" content=\"...\" \/>\n\t<meta name=\"twitter:label2\" content=\"Est. reading time\" \/>\n\t<meta name=\"twitter:data2\" content=\"8 minutes\" \/>\n<script type=\"application\/ld+json\" class=\"yoast-schema-graph\">{\"@context\":\"https:\/\/schema.org\",\"@graph\":[{\"@type\":\"Article\",\"@id\":\"https:\/\/siemysli-ke.info\/en\/media-a-opozycja-zyjemy-roznych-swiatach-1\/#article\",\"isPartOf\":{\"@id\":\"https:\/\/siemysli-ke.info\/en\/media-a-opozycja-zyjemy-roznych-swiatach-1\/\"},\"author\":{\"name\":\"...\",\"@id\":\"https:\/\/siemysli-ke.info\/#\/schema\/person\/75326687448d6abf738b156f56385210\"},\"headline\":\"(Polski) Media a opozycja \u2013 czy \u017cyjemy w r\u00f3\u017cnych \u015bwiatach? (1)\",\"datePublished\":\"2016-05-02T15:09:02+00:00\",\"dateModified\":\"2016-05-02T15:10:12+00:00\",\"mainEntityOfPage\":{\"@id\":\"https:\/\/siemysli-ke.info\/en\/media-a-opozycja-zyjemy-roznych-swiatach-1\/\"},\"wordCount\":1626,\"commentCount\":0,\"publisher\":{\"@id\":\"https:\/\/siemysli-ke.info\/#organization\"},\"image\":{\"@id\":\"https:\/\/siemysli-ke.info\/en\/media-a-opozycja-zyjemy-roznych-swiatach-1\/#primaryimage\"},\"thumbnailUrl\":\"https:\/\/siemysli-ke.info\/wp-content\/uploads\/2016\/05\/prace-zbigniewa-kota-fot.mariusz-kiryla-26-z-26.jpg\",\"keywords\":[\"breaking\",\"Budka\",\"Cimoszewicz\",\"Frasyniuk\",\"headline\",\"Lewandowski\",\"Marcinkiewicz\",\"Neuman\",\"Nowacka\",\"Petru i jego rozw\u015bcieczone dziewczyny\",\"polskie media\",\"rola RP na arenie mi\u0119dzynarodowe\",\"rola \u201eDziennika Zachodniego\u201d w budowaniu antypolskiej atmosfery\",\"Rosati\",\"ruch Kukiz '15\",\"ruch Polska Racja Stanu - Koalicja Obywatelska Dobrych Zmian\",\"Schetyna\",\"Stanis\u0142aw Dulias\",\"Tarnowskie G\u00f3ry\",\"TVN24\",\"Zbigniew Kot\"],\"articleSection\":[\"Kultura\",\"Rzeczypospolita\"],\"inLanguage\":\"en-US\",\"potentialAction\":[{\"@type\":\"CommentAction\",\"name\":\"Comment\",\"target\":[\"https:\/\/siemysli-ke.info\/en\/media-a-opozycja-zyjemy-roznych-swiatach-1\/#respond\"]}]},{\"@type\":\"WebPage\",\"@id\":\"https:\/\/siemysli-ke.info\/en\/media-a-opozycja-zyjemy-roznych-swiatach-1\/\",\"url\":\"https:\/\/siemysli-ke.info\/en\/media-a-opozycja-zyjemy-roznych-swiatach-1\/\",\"name\":\"(Polski) Media a opozycja \u2013 czy \u017cyjemy w r\u00f3\u017cnych \u015bwiatach? (1) - SI\u0118 MY\u015aLI\",\"isPartOf\":{\"@id\":\"https:\/\/siemysli-ke.info\/en\/#website\"},\"primaryImageOfPage\":{\"@id\":\"https:\/\/siemysli-ke.info\/en\/media-a-opozycja-zyjemy-roznych-swiatach-1\/#primaryimage\"},\"image\":{\"@id\":\"https:\/\/siemysli-ke.info\/en\/media-a-opozycja-zyjemy-roznych-swiatach-1\/#primaryimage\"},\"thumbnailUrl\":\"https:\/\/siemysli-ke.info\/wp-content\/uploads\/2016\/05\/prace-zbigniewa-kota-fot.mariusz-kiryla-26-z-26.jpg\",\"datePublished\":\"2016-05-02T15:09:02+00:00\",\"dateModified\":\"2016-05-02T15:10:12+00:00\",\"breadcrumb\":{\"@id\":\"https:\/\/siemysli-ke.info\/en\/media-a-opozycja-zyjemy-roznych-swiatach-1\/#breadcrumb\"},\"inLanguage\":\"en-US\",\"potentialAction\":[{\"@type\":\"ReadAction\",\"target\":[[\"https:\/\/siemysli-ke.info\/en\/media-a-opozycja-zyjemy-roznych-swiatach-1\/\"]]}]},{\"@type\":\"ImageObject\",\"inLanguage\":\"en-US\",\"@id\":\"https:\/\/siemysli-ke.info\/en\/media-a-opozycja-zyjemy-roznych-swiatach-1\/#primaryimage\",\"url\":\"https:\/\/siemysli-ke.info\/wp-content\/uploads\/2016\/05\/prace-zbigniewa-kota-fot.mariusz-kiryla-26-z-26.jpg\",\"contentUrl\":\"https:\/\/siemysli-ke.info\/wp-content\/uploads\/2016\/05\/prace-zbigniewa-kota-fot.mariusz-kiryla-26-z-26.jpg\",\"width\":472,\"height\":730},{\"@type\":\"BreadcrumbList\",\"@id\":\"https:\/\/siemysli-ke.info\/en\/media-a-opozycja-zyjemy-roznych-swiatach-1\/#breadcrumb\",\"itemListElement\":[{\"@type\":\"ListItem\",\"position\":1,\"name\":\"Home\",\"item\":\"https:\/\/siemysli-ke.info\/en\/\"},{\"@type\":\"ListItem\",\"position\":2,\"name\":\"(Polski) Media a opozycja \u2013 czy \u017cyjemy w r\u00f3\u017cnych \u015bwiatach? (1)\"}]},{\"@type\":\"WebSite\",\"@id\":\"https:\/\/siemysli-ke.info\/en\/#website\",\"url\":\"https:\/\/siemysli-ke.info\/en\/\",\"name\":\"SI\u0118 MY\u015aLI\",\"description\":\"\",\"publisher\":{\"@id\":\"https:\/\/siemysli-ke.info\/en\/#organization\"},\"potentialAction\":[{\"@type\":\"SearchAction\",\"target\":{\"@type\":\"EntryPoint\",\"urlTemplate\":\"https:\/\/siemysli-ke.info\/en\/?s={search_term_string}\"},\"query-input\":{\"@type\":\"PropertyValueSpecification\",\"valueRequired\":true,\"valueName\":\"search_term_string\"}}],\"inLanguage\":\"en-US\"},{\"@type\":\"Organization\",\"@id\":\"https:\/\/siemysli-ke.info\/en\/#organization\",\"name\":\"SI\u0118 MY\u015aLI\",\"url\":\"https:\/\/siemysli-ke.info\/en\/\",\"logo\":{\"@type\":\"ImageObject\",\"inLanguage\":\"en-US\",\"@id\":\"https:\/\/siemysli-ke.info\/en\/#\/schema\/logo\/image\/\",\"url\":\"https:\/\/siemysli-ke.info\/wp-content\/uploads\/2025\/05\/99.png\",\"contentUrl\":\"https:\/\/siemysli-ke.info\/wp-content\/uploads\/2025\/05\/99.png\",\"width\":270,\"height\":204,\"caption\":\"SI\u0118 MY\u015aLI\"},\"image\":{\"@id\":\"https:\/\/siemysli-ke.info\/en\/#\/schema\/logo\/image\/\"}},{\"@type\":\"Person\",\"@id\":\"https:\/\/siemysli-ke.info\/#\/schema\/person\/75326687448d6abf738b156f56385210\",\"name\":\"...\",\"image\":{\"@type\":\"ImageObject\",\"inLanguage\":\"en-US\",\"@id\":\"https:\/\/siemysli-ke.info\/en\/#\/schema\/person\/image\/\",\"url\":\"https:\/\/secure.gravatar.com\/avatar\/33a3c2559155e1b4add65cf88cafda785aeb920f44b97c7055b07866ab5b13c2?s=96&d=mm&r=g\",\"contentUrl\":\"https:\/\/secure.gravatar.com\/avatar\/33a3c2559155e1b4add65cf88cafda785aeb920f44b97c7055b07866ab5b13c2?s=96&d=mm&r=g\",\"caption\":\"...\"},\"url\":\"https:\/\/siemysli-ke.info\/en\/author\/lele\/\"}]}<\/script>\n<!-- \/ Yoast SEO plugin. -->","yoast_head_json":{"title":"(Polski) Media a opozycja \u2013 czy \u017cyjemy w r\u00f3\u017cnych \u015bwiatach? (1) - SI\u0118 MY\u015aLI","robots":{"index":"index","follow":"follow","max-snippet":"max-snippet:-1","max-image-preview":"max-image-preview:large","max-video-preview":"max-video-preview:-1"},"canonical":"https:\/\/siemysli-ke.info\/en\/media-a-opozycja-zyjemy-roznych-swiatach-1\/","og_locale":"en_US","og_type":"article","og_title":"(Polski) Media a opozycja \u2013 czy \u017cyjemy w r\u00f3\u017cnych \u015bwiatach? (1) - SI\u0118 MY\u015aLI","og_description":"Sorry, this entry is only available in Polski.","og_url":"https:\/\/siemysli-ke.info\/en\/media-a-opozycja-zyjemy-roznych-swiatach-1\/","og_site_name":"SI\u0118 MY\u015aLI","article_published_time":"2016-05-02T15:09:02+00:00","article_modified_time":"2016-05-02T15:10:12+00:00","og_image":[{"width":472,"height":730,"url":"https:\/\/siemysli-ke.info\/wp-content\/uploads\/2016\/05\/prace-zbigniewa-kota-fot.mariusz-kiryla-26-z-26.jpg","type":"image\/jpeg"}],"author":"...","twitter_misc":{"Written by":"...","Est. reading time":"8 minutes"},"schema":{"@context":"https:\/\/schema.org","@graph":[{"@type":"Article","@id":"https:\/\/siemysli-ke.info\/en\/media-a-opozycja-zyjemy-roznych-swiatach-1\/#article","isPartOf":{"@id":"https:\/\/siemysli-ke.info\/en\/media-a-opozycja-zyjemy-roznych-swiatach-1\/"},"author":{"name":"...","@id":"https:\/\/siemysli-ke.info\/#\/schema\/person\/75326687448d6abf738b156f56385210"},"headline":"(Polski) Media a opozycja \u2013 czy \u017cyjemy w r\u00f3\u017cnych \u015bwiatach? (1)","datePublished":"2016-05-02T15:09:02+00:00","dateModified":"2016-05-02T15:10:12+00:00","mainEntityOfPage":{"@id":"https:\/\/siemysli-ke.info\/en\/media-a-opozycja-zyjemy-roznych-swiatach-1\/"},"wordCount":1626,"commentCount":0,"publisher":{"@id":"https:\/\/siemysli-ke.info\/#organization"},"image":{"@id":"https:\/\/siemysli-ke.info\/en\/media-a-opozycja-zyjemy-roznych-swiatach-1\/#primaryimage"},"thumbnailUrl":"https:\/\/siemysli-ke.info\/wp-content\/uploads\/2016\/05\/prace-zbigniewa-kota-fot.mariusz-kiryla-26-z-26.jpg","keywords":["breaking","Budka","Cimoszewicz","Frasyniuk","headline","Lewandowski","Marcinkiewicz","Neuman","Nowacka","Petru i jego rozw\u015bcieczone dziewczyny","polskie media","rola RP na arenie mi\u0119dzynarodowe","rola \u201eDziennika Zachodniego\u201d w budowaniu antypolskiej atmosfery","Rosati","ruch Kukiz '15","ruch Polska Racja Stanu - Koalicja Obywatelska Dobrych Zmian","Schetyna","Stanis\u0142aw Dulias","Tarnowskie G\u00f3ry","TVN24","Zbigniew Kot"],"articleSection":["Kultura","Rzeczypospolita"],"inLanguage":"en-US","potentialAction":[{"@type":"CommentAction","name":"Comment","target":["https:\/\/siemysli-ke.info\/en\/media-a-opozycja-zyjemy-roznych-swiatach-1\/#respond"]}]},{"@type":"WebPage","@id":"https:\/\/siemysli-ke.info\/en\/media-a-opozycja-zyjemy-roznych-swiatach-1\/","url":"https:\/\/siemysli-ke.info\/en\/media-a-opozycja-zyjemy-roznych-swiatach-1\/","name":"(Polski) Media a opozycja \u2013 czy \u017cyjemy w r\u00f3\u017cnych \u015bwiatach? (1) - SI\u0118 MY\u015aLI","isPartOf":{"@id":"https:\/\/siemysli-ke.info\/en\/#website"},"primaryImageOfPage":{"@id":"https:\/\/siemysli-ke.info\/en\/media-a-opozycja-zyjemy-roznych-swiatach-1\/#primaryimage"},"image":{"@id":"https:\/\/siemysli-ke.info\/en\/media-a-opozycja-zyjemy-roznych-swiatach-1\/#primaryimage"},"thumbnailUrl":"https:\/\/siemysli-ke.info\/wp-content\/uploads\/2016\/05\/prace-zbigniewa-kota-fot.mariusz-kiryla-26-z-26.jpg","datePublished":"2016-05-02T15:09:02+00:00","dateModified":"2016-05-02T15:10:12+00:00","breadcrumb":{"@id":"https:\/\/siemysli-ke.info\/en\/media-a-opozycja-zyjemy-roznych-swiatach-1\/#breadcrumb"},"inLanguage":"en-US","potentialAction":[{"@type":"ReadAction","target":[["https:\/\/siemysli-ke.info\/en\/media-a-opozycja-zyjemy-roznych-swiatach-1\/"]]}]},{"@type":"ImageObject","inLanguage":"en-US","@id":"https:\/\/siemysli-ke.info\/en\/media-a-opozycja-zyjemy-roznych-swiatach-1\/#primaryimage","url":"https:\/\/siemysli-ke.info\/wp-content\/uploads\/2016\/05\/prace-zbigniewa-kota-fot.mariusz-kiryla-26-z-26.jpg","contentUrl":"https:\/\/siemysli-ke.info\/wp-content\/uploads\/2016\/05\/prace-zbigniewa-kota-fot.mariusz-kiryla-26-z-26.jpg","width":472,"height":730},{"@type":"BreadcrumbList","@id":"https:\/\/siemysli-ke.info\/en\/media-a-opozycja-zyjemy-roznych-swiatach-1\/#breadcrumb","itemListElement":[{"@type":"ListItem","position":1,"name":"Home","item":"https:\/\/siemysli-ke.info\/en\/"},{"@type":"ListItem","position":2,"name":"(Polski) Media a opozycja \u2013 czy \u017cyjemy w r\u00f3\u017cnych \u015bwiatach? (1)"}]},{"@type":"WebSite","@id":"https:\/\/siemysli-ke.info\/en\/#website","url":"https:\/\/siemysli-ke.info\/en\/","name":"SI\u0118 MY\u015aLI","description":"","publisher":{"@id":"https:\/\/siemysli-ke.info\/en\/#organization"},"potentialAction":[{"@type":"SearchAction","target":{"@type":"EntryPoint","urlTemplate":"https:\/\/siemysli-ke.info\/en\/?s={search_term_string}"},"query-input":{"@type":"PropertyValueSpecification","valueRequired":true,"valueName":"search_term_string"}}],"inLanguage":"en-US"},{"@type":"Organization","@id":"https:\/\/siemysli-ke.info\/en\/#organization","name":"SI\u0118 MY\u015aLI","url":"https:\/\/siemysli-ke.info\/en\/","logo":{"@type":"ImageObject","inLanguage":"en-US","@id":"https:\/\/siemysli-ke.info\/en\/#\/schema\/logo\/image\/","url":"https:\/\/siemysli-ke.info\/wp-content\/uploads\/2025\/05\/99.png","contentUrl":"https:\/\/siemysli-ke.info\/wp-content\/uploads\/2025\/05\/99.png","width":270,"height":204,"caption":"SI\u0118 MY\u015aLI"},"image":{"@id":"https:\/\/siemysli-ke.info\/en\/#\/schema\/logo\/image\/"}},{"@type":"Person","@id":"https:\/\/siemysli-ke.info\/#\/schema\/person\/75326687448d6abf738b156f56385210","name":"...","image":{"@type":"ImageObject","inLanguage":"en-US","@id":"https:\/\/siemysli-ke.info\/en\/#\/schema\/person\/image\/","url":"https:\/\/secure.gravatar.com\/avatar\/33a3c2559155e1b4add65cf88cafda785aeb920f44b97c7055b07866ab5b13c2?s=96&d=mm&r=g","contentUrl":"https:\/\/secure.gravatar.com\/avatar\/33a3c2559155e1b4add65cf88cafda785aeb920f44b97c7055b07866ab5b13c2?s=96&d=mm&r=g","caption":"..."},"url":"https:\/\/siemysli-ke.info\/en\/author\/lele\/"}]}},"_links":{"self":[{"href":"https:\/\/siemysli-ke.info\/en\/wp-json\/wp\/v2\/posts\/20141","targetHints":{"allow":["GET"]}}],"collection":[{"href":"https:\/\/siemysli-ke.info\/en\/wp-json\/wp\/v2\/posts"}],"about":[{"href":"https:\/\/siemysli-ke.info\/en\/wp-json\/wp\/v2\/types\/post"}],"author":[{"embeddable":true,"href":"https:\/\/siemysli-ke.info\/en\/wp-json\/wp\/v2\/users\/3"}],"replies":[{"embeddable":true,"href":"https:\/\/siemysli-ke.info\/en\/wp-json\/wp\/v2\/comments?post=20141"}],"version-history":[{"count":0,"href":"https:\/\/siemysli-ke.info\/en\/wp-json\/wp\/v2\/posts\/20141\/revisions"}],"wp:featuredmedia":[{"embeddable":true,"href":"https:\/\/siemysli-ke.info\/en\/wp-json\/wp\/v2\/media\/20142"}],"wp:attachment":[{"href":"https:\/\/siemysli-ke.info\/en\/wp-json\/wp\/v2\/media?parent=20141"}],"wp:term":[{"taxonomy":"category","embeddable":true,"href":"https:\/\/siemysli-ke.info\/en\/wp-json\/wp\/v2\/categories?post=20141"},{"taxonomy":"post_tag","embeddable":true,"href":"https:\/\/siemysli-ke.info\/en\/wp-json\/wp\/v2\/tags?post=20141"}],"curies":[{"name":"wp","href":"https:\/\/api.w.org\/{rel}","templated":true}]}}