 {"id":16831,"date":"2015-09-06T13:12:19","date_gmt":"2015-09-06T11:12:19","guid":{"rendered":"http:\/\/www.siemysli.info.ke\/?p=16831"},"modified":"2015-09-07T01:33:24","modified_gmt":"2015-09-06T23:33:24","slug":"czy-pomozemy-emigrantom","status":"publish","type":"post","link":"https:\/\/siemysli-ke.info\/en\/czy-pomozemy-emigrantom\/","title":{"rendered":"Czy pomo\u017cemy emigrantom?"},"content":{"rendered":"<p style=\"text-align: justify;\" align=\"justify\"><a href=\"http:\/\/www.siemysli.info.ke\/wp-content\/uploads\/2015\/09\/d7192a454e_12.jpg\" rel=\"lightbox[16831]\"><img decoding=\"async\" class=\"alignleft size-medium wp-image-16832\" src=\"http:\/\/www.siemysli.info.ke\/wp-content\/uploads\/2015\/09\/d7192a454e_12-300x200.jpg\" alt=\"d7192a454e_12\" width=\"300\" height=\"200\" srcset=\"https:\/\/siemysli-ke.info\/wp-content\/uploads\/2015\/09\/d7192a454e_12-300x200.jpg 300w, https:\/\/siemysli-ke.info\/wp-content\/uploads\/2015\/09\/d7192a454e_12.jpg 600w\" sizes=\"(max-width: 300px) 100vw, 300px\" \/><\/a>Od wielu dni czo\u0142\u00f3wki wiadomo\u015bci zdobi\u0105 koszmarne obrazy t\u0142um\u00f3w, kt\u00f3re jak fala przelewaj\u0105 si\u0119 przez kolejne granice &#8211; pocz\u0105wszy od Turcji, sko\u0144czywszy na niemieckich miastach. Bez zaplecza sanitarnego w przysz\u0142o\u015bci mo\u017ce to wymkn\u0105\u0107 si\u0119 spod kontroli i sta\u0107 si\u0119 przyczynkiem kl\u0119ski epidemiologicznej. Za t\u0105 przedziwn\u0105 karawan\u0105 ci\u0105gn\u0105 si\u0119 stosy \u015bmieci, ubra\u0144 i prowizorycznych obozowisk. W wielu miejscach: Grecja (wyspa Lesbos), przej\u015bcia graniczne w\u0142osko-austriackie czy w\u0119giersko-austriackie &#8211; dochodzi do akt\u00f3w przemocy, kradzie\u017cy, zamieszek i akt\u00f3w wandalizmu. \u201dWulgaryzmy, rzucanie butelkami, g\u0142o\u015bne okrzyki &#8220;Chcemy do Niemiec&#8221; &#8211; czy Niemcy to obecnie jaki\u015b raj? Widzia\u0142em, jak otoczyli samoch\u00f3d starszej W\u0142oszki, wyci\u0105gn\u0119li j\u0105 za w\u0142osy z samochodu i chcieli tym samochodem odjecha\u0107. Autokar, w kt\u00f3rym si\u0119 znajdowa\u0142em z grup\u0105, pr\u00f3bowano rozhu\u015bta\u0107. Rzucano w nas g\u00f3wnem, walili w drzwi, \u017ceby je kierowca otworzy\u0142, pluli na szyb\u0119 (\u2026). W autokarze grupy francuskiej pootwierali luki baga\u017cowe &#8211; wszystko, co znajdowa\u0142o si\u0119 w \u015brodku, w ci\u0105gu kr\u00f3tkiej chwili zosta\u0142o rozkradzione, cz\u0119\u015b\u0107 rzeczy le\u017ca\u0142a na ziemi\u2026\u201d. Tyle <strong>Kamil Bulonis<\/strong>. Masy sfrustrowane czekaniem \u017c\u0105daj\u0105 natychmiastowego rozwi\u0105zania: wzburzone pomoc humanitarn\u0105 &#8211; jedzenie i butelkowan\u0105 wod\u0119 &#8211; manifestacyjnie wyrzucaj\u0105. Jako \u017ce W\u0119gry zmagaj\u0105 si\u0119 z problemem romskim od lat (brak wsp\u00f3\u0142pracy na wszystkich polach ze strony tej spo\u0142eczno\u015bci), pojawi\u0142 si\u0119 wzrost sympatii dla populistycznych hase\u0142 i do g\u0142osu wysun\u0105\u0142 skrajn\u0105 prawic\u0119. Na szcz\u0119\u015bcie to nie ona jest od rozwi\u0105zywania kwestii uchod\u017ac\u00f3w politycznych i ekonomicznych a specjalne regulacje. Niestety, napady hord skrajnie prawicowych kiboli na grupy, koczuj\u0105ce na dworcu Keleti &#8211; W\u0119grom splendoru nie przynosz\u0105. Tylko dzi\u0119ki szybkiej interwencji <a href=\"http:\/\/www.siemysli.info.ke\/wp-content\/uploads\/2015\/09\/08709f6f570c23faf0fa4fb66745a4e2.jpg\" rel=\"lightbox[16831]\"><img decoding=\"async\" class=\"alignleft size-medium wp-image-16833\" src=\"http:\/\/www.siemysli.info.ke\/wp-content\/uploads\/2015\/09\/08709f6f570c23faf0fa4fb66745a4e2-300x250.jpg\" alt=\"08709f6f570c23faf0fa4fb66745a4e2\" width=\"300\" height=\"250\" srcset=\"https:\/\/siemysli-ke.info\/wp-content\/uploads\/2015\/09\/08709f6f570c23faf0fa4fb66745a4e2-300x250.jpg 300w, https:\/\/siemysli-ke.info\/wp-content\/uploads\/2015\/09\/08709f6f570c23faf0fa4fb66745a4e2.jpg 600w\" sizes=\"(max-width: 300px) 100vw, 300px\" \/><\/a>roz\u0142adowano tykaj\u0105c\u0105 bomb\u0119 na dworcu stolicy W\u0119gier i przetransportowano uchod\u017ac\u00f3w na stron\u0119 austriack\u0105. W\u0119grzy protestuj\u0105 nie dlatego, \u017ce maj\u0105 pomaga\u0107 w biedzie, tylko dlatego, \u017ce Unia Europejska nie konsultuj\u0105c decyzji z nikim posuwa si\u0119 do ekonomicznego samob\u00f3jstwa, wydaj\u0105c decyzje o przyj\u0119ciu wielkich grup uchod\u017ac\u00f3w. W\u0142ochy i Grecja s\u0105 w stosunkowo dobrej sytuacji, staj\u0105c si\u0119 miejscem tymczasowego azylu. Masy ci\u0105gn\u0105 w g\u0142\u0105b l\u0105du. <strong>W Polsce premier Ewa Kopacz jest r\u00f3wnie\u017c oszcz\u0119dna w s\u0142owach &#8211; wa\u017cne rzeczy przemilcza<\/strong>. Dlatego jak w Niemczech tak i w Polsce spo\u0142ecze\u0144stwo jest niech\u0119tne emigrantom. 12. wrze\u015bnia skrajna prawica zapowiada wielk\u0105 demonstracj\u0119 w Warszawie w\u0142a\u015bnie tego dotycz\u0105c\u0105. W Europie ju\u017c jest 800 tys. wniosk\u00f3w o azyl (a to pocz\u0105tek). Polska kwota wynosi 5,65 %, czyli to 40 000 uchod\u017ac\u00f3w, nie 10 000, nie 2 000 os\u00f3b &#8211; jak wst\u0119pnie szacowano. Dlaczego nie m\u00f3wimy o akcji \u0142\u0105czenia rodzin? \u2013 przecie\u017c prawodawstwo europejskie to zaleca \u2013 to jest obligatoryjne, co oznacza, \u017ce skoro przyjmiemy jednego cz\u0142owieka \u2013 to ma on prawo \u015bci\u0105gn\u0105\u0107 rodzin\u0119.<br \/>\nTo jest dalszych 10 os\u00f3b, takie rachunki s\u0105 zrobione we Francji. Przeci\u0119tnego obywatela Unii Europejskiej indoktrynuje si\u0119 zgod\u0105 na solidarno\u015b\u0107 dziejow\u0105, nie informuj\u0105c o \u017ar\u00f3dle problemu. \u0179r\u00f3dle, tkwi\u0105cym w Waszyngtonie, kt\u00f3rego organy decyzyjne destabilizuj\u0105 krok po kroku kolejne regiony na kuli ziemskiej. 17. lutego w mie\u015bcie Benghazi rozpocz\u0119\u0142y si\u0119 demonstracje przeciwko re\u017cimowi Kadafiego. Op\u0142aceni \u201eniezadowoleni\u201d przyszli po to, by zasz\u0142y w Libii radykalne zmiany. Eskalacja konfliktu, liczne ofiary doprowadzi\u0142y do interwencji wojsk NATO, w wyniku kt\u00f3rej obalono rz\u0105dz\u0105cego od przesz\u0142o czterdziestu lat dyktatora. Kaddafi zosta\u0142 zabity 20. pa\u017adziernika 2011 r. w rodzinnej Syrcie. Obalaj\u0105c re\u017cim Muammara Kaddafiego, Libijczycy marzyli o lepszej przysz\u0142o\u015bci i liczyli, i\u017c ich kraj stanie si\u0119 nowym Dubajem z racji posiadania ropono\u015bnych z\u0142\u00f3\u017c. Trzy lata p\u00f3\u017aniej Libia jest pogr\u0105\u017cona w chaosie i kontrolowana przez plemienne milicje, zabijaj\u0105ce ka\u017cdego niewygodnego. Scenariusz somalijski (gdzie tak\u017ce USA zostawi\u0142y \u00f3w kraj, niczym potem NATO Libi\u0119 &#8211; w stanie rozpadu struktur pa\u0144stwa) &#8211; bardzo jest prawdopodobny&#8230;<\/p>\n<p style=\"text-align: justify;\" align=\"justify\"><a href=\"http:\/\/www.siemysli.info.ke\/wp-content\/uploads\/2015\/09\/7b55dda3-43ea-4fc5-ba55-35cdf18f3c04.jpg\" rel=\"lightbox[16831]\"><img decoding=\"async\" class=\"alignleft size-medium wp-image-16834\" src=\"http:\/\/www.siemysli.info.ke\/wp-content\/uploads\/2015\/09\/7b55dda3-43ea-4fc5-ba55-35cdf18f3c04-300x169.jpg\" alt=\"7b55dda3-43ea-4fc5-ba55-35cdf18f3c04\" width=\"300\" height=\"169\" srcset=\"https:\/\/siemysli-ke.info\/wp-content\/uploads\/2015\/09\/7b55dda3-43ea-4fc5-ba55-35cdf18f3c04-300x169.jpg 300w, https:\/\/siemysli-ke.info\/wp-content\/uploads\/2015\/09\/7b55dda3-43ea-4fc5-ba55-35cdf18f3c04.jpg 640w\" sizes=\"(max-width: 300px) 100vw, 300px\" \/><\/a>Strzelaj\u0105 wszyscy do wszystkich, nie ma pracy, szerz\u0105 si\u0119 g\u0142\u00f3d i beznadziej\u0105. To co oferowa\u0142a \u201edyktatura\u201d Kaddafiego by\u0142o rajem wobec wy\u015bnionej wolno\u015bci, jak\u0105 sobie stworzyli, obalaj\u0105c go. Trwa wojna domowa mi\u0119dzy si\u0142ami rz\u0105dowymi a wata\u017ckami i r\u00f3\u017cnego rodzaju milicjami. Tymczasowym w\u0142adzom nie uda\u0142o si\u0119 utworzy\u0107 nowej zawodowej armii ani policji. Sto\u0142eczny Trypolis upad\u0142 w sierpniu i od tego czasu rz\u0105dzi nim koalicja kilku ugrupowa\u0144 zbrojonych, w tym radykalnych islamist\u00f3w. Chaos i przemoc wymierzona jest w si\u0142y bezpiecze\u0144stwa, dziennikarzy, dzia\u0142aczy politycznych, a tak\u017ce zachodnie interesy. To pierwszy z kraj\u00f3w \u201eupad\u0142ych\u201d. Kolejnym jest Syria, z kt\u00f3rej to uchod\u017acy zalewaj\u0105 nasz kontynent. Po czterech latach wycie\u0144czaj\u0105cej wojny domowej prezydent Syrii Baszar el-Asad przygotowuje si\u0119 do podzia\u0142u kraju. Nikt nie jest w stanie prowadzi\u0107 wojny na kilku frontach z takimi mocarstwami jak USA czy Wielka Brytania z jednej strony &#8211; a krajami arabskimi i Turcj\u0105 z drugiej, popieraj\u0105cymi Woln\u0105 Armi\u0119 Syrii i ugrupowanie skrajnie islamistyczne &#8211; ISIS. Rz\u0105d Syrii chce zatrzyma\u0107 dla siebie pas ziemi, ci\u0105gn\u0105cy si\u0119 od rejonu Damaszku na po\u0142udniu, przez miasta Hama i Homs, do syryjskiego wybrze\u017ca z miastami Latakia i Tartus. Innymi s\u0142owy w\u0142adze pa\u0144stwowe zachowa\u0142by kontrol\u0119 tylko nad zachodni\u0105, najg\u0119\u015bciej zaludnion\u0105 cz\u0119\u015bci\u0105 Syrii, ca\u0142\u0105 reszt\u0119 oddaj\u0105c we w\u0142adanie islamistycznych wata\u017ck\u00f3w, pozostaj\u0105cych bez \u017cadnej kontroli spo\u0142eczno\u015bci mi\u0119dzynarodowej. 10-15 procent populacji Syrii \u017cyje pod jarzmem ISIS, kt\u00f3ra stworzy\u0142a Pa\u0144stwo Islamskie z si\u0142ami bezpiecze\u0144stwa, administracj\u0105 i walut\u0105 &#8211; z\u0142otym dinarem, 20-25 procent -pod butem islamist\u00f3w z Al-Nusry, a 5-10 procent na terytoriach, kontrolowanych przez Kurd\u00f3w, grupy d\u0105\u017c\u0105cej do samostanowienia, walcz\u0105cej obecnie i z islamistami wszelkiej ma\u015bci i z armi\u0105 tureck\u0105. Od pocz\u0105tku protest\u00f3w przeciwko al-Asadowi w 2011 roku Damaszek straci\u0142 kontrol\u0119 nad trzema czwartymi powierzchni Syrii. Z drugiej strony, 50-60 procent ludno\u015bci tego kraju mieszka na terytoriach, kontrolowanych przez rz\u0105d. Z tych informacji wy\u0142ania si\u0119 groza wojennej hekatomby, jak\u0105 zgotowa\u0142 \u015bwiat zachodni, wkraczaj\u0105c ze swoimi interesami na nieznane pola \u015bwiata zupe\u0142nie odmiennego kulturowo. Raz w\u0142o\u017cony kij w arabskie mrowisko skutkuje migracj\u0105 na niespotykan\u0105 skal\u0119. W Polsce \u015brodowiska od zawsze na kolanach przyjmuj\u0105ce g\u0142os z Brukseli czy z USA \u00a0&#8211; jak mantr\u0119 powtarzaj\u0105 frazesy o konieczno\u015bci dziejowej oraz dumie, \u017ce mo\u017cemy by\u0107 w rodzinie misyjnej, kt\u00f3ra <a href=\"http:\/\/www.siemysli.info.ke\/wp-content\/uploads\/2015\/09\/73e8200a79_5.jpg\" rel=\"lightbox[16831]\"><img decoding=\"async\" class=\"alignleft size-medium wp-image-16835\" src=\"http:\/\/www.siemysli.info.ke\/wp-content\/uploads\/2015\/09\/73e8200a79_5-300x200.jpg\" alt=\"73e8200a79_5\" width=\"300\" height=\"200\" srcset=\"https:\/\/siemysli-ke.info\/wp-content\/uploads\/2015\/09\/73e8200a79_5-300x200.jpg 300w, https:\/\/siemysli-ke.info\/wp-content\/uploads\/2015\/09\/73e8200a79_5.jpg 600w\" sizes=\"(max-width: 300px) 100vw, 300px\" \/><\/a>ma cel &#8211; pom\u00f3c i utrzyma\u0107 wszystkich biednych tego \u015bwiata. G\u0142os ten pop\u0142yn\u0105\u0142 na Bliski Wsch\u00f3d i nied\u0142ugo trzeba by\u0142o czeka\u0107, by mie\u0107 \u00a0potrzebuj\u0105cych pomocy u swych bram.<\/p>\n<p style=\"text-align: justify;\" align=\"justify\"><strong>Anne Applebaum, \u017cona Rados\u0142awa Sikorskiego, posuwa si\u0119 dalej &#8211; do dyskretnego szanta\u017cu &#8211; &#8220;Kraje Europy Wschodniej niezainteresowane pomoc\u0105 w rozwi\u0105zaniu kryzysu uchod\u017aczego powinny przygotowa\u0107 si\u0119 na utrat\u0119 zainteresowania nimi i ich problemami przez reszt\u0119 Unii Europejskiej&#8221;. Banicja za brak zgody na finansow\u0105 ruin\u0119? Z dna szafy dzi\u015b wyjmuje si\u0119 prawdziwe intencje, jakimi kieruje si\u0119 UE?<\/strong><\/p>\n<p style=\"text-align: justify;\" align=\"justify\">Komisja Europejska ma bowiem wkr\u00f3tce zaszanta\u017cowa\u0107 pa\u0144stwa Europy \u015arodkowo-Wschodniej: albo przyjm\u0105 one \u017c\u0105dan\u0105 liczb\u0119 imigrant\u00f3w, albo zostan\u0105 im odci\u0119te fundusze unijne. Wpierw zlikwidowano nam, Polakom, rodzimy przemys\u0142 &#8211; bo podobno by\u0142 nieefektywny, nasta\u0142o wtedy bezrobocie, potem zagraniczne koncerny wprowadzi\u0142y tu swe montownie i niewolnicze stawki p\u0142acowe. Dzi\u0119ki limitom wyko\u0144czono polskie rolnictwo, przemys\u0142 rybny, przemys\u0142 lekki i ci\u0119\u017cki, transportuje si\u0119 tu setki ton toksycznych odpad\u00f3w, przenosi na nasz teren geriatrycznych emeryt\u00f3w z ca\u0142ej UE, bo tu jest taniej a na koniec Polska ma sta\u0107 si\u0119 prowizorycznym koczowiskiem dla dziesi\u0105tk\u00f3w tysi\u0119cy uciekinier\u00f3w?<\/p>\n<p style=\"text-align: justify;\" align=\"justify\">Mo\u017ce pani Anne Applebaum b\u0119dzie lobbowa\u0142a w Izraelu, by ten pe\u0142en mi\u0142osierdzia dla muzu\u0142man\u00f3w (Palesty\u0144czycy) nar\u00f3d wyasygnowa\u0142 jak\u0105\u015b kwot\u0119 w obliczu takiej kl\u0119ski humanitarnej jak\u0105 mamy na kontynencie europejskim? Kolejnym g\u0142osem \u201esalonu\u201d jest profesor Wojciech Sadurski. Sadurski, kt\u00f3ry <a href=\"http:\/\/www.siemysli.info.ke\/wp-content\/uploads\/2015\/09\/uchodzcy1_740_485_80.jpg\" rel=\"lightbox[16831]\"><img decoding=\"async\" class=\"alignleft size-medium wp-image-16836\" src=\"http:\/\/www.siemysli.info.ke\/wp-content\/uploads\/2015\/09\/uchodzcy1_740_485_80-300x197.jpg\" alt=\"uchodzcy1_740_485_80\" width=\"300\" height=\"197\" srcset=\"https:\/\/siemysli-ke.info\/wp-content\/uploads\/2015\/09\/uchodzcy1_740_485_80-300x197.jpg 300w, https:\/\/siemysli-ke.info\/wp-content\/uploads\/2015\/09\/uchodzcy1_740_485_80.jpg 740w\" sizes=\"(max-width: 300px) 100vw, 300px\" \/><\/a>przedstawia si\u0119 jako filozof prawa i konstytucjonalista, publicysta i bloger, przepuszcza brutalny atak na W\u0119gry z powodu dzia\u0142a\u0144 tego kraju wobec fali imigrant\u00f3w. Nazywa W\u0119gry \u201e\u015bmiesznym kraikiem\u201d, przeciwstawiaj\u0105c go Niemcom, kt\u00f3re \u201epokazuj\u0105 dzi\u015b Europie, co to znaczy honor i wielkie serce.\u201d Wedle Sadurskiego, Madziarzy (profesor pisze ten wyraz z ma\u0142ej litery) \u201etraktuj\u0105 uchod\u017ac\u00f3w jak byd\u0142o \u201d i \u201epokazali reszcie Europy i \u015bwiata z\u0142\u0105, nienawistn\u0105, pozbawion\u0105 cienia empatii postaw\u0119. \u201dCi straszni W\u0119grzy, Polacy, Czesi i S\u0142owacy sw\u0105 postaw\u0105 \u201eciemnogrodu\u201d mog\u0105 wszystko popsu\u0107 o\u015bwieconym umys\u0142om z Brukseli. Powstaj\u0105 te\u017c oddolne inicjatywy &#8211; jak przyj\u0105\u0107 i pom\u00f3c emigrantom. Tw\u00f3rcy inicjatywy <strong>Stacnas.pl<\/strong> chc\u0105 zach\u0119ci\u0107 Polak\u00f3w do niesienia bezpo\u015bredniej pomocy imigrantom z Afryki i Bliskiego Wschodu. Inspiracj\u0105 by\u0142a dla nich postawa 10 tys. Islandczyk\u00f3w, kt\u00f3rzy oburzeni bierno\u015bci\u0105 islandzkiego rz\u0105du wobec dramatu uchod\u017ac\u00f3w, zadeklarowali, i\u017c s\u0105 gotowi przyj\u0105\u0107 uciekinier\u00f3w z teren\u00f3w ogarni\u0119tych wojn\u0105 i niedostatkiem pod sw\u00f3j dach. \u201eUwa\u017cam, \u017ce naszym obowi\u0105zkiem moralnym jest pom\u00f3c ludziom w potrzebie\u201d \u2013 m\u00f3wi Tymon Radwa\u0144ski, za\u0142o\u017cyciel serwisu <strong>Stacnas.pl<\/strong>, gdzie b\u0119dzie mo\u017cna znale\u017a\u0107 informacje o procedurach i wymogach formalnych, dotycz\u0105cych przyj\u0119cia do swojego domu uchod\u017ac\u00f3w. Jednak mimo szczerych ch\u0119ci, nie nale\u017cy zapomina\u0107 o ludzkim wymiarze pomocy, a nie samych ch\u0119ciach. Przecie\u017c zaproszenie cudzoziemca oznacza przej\u0119cie obowi\u0105zku finansowania jego pobytu (mieszkania, jedzenia itd.), leczenia, ewentualnego wydalenia i na takie wyzwania musz\u0105 si\u0119 przygotowa\u0107 ewentualni dobroczy\u0144cy.<\/p>\n<p style=\"text-align: justify;\" align=\"justify\"><a href=\"http:\/\/www.siemysli.info.ke\/wp-content\/uploads\/2015\/09\/wp_uchodzcy_625.jpeg\" rel=\"lightbox[16831]\"><img decoding=\"async\" class=\"alignleft size-medium wp-image-16837\" src=\"http:\/\/www.siemysli.info.ke\/wp-content\/uploads\/2015\/09\/wp_uchodzcy_625-300x192.jpeg\" alt=\"wp_uchodzcy_625\" width=\"300\" height=\"192\" srcset=\"https:\/\/siemysli-ke.info\/wp-content\/uploads\/2015\/09\/wp_uchodzcy_625-300x192.jpeg 300w, https:\/\/siemysli-ke.info\/wp-content\/uploads\/2015\/09\/wp_uchodzcy_625.jpeg 625w\" sizes=\"(max-width: 300px) 100vw, 300px\" \/><\/a>Jednak nie tylko my jeste\u015bmy po \u201eciemnej stronie mocy\u201d&#8230; Syri\u0119 opu\u015bci\u0142y ju\u017c ok. 4 mln uchod\u017ac\u00f3w. Okazuje si\u0119, i\u017c bliskie kulturowo kraje islamskie nie robi\u0105 niczego, by pom\u00f3c syryjskim uchod\u017acom. Arabia Saudyjska, Katar, Zjednoczone Emiraty Arabskie, Kuwejt i Bajhran\u00a0 nie wdro\u017cy\u0142y ani nie zaproponowa\u0142y \u017cadnego planu pomocowego. Bogate kraje muzu\u0142ma\u0144skie, nie przyjmuj\u0105c wyznaj\u0105cej islam cz\u0119\u015bci uchod\u017ac\u00f3w, dbaj\u0105 bardziej o swoj\u0105 wygod\u0119 ni\u017c o braci w wierze. <strong>Jest te\u017c prawdopodobne, \u017ce dzi\u0119ki temu <em>exodusowi<\/em> realizuj\u0105 w ten spos\u00f3b strategi\u0119 przejmowania Europy przez islam, jego kultur\u0119 i religi\u0119 bez jednego wystrza\u0142u. Tak\u0105 koncepcj\u0119 wyra\u017ca otwarcie m.in. Pa\u0144stwo Islamskie w swoim organie prasowym, nawo\u0142uj\u0105c m.in. do zdobycia Rzymu. Jakakolwiek krytyka obecnych zdarze\u0144 i pr\u00f3ba poszukania rozwi\u0105za\u0144 spotyka si\u0119 z histerycznym, wr\u0119cz wulgarnym, zachowaniem zwolennik\u00f3w tak wielkiej migracji &#8211; cz\u0119sto tylko socjalnej.<\/strong> Zapominaj\u0105 oni zapewne, i\u017c w Polsce w og\u00f3le zaniechano budownictwa komunalnego i socjalnego. Jak zatem przyj\u0105\u0107 kilkadziesi\u0105t tysi\u0119cy rodzin i je zakwaterowa\u0107? Rz\u0105d wsadzi tych uchod\u017ac\u00f3w do namiot\u00f3w czy prowizorycznych faweli z blachy falistej i da im \u0142opat\u0119 do od\u015bnie\u017cania okolicy oraz walonki. A gdy zima zaskoczy nas mrozami po minus 25 stopni i tysi\u0105cami b\u0119d\u0105 nam zamarza\u0107 &#8211; wtedy to Zach\u00f3d b\u0119dzie m\u00f3g\u0142 wiesza\u0107 na nas psy za&#8230; ludob\u00f3jstwo. Podstawowy problem z spo\u0142eczno\u015bci\u0105 muzu\u0142ma\u0144sk\u0105 na emigracji jest taki, \u017ce ludzie ci nie pracuj\u0105. Nie pracuj\u0105 jako grupa spo\u0142eczna (procentowo) w \u017cadnym europejskim kraju, gdzie mieszkaj\u0105 od lat. Utrzymuj\u0105 si\u0119 z zasi\u0142k\u00f3w z opieki spo\u0142ecznej, cierpi\u0105c na syndrom wyuczonej bezradno\u015bci.<\/p>\n<p style=\"text-align: justify;\" align=\"justify\">Za humanitaryzmem \u015bwiata Zachodu musi i\u015b\u0107 te\u017c rozwaga i roztropno\u015b\u0107 w budowaniu wielkiego frontu pomocy, w jaki i my Polacy zostali\u015bmy wci\u0105gni\u0119ci. Strona finansowa to jedno (Bruksela ma pokry\u0107 koszty utrzymania ok. 1 500z\u0142 brutto na jednego uchod\u017ac\u0119), dochodz\u0105 jeszcze sprawy zakwaterowania, opieki medycznej i edukacji. To wielka odpowiedzialno\u015b\u0107 &#8211; przyj\u0105\u0107 na swoje terytorium ludzi, cierpi\u0105cych na syndrom wojny, b\u0119d\u0105cych w op\u0142akanej kondycji psychicznej i fizycznej. Nie ma nawet dostatecznej liczby t\u0142umaczy, nie m\u00f3wi\u0105c ju\u017c o asystentach kulturowych. Ludzie ci cierpi\u0105 na choroby &#8211; tak\u017ce zaka\u017ane &#8211; kt\u00f3re trzeba wyleczy\u0107, mog\u0105 by\u0107 ranni, czyli wymagaj\u0105 zaopatrzenia \u2013 tak\u017ce specjalistycznego. Przecie\u017c nasz system opieki medycznej jest niewystarczaj\u0105cy dla nas samych (po wyje\u017adzie ponad 3 milion\u00f3w ludzi!) \u2013 nikt nie marzy o poziomie europejskim w tym wzgl\u0119dzie dla w\u0142asnych obywateli. Jak oni si\u0119 utrzymaj\u0105 w kraju, kt\u00f3ry jest w ekonomicznej zapa\u015bci, zad\u0142u\u017cony na 3 biliony, nie ma na emerytury dla w\u0142asnych obywateli, nie ma w\u0142asnego maj\u0105tku narodowego opr\u00f3cz las\u00f3w \u2013 i po wyje\u017adzie 3 milion\u00f3w w\u0142asnych emigrant\u00f3w ma kilkana\u015bcie procent bezrobocia \u2013 w tym tak\u017ce strukturalnego (powy\u017cej 20%). Lokalni krwiopijcy nie potrzebuj\u0105 ludzi do pracy, tylko do tyrania! Politycy w Polsce od lat nie zajmuj\u0105 si\u0119 uzdrawianiem sytuacji spo\u0142eczno-ekonomicznej obywateli. Na ka\u017cdym polu \u00a0jest coraz gorzej. Jak wi\u0119c mamy da\u0107 prac\u0119 cz\u0119sto niepi\u015bmiennym uchod\u017acom, gdy w tym samym czasie na emigracj\u0119 wygnali\u015bmy miliony m\u0142odych i zdolnych obywateli Polski w celu zmniejszenia wska\u017anik\u00f3w bezrobocia w kraju? Chyba warto pami\u0119ta\u0107 o akcji repatriacyjnej, z kt\u00f3rej wysz\u0142o fiasko czy problem z przyj\u0119ciem 100 (s\u0142ownie: <strong>stu<\/strong>) uchod\u017ac\u00f3w \u2013 Polak\u00f3w z Donbassu, kt\u00f3ry w obliczu czasu o\u015bmieszy\u0142 nasz rz\u0105d. W\u0142adimir Putin w tym czasie przyjmuje polskie rodziny z Kazachstanu czy Kirgistanu w Rosji, daj\u0105c to, co obiecywa\u0142 kiedy\u015b rz\u0105d RP. Ha\u0144ba!? Nie, chichot historii!<\/p>\n<p style=\"text-align: justify;\" align=\"justify\">Nazywanie Polak\u00f3w nietolerancyjnymi brzmi jak ponury \u017cart. Przez wiele wiek\u00f3w uciekali do nas prze\u015bladowani \u017bydzi \u2013 z ca\u0142ej Europy i tylko w Polsce dostawali prawa i przywileje oraz godne \u017cycie. To my mamy tradycje faktycznej tolerancji, tak\u017ce religijnej i obyczajowej. W XX wieku przyjmowali\u015bmy Ormian, Grek\u00f3w, innowierc\u00f3w&#8230; Dzi\u015b w naszym kraju pracuj\u0105 setki tysi\u0119cy Ukrai\u0144c\u00f3w, Wietnamczyk\u00f3w i innych, chc\u0105cych tu \u017cy\u0107 nacji, kt\u00f3rych nie wyrzucamy pod byle pretekstem.<\/p>\n<p style=\"text-align: justify;\" align=\"justify\">Wobec plan\u00f3w naszych wielkich s\u0105siad\u00f3w &#8211; my, Polacy, jeste\u015bmy bezsilni. Nie mamy szcz\u0119\u015bcia te\u017c do ewentualnych sojuszy a \u201eprzyjaciele\u201d zwykle okazuj\u0105 si\u0119 tch\u00f3rzami. Czy jest wyj\u015bcie z tej arcytrudnej sytuacji? My\u015bl\u0119, \u017ce nale\u017cy spojrze\u0107 na okres komunizmu, gdzie Polska nale\u017ca\u0142a do Uk\u0142adu Warszawskiego pod protektoratem ZSSR. Rachunek strat i zysk\u00f3w. Sowieci niszczyli i mordowali patriot\u00f3w w pierwszych latach powojennych a ich celem by\u0142o stworzenie pa\u0144stwa na sw\u00f3j wz\u00f3r, co si\u0119 w konsekwencji nie uda\u0142o. Polska mia\u0142a wzgl\u0119dn\u0105 autonomi\u0119 i mog\u0142a si\u0119 rozwija\u0107 oraz prowadzi\u0107 w\u0142asn\u0105 polityk\u0119 spo\u0142eczno-gospodarcz\u0105, oczywi\u015bcie w ramach bloku socjalistycznego. Powsta\u0142a opozycja i wielki ruch zwi\u0105zkowy, kt\u00f3ry miast burzy\u0107, m\u00f3g\u0142 by\u0107 przyczynkiem do g\u0142\u0119bokich reform gospodarki planowej. Sta\u0142o si\u0119 inaczej &#8211; co widzimy dzi\u015b.<\/p>\n<p style=\"text-align: justify;\" align=\"justify\">Polska wesz\u0142a do UE 1. maja 2004 roku. Obiecywano g\u00f3ry z\u0142ota &#8211; z czasem okaza\u0142o si\u0119, jakie cele i jakie zadanie mamy spe\u0142ni\u0107 w brukselskich strukturach. Jestesmy dzi\u015b krajem tranzytowym, kontynentaln\u0105 montowni\u0105, rezerwuarem taniej si\u0142y roboczej, pa\u0144stwem bez perspektyw i planu rozwoju. Czy nie nadszed\u0142 w\u0142a\u015bnie czas, w obliczu szanta\u017cu Unii Europejskiej, by na niej samej wym\u00f3c wzgl\u0119dem naszego kraju wzrost finansowania i kolejne transze pomocowe. R\u00f3wnie\u017c polska gospodarka i rolnictwo musz\u0105 by\u0107 chronione i wspierane na r\u00f3wni z tym, co dzieje si\u0119 u naszych zachodnich s\u0105siad\u00f3w. To, \u017ce wci\u0105gni\u0119to RP do \u201eszcz\u0119\u015bcia\u201d, jakim podobno jest Europa w wersji multikulti wcale nie oznacza, i\u017c b\u0119dzie to trwa\u0142o wiecznie. Polak m\u0105dry po szkodzie\u2026<\/p>\n<p style=\"text-align: right;\" align=\"justify\"><strong>Roman Boryczko<\/strong>,<\/p>\n<p style=\"text-align: right;\" align=\"justify\"><em>wrzesie\u0144 2015<\/em><\/p>\n","protected":false},"excerpt":{"rendered":"<p>Od wielu dni czo\u0142\u00f3wki wiadomo\u015bci zdobi\u0105 koszmarne obrazy t\u0142um\u00f3w, kt\u00f3re jak fala przelewaj\u0105 si\u0119 przez kolejne granice &#8211; pocz\u0105wszy od<\/p>\n","protected":false},"author":7,"featured_media":16834,"comment_status":"open","ping_status":"open","sticky":false,"template":"","format":"standard","meta":{"colormag_page_layout":"default_layout","footnotes":""},"categories":[3,81],"tags":[3083,3079,3088,89,3084,3047,92,769,1197,3089,3080,3091,3087,3082,3081,203,3085,202,871,346,2398,3086,3090],"class_list":["post-16831","post","type-post","status-publish","format-standard","has-post-thumbnail","hentry","category-kultura","category-rzeczpospolita","tag-al-asad","tag-anne-appelbaum","tag-arabia-saudyjska","tag-breaking","tag-damaszek","tag-emigranci","tag-headline","tag-islandia","tag-izrael","tag-katar","tag-komisja-europejska","tag-kuwejt-i-bajhran","tag-madziarzy","tag-palestynczycy","tag-panstwa-europy-srodkowo-wschodniej","tag-polska","tag-prezydent-orban","tag-roman-boryczko","tag-syria","tag-ue-2","tag-wegry","tag-wojciech-sadurski","tag-zjednoczone-emiraty-arabskie"],"yoast_head":"<!-- This site is optimized with the Yoast SEO plugin v25.1 - https:\/\/yoast.com\/wordpress\/plugins\/seo\/ -->\n<title>Czy pomo\u017cemy emigrantom? - SI\u0118 MY\u015aLI<\/title>\n<meta name=\"robots\" content=\"index, follow, max-snippet:-1, max-image-preview:large, max-video-preview:-1\" \/>\n<link rel=\"canonical\" href=\"https:\/\/siemysli-ke.info\/en\/czy-pomozemy-emigrantom\/\" \/>\n<meta property=\"og:locale\" content=\"en_US\" \/>\n<meta property=\"og:type\" content=\"article\" \/>\n<meta property=\"og:title\" content=\"Czy pomo\u017cemy emigrantom? - SI\u0118 MY\u015aLI\" \/>\n<meta property=\"og:description\" content=\"Od wielu dni czo\u0142\u00f3wki wiadomo\u015bci zdobi\u0105 koszmarne obrazy t\u0142um\u00f3w, kt\u00f3re jak fala przelewaj\u0105 si\u0119 przez kolejne granice &#8211; pocz\u0105wszy od\" \/>\n<meta property=\"og:url\" content=\"https:\/\/siemysli-ke.info\/en\/czy-pomozemy-emigrantom\/\" \/>\n<meta property=\"og:site_name\" content=\"SI\u0118 MY\u015aLI\" \/>\n<meta property=\"article:published_time\" content=\"2015-09-06T11:12:19+00:00\" \/>\n<meta property=\"article:modified_time\" content=\"2015-09-06T23:33:24+00:00\" \/>\n<meta property=\"og:image\" content=\"https:\/\/siemysli-ke.info\/wp-content\/uploads\/2015\/09\/7b55dda3-43ea-4fc5-ba55-35cdf18f3c04.jpg\" \/>\n\t<meta property=\"og:image:width\" content=\"640\" \/>\n\t<meta property=\"og:image:height\" content=\"360\" \/>\n\t<meta property=\"og:image:type\" content=\"image\/jpeg\" \/>\n<meta name=\"author\" content=\"Jaromir\" \/>\n<meta name=\"twitter:label1\" content=\"Written by\" \/>\n\t<meta name=\"twitter:data1\" content=\"Jaromir\" \/>\n\t<meta name=\"twitter:label2\" content=\"Est. reading time\" \/>\n\t<meta name=\"twitter:data2\" content=\"13 minutes\" \/>\n<script type=\"application\/ld+json\" class=\"yoast-schema-graph\">{\"@context\":\"https:\/\/schema.org\",\"@graph\":[{\"@type\":\"Article\",\"@id\":\"https:\/\/siemysli-ke.info\/en\/czy-pomozemy-emigrantom\/#article\",\"isPartOf\":{\"@id\":\"https:\/\/siemysli-ke.info\/en\/czy-pomozemy-emigrantom\/\"},\"author\":{\"name\":\"Jaromir\",\"@id\":\"https:\/\/siemysli-ke.info\/#\/schema\/person\/66d741fa745a44f2fe46d112bc6499f2\"},\"headline\":\"Czy pomo\u017cemy emigrantom?\",\"datePublished\":\"2015-09-06T11:12:19+00:00\",\"dateModified\":\"2015-09-06T23:33:24+00:00\",\"mainEntityOfPage\":{\"@id\":\"https:\/\/siemysli-ke.info\/en\/czy-pomozemy-emigrantom\/\"},\"wordCount\":2597,\"commentCount\":1,\"publisher\":{\"@id\":\"https:\/\/siemysli-ke.info\/#organization\"},\"image\":{\"@id\":\"https:\/\/siemysli-ke.info\/en\/czy-pomozemy-emigrantom\/#primaryimage\"},\"thumbnailUrl\":\"https:\/\/siemysli-ke.info\/wp-content\/uploads\/2015\/09\/7b55dda3-43ea-4fc5-ba55-35cdf18f3c04.jpg\",\"keywords\":[\"al-Asad\",\"Anne Appelbaum\",\"Arabia Saudyjska\",\"breaking\",\"Damaszek\",\"Emigranci\",\"headline\",\"Islandia\",\"Izrael\",\"Katar\",\"Komisja Europejska\",\"Kuwejt i Bajhran\",\"Madziarzy\",\"Palesty\u0144czycy\",\"pa\u0144stwa Europy \u015arodkowo-Wschodniej\",\"Polska\",\"prezydent Orban\",\"Roman Boryczko\",\"Syria\",\"UE\",\"W\u0119gry\",\"Wojciech Sadurski\",\"Zjednoczone Emiraty Arabskie\"],\"articleSection\":[\"Kultura\",\"Rzeczypospolita\"],\"inLanguage\":\"en-US\",\"potentialAction\":[{\"@type\":\"CommentAction\",\"name\":\"Comment\",\"target\":[\"https:\/\/siemysli-ke.info\/en\/czy-pomozemy-emigrantom\/#respond\"]}]},{\"@type\":\"WebPage\",\"@id\":\"https:\/\/siemysli-ke.info\/en\/czy-pomozemy-emigrantom\/\",\"url\":\"https:\/\/siemysli-ke.info\/en\/czy-pomozemy-emigrantom\/\",\"name\":\"Czy pomo\u017cemy emigrantom? - SI\u0118 MY\u015aLI\",\"isPartOf\":{\"@id\":\"https:\/\/siemysli-ke.info\/en\/#website\"},\"primaryImageOfPage\":{\"@id\":\"https:\/\/siemysli-ke.info\/en\/czy-pomozemy-emigrantom\/#primaryimage\"},\"image\":{\"@id\":\"https:\/\/siemysli-ke.info\/en\/czy-pomozemy-emigrantom\/#primaryimage\"},\"thumbnailUrl\":\"https:\/\/siemysli-ke.info\/wp-content\/uploads\/2015\/09\/7b55dda3-43ea-4fc5-ba55-35cdf18f3c04.jpg\",\"datePublished\":\"2015-09-06T11:12:19+00:00\",\"dateModified\":\"2015-09-06T23:33:24+00:00\",\"breadcrumb\":{\"@id\":\"https:\/\/siemysli-ke.info\/en\/czy-pomozemy-emigrantom\/#breadcrumb\"},\"inLanguage\":\"en-US\",\"potentialAction\":[{\"@type\":\"ReadAction\",\"target\":[[\"https:\/\/siemysli-ke.info\/en\/czy-pomozemy-emigrantom\/\"]]}]},{\"@type\":\"ImageObject\",\"inLanguage\":\"en-US\",\"@id\":\"https:\/\/siemysli-ke.info\/en\/czy-pomozemy-emigrantom\/#primaryimage\",\"url\":\"https:\/\/siemysli-ke.info\/wp-content\/uploads\/2015\/09\/7b55dda3-43ea-4fc5-ba55-35cdf18f3c04.jpg\",\"contentUrl\":\"https:\/\/siemysli-ke.info\/wp-content\/uploads\/2015\/09\/7b55dda3-43ea-4fc5-ba55-35cdf18f3c04.jpg\",\"width\":640,\"height\":360},{\"@type\":\"BreadcrumbList\",\"@id\":\"https:\/\/siemysli-ke.info\/en\/czy-pomozemy-emigrantom\/#breadcrumb\",\"itemListElement\":[{\"@type\":\"ListItem\",\"position\":1,\"name\":\"Home\",\"item\":\"https:\/\/siemysli-ke.info\/en\/\"},{\"@type\":\"ListItem\",\"position\":2,\"name\":\"Czy pomo\u017cemy emigrantom?\"}]},{\"@type\":\"WebSite\",\"@id\":\"https:\/\/siemysli-ke.info\/en\/#website\",\"url\":\"https:\/\/siemysli-ke.info\/en\/\",\"name\":\"SI\u0118 MY\u015aLI\",\"description\":\"\",\"publisher\":{\"@id\":\"https:\/\/siemysli-ke.info\/en\/#organization\"},\"potentialAction\":[{\"@type\":\"SearchAction\",\"target\":{\"@type\":\"EntryPoint\",\"urlTemplate\":\"https:\/\/siemysli-ke.info\/en\/?s={search_term_string}\"},\"query-input\":{\"@type\":\"PropertyValueSpecification\",\"valueRequired\":true,\"valueName\":\"search_term_string\"}}],\"inLanguage\":\"en-US\"},{\"@type\":\"Organization\",\"@id\":\"https:\/\/siemysli-ke.info\/en\/#organization\",\"name\":\"SI\u0118 MY\u015aLI\",\"url\":\"https:\/\/siemysli-ke.info\/en\/\",\"logo\":{\"@type\":\"ImageObject\",\"inLanguage\":\"en-US\",\"@id\":\"https:\/\/siemysli-ke.info\/en\/#\/schema\/logo\/image\/\",\"url\":\"https:\/\/siemysli-ke.info\/wp-content\/uploads\/2025\/05\/99.png\",\"contentUrl\":\"https:\/\/siemysli-ke.info\/wp-content\/uploads\/2025\/05\/99.png\",\"width\":270,\"height\":204,\"caption\":\"SI\u0118 MY\u015aLI\"},\"image\":{\"@id\":\"https:\/\/siemysli-ke.info\/en\/#\/schema\/logo\/image\/\"}},{\"@type\":\"Person\",\"@id\":\"https:\/\/siemysli-ke.info\/#\/schema\/person\/66d741fa745a44f2fe46d112bc6499f2\",\"name\":\"Jaromir\",\"image\":{\"@type\":\"ImageObject\",\"inLanguage\":\"en-US\",\"@id\":\"https:\/\/siemysli-ke.info\/en\/#\/schema\/person\/image\/\",\"url\":\"https:\/\/secure.gravatar.com\/avatar\/fe881559e8ac8dda20293e9e8317d4678c6ad8f65f85a9ce5e1a87cee56b6198?s=96&d=mm&r=g\",\"contentUrl\":\"https:\/\/secure.gravatar.com\/avatar\/fe881559e8ac8dda20293e9e8317d4678c6ad8f65f85a9ce5e1a87cee56b6198?s=96&d=mm&r=g\",\"caption\":\"Jaromir\"},\"url\":\"https:\/\/siemysli-ke.info\/en\/author\/jaromir\/\"}]}<\/script>\n<!-- \/ Yoast SEO plugin. -->","yoast_head_json":{"title":"Czy pomo\u017cemy emigrantom? - SI\u0118 MY\u015aLI","robots":{"index":"index","follow":"follow","max-snippet":"max-snippet:-1","max-image-preview":"max-image-preview:large","max-video-preview":"max-video-preview:-1"},"canonical":"https:\/\/siemysli-ke.info\/en\/czy-pomozemy-emigrantom\/","og_locale":"en_US","og_type":"article","og_title":"Czy pomo\u017cemy emigrantom? - SI\u0118 MY\u015aLI","og_description":"Od wielu dni czo\u0142\u00f3wki wiadomo\u015bci zdobi\u0105 koszmarne obrazy t\u0142um\u00f3w, kt\u00f3re jak fala przelewaj\u0105 si\u0119 przez kolejne granice &#8211; pocz\u0105wszy od","og_url":"https:\/\/siemysli-ke.info\/en\/czy-pomozemy-emigrantom\/","og_site_name":"SI\u0118 MY\u015aLI","article_published_time":"2015-09-06T11:12:19+00:00","article_modified_time":"2015-09-06T23:33:24+00:00","og_image":[{"width":640,"height":360,"url":"https:\/\/siemysli-ke.info\/wp-content\/uploads\/2015\/09\/7b55dda3-43ea-4fc5-ba55-35cdf18f3c04.jpg","type":"image\/jpeg"}],"author":"Jaromir","twitter_misc":{"Written by":"Jaromir","Est. reading time":"13 minutes"},"schema":{"@context":"https:\/\/schema.org","@graph":[{"@type":"Article","@id":"https:\/\/siemysli-ke.info\/en\/czy-pomozemy-emigrantom\/#article","isPartOf":{"@id":"https:\/\/siemysli-ke.info\/en\/czy-pomozemy-emigrantom\/"},"author":{"name":"Jaromir","@id":"https:\/\/siemysli-ke.info\/#\/schema\/person\/66d741fa745a44f2fe46d112bc6499f2"},"headline":"Czy pomo\u017cemy emigrantom?","datePublished":"2015-09-06T11:12:19+00:00","dateModified":"2015-09-06T23:33:24+00:00","mainEntityOfPage":{"@id":"https:\/\/siemysli-ke.info\/en\/czy-pomozemy-emigrantom\/"},"wordCount":2597,"commentCount":1,"publisher":{"@id":"https:\/\/siemysli-ke.info\/#organization"},"image":{"@id":"https:\/\/siemysli-ke.info\/en\/czy-pomozemy-emigrantom\/#primaryimage"},"thumbnailUrl":"https:\/\/siemysli-ke.info\/wp-content\/uploads\/2015\/09\/7b55dda3-43ea-4fc5-ba55-35cdf18f3c04.jpg","keywords":["al-Asad","Anne Appelbaum","Arabia Saudyjska","breaking","Damaszek","Emigranci","headline","Islandia","Izrael","Katar","Komisja Europejska","Kuwejt i Bajhran","Madziarzy","Palesty\u0144czycy","pa\u0144stwa Europy \u015arodkowo-Wschodniej","Polska","prezydent Orban","Roman Boryczko","Syria","UE","W\u0119gry","Wojciech Sadurski","Zjednoczone Emiraty Arabskie"],"articleSection":["Kultura","Rzeczypospolita"],"inLanguage":"en-US","potentialAction":[{"@type":"CommentAction","name":"Comment","target":["https:\/\/siemysli-ke.info\/en\/czy-pomozemy-emigrantom\/#respond"]}]},{"@type":"WebPage","@id":"https:\/\/siemysli-ke.info\/en\/czy-pomozemy-emigrantom\/","url":"https:\/\/siemysli-ke.info\/en\/czy-pomozemy-emigrantom\/","name":"Czy pomo\u017cemy emigrantom? - SI\u0118 MY\u015aLI","isPartOf":{"@id":"https:\/\/siemysli-ke.info\/en\/#website"},"primaryImageOfPage":{"@id":"https:\/\/siemysli-ke.info\/en\/czy-pomozemy-emigrantom\/#primaryimage"},"image":{"@id":"https:\/\/siemysli-ke.info\/en\/czy-pomozemy-emigrantom\/#primaryimage"},"thumbnailUrl":"https:\/\/siemysli-ke.info\/wp-content\/uploads\/2015\/09\/7b55dda3-43ea-4fc5-ba55-35cdf18f3c04.jpg","datePublished":"2015-09-06T11:12:19+00:00","dateModified":"2015-09-06T23:33:24+00:00","breadcrumb":{"@id":"https:\/\/siemysli-ke.info\/en\/czy-pomozemy-emigrantom\/#breadcrumb"},"inLanguage":"en-US","potentialAction":[{"@type":"ReadAction","target":[["https:\/\/siemysli-ke.info\/en\/czy-pomozemy-emigrantom\/"]]}]},{"@type":"ImageObject","inLanguage":"en-US","@id":"https:\/\/siemysli-ke.info\/en\/czy-pomozemy-emigrantom\/#primaryimage","url":"https:\/\/siemysli-ke.info\/wp-content\/uploads\/2015\/09\/7b55dda3-43ea-4fc5-ba55-35cdf18f3c04.jpg","contentUrl":"https:\/\/siemysli-ke.info\/wp-content\/uploads\/2015\/09\/7b55dda3-43ea-4fc5-ba55-35cdf18f3c04.jpg","width":640,"height":360},{"@type":"BreadcrumbList","@id":"https:\/\/siemysli-ke.info\/en\/czy-pomozemy-emigrantom\/#breadcrumb","itemListElement":[{"@type":"ListItem","position":1,"name":"Home","item":"https:\/\/siemysli-ke.info\/en\/"},{"@type":"ListItem","position":2,"name":"Czy pomo\u017cemy emigrantom?"}]},{"@type":"WebSite","@id":"https:\/\/siemysli-ke.info\/en\/#website","url":"https:\/\/siemysli-ke.info\/en\/","name":"SI\u0118 MY\u015aLI","description":"","publisher":{"@id":"https:\/\/siemysli-ke.info\/en\/#organization"},"potentialAction":[{"@type":"SearchAction","target":{"@type":"EntryPoint","urlTemplate":"https:\/\/siemysli-ke.info\/en\/?s={search_term_string}"},"query-input":{"@type":"PropertyValueSpecification","valueRequired":true,"valueName":"search_term_string"}}],"inLanguage":"en-US"},{"@type":"Organization","@id":"https:\/\/siemysli-ke.info\/en\/#organization","name":"SI\u0118 MY\u015aLI","url":"https:\/\/siemysli-ke.info\/en\/","logo":{"@type":"ImageObject","inLanguage":"en-US","@id":"https:\/\/siemysli-ke.info\/en\/#\/schema\/logo\/image\/","url":"https:\/\/siemysli-ke.info\/wp-content\/uploads\/2025\/05\/99.png","contentUrl":"https:\/\/siemysli-ke.info\/wp-content\/uploads\/2025\/05\/99.png","width":270,"height":204,"caption":"SI\u0118 MY\u015aLI"},"image":{"@id":"https:\/\/siemysli-ke.info\/en\/#\/schema\/logo\/image\/"}},{"@type":"Person","@id":"https:\/\/siemysli-ke.info\/#\/schema\/person\/66d741fa745a44f2fe46d112bc6499f2","name":"Jaromir","image":{"@type":"ImageObject","inLanguage":"en-US","@id":"https:\/\/siemysli-ke.info\/en\/#\/schema\/person\/image\/","url":"https:\/\/secure.gravatar.com\/avatar\/fe881559e8ac8dda20293e9e8317d4678c6ad8f65f85a9ce5e1a87cee56b6198?s=96&d=mm&r=g","contentUrl":"https:\/\/secure.gravatar.com\/avatar\/fe881559e8ac8dda20293e9e8317d4678c6ad8f65f85a9ce5e1a87cee56b6198?s=96&d=mm&r=g","caption":"Jaromir"},"url":"https:\/\/siemysli-ke.info\/en\/author\/jaromir\/"}]}},"_links":{"self":[{"href":"https:\/\/siemysli-ke.info\/en\/wp-json\/wp\/v2\/posts\/16831","targetHints":{"allow":["GET"]}}],"collection":[{"href":"https:\/\/siemysli-ke.info\/en\/wp-json\/wp\/v2\/posts"}],"about":[{"href":"https:\/\/siemysli-ke.info\/en\/wp-json\/wp\/v2\/types\/post"}],"author":[{"embeddable":true,"href":"https:\/\/siemysli-ke.info\/en\/wp-json\/wp\/v2\/users\/7"}],"replies":[{"embeddable":true,"href":"https:\/\/siemysli-ke.info\/en\/wp-json\/wp\/v2\/comments?post=16831"}],"version-history":[{"count":0,"href":"https:\/\/siemysli-ke.info\/en\/wp-json\/wp\/v2\/posts\/16831\/revisions"}],"wp:featuredmedia":[{"embeddable":true,"href":"https:\/\/siemysli-ke.info\/en\/wp-json\/wp\/v2\/media\/16834"}],"wp:attachment":[{"href":"https:\/\/siemysli-ke.info\/en\/wp-json\/wp\/v2\/media?parent=16831"}],"wp:term":[{"taxonomy":"category","embeddable":true,"href":"https:\/\/siemysli-ke.info\/en\/wp-json\/wp\/v2\/categories?post=16831"},{"taxonomy":"post_tag","embeddable":true,"href":"https:\/\/siemysli-ke.info\/en\/wp-json\/wp\/v2\/tags?post=16831"}],"curies":[{"name":"wp","href":"https:\/\/api.w.org\/{rel}","templated":true}]}}