 {"id":16719,"date":"2015-08-28T17:55:06","date_gmt":"2015-08-28T15:55:06","guid":{"rendered":"http:\/\/www.siemysli.info.ke\/?p=16719"},"modified":"2015-09-02T22:45:52","modified_gmt":"2015-09-02T20:45:52","slug":"glodni-u-bram-europy","status":"publish","type":"post","link":"https:\/\/siemysli-ke.info\/en\/glodni-u-bram-europy\/","title":{"rendered":"G\u0142odni u bram Europy"},"content":{"rendered":"<p style=\"text-align: justify;\" align=\"left\"><a href=\"http:\/\/www.siemysli.info.ke\/wp-content\/uploads\/2015\/08\/756631_netepa04397258_34.jpg\" rel=\"lightbox[16719]\"><img decoding=\"async\" class=\"alignleft size-medium wp-image-16720\" src=\"http:\/\/www.siemysli.info.ke\/wp-content\/uploads\/2015\/08\/756631_netepa04397258_34-300x200.jpg\" alt=\"756631_netepa04397258_34\" width=\"300\" height=\"200\" srcset=\"https:\/\/siemysli-ke.info\/wp-content\/uploads\/2015\/08\/756631_netepa04397258_34-300x200.jpg 300w, https:\/\/siemysli-ke.info\/wp-content\/uploads\/2015\/08\/756631_netepa04397258_34.jpg 650w\" sizes=\"(max-width: 300px) 100vw, 300px\" \/><\/a>Prezydent RP &#8211; Andrzej Duda &#8211; pytany w wywiadzie telewizyjnym o problem migracji uchod\u017ac\u00f3w wspomnia\u0142, \u017ce Polska \u00f3w tykaj\u0105cy problem ma tu\u017c za swoimi granicami. Ukrai\u0144ski prezydent Poroszenko odni\u00f3s\u0142 si\u0119 bardzo opryskliwie do propozycji naszej g\u0142owy pa\u0144stwa co do zwi\u0119kszenia formatu negocjacji pokojowych o kraje ba\u0142tyckie, Polsk\u0119 i USA &#8211; by konflikt ze zbuntowanymi republikami na wschodzie pa\u0144stwa definitywnie zakonczy\u0107. M\u00f3wienie o ukrai\u0144skich uchod\u017acach w obliczu koncentracji ukrai\u0144skich i rosyjskich wojsk w rejonie Noworosji, nie jest s\u0142owem rzuconym na wiatr. Wojna wisi na w\u0142osku i by\u0107 mo\u017ce wypowied\u017a polskiego prezydenta jest tylko wskazaniem tego, o czym si\u0119 m\u00f3wi na europejskich salonach. Polska nie jest celem tych setek tysi\u0119cy zdrowych m\u0142odych m\u0119\u017cczyzn i kobiet jako wy\u015bniony raj &#8211; Polska jest tylko przystankiem na drodze do innych pa\u0144stw bogatej Unii. Coraz cz\u0119\u015bciej przemytnicy, wioz\u0105cy uciekinier\u00f3w drog\u0105 l\u0105dow\u0105, nie cofaj\u0105 si\u0119 przed niczym. \u017bycie ludzi, szmuglowanych czasem miesi\u0105cami, zale\u017cy tylko i wy\u0142\u0105cznie od uczciwo\u015bci siatki przemytniczej. Koszty &#8211; si\u0119gaj\u0105ce niemal kilkana\u015bcie tysi\u0119cy \u00a0&#8211; kusz\u0105 te\u017c pospolitych morderc\u00f3w i przest\u0119pc\u00f3w. W Austrii tamtejsza policja dokona\u0142a makabrycznego odkrycia w samochodzie, zaparkowanym mi\u0119dzy Neusiedl i Parndorf przy autostradzie A4. Najprawdopodobniej zamkni\u0119ci w ci\u0119\u017car\u00f3wce ludzie udusili si\u0119, a kierowca uciek\u0142, gdy zorientowa\u0142 si\u0119, co si\u0119 sta\u0142o. 50 ludzi, uduszonych w drodze po lepsze jutro.<\/p>\n<p style=\"text-align: justify;\" align=\"left\">Ka\u017cdego dnia Europa szturmowana jest przez tysi\u0105ce emigrant\u00f3w z miejsc, gdzie doskwiera im bieda, wojna lub prze\u015bladowania lokalnych dyktatur. Wi\u0119kszo\u015b\u0107 z nich jest muzu\u0142manami, kt\u00f3rzy nie otrzymuj\u0105 pomocy od swych bogatych braci w wierze w Kuwejcie, Bahrajnie czy Arabii Saudyjskiej &#8211; dostaj\u0105c z tych miejsc bezwzgl\u0119dny nakaz deportacji. W\u0119druj\u0105 tedy ku miejscom, gdzie mog\u0105 stara\u0107 si\u0119 o status uchod\u017acy, odpowiedni zasi\u0142ek i pomoc w nowym starcie. W Europie uchod\u017acy otrzymuj\u0105 dach nad g\u0142ow\u0105, ubranie, pieni\u0105dze, t\u0142umacza, adwokata&#8230; Gor\u0105ce lato sprzyja exodusowi &#8211; lecz jego skala przera\u017ca. W\u0142oskie s\u0142u\u017cby morskie co kilka dni dostaj\u0105 informacje o setkach dryfuj\u0105cych cia\u0142 czy dziesi\u0105tkach ponton\u00f3w lub prymitywnych kutr\u00f3w, dryfuj\u0105cych i czekaj\u0105cych na pomoc. Obecnie europejskie okr\u0119ty wojenne eskortuj\u0105 nielegalnych migrant\u00f3w, odprowadzaj\u0105c ich do najbli\u017cszego portu, gdzie s\u0105 oni zaopatrywani w jedzenie, picie, mieszkania i ankiet\u0119 &#8211; niezb\u0119dn\u0105 dla uzyskania statusu uchod\u017ac\u00f3w, aby mogli spokojnie j\u0105 wype\u0142ni\u0107. Droga do upragnionego portu jest jednak wys\u0142ana trupami tych, kt\u00f3rym si\u0119 nie uda\u0142o. Nie tylko wi\u0119c turkusowe wody i rajskie krajobrazy, jakich nie powstydzi\u0142yby si\u0119 najbardziej egzotyczne miejsca na \u015bwiecie. Taka jest Lampedusa, po\u0142o\u017cona mi\u0119dzy Malt\u0105 a Tunezj\u0105, zaledwie 100 km od wybrze\u017cy Afryki. W\u0142oska wyspa le\u017cy na trasie mi\u0119dzy Afryk\u0105 i Europ\u0105, przez co staje si\u0119 celem dla uciekinier\u00f3w z Czarnego L\u0105du.\u00a0 Ostatnia katastrofa statku na Morzu \u015ar\u00f3dziemnym poch\u0142on\u0119\u0142a 800 os\u00f3b. Niekt\u00f3re \u017ar\u00f3d\u0142a szacuj\u0105, \u017ce od pocz\u0105tku tego roku podczas przeprawy przez morze zgin\u0119\u0142o 1600 os\u00f3b, pr\u00f3buj\u0105cych dosta\u0107 si\u0119 do W\u0142och. Ju\u017c w 2011 roku miejscowe stowarzyszenie hotelarzy alarmowa\u0142o, i\u017c z powodu masowego nap\u0142ywu imigrant\u00f3w z Afryki P\u00f3\u0142nocnej i nieobecno\u015bci turyst\u00f3w, Lampedusa ponios\u0142a straty, por\u00f3wnywalne do kl\u0119ski \u017cywio\u0142owej. W ostatnich latach nasili\u0142 si\u0119 nap\u0142yw uciekinier\u00f3w z Libii. Tak naprawd\u0119 oba te kraje s\u0105 tranzytowymi dla uchod\u017ac\u00f3w z Mali, Gambii, Senegalu, Somalii, Erytrei czy Bangladeszu. \u00a0Ludzi tych powinni\u015bmy podzieli\u0107 na dwie podstawowe grupy. Jedna z nich to osoby, kt\u00f3re mog\u0105 ubiega\u0107 si\u0119 o nadanie statusu uchod\u017acy. \u00a0Zgodnie z prawem mi\u0119dzynarodowym, musz\u0105 oni potwierdzi\u0107, \u017ce potrzebuj\u0105 ochrony mi\u0119dzynarodowej przed prze\u015bladowaniem lub powa\u017cn\u0105 krzywd\u0105 we w\u0142asnym kraju. W tej grupie znajduj\u0105 si\u0119 Syryjczycy, osoby pochodz\u0105ce z Libii, z teren\u00f3w obj\u0119tych wojn\u0105 domow\u0105 czy z Republiki \u015arodkowoafryka\u0144skiej. Reszta uciekinier\u00f3w to emigracja ekonomiczna. Uciekinierzy wykupuj\u0105 miejsca na \u0142odziach, p\u0142yn\u0105cych do W\u0142och, zdaj\u0105c si\u0119 na \u0142ask\u0119 przemytnik\u00f3w. Uciekaj\u0105 czym si\u0119 da: kutrami, zdezelowanymi \u0142odziami&#8230; Za st\u0142oczenie na pok\u0142adzie kilkuset os\u00f3b mo\u017cna zarobi\u0107 oko\u0142o miliona euro. Droga szmuglu przez rejon W\u0142och sta\u0142a si\u0119 ostatnio dla przemytnik\u00f3w bardzo trudna. Wybieraj\u0105 wi\u0119c drog\u0119 przez Balkany i W\u0119gry do Austrii czy Niemiec. Kolejna trasa przemytu fali emigrant\u00f3w wiedzie przez Grecj\u0119. Na greckiej wyspie Kos, popularnym do niedawna celu turystycznych wycieczek, imigranci (z pa\u0144stw Afryki P\u00f3\u0142nocnej i Bliskiego Wschodu) od d\u0142u\u017cszego czasu atakuj\u0105 policj\u0119, \u017c\u0105daj\u0105c opieki, jedzenia i schronienia. Burmistrz wyspy, Jorgos Kiritsis zaapelowa\u0142 do rz\u0105du o natychmiastow\u0105 interwencj\u0119 i ostrzeg\u0142, i\u017c na wyspie mo\u017ce si\u0119 pola\u0107 krew. Kiritsis ju\u017c kilkakrotnie apelowa\u0142 do greckich w\u0142adz w sprawie pog\u0142\u0119biaj\u0105cego si\u0119 problemu z uchod\u017acami. Wyspa Kos s\u0142ynie z pi\u0119knych pla\u017c, przyjaznych ludzi i znakomitej zabawy, kt\u00f3ra toczy si\u0119 niekiedy do p\u00f3\u017anych godzin. Mieszka\u0144cy nie maj\u0105 innych \u017ar\u00f3de\u0142 dochodu &#8211; ich \u017cycie zale\u017cy od obfitego sezonu turystycznego. Je\u015bli imigranci go\u015bci odstrasz\u0105 &#8211; dojdzie do tragedii i upadku tej jedynej dla lokalnej spo\u0142eczno\u015bci ga\u0142\u0119zi zarobku. Na wyspie przebywa obecnie oko\u0142o 7 tysi\u0119cy nielegalnych imigrant\u00f3w, a codziennie od 600 do 800 nowych os\u00f3b przyp\u0142ywa na pontonach od strony Turcji.\u00a0 Ci, kt\u00f3rym uda\u0142o si\u0119 dotrze\u0107 do celu, cz\u0119sto zamieszkuj\u0105 pla\u017ce i skwery oraz opuszczone budynki. Reporterka polskiej stacji TVN rozmawia\u0142a z lud\u017ami, kt\u00f3rym uda\u0142o si\u0119 dotrze\u0107 na wysp\u0119. Dziel\u0105 si\u0119 oni na tych, kt\u00f3rzy przybyli tam z Syrii i Libii, gdzie prowadzili biznesy i maj\u0105 wykszta\u0142cenie oraz na niepi\u015bmiennych z pa\u0144stw Afryki oraz cz\u0142onk\u00f3w grup przest\u0119pczych, kt\u00f3rzy na wyspie Kos mieszkaj\u0105 w hotelach i jedz\u0105 w restauracjach &#8211; s\u0105 dobrze ubrani i nosz\u0105 z\u0142ot\u0105 bi\u017cuteri\u0119. Miejsca, gdzie zamieszkuj\u0105 imigranci, s\u0105 bardzo zanieczyszczone, wr\u0119cz za\u015bmiecone. Nikt nie zwraca na to uwagi &#8211; koczuj\u0105 tam jak zwierz\u0119ta. Ludzka masa jak fala prze do przodu, szukaj\u0105c bezpiecznego azylu. Kolejne kraje, b\u0119d\u0105ce przystankami, nie radz\u0105 sobie z t\u0105 katastrof\u0105 humanitarn\u0105. W ostatnich tygodniach Macedonia zalewana jest przez uchod\u017ac\u00f3w przede wszystkim z Bliskiego Wschodu, Afryki i Azji, w\u015br\u00f3d kt\u00f3rych jest wielu Syryjczyk\u00f3w. Jeszcze w maju na terytorium tego kraju stara\u0142o si\u0119 dotrze\u0107 ok. 200 os\u00f3b dziennie, dzi\u015b sytuacja jest o wiele bardziej dramatyczna, gdy\u017c liczba ta zwi\u0119kszy\u0142a si\u0119 nawet dziesi\u0119ciokrotnie. Maj\u0105 oni jeden cel \u2013 dotrze\u0107 do pozbawionej granic strefy Schengen, co pozwala na staranie si\u0119 o azyl i \u017cycie na Zachodzie. Aby to osi\u0105gn\u0105\u0107, musz\u0105 przedosta\u0107 si\u0119 przez Macedoni\u0119 i Serbi\u0119 na W\u0119gry. Wydarzenia na granicy grecko-macedo\u0144skiej pokazuj\u0105 z jak bezwzgl\u0119dnym cynizmem ze strony cz\u0119\u015bci imigrant\u00f3w mamy do czynienia, ot\u00f3\u017c ci ludzie nie wahaj\u0105 si\u0119 wystawi\u0107 dzieci i kobiet z dzie\u0107mi na r\u0119kach naprzeciwko szpaleru policji porz\u0105dkowej. Macedo\u0144skie w\u0142adze wprowadzi\u0142y stan wyj\u0105tkowy na dw\u00f3ch odcinkach granicy \u2013 na 50-kilometrowym pasie zacz\u0119\u0142y jej pilnowa\u0107 wojsko i policja. To spowodowa\u0142o, \u017ce z Grecji na terytorium Macedonii nie mog\u0142o przej\u015b\u0107 oko\u0142o 3 tys. uciekinier\u00f3w, W\u0119grzy pozbawieni pomocy ze strony struktur UE chc\u0105 zamkn\u0105\u0107 \u00a0granic\u0119\u00a0 na d\u0142ugo\u015bci 175 kilometr\u00f3w. Rz\u0105d w\u0119gierski nakaza\u0142 ministrowi spraw wewn\u0119trznych fizyczne zamkni\u0119cie granicy z Serbi\u0105.\u00a0 Liczba uchod\u017ac\u00f3w, kt\u00f3rzy znale\u017ali si\u0119 na terytorium W\u0119gier, wzros\u0142a z dw\u00f3ch tysi\u0119cy w 2012 roku do 54 tys. w tym roku, co sprawia, \u017ce kraj ten jest na drugim miejscu w Unii Europejskiej (po Szwecji) pod wzgl\u0119dem liczby przyjmowanych uchod\u017ac\u00f3w w stosunku do liczby ludno\u015bci a ka\u017cdego dnia nowych uciekinier\u00f3w pojawiaj\u0105 si\u0119 tysi\u0105ce. Wed\u0142ug w\u0119gierskich w\u0142adz 95 proc. uchod\u017ac\u00f3w przedostaje si\u0119 przez granic\u0119 z Serbi\u0105, kt\u00f3ra nie jest cz\u0142onkiem UE.\u00a0 Je\u015bli ta droga przez budowany przez W\u0119gr\u00f3w graniczny mur zostanie odci\u0119ta, uciekinierzy p\u00f3jd\u0105 drog\u0105 przez Ukrain\u0119 \u00a0Bia\u0142oru\u015b i Polsk\u0119. To biznes, a ci, kt\u00f3rzy decyduj\u0105 si\u0119 na t\u0119 drog\u0119 nie s\u0105 biedakami. Pojawiaj\u0105 si\u0119 w\u015br\u00f3d niezale\u017cnych medi\u00f3w\u00a0 g\u0142osy,\u00a0 \u017ce ten gigantyczny eksodus jest sponsorowany, st\u0105d jego rozmiar.\u00a0 Przemytnicy \u017c\u0105daj\u0105 horrendalnych sum od migrant\u00f3w. &#8220;Warunki podczas podr\u00f3\u017cy s\u0105 z\u0142e, ale mimo to koszt przerzutu to od 7000 do 14 000 euro, zale\u017cnie od regionu i organizacji przemytniczej\u201d &#8211; pisz\u0105 Austriacy sugeruj\u0105c, i\u017c USA maczaj\u0105 palce w przemycie, realizuj\u0105c swoje geostrategiczne cele.<\/p>\n<p style=\"text-align: justify;\" align=\"left\">Obecnie same Niemcy, mimo protest\u00f3w spo\u0142ecznych i wzrostu ksenofobii i wybryk\u00f3w neonazistowskich (NPD), deklaruj\u0105 przyj\u0119cie w tym roku 800 tysi\u0119cy emigrant\u00f3w, lokowanych napr\u0119dce w miejscach tymczasowych (nieczynnych marketach, pustostanach itp.). Dzi\u0119ki decyzji Niemieckiego Federalnego Urz\u0119du do Spraw Migracji i Uchod\u017ac\u00f3w (BAMF), RFN sta\u0142a si\u0119 pierwszym unijnym krajem, kt\u00f3ry upro\u015bci\u0142 proces azylancki dla syryjskich imigrant\u00f3w. Chodzi o z\u0142amanie tzw. zasady Dublin II, \u00a0gwarantuj\u0105cej, \u017ce rozpatrywanie wniosku spoczywa na pierwszym pa\u0144stwie, kt\u00f3rego granic\u0119 przekroczy\u0142 uchod\u017aca.<\/p>\n<p style=\"text-align: justify;\">Niemcy zmagaj\u0105 si\u0119 z rekordow\u0105 fal\u0105 przybysz\u00f3w. Szacuje si\u0119, \u017ce w tym roku do RFN przyb\u0119dzie blisko 800 tysi\u0119cy os\u00f3b, ubiegaj\u0105cych si\u0119 o azyl. Kanclerz Anielica Merkel wezwa\u0142a do wzi\u0119cia odpowiedzialno\u015bci za problem uchod\u017ac\u00f3w, za\u015b rzeczniczka Komisji Europejskiej, Natasha Bertaud, pochwali\u0142a zmian\u0119 prawa niemieckiego i przyzna\u0142a, i\u017c nie mo\u017cna w obecnej sytuacji pozostawi\u0107 kraj\u00f3w, maj\u0105cych zewn\u0119trzne granice Wsp\u00f3lnoty, bez pomocy.<\/p>\n<p style=\"text-align: justify;\" align=\"left\">44,5 tysi\u0105ca Syryjczyk\u00f3w wyst\u0105pi\u0142o o azyl w Niemczech w pierwszych siedmiu miesi\u0105cach tego roku. Dla wi\u0119kszo\u015bci Niemcy nie by\u0142y pierwszym krajem wsp\u00f3lnoty. Procedura \u201eDublin II\u201d pozwoli\u0142by ich deportowa\u0107. Zmiana prawa oznacza, i\u017c wszystkie planowane deportacje zosta\u0142y anulowane. W Heidenau pod Dreznem zn\u00f3w dosz\u0142o do zamieszek przed o\u015brodkiem dla uchod\u017ac\u00f3w. Neonazi\u015bci starli si\u0119 tam z policj\u0105, obrzucaj\u0105c j\u0105 butelkami, kamieniami i petardami.<\/p>\n<p style=\"text-align: justify;\" align=\"left\">Tak samo sytuacja wygl\u0105da\u0142a, kiedy kilkaset os\u00f3b demonstrowa\u0142o pod przebudowan\u0105 na potrzeby uchod\u017ac\u00f3w hal\u0105, gdzie dawniej sprzedawano materia\u0142y budowlane. Akcj\u0119 protestacyjn\u0105 zorganizowa\u0142a skrajnie prawicowa NPD. Sytuacja zaostrzy\u0142a si\u0119 kilka godzin p\u00f3\u017aniej, kiedy grupa kilkudziesi\u0119ciu agresywnych demonstrant\u00f3w zablokowa\u0142a drog\u0119 krajow\u0105 nr 172, prowadz\u0105c\u0105 do marketu. Manifestanci skandowali rasistowskie has\u0142a. Na sytuacj\u0119 zareagowali lokalni antyfaszy\u015bci, organizuj\u0105c w\u0142asn\u0105 demonstracj\u0119 pod has\u0142ami pro-imigranckimi, kt\u00f3ra zgromadzi\u0142a kilkaset os\u00f3b. Jako zwolennicy has\u0142a, \u017ce \u201enikt nie jest nielegalny\u201d, zmagaj\u0105 si\u0119 dzi\u015b z tward\u0105 rzeczywisto\u015bci\u0105 spo\u0142ecznej niech\u0119ci. Fala nienawi\u015bci pod adresem imigrant\u00f3w nadal ro\u015bnie. W ostatnich miesi\u0105cach wielokrotnie dochodzi\u0142o do zamach\u00f3w na schroniska dla azylant\u00f3w. Podk\u0142adano w nich ogie\u0144, z regu\u0142y na kr\u00f3tko przed wprowadzeniem si\u0119 pierwszych uchod\u017ac\u00f3w.<\/p>\n<p style=\"text-align: justify;\" align=\"left\">W nocy z 12. na 13. sierpnia w Niederstedem, wiosce w g\u00f3rach Eifel, nieznani sprawcy podpalili schronisko dla uchod\u017ac\u00f3w.<\/p>\n<p style=\"text-align: justify;\" align=\"left\">Zupe\u0142nie inaczej sytuacja wygl\u0105da w Wielkiej Brytanii. Rz\u0105d Dawida Camerona og\u0142osi\u0142, i\u017c ludzie, kt\u00f3rzy pracuj\u0105 w kraju nielegalnie, mog\u0105 trafi\u0107 do wi\u0119zienia nawet na sze\u015b\u0107 miesi\u0119cy. Nowe, \u00a0represyjne prawo, przygotowywane przez konserwatyst\u00f3w, dotknie r\u00f3wnie\u017c przedsi\u0119biorc\u00f3w, kt\u00f3rzy b\u0119d\u0105 ich zatrudnia\u0107. Torysi twierdz\u0105, i\u017c do ich kraju trafiaj\u0105 g\u0142ownie migranci ekonomiczni. W zesz\u0142ym tygodniu Wielka Brytania i Francja og\u0142osi\u0142y zwi\u0119kszenie \u201e\u015brodk\u00f3w bezpiecze\u0144stwa\u201d, maj\u0105cych pom\u00f3c w zatrzymaniu tysi\u0119cy ludzi, mieszkaj\u0105cych w prowizortycznych obozach w Calais, a chc\u0105cych dosta\u0107 si\u0119 do Wielkiej Brytanii przez Eurotunel, \u00a0szturmuj\u0105cych \u00a0ci\u0119\u017car\u00f3wki czy terroryzuj\u0105cych zwyk\u0142ych podr\u00f3\u017cnych.<\/p>\n<p style=\"text-align: justify;\" align=\"left\">Wy\u015bniony raj tej fali emigrant\u00f3w &#8211; Szwecja &#8211; dzi\u015b zmaga si\u0119 z wielkim problemem nadmiernej politycznej poprawno\u015bci. Sowite zasi\u0142ki, system socjalny i wielkie pob\u0142a\u017canie wobec odrzucenia przez &#8220;nowych&#8221; mo\u017cliwo\u015bci asymilacji &#8211; zrodzi\u0142o problem przest\u0119pczo\u015bci. Liczba przest\u0119pstw, dokonywanych przy u\u017cyciu si\u0142y, wzros\u0142a tam o 300 proc., natomiast liczba gwa\u0142t\u00f3w a\u017c o 1472 proc.! Pod wzgl\u0119dem liczby gwa\u0142t\u00f3w na 100 tys. mieszka\u0144c\u00f3w Szwecja AD 2015 ust\u0119puje jedynie pa\u0144stewku Lesotho w po\u0142udniowej Afryce.W 1975 roku populacja Szwecji wynosi\u0142a 8,2 mln os\u00f3b. W ci\u0105gu nast\u0119pnych 40 lat uros\u0142a (dzi\u0119ki emigracji) do 9,7 mln os\u00f3b. Co czwarta osoba w Szwecji \u017cyje na garnuszku tamtejszego systemu opieki. Pa\u0144stwo szwedzkie, stoj\u0105c na stra\u017cy idea\u0142\u00f3w antyrasistowskich i socjalistycznych, w obronie zachowa\u0144 nagannych na w\u0142asnym \u0142onie wyhodowa\u0142o tendencje zgo\u0142a odwrotne. Szwedzi chc\u0105 u ster\u00f3w skrajnej prawicy!<\/p>\n<p style=\"text-align: justify;\" align=\"left\"><a href=\"http:\/\/www.siemysli.info.ke\/wp-content\/uploads\/2015\/08\/7d0801f964e43a472fe3b55570522ccaa6ca1c61.jpg\" rel=\"lightbox[16719]\"><img decoding=\"async\" class=\"alignleft size-medium wp-image-16793\" src=\"http:\/\/www.siemysli.info.ke\/wp-content\/uploads\/2015\/08\/7d0801f964e43a472fe3b55570522ccaa6ca1c61-300x221.jpg\" alt=\"7d0801f964e43a472fe3b55570522ccaa6ca1c61\" width=\"300\" height=\"221\" srcset=\"https:\/\/siemysli-ke.info\/wp-content\/uploads\/2015\/08\/7d0801f964e43a472fe3b55570522ccaa6ca1c61-300x221.jpg 300w, https:\/\/siemysli-ke.info\/wp-content\/uploads\/2015\/08\/7d0801f964e43a472fe3b55570522ccaa6ca1c61.jpg 623w\" sizes=\"(max-width: 300px) 100vw, 300px\" \/><\/a>Czy Europa ma przyj\u0105\u0107 ka\u017cdego, by si\u0119 nie narazi\u0107 na zarzut rasizmu? Bogate kraje Unii Europejskiej, toczone przez problem depopulacji, zasilane s\u0105 wykszta\u0142conymi, cz\u0119sto zamo\u017cnymi obywatelami, kt\u00f3rzy uciekli przed wojn\u0105 i uciskiem. <strong>Nikt jednak nie chce mierzy\u0107 si\u0119 z problemem eksodusu zarobkowego ludzi g\u0142odnych.<\/strong> Ile milion\u00f3w Afrykan\u00f3w, ile milion\u00f3w Arab\u00f3w, ile milion\u00f3w Afga\u0144czyk\u00f3w \u2013 mamy i mo\u017cemy przyj\u0105\u0107 w Europie? Co z tymi lud\u017ami zrobi\u0107 i kto w konsekwencji za przybysz\u00f3w zap\u0142aci?<\/p>\n<p style=\"text-align: justify;\" align=\"left\">Polska w tej szalonej sytuacji migracyjnej jest na szcz\u0119\u015bcie na ca\u0142kiem innym poziomie. Cho\u0107 podobno jeste\u015bmy cz\u0119\u015bci\u0105 &#8221;raju\u201d, to nikt w naszym <strong>piekle<\/strong> dobrowolnie mieszka\u0107 \u00a0nie chce\u2026<\/p>\n<p style=\"text-align: right;\" align=\"left\"><strong>Roman Boryczko<\/strong>,<\/p>\n<p style=\"text-align: right;\" align=\"left\">\u00a0<em>sierpie\u0144 2015<\/em><\/p>\n","protected":false},"excerpt":{"rendered":"<p>Prezydent RP &#8211; Andrzej Duda &#8211; pytany w wywiadzie telewizyjnym o problem migracji uchod\u017ac\u00f3w wspomnia\u0142, \u017ce Polska \u00f3w tykaj\u0105cy problem<\/p>\n","protected":false},"author":7,"featured_media":16720,"comment_status":"open","ping_status":"open","sticky":false,"template":"","format":"standard","meta":{"colormag_page_layout":"default_layout","footnotes":""},"categories":[7,6],"tags":[3049,3050,89,2409,3060,3051,92,3056,3058,3053,285,3057,3059,203,3061,3052,2048,871,425,3048,2398,3055,3054],"class_list":["post-16719","post","type-post","status-publish","format-standard","has-post-thumbnail","hentry","category-gospodarka","category-ue","tag-afrykanie","tag-arabowie","tag-breaking","tag-calais","tag-erytrea","tag-eurotunel","tag-headline","tag-jorgos-kiritsis","tag-lampedusa","tag-lesotho","tag-libia","tag-macedonia","tag-malta","tag-polska","tag-pomoc-uciekinierom","tag-prezydent-andrzej-duda","tag-rfn","tag-syria","tag-szwecja","tag-uchodzcy","tag-wegry","tag-wyspa-kos","tag-zasada-dublin-ii"],"yoast_head":"<!-- This site is optimized with the Yoast SEO plugin v25.1 - https:\/\/yoast.com\/wordpress\/plugins\/seo\/ -->\n<title>G\u0142odni u bram Europy - SI\u0118 MY\u015aLI<\/title>\n<meta name=\"robots\" content=\"index, follow, max-snippet:-1, max-image-preview:large, max-video-preview:-1\" \/>\n<link rel=\"canonical\" href=\"https:\/\/siemysli-ke.info\/en\/glodni-u-bram-europy\/\" \/>\n<meta property=\"og:locale\" content=\"en_US\" \/>\n<meta property=\"og:type\" content=\"article\" \/>\n<meta property=\"og:title\" content=\"G\u0142odni u bram Europy - SI\u0118 MY\u015aLI\" \/>\n<meta property=\"og:description\" content=\"Prezydent RP &#8211; Andrzej Duda &#8211; pytany w wywiadzie telewizyjnym o problem migracji uchod\u017ac\u00f3w wspomnia\u0142, \u017ce Polska \u00f3w tykaj\u0105cy problem\" \/>\n<meta property=\"og:url\" content=\"https:\/\/siemysli-ke.info\/en\/glodni-u-bram-europy\/\" \/>\n<meta property=\"og:site_name\" content=\"SI\u0118 MY\u015aLI\" \/>\n<meta property=\"article:published_time\" content=\"2015-08-28T15:55:06+00:00\" \/>\n<meta property=\"article:modified_time\" content=\"2015-09-02T20:45:52+00:00\" \/>\n<meta property=\"og:image\" content=\"https:\/\/siemysli-ke.info\/wp-content\/uploads\/2015\/08\/756631_netepa04397258_34.jpg\" \/>\n\t<meta property=\"og:image:width\" content=\"650\" \/>\n\t<meta property=\"og:image:height\" content=\"433\" \/>\n\t<meta property=\"og:image:type\" content=\"image\/jpeg\" \/>\n<meta name=\"author\" content=\"Jaromir\" \/>\n<meta name=\"twitter:label1\" content=\"Written by\" \/>\n\t<meta name=\"twitter:data1\" content=\"Jaromir\" \/>\n\t<meta name=\"twitter:label2\" content=\"Est. reading time\" \/>\n\t<meta name=\"twitter:data2\" content=\"11 minutes\" \/>\n<script type=\"application\/ld+json\" class=\"yoast-schema-graph\">{\"@context\":\"https:\/\/schema.org\",\"@graph\":[{\"@type\":\"Article\",\"@id\":\"https:\/\/siemysli-ke.info\/en\/glodni-u-bram-europy\/#article\",\"isPartOf\":{\"@id\":\"https:\/\/siemysli-ke.info\/en\/glodni-u-bram-europy\/\"},\"author\":{\"name\":\"Jaromir\",\"@id\":\"https:\/\/siemysli-ke.info\/#\/schema\/person\/66d741fa745a44f2fe46d112bc6499f2\"},\"headline\":\"G\u0142odni u bram Europy\",\"datePublished\":\"2015-08-28T15:55:06+00:00\",\"dateModified\":\"2015-09-02T20:45:52+00:00\",\"mainEntityOfPage\":{\"@id\":\"https:\/\/siemysli-ke.info\/en\/glodni-u-bram-europy\/\"},\"wordCount\":2284,\"commentCount\":5,\"publisher\":{\"@id\":\"https:\/\/siemysli-ke.info\/#organization\"},\"image\":{\"@id\":\"https:\/\/siemysli-ke.info\/en\/glodni-u-bram-europy\/#primaryimage\"},\"thumbnailUrl\":\"https:\/\/siemysli-ke.info\/wp-content\/uploads\/2015\/08\/756631_netepa04397258_34.jpg\",\"keywords\":[\"Afrykanie\",\"Arabowie\",\"breaking\",\"Calais\",\"Erytrea\",\"Eurotunel\",\"headline\",\"Jorgos Kiritsis\",\"Lampedusa\",\"Lesotho\",\"Libia\",\"Macedonia\",\"Malta\",\"Polska\",\"pomoc uciekinierom\",\"prezydent Andrzej Duda\",\"RFN\",\"Syria\",\"Szwecja\",\"uchod\u017acy\",\"W\u0119gry\",\"wyspa Kos\",\"zasada Dublin II\"],\"articleSection\":[\"Gospodarka i polityka\",\"Unia Europejska\"],\"inLanguage\":\"en-US\",\"potentialAction\":[{\"@type\":\"CommentAction\",\"name\":\"Comment\",\"target\":[\"https:\/\/siemysli-ke.info\/en\/glodni-u-bram-europy\/#respond\"]}]},{\"@type\":\"WebPage\",\"@id\":\"https:\/\/siemysli-ke.info\/en\/glodni-u-bram-europy\/\",\"url\":\"https:\/\/siemysli-ke.info\/en\/glodni-u-bram-europy\/\",\"name\":\"G\u0142odni u bram Europy - SI\u0118 MY\u015aLI\",\"isPartOf\":{\"@id\":\"https:\/\/siemysli-ke.info\/en\/#website\"},\"primaryImageOfPage\":{\"@id\":\"https:\/\/siemysli-ke.info\/en\/glodni-u-bram-europy\/#primaryimage\"},\"image\":{\"@id\":\"https:\/\/siemysli-ke.info\/en\/glodni-u-bram-europy\/#primaryimage\"},\"thumbnailUrl\":\"https:\/\/siemysli-ke.info\/wp-content\/uploads\/2015\/08\/756631_netepa04397258_34.jpg\",\"datePublished\":\"2015-08-28T15:55:06+00:00\",\"dateModified\":\"2015-09-02T20:45:52+00:00\",\"breadcrumb\":{\"@id\":\"https:\/\/siemysli-ke.info\/en\/glodni-u-bram-europy\/#breadcrumb\"},\"inLanguage\":\"en-US\",\"potentialAction\":[{\"@type\":\"ReadAction\",\"target\":[[\"https:\/\/siemysli-ke.info\/en\/glodni-u-bram-europy\/\"]]}]},{\"@type\":\"ImageObject\",\"inLanguage\":\"en-US\",\"@id\":\"https:\/\/siemysli-ke.info\/en\/glodni-u-bram-europy\/#primaryimage\",\"url\":\"https:\/\/siemysli-ke.info\/wp-content\/uploads\/2015\/08\/756631_netepa04397258_34.jpg\",\"contentUrl\":\"https:\/\/siemysli-ke.info\/wp-content\/uploads\/2015\/08\/756631_netepa04397258_34.jpg\",\"width\":650,\"height\":433},{\"@type\":\"BreadcrumbList\",\"@id\":\"https:\/\/siemysli-ke.info\/en\/glodni-u-bram-europy\/#breadcrumb\",\"itemListElement\":[{\"@type\":\"ListItem\",\"position\":1,\"name\":\"Home\",\"item\":\"https:\/\/siemysli-ke.info\/en\/\"},{\"@type\":\"ListItem\",\"position\":2,\"name\":\"G\u0142odni u bram Europy\"}]},{\"@type\":\"WebSite\",\"@id\":\"https:\/\/siemysli-ke.info\/en\/#website\",\"url\":\"https:\/\/siemysli-ke.info\/en\/\",\"name\":\"SI\u0118 MY\u015aLI\",\"description\":\"\",\"publisher\":{\"@id\":\"https:\/\/siemysli-ke.info\/en\/#organization\"},\"potentialAction\":[{\"@type\":\"SearchAction\",\"target\":{\"@type\":\"EntryPoint\",\"urlTemplate\":\"https:\/\/siemysli-ke.info\/en\/?s={search_term_string}\"},\"query-input\":{\"@type\":\"PropertyValueSpecification\",\"valueRequired\":true,\"valueName\":\"search_term_string\"}}],\"inLanguage\":\"en-US\"},{\"@type\":\"Organization\",\"@id\":\"https:\/\/siemysli-ke.info\/en\/#organization\",\"name\":\"SI\u0118 MY\u015aLI\",\"url\":\"https:\/\/siemysli-ke.info\/en\/\",\"logo\":{\"@type\":\"ImageObject\",\"inLanguage\":\"en-US\",\"@id\":\"https:\/\/siemysli-ke.info\/en\/#\/schema\/logo\/image\/\",\"url\":\"https:\/\/siemysli-ke.info\/wp-content\/uploads\/2025\/05\/99.png\",\"contentUrl\":\"https:\/\/siemysli-ke.info\/wp-content\/uploads\/2025\/05\/99.png\",\"width\":270,\"height\":204,\"caption\":\"SI\u0118 MY\u015aLI\"},\"image\":{\"@id\":\"https:\/\/siemysli-ke.info\/en\/#\/schema\/logo\/image\/\"}},{\"@type\":\"Person\",\"@id\":\"https:\/\/siemysli-ke.info\/#\/schema\/person\/66d741fa745a44f2fe46d112bc6499f2\",\"name\":\"Jaromir\",\"image\":{\"@type\":\"ImageObject\",\"inLanguage\":\"en-US\",\"@id\":\"https:\/\/siemysli-ke.info\/en\/#\/schema\/person\/image\/\",\"url\":\"https:\/\/secure.gravatar.com\/avatar\/fe881559e8ac8dda20293e9e8317d4678c6ad8f65f85a9ce5e1a87cee56b6198?s=96&d=mm&r=g\",\"contentUrl\":\"https:\/\/secure.gravatar.com\/avatar\/fe881559e8ac8dda20293e9e8317d4678c6ad8f65f85a9ce5e1a87cee56b6198?s=96&d=mm&r=g\",\"caption\":\"Jaromir\"},\"url\":\"https:\/\/siemysli-ke.info\/en\/author\/jaromir\/\"}]}<\/script>\n<!-- \/ Yoast SEO plugin. -->","yoast_head_json":{"title":"G\u0142odni u bram Europy - SI\u0118 MY\u015aLI","robots":{"index":"index","follow":"follow","max-snippet":"max-snippet:-1","max-image-preview":"max-image-preview:large","max-video-preview":"max-video-preview:-1"},"canonical":"https:\/\/siemysli-ke.info\/en\/glodni-u-bram-europy\/","og_locale":"en_US","og_type":"article","og_title":"G\u0142odni u bram Europy - SI\u0118 MY\u015aLI","og_description":"Prezydent RP &#8211; Andrzej Duda &#8211; pytany w wywiadzie telewizyjnym o problem migracji uchod\u017ac\u00f3w wspomnia\u0142, \u017ce Polska \u00f3w tykaj\u0105cy problem","og_url":"https:\/\/siemysli-ke.info\/en\/glodni-u-bram-europy\/","og_site_name":"SI\u0118 MY\u015aLI","article_published_time":"2015-08-28T15:55:06+00:00","article_modified_time":"2015-09-02T20:45:52+00:00","og_image":[{"width":650,"height":433,"url":"https:\/\/siemysli-ke.info\/wp-content\/uploads\/2015\/08\/756631_netepa04397258_34.jpg","type":"image\/jpeg"}],"author":"Jaromir","twitter_misc":{"Written by":"Jaromir","Est. reading time":"11 minutes"},"schema":{"@context":"https:\/\/schema.org","@graph":[{"@type":"Article","@id":"https:\/\/siemysli-ke.info\/en\/glodni-u-bram-europy\/#article","isPartOf":{"@id":"https:\/\/siemysli-ke.info\/en\/glodni-u-bram-europy\/"},"author":{"name":"Jaromir","@id":"https:\/\/siemysli-ke.info\/#\/schema\/person\/66d741fa745a44f2fe46d112bc6499f2"},"headline":"G\u0142odni u bram Europy","datePublished":"2015-08-28T15:55:06+00:00","dateModified":"2015-09-02T20:45:52+00:00","mainEntityOfPage":{"@id":"https:\/\/siemysli-ke.info\/en\/glodni-u-bram-europy\/"},"wordCount":2284,"commentCount":5,"publisher":{"@id":"https:\/\/siemysli-ke.info\/#organization"},"image":{"@id":"https:\/\/siemysli-ke.info\/en\/glodni-u-bram-europy\/#primaryimage"},"thumbnailUrl":"https:\/\/siemysli-ke.info\/wp-content\/uploads\/2015\/08\/756631_netepa04397258_34.jpg","keywords":["Afrykanie","Arabowie","breaking","Calais","Erytrea","Eurotunel","headline","Jorgos Kiritsis","Lampedusa","Lesotho","Libia","Macedonia","Malta","Polska","pomoc uciekinierom","prezydent Andrzej Duda","RFN","Syria","Szwecja","uchod\u017acy","W\u0119gry","wyspa Kos","zasada Dublin II"],"articleSection":["Gospodarka i polityka","Unia Europejska"],"inLanguage":"en-US","potentialAction":[{"@type":"CommentAction","name":"Comment","target":["https:\/\/siemysli-ke.info\/en\/glodni-u-bram-europy\/#respond"]}]},{"@type":"WebPage","@id":"https:\/\/siemysli-ke.info\/en\/glodni-u-bram-europy\/","url":"https:\/\/siemysli-ke.info\/en\/glodni-u-bram-europy\/","name":"G\u0142odni u bram Europy - SI\u0118 MY\u015aLI","isPartOf":{"@id":"https:\/\/siemysli-ke.info\/en\/#website"},"primaryImageOfPage":{"@id":"https:\/\/siemysli-ke.info\/en\/glodni-u-bram-europy\/#primaryimage"},"image":{"@id":"https:\/\/siemysli-ke.info\/en\/glodni-u-bram-europy\/#primaryimage"},"thumbnailUrl":"https:\/\/siemysli-ke.info\/wp-content\/uploads\/2015\/08\/756631_netepa04397258_34.jpg","datePublished":"2015-08-28T15:55:06+00:00","dateModified":"2015-09-02T20:45:52+00:00","breadcrumb":{"@id":"https:\/\/siemysli-ke.info\/en\/glodni-u-bram-europy\/#breadcrumb"},"inLanguage":"en-US","potentialAction":[{"@type":"ReadAction","target":[["https:\/\/siemysli-ke.info\/en\/glodni-u-bram-europy\/"]]}]},{"@type":"ImageObject","inLanguage":"en-US","@id":"https:\/\/siemysli-ke.info\/en\/glodni-u-bram-europy\/#primaryimage","url":"https:\/\/siemysli-ke.info\/wp-content\/uploads\/2015\/08\/756631_netepa04397258_34.jpg","contentUrl":"https:\/\/siemysli-ke.info\/wp-content\/uploads\/2015\/08\/756631_netepa04397258_34.jpg","width":650,"height":433},{"@type":"BreadcrumbList","@id":"https:\/\/siemysli-ke.info\/en\/glodni-u-bram-europy\/#breadcrumb","itemListElement":[{"@type":"ListItem","position":1,"name":"Home","item":"https:\/\/siemysli-ke.info\/en\/"},{"@type":"ListItem","position":2,"name":"G\u0142odni u bram Europy"}]},{"@type":"WebSite","@id":"https:\/\/siemysli-ke.info\/en\/#website","url":"https:\/\/siemysli-ke.info\/en\/","name":"SI\u0118 MY\u015aLI","description":"","publisher":{"@id":"https:\/\/siemysli-ke.info\/en\/#organization"},"potentialAction":[{"@type":"SearchAction","target":{"@type":"EntryPoint","urlTemplate":"https:\/\/siemysli-ke.info\/en\/?s={search_term_string}"},"query-input":{"@type":"PropertyValueSpecification","valueRequired":true,"valueName":"search_term_string"}}],"inLanguage":"en-US"},{"@type":"Organization","@id":"https:\/\/siemysli-ke.info\/en\/#organization","name":"SI\u0118 MY\u015aLI","url":"https:\/\/siemysli-ke.info\/en\/","logo":{"@type":"ImageObject","inLanguage":"en-US","@id":"https:\/\/siemysli-ke.info\/en\/#\/schema\/logo\/image\/","url":"https:\/\/siemysli-ke.info\/wp-content\/uploads\/2025\/05\/99.png","contentUrl":"https:\/\/siemysli-ke.info\/wp-content\/uploads\/2025\/05\/99.png","width":270,"height":204,"caption":"SI\u0118 MY\u015aLI"},"image":{"@id":"https:\/\/siemysli-ke.info\/en\/#\/schema\/logo\/image\/"}},{"@type":"Person","@id":"https:\/\/siemysli-ke.info\/#\/schema\/person\/66d741fa745a44f2fe46d112bc6499f2","name":"Jaromir","image":{"@type":"ImageObject","inLanguage":"en-US","@id":"https:\/\/siemysli-ke.info\/en\/#\/schema\/person\/image\/","url":"https:\/\/secure.gravatar.com\/avatar\/fe881559e8ac8dda20293e9e8317d4678c6ad8f65f85a9ce5e1a87cee56b6198?s=96&d=mm&r=g","contentUrl":"https:\/\/secure.gravatar.com\/avatar\/fe881559e8ac8dda20293e9e8317d4678c6ad8f65f85a9ce5e1a87cee56b6198?s=96&d=mm&r=g","caption":"Jaromir"},"url":"https:\/\/siemysli-ke.info\/en\/author\/jaromir\/"}]}},"_links":{"self":[{"href":"https:\/\/siemysli-ke.info\/en\/wp-json\/wp\/v2\/posts\/16719","targetHints":{"allow":["GET"]}}],"collection":[{"href":"https:\/\/siemysli-ke.info\/en\/wp-json\/wp\/v2\/posts"}],"about":[{"href":"https:\/\/siemysli-ke.info\/en\/wp-json\/wp\/v2\/types\/post"}],"author":[{"embeddable":true,"href":"https:\/\/siemysli-ke.info\/en\/wp-json\/wp\/v2\/users\/7"}],"replies":[{"embeddable":true,"href":"https:\/\/siemysli-ke.info\/en\/wp-json\/wp\/v2\/comments?post=16719"}],"version-history":[{"count":0,"href":"https:\/\/siemysli-ke.info\/en\/wp-json\/wp\/v2\/posts\/16719\/revisions"}],"wp:featuredmedia":[{"embeddable":true,"href":"https:\/\/siemysli-ke.info\/en\/wp-json\/wp\/v2\/media\/16720"}],"wp:attachment":[{"href":"https:\/\/siemysli-ke.info\/en\/wp-json\/wp\/v2\/media?parent=16719"}],"wp:term":[{"taxonomy":"category","embeddable":true,"href":"https:\/\/siemysli-ke.info\/en\/wp-json\/wp\/v2\/categories?post=16719"},{"taxonomy":"post_tag","embeddable":true,"href":"https:\/\/siemysli-ke.info\/en\/wp-json\/wp\/v2\/tags?post=16719"}],"curies":[{"name":"wp","href":"https:\/\/api.w.org\/{rel}","templated":true}]}}