 {"id":16624,"date":"2015-08-22T20:14:57","date_gmt":"2015-08-22T18:14:57","guid":{"rendered":"http:\/\/www.siemysli.info.ke\/?p=16624"},"modified":"2015-08-23T19:54:20","modified_gmt":"2015-08-23T17:54:20","slug":"redaktorom-wikipedii-pod-rozwage","status":"publish","type":"post","link":"https:\/\/siemysli-ke.info\/en\/redaktorom-wikipedii-pod-rozwage\/","title":{"rendered":"Redaktorom Wikipedii pod rozwag\u0119"},"content":{"rendered":"<p style=\"text-align: justify;\"><a href=\"http:\/\/www.siemysli.info.ke\/wp-content\/uploads\/2015\/08\/Joanna_Kabala1.jpg\" rel=\"lightbox[16624]\"><img decoding=\"async\" class=\"alignleft size-medium wp-image-16625\" src=\"http:\/\/www.siemysli.info.ke\/wp-content\/uploads\/2015\/08\/Joanna_Kabala1-300x300.jpg\" alt=\"Joanna_Kabala1\" width=\"300\" height=\"300\" srcset=\"https:\/\/siemysli-ke.info\/wp-content\/uploads\/2015\/08\/Joanna_Kabala1-300x300.jpg 300w, https:\/\/siemysli-ke.info\/wp-content\/uploads\/2015\/08\/Joanna_Kabala1-150x150.jpg 150w, https:\/\/siemysli-ke.info\/wp-content\/uploads\/2015\/08\/Joanna_Kabala1-64x64.jpg 64w, https:\/\/siemysli-ke.info\/wp-content\/uploads\/2015\/08\/Joanna_Kabala1.jpg 480w\" sizes=\"(max-width: 300px) 100vw, 300px\" \/><\/a><em>Zbigniew Sajn\u00f3g postanowi\u0142 opublikowa\u0107 swoj\u0105 korespondencj\u0119 z wikipedystami, odpowiedzialnymi za publikowanie hase\u0142. Nie pierwszyzna, z naszych znajomych znikn\u0105\u0107 raczy\u0142 z \u0142am\u00f3w Wikipedii biogram najwybitniejszego polskiego aforysty prze\u0142omu XX\/XXI w. \u2013 <strong>Mariana Karasia<\/strong>. Wiele hase\u0142 nie uwzgl\u0119dnia kolejnych wydarze\u0144 (prywatnych i tw\u00f3rczych) z \u017cycia artyst\u00f3w. Wina Autor\u00f3w czy Redaktor\u00f3w? Kwestia otwarta, ale wybitnie istotna! Holenderska Wiki nie mia\u0142a w\u0105tpliwo\u015bci Wiki polskiej: <a href=\"https:\/\/nl.wikipedia.org\/wiki\/Gebruiker:Andr_Joan\/Joanna_Kabala\">https:\/\/nl.wikipedia.org\/wiki\/Gebruiker:Andr_Joan\/Joanna_Kabala<\/a>. I ca\u0142e szcz\u0119\u015bcie!<\/em><\/p>\n<p style=\"text-align: right;\"><strong>Edward L. Soroka<\/strong>, red. nacz. <a href=\"http:\/\/www.siemysli.info.ke\/\">www.SieMysli.info.ke<\/a><\/p>\n<p style=\"text-align: justify;\"><em>Redaguj\u0105cy Wikipedi\u0119 usun\u0119li z niej has\u0142o, dotycz\u0105ce <strong>Joanny Kabali<\/strong>. Do\u015b\u0107 tym faktem oburzony napisa\u0142em w tej sprawie pierwszy list.<\/em><\/p>\n<p style=\"text-align: right;\"><strong>Zbigniew Sajn\u00f3g<\/strong><\/p>\n<p style=\"text-align: justify;\"><strong>\u00a0 \u00a0 Szanowni Pa\u0144stwo, Redaguj\u0105cy Wikipedi\u0119,<\/strong><\/p>\n<p style=\"text-align: justify;\">\u00a0 \u00a0\u00a0 dosz\u0142y mnie informacje o trudno\u015bciach, jakie ze strony Pa\u0144stwa Redakcji napotka\u0142a Pani Joanna Kabala, o odmowie umieszczenia w Wikipedii jej biogramu.<\/p>\n<p style=\"text-align: justify;\">\u00a0\u00a0\u00a0\u00a0 Ot\u00f3\u017c, chc\u0119 stwierdzi\u0107 stanowczo, i\u017c Pani Joanna Kabala jest uznan\u0105, znakomit\u0105 artystk\u0105 w dziedzinach: malarstwa, grafiki, rysunku, projektowania komputerowego, sztuki szablonu, scenografii i sztuki edytorskiej. Nadto \u2013 podkre\u015blam \u2013 zaanga\u017cowana by\u0142a w latach PRL-u w niezale\u017cn\u0105 dzia\u0142alno\u015b\u0107 artystyczn\u0105, wydawnicz\u0105 i polityczn\u0105. By\u0142a uczestniczk\u0105 ruchu <em>Totart<\/em>, wsp\u00f3\u0142autork\u0105 jego wizualnej stylistyki, by\u0142a wsp\u00f3\u0142autork\u0105 niezale\u017cnych wydawnictw, w tym pisma <em>\u201eHigiena\u201d<\/em>, wyr\u00f3\u017cnionego nagrod\u0105 prasow\u0105 \u201eSolidarno\u015bci\u201d, uznanego za najwybitniejsze wydawnictwo \u201etrzeciego obiegu\u201d (Pawe\u0142 Dunin-W\u0105sowicz). Zaznaczam przy tym, \u017ce cz\u0119\u015b\u0107 nak\u0142adu <em>\u201eHigieny\u201d<\/em> zosta\u0142a przechwycona i \u201ezaaresztowana\u201d przez S\u0142u\u017cb\u0119 Bezpiecze\u0144stwa.<\/p>\n<p style=\"text-align: justify;\">\u00a0 \u00a0\u00a0 Podkre\u015blam, \u017ce tego rodzaju dzia\u0142alno\u015b\u0107 wi\u0105za\u0142a si\u0119 z r\u00f3\u017cnymi niebezpiecze\u0144stwami, z mo\u017cliwo\u015bci\u0105 doznania nieprzyjemnych konsekwencji, z zagro\u017ceniem zdrowia a nawet \u017cycia.<\/p>\n<p style=\"text-align: justify;\">\u00a0 \u00a0\u00a0 Prosz\u0119 zatem przyj\u0105\u0107 do wiadomo\u015bci, i\u017c czynienie przeszk\u00f3d i afront\u00f3w Pani Joannie Kabali w rzeczy tak prostej i tak zarazem oczywistej i jej nale\u017cnej \u2013 jak\u0105 jest posiadanie biogramu w Wikipedii \u2013 jest oburzaj\u0105ce i kompromituje Redaguj\u0105cych! Wystawia te\u017c negatywne \u015bwiadectwo o ich poziomie i wiedzy.<\/p>\n<p style=\"text-align: right;\">\u00a0 \u00a0 \u00a0 \u00a0 \u00a0 \u00a0 \u00a0 \u00a0 \u00a0 \u00a0 \u00a0 \u00a0 \u00a0 \u00a0 \u00a0 \u00a0 \u00a0 \u00a0 \u00a0 \u00a0 \u00a0 \u00a0 \u00a0 \u00a0 \u00a0 \u00a0 \u00a0 \u00a0 \u00a0 \u00a0 \u00a0 \u00a0 \u00a0 \u00a0 \u00a0 \u00a0 \u00a0 \u00a0 \u00a0 \u00a0 \u00a0 \u00a0<strong> \u00a0\u00a0 Zbigniew Sajn\u00f3g\u00a0<\/strong><\/p>\n<p style=\"text-align: justify;\">Gda\u0144sk, 01. 12. 2014 r.<\/p>\n<p style=\"text-align: justify;\">\u00a0 \u00a0<em>\u00a0 Odpowied\u017a, jak\u0105 otrzyma\u0142em by\u0142a nieco sarkastyczna. Jej autor argumentowa\u0142, \u017ce has\u0142o w encyklopedii nikomu si\u0119 nie nale\u017cy i wskazywa\u0142 na kwestie encyklopedyczno\u015bci. Musz\u0119 przyzna\u0107 nieco si\u0119 zmitygowa\u0142em, pomy\u015bla\u0142em, i\u017c mo\u017ce rzeczywi\u015bcie nieco si\u0119 w tych \u017c\u0105daniach i tonie zagalopowa\u0142em. Andrzej Awsiej og\u0142osi\u0142 w kwestii odrzucenia przez Wikipedi\u0119 biogramu Joanny solidarno\u015bciowy strajk informacyjny, ale i mnie jednak sprawa ta nie dawa\u0142a spokoju. Co\u015b wydawa\u0142o mi si\u0119 w niej niejasne, mimo zmitygowania mia\u0142em odczucie, i\u017c jednak redaguj\u0105cy Wikipedi\u0119 mijaj\u0105 si\u0119 z prawd\u0105, \u017ce chyba jednak u\u017cywaj\u0105 b\u0142\u0119dnego klucza. Niew\u0142a\u015bciwego. Na tyle nie dawa\u0142o mi to spokoju, i\u017c g\u0142\u0119biej si\u0119 nad tym zastanowi\u0142em. W efekcie poni\u017cszy list jest tyle\u017c odpowiedzi\u0105 Redaktorom, co i &#8211; jak my\u015bl\u0119 &#8211; ciekaw\u0105 refleksj\u0105 na temat wolno\u015bci i wolnej encyklopedii.<strong>\u00a0<\/strong><\/em><\/p>\n<p style=\"text-align: justify;\"><strong>\u00a0<\/strong><\/p>\n<p style=\"text-align: justify;\"><strong>\u00a0<\/strong><\/p>\n<p style=\"text-align: center;\"><strong>\u00a0\u00a0\u00a0\u00a0\u00a0\u00a0\u00a0\u00a0 W sprawie odrzucenia biogramu Pani Joanny Kabali\u00a0\u00a0\u00a0\u00a0\u00a0\u00a0\u00a0\u00a0 <\/strong><\/p>\n<p style=\"text-align: center;\"><strong>do redaguj\u0105cych Wikipedi\u0119<\/strong><\/p>\n<p style=\"text-align: center;\"><strong>\u00a0 \u00a0 \u00a0 \u00a0 \u00a0 \u00a0 \u00a0list drugi<\/strong><\/p>\n<p style=\"text-align: justify;\"><strong>\u00a0<\/strong><\/p>\n<p style=\"text-align: justify;\">\u00a0\u00a0\u00a0\u00a0 W polityce bywa tak, \u017ce przypis jest wa\u017cniejszy ni\u017c tekst g\u0142\u00f3wny. Na przyk\u0142ad pakt Ribbentrop-Mo\u0142otow by\u0142 g\u0142o\u015bny, opisywany w prasie \u015bwiata (etc.). Ale co by\u0142o w tym pakcie wa\u017cniejsze: cz\u0119\u015b\u0107 jawna, czy utajniona? Pakt by\u0142 o nieagresji &#8211; \u201eprzypis\u201d m\u00f3wi\u0142 o rozp\u0119taniu wojny. Przygotowywa\u0142 inicjalny akt najstraszliwszej wojny w dziejach. W PRL przez dziesi\u0105tki lat, je\u015bli o pakcie Ribbentrop-Mo\u0142otow chy\u0142kiem wspominano \u2013 jego prawdziwy, rozbiorowy sens by\u0142 konsekwentnie przemilczany w mediach, w publikacjach, w szko\u0142ach i w uniwersytetach. Gdyby zastosowa\u0107 w tamtym czasie wikipedyczne zasady stwierdzania encyklopedyczno\u015bci wed\u0142ug statystyk publikacji, informacja o <strong>aneksie<\/strong> paktu Ribbentrop-Mo\u0142otow nie powinna by\u0142a znale\u017a\u0107 si\u0119 w encyklopediach. W peerelowskich encyklopediach tych informacji nie by\u0142o&#8230;<\/p>\n<p style=\"text-align: justify;\">\u00a0 \u00a0\u00a0 Inaczej. Pan Andrzej Gwiazda by\u0142 tw\u00f3rc\u0105, jednym z g\u0142\u00f3wnych tw\u00f3rc\u00f3w idei wolnych zwi\u0105zk\u00f3w zawodowych. Bardzo sprytnego rozwi\u0105zania, by w taki spos\u00f3b budowa\u0107 opozycj\u0119 wobec systemu \u2013 w postaci zwi\u0105zku zawodowego, wi\u0119c bytu oficjalnie nie politycznego, kt\u00f3rego jawnej dzia\u0142alno\u015bci mo\u017cna by\u0142o domaga\u0107 si\u0119 w totalitarnym systemie, nadto uzyskuj\u0105c szerokie \u015bwiatowe poparcie. A otwieraj\u0105c t\u0105 drog\u0105 mo\u017cliwo\u015b\u0107 stworzenia struktur dla dzia\u0142alno\u015bci politycznej Pan Andrzej Gwiazda by\u0142 g\u0142\u00f3wn\u0105 postaci\u0105 Wolnych Zwi\u0105zk\u00f3w Zawodowych.<\/p>\n<p style=\"text-align: justify;\">\u00a0 \u00a0\u00a0 Gdy zastosowa\u0107 wspomniany wy\u017cej klucz encyklopedyczno\u015bci \u2013 pan Lech Wa\u0142\u0119sa jest osob\u0105 o wiele bardziej znan\u0105 w \u015bwiecie ni\u017c Pan Andrzej Gwiazda. Ilo\u015bci\u0105 wzmiankowa\u0144, obecno\u015bci w mediach, opracowa\u0144 naukowych, cytowa\u0144, ilo\u015bci\u0105 na sw\u00f3j temat, czy wymieniaj\u0105cych go ksi\u0105\u017cek, film\u00f3w, wyst\u0105pie\u0144, artyku\u0142\u00f3w \u2013 og\u00f3lnie m\u00f3wi\u0105c skal\u0105 obecno\u015bci w mediach, w polityce, w kulturze, w nauce, pana Andrzeja Gwiazdy z panem Lechem Wa\u0142\u0119s\u0105 w \u017cadnym razie nie mo\u017cna nawet przyr\u00f3wnywa\u0107, czy w og\u00f3le zestawia\u0107! Encyklopedyczna zauwa\u017calno\u015b\u0107, wp\u0142ywowo\u015b\u0107 pana Lecha Wa\u0142\u0119sy s\u0105 niepor\u00f3wnanie, o ile\u015b klas wi\u0119ksze ni\u017c pana Andrzeja Gwiazdy, ale to pan Lech Wa\u0142\u0119sa ostatecznie walnie przyczyni\u0142 si\u0119 do sprowadzenia \u201eSolidarno\u015bci\u201d do roli parawanu, za kt\u00f3rym stary system przepoczwarzy\u0142 si\u0119, jego dzia\u0142acze i funkcjonariusze rabunkowo uw\u0142aszczyli si\u0119 na wypracowanym przez lud PRL-u maj\u0105tku, zatem skutecznie zniwelowa\u0142 ide\u0119, stworzon\u0105 przez pana Andrzeja Gwiazd\u0119 i z nara\u017ceniem \u017cycia przez wielu ludzi realizowan\u0105. Jest to oczywi\u015bcie obraz uproszczony \u2013 ale chodzi tu nie o wyk\u0142ad historyczny, a o przyk\u0142ad w interesuj\u0105cej nas kwestii \u2013 kwestii: co jest encyklopedyczne.<\/p>\n<p style=\"text-align: justify;\">\u00a0 \u00a0\u00a0 Bowiem kto w opisanej sytuacji jest, wed\u0142ug zasad wdra\u017canych przez Pa\u0144stwa, Redaguj\u0105cych Wikipedi\u0119, postaci\u0105 encyklopedycznie wa\u017cniejsz\u0105? Kto jest cz\u0142owiekiem \u201eSolidarno\u015bci\u201d? Co jest encyklopedyczn\u0105 prawd\u0105?<\/p>\n<p style=\"text-align: justify;\">\u00a0 \u00a0\u00a0 Powie kto\u015b: zajmujemy si\u0119 faktami, nie ich warto\u015bciowaniem&#8230; Ale czy\u017c nie jest tu mowa o faktach? A po drugie, encyklopedia jest o ludziach, o \u017cyciu. Je\u015bli potraktujemy encyklopedi\u0119 matematycznie \u2013 a jak wiadomo matematyce jest oboj\u0119tne co liczy, czy, na przyk\u0142ad, ilo\u015b\u0107 pomara\u0144czy w koszyku, czy ilo\u015b\u0107 trup\u00f3w pod \u015bcian\u0105 strace\u0144 \u2013 je\u015bli zatem potraktujemy encyklopedie matematycznie, pope\u0142nimy zasadniczy, podstawowy b\u0142\u0105d \u2013 dramatycznie zak\u0142amiemy \u017cycie!<\/p>\n<p style=\"text-align: justify;\">\u00a0 \u00a0\u00a0 Ocena wa\u017cno\u015bci czyich\u015b dokona\u0144 na podstawie ilo\u015bci publikacji i, na przyk\u0142ad, na tej podstawie dopuszczenie publikacji biogramu \u2013 jest warto\u015bciowaniem. Tylko czy takie kryterium encyklopedyczno\u015bci ma sens, czy obraz \u015bwiata jaki w wyniku zastosowania go otrzymujemy \u2013 jest prawdziwy? Czy takie warto\u015bciowanie jest prawdziwe, czy ukazuje nam prawd\u0119 o rzeczywisto\u015bci?<\/p>\n<p style=\"text-align: justify;\">\u00a0\u00a0\u00a0\u00a0 W sieci jest kr\u00f3tki film, wyci\u0105gni\u0119ty z archiwum IPN materia\u0142 z \u201epacyfikacji\u201d zjazdu mi\u0119dzymiast\u00f3wki anarchistycznej w 1988 roku (You Tube I Zjazd Mi\u0119dzymiast\u00f3wki Anarchistycznej). Jest to dokumentacja wykonana przez SB. W dalszej cz\u0119\u015bci filmu wida\u0107 wn\u0119trze, w kt\u00f3rym funkcjonariusze przegl\u0105daj\u0105, spisuj\u0105 i rekwiruj\u0105 elementy scenografii, dokumenty, wydawnictwa. W\u015br\u00f3d wydawnictw &#8211; \u201e<em>Higien\u0119\u201d<\/em>, kt\u00f3rej, jak wspomnia\u0142em w poprzednim li\u015bcie \u2013 wsp\u00f3\u0142autork\u0105 by\u0142a pani Joanna Kabala. By\u0142a te\u017c wsp\u00f3\u0142autork\u0105 niekt\u00f3rych z wystawionych tam \u201esztandar\u00f3w\u201d &#8211; du\u017cych element\u00f3w scenografii <em>Totartu<\/em>. W jednym z uj\u0119\u0107 widzimy, jak troskliwy muzealnik sk\u0142ada jeden z nich.<\/p>\n<p style=\"text-align: justify;\">\u00a0 \u00a0\u00a0 Jednak ten esbecki dokument nie jest kompletny, brakuje w nim pocz\u0105tku akcji, to znaczy wtargni\u0119cia oddzia\u0142u specjalnego milicji, uzbrojonego w bro\u0144 automatyczn\u0105, rewolwery, no\u017ce i wyrzutni\u0119 siatki obezw\u0142adniaj\u0105cej. Wyposa\u017conego w kaski i kamizelki kuloodporne. Opr\u00f3cz nich \u2013 dom otoczy\u0142 pier\u015bcie\u0144 ob\u0142awy ZOMO, milicyjne pojazdy.<\/p>\n<p style=\"text-align: justify;\">\u00a0 \u00a0\u00a0 Jeszcze takiego sza\u0142u nie widzia\u0142em \u2013 \u017ceby na grup\u0119 m\u0142odych ludzi \u2013 poet\u00f3w \u2013 wyprowadzono taki arsena\u0142! A by\u0142 to \u2013 jak \u0142atwo si\u0119 dzi\u015b m\u00f3wi \u2013 schy\u0142ek PRL-u.<\/p>\n<p style=\"text-align: justify;\">\u00a0 \u00a0\u00a0 To si\u0119 zdaje absurdalne i wprost abstrakcyjne \u2013 ale pokazuje te\u017c, kogo wtedy ten system naprawd\u0119 uwa\u017ca\u0142 za zagro\u017cenie \u2013 to s\u0105 fakty. Bo nie obawia\u0142 si\u0119 tych, kt\u00f3rym szykowa\u0142 miejsce przy okr\u0105g\u0142ym meblu. To \u015bmieszne \u2013 ba\u0142 si\u0119 garstki poet\u00f3w (u\u017cywam tu tego poj\u0119cia w szerszym, nie \u2013 literackim sensie). Ba\u0142 si\u0119 ludzi, kt\u00f3rzy organizowali si\u0119 zupe\u0142nie poza nim \u2013 nie bacz\u0105c ani na jego gro\u017aby, ani na jego oferty. Ludzi, na kt\u00f3rych nie mia\u0142 chwytu, by nimi manewrowa\u0107. Z jednej strony jest to tak kuriozalne, \u017ce wr\u0119cz komiczne. Ale z punktu widzenia dzisiejszej sytuacji w Polsce \u2013 jak\u017ce jest to zrozumia\u0142e! Ludzie autentycznie \u0142akn\u0105cy wolno\u015bci i organizuj\u0105cy si\u0119 w skali og\u00f3lnopolskiej, tworz\u0105cy swoje media i kultur\u0119, ludzie zdeterminowani \u2013 mogli by\u0107 cho\u0107by niebezpiecznym przyk\u0142adem dla innych.<\/p>\n<p style=\"text-align: justify;\">\u00a0 \u00a0\u00a0 I to jest dramat, i\u017c tego w\u0142a\u015bnie nie dostrzega Redaktor Wikipedii, wolnej encyklopedii. Usuwa biogram pani Joanny Kabali. Ma\u0142o tego \u2013 zarzuca, \u017ce wykazuje si\u0119 ona w swojej artystycznej biografii \u201ezaledwie wsp\u00f3\u0142autorstwem\u201d! No, w\u0142a\u015bnie. Mi\u0142y panie Redaktorze \u2013 zaledwie wsp\u00f3\u0142autorstwem? Czy\u017c w tym kontek\u015bcie w\u0142a\u015bnie owo tworzenie wsp\u00f3lne \u2013 nie jest czym\u015b wa\u017cnym?<\/p>\n<p style=\"text-align: justify;\">\u00a0 \u00a0\u00a0 Je\u015bli pan rozumie t\u0119 sytuacj\u0119 (odrzucaj\u0105c my\u015blenie algorytmiczne, matematyczne, czyli ocen\u0119 encyklopedyczno\u015bci postaci przez zliczanie indywidualnych wystaw) \u2013 skoro w Wikipedii s\u0105 biogramy na przyk\u0142ad pan\u00f3w Wojciecha Jaruzelskiego, Czes\u0142awa Kiszczaka, czy pana Jerzego Owsiaka \u2013 to odmawiaj\u0105c zamieszczenia biogram\u00f3w ludzi \u2013 jak pani Joanna Kabala \u2013 w istotny spos\u00f3b deformuje si\u0119 obraz wa\u017cnego momentu naszej historii. Je\u015bli pan Redaguj\u0105cy to rozumie \u2013 to jest w\u0142a\u015bnie merytoryczne, bo dotyczy prawdy o \u017cyciu, dotyczy niezwykle wa\u017cnych kwestii niezwykle wa\u017cnego momentu w historii sporej wielko\u015bci narodu \u2013 a i patrz\u0105c szerzej \u2013 \u015arodkowej Europy etc. Dotyczy to \u2013 mi\u0119dzy innymi \u2013 walki o mo\u017cliwo\u015b\u0107 funkcjonowania tu w o l n e j \u00a0 encyklopedii.<\/p>\n<p style=\"text-align: justify;\">\u00a0 \u00a0\u00a0 I dobrze, aby wyra\u017ane pokaza\u0107 i \u0142ajdactwo \u2013 i szukanie prawdy. I zbrodni\u0119 \u2013 i szukanie uwolnienia. I niewolenie \u2013 i przyja\u017a\u0144. A wi\u0119c \u2013 prosz\u0119 to dostrzec \u2013 przekaza\u0107 wiedz\u0119 o najistotniejszych sprawach \u015bwiata i \u017cycia. Aby mo\u017cna by\u0142o ze zmaga\u0144 tych pobiera\u0107 lekcje, nie powtarza\u0107 b\u0142\u0119d\u00f3w, omija\u0107 pu\u0142apki. To jest bardzo wa\u017cna wiedza o \u017cyciu. Je\u015bli mia\u0142aby nie mie\u015bci\u0107 si\u0119 w zakresie wolnej encyklopedii \u2013 to taka ci ona wolna jak i wszystkie inne.<\/p>\n<p style=\"text-align: justify;\">\u00a0 \u00a0\u00a0 Panowie esbecy i milicjanci maj\u0105 sute emerytury, a wielu z tych, kt\u00f3rymi si\u0119 \u201ezajmowali\u201d &#8211; jest w zgo\u0142a odmiennej sytuacji. Wielu tych, kt\u00f3rych z\u0142amali \u2013 do dzi\u015b \u017cyje z ci\u0119\u017carem. A co o tych, kt\u00f3rych zamordowali? Jak \u017cyj\u0105 ich rodziny? A czy sprawcy \u201ezostali wykryci\u201d, czy zostali ukarani?<\/p>\n<p style=\"text-align: justify;\">\u00a0 \u00a0\u00a0 Rozumiem, \u017ce encyklopedia nie jest miejscem do\u00a0 z a \u0142 a t w i a n i a tych spraw, ale czy m\u00f3wienie o nich nie jest przedstawianiem wiedzy o rzeczywisto\u015bci, o historii? Jest.<\/p>\n<p style=\"text-align: justify;\">\u00a0 \u00a0\u00a0 Kwesti\u0105 jest \u2013 co uznajemy za wa\u017cne, za znacz\u0105ce, za kluczowe, a w omawianej sprawie ujawnia si\u0119 w\u0142a\u015bnie istotna wiedza o \u015bwiecie, w kt\u00f3rym \u017cyjemy&#8230; Pan Redaktor uzna\u0142, i\u017c w\u0142a\u015bciwym miernikiem encyklopedyczno\u015bci b\u0119dzie w tej sytuacji ilo\u015b\u0107 wystaw indywidualnych.<\/p>\n<p style=\"text-align: justify;\">\u00a0 \u00a0\u00a0 Wymieniane w Wikipedii: zauwa\u017calno\u015b\u0107 i wp\u0142ywalno\u015b\u0107 zjawisk \u2013 jako okre\u015blaj\u0105ce ich encyklopedyczno\u015b\u0107, s\u0105 w opisanej sytuacji spe\u0142nione. Tyle, \u017ce je\u015bli idzie o zauwa\u017calno\u015b\u0107, c\u00f3\u017c, wiele zale\u017cy, jak wida\u0107, od optyki Redaguj\u0105cego.<\/p>\n<p style=\"text-align: justify;\">\u00a0\u00a0\u00a0\u00a0 <strong>Zwr\u00f3\u0107my uwag\u0119, i\u017c nie zawsze musz\u0105 istnie\u0107 materia\u0142y \u017ar\u00f3d\u0142owe.<\/strong> W warunkach szczeg\u00f3lnych \u2013 tu: sowieckiej okupacji \u2013 w warunkach dzia\u0142ania konspiracyjnego, mo\u017ce w og\u00f3le nie by\u0107 informacji \u017ar\u00f3d\u0142owych \u2013 co nie znaczy, \u017ce to, co si\u0119 wydarzy\u0142o by\u0142o niewa\u017cne i nieencyklopedyczne \u2013 w\u0142a\u015bnie przeciwnie!<\/p>\n<p style=\"text-align: justify;\">\u00a0 \u00a0\u00a0 By\u0107 mo\u017ce o niekt\u00f3rych takich kwestiach nigdy nie b\u0119dzie odpowiedniej, na przyk\u0142ad, ilo\u015bci publikacji. Ale czy\u017c nie nale\u017ca\u0142oby o tym w\u0142a\u015bnie informowa\u0107? A mo\u017ce kryje si\u0119 za tym jakie\u015b wielkiej wagi zjawisko, czy kwestia \u2013 to znaczy: mo\u017ce nadal istniej\u0105 jakie\u015b specjalne okoliczno\u015bci, kt\u00f3re staj\u0105 na przeszkodzie powstawaniu tych publikacji?<\/p>\n<p style=\"text-align: justify;\">\u00a0 \u00a0Co wi\u0119c znaczy: encyklopedyczno\u015b\u0107? Czy encyklopedia \u2013 i to maj\u0105ca \u2013 przez swoj\u0105 elektroniczn\u0105 posta\u0107 \u2013 takie mo\u017cliwo\u015bci, tak\u0105 swobod\u0119, ma sprowadza\u0107 si\u0119 do poziomu wydruk\u00f3w z kasy fiskalnej?<\/p>\n<p style=\"text-align: justify;\">\u00a0 \u00a0\u00a0 Chc\u0119 tu zastrzec, i\u017c pisz\u0119 o wydarzeniach sprzed nieomal 30 lat, i \u017ce w \u017cadnym razie nie identyfikuj\u0119 si\u0119 z tamtymi ideami i dzia\u0142aniami i nie jest moim zamiarem ich pochwa\u0142a, czy propagowanie. Odwo\u0142a\u0142em si\u0119 do przyk\u0142adu, kt\u00f3ry akurat si\u0119 nasun\u0105\u0142, kt\u00f3ry znam, by dotkn\u0105\u0107 omawianych tu kwestii. Ale te\u017c i innych, bo czemu tamte anarchistyczne, czy anarchizuj\u0105ce idee si\u0119 nie spe\u0142ni\u0142y? Czemu zawiod\u0142y? Z jakiego wzgl\u0119du musia\u0142o si\u0119 to nie uda\u0107? No w\u0142a\u015bnie. Tu jest okoliczno\u015b\u0107, tu jest czas, by otworzy\u0107 Wielk\u0105 Ksi\u0119g\u0119.<\/p>\n<p style=\"text-align: justify;\">\u00a0 \u00a0\u00a0 \u25a0<\/p>\n<p style=\"text-align: justify;\"><strong>\u00a0\u00a0\u00a0\u00a0 <\/strong>W \u201einstrukcji\u201d Wikipedii pisz\u0105 Pa\u0144stwo, i\u017c o encyklopedyczno\u015bci przes\u0105dza\u0107 maj\u0105 na przyk\u0142ad: s\u0142awa, dokonania, zauwa\u017calno\u015b\u0107. A miar\u0105 takich dokona\u0144 mog\u0105 by\u0107 relacje medi\u00f3w o tym. Ale patrz\u0105c na funkcjonowanie wsp\u00f3\u0142czesnych medi\u00f3w \u2013 i szczeg\u00f3lnie w Polsce, naprawd\u0119 dziwi, i\u017c chcecie Pa\u0144stwo wyznacza\u0107, co jest obiektywne i co jest niezale\u017cn\u0105 weryfikacj\u0105 \u2013 na ich podstawie!<\/p>\n<p style=\"text-align: justify;\">\u00a0\u00a0\u00a0\u00a0 Rodzi si\u0119 pytanie \u2013 jak mo\u017cna pisa\u0107 encyklopedi\u0119, nie rozeznaj\u0105c okoliczno\u015bci i czasu w jakich \u017cyjemy. <strong>A \u017cyjemy w czasach wojny ideologicznej, klinczu politycznego i, co niezwykle wa\u017cne, kszta\u0142towania wszystkich dziedzin \u017cycia za pomoc\u0105 marketingu. Jak\u017ce w tych okoliczno\u015bciach opiera\u0107 woln\u0105 encyklopedi\u0119 na statystykach publikacji prasowych?<\/strong> Na tej podstawie okre\u015bla\u0107, co jest encyklopedyczne? W takiej sytuacji owe dane same s\u0105 w pierwszym rz\u0119dzie do weryfikacji!<\/p>\n<p style=\"text-align: justify;\">\u00a0 \u00a0\u00a0 Ponadto, nawet gdyby owe publikacje by\u0142y uczciwe, miarodajne \u2013 czynienie z nich podstawy orzekania o encyklopedyczno\u015bci zjawisk jest mocnym zaw\u0119\u017ceniem. To tylko jaki\u015b aspekt sprawy.<\/p>\n<p style=\"text-align: justify;\">\u00a0 \u00a0\u00a0 Je\u015bli co\u015b nie jest g\u0142o\u015bne, nie znaczy, \u017ce nie jest wa\u017cne, \u017ce nie jest wa\u017cn\u0105 wiedz\u0105 o rzeczywisto\u015bci. Bywa wr\u0119cz przeciwnie. Ile jest krzykliwej propagandy \u2013 a najcz\u0119\u015bciej jest to k\u0142amstwo i szmelc. K\u0142amstwo w\u0142a\u015bnie jak\u017ce dotkliwe w tym sensie, i\u017c narusza hierarchi\u0119 wa\u017cno\u015bci.<\/p>\n<p style=\"text-align: justify;\">\u00a0 \u00a0\u00a0 Tak\u017ce ilo\u015b\u0107 wystaw nie \u015bwiadczy o wybitno\u015bci artysty \u2013 w tym \u015bwiecie rozbuchanych manipulacji i marketingu. Ponadto \u2013 ile wystaw mia\u0142 van Gogh \u2013 a ile Picasso, czy Dali? Ale czy to \u015bwiadczy\u0107 ma o \u201enie encyklopedyczno\u015bci\u201d van Gogha?<\/p>\n<p style=\"text-align: justify;\">\u00a0\u00a0\u00a0\u00a0 Zatem jak na <em>free<\/em> encyklopedi\u0119 \u2013 zaprezentowane my\u015blenie jest niezwykle schematyczne. I w\u0142a\u015bnie: urz\u0119dnicze \u2013 w z\u0142ym znaczeniu tego s\u0142owa.<\/p>\n<p style=\"text-align: justify;\">\u00a0\u00a0\u00a0\u00a0 C\u00f3\u017c to bowiem znaczy, \u017ce encyklopedia jest <em>free<\/em>? \u2013 I\u017c jest tworzona w wolnym czasie przez pasjonat\u00f3w amator\u00f3w? Czy \u017ce prezentuje wolne my\u015blenie? Wolne nie w znaczeniu: wolnomy\u015blicielskie, a uwolnione od presji politycznych, ideologicznych, finansowych, marketingowych etc. \u017be jest mo\u017cliwie najszczerszym, najuczciwszym opisaniem \u015bwiata.<\/p>\n<p style=\"text-align: justify;\">\u00a0 \u00a0\u00a0 \u25a0<\/p>\n<p style=\"text-align: justify;\">\u00a0 \u00a0\u00a0 Czy prawda jest schematyczna? Sp\u00f3jrzmy na cz\u0142owieka, wida\u0107 w nim \u201ezasad\u0119\u201d, to, co jest w ka\u017cdym powtarzalne: \u017ce oddycha, \u017ce pije, je, trawi, ma odpowiednie narz\u0105dy wewn\u0119trzne, dwie r\u0119ce, dwie nogi&#8230; P\u0142cie dwie, kolory r\u00f3\u017cne, w\u0142osy r\u00f3\u017cne \u2013 co do formy, zakresu, barwy. R\u00f3\u017cne wzrosty, tusze. R\u00f3\u017cne temperamenty, uczucia, my\u015bli&#8230; I ka\u017cdy jest odr\u0119bn\u0105 osob\u0105. Osobnym \u201eja\u201d.<\/p>\n<p style=\"text-align: justify;\">\u00a0 \u00a0\u00a0 Aparat nauki nie mo\u017ce by\u0107 sztywny \u2013 nie pozna \u017cycia. B\u0119dzie stawa\u0142 si\u0119 krat\u0105 oddzielaj\u0105c\u0105 od prawdy.<\/p>\n<p style=\"text-align: justify;\">\u00a0 \u00a0\u00a0 Aparat naukowy nie mo\u017ce dzia\u0142a\u0107 jak sieczkarnia, czy gilotyna, bo niszczy to, co chce bada\u0107.<\/p>\n<p style=\"text-align: justify;\">\u00a0 \u00a0\u00a0 Nie ma nauki bez wizji, nie ma nauki bez serca.<\/p>\n<p style=\"text-align: justify;\">\u00a0 \u00a0\u00a0 Polacy s\u0105 narodem o bardzo zakorzenionym pogl\u0105dzie romantycznym, kt\u00f3ry tej polskiej duszy jest bliski i bardzo z ni\u0105 wsp\u00f3\u0142brzmi. Ale ot\u00f3\u017c romantyzm \u2013 opr\u00f3cz innych rzeczy strasznych \u2013 wni\u00f3s\u0142 katastrofaln\u0105 dychotomi\u0119 \u2013 rozdzia\u0142 mi\u0119dzy mi\u0142o\u015bci\u0105 a poznaniem. Mi\u0119dzy uczuciami, a poznawaniem.<\/p>\n<p style=\"text-align: justify;\">\u00a0 \u00a0\u00a0 B\u00f3g jest Mi\u0142o\u015bci\u0105 \u2013 jak mo\u017cna oddzieli\u0107 poznanie od mi\u0142o\u015bci?!<\/p>\n<p style=\"text-align: justify;\">\u00a0\u00a0\u00a0\u00a0 <strong>Aparat nauki, kt\u00f3ry deformuje prawd\u0119, oddziela od prawdy \u2013 to zaprzeczenie nauki, to absurd.<\/strong><\/p>\n<p style=\"text-align: justify;\">\u00a0 \u00a0\u00a0 Najwy\u017csza pora prze\u0142ama\u0107 t\u0119 romantyczn\u0105 dychotomi\u0119 uczu\u0107 i \u201eszkie\u0142ka i oka\u201d, wielce szkodliw\u0105, zgubn\u0105.<\/p>\n<p style=\"text-align: justify;\">\u00a0 \u00a0\u00a0 \u25a0<\/p>\n<p style=\"text-align: justify;\">\u00a0\u00a0\u00a0\u00a0 W pierwszym li\u015bcie napisa\u0142em, i\u017c pani Joanna Kabala odegra\u0142a wa\u017cn\u0105 rol\u0119 w <em>Totarcie<\/em>. Odegra\u0142a wa\u017cn\u0105 rol\u0119 swoim talentem, swoj\u0105 wyobra\u017ani\u0105, podpatrywaniem miejskich zwierz\u0105t, fenomenalnymi artbookami. Jej biogram napisany by\u0142 skromnie \u2013 co odczytano jako s\u0142abo\u015b\u0107. Typowe!<\/p>\n<p style=\"text-align: justify;\">\u00a0 \u00a0\u00a0 Nale\u017ca\u0142o dopyta\u0107, nie odrzuca\u0107.<\/p>\n<p style=\"text-align: justify;\">\u00a0 \u00a0\u00a0 \u25a0<\/p>\n<p style=\"text-align: justify;\">\u00a0 \u00a0\u00a0 Niestety w sytuacji tej przeziera nie rozumienie kultury, nie rozumienie polityki, nie rozumienie okoliczno\u015bci w jakich \u017cyjemy.<\/p>\n<p style=\"text-align: justify;\">\u00a0 \u00a0\u00a0 My\u015bl\u0119, \u017ce Redaktor, kt\u00f3ry odrzuci\u0142 biogram, nie by\u0142 zorientowany w sprawie, o jakiej decydowa\u0142.<\/p>\n<p style=\"text-align: justify;\">\u00a0\u00a0\u00a0\u00a0 Porada, jak\u0105 w odpowiedzi na sw\u00f3j list otrzyma\u0142em, to znaczy \u2013 aby spr\u00f3bowa\u0107 za miesi\u0105c \u2013 jest nieprofesjonalna. Tu nie chodzi o pr\u00f3bowanie &#8211; a o bardzo wa\u017cny problem merytoryczny. I dotycz\u0105cy celu i zasady encyklopedii. Wolnej encyklopedii.<\/p>\n<p style=\"text-align: right;\"><strong>\u00a0\u00a0\u00a0\u00a0\u00a0\u00a0\u00a0\u00a0\u00a0\u00a0\u00a0\u00a0\u00a0\u00a0\u00a0\u00a0\u00a0\u00a0\u00a0\u00a0\u00a0\u00a0\u00a0\u00a0\u00a0\u00a0 \u00a0\u00a0\u00a0\u00a0\u00a0\u00a0\u00a0\u00a0\u00a0\u00a0\u00a0\u00a0\u00a0\u00a0\u00a0\u00a0\u00a0\u00a0\u00a0\u00a0\u00a0\u00a0\u00a0\u00a0\u00a0\u00a0\u00a0\u00a0\u00a0\u00a0\u00a0\u00a0\u00a0\u00a0\u00a0\u00a0\u00a0\u00a0\u00a0\u00a0\u00a0\u00a0\u00a0\u00a0\u00a0\u00a0\u00a0\u00a0\u00a0\u00a0\u00a0\u00a0\u00a0\u00a0\u00a0\u00a0\u00a0\u00a0\u00a0\u00a0\u00a0\u00a0\u00a0\u00a0\u00a0\u00a0\u00a0\u00a0\u00a0\u00a0\u00a0\u00a0\u00a0\u00a0\u00a0\u00a0\u00a0Zbigniew Sajn\u00f3g<\/strong><\/p>\n<p style=\"text-align: right;\">Fot. J. Kabali za Wiki nl<\/p>\n","protected":false},"excerpt":{"rendered":"<p>Zbigniew Sajn\u00f3g postanowi\u0142 opublikowa\u0107 swoj\u0105 korespondencj\u0119 z wikipedystami, odpowiedzialnymi za publikowanie hase\u0142. Nie pierwszyzna, z naszych znajomych znikn\u0105\u0107 raczy\u0142 z<\/p>\n","protected":false},"author":3,"featured_media":16625,"comment_status":"open","ping_status":"open","sticky":false,"template":"","format":"standard","meta":{"colormag_page_layout":"default_layout","footnotes":""},"categories":[3,81],"tags":[3030,1375,1854,89,293,92,3027,2728,3028,1846,1330,3031,3025,3026,3029,390],"class_list":["post-16624","post","type-post","status-publish","format-standard","has-post-thumbnail","hentry","category-kultura","category-rzeczpospolita","tag-higiena","tag-andrzej-gwiazda","tag-braking","tag-breaking","tag-edward-l-soroka","tag-headline","tag-joanna-kabala","tag-marian-karas","tag-pakt-ribbentrop-molotow","tag-pierwsza-solidarnosc","tag-totart","tag-vincent-van-gogh","tag-wikipedia","tag-wikipedysci","tag-you-tube-i-zjazd-miedzymiastowki-anarchistycznej","tag-zomo"],"yoast_head":"<!-- This site is optimized with the Yoast SEO plugin v25.1 - https:\/\/yoast.com\/wordpress\/plugins\/seo\/ -->\n<title>Redaktorom Wikipedii pod rozwag\u0119 - SI\u0118 MY\u015aLI<\/title>\n<meta name=\"robots\" content=\"index, follow, max-snippet:-1, max-image-preview:large, max-video-preview:-1\" \/>\n<link rel=\"canonical\" href=\"https:\/\/siemysli-ke.info\/en\/redaktorom-wikipedii-pod-rozwage\/\" \/>\n<meta property=\"og:locale\" content=\"en_US\" \/>\n<meta property=\"og:type\" content=\"article\" \/>\n<meta property=\"og:title\" content=\"Redaktorom Wikipedii pod rozwag\u0119 - SI\u0118 MY\u015aLI\" \/>\n<meta property=\"og:description\" content=\"Zbigniew Sajn\u00f3g postanowi\u0142 opublikowa\u0107 swoj\u0105 korespondencj\u0119 z wikipedystami, odpowiedzialnymi za publikowanie hase\u0142. Nie pierwszyzna, z naszych znajomych znikn\u0105\u0107 raczy\u0142 z\" \/>\n<meta property=\"og:url\" content=\"https:\/\/siemysli-ke.info\/en\/redaktorom-wikipedii-pod-rozwage\/\" \/>\n<meta property=\"og:site_name\" content=\"SI\u0118 MY\u015aLI\" \/>\n<meta property=\"article:published_time\" content=\"2015-08-22T18:14:57+00:00\" \/>\n<meta property=\"article:modified_time\" content=\"2015-08-23T17:54:20+00:00\" \/>\n<meta property=\"og:image\" content=\"https:\/\/siemysli-ke.info\/wp-content\/uploads\/2015\/08\/Joanna_Kabala1.jpg\" \/>\n\t<meta property=\"og:image:width\" content=\"480\" \/>\n\t<meta property=\"og:image:height\" content=\"480\" \/>\n\t<meta property=\"og:image:type\" content=\"image\/jpeg\" \/>\n<meta name=\"author\" content=\"...\" \/>\n<meta name=\"twitter:label1\" content=\"Written by\" \/>\n\t<meta name=\"twitter:data1\" content=\"...\" \/>\n\t<meta name=\"twitter:label2\" content=\"Est. reading time\" \/>\n\t<meta name=\"twitter:data2\" content=\"14 minutes\" \/>\n<script type=\"application\/ld+json\" class=\"yoast-schema-graph\">{\"@context\":\"https:\/\/schema.org\",\"@graph\":[{\"@type\":\"Article\",\"@id\":\"https:\/\/siemysli-ke.info\/en\/redaktorom-wikipedii-pod-rozwage\/#article\",\"isPartOf\":{\"@id\":\"https:\/\/siemysli-ke.info\/en\/redaktorom-wikipedii-pod-rozwage\/\"},\"author\":{\"name\":\"...\",\"@id\":\"https:\/\/siemysli-ke.info\/#\/schema\/person\/75326687448d6abf738b156f56385210\"},\"headline\":\"Redaktorom Wikipedii pod rozwag\u0119\",\"datePublished\":\"2015-08-22T18:14:57+00:00\",\"dateModified\":\"2015-08-23T17:54:20+00:00\",\"mainEntityOfPage\":{\"@id\":\"https:\/\/siemysli-ke.info\/en\/redaktorom-wikipedii-pod-rozwage\/\"},\"wordCount\":2783,\"commentCount\":9,\"publisher\":{\"@id\":\"https:\/\/siemysli-ke.info\/#organization\"},\"image\":{\"@id\":\"https:\/\/siemysli-ke.info\/en\/redaktorom-wikipedii-pod-rozwage\/#primaryimage\"},\"thumbnailUrl\":\"https:\/\/siemysli-ke.info\/wp-content\/uploads\/2015\/08\/Joanna_Kabala1.jpg\",\"keywords\":[\"\\\"Higiena\\\"\",\"Andrzej Gwiazda\",\"braking\",\"breaking\",\"Edward L. Soroka\",\"headline\",\"Joanna Kabala\",\"Marian Kara\u015b\",\"pakt Ribbentrop-Mo\u0142otow\",\"pierwsza Solidarno\u015b\u0107\",\"Totart\",\"Vincent van Gogh\",\"Wikipedia\",\"wikipedy\u015bci\",\"You Tube - I Zjazd Mi\u0119dzymiast\u00f3wki Anarchistycznej\",\"ZOMO\"],\"articleSection\":[\"Kultura\",\"Rzeczypospolita\"],\"inLanguage\":\"en-US\",\"potentialAction\":[{\"@type\":\"CommentAction\",\"name\":\"Comment\",\"target\":[\"https:\/\/siemysli-ke.info\/en\/redaktorom-wikipedii-pod-rozwage\/#respond\"]}]},{\"@type\":\"WebPage\",\"@id\":\"https:\/\/siemysli-ke.info\/en\/redaktorom-wikipedii-pod-rozwage\/\",\"url\":\"https:\/\/siemysli-ke.info\/en\/redaktorom-wikipedii-pod-rozwage\/\",\"name\":\"Redaktorom Wikipedii pod rozwag\u0119 - SI\u0118 MY\u015aLI\",\"isPartOf\":{\"@id\":\"https:\/\/siemysli-ke.info\/en\/#website\"},\"primaryImageOfPage\":{\"@id\":\"https:\/\/siemysli-ke.info\/en\/redaktorom-wikipedii-pod-rozwage\/#primaryimage\"},\"image\":{\"@id\":\"https:\/\/siemysli-ke.info\/en\/redaktorom-wikipedii-pod-rozwage\/#primaryimage\"},\"thumbnailUrl\":\"https:\/\/siemysli-ke.info\/wp-content\/uploads\/2015\/08\/Joanna_Kabala1.jpg\",\"datePublished\":\"2015-08-22T18:14:57+00:00\",\"dateModified\":\"2015-08-23T17:54:20+00:00\",\"breadcrumb\":{\"@id\":\"https:\/\/siemysli-ke.info\/en\/redaktorom-wikipedii-pod-rozwage\/#breadcrumb\"},\"inLanguage\":\"en-US\",\"potentialAction\":[{\"@type\":\"ReadAction\",\"target\":[[\"https:\/\/siemysli-ke.info\/en\/redaktorom-wikipedii-pod-rozwage\/\"]]}]},{\"@type\":\"ImageObject\",\"inLanguage\":\"en-US\",\"@id\":\"https:\/\/siemysli-ke.info\/en\/redaktorom-wikipedii-pod-rozwage\/#primaryimage\",\"url\":\"https:\/\/siemysli-ke.info\/wp-content\/uploads\/2015\/08\/Joanna_Kabala1.jpg\",\"contentUrl\":\"https:\/\/siemysli-ke.info\/wp-content\/uploads\/2015\/08\/Joanna_Kabala1.jpg\",\"width\":480,\"height\":480},{\"@type\":\"BreadcrumbList\",\"@id\":\"https:\/\/siemysli-ke.info\/en\/redaktorom-wikipedii-pod-rozwage\/#breadcrumb\",\"itemListElement\":[{\"@type\":\"ListItem\",\"position\":1,\"name\":\"Home\",\"item\":\"https:\/\/siemysli-ke.info\/en\/\"},{\"@type\":\"ListItem\",\"position\":2,\"name\":\"Redaktorom Wikipedii pod rozwag\u0119\"}]},{\"@type\":\"WebSite\",\"@id\":\"https:\/\/siemysli-ke.info\/en\/#website\",\"url\":\"https:\/\/siemysli-ke.info\/en\/\",\"name\":\"SI\u0118 MY\u015aLI\",\"description\":\"\",\"publisher\":{\"@id\":\"https:\/\/siemysli-ke.info\/en\/#organization\"},\"potentialAction\":[{\"@type\":\"SearchAction\",\"target\":{\"@type\":\"EntryPoint\",\"urlTemplate\":\"https:\/\/siemysli-ke.info\/en\/?s={search_term_string}\"},\"query-input\":{\"@type\":\"PropertyValueSpecification\",\"valueRequired\":true,\"valueName\":\"search_term_string\"}}],\"inLanguage\":\"en-US\"},{\"@type\":\"Organization\",\"@id\":\"https:\/\/siemysli-ke.info\/en\/#organization\",\"name\":\"SI\u0118 MY\u015aLI\",\"url\":\"https:\/\/siemysli-ke.info\/en\/\",\"logo\":{\"@type\":\"ImageObject\",\"inLanguage\":\"en-US\",\"@id\":\"https:\/\/siemysli-ke.info\/en\/#\/schema\/logo\/image\/\",\"url\":\"https:\/\/siemysli-ke.info\/wp-content\/uploads\/2025\/05\/99.png\",\"contentUrl\":\"https:\/\/siemysli-ke.info\/wp-content\/uploads\/2025\/05\/99.png\",\"width\":270,\"height\":204,\"caption\":\"SI\u0118 MY\u015aLI\"},\"image\":{\"@id\":\"https:\/\/siemysli-ke.info\/en\/#\/schema\/logo\/image\/\"}},{\"@type\":\"Person\",\"@id\":\"https:\/\/siemysli-ke.info\/#\/schema\/person\/75326687448d6abf738b156f56385210\",\"name\":\"...\",\"image\":{\"@type\":\"ImageObject\",\"inLanguage\":\"en-US\",\"@id\":\"https:\/\/siemysli-ke.info\/en\/#\/schema\/person\/image\/\",\"url\":\"https:\/\/secure.gravatar.com\/avatar\/33a3c2559155e1b4add65cf88cafda785aeb920f44b97c7055b07866ab5b13c2?s=96&d=mm&r=g\",\"contentUrl\":\"https:\/\/secure.gravatar.com\/avatar\/33a3c2559155e1b4add65cf88cafda785aeb920f44b97c7055b07866ab5b13c2?s=96&d=mm&r=g\",\"caption\":\"...\"},\"url\":\"https:\/\/siemysli-ke.info\/en\/author\/lele\/\"}]}<\/script>\n<!-- \/ Yoast SEO plugin. -->","yoast_head_json":{"title":"Redaktorom Wikipedii pod rozwag\u0119 - SI\u0118 MY\u015aLI","robots":{"index":"index","follow":"follow","max-snippet":"max-snippet:-1","max-image-preview":"max-image-preview:large","max-video-preview":"max-video-preview:-1"},"canonical":"https:\/\/siemysli-ke.info\/en\/redaktorom-wikipedii-pod-rozwage\/","og_locale":"en_US","og_type":"article","og_title":"Redaktorom Wikipedii pod rozwag\u0119 - SI\u0118 MY\u015aLI","og_description":"Zbigniew Sajn\u00f3g postanowi\u0142 opublikowa\u0107 swoj\u0105 korespondencj\u0119 z wikipedystami, odpowiedzialnymi za publikowanie hase\u0142. Nie pierwszyzna, z naszych znajomych znikn\u0105\u0107 raczy\u0142 z","og_url":"https:\/\/siemysli-ke.info\/en\/redaktorom-wikipedii-pod-rozwage\/","og_site_name":"SI\u0118 MY\u015aLI","article_published_time":"2015-08-22T18:14:57+00:00","article_modified_time":"2015-08-23T17:54:20+00:00","og_image":[{"width":480,"height":480,"url":"https:\/\/siemysli-ke.info\/wp-content\/uploads\/2015\/08\/Joanna_Kabala1.jpg","type":"image\/jpeg"}],"author":"...","twitter_misc":{"Written by":"...","Est. reading time":"14 minutes"},"schema":{"@context":"https:\/\/schema.org","@graph":[{"@type":"Article","@id":"https:\/\/siemysli-ke.info\/en\/redaktorom-wikipedii-pod-rozwage\/#article","isPartOf":{"@id":"https:\/\/siemysli-ke.info\/en\/redaktorom-wikipedii-pod-rozwage\/"},"author":{"name":"...","@id":"https:\/\/siemysli-ke.info\/#\/schema\/person\/75326687448d6abf738b156f56385210"},"headline":"Redaktorom Wikipedii pod rozwag\u0119","datePublished":"2015-08-22T18:14:57+00:00","dateModified":"2015-08-23T17:54:20+00:00","mainEntityOfPage":{"@id":"https:\/\/siemysli-ke.info\/en\/redaktorom-wikipedii-pod-rozwage\/"},"wordCount":2783,"commentCount":9,"publisher":{"@id":"https:\/\/siemysli-ke.info\/#organization"},"image":{"@id":"https:\/\/siemysli-ke.info\/en\/redaktorom-wikipedii-pod-rozwage\/#primaryimage"},"thumbnailUrl":"https:\/\/siemysli-ke.info\/wp-content\/uploads\/2015\/08\/Joanna_Kabala1.jpg","keywords":["\"Higiena\"","Andrzej Gwiazda","braking","breaking","Edward L. Soroka","headline","Joanna Kabala","Marian Kara\u015b","pakt Ribbentrop-Mo\u0142otow","pierwsza Solidarno\u015b\u0107","Totart","Vincent van Gogh","Wikipedia","wikipedy\u015bci","You Tube - I Zjazd Mi\u0119dzymiast\u00f3wki Anarchistycznej","ZOMO"],"articleSection":["Kultura","Rzeczypospolita"],"inLanguage":"en-US","potentialAction":[{"@type":"CommentAction","name":"Comment","target":["https:\/\/siemysli-ke.info\/en\/redaktorom-wikipedii-pod-rozwage\/#respond"]}]},{"@type":"WebPage","@id":"https:\/\/siemysli-ke.info\/en\/redaktorom-wikipedii-pod-rozwage\/","url":"https:\/\/siemysli-ke.info\/en\/redaktorom-wikipedii-pod-rozwage\/","name":"Redaktorom Wikipedii pod rozwag\u0119 - SI\u0118 MY\u015aLI","isPartOf":{"@id":"https:\/\/siemysli-ke.info\/en\/#website"},"primaryImageOfPage":{"@id":"https:\/\/siemysli-ke.info\/en\/redaktorom-wikipedii-pod-rozwage\/#primaryimage"},"image":{"@id":"https:\/\/siemysli-ke.info\/en\/redaktorom-wikipedii-pod-rozwage\/#primaryimage"},"thumbnailUrl":"https:\/\/siemysli-ke.info\/wp-content\/uploads\/2015\/08\/Joanna_Kabala1.jpg","datePublished":"2015-08-22T18:14:57+00:00","dateModified":"2015-08-23T17:54:20+00:00","breadcrumb":{"@id":"https:\/\/siemysli-ke.info\/en\/redaktorom-wikipedii-pod-rozwage\/#breadcrumb"},"inLanguage":"en-US","potentialAction":[{"@type":"ReadAction","target":[["https:\/\/siemysli-ke.info\/en\/redaktorom-wikipedii-pod-rozwage\/"]]}]},{"@type":"ImageObject","inLanguage":"en-US","@id":"https:\/\/siemysli-ke.info\/en\/redaktorom-wikipedii-pod-rozwage\/#primaryimage","url":"https:\/\/siemysli-ke.info\/wp-content\/uploads\/2015\/08\/Joanna_Kabala1.jpg","contentUrl":"https:\/\/siemysli-ke.info\/wp-content\/uploads\/2015\/08\/Joanna_Kabala1.jpg","width":480,"height":480},{"@type":"BreadcrumbList","@id":"https:\/\/siemysli-ke.info\/en\/redaktorom-wikipedii-pod-rozwage\/#breadcrumb","itemListElement":[{"@type":"ListItem","position":1,"name":"Home","item":"https:\/\/siemysli-ke.info\/en\/"},{"@type":"ListItem","position":2,"name":"Redaktorom Wikipedii pod rozwag\u0119"}]},{"@type":"WebSite","@id":"https:\/\/siemysli-ke.info\/en\/#website","url":"https:\/\/siemysli-ke.info\/en\/","name":"SI\u0118 MY\u015aLI","description":"","publisher":{"@id":"https:\/\/siemysli-ke.info\/en\/#organization"},"potentialAction":[{"@type":"SearchAction","target":{"@type":"EntryPoint","urlTemplate":"https:\/\/siemysli-ke.info\/en\/?s={search_term_string}"},"query-input":{"@type":"PropertyValueSpecification","valueRequired":true,"valueName":"search_term_string"}}],"inLanguage":"en-US"},{"@type":"Organization","@id":"https:\/\/siemysli-ke.info\/en\/#organization","name":"SI\u0118 MY\u015aLI","url":"https:\/\/siemysli-ke.info\/en\/","logo":{"@type":"ImageObject","inLanguage":"en-US","@id":"https:\/\/siemysli-ke.info\/en\/#\/schema\/logo\/image\/","url":"https:\/\/siemysli-ke.info\/wp-content\/uploads\/2025\/05\/99.png","contentUrl":"https:\/\/siemysli-ke.info\/wp-content\/uploads\/2025\/05\/99.png","width":270,"height":204,"caption":"SI\u0118 MY\u015aLI"},"image":{"@id":"https:\/\/siemysli-ke.info\/en\/#\/schema\/logo\/image\/"}},{"@type":"Person","@id":"https:\/\/siemysli-ke.info\/#\/schema\/person\/75326687448d6abf738b156f56385210","name":"...","image":{"@type":"ImageObject","inLanguage":"en-US","@id":"https:\/\/siemysli-ke.info\/en\/#\/schema\/person\/image\/","url":"https:\/\/secure.gravatar.com\/avatar\/33a3c2559155e1b4add65cf88cafda785aeb920f44b97c7055b07866ab5b13c2?s=96&d=mm&r=g","contentUrl":"https:\/\/secure.gravatar.com\/avatar\/33a3c2559155e1b4add65cf88cafda785aeb920f44b97c7055b07866ab5b13c2?s=96&d=mm&r=g","caption":"..."},"url":"https:\/\/siemysli-ke.info\/en\/author\/lele\/"}]}},"_links":{"self":[{"href":"https:\/\/siemysli-ke.info\/en\/wp-json\/wp\/v2\/posts\/16624","targetHints":{"allow":["GET"]}}],"collection":[{"href":"https:\/\/siemysli-ke.info\/en\/wp-json\/wp\/v2\/posts"}],"about":[{"href":"https:\/\/siemysli-ke.info\/en\/wp-json\/wp\/v2\/types\/post"}],"author":[{"embeddable":true,"href":"https:\/\/siemysli-ke.info\/en\/wp-json\/wp\/v2\/users\/3"}],"replies":[{"embeddable":true,"href":"https:\/\/siemysli-ke.info\/en\/wp-json\/wp\/v2\/comments?post=16624"}],"version-history":[{"count":0,"href":"https:\/\/siemysli-ke.info\/en\/wp-json\/wp\/v2\/posts\/16624\/revisions"}],"wp:featuredmedia":[{"embeddable":true,"href":"https:\/\/siemysli-ke.info\/en\/wp-json\/wp\/v2\/media\/16625"}],"wp:attachment":[{"href":"https:\/\/siemysli-ke.info\/en\/wp-json\/wp\/v2\/media?parent=16624"}],"wp:term":[{"taxonomy":"category","embeddable":true,"href":"https:\/\/siemysli-ke.info\/en\/wp-json\/wp\/v2\/categories?post=16624"},{"taxonomy":"post_tag","embeddable":true,"href":"https:\/\/siemysli-ke.info\/en\/wp-json\/wp\/v2\/tags?post=16624"}],"curies":[{"name":"wp","href":"https:\/\/api.w.org\/{rel}","templated":true}]}}