 {"id":16369,"date":"2015-07-15T13:30:23","date_gmt":"2015-07-15T11:30:23","guid":{"rendered":"http:\/\/www.siemysli.info.ke\/?p=16369"},"modified":"2015-07-16T12:10:17","modified_gmt":"2015-07-16T10:10:17","slug":"unia-europejska-jeden-narod-jedna-rzesza-jeden-wodz","status":"publish","type":"post","link":"https:\/\/siemysli-ke.info\/en\/unia-europejska-jeden-narod-jedna-rzesza-jeden-wodz\/","title":{"rendered":"Unia Europejska &#8211; jeden Nar\u00f3d, jedna Rzesza, jeden W\u00f3dz!"},"content":{"rendered":"<p style=\"text-align: justify;\"><a href=\"http:\/\/www.siemysli.info.ke\/wp-content\/uploads\/2015\/07\/images2.jpg\" rel=\"lightbox[16369]\"><img decoding=\"async\" class=\"alignleft size-full wp-image-16370\" src=\"http:\/\/www.siemysli.info.ke\/wp-content\/uploads\/2015\/07\/images2.jpg\" alt=\"images\" width=\"300\" height=\"168\" \/><\/a>Dzi\u015b w Polsce znudzeni politycy \u00a0przekomarzaj\u0105 si\u0119 o detale. Jednak s\u0105 sprawy, kt\u00f3re ich por\u00f3\u017cniaj\u0105 &#8211; to mocodawcy. Wiadomym jest, \u017ce obecna elita rz\u0105dz\u0105ca, to pacynki Kanclerz Merkel a Prezes Kaczy\u0144ski jest zdalnie sterowany z Waszyngtonu. PiS, mimo \u017ce jeszcze nie przej\u0105\u0142 w\u0142adzy, ju\u017c straszy (poniek\u0105d s\u0142usznie, co i tak niczego nie zmienia, gdy za s\u0142owami nie id\u0105 czyny) unijnymi zap\u0119dami, kt\u00f3re s\u0105 spe\u0142nieniem sn\u00f3w Adolfa Hitlera o wielkiej Germanii. Grecja posz\u0142a ju\u017c na szafot, w kolejce czeka&#8230; Polska. Unia Europejska \u00a0za or\u0119\u017c podboju u\u017cywa nie bomb zapalaj\u0105cych czy oboz\u00f3w koncentracyjnych \u00a0a si\u0142y straszniejszej &#8211; lichwiarskich po\u017cyczek, gigantycznie oprocentowanych. Kanclerz Merkel zmusi\u0142a Grek\u00f3w do przyj\u0119cia upokarzaj\u0105cych warunk\u00f3w, na kt\u00f3re musia\u0142 przysta\u0107 rz\u0105d \u00a0premiera Aleksisa Ciprasa, by nie run\u0105\u0142 ca\u0142y grecki system bankowy, obj\u0119ty banksterskim embargiem. Najpierw wpompowano w Grecj\u0119 miliardy brudnych euro, z kt\u00f3rych wi\u0119kszo\u015bc rozp\u0142yn\u0119\u0142a si\u0119 na kontach greckich oligarch\u00f3w, pozwolono reszt\u0119 <a href=\"http:\/\/www.siemysli.info.ke\/wp-content\/uploads\/2015\/07\/link_hLBG1cmrf7I2jfF1Yis5SoLKgh4TBJ45w300h223.jpg\" rel=\"lightbox[16369]\"><img decoding=\"async\" class=\"alignleft size-full wp-image-16371\" src=\"http:\/\/www.siemysli.info.ke\/wp-content\/uploads\/2015\/07\/link_hLBG1cmrf7I2jfF1Yis5SoLKgh4TBJ45w300h223.jpg\" alt=\"link_hLBG1cmrf7I2jfF1Yis5SoLKgh4TBJ45,w300h223\" width=\"300\" height=\"223\" srcset=\"https:\/\/siemysli-ke.info\/wp-content\/uploads\/2015\/07\/link_hLBG1cmrf7I2jfF1Yis5SoLKgh4TBJ45w300h223.jpg 300w, https:\/\/siemysli-ke.info\/wp-content\/uploads\/2015\/07\/link_hLBG1cmrf7I2jfF1Yis5SoLKgh4TBJ45w300h223-100x75.jpg 100w\" sizes=\"(max-width: 300px) 100vw, 300px\" \/><\/a>rozda\u0107 gawiedzi w systemie os\u0142on socjalnych, boj\u0105c si\u0119 niepokoj\u00f3w, by po latach \u00a0Grecji &#8211; b\u0119d\u0105cej w strefie Euro od 2002 roku &#8211; wystawi\u0107 rachunek. Niemcy powr\u00f3cili do hitlerowskiej retoryki dyscyplinowania gro\u017ab\u0105 absolutnej n\u0119dzy ka\u017cdego, kto odwa\u017cy si\u0119 zakwestionowa\u0107 ten spos\u00f3b dzia\u0142ania, jaki jest po ich my\u015bli, jako sternik\u00f3w nowej &#8211; IV Rzeszy.<\/p>\n<p style=\"text-align: justify;\">Dla Martina Schulza kryzys grecki i wszystkie ujawnione przeze\u0144 systemowe s\u0142abo\u015bci to okazja do tego, by najsilniejsi w Europie mieli prawo domaga\u0107 si\u0119 zmiany kierunku europejskiej integracji. Europa dw\u00f3ch pr\u0119dko\u015bci staje si\u0119 powoli faktem (s\u0142absi zostali ju\u017c skrupulatnie pozbawieni przemys\u0142u i wszelkich bogactw, staj\u0105c si\u0119 montowniami Europy &#8211; jak Polska, czy \u015bmietniskami odpad\u00f3w -niczym Rumunia). Kolejn\u0105 spraw\u0105 b\u0119dzie rozdzielenie pa\u0144stw, nie posiadaj\u0105cych waluty euro i zepchni\u0119cie tych drugich na orbit\u0119 europejskiej IV Rzeszy. Zdaniem przewodnicz\u0105cego Parlamentu Europejskiego &#8211; \u017cadne z pa\u0144stw cz\u0142onkowskich UE nie poradzi sobie samotnie z takimi problemami jak \u015bwiatowy handel, zmiany klimatyczne,\u00a0imigracja, uchylanie si\u0119 od p\u0142acenia podatk\u00f3w czy polityka monetarna. G\u0142\u00f3wny hegemon Unii Europejskiej &#8211; Niemcy spraw\u0119 \u00a0zarz\u0105dzania dobrem innych cz\u0142onk\u00f3w wsp\u00f3lnoty wezm\u0105&#8230; na siebie. Co za tym idzie, tylko oni obrasta\u0107 b\u0119d\u0105 w bogactwo i kwitn\u0105c\u0105\u00a0 gospodark\u0119.<\/p>\n<p style=\"text-align: justify;\"><a href=\"http:\/\/www.siemysli.info.ke\/wp-content\/uploads\/2015\/07\/merkelhitler.jpeg\" rel=\"lightbox[16369]\"><img decoding=\"async\" class=\"alignleft size-full wp-image-16372\" src=\"http:\/\/www.siemysli.info.ke\/wp-content\/uploads\/2015\/07\/merkelhitler.jpeg\" alt=\"merkelhitler\" width=\"300\" height=\"126\" \/><\/a>&#8220;G\u0142\u00f3wne i wa\u017cne sprawy europejskie nie mog\u0105 by\u0107 d\u0142u\u017cej rozwi\u0105zywane przez rz\u0105dy narodowe. Potrzebujemy wsp\u00f3lnotowych instytucji. W kt\u00f3rym\u015b momencie b\u0119dziemy potrzebowa\u0107 rz\u0105du europejskiego&#8221; &#8211; powiedzia\u0142 tygodnikowi <em>Stern<\/em> Martin Schulz, jeden z najwa\u017cniejszych niemieckich polityk\u00f3w, obecnie przewodnicz\u0105cy Parlamentu Europejskiego.<\/p>\n<p style=\"text-align: justify;\">Czy\u017cby wi\u0119c kryzys grecki by\u0142 dla Niemc\u00f3w pretekstem do powo\u0142ania rz\u0105du europejskiego, kt\u00f3ry \u00a0b\u0119dzie porz\u0105dkiem, jaki zaprowadza\u0142 ju\u017c na Starym Kontynencie \u00a0Adolf Hitler?<\/p>\n<p>&nbsp;<\/p>\n<p style=\"text-align: right;\"><strong>Roman Boryczko,<\/strong><\/p>\n<p style=\"text-align: right;\"><em> lipiec 2015<\/em><\/p>\n<p>&nbsp;<\/p>\n<p>&nbsp;<\/p>\n","protected":false},"excerpt":{"rendered":"<p>Dzi\u015b w Polsce znudzeni politycy \u00a0przekomarzaj\u0105 si\u0119 o detale. Jednak s\u0105 sprawy, kt\u00f3re ich por\u00f3\u017cniaj\u0105 &#8211; to mocodawcy. Wiadomym jest,<\/p>\n","protected":false},"author":7,"featured_media":16371,"comment_status":"open","ping_status":"open","sticky":false,"template":"","format":"standard","meta":{"colormag_page_layout":"default_layout","footnotes":""},"categories":[7,6],"tags":[2880,2882,2157,89,92,2878,2881,2884,202,2883,207],"class_list":["post-16369","post","type-post","status-publish","format-standard","has-post-thumbnail","hentry","category-gospodarka","category-ue","tag-stern","tag-adolf-hitler","tag-angela-merkel","tag-breaking","tag-headline","tag-iv-rzesza","tag-martin-schulz","tag-polska-rumunia","tag-roman-boryczko","tag-tragedia-grecji","tag-unia-europejska"],"yoast_head":"<!-- This site is optimized with the Yoast SEO plugin v25.1 - https:\/\/yoast.com\/wordpress\/plugins\/seo\/ -->\n<title>Unia Europejska - jeden Nar\u00f3d, jedna Rzesza, jeden W\u00f3dz! - SI\u0118 MY\u015aLI<\/title>\n<meta name=\"robots\" content=\"index, follow, max-snippet:-1, max-image-preview:large, max-video-preview:-1\" \/>\n<link rel=\"canonical\" href=\"https:\/\/siemysli-ke.info\/en\/unia-europejska-jeden-narod-jedna-rzesza-jeden-wodz\/\" \/>\n<meta property=\"og:locale\" content=\"en_US\" \/>\n<meta property=\"og:type\" content=\"article\" \/>\n<meta property=\"og:title\" content=\"Unia Europejska - jeden Nar\u00f3d, jedna Rzesza, jeden W\u00f3dz! - SI\u0118 MY\u015aLI\" \/>\n<meta property=\"og:description\" content=\"Dzi\u015b w Polsce znudzeni politycy \u00a0przekomarzaj\u0105 si\u0119 o detale. Jednak s\u0105 sprawy, kt\u00f3re ich por\u00f3\u017cniaj\u0105 &#8211; to mocodawcy. Wiadomym jest,\" \/>\n<meta property=\"og:url\" content=\"https:\/\/siemysli-ke.info\/en\/unia-europejska-jeden-narod-jedna-rzesza-jeden-wodz\/\" \/>\n<meta property=\"og:site_name\" content=\"SI\u0118 MY\u015aLI\" \/>\n<meta property=\"article:published_time\" content=\"2015-07-15T11:30:23+00:00\" \/>\n<meta property=\"article:modified_time\" content=\"2015-07-16T10:10:17+00:00\" \/>\n<meta property=\"og:image\" content=\"https:\/\/siemysli-ke.info\/wp-content\/uploads\/2015\/07\/link_hLBG1cmrf7I2jfF1Yis5SoLKgh4TBJ45w300h223.jpg\" \/>\n\t<meta property=\"og:image:width\" content=\"300\" \/>\n\t<meta property=\"og:image:height\" content=\"223\" \/>\n\t<meta property=\"og:image:type\" content=\"image\/jpeg\" \/>\n<meta name=\"author\" content=\"Jaromir\" \/>\n<meta name=\"twitter:label1\" content=\"Written by\" \/>\n\t<meta name=\"twitter:data1\" content=\"Jaromir\" \/>\n\t<meta name=\"twitter:label2\" content=\"Est. reading time\" \/>\n\t<meta name=\"twitter:data2\" content=\"2 minutes\" \/>\n<script type=\"application\/ld+json\" class=\"yoast-schema-graph\">{\"@context\":\"https:\/\/schema.org\",\"@graph\":[{\"@type\":\"Article\",\"@id\":\"https:\/\/siemysli-ke.info\/en\/unia-europejska-jeden-narod-jedna-rzesza-jeden-wodz\/#article\",\"isPartOf\":{\"@id\":\"https:\/\/siemysli-ke.info\/en\/unia-europejska-jeden-narod-jedna-rzesza-jeden-wodz\/\"},\"author\":{\"name\":\"Jaromir\",\"@id\":\"https:\/\/siemysli-ke.info\/#\/schema\/person\/66d741fa745a44f2fe46d112bc6499f2\"},\"headline\":\"Unia Europejska &#8211; jeden Nar\u00f3d, jedna Rzesza, jeden W\u00f3dz!\",\"datePublished\":\"2015-07-15T11:30:23+00:00\",\"dateModified\":\"2015-07-16T10:10:17+00:00\",\"mainEntityOfPage\":{\"@id\":\"https:\/\/siemysli-ke.info\/en\/unia-europejska-jeden-narod-jedna-rzesza-jeden-wodz\/\"},\"wordCount\":498,\"commentCount\":0,\"publisher\":{\"@id\":\"https:\/\/siemysli-ke.info\/#organization\"},\"image\":{\"@id\":\"https:\/\/siemysli-ke.info\/en\/unia-europejska-jeden-narod-jedna-rzesza-jeden-wodz\/#primaryimage\"},\"thumbnailUrl\":\"https:\/\/siemysli-ke.info\/wp-content\/uploads\/2015\/07\/link_hLBG1cmrf7I2jfF1Yis5SoLKgh4TBJ45w300h223.jpg\",\"keywords\":[\"\\\"Stern\\\"\",\"Adolf Hitler\",\"Angela Merkel\",\"breaking\",\"headline\",\"IV Rzesza\",\"Martin Schulz\",\"Polska Rumunia\",\"Roman Boryczko\",\"tragedia Grecji\",\"Unia Europejska\"],\"articleSection\":[\"Gospodarka i polityka\",\"Unia Europejska\"],\"inLanguage\":\"en-US\",\"potentialAction\":[{\"@type\":\"CommentAction\",\"name\":\"Comment\",\"target\":[\"https:\/\/siemysli-ke.info\/en\/unia-europejska-jeden-narod-jedna-rzesza-jeden-wodz\/#respond\"]}]},{\"@type\":\"WebPage\",\"@id\":\"https:\/\/siemysli-ke.info\/en\/unia-europejska-jeden-narod-jedna-rzesza-jeden-wodz\/\",\"url\":\"https:\/\/siemysli-ke.info\/en\/unia-europejska-jeden-narod-jedna-rzesza-jeden-wodz\/\",\"name\":\"Unia Europejska - jeden Nar\u00f3d, jedna Rzesza, jeden W\u00f3dz! - SI\u0118 MY\u015aLI\",\"isPartOf\":{\"@id\":\"https:\/\/siemysli-ke.info\/en\/#website\"},\"primaryImageOfPage\":{\"@id\":\"https:\/\/siemysli-ke.info\/en\/unia-europejska-jeden-narod-jedna-rzesza-jeden-wodz\/#primaryimage\"},\"image\":{\"@id\":\"https:\/\/siemysli-ke.info\/en\/unia-europejska-jeden-narod-jedna-rzesza-jeden-wodz\/#primaryimage\"},\"thumbnailUrl\":\"https:\/\/siemysli-ke.info\/wp-content\/uploads\/2015\/07\/link_hLBG1cmrf7I2jfF1Yis5SoLKgh4TBJ45w300h223.jpg\",\"datePublished\":\"2015-07-15T11:30:23+00:00\",\"dateModified\":\"2015-07-16T10:10:17+00:00\",\"breadcrumb\":{\"@id\":\"https:\/\/siemysli-ke.info\/en\/unia-europejska-jeden-narod-jedna-rzesza-jeden-wodz\/#breadcrumb\"},\"inLanguage\":\"en-US\",\"potentialAction\":[{\"@type\":\"ReadAction\",\"target\":[[\"https:\/\/siemysli-ke.info\/en\/unia-europejska-jeden-narod-jedna-rzesza-jeden-wodz\/\"]]}]},{\"@type\":\"ImageObject\",\"inLanguage\":\"en-US\",\"@id\":\"https:\/\/siemysli-ke.info\/en\/unia-europejska-jeden-narod-jedna-rzesza-jeden-wodz\/#primaryimage\",\"url\":\"https:\/\/siemysli-ke.info\/wp-content\/uploads\/2015\/07\/link_hLBG1cmrf7I2jfF1Yis5SoLKgh4TBJ45w300h223.jpg\",\"contentUrl\":\"https:\/\/siemysli-ke.info\/wp-content\/uploads\/2015\/07\/link_hLBG1cmrf7I2jfF1Yis5SoLKgh4TBJ45w300h223.jpg\",\"width\":300,\"height\":223},{\"@type\":\"BreadcrumbList\",\"@id\":\"https:\/\/siemysli-ke.info\/en\/unia-europejska-jeden-narod-jedna-rzesza-jeden-wodz\/#breadcrumb\",\"itemListElement\":[{\"@type\":\"ListItem\",\"position\":1,\"name\":\"Home\",\"item\":\"https:\/\/siemysli-ke.info\/en\/\"},{\"@type\":\"ListItem\",\"position\":2,\"name\":\"Unia Europejska &#8211; jeden Nar\u00f3d, jedna Rzesza, jeden W\u00f3dz!\"}]},{\"@type\":\"WebSite\",\"@id\":\"https:\/\/siemysli-ke.info\/en\/#website\",\"url\":\"https:\/\/siemysli-ke.info\/en\/\",\"name\":\"SI\u0118 MY\u015aLI\",\"description\":\"\",\"publisher\":{\"@id\":\"https:\/\/siemysli-ke.info\/en\/#organization\"},\"potentialAction\":[{\"@type\":\"SearchAction\",\"target\":{\"@type\":\"EntryPoint\",\"urlTemplate\":\"https:\/\/siemysli-ke.info\/en\/?s={search_term_string}\"},\"query-input\":{\"@type\":\"PropertyValueSpecification\",\"valueRequired\":true,\"valueName\":\"search_term_string\"}}],\"inLanguage\":\"en-US\"},{\"@type\":\"Organization\",\"@id\":\"https:\/\/siemysli-ke.info\/en\/#organization\",\"name\":\"SI\u0118 MY\u015aLI\",\"url\":\"https:\/\/siemysli-ke.info\/en\/\",\"logo\":{\"@type\":\"ImageObject\",\"inLanguage\":\"en-US\",\"@id\":\"https:\/\/siemysli-ke.info\/en\/#\/schema\/logo\/image\/\",\"url\":\"https:\/\/siemysli-ke.info\/wp-content\/uploads\/2025\/05\/99.png\",\"contentUrl\":\"https:\/\/siemysli-ke.info\/wp-content\/uploads\/2025\/05\/99.png\",\"width\":270,\"height\":204,\"caption\":\"SI\u0118 MY\u015aLI\"},\"image\":{\"@id\":\"https:\/\/siemysli-ke.info\/en\/#\/schema\/logo\/image\/\"}},{\"@type\":\"Person\",\"@id\":\"https:\/\/siemysli-ke.info\/#\/schema\/person\/66d741fa745a44f2fe46d112bc6499f2\",\"name\":\"Jaromir\",\"image\":{\"@type\":\"ImageObject\",\"inLanguage\":\"en-US\",\"@id\":\"https:\/\/siemysli-ke.info\/en\/#\/schema\/person\/image\/\",\"url\":\"https:\/\/secure.gravatar.com\/avatar\/fe881559e8ac8dda20293e9e8317d4678c6ad8f65f85a9ce5e1a87cee56b6198?s=96&d=mm&r=g\",\"contentUrl\":\"https:\/\/secure.gravatar.com\/avatar\/fe881559e8ac8dda20293e9e8317d4678c6ad8f65f85a9ce5e1a87cee56b6198?s=96&d=mm&r=g\",\"caption\":\"Jaromir\"},\"url\":\"https:\/\/siemysli-ke.info\/en\/author\/jaromir\/\"}]}<\/script>\n<!-- \/ Yoast SEO plugin. -->","yoast_head_json":{"title":"Unia Europejska - jeden Nar\u00f3d, jedna Rzesza, jeden W\u00f3dz! - SI\u0118 MY\u015aLI","robots":{"index":"index","follow":"follow","max-snippet":"max-snippet:-1","max-image-preview":"max-image-preview:large","max-video-preview":"max-video-preview:-1"},"canonical":"https:\/\/siemysli-ke.info\/en\/unia-europejska-jeden-narod-jedna-rzesza-jeden-wodz\/","og_locale":"en_US","og_type":"article","og_title":"Unia Europejska - jeden Nar\u00f3d, jedna Rzesza, jeden W\u00f3dz! - SI\u0118 MY\u015aLI","og_description":"Dzi\u015b w Polsce znudzeni politycy \u00a0przekomarzaj\u0105 si\u0119 o detale. Jednak s\u0105 sprawy, kt\u00f3re ich por\u00f3\u017cniaj\u0105 &#8211; to mocodawcy. Wiadomym jest,","og_url":"https:\/\/siemysli-ke.info\/en\/unia-europejska-jeden-narod-jedna-rzesza-jeden-wodz\/","og_site_name":"SI\u0118 MY\u015aLI","article_published_time":"2015-07-15T11:30:23+00:00","article_modified_time":"2015-07-16T10:10:17+00:00","og_image":[{"width":300,"height":223,"url":"https:\/\/siemysli-ke.info\/wp-content\/uploads\/2015\/07\/link_hLBG1cmrf7I2jfF1Yis5SoLKgh4TBJ45w300h223.jpg","type":"image\/jpeg"}],"author":"Jaromir","twitter_misc":{"Written by":"Jaromir","Est. reading time":"2 minutes"},"schema":{"@context":"https:\/\/schema.org","@graph":[{"@type":"Article","@id":"https:\/\/siemysli-ke.info\/en\/unia-europejska-jeden-narod-jedna-rzesza-jeden-wodz\/#article","isPartOf":{"@id":"https:\/\/siemysli-ke.info\/en\/unia-europejska-jeden-narod-jedna-rzesza-jeden-wodz\/"},"author":{"name":"Jaromir","@id":"https:\/\/siemysli-ke.info\/#\/schema\/person\/66d741fa745a44f2fe46d112bc6499f2"},"headline":"Unia Europejska &#8211; jeden Nar\u00f3d, jedna Rzesza, jeden W\u00f3dz!","datePublished":"2015-07-15T11:30:23+00:00","dateModified":"2015-07-16T10:10:17+00:00","mainEntityOfPage":{"@id":"https:\/\/siemysli-ke.info\/en\/unia-europejska-jeden-narod-jedna-rzesza-jeden-wodz\/"},"wordCount":498,"commentCount":0,"publisher":{"@id":"https:\/\/siemysli-ke.info\/#organization"},"image":{"@id":"https:\/\/siemysli-ke.info\/en\/unia-europejska-jeden-narod-jedna-rzesza-jeden-wodz\/#primaryimage"},"thumbnailUrl":"https:\/\/siemysli-ke.info\/wp-content\/uploads\/2015\/07\/link_hLBG1cmrf7I2jfF1Yis5SoLKgh4TBJ45w300h223.jpg","keywords":["\"Stern\"","Adolf Hitler","Angela Merkel","breaking","headline","IV Rzesza","Martin Schulz","Polska Rumunia","Roman Boryczko","tragedia Grecji","Unia Europejska"],"articleSection":["Gospodarka i polityka","Unia Europejska"],"inLanguage":"en-US","potentialAction":[{"@type":"CommentAction","name":"Comment","target":["https:\/\/siemysli-ke.info\/en\/unia-europejska-jeden-narod-jedna-rzesza-jeden-wodz\/#respond"]}]},{"@type":"WebPage","@id":"https:\/\/siemysli-ke.info\/en\/unia-europejska-jeden-narod-jedna-rzesza-jeden-wodz\/","url":"https:\/\/siemysli-ke.info\/en\/unia-europejska-jeden-narod-jedna-rzesza-jeden-wodz\/","name":"Unia Europejska - jeden Nar\u00f3d, jedna Rzesza, jeden W\u00f3dz! - SI\u0118 MY\u015aLI","isPartOf":{"@id":"https:\/\/siemysli-ke.info\/en\/#website"},"primaryImageOfPage":{"@id":"https:\/\/siemysli-ke.info\/en\/unia-europejska-jeden-narod-jedna-rzesza-jeden-wodz\/#primaryimage"},"image":{"@id":"https:\/\/siemysli-ke.info\/en\/unia-europejska-jeden-narod-jedna-rzesza-jeden-wodz\/#primaryimage"},"thumbnailUrl":"https:\/\/siemysli-ke.info\/wp-content\/uploads\/2015\/07\/link_hLBG1cmrf7I2jfF1Yis5SoLKgh4TBJ45w300h223.jpg","datePublished":"2015-07-15T11:30:23+00:00","dateModified":"2015-07-16T10:10:17+00:00","breadcrumb":{"@id":"https:\/\/siemysli-ke.info\/en\/unia-europejska-jeden-narod-jedna-rzesza-jeden-wodz\/#breadcrumb"},"inLanguage":"en-US","potentialAction":[{"@type":"ReadAction","target":[["https:\/\/siemysli-ke.info\/en\/unia-europejska-jeden-narod-jedna-rzesza-jeden-wodz\/"]]}]},{"@type":"ImageObject","inLanguage":"en-US","@id":"https:\/\/siemysli-ke.info\/en\/unia-europejska-jeden-narod-jedna-rzesza-jeden-wodz\/#primaryimage","url":"https:\/\/siemysli-ke.info\/wp-content\/uploads\/2015\/07\/link_hLBG1cmrf7I2jfF1Yis5SoLKgh4TBJ45w300h223.jpg","contentUrl":"https:\/\/siemysli-ke.info\/wp-content\/uploads\/2015\/07\/link_hLBG1cmrf7I2jfF1Yis5SoLKgh4TBJ45w300h223.jpg","width":300,"height":223},{"@type":"BreadcrumbList","@id":"https:\/\/siemysli-ke.info\/en\/unia-europejska-jeden-narod-jedna-rzesza-jeden-wodz\/#breadcrumb","itemListElement":[{"@type":"ListItem","position":1,"name":"Home","item":"https:\/\/siemysli-ke.info\/en\/"},{"@type":"ListItem","position":2,"name":"Unia Europejska &#8211; jeden Nar\u00f3d, jedna Rzesza, jeden W\u00f3dz!"}]},{"@type":"WebSite","@id":"https:\/\/siemysli-ke.info\/en\/#website","url":"https:\/\/siemysli-ke.info\/en\/","name":"SI\u0118 MY\u015aLI","description":"","publisher":{"@id":"https:\/\/siemysli-ke.info\/en\/#organization"},"potentialAction":[{"@type":"SearchAction","target":{"@type":"EntryPoint","urlTemplate":"https:\/\/siemysli-ke.info\/en\/?s={search_term_string}"},"query-input":{"@type":"PropertyValueSpecification","valueRequired":true,"valueName":"search_term_string"}}],"inLanguage":"en-US"},{"@type":"Organization","@id":"https:\/\/siemysli-ke.info\/en\/#organization","name":"SI\u0118 MY\u015aLI","url":"https:\/\/siemysli-ke.info\/en\/","logo":{"@type":"ImageObject","inLanguage":"en-US","@id":"https:\/\/siemysli-ke.info\/en\/#\/schema\/logo\/image\/","url":"https:\/\/siemysli-ke.info\/wp-content\/uploads\/2025\/05\/99.png","contentUrl":"https:\/\/siemysli-ke.info\/wp-content\/uploads\/2025\/05\/99.png","width":270,"height":204,"caption":"SI\u0118 MY\u015aLI"},"image":{"@id":"https:\/\/siemysli-ke.info\/en\/#\/schema\/logo\/image\/"}},{"@type":"Person","@id":"https:\/\/siemysli-ke.info\/#\/schema\/person\/66d741fa745a44f2fe46d112bc6499f2","name":"Jaromir","image":{"@type":"ImageObject","inLanguage":"en-US","@id":"https:\/\/siemysli-ke.info\/en\/#\/schema\/person\/image\/","url":"https:\/\/secure.gravatar.com\/avatar\/fe881559e8ac8dda20293e9e8317d4678c6ad8f65f85a9ce5e1a87cee56b6198?s=96&d=mm&r=g","contentUrl":"https:\/\/secure.gravatar.com\/avatar\/fe881559e8ac8dda20293e9e8317d4678c6ad8f65f85a9ce5e1a87cee56b6198?s=96&d=mm&r=g","caption":"Jaromir"},"url":"https:\/\/siemysli-ke.info\/en\/author\/jaromir\/"}]}},"_links":{"self":[{"href":"https:\/\/siemysli-ke.info\/en\/wp-json\/wp\/v2\/posts\/16369","targetHints":{"allow":["GET"]}}],"collection":[{"href":"https:\/\/siemysli-ke.info\/en\/wp-json\/wp\/v2\/posts"}],"about":[{"href":"https:\/\/siemysli-ke.info\/en\/wp-json\/wp\/v2\/types\/post"}],"author":[{"embeddable":true,"href":"https:\/\/siemysli-ke.info\/en\/wp-json\/wp\/v2\/users\/7"}],"replies":[{"embeddable":true,"href":"https:\/\/siemysli-ke.info\/en\/wp-json\/wp\/v2\/comments?post=16369"}],"version-history":[{"count":0,"href":"https:\/\/siemysli-ke.info\/en\/wp-json\/wp\/v2\/posts\/16369\/revisions"}],"wp:featuredmedia":[{"embeddable":true,"href":"https:\/\/siemysli-ke.info\/en\/wp-json\/wp\/v2\/media\/16371"}],"wp:attachment":[{"href":"https:\/\/siemysli-ke.info\/en\/wp-json\/wp\/v2\/media?parent=16369"}],"wp:term":[{"taxonomy":"category","embeddable":true,"href":"https:\/\/siemysli-ke.info\/en\/wp-json\/wp\/v2\/categories?post=16369"},{"taxonomy":"post_tag","embeddable":true,"href":"https:\/\/siemysli-ke.info\/en\/wp-json\/wp\/v2\/tags?post=16369"}],"curies":[{"name":"wp","href":"https:\/\/api.w.org\/{rel}","templated":true}]}}