 {"id":16046,"date":"2015-06-21T14:09:24","date_gmt":"2015-06-21T12:09:24","guid":{"rendered":"http:\/\/www.siemysli.info.ke\/?p=16046"},"modified":"2015-06-23T00:21:59","modified_gmt":"2015-06-22T22:21:59","slug":"rasistowska-krucjata-dylanna-roofa","status":"publish","type":"post","link":"https:\/\/siemysli-ke.info\/en\/rasistowska-krucjata-dylanna-roofa\/","title":{"rendered":"Rasistowska krucjata Dylanna Roofa"},"content":{"rendered":"<p style=\"text-align: justify;\"><a href=\"http:\/\/www.siemysli.info.ke\/wp-content\/uploads\/2015\/06\/81b91f0b2487b943deefadd0cbc63c92.jpg\" rel=\"lightbox[16046]\"><img decoding=\"async\" class=\"alignleft size-medium wp-image-16047\" src=\"http:\/\/www.siemysli.info.ke\/wp-content\/uploads\/2015\/06\/81b91f0b2487b943deefadd0cbc63c92-300x225.jpg\" alt=\"81b91f0b2487b943deefadd0cbc63c92\" width=\"300\" height=\"225\" srcset=\"https:\/\/siemysli-ke.info\/wp-content\/uploads\/2015\/06\/81b91f0b2487b943deefadd0cbc63c92-300x225.jpg 300w, https:\/\/siemysli-ke.info\/wp-content\/uploads\/2015\/06\/81b91f0b2487b943deefadd0cbc63c92.jpg 948w\" sizes=\"(max-width: 300px) 100vw, 300px\" \/><\/a>Dylann Roof, 21-latek oskar\u017cony z pobudek rasistowskich o zamordowanie dziewi\u0119ciu czarnych, zosta\u0142 schwytany w czwartek rano, co ko\u0144czy\u0142o 14-godzinny dramatyczny po\u015bcig za jego osob\u0105. Dylann spokojnie wszed\u0142 do zabytkowego \u00a0ko\u015bcio\u0142a \u00a0w Charleston w Po\u0142udniowej Karolinie, nie wzbudzaj\u0105c niczyich podejrze\u0144. Ch\u0142opak przez godzin\u0119 siedzia\u0142 razem z uczestnikami spotkania modlitewnego, podczas kt\u00f3rego czytano <em>Bibli\u0119<\/em>, zanim wyci\u0105gn\u0105\u0142 bro\u0144 i zacz\u0105\u0142 strzela\u0107 metodycznie do wszystkich, nieznanych sobie, niewinnych ofiar. Aresztowanie Roofa przynosi ulg\u0119 Ameryce, targanej coraz cz\u0119\u015bciej atakami szale\u0144c\u00f3w, uzbrojonych w \u00a0bro\u0144 automatyczn\u0105. Wed\u0142ug telewizji <em>NBC News<\/em>, kt\u00f3ra powo\u0142a\u0142a si\u0119 na \u017ar\u00f3d\u0142a policyjne, podczas przes\u0142uchania Roof zezna\u0142, \u017ce &#8220;chcia\u0142 wypowiedzie\u0107 wojn\u0119 rasow\u0105&#8221;. Na stronie internetowej, o jakiej FBI dowiedzia\u0142o si\u0119 w sobot\u0119, znajduj\u0105 si\u0119 zdj\u0119cia, gdzie wida\u0107, jak 21-letni Dylann Roof pali flag\u0119 USA i j\u0105 depcze; inne dokumentuj\u0105 jego wycieczk\u0119 do by\u0142ej plantacji, gdzie dawniej zmuszano do pracy czarnosk\u00f3rych niewolnik\u00f3w. Na niekt\u00f3rych fotografiach m\u0119\u017cczyzna trzyma te\u017c flag\u0119 <a href=\"http:\/\/www.siemysli.info.ke\/wp-content\/uploads\/2015\/06\/150618111734-02-dylann-roof-charleston-shooter-exlarge-169.jpg\" rel=\"lightbox[16046]\"><img decoding=\"async\" class=\"alignleft size-medium wp-image-16048\" src=\"http:\/\/www.siemysli.info.ke\/wp-content\/uploads\/2015\/06\/150618111734-02-dylann-roof-charleston-shooter-exlarge-169-300x165.jpg\" alt=\"150618111734-02-dylann-roof-charleston-shooter-exlarge-169\" width=\"300\" height=\"165\" srcset=\"https:\/\/siemysli-ke.info\/wp-content\/uploads\/2015\/06\/150618111734-02-dylann-roof-charleston-shooter-exlarge-169-300x165.jpg 300w, https:\/\/siemysli-ke.info\/wp-content\/uploads\/2015\/06\/150618111734-02-dylann-roof-charleston-shooter-exlarge-169.jpg 370w\" sizes=\"(max-width: 300px) 100vw, 300px\" \/><\/a>Konfederacji, b\u0119d\u0105cej podczas wojny secesyjnej \u00a0symbolem \u00a0ameryka\u0144skiego Po\u0142udnia, kt\u00f3re postanowi\u0142o od\u0142\u0105czy\u0107 si\u0119 od P\u00f3\u0142nocy, aby zapobiec zniesieniu niewolnictwa. Z tego powodu flaga Konfederacji jest przez wielu postrzegana jako symbol supremacji bia\u0142ych. Strona internetowa zawiera te\u017c rasistowski w wymowie manifest, gdzie mowa jest o wy\u017cszo\u015bci rasy bia\u0142ej nad czarn\u0105. Roof lubi\u0142 styl militarny, naszywaj\u0105c sobie symbole rasistowskich re\u017cim\u00f3w, kt\u00f3re rz\u0105dzi\u0142y w bia\u0142ej Rodezji i RPA. Dalton Tyler, wsp\u00f3\u0142lokator Roofa wyzna\u0142, \u017ce ch\u0142opak d\u0105\u017cy\u0142 do wywo\u0142ania konfliktu rasowego w USA, ci\u0105gle oskar\u017ca\u0142 czarnosk\u00f3rych, i\u017c s\u0105 paso\u017cytami, trafiaj\u0105cymi tylko do krymina\u0142u i rozk\u0142adaj\u0105cymi jak rak zdrowe bia\u0142e spo\u0142ecze\u0144stwo. Dylann Roof s\u0142ucha\u0142 muzyki <em>white power<\/em> i <em>black metalu<\/em>, kt\u00f3rych tre\u015b\u0107 wzmacnia\u0142a jego rasistowskie przekonania. Kolejny cios dla psychiki Roofa nadszed\u0142 ze strony zawodu mi\u0142osnego, jaki go dotkn\u0105\u0142. Czarnosk\u00f3ry ch\u0142opak odbi\u0142 mu dziewczyn\u0119, kt\u00f3ra mu si\u0119 podoba\u0142a. Ten scenariusz przypomina sytuacj\u0119 Elliota Rodgera &#8211; <a href=\"http:\/\/www.siemysli.info.ke\/wp-content\/uploads\/2015\/06\/978x.jpg\" rel=\"lightbox[16046]\"><img decoding=\"async\" class=\"alignleft size-medium wp-image-16049\" src=\"http:\/\/www.siemysli.info.ke\/wp-content\/uploads\/2015\/06\/978x-300x169.jpg\" alt=\"978x\" width=\"300\" height=\"169\" srcset=\"https:\/\/siemysli-ke.info\/wp-content\/uploads\/2015\/06\/978x-300x169.jpg 300w, https:\/\/siemysli-ke.info\/wp-content\/uploads\/2015\/06\/978x.jpg 978w\" sizes=\"(max-width: 300px) 100vw, 300px\" \/><\/a>ten w dniu 23. maja 2014 r. zastrzeli\u0142 sze\u015b\u0107 os\u00f3b w Isla Vista w Kaliforni. Wtedy m\u00f3wi\u0142 &#8220;Jak gorszy, ma\u0142o atrakcyjny czarny ch\u0142opak, m\u00f3g\u0142 by\u0107 w stanie uzyska\u0107 bia\u0142\u0105 dziewczyn\u0119, a nie mnie?&#8221;.<\/p>\n<p style=\"text-align: justify;\">Dzi\u015b nagle wychodzi na jaw, \u017ce od tego niefortunnego rozstania nikt nie mia\u0142 wp\u0142ywu na poczynania ch\u0142opaka. Jedno jest pewne &#8211; wpl\u0105ta\u0142 si\u0119 w jak\u0105\u015b rasistowsk\u0105 grup\u0119, zmieni\u0142 nie do poznania, sta\u0142 si\u0119 samotnikiem.<\/p>\n<p style=\"text-align: justify;\">Sk\u0105d ta frustracja, ten l\u0119k, nienawi\u015b\u0107 i agresja?<\/p>\n<p style=\"text-align: justify;\">Dylann Roof by\u0142 bia\u0142ym ch\u0142opakiem bez perspektyw, dla kt\u00f3rego szczytem kariery mo\u017ce by\u0107 etat w jad\u0142odajni czy supermarkecie. A jak wygl\u0105da dzi\u015b ameryka\u0144ski sen?<\/p>\n<p style=\"text-align: justify;\">\u00a0Teraz Ameryka wygl\u0105da przygn\u0119biaj\u0105co. To ju\u017c nie s\u0105 setki, lecz tysi\u0105ce \u017cebrz\u0105cych. Na stacjach metra, ulicach, skwerach. Bieda z bogactwem miesza si\u0119 w najbardziej uderzaj\u0105cy <a href=\"http:\/\/www.siemysli.info.ke\/wp-content\/uploads\/2015\/06\/df8a6726f0232d57d04ed1b290d62721.jpg\" rel=\"lightbox[16046]\"><img decoding=\"async\" class=\"alignleft size-medium wp-image-16050\" src=\"http:\/\/www.siemysli.info.ke\/wp-content\/uploads\/2015\/06\/df8a6726f0232d57d04ed1b290d62721-300x225.jpg\" alt=\"df8a6726f0232d57d04ed1b290d62721\" width=\"300\" height=\"225\" srcset=\"https:\/\/siemysli-ke.info\/wp-content\/uploads\/2015\/06\/df8a6726f0232d57d04ed1b290d62721-300x225.jpg 300w, https:\/\/siemysli-ke.info\/wp-content\/uploads\/2015\/06\/df8a6726f0232d57d04ed1b290d62721-316x237.jpg 316w, https:\/\/siemysli-ke.info\/wp-content\/uploads\/2015\/06\/df8a6726f0232d57d04ed1b290d62721-100x75.jpg 100w, https:\/\/siemysli-ke.info\/wp-content\/uploads\/2015\/06\/df8a6726f0232d57d04ed1b290d62721.jpg 948w\" sizes=\"(max-width: 300px) 100vw, 300px\" \/><\/a>spos\u00f3b. Uderzaj\u0105ce jest r\u00f3wnie\u017c to, \u017ce r\u0119ce po pieni\u0105dze wyci\u0105gaj\u0105 nie tylko Afroamerykanie czy nielegalnie przebywaj\u0105cy w USA Latynosi, lecz tak\u017ce biali. G\u0142\u00f3wnie m\u0119\u017cczy\u017ani w sile wieku, ci teoretycznie rzadziej popadaj\u0105cy w bied\u0119. Wygl\u0105daj\u0105cy tak, jakby jeszcze przed chwil\u0105 grillowali z rodzin\u0105 przed domem. Dzi\u015b rozpalaj\u0105 koksowniki, by si\u0119 ogrza\u0107 i rozk\u0142adaj\u0105 kartony i koce na prowizorycznych legowiskach.<\/p>\n<p style=\"text-align: justify;\">Polityczny system USA, kt\u00f3ry powinien odpowiada\u0107 na najwi\u0119ksze problemy obywateli, odwraca si\u0119 od problem\u00f3w tych najbiedniejszych. Niezaprzeczalne jest to, \u017ce kryzys zaowocowa\u0142 pojawieniem si\u0119 nowych grup spo\u0142ecznych: pracuj\u0105cych biednych, ukrytych bezrobotnych, rodzin z niepewno\u015bci\u0105 \u017cywno\u015bciow\u0105 i dzieci dziedzicz\u0105cych ub\u00f3stwo. To 50-milionowa armia.<\/p>\n<p style=\"text-align: justify;\">O tym, i\u017c naprawd\u0119 dzieje si\u0119 \u017ale, wiadomo od co najmniej 2012 r. To wtedy z wynik\u00f3w spisu powszechnego (przeprowadzono go dwa lata wcze\u015bniej) wysz\u0142o na jaw, \u017ce 46,5 mln z nieca\u0142ych 309 mln mieszka\u0144c\u00f3w Stan\u00f3w \u017cyje na granicy ub\u00f3stwa lub poni\u017cej niej. A to nie tylko 2,5 pkt proc. wi\u0119cej ni\u017c w 2007 r., czyli na rok przed pogorszeniem koniunktury gospodarczej, lecz co najwa\u017cniejsze \u2013 to pierwszy od lat 30. ubieg\u0142ego wieku wzrost biedy w USA. Z\u0142ych informacji by\u0142o wi\u0119cej: w skrajnej biedzie \u017cyje ju\u017c 20,4 mln os\u00f3b. Skrajnej \u2013 czyli takiej, gdzie zarobki <a href=\"http:\/\/www.siemysli.info.ke\/wp-content\/uploads\/2015\/06\/AP764316708248-article-display-b.jpg\" rel=\"lightbox[16046]\"><img decoding=\"async\" class=\"alignleft size-medium wp-image-16051\" src=\"http:\/\/www.siemysli.info.ke\/wp-content\/uploads\/2015\/06\/AP764316708248-article-display-b-300x234.jpg\" alt=\"AP764316708248-article-display-b\" width=\"300\" height=\"234\" srcset=\"https:\/\/siemysli-ke.info\/wp-content\/uploads\/2015\/06\/AP764316708248-article-display-b-300x234.jpg 300w, https:\/\/siemysli-ke.info\/wp-content\/uploads\/2015\/06\/AP764316708248-article-display-b.jpg 540w\" sizes=\"(max-width: 300px) 100vw, 300px\" \/><\/a>wynosz\u0105 poni\u017cej 10 tys. dol. rocznie w\u00a0czteroosobowej rodzinie. To w\u00a0przeliczeniu ledwie ok. 20 z\u0142 dziennie, co nawet na polskie warunki jest ekstremalnie niskim dochodem.<\/p>\n<p style=\"text-align: justify;\">Miasto Charleston planuje na \u00a0wiecz\u00f3r czuwanie, aby pami\u0119ta\u0107 o tych, kt\u00f3rzy zostali zastrzeleni. Zwyczajni obywatele USA widz\u0105, i\u017c zostali opuszczeni przez rz\u0105d, kapita\u0142 i zostawieni sami ze swoj\u0105 codzienno\u015bci\u0105 skrajnych nier\u00f3wno\u015bci. Amerykanie nie chc\u0105 skaka\u0107 sobie do garde\u0142 o kawa\u0142ek chleba, czy zabija\u0107 s\u0142abszych, szukaj\u0105c winnych swojej biedy&#8230;<\/p>\n<p style=\"text-align: justify;\">Rasi\u015bci nie mog\u0105 wygra\u0107!<\/p>\n<p style=\"text-align: justify;\">&#8220;Oni nie mog\u0105 wygra\u0107.&#8221;<\/p>\n<p style=\"text-align: justify;\"><strong>Za: the intercept<\/strong><\/p>\n<p style=\"text-align: right;\"><strong>Roman Boryczko<\/strong>,<\/p>\n<p style=\"text-align: right;\"><em> czerwiec 2015<\/em><\/p>\n","protected":false},"excerpt":{"rendered":"<p>Dylann Roof, 21-latek oskar\u017cony z pobudek rasistowskich o zamordowanie dziewi\u0119ciu czarnych, zosta\u0142 schwytany w czwartek rano, co ko\u0144czy\u0142o 14-godzinny dramatyczny<\/p>\n","protected":false},"author":7,"featured_media":16050,"comment_status":"open","ping_status":"open","sticky":false,"template":"","format":"standard","meta":{"colormag_page_layout":"default_layout","footnotes":""},"categories":[7,3],"tags":[2679,89,2677,2676,2681,2683,92,2680,2682,2678,202,345],"class_list":["post-16046","post","type-post","status-publish","format-standard","has-post-thumbnail","hentry","category-gospodarka","category-kultura","tag-afroamerykanie","tag-breaking","tag-charleston","tag-dylann-roof","tag-elliot-rodger","tag-flaga-konfederacji-poludnia","tag-headline","tag-isla-vista","tag-karolina-poludniowa","tag-latynosi","tag-roman-boryczko","tag-usa"],"yoast_head":"<!-- This site is optimized with the Yoast SEO plugin v25.1 - https:\/\/yoast.com\/wordpress\/plugins\/seo\/ -->\n<title>Rasistowska krucjata Dylanna Roofa - SI\u0118 MY\u015aLI<\/title>\n<meta name=\"robots\" content=\"index, follow, max-snippet:-1, max-image-preview:large, max-video-preview:-1\" \/>\n<link rel=\"canonical\" href=\"https:\/\/siemysli-ke.info\/en\/rasistowska-krucjata-dylanna-roofa\/\" \/>\n<meta property=\"og:locale\" content=\"en_US\" \/>\n<meta property=\"og:type\" content=\"article\" \/>\n<meta property=\"og:title\" content=\"Rasistowska krucjata Dylanna Roofa - SI\u0118 MY\u015aLI\" \/>\n<meta property=\"og:description\" content=\"Dylann Roof, 21-latek oskar\u017cony z pobudek rasistowskich o zamordowanie dziewi\u0119ciu czarnych, zosta\u0142 schwytany w czwartek rano, co ko\u0144czy\u0142o 14-godzinny dramatyczny\" \/>\n<meta property=\"og:url\" content=\"https:\/\/siemysli-ke.info\/en\/rasistowska-krucjata-dylanna-roofa\/\" \/>\n<meta property=\"og:site_name\" content=\"SI\u0118 MY\u015aLI\" \/>\n<meta property=\"article:published_time\" content=\"2015-06-21T12:09:24+00:00\" \/>\n<meta property=\"article:modified_time\" content=\"2015-06-22T22:21:59+00:00\" \/>\n<meta property=\"og:image\" content=\"https:\/\/siemysli-ke.info\/wp-content\/uploads\/2015\/06\/df8a6726f0232d57d04ed1b290d62721.jpg\" \/>\n\t<meta property=\"og:image:width\" content=\"948\" \/>\n\t<meta property=\"og:image:height\" content=\"711\" \/>\n\t<meta property=\"og:image:type\" content=\"image\/jpeg\" \/>\n<meta name=\"author\" content=\"Jaromir\" \/>\n<meta name=\"twitter:label1\" content=\"Written by\" \/>\n\t<meta name=\"twitter:data1\" content=\"Jaromir\" \/>\n\t<meta name=\"twitter:label2\" content=\"Est. reading time\" \/>\n\t<meta name=\"twitter:data2\" content=\"4 minutes\" \/>\n<script type=\"application\/ld+json\" class=\"yoast-schema-graph\">{\"@context\":\"https:\/\/schema.org\",\"@graph\":[{\"@type\":\"Article\",\"@id\":\"https:\/\/siemysli-ke.info\/en\/rasistowska-krucjata-dylanna-roofa\/#article\",\"isPartOf\":{\"@id\":\"https:\/\/siemysli-ke.info\/en\/rasistowska-krucjata-dylanna-roofa\/\"},\"author\":{\"name\":\"Jaromir\",\"@id\":\"https:\/\/siemysli-ke.info\/#\/schema\/person\/66d741fa745a44f2fe46d112bc6499f2\"},\"headline\":\"Rasistowska krucjata Dylanna Roofa\",\"datePublished\":\"2015-06-21T12:09:24+00:00\",\"dateModified\":\"2015-06-22T22:21:59+00:00\",\"mainEntityOfPage\":{\"@id\":\"https:\/\/siemysli-ke.info\/en\/rasistowska-krucjata-dylanna-roofa\/\"},\"wordCount\":827,\"commentCount\":0,\"publisher\":{\"@id\":\"https:\/\/siemysli-ke.info\/#organization\"},\"image\":{\"@id\":\"https:\/\/siemysli-ke.info\/en\/rasistowska-krucjata-dylanna-roofa\/#primaryimage\"},\"thumbnailUrl\":\"https:\/\/siemysli-ke.info\/wp-content\/uploads\/2015\/06\/df8a6726f0232d57d04ed1b290d62721.jpg\",\"keywords\":[\"Afroamerykanie\",\"breaking\",\"Charleston\",\"Dylann Roof\",\"Elliot Rodger\",\"flaga Konfederacji Po\u0142udnia\",\"headline\",\"Isla Vista\",\"Karolina Po\u0142udniowa\",\"Latynosi\",\"Roman Boryczko\",\"USA\"],\"articleSection\":[\"Gospodarka i polityka\",\"Kultura\"],\"inLanguage\":\"en-US\",\"potentialAction\":[{\"@type\":\"CommentAction\",\"name\":\"Comment\",\"target\":[\"https:\/\/siemysli-ke.info\/en\/rasistowska-krucjata-dylanna-roofa\/#respond\"]}]},{\"@type\":\"WebPage\",\"@id\":\"https:\/\/siemysli-ke.info\/en\/rasistowska-krucjata-dylanna-roofa\/\",\"url\":\"https:\/\/siemysli-ke.info\/en\/rasistowska-krucjata-dylanna-roofa\/\",\"name\":\"Rasistowska krucjata Dylanna Roofa - SI\u0118 MY\u015aLI\",\"isPartOf\":{\"@id\":\"https:\/\/siemysli-ke.info\/en\/#website\"},\"primaryImageOfPage\":{\"@id\":\"https:\/\/siemysli-ke.info\/en\/rasistowska-krucjata-dylanna-roofa\/#primaryimage\"},\"image\":{\"@id\":\"https:\/\/siemysli-ke.info\/en\/rasistowska-krucjata-dylanna-roofa\/#primaryimage\"},\"thumbnailUrl\":\"https:\/\/siemysli-ke.info\/wp-content\/uploads\/2015\/06\/df8a6726f0232d57d04ed1b290d62721.jpg\",\"datePublished\":\"2015-06-21T12:09:24+00:00\",\"dateModified\":\"2015-06-22T22:21:59+00:00\",\"breadcrumb\":{\"@id\":\"https:\/\/siemysli-ke.info\/en\/rasistowska-krucjata-dylanna-roofa\/#breadcrumb\"},\"inLanguage\":\"en-US\",\"potentialAction\":[{\"@type\":\"ReadAction\",\"target\":[[\"https:\/\/siemysli-ke.info\/en\/rasistowska-krucjata-dylanna-roofa\/\"]]}]},{\"@type\":\"ImageObject\",\"inLanguage\":\"en-US\",\"@id\":\"https:\/\/siemysli-ke.info\/en\/rasistowska-krucjata-dylanna-roofa\/#primaryimage\",\"url\":\"https:\/\/siemysli-ke.info\/wp-content\/uploads\/2015\/06\/df8a6726f0232d57d04ed1b290d62721.jpg\",\"contentUrl\":\"https:\/\/siemysli-ke.info\/wp-content\/uploads\/2015\/06\/df8a6726f0232d57d04ed1b290d62721.jpg\",\"width\":948,\"height\":711},{\"@type\":\"BreadcrumbList\",\"@id\":\"https:\/\/siemysli-ke.info\/en\/rasistowska-krucjata-dylanna-roofa\/#breadcrumb\",\"itemListElement\":[{\"@type\":\"ListItem\",\"position\":1,\"name\":\"Home\",\"item\":\"https:\/\/siemysli-ke.info\/en\/\"},{\"@type\":\"ListItem\",\"position\":2,\"name\":\"Rasistowska krucjata Dylanna Roofa\"}]},{\"@type\":\"WebSite\",\"@id\":\"https:\/\/siemysli-ke.info\/en\/#website\",\"url\":\"https:\/\/siemysli-ke.info\/en\/\",\"name\":\"SI\u0118 MY\u015aLI\",\"description\":\"\",\"publisher\":{\"@id\":\"https:\/\/siemysli-ke.info\/en\/#organization\"},\"potentialAction\":[{\"@type\":\"SearchAction\",\"target\":{\"@type\":\"EntryPoint\",\"urlTemplate\":\"https:\/\/siemysli-ke.info\/en\/?s={search_term_string}\"},\"query-input\":{\"@type\":\"PropertyValueSpecification\",\"valueRequired\":true,\"valueName\":\"search_term_string\"}}],\"inLanguage\":\"en-US\"},{\"@type\":\"Organization\",\"@id\":\"https:\/\/siemysli-ke.info\/en\/#organization\",\"name\":\"SI\u0118 MY\u015aLI\",\"url\":\"https:\/\/siemysli-ke.info\/en\/\",\"logo\":{\"@type\":\"ImageObject\",\"inLanguage\":\"en-US\",\"@id\":\"https:\/\/siemysli-ke.info\/en\/#\/schema\/logo\/image\/\",\"url\":\"https:\/\/siemysli-ke.info\/wp-content\/uploads\/2025\/05\/99.png\",\"contentUrl\":\"https:\/\/siemysli-ke.info\/wp-content\/uploads\/2025\/05\/99.png\",\"width\":270,\"height\":204,\"caption\":\"SI\u0118 MY\u015aLI\"},\"image\":{\"@id\":\"https:\/\/siemysli-ke.info\/en\/#\/schema\/logo\/image\/\"}},{\"@type\":\"Person\",\"@id\":\"https:\/\/siemysli-ke.info\/#\/schema\/person\/66d741fa745a44f2fe46d112bc6499f2\",\"name\":\"Jaromir\",\"image\":{\"@type\":\"ImageObject\",\"inLanguage\":\"en-US\",\"@id\":\"https:\/\/siemysli-ke.info\/en\/#\/schema\/person\/image\/\",\"url\":\"https:\/\/secure.gravatar.com\/avatar\/fe881559e8ac8dda20293e9e8317d4678c6ad8f65f85a9ce5e1a87cee56b6198?s=96&d=mm&r=g\",\"contentUrl\":\"https:\/\/secure.gravatar.com\/avatar\/fe881559e8ac8dda20293e9e8317d4678c6ad8f65f85a9ce5e1a87cee56b6198?s=96&d=mm&r=g\",\"caption\":\"Jaromir\"},\"url\":\"https:\/\/siemysli-ke.info\/en\/author\/jaromir\/\"}]}<\/script>\n<!-- \/ Yoast SEO plugin. -->","yoast_head_json":{"title":"Rasistowska krucjata Dylanna Roofa - SI\u0118 MY\u015aLI","robots":{"index":"index","follow":"follow","max-snippet":"max-snippet:-1","max-image-preview":"max-image-preview:large","max-video-preview":"max-video-preview:-1"},"canonical":"https:\/\/siemysli-ke.info\/en\/rasistowska-krucjata-dylanna-roofa\/","og_locale":"en_US","og_type":"article","og_title":"Rasistowska krucjata Dylanna Roofa - SI\u0118 MY\u015aLI","og_description":"Dylann Roof, 21-latek oskar\u017cony z pobudek rasistowskich o zamordowanie dziewi\u0119ciu czarnych, zosta\u0142 schwytany w czwartek rano, co ko\u0144czy\u0142o 14-godzinny dramatyczny","og_url":"https:\/\/siemysli-ke.info\/en\/rasistowska-krucjata-dylanna-roofa\/","og_site_name":"SI\u0118 MY\u015aLI","article_published_time":"2015-06-21T12:09:24+00:00","article_modified_time":"2015-06-22T22:21:59+00:00","og_image":[{"width":948,"height":711,"url":"https:\/\/siemysli-ke.info\/wp-content\/uploads\/2015\/06\/df8a6726f0232d57d04ed1b290d62721.jpg","type":"image\/jpeg"}],"author":"Jaromir","twitter_misc":{"Written by":"Jaromir","Est. reading time":"4 minutes"},"schema":{"@context":"https:\/\/schema.org","@graph":[{"@type":"Article","@id":"https:\/\/siemysli-ke.info\/en\/rasistowska-krucjata-dylanna-roofa\/#article","isPartOf":{"@id":"https:\/\/siemysli-ke.info\/en\/rasistowska-krucjata-dylanna-roofa\/"},"author":{"name":"Jaromir","@id":"https:\/\/siemysli-ke.info\/#\/schema\/person\/66d741fa745a44f2fe46d112bc6499f2"},"headline":"Rasistowska krucjata Dylanna Roofa","datePublished":"2015-06-21T12:09:24+00:00","dateModified":"2015-06-22T22:21:59+00:00","mainEntityOfPage":{"@id":"https:\/\/siemysli-ke.info\/en\/rasistowska-krucjata-dylanna-roofa\/"},"wordCount":827,"commentCount":0,"publisher":{"@id":"https:\/\/siemysli-ke.info\/#organization"},"image":{"@id":"https:\/\/siemysli-ke.info\/en\/rasistowska-krucjata-dylanna-roofa\/#primaryimage"},"thumbnailUrl":"https:\/\/siemysli-ke.info\/wp-content\/uploads\/2015\/06\/df8a6726f0232d57d04ed1b290d62721.jpg","keywords":["Afroamerykanie","breaking","Charleston","Dylann Roof","Elliot Rodger","flaga Konfederacji Po\u0142udnia","headline","Isla Vista","Karolina Po\u0142udniowa","Latynosi","Roman Boryczko","USA"],"articleSection":["Gospodarka i polityka","Kultura"],"inLanguage":"en-US","potentialAction":[{"@type":"CommentAction","name":"Comment","target":["https:\/\/siemysli-ke.info\/en\/rasistowska-krucjata-dylanna-roofa\/#respond"]}]},{"@type":"WebPage","@id":"https:\/\/siemysli-ke.info\/en\/rasistowska-krucjata-dylanna-roofa\/","url":"https:\/\/siemysli-ke.info\/en\/rasistowska-krucjata-dylanna-roofa\/","name":"Rasistowska krucjata Dylanna Roofa - SI\u0118 MY\u015aLI","isPartOf":{"@id":"https:\/\/siemysli-ke.info\/en\/#website"},"primaryImageOfPage":{"@id":"https:\/\/siemysli-ke.info\/en\/rasistowska-krucjata-dylanna-roofa\/#primaryimage"},"image":{"@id":"https:\/\/siemysli-ke.info\/en\/rasistowska-krucjata-dylanna-roofa\/#primaryimage"},"thumbnailUrl":"https:\/\/siemysli-ke.info\/wp-content\/uploads\/2015\/06\/df8a6726f0232d57d04ed1b290d62721.jpg","datePublished":"2015-06-21T12:09:24+00:00","dateModified":"2015-06-22T22:21:59+00:00","breadcrumb":{"@id":"https:\/\/siemysli-ke.info\/en\/rasistowska-krucjata-dylanna-roofa\/#breadcrumb"},"inLanguage":"en-US","potentialAction":[{"@type":"ReadAction","target":[["https:\/\/siemysli-ke.info\/en\/rasistowska-krucjata-dylanna-roofa\/"]]}]},{"@type":"ImageObject","inLanguage":"en-US","@id":"https:\/\/siemysli-ke.info\/en\/rasistowska-krucjata-dylanna-roofa\/#primaryimage","url":"https:\/\/siemysli-ke.info\/wp-content\/uploads\/2015\/06\/df8a6726f0232d57d04ed1b290d62721.jpg","contentUrl":"https:\/\/siemysli-ke.info\/wp-content\/uploads\/2015\/06\/df8a6726f0232d57d04ed1b290d62721.jpg","width":948,"height":711},{"@type":"BreadcrumbList","@id":"https:\/\/siemysli-ke.info\/en\/rasistowska-krucjata-dylanna-roofa\/#breadcrumb","itemListElement":[{"@type":"ListItem","position":1,"name":"Home","item":"https:\/\/siemysli-ke.info\/en\/"},{"@type":"ListItem","position":2,"name":"Rasistowska krucjata Dylanna Roofa"}]},{"@type":"WebSite","@id":"https:\/\/siemysli-ke.info\/en\/#website","url":"https:\/\/siemysli-ke.info\/en\/","name":"SI\u0118 MY\u015aLI","description":"","publisher":{"@id":"https:\/\/siemysli-ke.info\/en\/#organization"},"potentialAction":[{"@type":"SearchAction","target":{"@type":"EntryPoint","urlTemplate":"https:\/\/siemysli-ke.info\/en\/?s={search_term_string}"},"query-input":{"@type":"PropertyValueSpecification","valueRequired":true,"valueName":"search_term_string"}}],"inLanguage":"en-US"},{"@type":"Organization","@id":"https:\/\/siemysli-ke.info\/en\/#organization","name":"SI\u0118 MY\u015aLI","url":"https:\/\/siemysli-ke.info\/en\/","logo":{"@type":"ImageObject","inLanguage":"en-US","@id":"https:\/\/siemysli-ke.info\/en\/#\/schema\/logo\/image\/","url":"https:\/\/siemysli-ke.info\/wp-content\/uploads\/2025\/05\/99.png","contentUrl":"https:\/\/siemysli-ke.info\/wp-content\/uploads\/2025\/05\/99.png","width":270,"height":204,"caption":"SI\u0118 MY\u015aLI"},"image":{"@id":"https:\/\/siemysli-ke.info\/en\/#\/schema\/logo\/image\/"}},{"@type":"Person","@id":"https:\/\/siemysli-ke.info\/#\/schema\/person\/66d741fa745a44f2fe46d112bc6499f2","name":"Jaromir","image":{"@type":"ImageObject","inLanguage":"en-US","@id":"https:\/\/siemysli-ke.info\/en\/#\/schema\/person\/image\/","url":"https:\/\/secure.gravatar.com\/avatar\/fe881559e8ac8dda20293e9e8317d4678c6ad8f65f85a9ce5e1a87cee56b6198?s=96&d=mm&r=g","contentUrl":"https:\/\/secure.gravatar.com\/avatar\/fe881559e8ac8dda20293e9e8317d4678c6ad8f65f85a9ce5e1a87cee56b6198?s=96&d=mm&r=g","caption":"Jaromir"},"url":"https:\/\/siemysli-ke.info\/en\/author\/jaromir\/"}]}},"_links":{"self":[{"href":"https:\/\/siemysli-ke.info\/en\/wp-json\/wp\/v2\/posts\/16046","targetHints":{"allow":["GET"]}}],"collection":[{"href":"https:\/\/siemysli-ke.info\/en\/wp-json\/wp\/v2\/posts"}],"about":[{"href":"https:\/\/siemysli-ke.info\/en\/wp-json\/wp\/v2\/types\/post"}],"author":[{"embeddable":true,"href":"https:\/\/siemysli-ke.info\/en\/wp-json\/wp\/v2\/users\/7"}],"replies":[{"embeddable":true,"href":"https:\/\/siemysli-ke.info\/en\/wp-json\/wp\/v2\/comments?post=16046"}],"version-history":[{"count":0,"href":"https:\/\/siemysli-ke.info\/en\/wp-json\/wp\/v2\/posts\/16046\/revisions"}],"wp:featuredmedia":[{"embeddable":true,"href":"https:\/\/siemysli-ke.info\/en\/wp-json\/wp\/v2\/media\/16050"}],"wp:attachment":[{"href":"https:\/\/siemysli-ke.info\/en\/wp-json\/wp\/v2\/media?parent=16046"}],"wp:term":[{"taxonomy":"category","embeddable":true,"href":"https:\/\/siemysli-ke.info\/en\/wp-json\/wp\/v2\/categories?post=16046"},{"taxonomy":"post_tag","embeddable":true,"href":"https:\/\/siemysli-ke.info\/en\/wp-json\/wp\/v2\/tags?post=16046"}],"curies":[{"name":"wp","href":"https:\/\/api.w.org\/{rel}","templated":true}]}}