 {"id":15830,"date":"2015-05-18T11:05:39","date_gmt":"2015-05-18T09:05:39","guid":{"rendered":"http:\/\/www.siemysli.info.ke\/?p=15830"},"modified":"2015-05-18T11:05:39","modified_gmt":"2015-05-18T09:05:39","slug":"odwiedzic-matke-w-jej-domu","status":"publish","type":"post","link":"https:\/\/siemysli-ke.info\/en\/odwiedzic-matke-w-jej-domu\/","title":{"rendered":"Odwiedzi\u0107 Matk\u0119 w Jej Domu"},"content":{"rendered":"<p style=\"text-align: right;\"><a href=\"http:\/\/www.siemysli.info.ke\/wp-content\/uploads\/2015\/05\/DSC_0185K.jpg\" rel=\"lightbox[15830]\"><img decoding=\"async\" class=\"alignleft size-medium wp-image-15831\" src=\"http:\/\/www.siemysli.info.ke\/wp-content\/uploads\/2015\/05\/DSC_0185K-300x199.jpg\" alt=\"DSC_0185K\" width=\"300\" height=\"199\" srcset=\"https:\/\/siemysli-ke.info\/wp-content\/uploads\/2015\/05\/DSC_0185K-300x199.jpg 300w, https:\/\/siemysli-ke.info\/wp-content\/uploads\/2015\/05\/DSC_0185K.jpg 702w\" sizes=\"(max-width: 300px) 100vw, 300px\" \/><\/a><strong>,,Od Cyryla i Metodego, patron\u00f3w Europy, w Knurowie<\/strong><\/p>\n<p style=\"text-align: right;\"><strong>\u00a0\u2013 do Jasnog\u00f3rskiej Pani \u2013 Kr\u00f3lowej Polski\u201d<\/strong><strong>\u00a0<\/strong><\/p>\n<p style=\"text-align: justify;\"><strong>\u00a0<\/strong><\/p>\n<p style=\"text-align: justify;\"><strong>\u00a0<\/strong><\/p>\n<p style=\"text-align: justify;\"><strong>U<\/strong>roczysto\u015bci na Jasnej G\u00f3rze, kt\u00f3re mia\u0142y miejsce 14. maja 2015 roku, posiada\u0142y szczeg\u00f3lny charakter. Dzi\u0119ki inicjatywie ks. Miros\u0142awa Pelca proboszcza knurowskiej parafii, Rycerzy Orderu Jasnog\u00f3rskiej Bogarodzicy, oraz pod honorowym patronatem Przeora Jasnej G\u00f3ry \u2013 Mariana Walig\u00f3ry i Starosty Powiatu Gliwickiego, pana Waldemara Dombka, odby\u0142a si\u0119 pierwsza pielgrzymka biegowa.<\/p>\n<p style=\"text-align: justify;\"><strong>U<\/strong>roczysto\u015bciom da\u0142a pocz\u0105tek msza \u015bwi\u0119ta w dniu 14. maja, w rocznic\u0119 \u015bwi\u0119ta patron\u00f3w knurowskiej parafii. Po mszy \u015bwi\u0119tej nast\u0105pi\u0142 start do sztafety biegowej, kt\u00f3rej celem by\u0142o dotarcie do cz\u0119stochowskiego sanktuarium. W tegorocznym biegu uczestniczy\u0142o czterech zawodnik\u00f3w:<\/p>\n<p style=\"text-align: justify;\"><strong>Krzysztof Dziadek, lat 23<\/strong><\/p>\n<p style=\"text-align: justify;\"><strong>Czes\u0142aw Kostrzak, lat 55<\/strong><\/p>\n<p style=\"text-align: justify;\"><strong>Zbyszek Kopszak, lat 54<\/strong><\/p>\n<p style=\"text-align: justify;\"><strong>Marian P\u0142aszczyk, lat 56, Rycerz Orderu Jasnog\u00f3rskiej Bogarodzicy <\/strong>(organizator, kierownik grupy).<\/p>\n<p style=\"text-align: justify;\">Niespodzianka: <strong>Franciszek Gajdzik \u2013 rowerzysta. Lat 70!<\/strong><\/p>\n<p style=\"text-align: justify;\"><strong>U<\/strong>czestnicy biegu mieli do pokonania dystans 30 kilometr\u00f3w. Rowerzysta zdecydowa\u0142 si\u0119 na przejechanie ca\u0142ej trasy z Knurowa do Cz\u0119stochowy.<\/p>\n<p style=\"text-align: justify;\">Pielgrzymka przebiega\u0142a w bardzo trudnych warunkach, na ca\u0142ej trasie pada\u0142 rz\u0119sisty deszcz, boczny wiatr przeszkadza\u0142 biegaczom a przy tym szybko spada\u0142a temperatura, s\u0142upek rt\u0119ci wskazywa\u0142 momentami zaledwie 10 kresek. Na trasie biegu zorganizowano dwa postoje, kt\u00f3re mia\u0142y na celu odwiedzenie ko\u015bcio\u0142\u00f3w, gdzie odm\u00f3wiono modlitw\u0119 w intencji wiernych parafii Cyryla i Metodego w Knurowie oraz g\u00f3rnik\u00f3w KWK Knur\u00f3w Ruch Szczyg\u0142owice. Relacj\u0119 z biegu przekazywa\u0142y s\u0142uchaczom rozg\u0142o\u015bnie radia <em>E-m<\/em>, oraz Radio <em>Jasna G\u00f3ra<\/em>. (Relacjonowa\u0142 Tadeusz Pucha\u0142ka).<\/p>\n<p style=\"text-align: justify;\">O godzinie 16:00 biegacze wraz z rowerzyst\u0105 dotarli pod mury klasztoru na Jasnej G\u00f3rze, by pod pomnikiem kardyna\u0142a Wyszy\u0144skiego zako\u0144czy\u0107 pierwszy etap pielgrzymki.<\/p>\n<p style=\"text-align: justify;\"><strong>U<\/strong>czestnicy biegu udzielili wywiadu dla medi\u00f3w lokalnych i zostali poproszeni do studia Radia <em>Jasna G\u00f3ra<\/em>, tam opowiadali o idei powstania pielgrzymki, kt\u00f3rej mottem s\u0105 s\u0142owa \u015bw. Jana Paw\u0142a II; ,,<em>Serce Matki Ogarnia Ka\u017cdego I Wszystkich, Wsz\u0119dzie I Zawsze\u201d. <\/em><strong>C<\/strong>elem pielgrzymki za\u015b, by\u0142o oddanie ho\u0142du Matce Bo\u017cej Pani Jasnog\u00f3rskiej Kr\u00f3lowej \u015awiata. (W tym biegu nie by\u0142o przegranych. Zd\u0105\u017cy\u0107 na Apel Jasnog\u00f3rski, zd\u0105\u017cy\u0107 do naszej Matki na czas, powtarzali nieprzerwanie biegacze \u2013 pielgrzymi). W audycji radiowej, pielgrzymi wspominali r\u00f3wnie\u017c o trudnej sytuacji \u015al\u0105ska.<\/p>\n<p style=\"text-align: center;\"><a href=\"http:\/\/www.siemysli.info.ke\/wp-content\/uploads\/2015\/05\/DSC_0190K.jpg\" rel=\"lightbox[15830]\"><img decoding=\"async\" class=\"aligncenter size-medium wp-image-15832\" src=\"http:\/\/www.siemysli.info.ke\/wp-content\/uploads\/2015\/05\/DSC_0190K-300x199.jpg\" alt=\"DSC_0190K\" width=\"300\" height=\"199\" srcset=\"https:\/\/siemysli-ke.info\/wp-content\/uploads\/2015\/05\/DSC_0190K-300x199.jpg 300w, https:\/\/siemysli-ke.info\/wp-content\/uploads\/2015\/05\/DSC_0190K.jpg 702w\" sizes=\"(max-width: 300px) 100vw, 300px\" \/><\/a><\/p>\n<p style=\"text-align: justify;\">W radiowym wyst\u0105pieniu, z trosk\u0105 wyra\u017cali si\u0119 o g\u00f3rnikach i sytuacji kopal\u0144, to w intencji g\u00f3rniczej braci a tak\u017ce wiernych parafii ko\u015bcio\u0142a pod wezwaniem Cyryla i Metodego w Knurowie, organizowana jest ta pielgrzymka, kt\u00f3ra ma by\u0107 powtarzana co roku pomi\u0119dzy 14 \u2013 15. maja. (Po ods\u0142uchaniu audycji w radiu, ch\u0119\u0107 przy\u0142\u0105czenia si\u0119 do tej idei wyrazili pielgrzymi z Wroc\u0142awia, kt\u00f3rzy przebywali w tym czasie na Jasnej G\u00f3rze).<\/p>\n<p style=\"text-align: justify;\"><strong>W <\/strong>godzinach popo\u0142udniowych do pielgrzymki biegowej do\u0142\u0105czy\u0142a pielgrzymka parafialna z ks. proboszczem Miros\u0142awem Pelcem i Starost\u0105 Powiatu Gliwickiego Waldemarem Dombkiem. Pielgrzymi spotkali si\u0119 przy pomniku rodzic\u00f3w Karola Wojty\u0142y, tam z\u0142o\u017cono kwiaty i zapalono znicze.<\/p>\n<p style=\"text-align: justify;\">W Kaplicy R\u00f3\u017ca\u0144cowej odprawiono nabo\u017ce\u0144stwo ze wspomnieniem \u015bw. Cyryla i Metodego oraz wys\u0142uchano wyk\u0142adu Ojca Paulina na temat historii klasztoru. Po wyk\u0142adzie pielgrzymi uczestniczyli w Apelu Jasnog\u00f3rskim.<\/p>\n<p style=\"text-align: justify;\">Z tej okazji Poczta Harcerska 149 Knur\u00f3w \u2013 wyda\u0142a pami\u0105tkow\u0105 kartk\u0119 pocztow\u0105, znaczki i okoliczno\u015bciowy datownik upami\u0119tniaj\u0105cy pielgrzymk\u0119.<\/p>\n<p style=\"text-align: justify;\"><strong>W <\/strong>drugim dniu pielgrzymki by\u0142 czas na kr\u00f3tki spacer i zwiedzanie klasztoru. O godz.11:00 grupa biegaczy po\u017cegna\u0142a si\u0119 z Matk\u0105 Bosk\u0105 i ruszy\u0142a w drog\u0119 powrotn\u0105. Zawodnicy wystartowali w grupie i po pokonaniu dystansu 30 km zako\u0144czyli bieg. Dalsz\u0105 podr\u00f3\u017c przebyli w samochodzie obs\u0142ugi technicznej odwiedzaj\u0105c po drodze 5 ko\u015bcio\u0142\u00f3w, w ka\u017cdym z nich odm\u00f3wiono modlitw\u0119 w intencji parafii knurowskiej oraz g\u00f3rnik\u00f3w. W ko\u015bciele pod wezwaniem \u015bw. Walentego w Konopiskach wys\u0142uchano prelekcji na temat historii powstania miejscowo\u015bci kt\u00f3r\u0105 wyg\u0142osi\u0142a pani Barbara Herba (pisarka, autorka ksi\u0105\u017cek ,,Konopiska i okolice. Panorama dziej\u00f3w\u201d oraz ,,Dzieje Konopisk i okolic\u201d. Wpisu do ksi\u0119gi pami\u0105tkowej dokona\u0142 <strong>Rycerz Orderu Jasnog\u00f3rskiej Bogarodzicy \u2013 <\/strong><strong><em>Marian P\u0142aszczyk.<\/em><\/strong><\/p>\n<p style=\"text-align: justify;\"><strong>P<\/strong>ierwsza biegowa pielgrzymka dobieg\u0142a ko\u0144ca, cel zosta\u0142 osi\u0105gni\u0119ty, Matka Bo\u017ca po\u017cegna\u0142a uczestnik\u00f3w biegu s\u0142o\u0144cem, kt\u00f3re towarzyszy\u0142o im do samej mety w Knurowie.<\/p>\n<p style=\"text-align: justify;\">Za rok o tej samej porze wyruszy do biegu z pewno\u015bci\u0105 o wiele wi\u0119ksza grupa knurowskich biegaczy, idea pi\u0119kna, <strong>modli\u0107 si\u0119 jest na \u015bl\u0105skiej ziemi za co<\/strong>, a wi\u0119c&#8230;<\/p>\n<p style=\"text-align: right;\"><strong>Tadeusz Pucha\u0142ka<\/strong><\/p>\n","protected":false},"excerpt":{"rendered":"<p>,,Od Cyryla i Metodego, patron\u00f3w Europy, w Knurowie \u00a0\u2013 do Jasnog\u00f3rskiej Pani \u2013 Kr\u00f3lowej Polski\u201d\u00a0 \u00a0 \u00a0 Uroczysto\u015bci na Jasnej<\/p>\n","protected":false},"author":3,"featured_media":15831,"comment_status":"open","ping_status":"open","sticky":false,"template":"","format":"standard","meta":{"colormag_page_layout":"default_layout","footnotes":""},"categories":[3,81],"tags":[2564,1267,2563,2562,2417,2565,2550],"class_list":["post-15830","post","type-post","status-publish","format-standard","has-post-thumbnail","hentry","category-kultura","category-rzeczpospolita","tag-cyryl-i-metody","tag-jasna-gora","tag-knurow","tag-pielgrzymka-biegowa","tag-pielgrzymka-do-czestochowy","tag-slaska-ziemia","tag-tadeusz-puchalka"],"yoast_head":"<!-- This site is optimized with the Yoast SEO plugin v25.1 - https:\/\/yoast.com\/wordpress\/plugins\/seo\/ -->\n<title>Odwiedzi\u0107 Matk\u0119 w Jej Domu - SI\u0118 MY\u015aLI<\/title>\n<meta name=\"robots\" content=\"index, follow, max-snippet:-1, max-image-preview:large, max-video-preview:-1\" \/>\n<link rel=\"canonical\" href=\"https:\/\/siemysli-ke.info\/en\/odwiedzic-matke-w-jej-domu\/\" \/>\n<meta property=\"og:locale\" content=\"en_US\" \/>\n<meta property=\"og:type\" content=\"article\" \/>\n<meta property=\"og:title\" content=\"Odwiedzi\u0107 Matk\u0119 w Jej Domu - SI\u0118 MY\u015aLI\" \/>\n<meta property=\"og:description\" content=\",,Od Cyryla i Metodego, patron\u00f3w Europy, w Knurowie \u00a0\u2013 do Jasnog\u00f3rskiej Pani \u2013 Kr\u00f3lowej Polski\u201d\u00a0 \u00a0 \u00a0 Uroczysto\u015bci na Jasnej\" \/>\n<meta property=\"og:url\" content=\"https:\/\/siemysli-ke.info\/en\/odwiedzic-matke-w-jej-domu\/\" \/>\n<meta property=\"og:site_name\" content=\"SI\u0118 MY\u015aLI\" \/>\n<meta property=\"article:published_time\" content=\"2015-05-18T09:05:39+00:00\" \/>\n<meta property=\"og:image\" content=\"https:\/\/siemysli-ke.info\/wp-content\/uploads\/2015\/05\/DSC_0185K.jpg\" \/>\n\t<meta property=\"og:image:width\" content=\"702\" \/>\n\t<meta property=\"og:image:height\" content=\"466\" \/>\n\t<meta property=\"og:image:type\" content=\"image\/jpeg\" \/>\n<meta name=\"author\" content=\"...\" \/>\n<meta name=\"twitter:label1\" content=\"Written by\" \/>\n\t<meta name=\"twitter:data1\" content=\"...\" \/>\n\t<meta name=\"twitter:label2\" content=\"Est. reading time\" \/>\n\t<meta name=\"twitter:data2\" content=\"4 minutes\" \/>\n<script type=\"application\/ld+json\" class=\"yoast-schema-graph\">{\"@context\":\"https:\/\/schema.org\",\"@graph\":[{\"@type\":\"Article\",\"@id\":\"https:\/\/siemysli-ke.info\/en\/odwiedzic-matke-w-jej-domu\/#article\",\"isPartOf\":{\"@id\":\"https:\/\/siemysli-ke.info\/en\/odwiedzic-matke-w-jej-domu\/\"},\"author\":{\"name\":\"...\",\"@id\":\"https:\/\/siemysli-ke.info\/#\/schema\/person\/75326687448d6abf738b156f56385210\"},\"headline\":\"Odwiedzi\u0107 Matk\u0119 w Jej Domu\",\"datePublished\":\"2015-05-18T09:05:39+00:00\",\"mainEntityOfPage\":{\"@id\":\"https:\/\/siemysli-ke.info\/en\/odwiedzic-matke-w-jej-domu\/\"},\"wordCount\":769,\"commentCount\":0,\"publisher\":{\"@id\":\"https:\/\/siemysli-ke.info\/#organization\"},\"image\":{\"@id\":\"https:\/\/siemysli-ke.info\/en\/odwiedzic-matke-w-jej-domu\/#primaryimage\"},\"thumbnailUrl\":\"https:\/\/siemysli-ke.info\/wp-content\/uploads\/2015\/05\/DSC_0185K.jpg\",\"keywords\":[\"Cyryl i Metody\",\"Jasna G\u00f3ra\",\"Knur\u00f3w\",\"pielgrzymka biegowa\",\"pielgrzymka do Cz\u0119stochowy\",\"\u015bl\u0105ska ziemia\",\"Tadeusz Pucha\u0142ka\"],\"articleSection\":[\"Kultura\",\"Rzeczypospolita\"],\"inLanguage\":\"en-US\",\"potentialAction\":[{\"@type\":\"CommentAction\",\"name\":\"Comment\",\"target\":[\"https:\/\/siemysli-ke.info\/en\/odwiedzic-matke-w-jej-domu\/#respond\"]}]},{\"@type\":\"WebPage\",\"@id\":\"https:\/\/siemysli-ke.info\/en\/odwiedzic-matke-w-jej-domu\/\",\"url\":\"https:\/\/siemysli-ke.info\/en\/odwiedzic-matke-w-jej-domu\/\",\"name\":\"Odwiedzi\u0107 Matk\u0119 w Jej Domu - SI\u0118 MY\u015aLI\",\"isPartOf\":{\"@id\":\"https:\/\/siemysli-ke.info\/en\/#website\"},\"primaryImageOfPage\":{\"@id\":\"https:\/\/siemysli-ke.info\/en\/odwiedzic-matke-w-jej-domu\/#primaryimage\"},\"image\":{\"@id\":\"https:\/\/siemysli-ke.info\/en\/odwiedzic-matke-w-jej-domu\/#primaryimage\"},\"thumbnailUrl\":\"https:\/\/siemysli-ke.info\/wp-content\/uploads\/2015\/05\/DSC_0185K.jpg\",\"datePublished\":\"2015-05-18T09:05:39+00:00\",\"breadcrumb\":{\"@id\":\"https:\/\/siemysli-ke.info\/en\/odwiedzic-matke-w-jej-domu\/#breadcrumb\"},\"inLanguage\":\"en-US\",\"potentialAction\":[{\"@type\":\"ReadAction\",\"target\":[[\"https:\/\/siemysli-ke.info\/en\/odwiedzic-matke-w-jej-domu\/\"]]}]},{\"@type\":\"ImageObject\",\"inLanguage\":\"en-US\",\"@id\":\"https:\/\/siemysli-ke.info\/en\/odwiedzic-matke-w-jej-domu\/#primaryimage\",\"url\":\"https:\/\/siemysli-ke.info\/wp-content\/uploads\/2015\/05\/DSC_0185K.jpg\",\"contentUrl\":\"https:\/\/siemysli-ke.info\/wp-content\/uploads\/2015\/05\/DSC_0185K.jpg\",\"width\":702,\"height\":466},{\"@type\":\"BreadcrumbList\",\"@id\":\"https:\/\/siemysli-ke.info\/en\/odwiedzic-matke-w-jej-domu\/#breadcrumb\",\"itemListElement\":[{\"@type\":\"ListItem\",\"position\":1,\"name\":\"Home\",\"item\":\"https:\/\/siemysli-ke.info\/en\/\"},{\"@type\":\"ListItem\",\"position\":2,\"name\":\"Odwiedzi\u0107 Matk\u0119 w Jej Domu\"}]},{\"@type\":\"WebSite\",\"@id\":\"https:\/\/siemysli-ke.info\/en\/#website\",\"url\":\"https:\/\/siemysli-ke.info\/en\/\",\"name\":\"SI\u0118 MY\u015aLI\",\"description\":\"\",\"publisher\":{\"@id\":\"https:\/\/siemysli-ke.info\/en\/#organization\"},\"potentialAction\":[{\"@type\":\"SearchAction\",\"target\":{\"@type\":\"EntryPoint\",\"urlTemplate\":\"https:\/\/siemysli-ke.info\/en\/?s={search_term_string}\"},\"query-input\":{\"@type\":\"PropertyValueSpecification\",\"valueRequired\":true,\"valueName\":\"search_term_string\"}}],\"inLanguage\":\"en-US\"},{\"@type\":\"Organization\",\"@id\":\"https:\/\/siemysli-ke.info\/en\/#organization\",\"name\":\"SI\u0118 MY\u015aLI\",\"url\":\"https:\/\/siemysli-ke.info\/en\/\",\"logo\":{\"@type\":\"ImageObject\",\"inLanguage\":\"en-US\",\"@id\":\"https:\/\/siemysli-ke.info\/en\/#\/schema\/logo\/image\/\",\"url\":\"https:\/\/siemysli-ke.info\/wp-content\/uploads\/2025\/05\/99.png\",\"contentUrl\":\"https:\/\/siemysli-ke.info\/wp-content\/uploads\/2025\/05\/99.png\",\"width\":270,\"height\":204,\"caption\":\"SI\u0118 MY\u015aLI\"},\"image\":{\"@id\":\"https:\/\/siemysli-ke.info\/en\/#\/schema\/logo\/image\/\"}},{\"@type\":\"Person\",\"@id\":\"https:\/\/siemysli-ke.info\/#\/schema\/person\/75326687448d6abf738b156f56385210\",\"name\":\"...\",\"image\":{\"@type\":\"ImageObject\",\"inLanguage\":\"en-US\",\"@id\":\"https:\/\/siemysli-ke.info\/en\/#\/schema\/person\/image\/\",\"url\":\"https:\/\/secure.gravatar.com\/avatar\/33a3c2559155e1b4add65cf88cafda785aeb920f44b97c7055b07866ab5b13c2?s=96&d=mm&r=g\",\"contentUrl\":\"https:\/\/secure.gravatar.com\/avatar\/33a3c2559155e1b4add65cf88cafda785aeb920f44b97c7055b07866ab5b13c2?s=96&d=mm&r=g\",\"caption\":\"...\"},\"url\":\"https:\/\/siemysli-ke.info\/en\/author\/lele\/\"}]}<\/script>\n<!-- \/ Yoast SEO plugin. -->","yoast_head_json":{"title":"Odwiedzi\u0107 Matk\u0119 w Jej Domu - SI\u0118 MY\u015aLI","robots":{"index":"index","follow":"follow","max-snippet":"max-snippet:-1","max-image-preview":"max-image-preview:large","max-video-preview":"max-video-preview:-1"},"canonical":"https:\/\/siemysli-ke.info\/en\/odwiedzic-matke-w-jej-domu\/","og_locale":"en_US","og_type":"article","og_title":"Odwiedzi\u0107 Matk\u0119 w Jej Domu - SI\u0118 MY\u015aLI","og_description":",,Od Cyryla i Metodego, patron\u00f3w Europy, w Knurowie \u00a0\u2013 do Jasnog\u00f3rskiej Pani \u2013 Kr\u00f3lowej Polski\u201d\u00a0 \u00a0 \u00a0 Uroczysto\u015bci na Jasnej","og_url":"https:\/\/siemysli-ke.info\/en\/odwiedzic-matke-w-jej-domu\/","og_site_name":"SI\u0118 MY\u015aLI","article_published_time":"2015-05-18T09:05:39+00:00","og_image":[{"width":702,"height":466,"url":"https:\/\/siemysli-ke.info\/wp-content\/uploads\/2015\/05\/DSC_0185K.jpg","type":"image\/jpeg"}],"author":"...","twitter_misc":{"Written by":"...","Est. reading time":"4 minutes"},"schema":{"@context":"https:\/\/schema.org","@graph":[{"@type":"Article","@id":"https:\/\/siemysli-ke.info\/en\/odwiedzic-matke-w-jej-domu\/#article","isPartOf":{"@id":"https:\/\/siemysli-ke.info\/en\/odwiedzic-matke-w-jej-domu\/"},"author":{"name":"...","@id":"https:\/\/siemysli-ke.info\/#\/schema\/person\/75326687448d6abf738b156f56385210"},"headline":"Odwiedzi\u0107 Matk\u0119 w Jej Domu","datePublished":"2015-05-18T09:05:39+00:00","mainEntityOfPage":{"@id":"https:\/\/siemysli-ke.info\/en\/odwiedzic-matke-w-jej-domu\/"},"wordCount":769,"commentCount":0,"publisher":{"@id":"https:\/\/siemysli-ke.info\/#organization"},"image":{"@id":"https:\/\/siemysli-ke.info\/en\/odwiedzic-matke-w-jej-domu\/#primaryimage"},"thumbnailUrl":"https:\/\/siemysli-ke.info\/wp-content\/uploads\/2015\/05\/DSC_0185K.jpg","keywords":["Cyryl i Metody","Jasna G\u00f3ra","Knur\u00f3w","pielgrzymka biegowa","pielgrzymka do Cz\u0119stochowy","\u015bl\u0105ska ziemia","Tadeusz Pucha\u0142ka"],"articleSection":["Kultura","Rzeczypospolita"],"inLanguage":"en-US","potentialAction":[{"@type":"CommentAction","name":"Comment","target":["https:\/\/siemysli-ke.info\/en\/odwiedzic-matke-w-jej-domu\/#respond"]}]},{"@type":"WebPage","@id":"https:\/\/siemysli-ke.info\/en\/odwiedzic-matke-w-jej-domu\/","url":"https:\/\/siemysli-ke.info\/en\/odwiedzic-matke-w-jej-domu\/","name":"Odwiedzi\u0107 Matk\u0119 w Jej Domu - SI\u0118 MY\u015aLI","isPartOf":{"@id":"https:\/\/siemysli-ke.info\/en\/#website"},"primaryImageOfPage":{"@id":"https:\/\/siemysli-ke.info\/en\/odwiedzic-matke-w-jej-domu\/#primaryimage"},"image":{"@id":"https:\/\/siemysli-ke.info\/en\/odwiedzic-matke-w-jej-domu\/#primaryimage"},"thumbnailUrl":"https:\/\/siemysli-ke.info\/wp-content\/uploads\/2015\/05\/DSC_0185K.jpg","datePublished":"2015-05-18T09:05:39+00:00","breadcrumb":{"@id":"https:\/\/siemysli-ke.info\/en\/odwiedzic-matke-w-jej-domu\/#breadcrumb"},"inLanguage":"en-US","potentialAction":[{"@type":"ReadAction","target":[["https:\/\/siemysli-ke.info\/en\/odwiedzic-matke-w-jej-domu\/"]]}]},{"@type":"ImageObject","inLanguage":"en-US","@id":"https:\/\/siemysli-ke.info\/en\/odwiedzic-matke-w-jej-domu\/#primaryimage","url":"https:\/\/siemysli-ke.info\/wp-content\/uploads\/2015\/05\/DSC_0185K.jpg","contentUrl":"https:\/\/siemysli-ke.info\/wp-content\/uploads\/2015\/05\/DSC_0185K.jpg","width":702,"height":466},{"@type":"BreadcrumbList","@id":"https:\/\/siemysli-ke.info\/en\/odwiedzic-matke-w-jej-domu\/#breadcrumb","itemListElement":[{"@type":"ListItem","position":1,"name":"Home","item":"https:\/\/siemysli-ke.info\/en\/"},{"@type":"ListItem","position":2,"name":"Odwiedzi\u0107 Matk\u0119 w Jej Domu"}]},{"@type":"WebSite","@id":"https:\/\/siemysli-ke.info\/en\/#website","url":"https:\/\/siemysli-ke.info\/en\/","name":"SI\u0118 MY\u015aLI","description":"","publisher":{"@id":"https:\/\/siemysli-ke.info\/en\/#organization"},"potentialAction":[{"@type":"SearchAction","target":{"@type":"EntryPoint","urlTemplate":"https:\/\/siemysli-ke.info\/en\/?s={search_term_string}"},"query-input":{"@type":"PropertyValueSpecification","valueRequired":true,"valueName":"search_term_string"}}],"inLanguage":"en-US"},{"@type":"Organization","@id":"https:\/\/siemysli-ke.info\/en\/#organization","name":"SI\u0118 MY\u015aLI","url":"https:\/\/siemysli-ke.info\/en\/","logo":{"@type":"ImageObject","inLanguage":"en-US","@id":"https:\/\/siemysli-ke.info\/en\/#\/schema\/logo\/image\/","url":"https:\/\/siemysli-ke.info\/wp-content\/uploads\/2025\/05\/99.png","contentUrl":"https:\/\/siemysli-ke.info\/wp-content\/uploads\/2025\/05\/99.png","width":270,"height":204,"caption":"SI\u0118 MY\u015aLI"},"image":{"@id":"https:\/\/siemysli-ke.info\/en\/#\/schema\/logo\/image\/"}},{"@type":"Person","@id":"https:\/\/siemysli-ke.info\/#\/schema\/person\/75326687448d6abf738b156f56385210","name":"...","image":{"@type":"ImageObject","inLanguage":"en-US","@id":"https:\/\/siemysli-ke.info\/en\/#\/schema\/person\/image\/","url":"https:\/\/secure.gravatar.com\/avatar\/33a3c2559155e1b4add65cf88cafda785aeb920f44b97c7055b07866ab5b13c2?s=96&d=mm&r=g","contentUrl":"https:\/\/secure.gravatar.com\/avatar\/33a3c2559155e1b4add65cf88cafda785aeb920f44b97c7055b07866ab5b13c2?s=96&d=mm&r=g","caption":"..."},"url":"https:\/\/siemysli-ke.info\/en\/author\/lele\/"}]}},"_links":{"self":[{"href":"https:\/\/siemysli-ke.info\/en\/wp-json\/wp\/v2\/posts\/15830","targetHints":{"allow":["GET"]}}],"collection":[{"href":"https:\/\/siemysli-ke.info\/en\/wp-json\/wp\/v2\/posts"}],"about":[{"href":"https:\/\/siemysli-ke.info\/en\/wp-json\/wp\/v2\/types\/post"}],"author":[{"embeddable":true,"href":"https:\/\/siemysli-ke.info\/en\/wp-json\/wp\/v2\/users\/3"}],"replies":[{"embeddable":true,"href":"https:\/\/siemysli-ke.info\/en\/wp-json\/wp\/v2\/comments?post=15830"}],"version-history":[{"count":0,"href":"https:\/\/siemysli-ke.info\/en\/wp-json\/wp\/v2\/posts\/15830\/revisions"}],"wp:featuredmedia":[{"embeddable":true,"href":"https:\/\/siemysli-ke.info\/en\/wp-json\/wp\/v2\/media\/15831"}],"wp:attachment":[{"href":"https:\/\/siemysli-ke.info\/en\/wp-json\/wp\/v2\/media?parent=15830"}],"wp:term":[{"taxonomy":"category","embeddable":true,"href":"https:\/\/siemysli-ke.info\/en\/wp-json\/wp\/v2\/categories?post=15830"},{"taxonomy":"post_tag","embeddable":true,"href":"https:\/\/siemysli-ke.info\/en\/wp-json\/wp\/v2\/tags?post=15830"}],"curies":[{"name":"wp","href":"https:\/\/api.w.org\/{rel}","templated":true}]}}