 {"id":15619,"date":"2015-04-26T21:30:16","date_gmt":"2015-04-26T19:30:16","guid":{"rendered":"http:\/\/www.siemysli.info.ke\/?p=15619"},"modified":"2015-04-27T11:16:00","modified_gmt":"2015-04-27T09:16:00","slug":"ss-michal-witkowski","status":"publish","type":"post","link":"https:\/\/siemysli-ke.info\/en\/ss-michal-witkowski\/","title":{"rendered":"SS Micha\u0142 Witkowski"},"content":{"rendered":"<p style=\"text-align: justify;\"><a href=\"http:\/\/www.siemysli.info.ke\/wp-content\/uploads\/2015\/04\/eeb0f125f91d4ca5aeeaddfb2237ab688e75c7ea.jpg\" rel=\"lightbox[15619]\"><img decoding=\"async\" class=\"alignleft size-medium wp-image-15620\" src=\"http:\/\/www.siemysli.info.ke\/wp-content\/uploads\/2015\/04\/eeb0f125f91d4ca5aeeaddfb2237ab688e75c7ea-197x300.jpg\" alt=\"eeb0f125f91d4ca5aeeaddfb2237ab688e75c7ea\" width=\"197\" height=\"300\" srcset=\"https:\/\/siemysli-ke.info\/wp-content\/uploads\/2015\/04\/eeb0f125f91d4ca5aeeaddfb2237ab688e75c7ea-197x300.jpg 197w, https:\/\/siemysli-ke.info\/wp-content\/uploads\/2015\/04\/eeb0f125f91d4ca5aeeaddfb2237ab688e75c7ea.jpg 623w\" sizes=\"(max-width: 197px) 100vw, 197px\" \/><\/a>Pisarz Micha\u0142 Witkowski, odk\u0105d to postanowi\u0142 zosta\u0107 celebryt\u0105, cz\u0119sto balansowa\u0142 na granicy dobrego smaku. Polski \u00a0&#8220;\u015bwiat mody&#8221; nie jest przygotowany na kogo\u015b, \u00a0kto nie musi lansowa\u0107 si\u0119 poprzez tandet\u0119, robi\u0105c to na si\u0142\u0119 lub przez \u0142\u00f3\u017cko, a osob\u0119 kreuj\u0105c\u0105 tandet\u0119 dla jaj &#8211; prowokuj\u0105c i wkurzaj\u0105c. Przed d\u0142ugi czas &#8220;powa\u017cny&#8221; \u015bwiat modowy traktowa\u0142 te wybryki \u00a0jako &#8220;kreacj\u0119 artystyczn\u0105&#8221;. Czara goryczy jednak zosta\u0142a przelana i z weso\u0142ego <em>happeningu<\/em>\u00a0zrobi\u0142 si\u0119 powa\u017cny gryps do prokuratury. Do incydentu dosz\u0142o w czasie \u0142\u00f3dzkiego <em>Fashion Week<\/em>. Do prokuratury wp\u0142yn\u0119\u0142o te\u017c zawiadomienie od osoby prywatnej (by\u0107 mo\u017ce to donos Rafa\u0142a Pankowskiego z\u00a0<em>Nigdy<\/em>\u00a0<em>Wi\u0119cej<\/em> &#8211; tropiciela nazist\u00f3w za granty z Brukseli), \u017ce Micha\u0142 Witkowski pope\u0142ni\u0142 przest\u0119pstwo, polegaj\u0105ce na publicznym propagowaniu faszyzmu. Jonny Daniels, prezes fundacji <em>From The Depths<\/em>, r\u00f3wnie\u017c \u00a0z\u0142o\u017cy\u0142 na niego zawiadomienie do polskiej organ\u00f3w \u015bcigania. Prokuratura Rejonowa dla \u0141odzi Polesia wszcz\u0119\u0142a w\u0142a\u015bnie post\u0119powanie w tej sprawie. Micha\u0142 Witkowski na swoim blogu przeprosi\u0142 za za\u0142o\u017cenie skandalicznego nakrycia g\u0142owy. Podkre\u015bla\u0142, \u017ce &#8220;za tre\u015bci, wyra\u017cone kapeluszem, nie odpowiada&#8221;. Twierdzi, \u017ce nigdy nie chcia\u0142 propagowa\u0107 idei nazistowskich i nie zdawa\u0142 sobie sprawy, \u017ce mo\u017ce kogo\u015b urazi\u0107. Jednak czapki z literami SS dla &#8220;jego przyjaci\u00f3\u0142&#8221; nie da si\u0119 w ten spos\u00f3b obroni\u0107. Nie znalaz\u0142 si\u0119 ani jeden znajomy, z wyj\u0105tkiem &#8220;etyka&#8221; Jana Hartmana, kt\u00f3ry odwa\u017cy\u0142by si\u0119 stan\u0105\u0107 po stronie Witkowskiego. Wszyscy s\u0105 zdania, \u017ce tym razem przesadzi\u0142. Nawet Ewa Chodakowska nazwa\u0142a go <a href=\"http:\/\/www.siemysli.info.ke\/wp-content\/uploads\/2015\/04\/c14a35190ad4fd556e21dcb4700a3895689a7787.jpg\" rel=\"lightbox[15619]\"><img decoding=\"async\" class=\"alignleft size-medium wp-image-15621\" src=\"http:\/\/www.siemysli.info.ke\/wp-content\/uploads\/2015\/04\/c14a35190ad4fd556e21dcb4700a3895689a7787-199x300.jpg\" alt=\"c14a35190ad4fd556e21dcb4700a3895689a7787\" width=\"199\" height=\"300\" srcset=\"https:\/\/siemysli-ke.info\/wp-content\/uploads\/2015\/04\/c14a35190ad4fd556e21dcb4700a3895689a7787-199x300.jpg 199w, https:\/\/siemysli-ke.info\/wp-content\/uploads\/2015\/04\/c14a35190ad4fd556e21dcb4700a3895689a7787.jpg 623w\" sizes=\"(max-width: 199px) 100vw, 199px\" \/><\/a>desperatem. Wsp\u00f3\u0142pracuj\u0105ce z Witkowskim Wydawnictwo <em>Znak<\/em>\u00a0tak\u017ce uzna\u0142o, \u017ce tym razem posun\u0105\u0142 si\u0119 za daleko i zako\u0144czy\u0142o wsp\u00f3\u0142prac\u0119. Jego nowa ksi\u0105\u017cka na razie si\u0119 wi\u0119c nie uka\u017ce. I mamy w Polsce kolejn\u0105 posta\u0107, kt\u00f3r\u0105 pr\u00f3buje si\u0119 niszczy\u0107, przyklejaj\u0105c jej \u0142at\u0119 i stygmatyzuj\u0105c.<\/p>\n<p style=\"text-align: justify;\">A ja jednak, mimo \u017ce sama tw\u00f3rczo\u015b\u0107 Micha\u0142a Witkowskiego nie jest mi znana, jak r\u00f3wnie\u017c ze \u015brodowiskami homoseksualnymi ma\u0142o mam wsp\u00f3lnego, bior\u0119 go w obron\u0119. Wed\u0142ug mojego wyczucia &#8211; mod\u0105 nie da si\u0119 propagowac pewnych idei. Moda mo\u017ce szokowa\u0107, przyciagac uwag\u0119, nspirowa\u0107 i kreowa\u0107 trendy. Subkultura <em>punk<\/em> w latach 70. r\u00f3wnie\u017c u\u017cywa\u0142a symboli neonazistowskich czy komunistycznych dla wzbudzenia pogardy, alienacji i odrzucenia konserwatywnego stylu \u017cycia. Dla jednych by\u0142a to patologia i zaproszenie do domu diab\u0142a, dla innych kreacja, kt\u00f3ra inspiruje i trwa do dzi\u015b. Jak homoseksualista ubrany w prze\u015bmiewczy, pstrokaty str\u00f3j i &#8220;fura\u017cerk\u0119&#8221;, przyozdobion\u0105 runami SS i postaciami z kresk\u00f3wek, ma propagowa\u0107 i uosabia\u0107 nazizm i ideologi\u0119 III Rzeszy, kt\u00f3ra za kanon pi\u0119kna obiera\u0142a t\u0119\u017cyzn\u0119 fizyczn\u0105 ludzi idealnych i surowy styl w architekturze. Je\u015bli <a href=\"http:\/\/www.siemysli.info.ke\/wp-content\/uploads\/2015\/04\/2b3683a9f2786d93606e821ed62bb2cae16c6269.jpg\" rel=\"lightbox[15619]\"><img decoding=\"async\" class=\"alignleft size-medium wp-image-15622\" src=\"http:\/\/www.siemysli.info.ke\/wp-content\/uploads\/2015\/04\/2b3683a9f2786d93606e821ed62bb2cae16c6269-300x199.jpg\" alt=\"2b3683a9f2786d93606e821ed62bb2cae16c6269\" width=\"300\" height=\"199\" srcset=\"https:\/\/siemysli-ke.info\/wp-content\/uploads\/2015\/04\/2b3683a9f2786d93606e821ed62bb2cae16c6269-300x199.jpg 300w, https:\/\/siemysli-ke.info\/wp-content\/uploads\/2015\/04\/2b3683a9f2786d93606e821ed62bb2cae16c6269.jpg 623w\" sizes=\"(max-width: 300px) 100vw, 300px\" \/><\/a>korpulentny &#8220;peda\u0142&#8221; wed\u0142ug inkwizytor\u00f3w propaguje faszyzm, to owi &#8220;s\u0119dziowie dobra&#8221; chyba nie wiedz\u0105, co czyni\u0105, kieruj\u0105c spraw\u0119 do prokuratury. To cios w serce prawdziwych wyznawc\u00f3w Hitlera! Powaga wielkiego budowniczego \u015bwiata nadludzi &#8211; \u00a0obr\u00f3cona w \u017cart! Witkowski jest prze\u015bmiewc\u0105 i swym strojem wpisuje si\u0119 idealnie w nurt antyfaszystowski.<\/p>\n<p style=\"text-align: justify;\">Michale, \u015bwiat\u00a0 chyba oszala\u0142!<\/p>\n<p style=\"text-align: justify;\">A mo\u017ce tropiciele nazist\u00f3w ju\u017c nie znaj\u0105 si\u0119 na \u017cartach?<\/p>\n<p style=\"text-align: justify;\">\n<p style=\"text-align: justify;\">\n<p style=\"text-align: right;\"><strong>Roman Boryczko<\/strong>,<\/p>\n<p style=\"text-align: right;\"><em> kwiecie\u0144 2015<\/em><\/p>\n<p>&nbsp;<\/p>\n","protected":false},"excerpt":{"rendered":"<p>Pisarz Micha\u0142 Witkowski, odk\u0105d to postanowi\u0142 zosta\u0107 celebryt\u0105, cz\u0119sto balansowa\u0142 na granicy dobrego smaku. Polski \u00a0&#8220;\u015bwiat mody&#8221; nie jest przygotowany<\/p>\n","protected":false},"author":7,"featured_media":15620,"comment_status":"open","ping_status":"open","sticky":false,"template":"","format":"standard","meta":{"colormag_page_layout":"default_layout","footnotes":""},"categories":[3,81],"tags":[2480,2477,2478,2479,202,2482,2481],"class_list":["post-15619","post","type-post","status-publish","format-standard","has-post-thumbnail","hentry","category-kultura","category-rzeczpospolita","tag-ewa-chodakowska","tag-michal-witkowski","tag-nazizm","tag-prokuratura-rejonowa-dla-lodzi-polesia","tag-roman-boryczko","tag-subkultura-punk","tag-wydawnictwo-znak"],"yoast_head":"<!-- This site is optimized with the Yoast SEO plugin v25.1 - https:\/\/yoast.com\/wordpress\/plugins\/seo\/ -->\n<title>SS Micha\u0142 Witkowski - SI\u0118 MY\u015aLI<\/title>\n<meta name=\"robots\" content=\"index, follow, max-snippet:-1, max-image-preview:large, max-video-preview:-1\" \/>\n<link rel=\"canonical\" href=\"https:\/\/siemysli-ke.info\/en\/ss-michal-witkowski\/\" \/>\n<meta property=\"og:locale\" content=\"en_US\" \/>\n<meta property=\"og:type\" content=\"article\" \/>\n<meta property=\"og:title\" content=\"SS Micha\u0142 Witkowski - SI\u0118 MY\u015aLI\" \/>\n<meta property=\"og:description\" content=\"Pisarz Micha\u0142 Witkowski, odk\u0105d to postanowi\u0142 zosta\u0107 celebryt\u0105, cz\u0119sto balansowa\u0142 na granicy dobrego smaku. Polski \u00a0&#8220;\u015bwiat mody&#8221; nie jest przygotowany\" \/>\n<meta property=\"og:url\" content=\"https:\/\/siemysli-ke.info\/en\/ss-michal-witkowski\/\" \/>\n<meta property=\"og:site_name\" content=\"SI\u0118 MY\u015aLI\" \/>\n<meta property=\"article:published_time\" content=\"2015-04-26T19:30:16+00:00\" \/>\n<meta property=\"article:modified_time\" content=\"2015-04-27T09:16:00+00:00\" \/>\n<meta property=\"og:image\" content=\"https:\/\/siemysli-ke.info\/wp-content\/uploads\/2015\/04\/eeb0f125f91d4ca5aeeaddfb2237ab688e75c7ea.jpg\" \/>\n\t<meta property=\"og:image:width\" content=\"623\" \/>\n\t<meta property=\"og:image:height\" content=\"948\" \/>\n\t<meta property=\"og:image:type\" content=\"image\/jpeg\" \/>\n<meta name=\"author\" content=\"Jaromir\" \/>\n<meta name=\"twitter:label1\" content=\"Written by\" \/>\n\t<meta name=\"twitter:data1\" content=\"Jaromir\" \/>\n\t<meta name=\"twitter:label2\" content=\"Est. reading time\" \/>\n\t<meta name=\"twitter:data2\" content=\"3 minutes\" \/>\n<script type=\"application\/ld+json\" class=\"yoast-schema-graph\">{\"@context\":\"https:\/\/schema.org\",\"@graph\":[{\"@type\":\"Article\",\"@id\":\"https:\/\/siemysli-ke.info\/en\/ss-michal-witkowski\/#article\",\"isPartOf\":{\"@id\":\"https:\/\/siemysli-ke.info\/en\/ss-michal-witkowski\/\"},\"author\":{\"name\":\"Jaromir\",\"@id\":\"https:\/\/siemysli-ke.info\/#\/schema\/person\/66d741fa745a44f2fe46d112bc6499f2\"},\"headline\":\"SS Micha\u0142 Witkowski\",\"datePublished\":\"2015-04-26T19:30:16+00:00\",\"dateModified\":\"2015-04-27T09:16:00+00:00\",\"mainEntityOfPage\":{\"@id\":\"https:\/\/siemysli-ke.info\/en\/ss-michal-witkowski\/\"},\"wordCount\":543,\"commentCount\":1,\"publisher\":{\"@id\":\"https:\/\/siemysli-ke.info\/#organization\"},\"image\":{\"@id\":\"https:\/\/siemysli-ke.info\/en\/ss-michal-witkowski\/#primaryimage\"},\"thumbnailUrl\":\"https:\/\/siemysli-ke.info\/wp-content\/uploads\/2015\/04\/eeb0f125f91d4ca5aeeaddfb2237ab688e75c7ea.jpg\",\"keywords\":[\"Ewa Chodakowska\",\"Micha\u0142 Witkowski\",\"nazizm\",\"Prokuratura Rejonowa dla \u0141odzi Polesia\",\"Roman Boryczko\",\"subkultura punk\",\"Wydawnictwo Znak\"],\"articleSection\":[\"Kultura\",\"Rzeczypospolita\"],\"inLanguage\":\"en-US\",\"potentialAction\":[{\"@type\":\"CommentAction\",\"name\":\"Comment\",\"target\":[\"https:\/\/siemysli-ke.info\/en\/ss-michal-witkowski\/#respond\"]}]},{\"@type\":\"WebPage\",\"@id\":\"https:\/\/siemysli-ke.info\/en\/ss-michal-witkowski\/\",\"url\":\"https:\/\/siemysli-ke.info\/en\/ss-michal-witkowski\/\",\"name\":\"SS Micha\u0142 Witkowski - SI\u0118 MY\u015aLI\",\"isPartOf\":{\"@id\":\"https:\/\/siemysli-ke.info\/en\/#website\"},\"primaryImageOfPage\":{\"@id\":\"https:\/\/siemysli-ke.info\/en\/ss-michal-witkowski\/#primaryimage\"},\"image\":{\"@id\":\"https:\/\/siemysli-ke.info\/en\/ss-michal-witkowski\/#primaryimage\"},\"thumbnailUrl\":\"https:\/\/siemysli-ke.info\/wp-content\/uploads\/2015\/04\/eeb0f125f91d4ca5aeeaddfb2237ab688e75c7ea.jpg\",\"datePublished\":\"2015-04-26T19:30:16+00:00\",\"dateModified\":\"2015-04-27T09:16:00+00:00\",\"breadcrumb\":{\"@id\":\"https:\/\/siemysli-ke.info\/en\/ss-michal-witkowski\/#breadcrumb\"},\"inLanguage\":\"en-US\",\"potentialAction\":[{\"@type\":\"ReadAction\",\"target\":[[\"https:\/\/siemysli-ke.info\/en\/ss-michal-witkowski\/\"]]}]},{\"@type\":\"ImageObject\",\"inLanguage\":\"en-US\",\"@id\":\"https:\/\/siemysli-ke.info\/en\/ss-michal-witkowski\/#primaryimage\",\"url\":\"https:\/\/siemysli-ke.info\/wp-content\/uploads\/2015\/04\/eeb0f125f91d4ca5aeeaddfb2237ab688e75c7ea.jpg\",\"contentUrl\":\"https:\/\/siemysli-ke.info\/wp-content\/uploads\/2015\/04\/eeb0f125f91d4ca5aeeaddfb2237ab688e75c7ea.jpg\",\"width\":623,\"height\":948},{\"@type\":\"BreadcrumbList\",\"@id\":\"https:\/\/siemysli-ke.info\/en\/ss-michal-witkowski\/#breadcrumb\",\"itemListElement\":[{\"@type\":\"ListItem\",\"position\":1,\"name\":\"Home\",\"item\":\"https:\/\/siemysli-ke.info\/en\/\"},{\"@type\":\"ListItem\",\"position\":2,\"name\":\"SS Micha\u0142 Witkowski\"}]},{\"@type\":\"WebSite\",\"@id\":\"https:\/\/siemysli-ke.info\/en\/#website\",\"url\":\"https:\/\/siemysli-ke.info\/en\/\",\"name\":\"SI\u0118 MY\u015aLI\",\"description\":\"\",\"publisher\":{\"@id\":\"https:\/\/siemysli-ke.info\/en\/#organization\"},\"potentialAction\":[{\"@type\":\"SearchAction\",\"target\":{\"@type\":\"EntryPoint\",\"urlTemplate\":\"https:\/\/siemysli-ke.info\/en\/?s={search_term_string}\"},\"query-input\":{\"@type\":\"PropertyValueSpecification\",\"valueRequired\":true,\"valueName\":\"search_term_string\"}}],\"inLanguage\":\"en-US\"},{\"@type\":\"Organization\",\"@id\":\"https:\/\/siemysli-ke.info\/en\/#organization\",\"name\":\"SI\u0118 MY\u015aLI\",\"url\":\"https:\/\/siemysli-ke.info\/en\/\",\"logo\":{\"@type\":\"ImageObject\",\"inLanguage\":\"en-US\",\"@id\":\"https:\/\/siemysli-ke.info\/en\/#\/schema\/logo\/image\/\",\"url\":\"https:\/\/siemysli-ke.info\/wp-content\/uploads\/2025\/05\/99.png\",\"contentUrl\":\"https:\/\/siemysli-ke.info\/wp-content\/uploads\/2025\/05\/99.png\",\"width\":270,\"height\":204,\"caption\":\"SI\u0118 MY\u015aLI\"},\"image\":{\"@id\":\"https:\/\/siemysli-ke.info\/en\/#\/schema\/logo\/image\/\"}},{\"@type\":\"Person\",\"@id\":\"https:\/\/siemysli-ke.info\/#\/schema\/person\/66d741fa745a44f2fe46d112bc6499f2\",\"name\":\"Jaromir\",\"image\":{\"@type\":\"ImageObject\",\"inLanguage\":\"en-US\",\"@id\":\"https:\/\/siemysli-ke.info\/en\/#\/schema\/person\/image\/\",\"url\":\"https:\/\/secure.gravatar.com\/avatar\/fe881559e8ac8dda20293e9e8317d4678c6ad8f65f85a9ce5e1a87cee56b6198?s=96&d=mm&r=g\",\"contentUrl\":\"https:\/\/secure.gravatar.com\/avatar\/fe881559e8ac8dda20293e9e8317d4678c6ad8f65f85a9ce5e1a87cee56b6198?s=96&d=mm&r=g\",\"caption\":\"Jaromir\"},\"url\":\"https:\/\/siemysli-ke.info\/en\/author\/jaromir\/\"}]}<\/script>\n<!-- \/ Yoast SEO plugin. -->","yoast_head_json":{"title":"SS Micha\u0142 Witkowski - SI\u0118 MY\u015aLI","robots":{"index":"index","follow":"follow","max-snippet":"max-snippet:-1","max-image-preview":"max-image-preview:large","max-video-preview":"max-video-preview:-1"},"canonical":"https:\/\/siemysli-ke.info\/en\/ss-michal-witkowski\/","og_locale":"en_US","og_type":"article","og_title":"SS Micha\u0142 Witkowski - SI\u0118 MY\u015aLI","og_description":"Pisarz Micha\u0142 Witkowski, odk\u0105d to postanowi\u0142 zosta\u0107 celebryt\u0105, cz\u0119sto balansowa\u0142 na granicy dobrego smaku. Polski \u00a0&#8220;\u015bwiat mody&#8221; nie jest przygotowany","og_url":"https:\/\/siemysli-ke.info\/en\/ss-michal-witkowski\/","og_site_name":"SI\u0118 MY\u015aLI","article_published_time":"2015-04-26T19:30:16+00:00","article_modified_time":"2015-04-27T09:16:00+00:00","og_image":[{"width":623,"height":948,"url":"https:\/\/siemysli-ke.info\/wp-content\/uploads\/2015\/04\/eeb0f125f91d4ca5aeeaddfb2237ab688e75c7ea.jpg","type":"image\/jpeg"}],"author":"Jaromir","twitter_misc":{"Written by":"Jaromir","Est. reading time":"3 minutes"},"schema":{"@context":"https:\/\/schema.org","@graph":[{"@type":"Article","@id":"https:\/\/siemysli-ke.info\/en\/ss-michal-witkowski\/#article","isPartOf":{"@id":"https:\/\/siemysli-ke.info\/en\/ss-michal-witkowski\/"},"author":{"name":"Jaromir","@id":"https:\/\/siemysli-ke.info\/#\/schema\/person\/66d741fa745a44f2fe46d112bc6499f2"},"headline":"SS Micha\u0142 Witkowski","datePublished":"2015-04-26T19:30:16+00:00","dateModified":"2015-04-27T09:16:00+00:00","mainEntityOfPage":{"@id":"https:\/\/siemysli-ke.info\/en\/ss-michal-witkowski\/"},"wordCount":543,"commentCount":1,"publisher":{"@id":"https:\/\/siemysli-ke.info\/#organization"},"image":{"@id":"https:\/\/siemysli-ke.info\/en\/ss-michal-witkowski\/#primaryimage"},"thumbnailUrl":"https:\/\/siemysli-ke.info\/wp-content\/uploads\/2015\/04\/eeb0f125f91d4ca5aeeaddfb2237ab688e75c7ea.jpg","keywords":["Ewa Chodakowska","Micha\u0142 Witkowski","nazizm","Prokuratura Rejonowa dla \u0141odzi Polesia","Roman Boryczko","subkultura punk","Wydawnictwo Znak"],"articleSection":["Kultura","Rzeczypospolita"],"inLanguage":"en-US","potentialAction":[{"@type":"CommentAction","name":"Comment","target":["https:\/\/siemysli-ke.info\/en\/ss-michal-witkowski\/#respond"]}]},{"@type":"WebPage","@id":"https:\/\/siemysli-ke.info\/en\/ss-michal-witkowski\/","url":"https:\/\/siemysli-ke.info\/en\/ss-michal-witkowski\/","name":"SS Micha\u0142 Witkowski - SI\u0118 MY\u015aLI","isPartOf":{"@id":"https:\/\/siemysli-ke.info\/en\/#website"},"primaryImageOfPage":{"@id":"https:\/\/siemysli-ke.info\/en\/ss-michal-witkowski\/#primaryimage"},"image":{"@id":"https:\/\/siemysli-ke.info\/en\/ss-michal-witkowski\/#primaryimage"},"thumbnailUrl":"https:\/\/siemysli-ke.info\/wp-content\/uploads\/2015\/04\/eeb0f125f91d4ca5aeeaddfb2237ab688e75c7ea.jpg","datePublished":"2015-04-26T19:30:16+00:00","dateModified":"2015-04-27T09:16:00+00:00","breadcrumb":{"@id":"https:\/\/siemysli-ke.info\/en\/ss-michal-witkowski\/#breadcrumb"},"inLanguage":"en-US","potentialAction":[{"@type":"ReadAction","target":[["https:\/\/siemysli-ke.info\/en\/ss-michal-witkowski\/"]]}]},{"@type":"ImageObject","inLanguage":"en-US","@id":"https:\/\/siemysli-ke.info\/en\/ss-michal-witkowski\/#primaryimage","url":"https:\/\/siemysli-ke.info\/wp-content\/uploads\/2015\/04\/eeb0f125f91d4ca5aeeaddfb2237ab688e75c7ea.jpg","contentUrl":"https:\/\/siemysli-ke.info\/wp-content\/uploads\/2015\/04\/eeb0f125f91d4ca5aeeaddfb2237ab688e75c7ea.jpg","width":623,"height":948},{"@type":"BreadcrumbList","@id":"https:\/\/siemysli-ke.info\/en\/ss-michal-witkowski\/#breadcrumb","itemListElement":[{"@type":"ListItem","position":1,"name":"Home","item":"https:\/\/siemysli-ke.info\/en\/"},{"@type":"ListItem","position":2,"name":"SS Micha\u0142 Witkowski"}]},{"@type":"WebSite","@id":"https:\/\/siemysli-ke.info\/en\/#website","url":"https:\/\/siemysli-ke.info\/en\/","name":"SI\u0118 MY\u015aLI","description":"","publisher":{"@id":"https:\/\/siemysli-ke.info\/en\/#organization"},"potentialAction":[{"@type":"SearchAction","target":{"@type":"EntryPoint","urlTemplate":"https:\/\/siemysli-ke.info\/en\/?s={search_term_string}"},"query-input":{"@type":"PropertyValueSpecification","valueRequired":true,"valueName":"search_term_string"}}],"inLanguage":"en-US"},{"@type":"Organization","@id":"https:\/\/siemysli-ke.info\/en\/#organization","name":"SI\u0118 MY\u015aLI","url":"https:\/\/siemysli-ke.info\/en\/","logo":{"@type":"ImageObject","inLanguage":"en-US","@id":"https:\/\/siemysli-ke.info\/en\/#\/schema\/logo\/image\/","url":"https:\/\/siemysli-ke.info\/wp-content\/uploads\/2025\/05\/99.png","contentUrl":"https:\/\/siemysli-ke.info\/wp-content\/uploads\/2025\/05\/99.png","width":270,"height":204,"caption":"SI\u0118 MY\u015aLI"},"image":{"@id":"https:\/\/siemysli-ke.info\/en\/#\/schema\/logo\/image\/"}},{"@type":"Person","@id":"https:\/\/siemysli-ke.info\/#\/schema\/person\/66d741fa745a44f2fe46d112bc6499f2","name":"Jaromir","image":{"@type":"ImageObject","inLanguage":"en-US","@id":"https:\/\/siemysli-ke.info\/en\/#\/schema\/person\/image\/","url":"https:\/\/secure.gravatar.com\/avatar\/fe881559e8ac8dda20293e9e8317d4678c6ad8f65f85a9ce5e1a87cee56b6198?s=96&d=mm&r=g","contentUrl":"https:\/\/secure.gravatar.com\/avatar\/fe881559e8ac8dda20293e9e8317d4678c6ad8f65f85a9ce5e1a87cee56b6198?s=96&d=mm&r=g","caption":"Jaromir"},"url":"https:\/\/siemysli-ke.info\/en\/author\/jaromir\/"}]}},"_links":{"self":[{"href":"https:\/\/siemysli-ke.info\/en\/wp-json\/wp\/v2\/posts\/15619","targetHints":{"allow":["GET"]}}],"collection":[{"href":"https:\/\/siemysli-ke.info\/en\/wp-json\/wp\/v2\/posts"}],"about":[{"href":"https:\/\/siemysli-ke.info\/en\/wp-json\/wp\/v2\/types\/post"}],"author":[{"embeddable":true,"href":"https:\/\/siemysli-ke.info\/en\/wp-json\/wp\/v2\/users\/7"}],"replies":[{"embeddable":true,"href":"https:\/\/siemysli-ke.info\/en\/wp-json\/wp\/v2\/comments?post=15619"}],"version-history":[{"count":0,"href":"https:\/\/siemysli-ke.info\/en\/wp-json\/wp\/v2\/posts\/15619\/revisions"}],"wp:featuredmedia":[{"embeddable":true,"href":"https:\/\/siemysli-ke.info\/en\/wp-json\/wp\/v2\/media\/15620"}],"wp:attachment":[{"href":"https:\/\/siemysli-ke.info\/en\/wp-json\/wp\/v2\/media?parent=15619"}],"wp:term":[{"taxonomy":"category","embeddable":true,"href":"https:\/\/siemysli-ke.info\/en\/wp-json\/wp\/v2\/categories?post=15619"},{"taxonomy":"post_tag","embeddable":true,"href":"https:\/\/siemysli-ke.info\/en\/wp-json\/wp\/v2\/tags?post=15619"}],"curies":[{"name":"wp","href":"https:\/\/api.w.org\/{rel}","templated":true}]}}