 {"id":15572,"date":"2015-04-23T12:15:23","date_gmt":"2015-04-23T10:15:23","guid":{"rendered":"http:\/\/www.siemysli.info.ke\/?p=15572"},"modified":"2015-04-23T14:00:46","modified_gmt":"2015-04-23T12:00:46","slug":"czy-polacy-palilismy-zydow-w-krematoryjnych-piecach","status":"publish","type":"post","link":"https:\/\/siemysli-ke.info\/en\/czy-polacy-palilismy-zydow-w-krematoryjnych-piecach\/","title":{"rendered":"Czy my, Polacy, palili\u015bmy \u017byd\u00f3w w krematoryjnych piecach?"},"content":{"rendered":"<p style=\"text-align: justify;\"><a href=\"http:\/\/www.siemysli.info.ke\/wp-content\/uploads\/2015\/04\/4ba6532132fc0c5973d2735a6f98333f.jpg\" rel=\"lightbox[15572]\"><img decoding=\"async\" class=\"alignleft size-medium wp-image-15573\" src=\"http:\/\/www.siemysli.info.ke\/wp-content\/uploads\/2015\/04\/4ba6532132fc0c5973d2735a6f98333f-300x150.jpg\" alt=\"4ba6532132fc0c5973d2735a6f98333f\" width=\"300\" height=\"150\" srcset=\"https:\/\/siemysli-ke.info\/wp-content\/uploads\/2015\/04\/4ba6532132fc0c5973d2735a6f98333f-300x150.jpg 300w, https:\/\/siemysli-ke.info\/wp-content\/uploads\/2015\/04\/4ba6532132fc0c5973d2735a6f98333f.jpg 835w\" sizes=\"(max-width: 300px) 100vw, 300px\" \/><\/a>Po krzywdz\u0105cych wypowiedziach szefa FBI, im\u0107 Comey\u2019a, wszyscy dbaj\u0105cy o dobre imi\u0119 Polski i Polak\u00f3w oczekiwali na sakramentalne s\u0142owo, kt\u00f3re padnie z ust owego oficjela USA &#8211; \u201dPrzepraszam!\u201d.<\/p>\n<p style=\"text-align: justify;\"><strong>Amerykanie plugawe s\u0142owa obr\u00f3cili w \u017cart a polsk\u0105 opini\u0119 publiczn\u0105 potraktowali, niczym dziecko specjalnej troski.<\/strong> Rzeczniczka Jamesa Comey\u2019a wyda\u0142a jedynie lakoniczny komunikat, \u017ce ten zosta\u0142 \u017ale zrozumiany i to wszystko, co ma do powiedzenia w tej sprawie.<\/p>\n<p style=\"text-align: justify;\">\nO przeprosinach nie by\u0142o mowy. Skandal zosta\u0142 jednak rozdmuchany przez ameryka\u0144skie media i by spraw\u0119 uci\u0105\u0107 raz na zawsze, wypowiedzia\u0142 si\u0119 publicznie sam zainteresowany. Oczywi\u015bcie \u017cadnego s\u0142owa \u201cPrzepraszam!\u201d od naszych drogich sojusznik\u00f3w nie otrzymali\u015bmy, bo pewnie nie jeste\u015bmy warci takiej \u0142aski i takiej uwagi. Szef FBI powt\u00f3rzy\u0142 swym \u201ckar\u0142owatym\u201d sojusznikom z dalekiego wschodu Europy: \u201cW pewnym sensie \u017ca\u0142uj\u0119 bardzo, \u017ce w og\u00f3le wymienia\u0142em jakiekolwiek kraje, bo to oderwa\u0142o uwag\u0119 niekt\u00f3rych od <a href=\"http:\/\/www.siemysli.info.ke\/wp-content\/uploads\/2015\/04\/pobrane3.jpg\" rel=\"lightbox[15572]\"><img decoding=\"async\" class=\"alignleft size-full wp-image-15574\" src=\"http:\/\/www.siemysli.info.ke\/wp-content\/uploads\/2015\/04\/pobrane3.jpg\" alt=\"pobrane\" width=\"268\" height=\"188\" \/><\/a>mojej g\u0142\u00f3wnej my\u015bli\u2026\u201d, (&#8230;) \u201dNie ma w\u0105tpliwo\u015bci, \u017ce Polacy heroicznie stawiali op\u00f3r nazistom, a niekt\u00f3rzy ludzie heroicznie chronili \u017byd\u00f3w, ale nie ma tak\u017ce w\u0105tpliwo\u015bci, \u017ce w ka\u017cdym kraju okupowanym przez nazist\u00f3w byli tacy, kt\u00f3rzy z nimi kolaborowali\u2026\u201d. Narracja, kt\u00f3r\u0105 widzimy, wpisuje si\u0119 w polityk\u0119, jak\u0105 alianci prowadz\u0105 ju\u017c od zako\u0144czenia II wojny \u015bwiatowej. Przegrane hitlerowskie Niemcy zosta\u0142y rozbrojone, ale w interesie &#8220;cywilizowanego \u015bwiata&#8221; odbudowane tak, by sta\u0142y si\u0119 pa\u0144stwem sojuszniczym i stra\u017cnikiem &#8220;demokracji&#8221;, by wraz z Francj\u0105 \u00a0by\u0107 liderem Starego Kontynentu. Posypanie g\u0142owy popio\u0142em i sowite odszkodowania dla \u017byd\u00f3w wystarczy\u0142y, ale dla pisz\u0105cych historie na nowo s\u0105 polem do nowych scenariuszy tamtych dni. Jak niegdy\u015b, tak i dzi\u015b ,zapomina si\u0119, co zobaczyli wyzwalaj\u0105cy niemieckie obozy koncentracyjne brytyjscy operatorzy wojskowi. <strong>Ich dzie\u0142o trafi\u0142o na p\u00f3\u0142k\u0119 na siedemdziesi\u0105t lat z polecenia najwy\u017cszego dow\u00f3dztwa!<\/strong> Sidney Berenstein, Richard Crossman i p\u00f3\u017aniej poproszony o pomoc Alfred Hitchcock wraz z przesuwaj\u0105cym si\u0119 frontem zachodnim jako pierwsi wkroczyli do Belsen. Wbrew stereotypowi \u00f3wczesnej sztuki operatorskiej, staraj\u0105cej si\u0119 ukazywac hekatomb\u0119 wojny poprzez obrazy a nie \u015bmier\u0107 ludzi, operatorzy nakr\u0119cili materia\u0142, wiej\u0105cy groz\u0105. Suche fakty, przesuwaj\u0105ce si\u0119 kadry i trupi \u015bwiat przedsionka piek\u0142a. O tych dniach pogardy dla ludzkiego \u017cycia bardzo szybko zapomniano, bo by\u0142 i jest to nadal interes wielkich mocarstw. Dzi\u015b \u00a0w <a href=\"http:\/\/www.siemysli.info.ke\/wp-content\/uploads\/2015\/04\/images4.jpg\" rel=\"lightbox[15572]\"><img decoding=\"async\" class=\"alignleft size-medium wp-image-15575\" src=\"http:\/\/www.siemysli.info.ke\/wp-content\/uploads\/2015\/04\/images4-300x146.jpg\" alt=\"images\" width=\"300\" height=\"146\" srcset=\"https:\/\/siemysli-ke.info\/wp-content\/uploads\/2015\/04\/images4-300x146.jpg 300w, https:\/\/siemysli-ke.info\/wp-content\/uploads\/2015\/04\/images4.jpg 312w\" sizes=\"(max-width: 300px) 100vw, 300px\" \/><\/a>70. rocznic\u0119 wyzwolenia niemieckiego obozu Auschwitz, kiedy \u017co\u0142nierze I Frontu Ukrai\u0144skiego otworzyli bramy do wolnego \u015bwiata, dostajemy ze \u015bwiata &#8220;cywilizowanego&#8221; niepokoj\u0105ce sygna\u0142y &#8211; \u201dJeste\u015bcie wsp\u00f3\u0142winni. Robili\u015bcie to \u017bydom wesp\u00f3\u0142 z hitlerowcami!\u201d\u2026<\/p>\n<p style=\"text-align: justify;\"><strong>Je\u015bli nie b\u0119dziemy stanowczy! <\/strong><\/p>\n<p style=\"text-align: justify;\"><strong>Je\u015bli nie b\u0119dziemy upominali si\u0119 o prawd\u0119 &#8211; zwyci\u0119\u017cy k\u0142amstwo, a kolejne pokolenia Polak\u00f3w b\u0119d\u0105 stygmatyzowane zbrodni\u0105, kt\u00f3rej nie popelni\u0142y, za\u015b pope\u0142niona zosta\u0142a ona na polskiej ziemi przez odarty z cz\u0142owieczenstwa nar\u00f3d niemiecki, kt\u00f3ry dzi\u015b w &#8220;duchu humanizmu&#8221; staje do szeregu w roli&#8230; ofiary.<\/strong><\/p>\n<p style=\"text-align: justify;\">Nigdy wi\u0119cej wojny! Do kt\u00f3rej dawni alianci pchaj\u0105 Polsk\u0119 od ponad roku!<\/p>\n<p style=\"text-align: right;\"><strong>Roman Boryczko<\/strong>,<\/p>\n<p style=\"text-align: right;\"><em>\u00a0kwiecie\u0144 2015<\/em><\/p>\n","protected":false},"excerpt":{"rendered":"<p>Po krzywdz\u0105cych wypowiedziach szefa FBI, im\u0107 Comey\u2019a, wszyscy dbaj\u0105cy o dobre imi\u0119 Polski i Polak\u00f3w oczekiwali na sakramentalne s\u0142owo, kt\u00f3re<\/p>\n","protected":false},"author":7,"featured_media":15573,"comment_status":"open","ping_status":"open","sticky":false,"template":"","format":"standard","meta":{"colormag_page_layout":"default_layout","footnotes":""},"categories":[143,81],"tags":[2458,1828,2460,89,2455,92,2456,2457,2459,2454,202,2453],"class_list":["post-15572","post","type-post","status-publish","format-standard","has-post-thumbnail","hentry","category-inne","category-rzeczpospolita","tag-duch-humanizmu","tag-70-rocznica-wyzwolenia-kl-auschwitz","tag-alfred-hitchcock","tag-breaking","tag-ciemnosci-skryja-ziemie","tag-headline","tag-i-front-ukrainski","tag-kz-belsen","tag-niemcy-jako-ofiary-ii-wojny","tag-richard-crossman","tag-roman-boryczko","tag-sidney-berenstein"],"yoast_head":"<!-- This site is optimized with the Yoast SEO plugin v25.1 - https:\/\/yoast.com\/wordpress\/plugins\/seo\/ -->\n<title>Czy my, Polacy, palili\u015bmy \u017byd\u00f3w w krematoryjnych piecach? - SI\u0118 MY\u015aLI<\/title>\n<meta name=\"robots\" content=\"index, follow, max-snippet:-1, max-image-preview:large, max-video-preview:-1\" \/>\n<link rel=\"canonical\" href=\"https:\/\/siemysli-ke.info\/en\/czy-polacy-palilismy-zydow-w-krematoryjnych-piecach\/\" \/>\n<meta property=\"og:locale\" content=\"en_US\" \/>\n<meta property=\"og:type\" content=\"article\" \/>\n<meta property=\"og:title\" content=\"Czy my, Polacy, palili\u015bmy \u017byd\u00f3w w krematoryjnych piecach? - SI\u0118 MY\u015aLI\" \/>\n<meta property=\"og:description\" content=\"Po krzywdz\u0105cych wypowiedziach szefa FBI, im\u0107 Comey\u2019a, wszyscy dbaj\u0105cy o dobre imi\u0119 Polski i Polak\u00f3w oczekiwali na sakramentalne s\u0142owo, kt\u00f3re\" \/>\n<meta property=\"og:url\" content=\"https:\/\/siemysli-ke.info\/en\/czy-polacy-palilismy-zydow-w-krematoryjnych-piecach\/\" \/>\n<meta property=\"og:site_name\" content=\"SI\u0118 MY\u015aLI\" \/>\n<meta property=\"article:published_time\" content=\"2015-04-23T10:15:23+00:00\" \/>\n<meta property=\"article:modified_time\" content=\"2015-04-23T12:00:46+00:00\" \/>\n<meta property=\"og:image\" content=\"https:\/\/siemysli-ke.info\/wp-content\/uploads\/2015\/04\/4ba6532132fc0c5973d2735a6f98333f.jpg\" \/>\n\t<meta property=\"og:image:width\" content=\"835\" \/>\n\t<meta property=\"og:image:height\" content=\"418\" \/>\n\t<meta property=\"og:image:type\" content=\"image\/jpeg\" \/>\n<meta name=\"author\" content=\"Jaromir\" \/>\n<meta name=\"twitter:label1\" content=\"Written by\" \/>\n\t<meta name=\"twitter:data1\" content=\"Jaromir\" \/>\n\t<meta name=\"twitter:label2\" content=\"Est. reading time\" \/>\n\t<meta name=\"twitter:data2\" content=\"3 minutes\" \/>\n<script type=\"application\/ld+json\" class=\"yoast-schema-graph\">{\"@context\":\"https:\/\/schema.org\",\"@graph\":[{\"@type\":\"Article\",\"@id\":\"https:\/\/siemysli-ke.info\/en\/czy-polacy-palilismy-zydow-w-krematoryjnych-piecach\/#article\",\"isPartOf\":{\"@id\":\"https:\/\/siemysli-ke.info\/en\/czy-polacy-palilismy-zydow-w-krematoryjnych-piecach\/\"},\"author\":{\"name\":\"Jaromir\",\"@id\":\"https:\/\/siemysli-ke.info\/#\/schema\/person\/66d741fa745a44f2fe46d112bc6499f2\"},\"headline\":\"Czy my, Polacy, palili\u015bmy \u017byd\u00f3w w krematoryjnych piecach?\",\"datePublished\":\"2015-04-23T10:15:23+00:00\",\"dateModified\":\"2015-04-23T12:00:46+00:00\",\"mainEntityOfPage\":{\"@id\":\"https:\/\/siemysli-ke.info\/en\/czy-polacy-palilismy-zydow-w-krematoryjnych-piecach\/\"},\"wordCount\":529,\"commentCount\":0,\"publisher\":{\"@id\":\"https:\/\/siemysli-ke.info\/#organization\"},\"image\":{\"@id\":\"https:\/\/siemysli-ke.info\/en\/czy-polacy-palilismy-zydow-w-krematoryjnych-piecach\/#primaryimage\"},\"thumbnailUrl\":\"https:\/\/siemysli-ke.info\/wp-content\/uploads\/2015\/04\/4ba6532132fc0c5973d2735a6f98333f.jpg\",\"keywords\":[\"\\\"duch humanizmu\\\"\",\"70 rocznica wyzwolenia KL Auschwitz\",\"Alfred Hitchcock\",\"breaking\",\"ciemno\u015bci skryj\u0105 ziemi\u0119\",\"headline\",\"I Front Ukrai\u0144ski\",\"KZ Belsen\",\"Niemcy jako ofiary II wojny\",\"Richard Crossman\",\"Roman Boryczko\",\"Sidney Berenstein\"],\"articleSection\":[\"Inne\",\"Rzeczypospolita\"],\"inLanguage\":\"en-US\",\"potentialAction\":[{\"@type\":\"CommentAction\",\"name\":\"Comment\",\"target\":[\"https:\/\/siemysli-ke.info\/en\/czy-polacy-palilismy-zydow-w-krematoryjnych-piecach\/#respond\"]}]},{\"@type\":\"WebPage\",\"@id\":\"https:\/\/siemysli-ke.info\/en\/czy-polacy-palilismy-zydow-w-krematoryjnych-piecach\/\",\"url\":\"https:\/\/siemysli-ke.info\/en\/czy-polacy-palilismy-zydow-w-krematoryjnych-piecach\/\",\"name\":\"Czy my, Polacy, palili\u015bmy \u017byd\u00f3w w krematoryjnych piecach? - SI\u0118 MY\u015aLI\",\"isPartOf\":{\"@id\":\"https:\/\/siemysli-ke.info\/en\/#website\"},\"primaryImageOfPage\":{\"@id\":\"https:\/\/siemysli-ke.info\/en\/czy-polacy-palilismy-zydow-w-krematoryjnych-piecach\/#primaryimage\"},\"image\":{\"@id\":\"https:\/\/siemysli-ke.info\/en\/czy-polacy-palilismy-zydow-w-krematoryjnych-piecach\/#primaryimage\"},\"thumbnailUrl\":\"https:\/\/siemysli-ke.info\/wp-content\/uploads\/2015\/04\/4ba6532132fc0c5973d2735a6f98333f.jpg\",\"datePublished\":\"2015-04-23T10:15:23+00:00\",\"dateModified\":\"2015-04-23T12:00:46+00:00\",\"breadcrumb\":{\"@id\":\"https:\/\/siemysli-ke.info\/en\/czy-polacy-palilismy-zydow-w-krematoryjnych-piecach\/#breadcrumb\"},\"inLanguage\":\"en-US\",\"potentialAction\":[{\"@type\":\"ReadAction\",\"target\":[[\"https:\/\/siemysli-ke.info\/en\/czy-polacy-palilismy-zydow-w-krematoryjnych-piecach\/\"]]}]},{\"@type\":\"ImageObject\",\"inLanguage\":\"en-US\",\"@id\":\"https:\/\/siemysli-ke.info\/en\/czy-polacy-palilismy-zydow-w-krematoryjnych-piecach\/#primaryimage\",\"url\":\"https:\/\/siemysli-ke.info\/wp-content\/uploads\/2015\/04\/4ba6532132fc0c5973d2735a6f98333f.jpg\",\"contentUrl\":\"https:\/\/siemysli-ke.info\/wp-content\/uploads\/2015\/04\/4ba6532132fc0c5973d2735a6f98333f.jpg\",\"width\":835,\"height\":418},{\"@type\":\"BreadcrumbList\",\"@id\":\"https:\/\/siemysli-ke.info\/en\/czy-polacy-palilismy-zydow-w-krematoryjnych-piecach\/#breadcrumb\",\"itemListElement\":[{\"@type\":\"ListItem\",\"position\":1,\"name\":\"Home\",\"item\":\"https:\/\/siemysli-ke.info\/en\/\"},{\"@type\":\"ListItem\",\"position\":2,\"name\":\"Czy my, Polacy, palili\u015bmy \u017byd\u00f3w w krematoryjnych piecach?\"}]},{\"@type\":\"WebSite\",\"@id\":\"https:\/\/siemysli-ke.info\/en\/#website\",\"url\":\"https:\/\/siemysli-ke.info\/en\/\",\"name\":\"SI\u0118 MY\u015aLI\",\"description\":\"\",\"publisher\":{\"@id\":\"https:\/\/siemysli-ke.info\/en\/#organization\"},\"potentialAction\":[{\"@type\":\"SearchAction\",\"target\":{\"@type\":\"EntryPoint\",\"urlTemplate\":\"https:\/\/siemysli-ke.info\/en\/?s={search_term_string}\"},\"query-input\":{\"@type\":\"PropertyValueSpecification\",\"valueRequired\":true,\"valueName\":\"search_term_string\"}}],\"inLanguage\":\"en-US\"},{\"@type\":\"Organization\",\"@id\":\"https:\/\/siemysli-ke.info\/en\/#organization\",\"name\":\"SI\u0118 MY\u015aLI\",\"url\":\"https:\/\/siemysli-ke.info\/en\/\",\"logo\":{\"@type\":\"ImageObject\",\"inLanguage\":\"en-US\",\"@id\":\"https:\/\/siemysli-ke.info\/en\/#\/schema\/logo\/image\/\",\"url\":\"https:\/\/siemysli-ke.info\/wp-content\/uploads\/2025\/05\/99.png\",\"contentUrl\":\"https:\/\/siemysli-ke.info\/wp-content\/uploads\/2025\/05\/99.png\",\"width\":270,\"height\":204,\"caption\":\"SI\u0118 MY\u015aLI\"},\"image\":{\"@id\":\"https:\/\/siemysli-ke.info\/en\/#\/schema\/logo\/image\/\"}},{\"@type\":\"Person\",\"@id\":\"https:\/\/siemysli-ke.info\/#\/schema\/person\/66d741fa745a44f2fe46d112bc6499f2\",\"name\":\"Jaromir\",\"image\":{\"@type\":\"ImageObject\",\"inLanguage\":\"en-US\",\"@id\":\"https:\/\/siemysli-ke.info\/en\/#\/schema\/person\/image\/\",\"url\":\"https:\/\/secure.gravatar.com\/avatar\/fe881559e8ac8dda20293e9e8317d4678c6ad8f65f85a9ce5e1a87cee56b6198?s=96&d=mm&r=g\",\"contentUrl\":\"https:\/\/secure.gravatar.com\/avatar\/fe881559e8ac8dda20293e9e8317d4678c6ad8f65f85a9ce5e1a87cee56b6198?s=96&d=mm&r=g\",\"caption\":\"Jaromir\"},\"url\":\"https:\/\/siemysli-ke.info\/en\/author\/jaromir\/\"}]}<\/script>\n<!-- \/ Yoast SEO plugin. -->","yoast_head_json":{"title":"Czy my, Polacy, palili\u015bmy \u017byd\u00f3w w krematoryjnych piecach? - SI\u0118 MY\u015aLI","robots":{"index":"index","follow":"follow","max-snippet":"max-snippet:-1","max-image-preview":"max-image-preview:large","max-video-preview":"max-video-preview:-1"},"canonical":"https:\/\/siemysli-ke.info\/en\/czy-polacy-palilismy-zydow-w-krematoryjnych-piecach\/","og_locale":"en_US","og_type":"article","og_title":"Czy my, Polacy, palili\u015bmy \u017byd\u00f3w w krematoryjnych piecach? - SI\u0118 MY\u015aLI","og_description":"Po krzywdz\u0105cych wypowiedziach szefa FBI, im\u0107 Comey\u2019a, wszyscy dbaj\u0105cy o dobre imi\u0119 Polski i Polak\u00f3w oczekiwali na sakramentalne s\u0142owo, kt\u00f3re","og_url":"https:\/\/siemysli-ke.info\/en\/czy-polacy-palilismy-zydow-w-krematoryjnych-piecach\/","og_site_name":"SI\u0118 MY\u015aLI","article_published_time":"2015-04-23T10:15:23+00:00","article_modified_time":"2015-04-23T12:00:46+00:00","og_image":[{"width":835,"height":418,"url":"https:\/\/siemysli-ke.info\/wp-content\/uploads\/2015\/04\/4ba6532132fc0c5973d2735a6f98333f.jpg","type":"image\/jpeg"}],"author":"Jaromir","twitter_misc":{"Written by":"Jaromir","Est. reading time":"3 minutes"},"schema":{"@context":"https:\/\/schema.org","@graph":[{"@type":"Article","@id":"https:\/\/siemysli-ke.info\/en\/czy-polacy-palilismy-zydow-w-krematoryjnych-piecach\/#article","isPartOf":{"@id":"https:\/\/siemysli-ke.info\/en\/czy-polacy-palilismy-zydow-w-krematoryjnych-piecach\/"},"author":{"name":"Jaromir","@id":"https:\/\/siemysli-ke.info\/#\/schema\/person\/66d741fa745a44f2fe46d112bc6499f2"},"headline":"Czy my, Polacy, palili\u015bmy \u017byd\u00f3w w krematoryjnych piecach?","datePublished":"2015-04-23T10:15:23+00:00","dateModified":"2015-04-23T12:00:46+00:00","mainEntityOfPage":{"@id":"https:\/\/siemysli-ke.info\/en\/czy-polacy-palilismy-zydow-w-krematoryjnych-piecach\/"},"wordCount":529,"commentCount":0,"publisher":{"@id":"https:\/\/siemysli-ke.info\/#organization"},"image":{"@id":"https:\/\/siemysli-ke.info\/en\/czy-polacy-palilismy-zydow-w-krematoryjnych-piecach\/#primaryimage"},"thumbnailUrl":"https:\/\/siemysli-ke.info\/wp-content\/uploads\/2015\/04\/4ba6532132fc0c5973d2735a6f98333f.jpg","keywords":["\"duch humanizmu\"","70 rocznica wyzwolenia KL Auschwitz","Alfred Hitchcock","breaking","ciemno\u015bci skryj\u0105 ziemi\u0119","headline","I Front Ukrai\u0144ski","KZ Belsen","Niemcy jako ofiary II wojny","Richard Crossman","Roman Boryczko","Sidney Berenstein"],"articleSection":["Inne","Rzeczypospolita"],"inLanguage":"en-US","potentialAction":[{"@type":"CommentAction","name":"Comment","target":["https:\/\/siemysli-ke.info\/en\/czy-polacy-palilismy-zydow-w-krematoryjnych-piecach\/#respond"]}]},{"@type":"WebPage","@id":"https:\/\/siemysli-ke.info\/en\/czy-polacy-palilismy-zydow-w-krematoryjnych-piecach\/","url":"https:\/\/siemysli-ke.info\/en\/czy-polacy-palilismy-zydow-w-krematoryjnych-piecach\/","name":"Czy my, Polacy, palili\u015bmy \u017byd\u00f3w w krematoryjnych piecach? - SI\u0118 MY\u015aLI","isPartOf":{"@id":"https:\/\/siemysli-ke.info\/en\/#website"},"primaryImageOfPage":{"@id":"https:\/\/siemysli-ke.info\/en\/czy-polacy-palilismy-zydow-w-krematoryjnych-piecach\/#primaryimage"},"image":{"@id":"https:\/\/siemysli-ke.info\/en\/czy-polacy-palilismy-zydow-w-krematoryjnych-piecach\/#primaryimage"},"thumbnailUrl":"https:\/\/siemysli-ke.info\/wp-content\/uploads\/2015\/04\/4ba6532132fc0c5973d2735a6f98333f.jpg","datePublished":"2015-04-23T10:15:23+00:00","dateModified":"2015-04-23T12:00:46+00:00","breadcrumb":{"@id":"https:\/\/siemysli-ke.info\/en\/czy-polacy-palilismy-zydow-w-krematoryjnych-piecach\/#breadcrumb"},"inLanguage":"en-US","potentialAction":[{"@type":"ReadAction","target":[["https:\/\/siemysli-ke.info\/en\/czy-polacy-palilismy-zydow-w-krematoryjnych-piecach\/"]]}]},{"@type":"ImageObject","inLanguage":"en-US","@id":"https:\/\/siemysli-ke.info\/en\/czy-polacy-palilismy-zydow-w-krematoryjnych-piecach\/#primaryimage","url":"https:\/\/siemysli-ke.info\/wp-content\/uploads\/2015\/04\/4ba6532132fc0c5973d2735a6f98333f.jpg","contentUrl":"https:\/\/siemysli-ke.info\/wp-content\/uploads\/2015\/04\/4ba6532132fc0c5973d2735a6f98333f.jpg","width":835,"height":418},{"@type":"BreadcrumbList","@id":"https:\/\/siemysli-ke.info\/en\/czy-polacy-palilismy-zydow-w-krematoryjnych-piecach\/#breadcrumb","itemListElement":[{"@type":"ListItem","position":1,"name":"Home","item":"https:\/\/siemysli-ke.info\/en\/"},{"@type":"ListItem","position":2,"name":"Czy my, Polacy, palili\u015bmy \u017byd\u00f3w w krematoryjnych piecach?"}]},{"@type":"WebSite","@id":"https:\/\/siemysli-ke.info\/en\/#website","url":"https:\/\/siemysli-ke.info\/en\/","name":"SI\u0118 MY\u015aLI","description":"","publisher":{"@id":"https:\/\/siemysli-ke.info\/en\/#organization"},"potentialAction":[{"@type":"SearchAction","target":{"@type":"EntryPoint","urlTemplate":"https:\/\/siemysli-ke.info\/en\/?s={search_term_string}"},"query-input":{"@type":"PropertyValueSpecification","valueRequired":true,"valueName":"search_term_string"}}],"inLanguage":"en-US"},{"@type":"Organization","@id":"https:\/\/siemysli-ke.info\/en\/#organization","name":"SI\u0118 MY\u015aLI","url":"https:\/\/siemysli-ke.info\/en\/","logo":{"@type":"ImageObject","inLanguage":"en-US","@id":"https:\/\/siemysli-ke.info\/en\/#\/schema\/logo\/image\/","url":"https:\/\/siemysli-ke.info\/wp-content\/uploads\/2025\/05\/99.png","contentUrl":"https:\/\/siemysli-ke.info\/wp-content\/uploads\/2025\/05\/99.png","width":270,"height":204,"caption":"SI\u0118 MY\u015aLI"},"image":{"@id":"https:\/\/siemysli-ke.info\/en\/#\/schema\/logo\/image\/"}},{"@type":"Person","@id":"https:\/\/siemysli-ke.info\/#\/schema\/person\/66d741fa745a44f2fe46d112bc6499f2","name":"Jaromir","image":{"@type":"ImageObject","inLanguage":"en-US","@id":"https:\/\/siemysli-ke.info\/en\/#\/schema\/person\/image\/","url":"https:\/\/secure.gravatar.com\/avatar\/fe881559e8ac8dda20293e9e8317d4678c6ad8f65f85a9ce5e1a87cee56b6198?s=96&d=mm&r=g","contentUrl":"https:\/\/secure.gravatar.com\/avatar\/fe881559e8ac8dda20293e9e8317d4678c6ad8f65f85a9ce5e1a87cee56b6198?s=96&d=mm&r=g","caption":"Jaromir"},"url":"https:\/\/siemysli-ke.info\/en\/author\/jaromir\/"}]}},"_links":{"self":[{"href":"https:\/\/siemysli-ke.info\/en\/wp-json\/wp\/v2\/posts\/15572","targetHints":{"allow":["GET"]}}],"collection":[{"href":"https:\/\/siemysli-ke.info\/en\/wp-json\/wp\/v2\/posts"}],"about":[{"href":"https:\/\/siemysli-ke.info\/en\/wp-json\/wp\/v2\/types\/post"}],"author":[{"embeddable":true,"href":"https:\/\/siemysli-ke.info\/en\/wp-json\/wp\/v2\/users\/7"}],"replies":[{"embeddable":true,"href":"https:\/\/siemysli-ke.info\/en\/wp-json\/wp\/v2\/comments?post=15572"}],"version-history":[{"count":0,"href":"https:\/\/siemysli-ke.info\/en\/wp-json\/wp\/v2\/posts\/15572\/revisions"}],"wp:featuredmedia":[{"embeddable":true,"href":"https:\/\/siemysli-ke.info\/en\/wp-json\/wp\/v2\/media\/15573"}],"wp:attachment":[{"href":"https:\/\/siemysli-ke.info\/en\/wp-json\/wp\/v2\/media?parent=15572"}],"wp:term":[{"taxonomy":"category","embeddable":true,"href":"https:\/\/siemysli-ke.info\/en\/wp-json\/wp\/v2\/categories?post=15572"},{"taxonomy":"post_tag","embeddable":true,"href":"https:\/\/siemysli-ke.info\/en\/wp-json\/wp\/v2\/tags?post=15572"}],"curies":[{"name":"wp","href":"https:\/\/api.w.org\/{rel}","templated":true}]}}