 {"id":15385,"date":"2015-04-01T16:16:36","date_gmt":"2015-04-01T14:16:36","guid":{"rendered":"http:\/\/www.siemysli.info.ke\/?p=15385"},"modified":"2015-04-01T22:08:44","modified_gmt":"2015-04-01T20:08:44","slug":"wojna-przeciwko-wojnie-w-calej-polsce","status":"publish","type":"post","link":"https:\/\/siemysli-ke.info\/en\/wojna-przeciwko-wojnie-w-calej-polsce\/","title":{"rendered":"Wojna przeciwko wojnie w ca\u0142ej Polsce"},"content":{"rendered":"<p style=\"color: #000000; text-align: justify;\"><a href=\"http:\/\/www.siemysli.info.ke\/wp-content\/uploads\/2015\/04\/Wojna_Wojnie-Pozna\u0144-03.2015-2-thumb.jpeg\" rel=\"lightbox[15385]\"><img decoding=\"async\" class=\"alignleft wp-image-15386 size-full\" src=\"http:\/\/www.siemysli.info.ke\/wp-content\/uploads\/2015\/04\/Wojna_Wojnie-Pozna\u0144-03.2015-2-thumb.jpeg\" alt=\"Wojna_Wojnie-Pozna\u0144-03.2015-2-thumb\" width=\"250\" height=\"150\" srcset=\"https:\/\/siemysli-ke.info\/wp-content\/uploads\/2015\/04\/Wojna_Wojnie-Pozna\u0144-03.2015-2-thumb.jpeg 250w, https:\/\/siemysli-ke.info\/wp-content\/uploads\/2015\/04\/Wojna_Wojnie-Pozna\u0144-03.2015-2-thumb-150x90.jpeg 150w\" sizes=\"(max-width: 250px) 100vw, 250px\" \/><\/a>W poprzednim tygodniu (23.-29. marca) odby\u0142a si\u0119 w ca\u0142ym kraju kampania antymilitarna: \u201eWojna Wojnie. Przeciwko zbrojeniom\u201d.<br \/>\nJest to konsekwencja zaanga\u017cowania od lat 80\u00ad. ubieg\u0142ego wieku ruchu anarchistycznego w dzia\u0142ania antymilitarne i przeciwko wojnom, prowadzonym przez r\u00f3\u017cne mocarstwa.<br \/>\nFederacja Anarchistyczna wyda\u0142a na t\u0119 okazj\u0119 plakat, kt\u00f3ry zosta\u0142 rozkolportowany w\u015br\u00f3d zainteresowanych oraz prowadzi\u0142a og\u00f3lnopolsk\u0105 stron\u0119 i koordynowa\u0142a dzia\u0142ania poszczeg\u00f3lnych os\u00f3b i grup.<br \/>\nZainteresowanie kampani\u0105 antymiltarn\u0105 przeros\u0142o nasze oczekiwania. W ci\u0105gu ca\u0142ego tygodnia odby\u0142y si\u0119 liczne plakatowania, na murach odbijano antymilitarne szablony i malowano has\u0142a antymilitarne. Rozkolportowano te\u017c tysi\u0105ce ulotek, nak\u0142uwaj\u0105c tym samym &#8211; niczym zabieg akupunktury &#8211; \u015bwiadomo\u015b\u0107 chorego organizmu spo\u0142eczno\u015bci, toczonych przez raka w\u0142adzy.<br \/>\nPikiety oraz wiece przeciwko wydatkom na zbrojenia i przeciwko poborowi do wojska, cz\u0119sto \u0142\u0105czono z akcjami rozdawania ciep\u0142ych posi\u0142k\u00f3w w ramach inicjatywy <em>Jedzenie Zamiast Bomb<\/em>, kt\u00f3re ze swym antymilitarnym przekazem s\u0105 aktywne przez wi\u0119ksz\u0105 cz\u0119\u015b\u0107 roku. Niekt\u00f3re akcje przyj\u0119\u0142y charakter <em>happening\u00f3w<\/em>, ma\u0142ych ulicznych koncert\u00f3w i wyst\u0119p\u00f3w Samb \u00ad &#8211; rewolucyjnych i zarazem rewelacyjnych grup, kt\u00f3re zagrzewa\u0142y demonstrant\u00f3w swym politycznym przekazem, wygrywanym na b\u0119bnach.<br \/>\nAkcje odbywa\u0142y si\u0119 w ruchliwych centrach du\u017cych miast jak i mniejszych miejscowo\u015bci, czasem r\u00f3wnie\u017c obok jednostek wojskowych. Wiele z nich relacjonowa\u0142y lokalne media. Poza tym cieszy\u0142y si\u0119 te\u017c\u00a0 one du\u017cym zainteresowaniem przechodni\u00f3w. W niekt\u00f3rych miejscowo\u015bciach odby\u0142y si\u0119 spotkania i pokazy film\u00f3w, a tak\u017ce koncerty pod has\u0142ami naszej kampanii.<br \/>\nKampania antymilitarna w r\u00f3\u017cny spos\u00f3b odby\u0142a si\u0119 w takich miejscowo\u015bciach jak: Bielsko-Bia\u0142a, Brzeg, Bydgoszcz, Bytom, Chorz\u00f3w, D\u0105browa G\u00f3rnicza, D\u0119bno, Gda\u0144sk, Gliwice, Gniezno, Kamienna G\u00f3ra, Katowice, Kostrzyn nad Odr\u0105, Koszalin, Krak\u00f3w, Krosno, Leszno, Le\u017cajsk, Lublin, My\u015blib\u00f3rz, Nowy S\u0105cz, Olsztyn, Ostr\u00f3w Wielkopolski, Polan\u00f3w, Pozna\u0144, Racib\u00f3rz, Rzesz\u00f3w, Sul\u0119cin, Szczecin, Szczytno, Tarnowskie G\u00f3ry, Toru\u0144, Warszawa, W\u0119drzyn, Wroc\u0142aw, Zabrze, Zielona G\u00f3ra.<br \/>\nNasz protest, niestety, jest nadal aktualny. Tote\u017c, pomimo, \u017ce tydzie\u0144 akcji mia\u0142 swoje ramy czasowe, nasza krytyka wydatk\u00f3w na zbrojenia, kt\u00f3re wpisuj\u0105 si\u0119 w neoliberaln\u0105 logik\u0119 elit politycznych kraju, trwa nadal.<br \/>\nDo bo\u017cka mamony w\u0142adaj\u0105cy nami dodali sobie wymachiwanie szabelk\u0105, by w czasie kryzysu kapitalizmu i tak przez w\u0142adz\u0119 definiowanej demokracji, wpycha\u0107\u00a0 spo\u0142ecze\u0144stwo w obj\u0119cia nacjonalizmu i militaryzmu &#8211; dw\u00f3ch nieroz\u0142\u0105cznych, chorych ideologii, kt\u00f3re kosztowa\u0142y ludzko\u015b\u0107 miliony istnie\u0144.<br \/>\nNadal kolportujcie plakaty oraz ulotki, m.in. dost\u0119pne tutaj: http:\/\/www.akcja.type.pl\/wp\u00adcontent\/uploads\/2014\/12\/WOJNAWOJNIE.pdf<br \/>\nDzi\u0119kujemy wszystkim za zaanga\u017cowanie i wsp\u00f3lne dzia\u0142ania! Do zobaczenia podczas kolejnych akcji, na ulicach, pikietach i murach.<\/p>\n<p style=\"color: #000000; text-align: justify;\">Stop militaryzacji!<br \/>\nStop nacjonalizmowi!<br \/>\nWojna wojnie, przeciwko zbrojeniom!<\/p>\n<p style=\"color: #000000; text-align: right;\"><strong>Federacja Anarchistyczna<\/strong><\/p>\n","protected":false},"excerpt":{"rendered":"<p>W poprzednim tygodniu (23.-29. marca) odby\u0142a si\u0119 w ca\u0142ym kraju kampania antymilitarna: \u201eWojna Wojnie. Przeciwko zbrojeniom\u201d. Jest to konsekwencja zaanga\u017cowania<\/p>\n","protected":false},"author":1,"featured_media":15386,"comment_status":"open","ping_status":"open","sticky":false,"template":"","format":"standard","meta":{"colormag_page_layout":"default_layout","footnotes":""},"categories":[7,81],"tags":[936,89,2307,2308,1838,2309,2310,2311,1866,1332,2312,2313,92,2335,2314,903,2315,2316,129,2317,2318,2319,728,2320,2321,2322,2323,2324,2325,2326,2327,2328,1160,2329,892,2330,359,2331,2301,2334,2332,2333,548],"class_list":["post-15385","post","type-post","status-publish","format-standard","has-post-thumbnail","hentry","category-gospodarka","category-rzeczpospolita","tag-bielsko-biala","tag-breaking","tag-brzeg","tag-bydgoszcz","tag-bytom","tag-chorzow","tag-dabrowa-gornicza","tag-debno","tag-federacja-anarchistyczna","tag-gdansk","tag-gliwice","tag-gniezno","tag-headline","tag-jedzenie-zamiast-bomb","tag-kamienna-gora","tag-katowice","tag-kostrzyn-nad-odra","tag-koszalin","tag-krakow","tag-krosno","tag-leszno","tag-lezajsk","tag-lublin","tag-mysliborz","tag-nowy-sacz","tag-olsztyn","tag-ostrow-wielkopolski","tag-polanow","tag-poznan","tag-raciborz","tag-rzeszow","tag-sulecin","tag-szczecin","tag-szczytno","tag-tarnowskie-gory","tag-torun","tag-warszawa","tag-wedrzyn","tag-wojna","tag-wojna-wojnie","tag-wroclaw","tag-zabrze","tag-zielona-gora"],"yoast_head":"<!-- This site is optimized with the Yoast SEO plugin v25.1 - https:\/\/yoast.com\/wordpress\/plugins\/seo\/ -->\n<title>Wojna przeciwko wojnie w ca\u0142ej Polsce - SI\u0118 MY\u015aLI<\/title>\n<meta name=\"robots\" content=\"index, follow, max-snippet:-1, max-image-preview:large, max-video-preview:-1\" \/>\n<link rel=\"canonical\" href=\"https:\/\/siemysli-ke.info\/en\/wojna-przeciwko-wojnie-w-calej-polsce\/\" \/>\n<meta property=\"og:locale\" content=\"en_US\" \/>\n<meta property=\"og:type\" content=\"article\" \/>\n<meta property=\"og:title\" content=\"Wojna przeciwko wojnie w ca\u0142ej Polsce - SI\u0118 MY\u015aLI\" \/>\n<meta property=\"og:description\" content=\"W poprzednim tygodniu (23.-29. marca) odby\u0142a si\u0119 w ca\u0142ym kraju kampania antymilitarna: \u201eWojna Wojnie. Przeciwko zbrojeniom\u201d. Jest to konsekwencja zaanga\u017cowania\" \/>\n<meta property=\"og:url\" content=\"https:\/\/siemysli-ke.info\/en\/wojna-przeciwko-wojnie-w-calej-polsce\/\" \/>\n<meta property=\"og:site_name\" content=\"SI\u0118 MY\u015aLI\" \/>\n<meta property=\"article:published_time\" content=\"2015-04-01T14:16:36+00:00\" \/>\n<meta property=\"article:modified_time\" content=\"2015-04-01T20:08:44+00:00\" \/>\n<meta property=\"og:image\" content=\"https:\/\/siemysli-ke.info\/wp-content\/uploads\/2015\/04\/Wojna_Wojnie-Pozna\u0144-03.2015-2-thumb.jpeg\" \/>\n\t<meta property=\"og:image:width\" content=\"250\" \/>\n\t<meta property=\"og:image:height\" content=\"150\" \/>\n\t<meta property=\"og:image:type\" content=\"image\/jpeg\" \/>\n<meta name=\"author\" content=\"admin\" \/>\n<meta name=\"twitter:label1\" content=\"Written by\" \/>\n\t<meta name=\"twitter:data1\" content=\"admin\" \/>\n\t<meta name=\"twitter:label2\" content=\"Est. reading time\" \/>\n\t<meta name=\"twitter:data2\" content=\"2 minutes\" \/>\n<script type=\"application\/ld+json\" class=\"yoast-schema-graph\">{\"@context\":\"https:\/\/schema.org\",\"@graph\":[{\"@type\":\"Article\",\"@id\":\"https:\/\/siemysli-ke.info\/en\/wojna-przeciwko-wojnie-w-calej-polsce\/#article\",\"isPartOf\":{\"@id\":\"https:\/\/siemysli-ke.info\/en\/wojna-przeciwko-wojnie-w-calej-polsce\/\"},\"author\":{\"name\":\"admin\",\"@id\":\"https:\/\/siemysli-ke.info\/#\/schema\/person\/048295918d7858e90e57d1a2c2b5da74\"},\"headline\":\"Wojna przeciwko wojnie w ca\u0142ej Polsce\",\"datePublished\":\"2015-04-01T14:16:36+00:00\",\"dateModified\":\"2015-04-01T20:08:44+00:00\",\"mainEntityOfPage\":{\"@id\":\"https:\/\/siemysli-ke.info\/en\/wojna-przeciwko-wojnie-w-calej-polsce\/\"},\"wordCount\":490,\"commentCount\":0,\"publisher\":{\"@id\":\"https:\/\/siemysli-ke.info\/#organization\"},\"image\":{\"@id\":\"https:\/\/siemysli-ke.info\/en\/wojna-przeciwko-wojnie-w-calej-polsce\/#primaryimage\"},\"thumbnailUrl\":\"https:\/\/siemysli-ke.info\/wp-content\/uploads\/2015\/04\/Wojna_Wojnie-Pozna\u0144-03.2015-2-thumb.jpeg\",\"keywords\":[\"Bielsko-Bia\u0142a\",\"breaking\",\"Brzeg\",\"Bydgoszcz\",\"Bytom\",\"Chorz\u00f3w\",\"D\u0105browa G\u00f3rnicza\",\"D\u0119bno\",\"Federacja Anarchistyczna\",\"Gda\u0144sk\",\"Gliwice\",\"Gniezno\",\"headline\",\"Jedzenie Zamiast Bomb\",\"Kamienna G\u00f3ra\",\"Katowice\",\"Kostrzyn nad Odr\u0105\",\"Koszalin\",\"Krak\u00f3w\",\"Krosno\",\"Leszno\",\"Le\u017cajsk\",\"Lublin\",\"My\u015blib\u00f3rz\",\"Nowy S\u0105cz\",\"Olsztyn\",\"Ostr\u00f3w Wielkopolski\",\"Polan\u00f3w\",\"Pozna\u0144\",\"Racib\u00f3rz\",\"Rzesz\u00f3w\",\"Sul\u0119cin\",\"Szczecin\",\"Szczytno\",\"Tarnowskie G\u00f3ry\",\"Toru\u0144\",\"Warszawa\",\"W\u0119drzyn\",\"wojna\",\"Wojna wojnie\",\"Wroc\u0142aw\",\"Zabrze\",\"Zielona G\u00f3ra\"],\"articleSection\":[\"Gospodarka i polityka\",\"Rzeczypospolita\"],\"inLanguage\":\"en-US\",\"potentialAction\":[{\"@type\":\"CommentAction\",\"name\":\"Comment\",\"target\":[\"https:\/\/siemysli-ke.info\/en\/wojna-przeciwko-wojnie-w-calej-polsce\/#respond\"]}]},{\"@type\":\"WebPage\",\"@id\":\"https:\/\/siemysli-ke.info\/en\/wojna-przeciwko-wojnie-w-calej-polsce\/\",\"url\":\"https:\/\/siemysli-ke.info\/en\/wojna-przeciwko-wojnie-w-calej-polsce\/\",\"name\":\"Wojna przeciwko wojnie w ca\u0142ej Polsce - SI\u0118 MY\u015aLI\",\"isPartOf\":{\"@id\":\"https:\/\/siemysli-ke.info\/en\/#website\"},\"primaryImageOfPage\":{\"@id\":\"https:\/\/siemysli-ke.info\/en\/wojna-przeciwko-wojnie-w-calej-polsce\/#primaryimage\"},\"image\":{\"@id\":\"https:\/\/siemysli-ke.info\/en\/wojna-przeciwko-wojnie-w-calej-polsce\/#primaryimage\"},\"thumbnailUrl\":\"https:\/\/siemysli-ke.info\/wp-content\/uploads\/2015\/04\/Wojna_Wojnie-Pozna\u0144-03.2015-2-thumb.jpeg\",\"datePublished\":\"2015-04-01T14:16:36+00:00\",\"dateModified\":\"2015-04-01T20:08:44+00:00\",\"breadcrumb\":{\"@id\":\"https:\/\/siemysli-ke.info\/en\/wojna-przeciwko-wojnie-w-calej-polsce\/#breadcrumb\"},\"inLanguage\":\"en-US\",\"potentialAction\":[{\"@type\":\"ReadAction\",\"target\":[[\"https:\/\/siemysli-ke.info\/en\/wojna-przeciwko-wojnie-w-calej-polsce\/\"]]}]},{\"@type\":\"ImageObject\",\"inLanguage\":\"en-US\",\"@id\":\"https:\/\/siemysli-ke.info\/en\/wojna-przeciwko-wojnie-w-calej-polsce\/#primaryimage\",\"url\":\"https:\/\/siemysli-ke.info\/wp-content\/uploads\/2015\/04\/Wojna_Wojnie-Pozna\u0144-03.2015-2-thumb.jpeg\",\"contentUrl\":\"https:\/\/siemysli-ke.info\/wp-content\/uploads\/2015\/04\/Wojna_Wojnie-Pozna\u0144-03.2015-2-thumb.jpeg\",\"width\":250,\"height\":150},{\"@type\":\"BreadcrumbList\",\"@id\":\"https:\/\/siemysli-ke.info\/en\/wojna-przeciwko-wojnie-w-calej-polsce\/#breadcrumb\",\"itemListElement\":[{\"@type\":\"ListItem\",\"position\":1,\"name\":\"Home\",\"item\":\"https:\/\/siemysli-ke.info\/en\/\"},{\"@type\":\"ListItem\",\"position\":2,\"name\":\"Wojna przeciwko wojnie w ca\u0142ej Polsce\"}]},{\"@type\":\"WebSite\",\"@id\":\"https:\/\/siemysli-ke.info\/en\/#website\",\"url\":\"https:\/\/siemysli-ke.info\/en\/\",\"name\":\"SI\u0118 MY\u015aLI\",\"description\":\"\",\"publisher\":{\"@id\":\"https:\/\/siemysli-ke.info\/en\/#organization\"},\"potentialAction\":[{\"@type\":\"SearchAction\",\"target\":{\"@type\":\"EntryPoint\",\"urlTemplate\":\"https:\/\/siemysli-ke.info\/en\/?s={search_term_string}\"},\"query-input\":{\"@type\":\"PropertyValueSpecification\",\"valueRequired\":true,\"valueName\":\"search_term_string\"}}],\"inLanguage\":\"en-US\"},{\"@type\":\"Organization\",\"@id\":\"https:\/\/siemysli-ke.info\/en\/#organization\",\"name\":\"SI\u0118 MY\u015aLI\",\"url\":\"https:\/\/siemysli-ke.info\/en\/\",\"logo\":{\"@type\":\"ImageObject\",\"inLanguage\":\"en-US\",\"@id\":\"https:\/\/siemysli-ke.info\/en\/#\/schema\/logo\/image\/\",\"url\":\"https:\/\/siemysli-ke.info\/wp-content\/uploads\/2025\/05\/99.png\",\"contentUrl\":\"https:\/\/siemysli-ke.info\/wp-content\/uploads\/2025\/05\/99.png\",\"width\":270,\"height\":204,\"caption\":\"SI\u0118 MY\u015aLI\"},\"image\":{\"@id\":\"https:\/\/siemysli-ke.info\/en\/#\/schema\/logo\/image\/\"}},{\"@type\":\"Person\",\"@id\":\"https:\/\/siemysli-ke.info\/#\/schema\/person\/048295918d7858e90e57d1a2c2b5da74\",\"name\":\"admin\",\"image\":{\"@type\":\"ImageObject\",\"inLanguage\":\"en-US\",\"@id\":\"https:\/\/siemysli-ke.info\/en\/#\/schema\/person\/image\/\",\"url\":\"https:\/\/secure.gravatar.com\/avatar\/9acf729117e1cff813c07ba085b25a76702049ffb5efe3425388cd1a019577de?s=96&d=mm&r=g\",\"contentUrl\":\"https:\/\/secure.gravatar.com\/avatar\/9acf729117e1cff813c07ba085b25a76702049ffb5efe3425388cd1a019577de?s=96&d=mm&r=g\",\"caption\":\"admin\"},\"url\":\"https:\/\/siemysli-ke.info\/en\/author\/admin\/\"}]}<\/script>\n<!-- \/ Yoast SEO plugin. -->","yoast_head_json":{"title":"Wojna przeciwko wojnie w ca\u0142ej Polsce - SI\u0118 MY\u015aLI","robots":{"index":"index","follow":"follow","max-snippet":"max-snippet:-1","max-image-preview":"max-image-preview:large","max-video-preview":"max-video-preview:-1"},"canonical":"https:\/\/siemysli-ke.info\/en\/wojna-przeciwko-wojnie-w-calej-polsce\/","og_locale":"en_US","og_type":"article","og_title":"Wojna przeciwko wojnie w ca\u0142ej Polsce - SI\u0118 MY\u015aLI","og_description":"W poprzednim tygodniu (23.-29. marca) odby\u0142a si\u0119 w ca\u0142ym kraju kampania antymilitarna: \u201eWojna Wojnie. Przeciwko zbrojeniom\u201d. Jest to konsekwencja zaanga\u017cowania","og_url":"https:\/\/siemysli-ke.info\/en\/wojna-przeciwko-wojnie-w-calej-polsce\/","og_site_name":"SI\u0118 MY\u015aLI","article_published_time":"2015-04-01T14:16:36+00:00","article_modified_time":"2015-04-01T20:08:44+00:00","og_image":[{"width":250,"height":150,"url":"https:\/\/siemysli-ke.info\/wp-content\/uploads\/2015\/04\/Wojna_Wojnie-Pozna\u0144-03.2015-2-thumb.jpeg","type":"image\/jpeg"}],"author":"admin","twitter_misc":{"Written by":"admin","Est. reading time":"2 minutes"},"schema":{"@context":"https:\/\/schema.org","@graph":[{"@type":"Article","@id":"https:\/\/siemysli-ke.info\/en\/wojna-przeciwko-wojnie-w-calej-polsce\/#article","isPartOf":{"@id":"https:\/\/siemysli-ke.info\/en\/wojna-przeciwko-wojnie-w-calej-polsce\/"},"author":{"name":"admin","@id":"https:\/\/siemysli-ke.info\/#\/schema\/person\/048295918d7858e90e57d1a2c2b5da74"},"headline":"Wojna przeciwko wojnie w ca\u0142ej Polsce","datePublished":"2015-04-01T14:16:36+00:00","dateModified":"2015-04-01T20:08:44+00:00","mainEntityOfPage":{"@id":"https:\/\/siemysli-ke.info\/en\/wojna-przeciwko-wojnie-w-calej-polsce\/"},"wordCount":490,"commentCount":0,"publisher":{"@id":"https:\/\/siemysli-ke.info\/#organization"},"image":{"@id":"https:\/\/siemysli-ke.info\/en\/wojna-przeciwko-wojnie-w-calej-polsce\/#primaryimage"},"thumbnailUrl":"https:\/\/siemysli-ke.info\/wp-content\/uploads\/2015\/04\/Wojna_Wojnie-Pozna\u0144-03.2015-2-thumb.jpeg","keywords":["Bielsko-Bia\u0142a","breaking","Brzeg","Bydgoszcz","Bytom","Chorz\u00f3w","D\u0105browa G\u00f3rnicza","D\u0119bno","Federacja Anarchistyczna","Gda\u0144sk","Gliwice","Gniezno","headline","Jedzenie Zamiast Bomb","Kamienna G\u00f3ra","Katowice","Kostrzyn nad Odr\u0105","Koszalin","Krak\u00f3w","Krosno","Leszno","Le\u017cajsk","Lublin","My\u015blib\u00f3rz","Nowy S\u0105cz","Olsztyn","Ostr\u00f3w Wielkopolski","Polan\u00f3w","Pozna\u0144","Racib\u00f3rz","Rzesz\u00f3w","Sul\u0119cin","Szczecin","Szczytno","Tarnowskie G\u00f3ry","Toru\u0144","Warszawa","W\u0119drzyn","wojna","Wojna wojnie","Wroc\u0142aw","Zabrze","Zielona G\u00f3ra"],"articleSection":["Gospodarka i polityka","Rzeczypospolita"],"inLanguage":"en-US","potentialAction":[{"@type":"CommentAction","name":"Comment","target":["https:\/\/siemysli-ke.info\/en\/wojna-przeciwko-wojnie-w-calej-polsce\/#respond"]}]},{"@type":"WebPage","@id":"https:\/\/siemysli-ke.info\/en\/wojna-przeciwko-wojnie-w-calej-polsce\/","url":"https:\/\/siemysli-ke.info\/en\/wojna-przeciwko-wojnie-w-calej-polsce\/","name":"Wojna przeciwko wojnie w ca\u0142ej Polsce - SI\u0118 MY\u015aLI","isPartOf":{"@id":"https:\/\/siemysli-ke.info\/en\/#website"},"primaryImageOfPage":{"@id":"https:\/\/siemysli-ke.info\/en\/wojna-przeciwko-wojnie-w-calej-polsce\/#primaryimage"},"image":{"@id":"https:\/\/siemysli-ke.info\/en\/wojna-przeciwko-wojnie-w-calej-polsce\/#primaryimage"},"thumbnailUrl":"https:\/\/siemysli-ke.info\/wp-content\/uploads\/2015\/04\/Wojna_Wojnie-Pozna\u0144-03.2015-2-thumb.jpeg","datePublished":"2015-04-01T14:16:36+00:00","dateModified":"2015-04-01T20:08:44+00:00","breadcrumb":{"@id":"https:\/\/siemysli-ke.info\/en\/wojna-przeciwko-wojnie-w-calej-polsce\/#breadcrumb"},"inLanguage":"en-US","potentialAction":[{"@type":"ReadAction","target":[["https:\/\/siemysli-ke.info\/en\/wojna-przeciwko-wojnie-w-calej-polsce\/"]]}]},{"@type":"ImageObject","inLanguage":"en-US","@id":"https:\/\/siemysli-ke.info\/en\/wojna-przeciwko-wojnie-w-calej-polsce\/#primaryimage","url":"https:\/\/siemysli-ke.info\/wp-content\/uploads\/2015\/04\/Wojna_Wojnie-Pozna\u0144-03.2015-2-thumb.jpeg","contentUrl":"https:\/\/siemysli-ke.info\/wp-content\/uploads\/2015\/04\/Wojna_Wojnie-Pozna\u0144-03.2015-2-thumb.jpeg","width":250,"height":150},{"@type":"BreadcrumbList","@id":"https:\/\/siemysli-ke.info\/en\/wojna-przeciwko-wojnie-w-calej-polsce\/#breadcrumb","itemListElement":[{"@type":"ListItem","position":1,"name":"Home","item":"https:\/\/siemysli-ke.info\/en\/"},{"@type":"ListItem","position":2,"name":"Wojna przeciwko wojnie w ca\u0142ej Polsce"}]},{"@type":"WebSite","@id":"https:\/\/siemysli-ke.info\/en\/#website","url":"https:\/\/siemysli-ke.info\/en\/","name":"SI\u0118 MY\u015aLI","description":"","publisher":{"@id":"https:\/\/siemysli-ke.info\/en\/#organization"},"potentialAction":[{"@type":"SearchAction","target":{"@type":"EntryPoint","urlTemplate":"https:\/\/siemysli-ke.info\/en\/?s={search_term_string}"},"query-input":{"@type":"PropertyValueSpecification","valueRequired":true,"valueName":"search_term_string"}}],"inLanguage":"en-US"},{"@type":"Organization","@id":"https:\/\/siemysli-ke.info\/en\/#organization","name":"SI\u0118 MY\u015aLI","url":"https:\/\/siemysli-ke.info\/en\/","logo":{"@type":"ImageObject","inLanguage":"en-US","@id":"https:\/\/siemysli-ke.info\/en\/#\/schema\/logo\/image\/","url":"https:\/\/siemysli-ke.info\/wp-content\/uploads\/2025\/05\/99.png","contentUrl":"https:\/\/siemysli-ke.info\/wp-content\/uploads\/2025\/05\/99.png","width":270,"height":204,"caption":"SI\u0118 MY\u015aLI"},"image":{"@id":"https:\/\/siemysli-ke.info\/en\/#\/schema\/logo\/image\/"}},{"@type":"Person","@id":"https:\/\/siemysli-ke.info\/#\/schema\/person\/048295918d7858e90e57d1a2c2b5da74","name":"admin","image":{"@type":"ImageObject","inLanguage":"en-US","@id":"https:\/\/siemysli-ke.info\/en\/#\/schema\/person\/image\/","url":"https:\/\/secure.gravatar.com\/avatar\/9acf729117e1cff813c07ba085b25a76702049ffb5efe3425388cd1a019577de?s=96&d=mm&r=g","contentUrl":"https:\/\/secure.gravatar.com\/avatar\/9acf729117e1cff813c07ba085b25a76702049ffb5efe3425388cd1a019577de?s=96&d=mm&r=g","caption":"admin"},"url":"https:\/\/siemysli-ke.info\/en\/author\/admin\/"}]}},"_links":{"self":[{"href":"https:\/\/siemysli-ke.info\/en\/wp-json\/wp\/v2\/posts\/15385","targetHints":{"allow":["GET"]}}],"collection":[{"href":"https:\/\/siemysli-ke.info\/en\/wp-json\/wp\/v2\/posts"}],"about":[{"href":"https:\/\/siemysli-ke.info\/en\/wp-json\/wp\/v2\/types\/post"}],"author":[{"embeddable":true,"href":"https:\/\/siemysli-ke.info\/en\/wp-json\/wp\/v2\/users\/1"}],"replies":[{"embeddable":true,"href":"https:\/\/siemysli-ke.info\/en\/wp-json\/wp\/v2\/comments?post=15385"}],"version-history":[{"count":0,"href":"https:\/\/siemysli-ke.info\/en\/wp-json\/wp\/v2\/posts\/15385\/revisions"}],"wp:featuredmedia":[{"embeddable":true,"href":"https:\/\/siemysli-ke.info\/en\/wp-json\/wp\/v2\/media\/15386"}],"wp:attachment":[{"href":"https:\/\/siemysli-ke.info\/en\/wp-json\/wp\/v2\/media?parent=15385"}],"wp:term":[{"taxonomy":"category","embeddable":true,"href":"https:\/\/siemysli-ke.info\/en\/wp-json\/wp\/v2\/categories?post=15385"},{"taxonomy":"post_tag","embeddable":true,"href":"https:\/\/siemysli-ke.info\/en\/wp-json\/wp\/v2\/tags?post=15385"}],"curies":[{"name":"wp","href":"https:\/\/api.w.org\/{rel}","templated":true}]}}