 {"id":15292,"date":"2015-03-18T17:34:28","date_gmt":"2015-03-18T16:34:28","guid":{"rendered":"http:\/\/www.siemysli.info.ke\/?p=15292"},"modified":"2015-03-18T20:55:25","modified_gmt":"2015-03-18T19:55:25","slug":"dzieciaki-atakujace-policje","status":"publish","type":"post","link":"https:\/\/siemysli-ke.info\/en\/dzieciaki-atakujace-policje\/","title":{"rendered":"Dzieciaki, atakuj\u0105ce policj\u0119&#8230;"},"content":{"rendered":"<p style=\"text-align: justify;\"><a href=\"http:\/\/www.siemysli.info.ke\/wp-content\/uploads\/2015\/03\/comment_ifk4rrG66wGqq7gEr7ExPcA5ognF5trP.jpg\" rel=\"lightbox[15292]\"><img decoding=\"async\" class=\"alignleft size-medium wp-image-15293\" src=\"http:\/\/www.siemysli.info.ke\/wp-content\/uploads\/2015\/03\/comment_ifk4rrG66wGqq7gEr7ExPcA5ognF5trP-300x204.jpg\" alt=\"comment_ifk4rrG66wGqq7gEr7ExPcA5ognF5trP\" width=\"300\" height=\"204\" srcset=\"https:\/\/siemysli-ke.info\/wp-content\/uploads\/2015\/03\/comment_ifk4rrG66wGqq7gEr7ExPcA5ognF5trP-300x204.jpg 300w, https:\/\/siemysli-ke.info\/wp-content\/uploads\/2015\/03\/comment_ifk4rrG66wGqq7gEr7ExPcA5ognF5trP.jpg 600w\" sizes=\"(max-width: 300px) 100vw, 300px\" \/><\/a>10. stycznia 1998 roku dosz\u0142o do tragicznego zdarzenia w okolicach hali <em>Gryfii<\/em> po drugoligowym meczu koszyk\u00f3wki <em>AZS Zagaz<\/em> Koszalin &#8211; <em>Alkpol Czarni<\/em> S\u0142upsk. Ponad 100-osobowa grupa kibic\u00f3w\u00a0<em>Czarnych<\/em>\u00a0 S\u0142upsk odprowadza\u0142a na dworzec swych &#8220;zgodowicz\u00f3w&#8221; z Dar\u0142owa. Grup\u0119 kibic\u00f3w eskortowa\u0142 policyjny \u00a0radiow\u00f3z. Przed godzin\u0105 dwudziest\u0105 kibice przemieszczali si\u0119 przez skrzy\u017cowanie ulic Szczeci\u0144skiej i Sobieskiego. Zacz\u0119li przechodzi\u0107 na zielonym \u015bwietle i szli dalej &#8211; mimo, i\u017c zapali\u0142o si\u0119 czerwone. Wtedy nast\u0105pi\u0142a brutalna interwencja policji, polegaj\u0105ca na szalonym wje\u017adzie autem w t\u0142um i niekontrolowanej agresji policjant\u00f3w. Wszyscy uciekali, w tyle pozosta\u0142 drobny ch\u0142opiec, nie wygl\u0105dajacy na sw\u00f3j wiek, 13-letni Przemek Czaja. Wed\u0142ug \u015bwiadk\u00f3w zdarzenia, to jego Dariusz W. dogoni\u0142 i uderzy\u0142 kilkakrotnie pa\u0142k\u0105 policyjn\u0105 w okolice g\u0142owy i szyi, po czym ch\u0142opiec upad\u0142 i nie odzyskawszy przytomno\u015bci &#8211; zmar\u0142. Przekaz medialny oraz reakcja policji nie by\u0142a zaskoczeniem dla mieszka\u0144c\u00f3w S\u0142upska. Mataczenie, k\u0142amstwa i pr\u00f3ba rozmycia morderstwa dziecka oraz wyt\u0142umaczenia, \u017ce zdarzy\u0142 si\u0119 wypadek, przela\u0142o czar\u0119 goryczy. Dzie\u0144 po tragedii, w niedzielne popo\u0142udnie, kilkuset kibic\u00f3w s\u0142upskich klub\u00f3w zgromadzi\u0142o si\u0119 w miejscu, w kt\u00f3rym zgin\u0105\u0142 Przemek. Wbili tam symboliczny krzy\u017c z napisem &#8220;Przemek. Tu zosta\u0142 bestialsko zamordowany 13-letni kibic <em>Czarnych<\/em> przez oficera policji&#8221;. Wsp\u00f3lnie zapalili znicze oraz powiesili pami\u0105tkowy szalik. Nast\u0119pnie wyruszyli w miasto.<\/p>\n<p style=\"text-align: justify;\"><a href=\"http:\/\/www.siemysli.info.ke\/wp-content\/uploads\/2015\/03\/legionowo_pap_656.jpeg\" rel=\"lightbox[15292]\"><img decoding=\"async\" class=\"alignleft size-medium wp-image-15294\" src=\"http:\/\/www.siemysli.info.ke\/wp-content\/uploads\/2015\/03\/legionowo_pap_656-300x182.jpeg\" alt=\"ludzie zbieraj\u00b9 si\u00ea przed Komend\u00b9 Powiatow\u00b9 Policji w Legionowie\" width=\"300\" height=\"182\" srcset=\"https:\/\/siemysli-ke.info\/wp-content\/uploads\/2015\/03\/legionowo_pap_656-300x182.jpeg 300w, https:\/\/siemysli-ke.info\/wp-content\/uploads\/2015\/03\/legionowo_pap_656.jpeg 656w\" sizes=\"(max-width: 300px) 100vw, 300px\" \/><\/a>Demonstracje odbywa\u0142y si\u0119 przed siedzib\u0105 prokuratury, a p\u00f3\u017aniej tak\u017ce przed komend\u0105 i szko\u0142\u0105 policji. Z godziny na godzin\u0119 t\u0142um narasta\u0142. \u017b\u0105dano ukarania policji, oskar\u017caj\u0105c j\u0105 o zabicie 13-latka. Dodatkowo atmosfer\u0119 zaostrzy\u0142a jedna z lokalnych radiostacji, ujawniaj\u0105c \u00a0 to\u017csamo\u015b\u0107 i adres funkcjonariusza, kt\u00f3ry uczestniczy\u0142 w \u015bmiertelnym zaj\u015bciu. Po zmroku agresywny t\u0142um m\u0142odych ludzi ponownie otoczy\u0142 budynek prokuratury. Przeciwko policji wznoszono has\u0142a: &#8220;\u015amier\u0107 za \u015bmier\u0107&#8221;, &#8220;MO &#8211; gestapo&#8221;. Po godz. 18:00 prokuratur\u0119 obrzucono kamieniami. Do p\u00f3\u0142nocy setki m\u0142odych ludzi szturmowa\u0142y\u00a0 dworzec kolejowy i znajduj\u0105cy si\u0119 tam komisariat. Miasto ogarn\u0105\u0142 chaos i sceny z czas\u00f3w Apokalipsy. W stron\u0119 policji rzucano butelkami z benzyn\u0105, podpalano samochody cywilne i radiowozy. Zamieszki zako\u0144czy\u0142y si\u0119 ok. drugiej w nocy. Dariusz W. zosta\u0142 aresztowany w niedziel\u0119 wieczorem, przedstawiono mu zarzuty nieumy\u015blnego spowodowania \u015bmierci i przekroczenia uprawnie\u0144 przez nieuzasadnione u\u017cycie policyjnej pa\u0142ki. To nie uspokoi\u0142o t\u0142umu, za\u015b na pomoc swojej &#8220;zgodzie&#8221; ze S\u0142upska &#8211; ruszy\u0142 poci\u0105g najagresywniejszych wtedy chuligan\u00f3w gda\u0144skiej <em>Lechii<\/em>\u00a0oraz kibice z ca\u0142ej Polski. Informacje o wydarzeniach w S\u0142upsku pojawia\u0142y si\u0119 na bie\u017c\u0105co we wszystkich og\u00f3lnopolskich mediach. Bezpo\u015bredni \u015bwiadkowie \u015bmierci Przemka Czai, w wi\u0119kszo\u015bci m\u0142odzi kibice, opowiadali o przebiegu tragicznego zdarzenia. Wyja\u015bnienie wszystkich okoliczno\u015bci zdarzenia, w tym tak\u017ce rzekomego utrudniania udzielenia pierwszej pomocy le\u017c\u0105cemu na ziemi ch\u0142opcu, przekazano w p\u00f3\u017aniejszym czasie prokuraturze w Elbl\u0105gu. Decyzje o przekazaniu \u015bledztwa ze S\u0142upska do Elbl\u0105ga by\u0142a motywowana szczeg\u00f3ln\u0105 sytuacj\u0105 w S\u0142upsku. Uznano, i\u017c prokuratura w Elbl\u0105gu b\u0119dzie mog\u0142a prowadzi\u0107 \u015bledztwo w spokoju, bez podejrze\u0144 o stronniczo\u015b\u0107.<\/p>\n<p style=\"text-align: justify;\"><a href=\"http:\/\/www.siemysli.info.ke\/wp-content\/uploads\/2015\/03\/72164946c4538d6156b53bf0323e2ac1.jpg\" rel=\"lightbox[15292]\"><img decoding=\"async\" class=\"alignleft size-medium wp-image-15295\" src=\"http:\/\/www.siemysli.info.ke\/wp-content\/uploads\/2015\/03\/72164946c4538d6156b53bf0323e2ac1-300x168.jpg\" alt=\"72164946c4538d6156b53bf0323e2ac1\" width=\"300\" height=\"168\" srcset=\"https:\/\/siemysli-ke.info\/wp-content\/uploads\/2015\/03\/72164946c4538d6156b53bf0323e2ac1-300x168.jpg 300w, https:\/\/siemysli-ke.info\/wp-content\/uploads\/2015\/03\/72164946c4538d6156b53bf0323e2ac1.jpg 800w\" sizes=\"(max-width: 300px) 100vw, 300px\" \/><\/a>Wbrew wcze\u015bniejszym obawom, pogrzeb Przemka Czai, kt\u00f3ry odby\u0142 si\u0119 14. stycznia, przebiega\u0142 spokojnie. W uroczysto\u015bciach wzi\u0119\u0142o udzia\u0142 oko\u0142o dw\u00f3ch i p\u00f3\u0142 tysi\u0105ca os\u00f3b. Do miasta zjechali kibice dru\u017cyn sportowych z ca\u0142ego kraju. Wszystkie klubowe antagonizmy odrzucono na bok. Jeszcze dwa kolejne dni trwa\u0142y w S\u0142upsku burdy i zamieszki pomi\u0119dzy mieszka\u0144cami, kibicami a policj\u0105. W czasie zamieszek w S\u0142upsku zatrzymano ok. 300 os\u00f3b, z tego jedn\u0105 trzeci\u0105 pijanych.<\/p>\n<p style=\"text-align: justify;\">Gda\u0144ski ZMS przedstawi\u0142 opini\u0119 &#8211; stwierdzono, \u017ce bezpo\u015bredni\u0105 przyczyn\u0105 \u015bmierci\u00a0 Przemka by\u0142 krwiak przym\u00f3zgowy. W ekspertyzie, gda\u0144scy biegli uznali, \u017ce uraz by\u0142 konsekwencj\u0105 ugodzenia ze znaczn\u0105 si\u0142\u0105 t\u0119pym i ob\u0142ym narz\u0119dziem &#8220;o cechach, mog\u0105cych odpowiada\u0107 policyjnej pa\u0142ce&#8221;. Bestia w mundurze, pami\u0119taj\u0105ca komunistyczne czasy i \u201c\u015bcie\u017cki zdrowia\u201d zabi\u0142a dziecko. Proces mia\u0142 charakter precedensowy,\u00a0 gdy\u017c do tej pory w Polsce nie s\u0105dzono policjanta, oskar\u017conego o spowodowanie \u015bmierci kibica dru\u017cyny sportowej. Obaj oskar\u017ceni nie przyznawali si\u0119 do zarzucanych im czyn\u00f3w. W grudniu 1999 r. Dariusz W. zosta\u0142 uznany za winnego \u015bmiertelnego pobicia Przemka Czai. Prawomocnym wyrokiem S\u0105du Apelacyjnego w Gda\u0144sku Dariusz W. zosta\u0142 skazany na 8 lat pozbawienia wolno\u015bci. Robert K., kierowca radiowozu, za nieudzielenie pomocy umieraj\u0105cemu ch\u0142opcu, otrzyma\u0142 kar\u0119 8 miesi\u0119cy w zawieszeniu na 3 lata.<\/p>\n<p style=\"text-align: justify;\"><a href=\"http:\/\/www.siemysli.info.ke\/wp-content\/uploads\/2015\/03\/780262.jpg\" rel=\"lightbox[15292]\"><img decoding=\"async\" class=\"alignleft size-medium wp-image-15296\" src=\"http:\/\/www.siemysli.info.ke\/wp-content\/uploads\/2015\/03\/780262-300x259.jpg\" alt=\"780262\" width=\"300\" height=\"259\" srcset=\"https:\/\/siemysli-ke.info\/wp-content\/uploads\/2015\/03\/780262-300x259.jpg 300w, https:\/\/siemysli-ke.info\/wp-content\/uploads\/2015\/03\/780262.jpg 600w\" sizes=\"(max-width: 300px) 100vw, 300px\" \/><\/a>To by\u0142y czasy mojej m\u0142odo\u015bci, jak r\u00f3wnie\u017c etap, kiedy r\u00f3wnie\u017c by\u0142em szalikowcem. Subkultura stadionowa znacznie r\u00f3\u017cni\u0142a si\u0119 od tej, kt\u00f3ra mamy obecnie. Nie by\u0142o w latach 90. boj\u00f3wek chuliga\u0144skich, tworz\u0105cych \u015bwiat przestepczy, rozprowadzajacych narkotyki, podrabiane papierosy czy zajmuj\u0105cych si\u0119 napadami i wymuszeniami. Kibole byli wtedy fanatykami pilki no\u017cnej &#8211; nie fanatykami \u017cycia na kryminalnym szlaku grup przest\u0119pczych. W\u0142adza potrzebuje takich grup do rozmi\u0119kczania narkotykami buntu w\u015brod m\u0142odych. Na\u0107pany nie my\u015bli, nie buntuje si\u0119 &#8211; wegetuje! Policja przymyka oko, dilerzy nabijaj\u0105 kieszenie a ca\u0142a kibicowska otoczka jest tylko mira\u017cem i dodatkiem do w\u0142a\u015bciwej profesjii owych chuligan\u00f3w &#8211; polskich \u201c\u017co\u0142nierzy wykl\u0119tych\u201d.<\/p>\n<p style=\"text-align: justify;\">Ostatnie dni przynios\u0142y wydarzenia, zwi\u0105zane po cz\u0119\u015bci ze \u015bwiatem ulicznych chuligan\u00f3w, pi\u0142karskich fanatyk\u00f3w i mi\u0142o\u015bnik\u00f3w narkotyk\u00f3w.9. marca w Legionowie, w trakcie interwencji policji wobec grupy os\u00f3b, podejrzewanych o przest\u0119pstwa narkotykowe, jeden z m\u0119\u017cczyzn usi\u0142owa\u0142 po\u0142kn\u0105\u0107 foliowe zawini\u0105tko, kt\u00f3re mia\u0142 przy sobie. 19-latek zad\u0142awi\u0142 si\u0119 i przesta\u0142 oddycha\u0107, zosta\u0142 przewieziony przez wezwan\u0105 karetk\u0119 do szpitala, gdzie po kilku godzinach zmar\u0142. Jak poda\u0142a prokuratura, w trakcie sekcji zw\u0142ok biegli znale\u017ali w tchawicy m\u0119\u017cczyzny foliowe zawini\u0105tko z suszem ro\u015blinnym, kt\u00f3rym okaza\u0142a si\u0119 marihuana. Wed\u0142ug os\u00f3b protestuj\u0105cych przed legionowsk\u0105 komend\u0105, to policjanci przyczynili si\u0119 do \u015bmierci m\u0119\u017cczyzny. Zdarzenie by\u0142o przyczyn\u0105 protest\u00f3w w mie\u015bcie. W niedziel\u0119 wieczorem przed komend\u0105 policji w Legionowie zgromadzi\u0142o si\u0119 kilkaset os\u00f3b, chc\u0105cych zamanifestowa\u0107 solidarno\u015b\u0107 z rodzin\u0105 zmar\u0142ego 19-latka i zaprotestowa\u0107 przeciwko sposobowi przeprowadzenia przez policjant\u00f3w interwencji. Cz\u0119\u015b\u0107 spo\u015br\u00f3d zgromadzonych zapali\u0142a znicze. Po godzinie grupa chuligan\u00f3w zacz\u0119\u0142a rzuca\u0107 w budynek komendy butelkami i kamieniami. W poniedzia\u0142ek wieczorem przed legionowsk\u0105 komend\u0105 zebra\u0142o si\u0119 oko\u0142o 200 os\u00f3b, kt\u00f3re skandowa\u0142y pod adresem policji obra\u017aliwe has\u0142a. W pewnym momencie uczestnicy zacz\u0119li rzuca\u0107 butelkami w stron\u0119 wej\u015bcia g\u0142\u00f3wnego, na chodnik i ulic\u0119. Grupa oko\u0142o 30 os\u00f3b przemie\u015bci\u0142a si\u0119 ul. Jagiello\u0144sk\u0105. Agresywne osoby zacz\u0119\u0142y rzuca\u0107 w kierunku policjant\u00f3w kamieniami, butelkami i innymi niebezpiecznymi przedmiotami. Jeden z policjant\u00f3w, uderzony rozbit\u0105 butelk\u0105 w twarz, zosta\u0142 przewieziony do szpitala. Wydarzenia te zbieg\u0142y si\u0119 z kolejn\u0105 \u015bmierci\u0105 m\u0142odej osoby &#8211; tym razem w Sosnowcu. 23-letni Radek &#8211; prawdopodobnie pod wp\u0142ywem \u015brodk\u00f3w odurzaj\u0105cych &#8211; w ubieg\u0142y czwartek zosta\u0142 (w wyniku policyjnej interwencji) przewieziony najpierw na izb\u0119 wytrze\u017awie\u0144, a potem do szpitala \u015bw. Barbary, gdzie w poniedzia\u0142ek zmar\u0142. Policj\u0119 wezwa\u0142a interweniuj\u0105ca wcze\u015bniej przy ul. Kisielewskiego 5, w sosnowieckiej dzielnicy Zag\u00f3rze, za\u0142oga karetki pogotowia.Trzyna\u015bcie os\u00f3b zatrzymanych, trzech policjant\u00f3w lekko rannych oraz uszkodzony radiow\u00f3z i budynek komendy &#8211; to bilans zadymy, jaka wczoraj wieczorem mia\u0142a miejsce na ulicach Sosnowca. Zadymy, maj\u0105cej by\u0107 &#8220;protestem w sprawie \u015bmiertelnego pobicia&#8221;. Jej uczestnicy umawiali si\u0119 mi\u0119dzy innymi na <em>Facebooku<\/em>, gdzie za\u0142o\u017cono specjalne wydarzenie. &#8220;Zapalmy znicze i w ciszy uszanujmy pami\u0119\u0107 o zmar\u0142ym Radku&#8221; &#8211; napisali organizatorzy protestu. Niestety, wtorkowy protest szybko wymkn\u0105\u0142 si\u0119 spod kontroli.<\/p>\n<p style=\"text-align: justify;\"><a href=\"http:\/\/www.siemysli.info.ke\/wp-content\/uploads\/2015\/03\/7363f89f6dbedb0e6dbd3ea2b68bd90d.jpg\" rel=\"lightbox[15292]\"><img decoding=\"async\" class=\"alignleft size-medium wp-image-15297\" src=\"http:\/\/www.siemysli.info.ke\/wp-content\/uploads\/2015\/03\/7363f89f6dbedb0e6dbd3ea2b68bd90d-300x222.jpg\" alt=\"7363f89f6dbedb0e6dbd3ea2b68bd90d\" width=\"300\" height=\"222\" srcset=\"https:\/\/siemysli-ke.info\/wp-content\/uploads\/2015\/03\/7363f89f6dbedb0e6dbd3ea2b68bd90d-300x222.jpg 300w, https:\/\/siemysli-ke.info\/wp-content\/uploads\/2015\/03\/7363f89f6dbedb0e6dbd3ea2b68bd90d.jpg 740w\" sizes=\"(max-width: 300px) 100vw, 300px\" \/><\/a>Dlaczego po\u0142\u0105czy\u0142em ostatnie wydarzenia z historycznym ju\u017c faktem zabicia przez policjanta Przemka Czai? Spo\u0142eczne niepokoje, szczeg\u00f3lnie te dotycz\u0105ce mniejszych miejscowo\u015bci, maj\u0105 wsp\u00f3lny mianownik. System kontroli tam jest jeszcze bardziej skuteczny a patologi\u0119 agresji m\u0142odych ludzi, pogr\u0105\u017cenie w na\u0142ogach czy agresj\u0119 str\u00f3\u017c\u00f3w prawa usprawiedliwia si\u0119 i zamiata pod dywan. Tworzy si\u0119 naturalna symbioza chorych zachowa\u0144 i piel\u0119gnowania zasta\u0142ego stanu rzeczy. Czasem dochodzi do tragedii, wtedy co\u015b p\u0119ka. P\u0142on\u0105 samochody, policjanci przyjmuj\u0105 na swoje tarcze kamienie z bruku. To tylko jednak <em>newsy<\/em>\u00a0jednego dnia. Nikogo to zbyt d\u0142ugo nie obchodzi, \u017cycie p\u0142ynie dalej w wytyczonych odg\u00f3rnie podzia\u0142ach na tych, \u017cyj\u0105cych w luksusie i tych, pozostaj\u0105cych w gettach biedy.<\/p>\n<p style=\"text-align: right;\"><strong>Roman Boryczko<\/strong>,<\/p>\n<p style=\"text-align: right;\"><em> marzec 2015 <\/em><\/p>\n","protected":false},"excerpt":{"rendered":"<p>10. stycznia 1998 roku dosz\u0142o do tragicznego zdarzenia w okolicach hali Gryfii po drugoligowym meczu koszyk\u00f3wki AZS Zagaz Koszalin &#8211;<\/p>\n","protected":false},"author":7,"featured_media":15295,"comment_status":"open","ping_status":"open","sticky":false,"template":"","format":"standard","meta":{"colormag_page_layout":"default_layout","footnotes":""},"categories":[143,81],"tags":[89,92,2261,202,2264,2213,2262,2263],"class_list":["post-15292","post","type-post","status-publish","format-standard","has-post-thumbnail","hentry","category-inne","category-rzeczpospolita","tag-breaking","tag-headline","tag-przemek-czaja","tag-roman-boryczko","tag-sosnowiecka-dzielnica-zagorze","tag-slupsk","tag-zamieszki-w-legionowie","tag-zamieszki-w-sosnowcu"],"yoast_head":"<!-- This site is optimized with the Yoast SEO plugin v25.1 - https:\/\/yoast.com\/wordpress\/plugins\/seo\/ -->\n<title>Dzieciaki, atakuj\u0105ce policj\u0119... - SI\u0118 MY\u015aLI<\/title>\n<meta name=\"robots\" content=\"index, follow, max-snippet:-1, max-image-preview:large, max-video-preview:-1\" \/>\n<link rel=\"canonical\" href=\"https:\/\/siemysli-ke.info\/en\/dzieciaki-atakujace-policje\/\" \/>\n<meta property=\"og:locale\" content=\"en_US\" \/>\n<meta property=\"og:type\" content=\"article\" \/>\n<meta property=\"og:title\" content=\"Dzieciaki, atakuj\u0105ce policj\u0119... - SI\u0118 MY\u015aLI\" \/>\n<meta property=\"og:description\" content=\"10. stycznia 1998 roku dosz\u0142o do tragicznego zdarzenia w okolicach hali Gryfii po drugoligowym meczu koszyk\u00f3wki AZS Zagaz Koszalin &#8211;\" \/>\n<meta property=\"og:url\" content=\"https:\/\/siemysli-ke.info\/en\/dzieciaki-atakujace-policje\/\" \/>\n<meta property=\"og:site_name\" content=\"SI\u0118 MY\u015aLI\" \/>\n<meta property=\"article:published_time\" content=\"2015-03-18T16:34:28+00:00\" \/>\n<meta property=\"article:modified_time\" content=\"2015-03-18T19:55:25+00:00\" \/>\n<meta property=\"og:image\" content=\"https:\/\/siemysli-ke.info\/wp-content\/uploads\/2015\/03\/72164946c4538d6156b53bf0323e2ac1.jpg\" \/>\n\t<meta property=\"og:image:width\" content=\"800\" \/>\n\t<meta property=\"og:image:height\" content=\"450\" \/>\n\t<meta property=\"og:image:type\" content=\"image\/jpeg\" \/>\n<meta name=\"author\" content=\"Jaromir\" \/>\n<meta name=\"twitter:label1\" content=\"Written by\" \/>\n\t<meta name=\"twitter:data1\" content=\"Jaromir\" \/>\n\t<meta name=\"twitter:label2\" content=\"Est. reading time\" \/>\n\t<meta name=\"twitter:data2\" content=\"7 minutes\" \/>\n<script type=\"application\/ld+json\" class=\"yoast-schema-graph\">{\"@context\":\"https:\/\/schema.org\",\"@graph\":[{\"@type\":\"Article\",\"@id\":\"https:\/\/siemysli-ke.info\/en\/dzieciaki-atakujace-policje\/#article\",\"isPartOf\":{\"@id\":\"https:\/\/siemysli-ke.info\/en\/dzieciaki-atakujace-policje\/\"},\"author\":{\"name\":\"Jaromir\",\"@id\":\"https:\/\/siemysli-ke.info\/#\/schema\/person\/66d741fa745a44f2fe46d112bc6499f2\"},\"headline\":\"Dzieciaki, atakuj\u0105ce policj\u0119&#8230;\",\"datePublished\":\"2015-03-18T16:34:28+00:00\",\"dateModified\":\"2015-03-18T19:55:25+00:00\",\"mainEntityOfPage\":{\"@id\":\"https:\/\/siemysli-ke.info\/en\/dzieciaki-atakujace-policje\/\"},\"wordCount\":1436,\"commentCount\":0,\"publisher\":{\"@id\":\"https:\/\/siemysli-ke.info\/#organization\"},\"image\":{\"@id\":\"https:\/\/siemysli-ke.info\/en\/dzieciaki-atakujace-policje\/#primaryimage\"},\"thumbnailUrl\":\"https:\/\/siemysli-ke.info\/wp-content\/uploads\/2015\/03\/72164946c4538d6156b53bf0323e2ac1.jpg\",\"keywords\":[\"breaking\",\"headline\",\"Przemek Czaja\",\"Roman Boryczko\",\"sosnowiecka dzielnica Zag\u00f3rze\",\"S\u0142upsk\",\"zamieszki w Legionowie\",\"zamieszki w Sosnowcu\"],\"articleSection\":[\"Inne\",\"Rzeczypospolita\"],\"inLanguage\":\"en-US\",\"potentialAction\":[{\"@type\":\"CommentAction\",\"name\":\"Comment\",\"target\":[\"https:\/\/siemysli-ke.info\/en\/dzieciaki-atakujace-policje\/#respond\"]}]},{\"@type\":\"WebPage\",\"@id\":\"https:\/\/siemysli-ke.info\/en\/dzieciaki-atakujace-policje\/\",\"url\":\"https:\/\/siemysli-ke.info\/en\/dzieciaki-atakujace-policje\/\",\"name\":\"Dzieciaki, atakuj\u0105ce policj\u0119... - SI\u0118 MY\u015aLI\",\"isPartOf\":{\"@id\":\"https:\/\/siemysli-ke.info\/en\/#website\"},\"primaryImageOfPage\":{\"@id\":\"https:\/\/siemysli-ke.info\/en\/dzieciaki-atakujace-policje\/#primaryimage\"},\"image\":{\"@id\":\"https:\/\/siemysli-ke.info\/en\/dzieciaki-atakujace-policje\/#primaryimage\"},\"thumbnailUrl\":\"https:\/\/siemysli-ke.info\/wp-content\/uploads\/2015\/03\/72164946c4538d6156b53bf0323e2ac1.jpg\",\"datePublished\":\"2015-03-18T16:34:28+00:00\",\"dateModified\":\"2015-03-18T19:55:25+00:00\",\"breadcrumb\":{\"@id\":\"https:\/\/siemysli-ke.info\/en\/dzieciaki-atakujace-policje\/#breadcrumb\"},\"inLanguage\":\"en-US\",\"potentialAction\":[{\"@type\":\"ReadAction\",\"target\":[[\"https:\/\/siemysli-ke.info\/en\/dzieciaki-atakujace-policje\/\"]]}]},{\"@type\":\"ImageObject\",\"inLanguage\":\"en-US\",\"@id\":\"https:\/\/siemysli-ke.info\/en\/dzieciaki-atakujace-policje\/#primaryimage\",\"url\":\"https:\/\/siemysli-ke.info\/wp-content\/uploads\/2015\/03\/72164946c4538d6156b53bf0323e2ac1.jpg\",\"contentUrl\":\"https:\/\/siemysli-ke.info\/wp-content\/uploads\/2015\/03\/72164946c4538d6156b53bf0323e2ac1.jpg\",\"width\":800,\"height\":450},{\"@type\":\"BreadcrumbList\",\"@id\":\"https:\/\/siemysli-ke.info\/en\/dzieciaki-atakujace-policje\/#breadcrumb\",\"itemListElement\":[{\"@type\":\"ListItem\",\"position\":1,\"name\":\"Home\",\"item\":\"https:\/\/siemysli-ke.info\/en\/\"},{\"@type\":\"ListItem\",\"position\":2,\"name\":\"Dzieciaki, atakuj\u0105ce policj\u0119&#8230;\"}]},{\"@type\":\"WebSite\",\"@id\":\"https:\/\/siemysli-ke.info\/en\/#website\",\"url\":\"https:\/\/siemysli-ke.info\/en\/\",\"name\":\"SI\u0118 MY\u015aLI\",\"description\":\"\",\"publisher\":{\"@id\":\"https:\/\/siemysli-ke.info\/en\/#organization\"},\"potentialAction\":[{\"@type\":\"SearchAction\",\"target\":{\"@type\":\"EntryPoint\",\"urlTemplate\":\"https:\/\/siemysli-ke.info\/en\/?s={search_term_string}\"},\"query-input\":{\"@type\":\"PropertyValueSpecification\",\"valueRequired\":true,\"valueName\":\"search_term_string\"}}],\"inLanguage\":\"en-US\"},{\"@type\":\"Organization\",\"@id\":\"https:\/\/siemysli-ke.info\/en\/#organization\",\"name\":\"SI\u0118 MY\u015aLI\",\"url\":\"https:\/\/siemysli-ke.info\/en\/\",\"logo\":{\"@type\":\"ImageObject\",\"inLanguage\":\"en-US\",\"@id\":\"https:\/\/siemysli-ke.info\/en\/#\/schema\/logo\/image\/\",\"url\":\"https:\/\/siemysli-ke.info\/wp-content\/uploads\/2025\/05\/99.png\",\"contentUrl\":\"https:\/\/siemysli-ke.info\/wp-content\/uploads\/2025\/05\/99.png\",\"width\":270,\"height\":204,\"caption\":\"SI\u0118 MY\u015aLI\"},\"image\":{\"@id\":\"https:\/\/siemysli-ke.info\/en\/#\/schema\/logo\/image\/\"}},{\"@type\":\"Person\",\"@id\":\"https:\/\/siemysli-ke.info\/#\/schema\/person\/66d741fa745a44f2fe46d112bc6499f2\",\"name\":\"Jaromir\",\"image\":{\"@type\":\"ImageObject\",\"inLanguage\":\"en-US\",\"@id\":\"https:\/\/siemysli-ke.info\/en\/#\/schema\/person\/image\/\",\"url\":\"https:\/\/secure.gravatar.com\/avatar\/fe881559e8ac8dda20293e9e8317d4678c6ad8f65f85a9ce5e1a87cee56b6198?s=96&d=mm&r=g\",\"contentUrl\":\"https:\/\/secure.gravatar.com\/avatar\/fe881559e8ac8dda20293e9e8317d4678c6ad8f65f85a9ce5e1a87cee56b6198?s=96&d=mm&r=g\",\"caption\":\"Jaromir\"},\"url\":\"https:\/\/siemysli-ke.info\/en\/author\/jaromir\/\"}]}<\/script>\n<!-- \/ Yoast SEO plugin. -->","yoast_head_json":{"title":"Dzieciaki, atakuj\u0105ce policj\u0119... - SI\u0118 MY\u015aLI","robots":{"index":"index","follow":"follow","max-snippet":"max-snippet:-1","max-image-preview":"max-image-preview:large","max-video-preview":"max-video-preview:-1"},"canonical":"https:\/\/siemysli-ke.info\/en\/dzieciaki-atakujace-policje\/","og_locale":"en_US","og_type":"article","og_title":"Dzieciaki, atakuj\u0105ce policj\u0119... - SI\u0118 MY\u015aLI","og_description":"10. stycznia 1998 roku dosz\u0142o do tragicznego zdarzenia w okolicach hali Gryfii po drugoligowym meczu koszyk\u00f3wki AZS Zagaz Koszalin &#8211;","og_url":"https:\/\/siemysli-ke.info\/en\/dzieciaki-atakujace-policje\/","og_site_name":"SI\u0118 MY\u015aLI","article_published_time":"2015-03-18T16:34:28+00:00","article_modified_time":"2015-03-18T19:55:25+00:00","og_image":[{"width":800,"height":450,"url":"https:\/\/siemysli-ke.info\/wp-content\/uploads\/2015\/03\/72164946c4538d6156b53bf0323e2ac1.jpg","type":"image\/jpeg"}],"author":"Jaromir","twitter_misc":{"Written by":"Jaromir","Est. reading time":"7 minutes"},"schema":{"@context":"https:\/\/schema.org","@graph":[{"@type":"Article","@id":"https:\/\/siemysli-ke.info\/en\/dzieciaki-atakujace-policje\/#article","isPartOf":{"@id":"https:\/\/siemysli-ke.info\/en\/dzieciaki-atakujace-policje\/"},"author":{"name":"Jaromir","@id":"https:\/\/siemysli-ke.info\/#\/schema\/person\/66d741fa745a44f2fe46d112bc6499f2"},"headline":"Dzieciaki, atakuj\u0105ce policj\u0119&#8230;","datePublished":"2015-03-18T16:34:28+00:00","dateModified":"2015-03-18T19:55:25+00:00","mainEntityOfPage":{"@id":"https:\/\/siemysli-ke.info\/en\/dzieciaki-atakujace-policje\/"},"wordCount":1436,"commentCount":0,"publisher":{"@id":"https:\/\/siemysli-ke.info\/#organization"},"image":{"@id":"https:\/\/siemysli-ke.info\/en\/dzieciaki-atakujace-policje\/#primaryimage"},"thumbnailUrl":"https:\/\/siemysli-ke.info\/wp-content\/uploads\/2015\/03\/72164946c4538d6156b53bf0323e2ac1.jpg","keywords":["breaking","headline","Przemek Czaja","Roman Boryczko","sosnowiecka dzielnica Zag\u00f3rze","S\u0142upsk","zamieszki w Legionowie","zamieszki w Sosnowcu"],"articleSection":["Inne","Rzeczypospolita"],"inLanguage":"en-US","potentialAction":[{"@type":"CommentAction","name":"Comment","target":["https:\/\/siemysli-ke.info\/en\/dzieciaki-atakujace-policje\/#respond"]}]},{"@type":"WebPage","@id":"https:\/\/siemysli-ke.info\/en\/dzieciaki-atakujace-policje\/","url":"https:\/\/siemysli-ke.info\/en\/dzieciaki-atakujace-policje\/","name":"Dzieciaki, atakuj\u0105ce policj\u0119... - SI\u0118 MY\u015aLI","isPartOf":{"@id":"https:\/\/siemysli-ke.info\/en\/#website"},"primaryImageOfPage":{"@id":"https:\/\/siemysli-ke.info\/en\/dzieciaki-atakujace-policje\/#primaryimage"},"image":{"@id":"https:\/\/siemysli-ke.info\/en\/dzieciaki-atakujace-policje\/#primaryimage"},"thumbnailUrl":"https:\/\/siemysli-ke.info\/wp-content\/uploads\/2015\/03\/72164946c4538d6156b53bf0323e2ac1.jpg","datePublished":"2015-03-18T16:34:28+00:00","dateModified":"2015-03-18T19:55:25+00:00","breadcrumb":{"@id":"https:\/\/siemysli-ke.info\/en\/dzieciaki-atakujace-policje\/#breadcrumb"},"inLanguage":"en-US","potentialAction":[{"@type":"ReadAction","target":[["https:\/\/siemysli-ke.info\/en\/dzieciaki-atakujace-policje\/"]]}]},{"@type":"ImageObject","inLanguage":"en-US","@id":"https:\/\/siemysli-ke.info\/en\/dzieciaki-atakujace-policje\/#primaryimage","url":"https:\/\/siemysli-ke.info\/wp-content\/uploads\/2015\/03\/72164946c4538d6156b53bf0323e2ac1.jpg","contentUrl":"https:\/\/siemysli-ke.info\/wp-content\/uploads\/2015\/03\/72164946c4538d6156b53bf0323e2ac1.jpg","width":800,"height":450},{"@type":"BreadcrumbList","@id":"https:\/\/siemysli-ke.info\/en\/dzieciaki-atakujace-policje\/#breadcrumb","itemListElement":[{"@type":"ListItem","position":1,"name":"Home","item":"https:\/\/siemysli-ke.info\/en\/"},{"@type":"ListItem","position":2,"name":"Dzieciaki, atakuj\u0105ce policj\u0119&#8230;"}]},{"@type":"WebSite","@id":"https:\/\/siemysli-ke.info\/en\/#website","url":"https:\/\/siemysli-ke.info\/en\/","name":"SI\u0118 MY\u015aLI","description":"","publisher":{"@id":"https:\/\/siemysli-ke.info\/en\/#organization"},"potentialAction":[{"@type":"SearchAction","target":{"@type":"EntryPoint","urlTemplate":"https:\/\/siemysli-ke.info\/en\/?s={search_term_string}"},"query-input":{"@type":"PropertyValueSpecification","valueRequired":true,"valueName":"search_term_string"}}],"inLanguage":"en-US"},{"@type":"Organization","@id":"https:\/\/siemysli-ke.info\/en\/#organization","name":"SI\u0118 MY\u015aLI","url":"https:\/\/siemysli-ke.info\/en\/","logo":{"@type":"ImageObject","inLanguage":"en-US","@id":"https:\/\/siemysli-ke.info\/en\/#\/schema\/logo\/image\/","url":"https:\/\/siemysli-ke.info\/wp-content\/uploads\/2025\/05\/99.png","contentUrl":"https:\/\/siemysli-ke.info\/wp-content\/uploads\/2025\/05\/99.png","width":270,"height":204,"caption":"SI\u0118 MY\u015aLI"},"image":{"@id":"https:\/\/siemysli-ke.info\/en\/#\/schema\/logo\/image\/"}},{"@type":"Person","@id":"https:\/\/siemysli-ke.info\/#\/schema\/person\/66d741fa745a44f2fe46d112bc6499f2","name":"Jaromir","image":{"@type":"ImageObject","inLanguage":"en-US","@id":"https:\/\/siemysli-ke.info\/en\/#\/schema\/person\/image\/","url":"https:\/\/secure.gravatar.com\/avatar\/fe881559e8ac8dda20293e9e8317d4678c6ad8f65f85a9ce5e1a87cee56b6198?s=96&d=mm&r=g","contentUrl":"https:\/\/secure.gravatar.com\/avatar\/fe881559e8ac8dda20293e9e8317d4678c6ad8f65f85a9ce5e1a87cee56b6198?s=96&d=mm&r=g","caption":"Jaromir"},"url":"https:\/\/siemysli-ke.info\/en\/author\/jaromir\/"}]}},"_links":{"self":[{"href":"https:\/\/siemysli-ke.info\/en\/wp-json\/wp\/v2\/posts\/15292","targetHints":{"allow":["GET"]}}],"collection":[{"href":"https:\/\/siemysli-ke.info\/en\/wp-json\/wp\/v2\/posts"}],"about":[{"href":"https:\/\/siemysli-ke.info\/en\/wp-json\/wp\/v2\/types\/post"}],"author":[{"embeddable":true,"href":"https:\/\/siemysli-ke.info\/en\/wp-json\/wp\/v2\/users\/7"}],"replies":[{"embeddable":true,"href":"https:\/\/siemysli-ke.info\/en\/wp-json\/wp\/v2\/comments?post=15292"}],"version-history":[{"count":0,"href":"https:\/\/siemysli-ke.info\/en\/wp-json\/wp\/v2\/posts\/15292\/revisions"}],"wp:featuredmedia":[{"embeddable":true,"href":"https:\/\/siemysli-ke.info\/en\/wp-json\/wp\/v2\/media\/15295"}],"wp:attachment":[{"href":"https:\/\/siemysli-ke.info\/en\/wp-json\/wp\/v2\/media?parent=15292"}],"wp:term":[{"taxonomy":"category","embeddable":true,"href":"https:\/\/siemysli-ke.info\/en\/wp-json\/wp\/v2\/categories?post=15292"},{"taxonomy":"post_tag","embeddable":true,"href":"https:\/\/siemysli-ke.info\/en\/wp-json\/wp\/v2\/tags?post=15292"}],"curies":[{"name":"wp","href":"https:\/\/api.w.org\/{rel}","templated":true}]}}