 {"id":15197,"date":"2015-03-03T10:33:57","date_gmt":"2015-03-03T09:33:57","guid":{"rendered":"http:\/\/www.siemysli.info.ke\/?p=15197"},"modified":"2015-03-03T15:34:29","modified_gmt":"2015-03-03T14:34:29","slug":"zmiana-na-lansie-komuchy-w-hucie-pieniackiej","status":"publish","type":"post","link":"https:\/\/siemysli-ke.info\/en\/zmiana-na-lansie-komuchy-w-hucie-pieniackiej\/","title":{"rendered":"&#8220;Zmiana&#8221; na lansie &#8211; pogrobowcy Lenina w Hucie Pieniackiej"},"content":{"rendered":"<p style=\"text-align: justify;\"><a href=\"http:\/\/www.siemysli.info.ke\/wp-content\/uploads\/2015\/03\/10407201_936670866343258_7645831586247802907_n.jpg\" rel=\"lightbox[15197]\"><img decoding=\"async\" class=\"alignleft size-medium wp-image-15198\" src=\"http:\/\/www.siemysli.info.ke\/wp-content\/uploads\/2015\/03\/10407201_936670866343258_7645831586247802907_n-300x225.jpg\" alt=\"10407201_936670866343258_7645831586247802907_n\" width=\"300\" height=\"225\" srcset=\"https:\/\/siemysli-ke.info\/wp-content\/uploads\/2015\/03\/10407201_936670866343258_7645831586247802907_n-300x225.jpg 300w, https:\/\/siemysli-ke.info\/wp-content\/uploads\/2015\/03\/10407201_936670866343258_7645831586247802907_n-316x237.jpg 316w, https:\/\/siemysli-ke.info\/wp-content\/uploads\/2015\/03\/10407201_936670866343258_7645831586247802907_n-100x75.jpg 100w, https:\/\/siemysli-ke.info\/wp-content\/uploads\/2015\/03\/10407201_936670866343258_7645831586247802907_n.jpg 960w\" sizes=\"(max-width: 300px) 100vw, 300px\" \/><\/a>Autonomi\u015bci z ruchu antyfaszystowskiego mieli z tymi pajacami do czynienia podczas zorganizowanego w Warszawie marszu\u00a0<span style=\"color: #181818;\"> w przeddzie\u0144 rocznicy Nocy Kryszta\u0142owej &#8211; pogromu \u017byd\u00f3w w hitlerowskich Niemczech i Austrii &#8211; wzi\u0119li w nim jeszcze udzia\u0142 m. in. zwi\u0105zkowcy z OPZZ, anarchi\u015bci, przedstawiciele ruch\u00f3w lokatorskich i mniejszo\u015bci seksualnych, dzia\u0142acze Pracowniczej Demokracji, Polskiej Partii Pracy, a tak\u017ce Koalicji Ateistycznej. Grupa komuszych prowokator\u00f3w przy bramie UW rozwin\u0119\u0142a flagi z sierpem i m\u0142otem &#8211; symbole ZSRR, skanduj\u0105c komunistyczn\u0105 propagand\u0119. Antyfaszy\u015bci we w\u0142asnym zakresie pr\u00f3bowali zneutralizowa\u0107 owa grup\u0119 prowokator\u00f3w, co sko\u0144czy\u0142o si\u0119 zatrzymaniem znanego Pozna\u0144skiego antyfaszysty i ma\u0142o przyjemnymi skutkami zdrowotnymi. Komunistyczni prowokatorzy kontynuuj\u0105 swoj\u0105 robot\u0119. W stron\u0119 Huty Pieniackiej 1. marca ruszy\u0142 polski autokar. Na granicy ukrai\u0144skie SBU <a href=\"http:\/\/www.siemysli.info.ke\/wp-content\/uploads\/2015\/03\/10981854_936671169676561_4976817096734608228_n1.jpg\" rel=\"lightbox[15197]\"><img decoding=\"async\" class=\"alignleft size-medium wp-image-15199\" src=\"http:\/\/www.siemysli.info.ke\/wp-content\/uploads\/2015\/03\/10981854_936671169676561_4976817096734608228_n1-233x300.jpg\" alt=\"10981854_936671169676561_4976817096734608228_n1\" width=\"233\" height=\"300\" srcset=\"https:\/\/siemysli-ke.info\/wp-content\/uploads\/2015\/03\/10981854_936671169676561_4976817096734608228_n1-233x300.jpg 233w, https:\/\/siemysli-ke.info\/wp-content\/uploads\/2015\/03\/10981854_936671169676561_4976817096734608228_n1.jpg 558w\" sizes=\"(max-width: 233px) 100vw, 233px\" \/><\/a>(maj\u0105c listy Polak\u00f3w) wybiera osoby, kt\u00f3re nie zostaj\u0105 wpuszczone na terytorium Ukrainy. S\u0105 to <span style=\"color: #000000;\">cz\u0142onkowie partii &#8220;Zmiana&#8221;, w tym jej przewodnicz\u0105cy &#8211; Mateusz Piskorski, wiceprzewodnicz\u0105cy &#8211; Konrad R\u0119kas, sekretarz &#8211; Tomasz Jankowski oraz Jacek Kami\u0144ski. <span style=\"color: #181818;\"><span style=\"color: #000000;\">P<\/span><\/span><span style=\"color: #181818;\"><span style=\"color: #000000;\">odr\u00f3\u017cuj\u0105cy tym samym autokarem <span style=\"color: #181818;\"><span style=\"color: #000000;\"><span style=\"color: #181818;\"><span style=\"color: #000000;\">Polacy<\/span><\/span><\/span><\/span>,<\/span><\/span> &#8220;bezpartyjnie&#8221; <span style=\"color: #181818;\"><span style=\"color: #000000;\">chc\u0105cy odda\u0107 ho\u0142d pomordowanym<span style=\"color: #181818;\"><span style=\"color: #000000;\">,\u00a0<\/span><\/span><\/span><\/span> nie <a href=\"http:\/\/www.siemysli.info.ke\/wp-content\/uploads\/2015\/03\/1613918_1020721657941452_8440267311508719863_n.jpg\" rel=\"lightbox[15197]\"><img decoding=\"async\" class=\"alignleft size-medium wp-image-15201\" src=\"http:\/\/www.siemysli.info.ke\/wp-content\/uploads\/2015\/03\/1613918_1020721657941452_8440267311508719863_n-300x225.jpg\" alt=\"1613918_1020721657941452_8440267311508719863_n\" width=\"300\" height=\"225\" srcset=\"https:\/\/siemysli-ke.info\/wp-content\/uploads\/2015\/03\/1613918_1020721657941452_8440267311508719863_n-300x225.jpg 300w, https:\/\/siemysli-ke.info\/wp-content\/uploads\/2015\/03\/1613918_1020721657941452_8440267311508719863_n.jpg 750w\" sizes=\"(max-width: 300px) 100vw, 300px\" \/><\/a>zostali poinformowani, \u00a0\u017ce cz\u0119\u015b\u0107 delegacji stanowi jaka\u015b organizacja polityczna, co wywo\u0142a\u0142o oburzenie i \u00a0grupa <span style=\"color: #181818;\"><span style=\"color: #000000;\">ta<\/span><\/span> na w\u0142asn\u0105 r\u0119k\u0119 opu\u015bci\u0142a terytorium Ukrainy. Fotografie przedstawiaj\u0105 dzia\u0142aczy partii &#8220;Zmiana&#8221; z flagami partyjnymi, a tak\u017ce komunistycznymi &#8211; przyjaci\u00f3\u0142 czerwonych. Jedna z nich jest emblematem Komunistycznej M\u0142odzie\u017cy Polski, \u015bci\u015ble wsp\u00f3\u0142pracuj\u0105cej ze &#8220;Zmian\u0105&#8221;. Najdziwniejsze jest to, i\u017c o ile Mateusz Piskorski znany jest z &#8220;lewaczenia&#8221;, to wiele ortodoksyjnie katolickich portali tzw. prawicy &#8211; Konrada R\u0119kasa uwa\u017ca za wzorcowego dzia\u0142acza chrze\u015bcija\u0144skiego&#8230; Co latami nie przeszkadza\u0142o mu doradza\u0107 SLD-owskiej prezydent Che\u0142ma i wraz z \u017con\u0105 udawa\u0107 dzia\u0142aczy &#8220;Samoobrony&#8221;.<\/span><\/span><\/p>\n<p style=\"text-align: justify;\">W niedziel\u0119 rano w Hucie Pieniackiej kto\u015b wykona\u0142 wulgarne napisy w j\u0119zyku polskim. <strong><span style=\"color: #3b5998;\"><strong>W<\/strong><\/span><\/strong><span style=\"color: #3b5998;\"><strong>e Lwowie i w Hucie Pieniackiej pojawi\u0142y si\u0119 polskie napisy o tre\u015bci antybanderowskiej. Zniszczono m.in. tablic\u0119, upami\u0119tniaj\u0105c\u0105 ofiary &#8220;polskich szowinist\u00f3w&#8221; w Hucie Pieniackiej, gdzie cz\u0142onkowie UPA i SS-Galizien 28. lutego 1944 roku wymordowali polskich mieszka\u0144c\u00f3w wsi. Jednym z napis\u00f3w jest r\u00f3wnie\u017c has\u0142o &#8220;Polski Lw\u00f3w&#8221;<\/strong>. <span style=\"color: #000000;\">W Hucie Pieniackiej pojawi\u0142 si\u0119 m.in. przekre\u015blony znak UPA oraz wulgarne napisy &#8220;Bandera sk&#8230;&#8221;, &#8220;J&#8230; UPA&#8221;. Zapisano r\u00f3wnie\u017c has\u0142o &#8220;Banderowcom \u015bmier\u0107&#8221; z kotwic\u0105 Polski Walcz\u0105cej, a tak\u017ce &#8220;Polski Lw\u00f3w&#8221;.<\/span><\/span><\/p>\n<p style=\"text-align: justify;\"><a href=\"http:\/\/www.siemysli.info.ke\/wp-content\/uploads\/2015\/03\/e8e354e9511239759f1b03b38962109f.jpg\" rel=\"lightbox[15197]\"><img decoding=\"async\" class=\"alignleft size-full wp-image-15200\" src=\"http:\/\/www.siemysli.info.ke\/wp-content\/uploads\/2015\/03\/e8e354e9511239759f1b03b38962109f.jpg\" alt=\"e8e354e9511239759f1b03b38962109f\" width=\"258\" height=\"143\" \/><\/a>I tak za jednym zamachem przekre\u015blono powag\u0119 sytuacji, gdzie od d\u0142u\u017cszego czasu strona ukrai\u0144ska utrudnia zachowanie i czczenie pami\u0119ci o trudnych relacjach pomi\u0119dzy narodami. Zamiast podnios\u0142ego nastroju zadumy pozosta\u0142 niesmak. <strong>Marna prowokacja komuch\u00f3w i wulgarne napisy oraz antypolskie restrykcje graniczne, zezwalaj\u0105ce na zatrzymanie kogo\u015b za <span style=\"color: #000000;\">\u201epropagowanie k\u0142amstw o rzekomej rzezi wo\u0142y\u0144skiej\u201d&#8230;<\/span><\/strong><\/p>\n<p style=\"text-align: justify;\">Smutne&#8230;<\/p>\n<p>&nbsp;<\/p>\n<p style=\"text-align: right;\"><strong>Roman Boryczko<\/strong>,<\/p>\n<p style=\"text-align: right;\"><em>\u00a0 marzec 2015<\/em><\/p>\n","protected":false},"excerpt":{"rendered":"<p>Autonomi\u015bci z ruchu antyfaszystowskiego mieli z tymi pajacami do czynienia podczas zorganizowanego w Warszawie marszu\u00a0 w przeddzie\u0144 rocznicy Nocy Kryszta\u0142owej<\/p>\n","protected":false},"author":7,"featured_media":15198,"comment_status":"open","ping_status":"open","sticky":false,"template":"","format":"standard","meta":{"colormag_page_layout":"default_layout","footnotes":""},"categories":[7,81],"tags":[2198,2199,2200,2201,202,1252,1251,2197],"class_list":["post-15197","post","type-post","status-publish","format-standard","has-post-thumbnail","hentry","category-gospodarka","category-rzeczpospolita","tag-huta-pieniacka","tag-konrad-rekas","tag-mateusz-piskorski","tag-polska-walczaca","tag-roman-boryczko","tag-ss-galizien","tag-upa","tag-zmiana"],"yoast_head":"<!-- This site is optimized with the Yoast SEO plugin v25.1 - https:\/\/yoast.com\/wordpress\/plugins\/seo\/ -->\n<title>&quot;Zmiana&quot; na lansie - pogrobowcy Lenina w Hucie Pieniackiej - SI\u0118 MY\u015aLI<\/title>\n<meta name=\"robots\" content=\"index, follow, max-snippet:-1, max-image-preview:large, max-video-preview:-1\" \/>\n<link rel=\"canonical\" href=\"https:\/\/siemysli-ke.info\/en\/zmiana-na-lansie-komuchy-w-hucie-pieniackiej\/\" \/>\n<meta property=\"og:locale\" content=\"en_US\" \/>\n<meta property=\"og:type\" content=\"article\" \/>\n<meta property=\"og:title\" content=\"&quot;Zmiana&quot; na lansie - pogrobowcy Lenina w Hucie Pieniackiej - SI\u0118 MY\u015aLI\" \/>\n<meta property=\"og:description\" content=\"Autonomi\u015bci z ruchu antyfaszystowskiego mieli z tymi pajacami do czynienia podczas zorganizowanego w Warszawie marszu\u00a0 w przeddzie\u0144 rocznicy Nocy Kryszta\u0142owej\" \/>\n<meta property=\"og:url\" content=\"https:\/\/siemysli-ke.info\/en\/zmiana-na-lansie-komuchy-w-hucie-pieniackiej\/\" \/>\n<meta property=\"og:site_name\" content=\"SI\u0118 MY\u015aLI\" \/>\n<meta property=\"article:published_time\" content=\"2015-03-03T09:33:57+00:00\" \/>\n<meta property=\"article:modified_time\" content=\"2015-03-03T14:34:29+00:00\" \/>\n<meta property=\"og:image\" content=\"https:\/\/siemysli-ke.info\/wp-content\/uploads\/2015\/03\/10407201_936670866343258_7645831586247802907_n.jpg\" \/>\n\t<meta property=\"og:image:width\" content=\"960\" \/>\n\t<meta property=\"og:image:height\" content=\"720\" \/>\n\t<meta property=\"og:image:type\" content=\"image\/jpeg\" \/>\n<meta name=\"author\" content=\"Jaromir\" \/>\n<meta name=\"twitter:label1\" content=\"Written by\" \/>\n\t<meta name=\"twitter:data1\" content=\"Jaromir\" \/>\n\t<meta name=\"twitter:label2\" content=\"Est. reading time\" \/>\n\t<meta name=\"twitter:data2\" content=\"2 minutes\" \/>\n<script type=\"application\/ld+json\" class=\"yoast-schema-graph\">{\"@context\":\"https:\/\/schema.org\",\"@graph\":[{\"@type\":\"Article\",\"@id\":\"https:\/\/siemysli-ke.info\/en\/zmiana-na-lansie-komuchy-w-hucie-pieniackiej\/#article\",\"isPartOf\":{\"@id\":\"https:\/\/siemysli-ke.info\/en\/zmiana-na-lansie-komuchy-w-hucie-pieniackiej\/\"},\"author\":{\"name\":\"Jaromir\",\"@id\":\"https:\/\/siemysli-ke.info\/#\/schema\/person\/66d741fa745a44f2fe46d112bc6499f2\"},\"headline\":\"&#8220;Zmiana&#8221; na lansie &#8211; pogrobowcy Lenina w Hucie Pieniackiej\",\"datePublished\":\"2015-03-03T09:33:57+00:00\",\"dateModified\":\"2015-03-03T14:34:29+00:00\",\"mainEntityOfPage\":{\"@id\":\"https:\/\/siemysli-ke.info\/en\/zmiana-na-lansie-komuchy-w-hucie-pieniackiej\/\"},\"wordCount\":488,\"commentCount\":1,\"publisher\":{\"@id\":\"https:\/\/siemysli-ke.info\/#organization\"},\"image\":{\"@id\":\"https:\/\/siemysli-ke.info\/en\/zmiana-na-lansie-komuchy-w-hucie-pieniackiej\/#primaryimage\"},\"thumbnailUrl\":\"https:\/\/siemysli-ke.info\/wp-content\/uploads\/2015\/03\/10407201_936670866343258_7645831586247802907_n.jpg\",\"keywords\":[\"Huta Pieniacka\",\"Konrad R\u0119kas\",\"Mateusz Piskorski\",\"Polska Walcz\u0105ca\",\"Roman Boryczko\",\"SS-Galizien\",\"UPA\",\"Zmiana\"],\"articleSection\":[\"Gospodarka i polityka\",\"Rzeczypospolita\"],\"inLanguage\":\"en-US\",\"potentialAction\":[{\"@type\":\"CommentAction\",\"name\":\"Comment\",\"target\":[\"https:\/\/siemysli-ke.info\/en\/zmiana-na-lansie-komuchy-w-hucie-pieniackiej\/#respond\"]}]},{\"@type\":\"WebPage\",\"@id\":\"https:\/\/siemysli-ke.info\/en\/zmiana-na-lansie-komuchy-w-hucie-pieniackiej\/\",\"url\":\"https:\/\/siemysli-ke.info\/en\/zmiana-na-lansie-komuchy-w-hucie-pieniackiej\/\",\"name\":\"\\\"Zmiana\\\" na lansie - pogrobowcy Lenina w Hucie Pieniackiej - SI\u0118 MY\u015aLI\",\"isPartOf\":{\"@id\":\"https:\/\/siemysli-ke.info\/en\/#website\"},\"primaryImageOfPage\":{\"@id\":\"https:\/\/siemysli-ke.info\/en\/zmiana-na-lansie-komuchy-w-hucie-pieniackiej\/#primaryimage\"},\"image\":{\"@id\":\"https:\/\/siemysli-ke.info\/en\/zmiana-na-lansie-komuchy-w-hucie-pieniackiej\/#primaryimage\"},\"thumbnailUrl\":\"https:\/\/siemysli-ke.info\/wp-content\/uploads\/2015\/03\/10407201_936670866343258_7645831586247802907_n.jpg\",\"datePublished\":\"2015-03-03T09:33:57+00:00\",\"dateModified\":\"2015-03-03T14:34:29+00:00\",\"breadcrumb\":{\"@id\":\"https:\/\/siemysli-ke.info\/en\/zmiana-na-lansie-komuchy-w-hucie-pieniackiej\/#breadcrumb\"},\"inLanguage\":\"en-US\",\"potentialAction\":[{\"@type\":\"ReadAction\",\"target\":[[\"https:\/\/siemysli-ke.info\/en\/zmiana-na-lansie-komuchy-w-hucie-pieniackiej\/\"]]}]},{\"@type\":\"ImageObject\",\"inLanguage\":\"en-US\",\"@id\":\"https:\/\/siemysli-ke.info\/en\/zmiana-na-lansie-komuchy-w-hucie-pieniackiej\/#primaryimage\",\"url\":\"https:\/\/siemysli-ke.info\/wp-content\/uploads\/2015\/03\/10407201_936670866343258_7645831586247802907_n.jpg\",\"contentUrl\":\"https:\/\/siemysli-ke.info\/wp-content\/uploads\/2015\/03\/10407201_936670866343258_7645831586247802907_n.jpg\",\"width\":960,\"height\":720},{\"@type\":\"BreadcrumbList\",\"@id\":\"https:\/\/siemysli-ke.info\/en\/zmiana-na-lansie-komuchy-w-hucie-pieniackiej\/#breadcrumb\",\"itemListElement\":[{\"@type\":\"ListItem\",\"position\":1,\"name\":\"Home\",\"item\":\"https:\/\/siemysli-ke.info\/en\/\"},{\"@type\":\"ListItem\",\"position\":2,\"name\":\"&#8220;Zmiana&#8221; na lansie &#8211; pogrobowcy Lenina w Hucie Pieniackiej\"}]},{\"@type\":\"WebSite\",\"@id\":\"https:\/\/siemysli-ke.info\/en\/#website\",\"url\":\"https:\/\/siemysli-ke.info\/en\/\",\"name\":\"SI\u0118 MY\u015aLI\",\"description\":\"\",\"publisher\":{\"@id\":\"https:\/\/siemysli-ke.info\/en\/#organization\"},\"potentialAction\":[{\"@type\":\"SearchAction\",\"target\":{\"@type\":\"EntryPoint\",\"urlTemplate\":\"https:\/\/siemysli-ke.info\/en\/?s={search_term_string}\"},\"query-input\":{\"@type\":\"PropertyValueSpecification\",\"valueRequired\":true,\"valueName\":\"search_term_string\"}}],\"inLanguage\":\"en-US\"},{\"@type\":\"Organization\",\"@id\":\"https:\/\/siemysli-ke.info\/en\/#organization\",\"name\":\"SI\u0118 MY\u015aLI\",\"url\":\"https:\/\/siemysli-ke.info\/en\/\",\"logo\":{\"@type\":\"ImageObject\",\"inLanguage\":\"en-US\",\"@id\":\"https:\/\/siemysli-ke.info\/en\/#\/schema\/logo\/image\/\",\"url\":\"https:\/\/siemysli-ke.info\/wp-content\/uploads\/2025\/05\/99.png\",\"contentUrl\":\"https:\/\/siemysli-ke.info\/wp-content\/uploads\/2025\/05\/99.png\",\"width\":270,\"height\":204,\"caption\":\"SI\u0118 MY\u015aLI\"},\"image\":{\"@id\":\"https:\/\/siemysli-ke.info\/en\/#\/schema\/logo\/image\/\"}},{\"@type\":\"Person\",\"@id\":\"https:\/\/siemysli-ke.info\/#\/schema\/person\/66d741fa745a44f2fe46d112bc6499f2\",\"name\":\"Jaromir\",\"image\":{\"@type\":\"ImageObject\",\"inLanguage\":\"en-US\",\"@id\":\"https:\/\/siemysli-ke.info\/en\/#\/schema\/person\/image\/\",\"url\":\"https:\/\/secure.gravatar.com\/avatar\/fe881559e8ac8dda20293e9e8317d4678c6ad8f65f85a9ce5e1a87cee56b6198?s=96&d=mm&r=g\",\"contentUrl\":\"https:\/\/secure.gravatar.com\/avatar\/fe881559e8ac8dda20293e9e8317d4678c6ad8f65f85a9ce5e1a87cee56b6198?s=96&d=mm&r=g\",\"caption\":\"Jaromir\"},\"url\":\"https:\/\/siemysli-ke.info\/en\/author\/jaromir\/\"}]}<\/script>\n<!-- \/ Yoast SEO plugin. -->","yoast_head_json":{"title":"\"Zmiana\" na lansie - pogrobowcy Lenina w Hucie Pieniackiej - SI\u0118 MY\u015aLI","robots":{"index":"index","follow":"follow","max-snippet":"max-snippet:-1","max-image-preview":"max-image-preview:large","max-video-preview":"max-video-preview:-1"},"canonical":"https:\/\/siemysli-ke.info\/en\/zmiana-na-lansie-komuchy-w-hucie-pieniackiej\/","og_locale":"en_US","og_type":"article","og_title":"\"Zmiana\" na lansie - pogrobowcy Lenina w Hucie Pieniackiej - SI\u0118 MY\u015aLI","og_description":"Autonomi\u015bci z ruchu antyfaszystowskiego mieli z tymi pajacami do czynienia podczas zorganizowanego w Warszawie marszu\u00a0 w przeddzie\u0144 rocznicy Nocy Kryszta\u0142owej","og_url":"https:\/\/siemysli-ke.info\/en\/zmiana-na-lansie-komuchy-w-hucie-pieniackiej\/","og_site_name":"SI\u0118 MY\u015aLI","article_published_time":"2015-03-03T09:33:57+00:00","article_modified_time":"2015-03-03T14:34:29+00:00","og_image":[{"width":960,"height":720,"url":"https:\/\/siemysli-ke.info\/wp-content\/uploads\/2015\/03\/10407201_936670866343258_7645831586247802907_n.jpg","type":"image\/jpeg"}],"author":"Jaromir","twitter_misc":{"Written by":"Jaromir","Est. reading time":"2 minutes"},"schema":{"@context":"https:\/\/schema.org","@graph":[{"@type":"Article","@id":"https:\/\/siemysli-ke.info\/en\/zmiana-na-lansie-komuchy-w-hucie-pieniackiej\/#article","isPartOf":{"@id":"https:\/\/siemysli-ke.info\/en\/zmiana-na-lansie-komuchy-w-hucie-pieniackiej\/"},"author":{"name":"Jaromir","@id":"https:\/\/siemysli-ke.info\/#\/schema\/person\/66d741fa745a44f2fe46d112bc6499f2"},"headline":"&#8220;Zmiana&#8221; na lansie &#8211; pogrobowcy Lenina w Hucie Pieniackiej","datePublished":"2015-03-03T09:33:57+00:00","dateModified":"2015-03-03T14:34:29+00:00","mainEntityOfPage":{"@id":"https:\/\/siemysli-ke.info\/en\/zmiana-na-lansie-komuchy-w-hucie-pieniackiej\/"},"wordCount":488,"commentCount":1,"publisher":{"@id":"https:\/\/siemysli-ke.info\/#organization"},"image":{"@id":"https:\/\/siemysli-ke.info\/en\/zmiana-na-lansie-komuchy-w-hucie-pieniackiej\/#primaryimage"},"thumbnailUrl":"https:\/\/siemysli-ke.info\/wp-content\/uploads\/2015\/03\/10407201_936670866343258_7645831586247802907_n.jpg","keywords":["Huta Pieniacka","Konrad R\u0119kas","Mateusz Piskorski","Polska Walcz\u0105ca","Roman Boryczko","SS-Galizien","UPA","Zmiana"],"articleSection":["Gospodarka i polityka","Rzeczypospolita"],"inLanguage":"en-US","potentialAction":[{"@type":"CommentAction","name":"Comment","target":["https:\/\/siemysli-ke.info\/en\/zmiana-na-lansie-komuchy-w-hucie-pieniackiej\/#respond"]}]},{"@type":"WebPage","@id":"https:\/\/siemysli-ke.info\/en\/zmiana-na-lansie-komuchy-w-hucie-pieniackiej\/","url":"https:\/\/siemysli-ke.info\/en\/zmiana-na-lansie-komuchy-w-hucie-pieniackiej\/","name":"\"Zmiana\" na lansie - pogrobowcy Lenina w Hucie Pieniackiej - SI\u0118 MY\u015aLI","isPartOf":{"@id":"https:\/\/siemysli-ke.info\/en\/#website"},"primaryImageOfPage":{"@id":"https:\/\/siemysli-ke.info\/en\/zmiana-na-lansie-komuchy-w-hucie-pieniackiej\/#primaryimage"},"image":{"@id":"https:\/\/siemysli-ke.info\/en\/zmiana-na-lansie-komuchy-w-hucie-pieniackiej\/#primaryimage"},"thumbnailUrl":"https:\/\/siemysli-ke.info\/wp-content\/uploads\/2015\/03\/10407201_936670866343258_7645831586247802907_n.jpg","datePublished":"2015-03-03T09:33:57+00:00","dateModified":"2015-03-03T14:34:29+00:00","breadcrumb":{"@id":"https:\/\/siemysli-ke.info\/en\/zmiana-na-lansie-komuchy-w-hucie-pieniackiej\/#breadcrumb"},"inLanguage":"en-US","potentialAction":[{"@type":"ReadAction","target":[["https:\/\/siemysli-ke.info\/en\/zmiana-na-lansie-komuchy-w-hucie-pieniackiej\/"]]}]},{"@type":"ImageObject","inLanguage":"en-US","@id":"https:\/\/siemysli-ke.info\/en\/zmiana-na-lansie-komuchy-w-hucie-pieniackiej\/#primaryimage","url":"https:\/\/siemysli-ke.info\/wp-content\/uploads\/2015\/03\/10407201_936670866343258_7645831586247802907_n.jpg","contentUrl":"https:\/\/siemysli-ke.info\/wp-content\/uploads\/2015\/03\/10407201_936670866343258_7645831586247802907_n.jpg","width":960,"height":720},{"@type":"BreadcrumbList","@id":"https:\/\/siemysli-ke.info\/en\/zmiana-na-lansie-komuchy-w-hucie-pieniackiej\/#breadcrumb","itemListElement":[{"@type":"ListItem","position":1,"name":"Home","item":"https:\/\/siemysli-ke.info\/en\/"},{"@type":"ListItem","position":2,"name":"&#8220;Zmiana&#8221; na lansie &#8211; pogrobowcy Lenina w Hucie Pieniackiej"}]},{"@type":"WebSite","@id":"https:\/\/siemysli-ke.info\/en\/#website","url":"https:\/\/siemysli-ke.info\/en\/","name":"SI\u0118 MY\u015aLI","description":"","publisher":{"@id":"https:\/\/siemysli-ke.info\/en\/#organization"},"potentialAction":[{"@type":"SearchAction","target":{"@type":"EntryPoint","urlTemplate":"https:\/\/siemysli-ke.info\/en\/?s={search_term_string}"},"query-input":{"@type":"PropertyValueSpecification","valueRequired":true,"valueName":"search_term_string"}}],"inLanguage":"en-US"},{"@type":"Organization","@id":"https:\/\/siemysli-ke.info\/en\/#organization","name":"SI\u0118 MY\u015aLI","url":"https:\/\/siemysli-ke.info\/en\/","logo":{"@type":"ImageObject","inLanguage":"en-US","@id":"https:\/\/siemysli-ke.info\/en\/#\/schema\/logo\/image\/","url":"https:\/\/siemysli-ke.info\/wp-content\/uploads\/2025\/05\/99.png","contentUrl":"https:\/\/siemysli-ke.info\/wp-content\/uploads\/2025\/05\/99.png","width":270,"height":204,"caption":"SI\u0118 MY\u015aLI"},"image":{"@id":"https:\/\/siemysli-ke.info\/en\/#\/schema\/logo\/image\/"}},{"@type":"Person","@id":"https:\/\/siemysli-ke.info\/#\/schema\/person\/66d741fa745a44f2fe46d112bc6499f2","name":"Jaromir","image":{"@type":"ImageObject","inLanguage":"en-US","@id":"https:\/\/siemysli-ke.info\/en\/#\/schema\/person\/image\/","url":"https:\/\/secure.gravatar.com\/avatar\/fe881559e8ac8dda20293e9e8317d4678c6ad8f65f85a9ce5e1a87cee56b6198?s=96&d=mm&r=g","contentUrl":"https:\/\/secure.gravatar.com\/avatar\/fe881559e8ac8dda20293e9e8317d4678c6ad8f65f85a9ce5e1a87cee56b6198?s=96&d=mm&r=g","caption":"Jaromir"},"url":"https:\/\/siemysli-ke.info\/en\/author\/jaromir\/"}]}},"_links":{"self":[{"href":"https:\/\/siemysli-ke.info\/en\/wp-json\/wp\/v2\/posts\/15197","targetHints":{"allow":["GET"]}}],"collection":[{"href":"https:\/\/siemysli-ke.info\/en\/wp-json\/wp\/v2\/posts"}],"about":[{"href":"https:\/\/siemysli-ke.info\/en\/wp-json\/wp\/v2\/types\/post"}],"author":[{"embeddable":true,"href":"https:\/\/siemysli-ke.info\/en\/wp-json\/wp\/v2\/users\/7"}],"replies":[{"embeddable":true,"href":"https:\/\/siemysli-ke.info\/en\/wp-json\/wp\/v2\/comments?post=15197"}],"version-history":[{"count":0,"href":"https:\/\/siemysli-ke.info\/en\/wp-json\/wp\/v2\/posts\/15197\/revisions"}],"wp:featuredmedia":[{"embeddable":true,"href":"https:\/\/siemysli-ke.info\/en\/wp-json\/wp\/v2\/media\/15198"}],"wp:attachment":[{"href":"https:\/\/siemysli-ke.info\/en\/wp-json\/wp\/v2\/media?parent=15197"}],"wp:term":[{"taxonomy":"category","embeddable":true,"href":"https:\/\/siemysli-ke.info\/en\/wp-json\/wp\/v2\/categories?post=15197"},{"taxonomy":"post_tag","embeddable":true,"href":"https:\/\/siemysli-ke.info\/en\/wp-json\/wp\/v2\/tags?post=15197"}],"curies":[{"name":"wp","href":"https:\/\/api.w.org\/{rel}","templated":true}]}}