 {"id":15190,"date":"2015-03-02T08:21:42","date_gmt":"2015-03-02T07:21:42","guid":{"rendered":"http:\/\/www.siemysli.info.ke\/?p=15190"},"modified":"2015-03-02T21:35:10","modified_gmt":"2015-03-02T20:35:10","slug":"1-marca-wszystkich-nas-nie-spalicie","status":"publish","type":"post","link":"https:\/\/siemysli-ke.info\/en\/1-marca-wszystkich-nas-nie-spalicie\/","title":{"rendered":"1. marca &#8211; &#8220;Wszystkich nas nie spalicie..!&#8221;"},"content":{"rendered":"<p style=\"text-align: justify;\"><a href=\"http:\/\/www.siemysli.info.ke\/wp-content\/uploads\/2015\/03\/pobrane.jpg\" rel=\"lightbox[15190]\"><img decoding=\"async\" class=\"alignleft size-full wp-image-15191\" src=\"http:\/\/www.siemysli.info.ke\/wp-content\/uploads\/2015\/03\/pobrane.jpg\" alt=\"pobrane\" width=\"224\" height=\"224\" srcset=\"https:\/\/siemysli-ke.info\/wp-content\/uploads\/2015\/03\/pobrane.jpg 224w, https:\/\/siemysli-ke.info\/wp-content\/uploads\/2015\/03\/pobrane-150x150.jpg 150w, https:\/\/siemysli-ke.info\/wp-content\/uploads\/2015\/03\/pobrane-64x64.jpg 64w\" sizes=\"(max-width: 224px) 100vw, 224px\" \/><\/a>1. marca 2011 roku zamordowana zosta\u0142a Jolanta Brzeska, emerytka, dzia\u0142aczka lokatorka, ofiara mafii developerskiej. Jej mordercy nigdy nie zostali schwytani i ukarani.<\/p>\n<p style=\"text-align: justify;\">Brzeska mieszka\u0142a w kamienicy przy ulicy Nabielaka 9 w Warszawie. Budynek zosta\u0142 niemal ca\u0142kowicie zniszczony w czasie II wojny \u015bwiatowej \u2013 osta\u0142a si\u0119 zaledwie 1\/7 \u015bcian i fundament\u00f3w. W 1945 r. stwierdzono, \u017ce kamienica nadaje si\u0119 do rozbi\u00f3rki. Z jej wykonaniem jednak zwlekano, w mi\u0119dzyczasie mieszka\u0144cy Warszawy odbudowali spalone ruiny. W\u015br\u00f3d robotnik\u00f3w by\u0142 ojciec Jolanty Brzeskiej. W zamian za wk\u0142ad w odbudow\u0119, jego rodzina dosta\u0142a przydzia\u0142 na mieszkanie, kt\u00f3re zaj\u0119\u0142a w 1951 roku.<\/p>\n<p style=\"text-align: justify;\"><a href=\"http:\/\/www.siemysli.info.ke\/wp-content\/uploads\/2015\/03\/images.jpg\" rel=\"lightbox[15190]\"><img decoding=\"async\" class=\"alignleft size-full wp-image-15192\" src=\"http:\/\/www.siemysli.info.ke\/wp-content\/uploads\/2015\/03\/images.jpg\" alt=\"images\" width=\"197\" height=\"200\" \/><\/a>W 2006 roku prawo do budynku \u201eodzyskali\u201d przedwojenni w\u0142a\u015bciciele kamienicy przy Nabielaka 9. Rodzina Krulikowskich szybko odsprzeda\u0142a prawa Markowi Mossakowskiemu, handlarzowi roszczeniami, oskar\u017canemu o \u201eczyszczenie kamienic\u201d. Mossakowski zacz\u0105\u0142 od szykan, zastraszania lokator\u00f3w i znacz\u0105cych podwy\u017cek czynszu, przekraczaj\u0105cych emerytur\u0119 Brzeskiej. Jolanta Brzeska by\u0142a jedn\u0105 z za\u0142o\u017cycielek Warszawskiego Stowarzyszenia Lokator\u00f3w, istniej\u0105cej do dzisiaj organizacji dzia\u0142aj\u0105cej na rzecz prze\u015bladowanych mieszka\u0144c\u00f3w reprywatyzowanych kamienic. Chcia\u0142a walczy\u0107 o swoje prawa, nie godzi\u0142a si\u0119 na eksmisj\u0119.<\/p>\n<p style=\"text-align: justify;\"><a href=\"http:\/\/www.siemysli.info.ke\/wp-content\/uploads\/2015\/03\/danblog_logo.png\" rel=\"lightbox[15190]\"><img decoding=\"async\" class=\"alignleft size-medium wp-image-15193\" src=\"http:\/\/www.siemysli.info.ke\/wp-content\/uploads\/2015\/03\/danblog_logo-182x300.png\" alt=\"danblog_logo\" width=\"182\" height=\"300\" srcset=\"https:\/\/siemysli-ke.info\/wp-content\/uploads\/2015\/03\/danblog_logo-182x300.png 182w, https:\/\/siemysli-ke.info\/wp-content\/uploads\/2015\/03\/danblog_logo.png 210w\" sizes=\"(max-width: 182px) 100vw, 182px\" \/><\/a>1. marca 2011 roku wysz\u0142a z domu i ju\u017c nie wr\u00f3ci\u0142a.\u00a0Rodzina zg\u0142osi\u0142a zagini\u0119cie. Wkr\u00f3tce w Lesie Kabackim nieopodal Warszawy znaleziono jej spalone zw\u0142oki. Sekcja wykaza\u0142a, \u017ce Brzeska sp\u0142on\u0119\u0142a \u017cywcem. Prokuratura d\u0142ugo odmawia\u0142a wszcz\u0119cia \u015bledztwa w sprawie twierdz\u0105c, \u017ce lokatorka pope\u0142ni\u0142a samob\u00f3jstwo. Ostatecznie, po wielu miesi\u0105cach protest\u00f3w i nag\u0142o\u015bnieniu sprawy w mediach, uznano \u015bmier\u0107 Brzeskiej za zab\u00f3jstwo, jednak \u015bledztwo wkr\u00f3tce zamkni\u0119to z braku dowod\u00f3w.<\/p>\n<p style=\"text-align: justify;\">W grudniu zesz\u0142ego roku mieszkanie w kamienicy na Nabielaka 9 zosta\u0142o wystawione na sprzeda\u017c. \u201eUnikalna okazja, mieszkanie w przedwojennej kamienicy w stylu Art Deco z 1932\u201d, reklamowa\u0142a lokal agencja sprzeda\u017cy nieruchomo\u015bci. Cena to prawie 1 mln z\u0142.<\/p>\n<p>1. marca o godz 12:00, jak co roku, rodzina, przyjaciele i osoby zaanga\u017cowane w walk\u0119 lokator\u00f3w z kamienicznikami i dzik\u0105 reprywatyzacj\u0105 spotykaj\u0105 si\u0119, \u017ceby uczci\u0107 pami\u0119\u0107 Jolanty Brzeskiej i przypomnie\u0107, \u017ce jej mordercy wci\u0105\u017c s\u0105 na wolno\u015bci. W imieniu redakcji\u00a0<em>Strajk.eu<\/em> zapraszamy wszystkich czytelnik\u00f3w i czytelniczki.<\/p>\n<p>&nbsp;<\/p>\n<p style=\"text-align: right;\">Autorstwo: JS<br \/>\n\u0179r\u00f3d\u0142o:\u00a0<a style=\"color: #295d82;\" href=\"http:\/\/strajk.eu\/index.php?article=857\">Strajk.eu<\/a><\/p>\n","protected":false},"excerpt":{"rendered":"<p>1. marca 2011 roku zamordowana zosta\u0142a Jolanta Brzeska, emerytka, dzia\u0142aczka lokatorka, ofiara mafii developerskiej. Jej mordercy nigdy nie zostali schwytani<\/p>\n","protected":false},"author":7,"featured_media":15191,"comment_status":"open","ping_status":"open","sticky":false,"template":"","format":"standard","meta":{"colormag_page_layout":"default_layout","footnotes":""},"categories":[7,81],"tags":[1774],"class_list":["post-15190","post","type-post","status-publish","format-standard","has-post-thumbnail","hentry","category-gospodarka","category-rzeczpospolita","tag-jola-brzeska"],"yoast_head":"<!-- This site is optimized with the Yoast SEO plugin v25.1 - https:\/\/yoast.com\/wordpress\/plugins\/seo\/ -->\n<title>1. marca - &quot;Wszystkich nas nie spalicie..!&quot; - SI\u0118 MY\u015aLI<\/title>\n<meta name=\"robots\" content=\"index, follow, max-snippet:-1, max-image-preview:large, max-video-preview:-1\" \/>\n<link rel=\"canonical\" href=\"https:\/\/siemysli-ke.info\/en\/1-marca-wszystkich-nas-nie-spalicie\/\" \/>\n<meta property=\"og:locale\" content=\"en_US\" \/>\n<meta property=\"og:type\" content=\"article\" \/>\n<meta property=\"og:title\" content=\"1. marca - &quot;Wszystkich nas nie spalicie..!&quot; - SI\u0118 MY\u015aLI\" \/>\n<meta property=\"og:description\" content=\"1. marca 2011 roku zamordowana zosta\u0142a Jolanta Brzeska, emerytka, dzia\u0142aczka lokatorka, ofiara mafii developerskiej. Jej mordercy nigdy nie zostali schwytani\" \/>\n<meta property=\"og:url\" content=\"https:\/\/siemysli-ke.info\/en\/1-marca-wszystkich-nas-nie-spalicie\/\" \/>\n<meta property=\"og:site_name\" content=\"SI\u0118 MY\u015aLI\" \/>\n<meta property=\"article:published_time\" content=\"2015-03-02T07:21:42+00:00\" \/>\n<meta property=\"article:modified_time\" content=\"2015-03-02T20:35:10+00:00\" \/>\n<meta property=\"og:image\" content=\"https:\/\/siemysli-ke.info\/wp-content\/uploads\/2015\/03\/pobrane.jpg\" \/>\n\t<meta property=\"og:image:width\" content=\"224\" \/>\n\t<meta property=\"og:image:height\" content=\"224\" \/>\n\t<meta property=\"og:image:type\" content=\"image\/jpeg\" \/>\n<meta name=\"author\" content=\"Jaromir\" \/>\n<meta name=\"twitter:label1\" content=\"Written by\" \/>\n\t<meta name=\"twitter:data1\" content=\"Jaromir\" \/>\n\t<meta name=\"twitter:label2\" content=\"Est. reading time\" \/>\n\t<meta name=\"twitter:data2\" content=\"2 minutes\" \/>\n<script type=\"application\/ld+json\" class=\"yoast-schema-graph\">{\"@context\":\"https:\/\/schema.org\",\"@graph\":[{\"@type\":\"Article\",\"@id\":\"https:\/\/siemysli-ke.info\/en\/1-marca-wszystkich-nas-nie-spalicie\/#article\",\"isPartOf\":{\"@id\":\"https:\/\/siemysli-ke.info\/en\/1-marca-wszystkich-nas-nie-spalicie\/\"},\"author\":{\"name\":\"Jaromir\",\"@id\":\"https:\/\/siemysli-ke.info\/#\/schema\/person\/66d741fa745a44f2fe46d112bc6499f2\"},\"headline\":\"1. marca &#8211; &#8220;Wszystkich nas nie spalicie..!&#8221;\",\"datePublished\":\"2015-03-02T07:21:42+00:00\",\"dateModified\":\"2015-03-02T20:35:10+00:00\",\"mainEntityOfPage\":{\"@id\":\"https:\/\/siemysli-ke.info\/en\/1-marca-wszystkich-nas-nie-spalicie\/\"},\"wordCount\":381,\"commentCount\":0,\"publisher\":{\"@id\":\"https:\/\/siemysli-ke.info\/#organization\"},\"image\":{\"@id\":\"https:\/\/siemysli-ke.info\/en\/1-marca-wszystkich-nas-nie-spalicie\/#primaryimage\"},\"thumbnailUrl\":\"https:\/\/siemysli-ke.info\/wp-content\/uploads\/2015\/03\/pobrane.jpg\",\"keywords\":[\"Jola Brzeska\"],\"articleSection\":[\"Gospodarka i polityka\",\"Rzeczypospolita\"],\"inLanguage\":\"en-US\",\"potentialAction\":[{\"@type\":\"CommentAction\",\"name\":\"Comment\",\"target\":[\"https:\/\/siemysli-ke.info\/en\/1-marca-wszystkich-nas-nie-spalicie\/#respond\"]}]},{\"@type\":\"WebPage\",\"@id\":\"https:\/\/siemysli-ke.info\/en\/1-marca-wszystkich-nas-nie-spalicie\/\",\"url\":\"https:\/\/siemysli-ke.info\/en\/1-marca-wszystkich-nas-nie-spalicie\/\",\"name\":\"1. marca - \\\"Wszystkich nas nie spalicie..!\\\" - SI\u0118 MY\u015aLI\",\"isPartOf\":{\"@id\":\"https:\/\/siemysli-ke.info\/en\/#website\"},\"primaryImageOfPage\":{\"@id\":\"https:\/\/siemysli-ke.info\/en\/1-marca-wszystkich-nas-nie-spalicie\/#primaryimage\"},\"image\":{\"@id\":\"https:\/\/siemysli-ke.info\/en\/1-marca-wszystkich-nas-nie-spalicie\/#primaryimage\"},\"thumbnailUrl\":\"https:\/\/siemysli-ke.info\/wp-content\/uploads\/2015\/03\/pobrane.jpg\",\"datePublished\":\"2015-03-02T07:21:42+00:00\",\"dateModified\":\"2015-03-02T20:35:10+00:00\",\"breadcrumb\":{\"@id\":\"https:\/\/siemysli-ke.info\/en\/1-marca-wszystkich-nas-nie-spalicie\/#breadcrumb\"},\"inLanguage\":\"en-US\",\"potentialAction\":[{\"@type\":\"ReadAction\",\"target\":[[\"https:\/\/siemysli-ke.info\/en\/1-marca-wszystkich-nas-nie-spalicie\/\"]]}]},{\"@type\":\"ImageObject\",\"inLanguage\":\"en-US\",\"@id\":\"https:\/\/siemysli-ke.info\/en\/1-marca-wszystkich-nas-nie-spalicie\/#primaryimage\",\"url\":\"https:\/\/siemysli-ke.info\/wp-content\/uploads\/2015\/03\/pobrane.jpg\",\"contentUrl\":\"https:\/\/siemysli-ke.info\/wp-content\/uploads\/2015\/03\/pobrane.jpg\",\"width\":224,\"height\":224},{\"@type\":\"BreadcrumbList\",\"@id\":\"https:\/\/siemysli-ke.info\/en\/1-marca-wszystkich-nas-nie-spalicie\/#breadcrumb\",\"itemListElement\":[{\"@type\":\"ListItem\",\"position\":1,\"name\":\"Home\",\"item\":\"https:\/\/siemysli-ke.info\/en\/\"},{\"@type\":\"ListItem\",\"position\":2,\"name\":\"1. marca &#8211; &#8220;Wszystkich nas nie spalicie..!&#8221;\"}]},{\"@type\":\"WebSite\",\"@id\":\"https:\/\/siemysli-ke.info\/en\/#website\",\"url\":\"https:\/\/siemysli-ke.info\/en\/\",\"name\":\"SI\u0118 MY\u015aLI\",\"description\":\"\",\"publisher\":{\"@id\":\"https:\/\/siemysli-ke.info\/en\/#organization\"},\"potentialAction\":[{\"@type\":\"SearchAction\",\"target\":{\"@type\":\"EntryPoint\",\"urlTemplate\":\"https:\/\/siemysli-ke.info\/en\/?s={search_term_string}\"},\"query-input\":{\"@type\":\"PropertyValueSpecification\",\"valueRequired\":true,\"valueName\":\"search_term_string\"}}],\"inLanguage\":\"en-US\"},{\"@type\":\"Organization\",\"@id\":\"https:\/\/siemysli-ke.info\/en\/#organization\",\"name\":\"SI\u0118 MY\u015aLI\",\"url\":\"https:\/\/siemysli-ke.info\/en\/\",\"logo\":{\"@type\":\"ImageObject\",\"inLanguage\":\"en-US\",\"@id\":\"https:\/\/siemysli-ke.info\/en\/#\/schema\/logo\/image\/\",\"url\":\"https:\/\/siemysli-ke.info\/wp-content\/uploads\/2025\/05\/99.png\",\"contentUrl\":\"https:\/\/siemysli-ke.info\/wp-content\/uploads\/2025\/05\/99.png\",\"width\":270,\"height\":204,\"caption\":\"SI\u0118 MY\u015aLI\"},\"image\":{\"@id\":\"https:\/\/siemysli-ke.info\/en\/#\/schema\/logo\/image\/\"}},{\"@type\":\"Person\",\"@id\":\"https:\/\/siemysli-ke.info\/#\/schema\/person\/66d741fa745a44f2fe46d112bc6499f2\",\"name\":\"Jaromir\",\"image\":{\"@type\":\"ImageObject\",\"inLanguage\":\"en-US\",\"@id\":\"https:\/\/siemysli-ke.info\/en\/#\/schema\/person\/image\/\",\"url\":\"https:\/\/secure.gravatar.com\/avatar\/fe881559e8ac8dda20293e9e8317d4678c6ad8f65f85a9ce5e1a87cee56b6198?s=96&d=mm&r=g\",\"contentUrl\":\"https:\/\/secure.gravatar.com\/avatar\/fe881559e8ac8dda20293e9e8317d4678c6ad8f65f85a9ce5e1a87cee56b6198?s=96&d=mm&r=g\",\"caption\":\"Jaromir\"},\"url\":\"https:\/\/siemysli-ke.info\/en\/author\/jaromir\/\"}]}<\/script>\n<!-- \/ Yoast SEO plugin. -->","yoast_head_json":{"title":"1. marca - \"Wszystkich nas nie spalicie..!\" - SI\u0118 MY\u015aLI","robots":{"index":"index","follow":"follow","max-snippet":"max-snippet:-1","max-image-preview":"max-image-preview:large","max-video-preview":"max-video-preview:-1"},"canonical":"https:\/\/siemysli-ke.info\/en\/1-marca-wszystkich-nas-nie-spalicie\/","og_locale":"en_US","og_type":"article","og_title":"1. marca - \"Wszystkich nas nie spalicie..!\" - SI\u0118 MY\u015aLI","og_description":"1. marca 2011 roku zamordowana zosta\u0142a Jolanta Brzeska, emerytka, dzia\u0142aczka lokatorka, ofiara mafii developerskiej. Jej mordercy nigdy nie zostali schwytani","og_url":"https:\/\/siemysli-ke.info\/en\/1-marca-wszystkich-nas-nie-spalicie\/","og_site_name":"SI\u0118 MY\u015aLI","article_published_time":"2015-03-02T07:21:42+00:00","article_modified_time":"2015-03-02T20:35:10+00:00","og_image":[{"width":224,"height":224,"url":"https:\/\/siemysli-ke.info\/wp-content\/uploads\/2015\/03\/pobrane.jpg","type":"image\/jpeg"}],"author":"Jaromir","twitter_misc":{"Written by":"Jaromir","Est. reading time":"2 minutes"},"schema":{"@context":"https:\/\/schema.org","@graph":[{"@type":"Article","@id":"https:\/\/siemysli-ke.info\/en\/1-marca-wszystkich-nas-nie-spalicie\/#article","isPartOf":{"@id":"https:\/\/siemysli-ke.info\/en\/1-marca-wszystkich-nas-nie-spalicie\/"},"author":{"name":"Jaromir","@id":"https:\/\/siemysli-ke.info\/#\/schema\/person\/66d741fa745a44f2fe46d112bc6499f2"},"headline":"1. marca &#8211; &#8220;Wszystkich nas nie spalicie..!&#8221;","datePublished":"2015-03-02T07:21:42+00:00","dateModified":"2015-03-02T20:35:10+00:00","mainEntityOfPage":{"@id":"https:\/\/siemysli-ke.info\/en\/1-marca-wszystkich-nas-nie-spalicie\/"},"wordCount":381,"commentCount":0,"publisher":{"@id":"https:\/\/siemysli-ke.info\/#organization"},"image":{"@id":"https:\/\/siemysli-ke.info\/en\/1-marca-wszystkich-nas-nie-spalicie\/#primaryimage"},"thumbnailUrl":"https:\/\/siemysli-ke.info\/wp-content\/uploads\/2015\/03\/pobrane.jpg","keywords":["Jola Brzeska"],"articleSection":["Gospodarka i polityka","Rzeczypospolita"],"inLanguage":"en-US","potentialAction":[{"@type":"CommentAction","name":"Comment","target":["https:\/\/siemysli-ke.info\/en\/1-marca-wszystkich-nas-nie-spalicie\/#respond"]}]},{"@type":"WebPage","@id":"https:\/\/siemysli-ke.info\/en\/1-marca-wszystkich-nas-nie-spalicie\/","url":"https:\/\/siemysli-ke.info\/en\/1-marca-wszystkich-nas-nie-spalicie\/","name":"1. marca - \"Wszystkich nas nie spalicie..!\" - SI\u0118 MY\u015aLI","isPartOf":{"@id":"https:\/\/siemysli-ke.info\/en\/#website"},"primaryImageOfPage":{"@id":"https:\/\/siemysli-ke.info\/en\/1-marca-wszystkich-nas-nie-spalicie\/#primaryimage"},"image":{"@id":"https:\/\/siemysli-ke.info\/en\/1-marca-wszystkich-nas-nie-spalicie\/#primaryimage"},"thumbnailUrl":"https:\/\/siemysli-ke.info\/wp-content\/uploads\/2015\/03\/pobrane.jpg","datePublished":"2015-03-02T07:21:42+00:00","dateModified":"2015-03-02T20:35:10+00:00","breadcrumb":{"@id":"https:\/\/siemysli-ke.info\/en\/1-marca-wszystkich-nas-nie-spalicie\/#breadcrumb"},"inLanguage":"en-US","potentialAction":[{"@type":"ReadAction","target":[["https:\/\/siemysli-ke.info\/en\/1-marca-wszystkich-nas-nie-spalicie\/"]]}]},{"@type":"ImageObject","inLanguage":"en-US","@id":"https:\/\/siemysli-ke.info\/en\/1-marca-wszystkich-nas-nie-spalicie\/#primaryimage","url":"https:\/\/siemysli-ke.info\/wp-content\/uploads\/2015\/03\/pobrane.jpg","contentUrl":"https:\/\/siemysli-ke.info\/wp-content\/uploads\/2015\/03\/pobrane.jpg","width":224,"height":224},{"@type":"BreadcrumbList","@id":"https:\/\/siemysli-ke.info\/en\/1-marca-wszystkich-nas-nie-spalicie\/#breadcrumb","itemListElement":[{"@type":"ListItem","position":1,"name":"Home","item":"https:\/\/siemysli-ke.info\/en\/"},{"@type":"ListItem","position":2,"name":"1. marca &#8211; &#8220;Wszystkich nas nie spalicie..!&#8221;"}]},{"@type":"WebSite","@id":"https:\/\/siemysli-ke.info\/en\/#website","url":"https:\/\/siemysli-ke.info\/en\/","name":"SI\u0118 MY\u015aLI","description":"","publisher":{"@id":"https:\/\/siemysli-ke.info\/en\/#organization"},"potentialAction":[{"@type":"SearchAction","target":{"@type":"EntryPoint","urlTemplate":"https:\/\/siemysli-ke.info\/en\/?s={search_term_string}"},"query-input":{"@type":"PropertyValueSpecification","valueRequired":true,"valueName":"search_term_string"}}],"inLanguage":"en-US"},{"@type":"Organization","@id":"https:\/\/siemysli-ke.info\/en\/#organization","name":"SI\u0118 MY\u015aLI","url":"https:\/\/siemysli-ke.info\/en\/","logo":{"@type":"ImageObject","inLanguage":"en-US","@id":"https:\/\/siemysli-ke.info\/en\/#\/schema\/logo\/image\/","url":"https:\/\/siemysli-ke.info\/wp-content\/uploads\/2025\/05\/99.png","contentUrl":"https:\/\/siemysli-ke.info\/wp-content\/uploads\/2025\/05\/99.png","width":270,"height":204,"caption":"SI\u0118 MY\u015aLI"},"image":{"@id":"https:\/\/siemysli-ke.info\/en\/#\/schema\/logo\/image\/"}},{"@type":"Person","@id":"https:\/\/siemysli-ke.info\/#\/schema\/person\/66d741fa745a44f2fe46d112bc6499f2","name":"Jaromir","image":{"@type":"ImageObject","inLanguage":"en-US","@id":"https:\/\/siemysli-ke.info\/en\/#\/schema\/person\/image\/","url":"https:\/\/secure.gravatar.com\/avatar\/fe881559e8ac8dda20293e9e8317d4678c6ad8f65f85a9ce5e1a87cee56b6198?s=96&d=mm&r=g","contentUrl":"https:\/\/secure.gravatar.com\/avatar\/fe881559e8ac8dda20293e9e8317d4678c6ad8f65f85a9ce5e1a87cee56b6198?s=96&d=mm&r=g","caption":"Jaromir"},"url":"https:\/\/siemysli-ke.info\/en\/author\/jaromir\/"}]}},"_links":{"self":[{"href":"https:\/\/siemysli-ke.info\/en\/wp-json\/wp\/v2\/posts\/15190","targetHints":{"allow":["GET"]}}],"collection":[{"href":"https:\/\/siemysli-ke.info\/en\/wp-json\/wp\/v2\/posts"}],"about":[{"href":"https:\/\/siemysli-ke.info\/en\/wp-json\/wp\/v2\/types\/post"}],"author":[{"embeddable":true,"href":"https:\/\/siemysli-ke.info\/en\/wp-json\/wp\/v2\/users\/7"}],"replies":[{"embeddable":true,"href":"https:\/\/siemysli-ke.info\/en\/wp-json\/wp\/v2\/comments?post=15190"}],"version-history":[{"count":0,"href":"https:\/\/siemysli-ke.info\/en\/wp-json\/wp\/v2\/posts\/15190\/revisions"}],"wp:featuredmedia":[{"embeddable":true,"href":"https:\/\/siemysli-ke.info\/en\/wp-json\/wp\/v2\/media\/15191"}],"wp:attachment":[{"href":"https:\/\/siemysli-ke.info\/en\/wp-json\/wp\/v2\/media?parent=15190"}],"wp:term":[{"taxonomy":"category","embeddable":true,"href":"https:\/\/siemysli-ke.info\/en\/wp-json\/wp\/v2\/categories?post=15190"},{"taxonomy":"post_tag","embeddable":true,"href":"https:\/\/siemysli-ke.info\/en\/wp-json\/wp\/v2\/tags?post=15190"}],"curies":[{"name":"wp","href":"https:\/\/api.w.org\/{rel}","templated":true}]}}