 {"id":15084,"date":"2015-02-19T22:07:18","date_gmt":"2015-02-19T21:07:18","guid":{"rendered":"http:\/\/www.siemysli.info.ke\/?p=15084"},"modified":"2015-02-20T14:51:40","modified_gmt":"2015-02-20T13:51:40","slug":"megalomania-w-kolorze-bialo-czerwonym","status":"publish","type":"post","link":"https:\/\/siemysli-ke.info\/en\/megalomania-w-kolorze-bialo-czerwonym\/","title":{"rendered":"Megalomania w kolorze bia\u0142o-czerwonym"},"content":{"rendered":"<p>&nbsp;<\/p>\n<p style=\"text-align: justify;\"><a name=\"akon_nsitsp_321\"><\/a><a name=\"a_akonakon_nsitsp_321\"><\/a> <a href=\"http:\/\/www.siemysli.info.ke\/wp-content\/uploads\/2015\/02\/3f6de68d5b4a24d6c47319667f8f612920.jpg\" rel=\"lightbox[15084]\"><img decoding=\"async\" class=\"alignleft size-medium wp-image-15085\" src=\"http:\/\/www.siemysli.info.ke\/wp-content\/uploads\/2015\/02\/3f6de68d5b4a24d6c47319667f8f612920-241x300.jpg\" alt=\"3f6de68d5b4a24d6c47319667f8f6129,2,0\" width=\"241\" height=\"300\" srcset=\"https:\/\/siemysli-ke.info\/wp-content\/uploads\/2015\/02\/3f6de68d5b4a24d6c47319667f8f612920-241x300.jpg 241w, https:\/\/siemysli-ke.info\/wp-content\/uploads\/2015\/02\/3f6de68d5b4a24d6c47319667f8f612920.jpg 349w\" sizes=\"(max-width: 241px) 100vw, 241px\" \/><\/a><span style=\"color: #262626;\"> <span style=\"font-family: Georgia, Helvetica, sans-serif;\"><span style=\"font-size: medium;\">&#8220;J<\/span><\/span><\/span>eden na jeden&#8221; &#8211; by\u0142y wiceminister i p.o. ministra obrony narodowej, Romuald Szeremietiew, grzmi o rosyjskiej agresji na polsk\u0105 ziemi\u0119. Twierdzi, \u00a0\u017ce jeste\u015bmy \u201cwrzodem\u201d i dla Rosji i dla chc\u0105cych si\u0119 z ni\u0105 u\u0142o\u017cy\u0107 pa\u0144stw hegemon\u00f3w Unii Europejskiej &#8211; Niemiec i Francji. G\u0142os polskich \u201celit\u201d brzmi rownie\u017c w podobnym tonie. B\u0119d\u0105c na kr\u00f3tkiej smyczy towarzyszy zza oceanu, o\u015bmieszamy si\u0119 nawet przed naszymi sojusznikami z UE i NATO. <em>Welt am Sonntag<\/em>\u00a0w obszernym artykule &#8220;W Warszawie pachnie wojn\u0105&#8221; napisa\u0142 kilka dni temu, i\u017c od wybuchu kryzysu na Ukrainie stosunki mi\u0119dzy Warszaw\u0105 i Moskw\u0105 drastycznie si\u0119 pogorszy\u0142y. &#8220;Polska czuje si\u0119 zagro\u017cona&#8221; &#8211; czytamy w niemieckim dzienniku, kt\u00f3ry przytacza s\u0142owa polskiego ministra obrony Tomasza Siemoniaka, \u017ce &#8220;bezpo\u015brednie s\u0105siedztwo z Rosj\u0105 jest dla Polski nie lada wyzwaniem&#8221;. Zmiana stosunk\u00f3w dyplomatycznych z Rosj\u0105 drastycznie si\u0119 pogorszy\u0142a. W \u015blad za ni\u0105 na Polsk\u0119 spad\u0142y sankcje ekonomiczne (zamro\u017cenie handlu warzywami i mi\u0119sem na lata, co w d\u0142u\u017cszej perspektywie rozsadzi polskie rolnictwo, kt\u00f3re \u017cyje dzi\u015b z unijnych kredyt\u00f3w i dop\u0142at, ale by produkowa\u0107, trzeba mie\u0107 rynek zbytu!). <strong>Polska w obecnym kryzysie na linii Unia Europejska &#8211; Rosja stoi w pierszym szeregu, gard\u0142uj\u0105c tak g\u0142o\u015bno, jakby by\u0142a atomow\u0105 pot\u0119g\u0105. Miast tego jest wystraszonym pinczerem, ujadaj\u0105cym \u00a0wniebog\u0142osy i wzbudzaj\u0105cym \u015bmieszno\u015b\u0107.<\/strong> <em>Welt am Sonntag<\/em>\u00a0w tym kontek\u015bcie przypomina m. in. incydent z samolotem, kt\u00f3rym lecia\u0142 szef rosyjskiego resortu obrony Siergiej Szojgu, wspomniano te\u017c spraw\u0119 p\u0142atno\u015bci za u\u017cytkowanie plac\u00f3wek dyplomatycz\u00adnych. &#8220;Na skali dyplomatycz\u00adnych zjadliwo\u015bci obydwie strony poruszaj\u0105 si\u0119 na skraju dopuszczalnych granic&#8221; &#8211; twierdzi gazeta. <strong>R\u00f3wnie\u017c g\u0142os polityk\u00f3w, p\u0142yn\u0105cy z Polski nie pozostawia z\u0142udze\u0144 &#8211; wszyscy najedli si\u0119 szaleju i wci\u0105gaj\u0105 Polsk\u0119 w wir k\u0142opot\u00f3w.<\/strong> Oficjalny ton naszej polityki zagranicznej ju\u017c opisa\u0142em. A jak zachowuje si\u0119 najwi\u0119ksza partia opozycyjna? PiS w agresji podnosi wr\u0119cz poprzeczk\u0119. W\u0142adimir Putin przedwczoraj zawita\u0142 na W\u0119gry. <a href=\"http:\/\/www.siemysli.info.ke\/wp-content\/uploads\/2015\/02\/32f6c9fa0e928c7513aa6cb8bf0b0df7.jpeg\" rel=\"lightbox[15084]\"><img decoding=\"async\" class=\"alignleft size-medium wp-image-15086\" src=\"http:\/\/www.siemysli.info.ke\/wp-content\/uploads\/2015\/02\/32f6c9fa0e928c7513aa6cb8bf0b0df7-300x190.jpeg\" alt=\"32f6c9fa0e928c7513aa6cb8bf0b0df7\" width=\"300\" height=\"190\" srcset=\"https:\/\/siemysli-ke.info\/wp-content\/uploads\/2015\/02\/32f6c9fa0e928c7513aa6cb8bf0b0df7-300x190.jpeg 300w, https:\/\/siemysli-ke.info\/wp-content\/uploads\/2015\/02\/32f6c9fa0e928c7513aa6cb8bf0b0df7.jpeg 630w\" sizes=\"(max-width: 300px) 100vw, 300px\" \/><\/a>Wiktor Orban zabiega\u0142 o rosyjskie kredyty, pomoc gospodarcz\u0105 i upusty gazowe. \u201cT\u0119gie umys\u0142y\u201d z III RP dzie\u0144 w dzie\u0144 wmawiaj\u0105, \u017ce &#8220;jak Ruska nie kopniesz, nie oplujesz, to on ci\u0119 powa\u017cnie nie potraktuje&#8221;. Np. Polska nie ma co si\u0119 wysila\u0107, bo Rosjanie podnosz\u0105 nam cen\u0119 gazu dla samej przyjemno\u015bci upokarzania s\u0105siad\u00f3w, bez ogl\u0105dania si\u0119 na rachunek zysk\u00f3w i strat. A tu siurpryza! W\u0119grzy zachowali si\u0119 NORMALNIE, wi\u0119c NORMALNIE s\u0105 traktowani I uzyskali mo\u017cliwo\u015b\u0107 nie p\u0142acenia za gaz, kt\u00f3rego nie potrzebuj\u0105. W\u0119gierska niezale\u017cno\u015b\u0107 w strukturach UE o\u015bci\u0105 stoi i przyprawia koronowane g\u0142owy o palpitacj\u0119 serca. R\u00f3wnie\u017c Wielki Brat zza oceanu &#8211; jak mo\u017ce, tak grozi palcem za rezygnacj\u0119 z linii kredytowej MFW. Dzi\u015b Orban zawita\u0142 do Polski. Viktor Orban zosta\u0142 zaproszony przez Krajow\u0105 Izb\u0119 Gospodarcz\u0105, a nie polski rz\u0105d, lecz spotka\u0142 si\u0119 z doktor Kopacz, kt\u00f3ra r\u00f3wnie\u017c przyj\u0119\u0142a go &#8220;czarn\u0105 polewk\u0105&#8221;. Orban <strong>chcia\u0142<\/strong>\u00a0porozmawia\u0107 z Jaros\u0142awem Kaczy\u0144skim &#8211; lecz ten po konwencji jego kandydata na prezydenta Polski odm\u00f3wi\u0142. Domoros\u0142ych polityk\u00f3w mamy w Polsce a\u017c pod dostatkiem i mno\u017c\u0105 si\u0119 oni przez p\u0105czkowanie. Chyba siebie samego przeszed\u0142 bloger Matka Kurka (znany z walki z Jurkiem Owsiakiem i jego fundacj\u0105), kt\u00f3ry w\u0119gierskie interesy z Rosj\u0105 nazywa \u201cprzecweleniem\u201d. Mocne s\u0142owa, zwa\u017cywszy na to jak wyglada nasz kraj po transformacji Balcerowicza, gdzie jak po tajfunie &#8220;Catrina&#8221; znikn\u0105\u0142 polski przemys\u0142, huty, kopalnie i stocznie oraz wyparowa\u0142y po rz\u0105dach \u201czielonej wyspy\u201d rezerwy OFE, za\u015b d\u0142ug RP stawia nas na r\u00f3wni z&#8230; krajami afryka\u0144skimi. Polsko\u015b\u0107 to nienormalno\u015b\u0107 i&#8230; \u201dmurzynsko\u015b\u0107\u201d. Ostatnie zak\u0142ady w Polsce, jak wroc\u0142awskie <em>FagorMastercook<\/em>, niemiecka firma <em>Bosch<\/em> chce kupi\u0107 za kwot\u0119 90 milion\u00f3w, gdy sama linia produkcyjna warta jest milion\u00f3w 200. Syndyk masy upad\u0142o\u015bciowej nie chce si\u0119 na to zgodzi\u0107, ale naciskana pewnie ust\u0105pi&#8230;<\/p>\n<p style=\"text-align: justify;\"><a href=\"http:\/\/www.siemysli.info.ke\/wp-content\/uploads\/2015\/02\/2483ce83443886327fd79852a4dd4e16.jpg\" rel=\"lightbox[15084]\"><img decoding=\"async\" class=\"alignleft size-medium wp-image-15087\" src=\"http:\/\/www.siemysli.info.ke\/wp-content\/uploads\/2015\/02\/2483ce83443886327fd79852a4dd4e16-300x285.jpg\" alt=\"2483ce83443886327fd79852a4dd4e16\" width=\"300\" height=\"285\" srcset=\"https:\/\/siemysli-ke.info\/wp-content\/uploads\/2015\/02\/2483ce83443886327fd79852a4dd4e16-300x285.jpg 300w, https:\/\/siemysli-ke.info\/wp-content\/uploads\/2015\/02\/2483ce83443886327fd79852a4dd4e16.jpg 480w\" sizes=\"(max-width: 300px) 100vw, 300px\" \/><\/a>Za rok zagraniczni inwestorzy b\u0119d\u0105 mogli swobodnie kupowa\u0107 polsk\u0105 ziemie pod upraw\u0119. Tu niepotrzebna jest rosyjska agresja i tzw. wojna hybrydowa, kt\u00f3r\u0105 strasz\u0105 z ekran\u00f3w telewizyjnych. <strong>Nasi sojusznicy za moment b\u0119d\u0105 naszymi panami a na polskie terytorium zn\u00f3w wr\u00f3c\u0105 niemieckie nazwy ulic i miast<\/strong>. Ekonomia! Proste! Polskie kopalnie b\u0119d\u0105 fedrowa\u0107, daj\u0105c groszowe pensje g\u00f3rnikom, co nie chcieli by\u0107 na swoim. Trzeba by\u0142o my\u015ble\u0107! Polska ma armi\u0119, kt\u00f3ra jest dopiero w fazie budowy, mamy lotnictwo lecz nie mamy skutecznej zapory przeciwlotniczej (Tarcza Antyrakietowa, obiecana przez USA, okaza\u0142a si\u0119 mrzonk\u0105). Do tego nale\u017cy doda\u0107 kadr\u0119 dow\u00f3dcz\u0105, pami\u0119taj\u0105c\u0105 PRL i LWP, a cz\u0119sto studia i kursy w Moskwie. \u201cMi\u0119so armatnie\u201d za g\u0142\u00f3wnego zwierzchnika si\u0142 zbrojnych ma cz\u0142owieka o dziwnej przesz\u0142o\u015bci, zwi\u0105zanego z WSI (s\u0142u\u017cbami, kt\u00f3re rozwi\u0105zano, bo by\u0142y siedliskiem wp\u0142ywu Rosji a zajmowa\u0142y si\u0119 przest\u0119pczo\u015bci\u0105 gospodarcz\u0105 i zorganizowan\u0105 oraz handlem broni\u0105). R\u00f3wnie\u017c polscy politycy prawie ze wszystkich opcji politycznych wci\u0105gaj\u0105 nasz kraj w po\u017car i wielkie k\u0142opoty, widz\u0105c w takim dzia\u0142aniu osobiste korzy\u015bci. Te same prywatne interesy z kijowskimi oligarchami zadecydowa\u0142y o poparciu przez &#8211; jak mawia\u0142 w\u00f3wczas &#8220;Lele&#8221; &#8211; &#8220;prezydenta niekt\u00f3rych Polak\u00f3w&#8221;, Aleksandra Kwa\u015bniewskiego, tzw. Pomara\u0144czowej Rewolucji, kt\u00f3ra niczego nie zmieni\u0142a na Ukrainie, poza obudzeniem z\u0142ych duch\u00f3w nacjonal-faszyzmu z czas\u00f3w II wojny.<\/p>\n<p style=\"text-align: justify;\">Nadworny b\u0142azen Kaczy\u0144skiego \u201cukrai\u0144ski bezpieczniak\u201d i w\u0142a\u015bciciel &#8220;Gazety Polskiej&#8221; &#8211; Tomasz Sakiewicz we w\u0142asnej osobie zagrzewa \u201ckonserwy\u201d do boju i razem z \u201cpolitykami\u201d pokroju Adama S\u0142omki snuj\u0105 wizj\u0119 \u201cMi\u0119dzymorza\u201d i hegemonii Polski w rejonie Ba\u0142t\u00f3w &#8211; kt\u00f3rzy takim scenariuszem wcale zachwyceni \u00a0nie s\u0105.<\/p>\n<p style=\"text-align: justify;\"><a name=\"gb_nsitsp_0\"><\/a><a name=\"a_gbgb_nsitsp_0\"><\/a> <a href=\"http:\/\/www.siemysli.info.ke\/wp-content\/uploads\/2015\/02\/d4bbe5b698f4b03d21197b292f11006f.jpg\" rel=\"lightbox[15084]\"><img decoding=\"async\" class=\"alignleft size-medium wp-image-15088\" src=\"http:\/\/www.siemysli.info.ke\/wp-content\/uploads\/2015\/02\/d4bbe5b698f4b03d21197b292f11006f-300x130.jpg\" alt=\"d4bbe5b698f4b03d21197b292f11006f\" width=\"300\" height=\"130\" srcset=\"https:\/\/siemysli-ke.info\/wp-content\/uploads\/2015\/02\/d4bbe5b698f4b03d21197b292f11006f-300x130.jpg 300w, https:\/\/siemysli-ke.info\/wp-content\/uploads\/2015\/02\/d4bbe5b698f4b03d21197b292f11006f.jpg 780w\" sizes=\"(max-width: 300px) 100vw, 300px\" \/><\/a>\u201cPo co W\u0142adimirowi Putinowi by\u0142o porozumienie w Mie\u0144sku: \u017ceby przegrupowa\u0107 swoje wojska, zatrzyma\u0107 na kilkadziesi\u0105t godzin pomoc dla Kijowa i domkn\u0105\u0107 kocio\u0142 w Debalcewie, gdzie okr\u0105\u017cono si\u0142y ukrai\u0144skie wielko\u015bci jednej dywizji? (&#8230;)\u201d &#8211; pyta! Dalej, jak wytrawny strateg uchyla r\u0105bka tajemnicy przed inwazj\u0105 na wsch\u00f3d naszej husarii! \u201dMoskw\u0119 zatrzymamy tylko w jeden spos\u00f3b \u2013 zwi\u0119kszaj\u0105c maksymalnie koszty wojny dla Rosji. Kosztem realnym by\u0142aby tu jej kompletna izolacja i wzmocnienie Ukrainy, tak, by impet Kremla na Ukrainie si\u0119 zatrzyma\u0142. Tymczasem ci\u0105gle na Zachodzie i w Polsce dominuj\u0105 politycy, kt\u00f3rzy wierz\u0105, \u017ce t\u0119 wojn\u0119 da si\u0119 przeczeka\u0107 z boku albo wr\u0119cz by\u0107 wobec niej neutralnym. Ukraina przyj\u0119\u0142a ci\u0119\u017car uderzenia Moskwy i ma wystarczaj\u0105cy potencja\u0142, by to uderzenie przetrzyma\u0107. Warunek \u2013 jak najwi\u0119ksza pomoc dla Kijowa. Ka\u017cde dalsze wahanie w tej sprawie wystawia ju\u017c nie tylko Ba\u0142t\u00f3w i Polsk\u0119, lecz ca\u0142\u0105 Europ\u0119 na wielki po\u017car. Jeszcze mo\u017cna go zgasi\u0107, ale to ostatni moment (&#8230;) \u201c.<\/p>\n<p style=\"text-align: justify;\">Zupe\u0142nie innym tonem m\u00f3wi ksi\u0105dz Isakowicz-Zaleski, <strong>jeden z ostatnich w Polsce nie dotkni\u0119tych wirusem \u201cruskiej grypy\u201d.<\/strong><\/p>\n<p style=\"text-align: justify;\">\u201cMamy do czynienia z wojn\u0105 domow\u0105. Ta wojna domowa jest pretekstem do ingerencji Rosji, kt\u00f3ra wykorzystuje j\u0105 do swoich cel\u00f3w. (\u2026)&#8221;. Dodaje on, \u017ce obawy o rozpad pa\u0144stwa ukrai\u0144skiego s\u0105 uzasadnione:<\/p>\n<p style=\"text-align: justify;\">\u00a0\u201cUkraina p\u0119ka w szwach i nie ma w niej zgody, co do wielu podejmowanych przez w\u0142adz\u0119 poczyna\u0144. Dlatego obawy o rozpad Ukrainy wydaj\u0105 mi si\u0119 jak najbardziej zasadne. Jedno jest pewne \u2013 nie ma dzi\u015b jakiejkolwiek realnej mo\u017cliwo\u015bci powrotu Ukrainy do stanu sprzed kilkunastu miesi\u0119cy. Pozostaje wi\u0119c pytanie, czy Ukraina pozostanie pa\u0144stwem okrojonym, czy b\u0119dzie si\u0119 rozpada\u0107 &#8211; m\u00f3wi ksi\u0105dz. \u017beby by\u0142o jasne \u2013 scenariusz rozpadu Ukrainy uwa\u017cam za bardzo niekorzystny dla Polski. Dop\u00f3ki Ukraina funkcjonuje jako du\u017cy, wielokulturowy kraj, r\u00f3wnowa\u017c\u0105cy wp\u0142ywy wschodniej i zachodniej cz\u0119\u015bci, sytuacja jest dla nas bardziej bezpieczna.<\/p>\n<p style=\"text-align: justify;\">Nie mam w\u0105tpliwo\u015bci, \u017ce przestarza\u0142a koncepcja Giedroycia zostanie niebawem zast\u0105piona now\u0105, ale t\u0119 now\u0105 wypracuj\u0105 Niemcy, Francuzi i Amerykanie. I ta koncepcja pr\u0119dzej czy p\u00f3\u017aniej obejmie jaki\u015b kompromis z Putinem. W\u00f3wczas pozostaniemy sami na placu boju, bez \u017cadnej koncepcji, jak odbudowa\u0107 stosunki z Rosj\u0105 &#8211; m\u00f3wi duchowny.(&#8230;)\u201d.<\/p>\n<p style=\"text-align: justify;\">Do takich scenariuszy pchaj\u0105 Polsk\u0119 wszyscy nasi \u201csojusznicy\u201d i polska \u201cklasa polityczna\u201d .<\/p>\n<p style=\"text-align: justify;\"><a href=\"http:\/\/www.siemysli.info.ke\/wp-content\/uploads\/2015\/02\/J-zykKobiety.jpg\" rel=\"lightbox[15084]\"><img decoding=\"async\" class=\"alignleft size-medium wp-image-15089\" src=\"http:\/\/www.siemysli.info.ke\/wp-content\/uploads\/2015\/02\/J-zykKobiety-246x300.jpg\" alt=\"J zykKobiety\" width=\"246\" height=\"300\" srcset=\"https:\/\/siemysli-ke.info\/wp-content\/uploads\/2015\/02\/J-zykKobiety-246x300.jpg 246w, https:\/\/siemysli-ke.info\/wp-content\/uploads\/2015\/02\/J-zykKobiety.jpg 600w\" sizes=\"(max-width: 246px) 100vw, 246px\" \/><\/a><strong>Na w\u0142asne \u017cyczenie pope\u0142nimy gospodarcze samob\u00f3jstwo i politycznie wyizolujemy si\u0119 z realnej geopolityki. Zreszt\u0105 przy tym poziomie zadlu\u017cenia nasza samodzielno\u015bc stawia nas w szeregu pa\u0144stw \u201ckad\u0142ubowych\u201d przeznaczonych w d\u0142u\u017cszej perspektywie demograficznej do wygini\u0119cia.<\/strong><\/p>\n<p style=\"text-align: justify;\">No to i wspierajmy \u201cukrai\u0144sk\u0105 drog\u0119\u201d&#8230;<\/p>\n<p style=\"text-align: justify;\">Na pohybel!<\/p>\n<p style=\"text-align: justify;\">W wyniku bratob\u00f3jczych walk i czystek etnicznych gin\u0105 tam dziesi\u0105tki tysi\u0119cy ludzi. Wsch\u00f3d kraju, wskutek agresji \u201csi\u0142 antyterrorystycznych\u201d zamieni\u0142 si\u0119 w morze ruin. Zniszczono infrastruktur\u0119 drogow\u0105, kolejow\u0105, lotniska i zak\u0142ady pracy.<\/p>\n<p style=\"text-align: justify;\"><a name=\"akon_nsitsp_1\"><\/a><a name=\"a_akonakon_nsitsp_1\"><\/a>\u00a0Sama Ukraina jest nad ekonomiczn\u0105 przepa\u015bci\u0105. Spadek ukrai\u0144skiego PKB w czwartym kwartale 2014 roku zwi\u0119kszy\u0142 si\u0119 do 15,2% w uj\u0119ciu rok do roku z poziomu 5,3% z poprzedniego kwarta\u0142u. Szykuj\u0105 si\u0119 drastyczne dla samych Ukrai\u0144c\u00f3w podwy\u017cki . O skutkach porozumienia z MFW poinformowa\u0142a szefowa Narodowego Banku Ukrainy, Waleria Gontariewa. Taryfy na gaz dla odbiorc\u00f3w detalicznych wzrosn\u0105 o 280%, za\u015b taryfy za ogrzewanie 0 66%. Informacj\u0119 t\u0119 potwierdzi\u0142 minister energetyki i przemys\u0142u w\u0119glowego, W\u0142adimir Demczyszyn, kt\u00f3ry ka\u017ce spodziewa\u0107 si\u0119 podwy\u017cek w najbli\u017cszym czasie.<\/p>\n<p style=\"text-align: justify;\">\u201cG\u0142upiego podpu\u015bcisz &#8211; w ogie\u0144 wci\u0105gnie innych!\u201d. Jak wida\u0107, ludowe przys\u0142owie sprawdza si\u0119 r\u00f3wnie\u017c w \u017cyciu!<\/p>\n<p style=\"text-align: right;\"><strong>Roman Boryczko<\/strong>,<\/p>\n<p style=\"text-align: right;\"><em> luty 2015<\/em><\/p>\n<p>&nbsp;<\/p>\n","protected":false},"excerpt":{"rendered":"<p>&nbsp; &#8220;Jeden na jeden&#8221; &#8211; by\u0142y wiceminister i p.o. ministra obrony narodowej, Romuald Szeremietiew, grzmi o rosyjskiej agresji na polsk\u0105<\/p>\n","protected":false},"author":7,"featured_media":15086,"comment_status":"open","ping_status":"open","sticky":false,"template":"","format":"standard","meta":{"colormag_page_layout":"default_layout","footnotes":""},"categories":[7,6],"tags":[2141,2154,2147,2149,2143,89,2139,92,2151,2146,477,2144,869,1692,1614,1211,846,1472,203,867,2145,2140,2150,2153,2152,2155,708,2142,1726,2130,2148],"class_list":["post-15084","post","type-post","status-publish","format-standard","has-post-thumbnail","hentry","category-gospodarka","category-ue","tag-gazeta-polska","tag-welt-am-sonntag","tag-adam-slomka","tag-aleksander-kwasniewski","tag-baltowie","tag-breaking","tag-debalcewo","tag-headline","tag-hegemoni-unii-europejskiej","tag-impet-kremla","tag-jaroslaw-kaczynski","tag-jerzy-giedroyc","tag-kijow","tag-ks-isakowicz-zaleski","tag-lele","tag-matka-kurka","tag-miedzymorze","tag-nato","tag-polska","tag-pomaranczowa-rewolucja","tag-porozumienie-w-miensku","tag-red-tomasz-sakiewicz","tag-romuald-szeremietiew","tag-siergiej-szojgu","tag-tomasz-siemoniak","tag-transformacja-balcerowicza","tag-ukraina","tag-ukraina-nad-przepascia","tag-wegrzy","tag-wiktor-orban","tag-wsi"],"yoast_head":"<!-- This site is optimized with the Yoast SEO plugin v25.1 - https:\/\/yoast.com\/wordpress\/plugins\/seo\/ -->\n<title>Megalomania w kolorze bia\u0142o-czerwonym - SI\u0118 MY\u015aLI<\/title>\n<meta name=\"robots\" content=\"index, follow, max-snippet:-1, max-image-preview:large, max-video-preview:-1\" \/>\n<link rel=\"canonical\" href=\"https:\/\/siemysli-ke.info\/en\/megalomania-w-kolorze-bialo-czerwonym\/\" \/>\n<meta property=\"og:locale\" content=\"en_US\" \/>\n<meta property=\"og:type\" content=\"article\" \/>\n<meta property=\"og:title\" content=\"Megalomania w kolorze bia\u0142o-czerwonym - SI\u0118 MY\u015aLI\" \/>\n<meta property=\"og:description\" content=\"&nbsp; &#8220;Jeden na jeden&#8221; &#8211; by\u0142y wiceminister i p.o. ministra obrony narodowej, Romuald Szeremietiew, grzmi o rosyjskiej agresji na polsk\u0105\" \/>\n<meta property=\"og:url\" content=\"https:\/\/siemysli-ke.info\/en\/megalomania-w-kolorze-bialo-czerwonym\/\" \/>\n<meta property=\"og:site_name\" content=\"SI\u0118 MY\u015aLI\" \/>\n<meta property=\"article:published_time\" content=\"2015-02-19T21:07:18+00:00\" \/>\n<meta property=\"article:modified_time\" content=\"2015-02-20T13:51:40+00:00\" \/>\n<meta property=\"og:image\" content=\"https:\/\/siemysli-ke.info\/wp-content\/uploads\/2015\/02\/32f6c9fa0e928c7513aa6cb8bf0b0df7.jpeg\" \/>\n\t<meta property=\"og:image:width\" content=\"630\" \/>\n\t<meta property=\"og:image:height\" content=\"399\" \/>\n\t<meta property=\"og:image:type\" content=\"image\/jpeg\" \/>\n<meta name=\"author\" content=\"Jaromir\" \/>\n<meta name=\"twitter:label1\" content=\"Written by\" \/>\n\t<meta name=\"twitter:data1\" content=\"Jaromir\" \/>\n\t<meta name=\"twitter:label2\" content=\"Est. reading time\" \/>\n\t<meta name=\"twitter:data2\" content=\"8 minutes\" \/>\n<script type=\"application\/ld+json\" class=\"yoast-schema-graph\">{\"@context\":\"https:\/\/schema.org\",\"@graph\":[{\"@type\":\"Article\",\"@id\":\"https:\/\/siemysli-ke.info\/en\/megalomania-w-kolorze-bialo-czerwonym\/#article\",\"isPartOf\":{\"@id\":\"https:\/\/siemysli-ke.info\/en\/megalomania-w-kolorze-bialo-czerwonym\/\"},\"author\":{\"name\":\"Jaromir\",\"@id\":\"https:\/\/siemysli-ke.info\/#\/schema\/person\/66d741fa745a44f2fe46d112bc6499f2\"},\"headline\":\"Megalomania w kolorze bia\u0142o-czerwonym\",\"datePublished\":\"2015-02-19T21:07:18+00:00\",\"dateModified\":\"2015-02-20T13:51:40+00:00\",\"mainEntityOfPage\":{\"@id\":\"https:\/\/siemysli-ke.info\/en\/megalomania-w-kolorze-bialo-czerwonym\/\"},\"wordCount\":1591,\"commentCount\":2,\"publisher\":{\"@id\":\"https:\/\/siemysli-ke.info\/#organization\"},\"image\":{\"@id\":\"https:\/\/siemysli-ke.info\/en\/megalomania-w-kolorze-bialo-czerwonym\/#primaryimage\"},\"thumbnailUrl\":\"https:\/\/siemysli-ke.info\/wp-content\/uploads\/2015\/02\/32f6c9fa0e928c7513aa6cb8bf0b0df7.jpeg\",\"keywords\":[\"\\\"Gazeta Polska\\\"\",\"\\\"Welt am Sonntag\\\"\",\"Adam S\u0142omka\",\"Aleksander Kwa\u015bniewski\",\"Ba\u0142towie\",\"breaking\",\"Debalcewo\",\"headline\",\"hegemoni Unii Europejskiej\",\"impet Kremla\",\"Jaros\u0142aw Kaczy\u0144ski\",\"Jerzy Giedroyc\",\"Kij\u00f3w\",\"ks. Isakowicz-Zaleski\",\"Lele\",\"Matka Kurka\",\"Mi\u0119dzymorze\",\"NATO\",\"Polska\",\"Pomara\u0144czowa Rewolucja\",\"porozumienie w Mie\u0144sku\",\"red. Tomasz Sakiewicz\",\"Romuald Szeremietiew\",\"Siergiej Szojgu\",\"Tomasz Siemoniak\",\"transformacja Balcerowicza\",\"Ukraina\",\"Ukraina nad przepa\u015bci\u0105\",\"W\u0119grzy\",\"Wiktor Orban\",\"WSI\"],\"articleSection\":[\"Gospodarka i polityka\",\"Unia Europejska\"],\"inLanguage\":\"en-US\",\"potentialAction\":[{\"@type\":\"CommentAction\",\"name\":\"Comment\",\"target\":[\"https:\/\/siemysli-ke.info\/en\/megalomania-w-kolorze-bialo-czerwonym\/#respond\"]}]},{\"@type\":\"WebPage\",\"@id\":\"https:\/\/siemysli-ke.info\/en\/megalomania-w-kolorze-bialo-czerwonym\/\",\"url\":\"https:\/\/siemysli-ke.info\/en\/megalomania-w-kolorze-bialo-czerwonym\/\",\"name\":\"Megalomania w kolorze bia\u0142o-czerwonym - SI\u0118 MY\u015aLI\",\"isPartOf\":{\"@id\":\"https:\/\/siemysli-ke.info\/en\/#website\"},\"primaryImageOfPage\":{\"@id\":\"https:\/\/siemysli-ke.info\/en\/megalomania-w-kolorze-bialo-czerwonym\/#primaryimage\"},\"image\":{\"@id\":\"https:\/\/siemysli-ke.info\/en\/megalomania-w-kolorze-bialo-czerwonym\/#primaryimage\"},\"thumbnailUrl\":\"https:\/\/siemysli-ke.info\/wp-content\/uploads\/2015\/02\/32f6c9fa0e928c7513aa6cb8bf0b0df7.jpeg\",\"datePublished\":\"2015-02-19T21:07:18+00:00\",\"dateModified\":\"2015-02-20T13:51:40+00:00\",\"breadcrumb\":{\"@id\":\"https:\/\/siemysli-ke.info\/en\/megalomania-w-kolorze-bialo-czerwonym\/#breadcrumb\"},\"inLanguage\":\"en-US\",\"potentialAction\":[{\"@type\":\"ReadAction\",\"target\":[[\"https:\/\/siemysli-ke.info\/en\/megalomania-w-kolorze-bialo-czerwonym\/\"]]}]},{\"@type\":\"ImageObject\",\"inLanguage\":\"en-US\",\"@id\":\"https:\/\/siemysli-ke.info\/en\/megalomania-w-kolorze-bialo-czerwonym\/#primaryimage\",\"url\":\"https:\/\/siemysli-ke.info\/wp-content\/uploads\/2015\/02\/32f6c9fa0e928c7513aa6cb8bf0b0df7.jpeg\",\"contentUrl\":\"https:\/\/siemysli-ke.info\/wp-content\/uploads\/2015\/02\/32f6c9fa0e928c7513aa6cb8bf0b0df7.jpeg\",\"width\":630,\"height\":399},{\"@type\":\"BreadcrumbList\",\"@id\":\"https:\/\/siemysli-ke.info\/en\/megalomania-w-kolorze-bialo-czerwonym\/#breadcrumb\",\"itemListElement\":[{\"@type\":\"ListItem\",\"position\":1,\"name\":\"Home\",\"item\":\"https:\/\/siemysli-ke.info\/en\/\"},{\"@type\":\"ListItem\",\"position\":2,\"name\":\"Megalomania w kolorze bia\u0142o-czerwonym\"}]},{\"@type\":\"WebSite\",\"@id\":\"https:\/\/siemysli-ke.info\/en\/#website\",\"url\":\"https:\/\/siemysli-ke.info\/en\/\",\"name\":\"SI\u0118 MY\u015aLI\",\"description\":\"\",\"publisher\":{\"@id\":\"https:\/\/siemysli-ke.info\/en\/#organization\"},\"potentialAction\":[{\"@type\":\"SearchAction\",\"target\":{\"@type\":\"EntryPoint\",\"urlTemplate\":\"https:\/\/siemysli-ke.info\/en\/?s={search_term_string}\"},\"query-input\":{\"@type\":\"PropertyValueSpecification\",\"valueRequired\":true,\"valueName\":\"search_term_string\"}}],\"inLanguage\":\"en-US\"},{\"@type\":\"Organization\",\"@id\":\"https:\/\/siemysli-ke.info\/en\/#organization\",\"name\":\"SI\u0118 MY\u015aLI\",\"url\":\"https:\/\/siemysli-ke.info\/en\/\",\"logo\":{\"@type\":\"ImageObject\",\"inLanguage\":\"en-US\",\"@id\":\"https:\/\/siemysli-ke.info\/en\/#\/schema\/logo\/image\/\",\"url\":\"https:\/\/siemysli-ke.info\/wp-content\/uploads\/2025\/05\/99.png\",\"contentUrl\":\"https:\/\/siemysli-ke.info\/wp-content\/uploads\/2025\/05\/99.png\",\"width\":270,\"height\":204,\"caption\":\"SI\u0118 MY\u015aLI\"},\"image\":{\"@id\":\"https:\/\/siemysli-ke.info\/en\/#\/schema\/logo\/image\/\"}},{\"@type\":\"Person\",\"@id\":\"https:\/\/siemysli-ke.info\/#\/schema\/person\/66d741fa745a44f2fe46d112bc6499f2\",\"name\":\"Jaromir\",\"image\":{\"@type\":\"ImageObject\",\"inLanguage\":\"en-US\",\"@id\":\"https:\/\/siemysli-ke.info\/en\/#\/schema\/person\/image\/\",\"url\":\"https:\/\/secure.gravatar.com\/avatar\/fe881559e8ac8dda20293e9e8317d4678c6ad8f65f85a9ce5e1a87cee56b6198?s=96&d=mm&r=g\",\"contentUrl\":\"https:\/\/secure.gravatar.com\/avatar\/fe881559e8ac8dda20293e9e8317d4678c6ad8f65f85a9ce5e1a87cee56b6198?s=96&d=mm&r=g\",\"caption\":\"Jaromir\"},\"url\":\"https:\/\/siemysli-ke.info\/en\/author\/jaromir\/\"}]}<\/script>\n<!-- \/ Yoast SEO plugin. -->","yoast_head_json":{"title":"Megalomania w kolorze bia\u0142o-czerwonym - SI\u0118 MY\u015aLI","robots":{"index":"index","follow":"follow","max-snippet":"max-snippet:-1","max-image-preview":"max-image-preview:large","max-video-preview":"max-video-preview:-1"},"canonical":"https:\/\/siemysli-ke.info\/en\/megalomania-w-kolorze-bialo-czerwonym\/","og_locale":"en_US","og_type":"article","og_title":"Megalomania w kolorze bia\u0142o-czerwonym - SI\u0118 MY\u015aLI","og_description":"&nbsp; &#8220;Jeden na jeden&#8221; &#8211; by\u0142y wiceminister i p.o. ministra obrony narodowej, Romuald Szeremietiew, grzmi o rosyjskiej agresji na polsk\u0105","og_url":"https:\/\/siemysli-ke.info\/en\/megalomania-w-kolorze-bialo-czerwonym\/","og_site_name":"SI\u0118 MY\u015aLI","article_published_time":"2015-02-19T21:07:18+00:00","article_modified_time":"2015-02-20T13:51:40+00:00","og_image":[{"width":630,"height":399,"url":"https:\/\/siemysli-ke.info\/wp-content\/uploads\/2015\/02\/32f6c9fa0e928c7513aa6cb8bf0b0df7.jpeg","type":"image\/jpeg"}],"author":"Jaromir","twitter_misc":{"Written by":"Jaromir","Est. reading time":"8 minutes"},"schema":{"@context":"https:\/\/schema.org","@graph":[{"@type":"Article","@id":"https:\/\/siemysli-ke.info\/en\/megalomania-w-kolorze-bialo-czerwonym\/#article","isPartOf":{"@id":"https:\/\/siemysli-ke.info\/en\/megalomania-w-kolorze-bialo-czerwonym\/"},"author":{"name":"Jaromir","@id":"https:\/\/siemysli-ke.info\/#\/schema\/person\/66d741fa745a44f2fe46d112bc6499f2"},"headline":"Megalomania w kolorze bia\u0142o-czerwonym","datePublished":"2015-02-19T21:07:18+00:00","dateModified":"2015-02-20T13:51:40+00:00","mainEntityOfPage":{"@id":"https:\/\/siemysli-ke.info\/en\/megalomania-w-kolorze-bialo-czerwonym\/"},"wordCount":1591,"commentCount":2,"publisher":{"@id":"https:\/\/siemysli-ke.info\/#organization"},"image":{"@id":"https:\/\/siemysli-ke.info\/en\/megalomania-w-kolorze-bialo-czerwonym\/#primaryimage"},"thumbnailUrl":"https:\/\/siemysli-ke.info\/wp-content\/uploads\/2015\/02\/32f6c9fa0e928c7513aa6cb8bf0b0df7.jpeg","keywords":["\"Gazeta Polska\"","\"Welt am Sonntag\"","Adam S\u0142omka","Aleksander Kwa\u015bniewski","Ba\u0142towie","breaking","Debalcewo","headline","hegemoni Unii Europejskiej","impet Kremla","Jaros\u0142aw Kaczy\u0144ski","Jerzy Giedroyc","Kij\u00f3w","ks. Isakowicz-Zaleski","Lele","Matka Kurka","Mi\u0119dzymorze","NATO","Polska","Pomara\u0144czowa Rewolucja","porozumienie w Mie\u0144sku","red. Tomasz Sakiewicz","Romuald Szeremietiew","Siergiej Szojgu","Tomasz Siemoniak","transformacja Balcerowicza","Ukraina","Ukraina nad przepa\u015bci\u0105","W\u0119grzy","Wiktor Orban","WSI"],"articleSection":["Gospodarka i polityka","Unia Europejska"],"inLanguage":"en-US","potentialAction":[{"@type":"CommentAction","name":"Comment","target":["https:\/\/siemysli-ke.info\/en\/megalomania-w-kolorze-bialo-czerwonym\/#respond"]}]},{"@type":"WebPage","@id":"https:\/\/siemysli-ke.info\/en\/megalomania-w-kolorze-bialo-czerwonym\/","url":"https:\/\/siemysli-ke.info\/en\/megalomania-w-kolorze-bialo-czerwonym\/","name":"Megalomania w kolorze bia\u0142o-czerwonym - SI\u0118 MY\u015aLI","isPartOf":{"@id":"https:\/\/siemysli-ke.info\/en\/#website"},"primaryImageOfPage":{"@id":"https:\/\/siemysli-ke.info\/en\/megalomania-w-kolorze-bialo-czerwonym\/#primaryimage"},"image":{"@id":"https:\/\/siemysli-ke.info\/en\/megalomania-w-kolorze-bialo-czerwonym\/#primaryimage"},"thumbnailUrl":"https:\/\/siemysli-ke.info\/wp-content\/uploads\/2015\/02\/32f6c9fa0e928c7513aa6cb8bf0b0df7.jpeg","datePublished":"2015-02-19T21:07:18+00:00","dateModified":"2015-02-20T13:51:40+00:00","breadcrumb":{"@id":"https:\/\/siemysli-ke.info\/en\/megalomania-w-kolorze-bialo-czerwonym\/#breadcrumb"},"inLanguage":"en-US","potentialAction":[{"@type":"ReadAction","target":[["https:\/\/siemysli-ke.info\/en\/megalomania-w-kolorze-bialo-czerwonym\/"]]}]},{"@type":"ImageObject","inLanguage":"en-US","@id":"https:\/\/siemysli-ke.info\/en\/megalomania-w-kolorze-bialo-czerwonym\/#primaryimage","url":"https:\/\/siemysli-ke.info\/wp-content\/uploads\/2015\/02\/32f6c9fa0e928c7513aa6cb8bf0b0df7.jpeg","contentUrl":"https:\/\/siemysli-ke.info\/wp-content\/uploads\/2015\/02\/32f6c9fa0e928c7513aa6cb8bf0b0df7.jpeg","width":630,"height":399},{"@type":"BreadcrumbList","@id":"https:\/\/siemysli-ke.info\/en\/megalomania-w-kolorze-bialo-czerwonym\/#breadcrumb","itemListElement":[{"@type":"ListItem","position":1,"name":"Home","item":"https:\/\/siemysli-ke.info\/en\/"},{"@type":"ListItem","position":2,"name":"Megalomania w kolorze bia\u0142o-czerwonym"}]},{"@type":"WebSite","@id":"https:\/\/siemysli-ke.info\/en\/#website","url":"https:\/\/siemysli-ke.info\/en\/","name":"SI\u0118 MY\u015aLI","description":"","publisher":{"@id":"https:\/\/siemysli-ke.info\/en\/#organization"},"potentialAction":[{"@type":"SearchAction","target":{"@type":"EntryPoint","urlTemplate":"https:\/\/siemysli-ke.info\/en\/?s={search_term_string}"},"query-input":{"@type":"PropertyValueSpecification","valueRequired":true,"valueName":"search_term_string"}}],"inLanguage":"en-US"},{"@type":"Organization","@id":"https:\/\/siemysli-ke.info\/en\/#organization","name":"SI\u0118 MY\u015aLI","url":"https:\/\/siemysli-ke.info\/en\/","logo":{"@type":"ImageObject","inLanguage":"en-US","@id":"https:\/\/siemysli-ke.info\/en\/#\/schema\/logo\/image\/","url":"https:\/\/siemysli-ke.info\/wp-content\/uploads\/2025\/05\/99.png","contentUrl":"https:\/\/siemysli-ke.info\/wp-content\/uploads\/2025\/05\/99.png","width":270,"height":204,"caption":"SI\u0118 MY\u015aLI"},"image":{"@id":"https:\/\/siemysli-ke.info\/en\/#\/schema\/logo\/image\/"}},{"@type":"Person","@id":"https:\/\/siemysli-ke.info\/#\/schema\/person\/66d741fa745a44f2fe46d112bc6499f2","name":"Jaromir","image":{"@type":"ImageObject","inLanguage":"en-US","@id":"https:\/\/siemysli-ke.info\/en\/#\/schema\/person\/image\/","url":"https:\/\/secure.gravatar.com\/avatar\/fe881559e8ac8dda20293e9e8317d4678c6ad8f65f85a9ce5e1a87cee56b6198?s=96&d=mm&r=g","contentUrl":"https:\/\/secure.gravatar.com\/avatar\/fe881559e8ac8dda20293e9e8317d4678c6ad8f65f85a9ce5e1a87cee56b6198?s=96&d=mm&r=g","caption":"Jaromir"},"url":"https:\/\/siemysli-ke.info\/en\/author\/jaromir\/"}]}},"_links":{"self":[{"href":"https:\/\/siemysli-ke.info\/en\/wp-json\/wp\/v2\/posts\/15084","targetHints":{"allow":["GET"]}}],"collection":[{"href":"https:\/\/siemysli-ke.info\/en\/wp-json\/wp\/v2\/posts"}],"about":[{"href":"https:\/\/siemysli-ke.info\/en\/wp-json\/wp\/v2\/types\/post"}],"author":[{"embeddable":true,"href":"https:\/\/siemysli-ke.info\/en\/wp-json\/wp\/v2\/users\/7"}],"replies":[{"embeddable":true,"href":"https:\/\/siemysli-ke.info\/en\/wp-json\/wp\/v2\/comments?post=15084"}],"version-history":[{"count":0,"href":"https:\/\/siemysli-ke.info\/en\/wp-json\/wp\/v2\/posts\/15084\/revisions"}],"wp:featuredmedia":[{"embeddable":true,"href":"https:\/\/siemysli-ke.info\/en\/wp-json\/wp\/v2\/media\/15086"}],"wp:attachment":[{"href":"https:\/\/siemysli-ke.info\/en\/wp-json\/wp\/v2\/media?parent=15084"}],"wp:term":[{"taxonomy":"category","embeddable":true,"href":"https:\/\/siemysli-ke.info\/en\/wp-json\/wp\/v2\/categories?post=15084"},{"taxonomy":"post_tag","embeddable":true,"href":"https:\/\/siemysli-ke.info\/en\/wp-json\/wp\/v2\/tags?post=15084"}],"curies":[{"name":"wp","href":"https:\/\/api.w.org\/{rel}","templated":true}]}}