 {"id":14952,"date":"2015-02-12T13:20:52","date_gmt":"2015-02-12T12:20:52","guid":{"rendered":"http:\/\/www.siemysli.info.ke\/?p=14952"},"modified":"2015-02-14T02:07:49","modified_gmt":"2015-02-14T01:07:49","slug":"samouwlaszczenie-czy-jest-dzis-mozliwe","status":"publish","type":"post","link":"https:\/\/siemysli-ke.info\/en\/samouwlaszczenie-czy-jest-dzis-mozliwe\/","title":{"rendered":"Samouw\u0142aszczenie &#8211; czy to jest dzi\u015b mo\u017cliwe?"},"content":{"rendered":"<p><a href=\"http:\/\/www.siemysli.info.ke\/wp-content\/uploads\/2015\/02\/praca-znajduje-sie-na-rogu-ulic-\u015bw.-Marcin-i-Dworcowej-w-Poznaniu.jpg\" rel=\"lightbox[14952]\"><img decoding=\"async\" class=\"alignleft size-medium wp-image-14978\" src=\"http:\/\/www.siemysli.info.ke\/wp-content\/uploads\/2015\/02\/praca-znajduje-sie-na-rogu-ulic-\u015bw.-Marcin-i-Dworcowej-w-Poznaniu-300x176.jpg\" alt=\"praca znajduje sie na rogu ulic \u015bw. Marcin i Dworcowej, w Poznaniu\" width=\"300\" height=\"176\" srcset=\"https:\/\/siemysli-ke.info\/wp-content\/uploads\/2015\/02\/praca-znajduje-sie-na-rogu-ulic-\u015bw.-Marcin-i-Dworcowej-w-Poznaniu-300x176.jpg 300w, https:\/\/siemysli-ke.info\/wp-content\/uploads\/2015\/02\/praca-znajduje-sie-na-rogu-ulic-\u015bw.-Marcin-i-Dworcowej-w-Poznaniu.jpg 952w\" sizes=\"(max-width: 300px) 100vw, 300px\" \/><\/a><em>Wiedz\u0119 powinni\u015bmy czerpa\u0107 z ka\u017cdego mo\u017cliwego miejsca. <strong>Dzi\u0119ki temu, \u017ce oduczono nas otwarto\u015bci i pluralizmu, nar\u00f3d zamkn\u0105\u0142 si\u0119 w swych klatkach my\u015blowych.<\/strong><\/em><\/p>\n<p>&nbsp;<\/p>\n<p style=\"text-align: justify;\"><em>Przedstawiam kolejny tekst, reprezentuj\u0105cy \u015brodowiska, kt\u00f3re nie s\u0105 mi bliskie ideowo, ale w obliczu upadku naszej wsp\u00f3lnej Ojczyzny &#8211; ka\u017cdy pomys\u0142, my\u015bl, koncepcja powinny mie\u0107 szanse na uwag\u0119.<\/em><\/p>\n<p>&nbsp;<\/p>\n<p style=\"text-align: right;\"><strong>Roman Boryczko<\/strong><\/p>\n<p><span style=\"color: #333333;\"><span style=\"font-family: Arial, Helvetica, sans-serif;\"><span style=\"font-size: small;\">\u00a0<\/span><\/span><\/span><\/p>\n<p style=\"text-align: justify;\"><span style=\"color: #333333;\"><span style=\"font-family: Arial, Helvetica, sans-serif;\"><span style=\"font-size: small;\">Samouw\u0142aszczenie w dobie przej\u0119tego prawie ca\u0142ego maj\u0105tku narodowego, kt\u00f3ry trafi\u0142 w obce r\u0119ce za bezcen, nie jest mo\u017cliwe. Mo\u017cliwa jest nacjonalizacja obcego kapita\u0142u lub renegocjacje bandyckich um\u00f3w sprzeda\u017cy i wyprowadzania polskiego maj\u0105tku za granic\u0119. Problem le\u017cy w tym, \u017ce m\u00f3wimy wtedy o&#8230; rewolucji &#8211; tak na ulicach jak w ludzkich g\u0142owach! A na to chyba Polacy, og\u0142upiani przez lata, g\u0142\u00f3wnie <em>mass-mediami<\/em>\u00a0i testowym szkolnictwem z USA rodem, nie s\u0105 jeszcze gotowi. <strong>\u017by\u0107 godnie we w\u0142asnym kraju &#8211; brzmi pi\u0119knie!<\/strong><\/span><\/span><\/span><\/p>\n<p style=\"text-align: justify;\"><span style=\"color: #333333;\"><span style=\"font-family: tahoma, arial, 'Microsoft Sans Serif', 'DejaVu Sans Mono', OpenSans, verdana;\"><span style=\"font-size: small;\">Samouw\u0142aszczenie narodu polskiego jako spos\u00f3b obrony przed sabota\u017cem w\u0142adz pa\u0144stwowych, bezrobociem, n\u0119dz\u0105 i brakiem kapita\u0142u, dla polskich fabryk, kopal\u0144, elektrowni i strategicznych przedsi\u0119biorstw, kt\u00f3re przez prywatyzacj\u0119 ukradziono Narodowi Polskiemu.<\/span><\/span><\/span><\/p>\n<p style=\"text-align: justify;\"><span style=\"color: #333333;\"><span style=\"font-family: tahoma, arial, 'Microsoft Sans Serif', 'DejaVu Sans Mono', OpenSans, verdana;\"><span style=\"font-size: small;\"><strong>WST\u0118P<\/strong><\/span><\/span><\/span><\/p>\n<p style=\"text-align: justify;\" align=\"justify\"><span style=\"color: #333333;\"><span style=\"font-family: tahoma, arial, 'Microsoft Sans Serif', 'DejaVu Sans Mono', OpenSans, verdana;\"><span style=\"font-size: small;\">Po 4. czerwca 1989 roku dokona\u0142a si\u0119 w Polsce przemiana ustrojowa z socjalistyczno-komunistycznego na ustr\u00f3j kapitalistyczny. Ustr\u00f3j socjalistyczny charakteryzowa\u0142 si\u0119 w miar\u0119 r\u00f3wnym ub\u00f3stwem wszystkich obywateli i bogat\u0105, monopolistyczn\u0105 w\u0142asno\u015bci\u0105 pa\u0144stwow\u0105 \u2013 w imieniu kt\u00f3rego wyst\u0119powa\u0142a jako w\u0142a\u015bciciel w\u0142adza partii rz\u0105dz\u0105cej &#8211; PZPR. W wyniku oszuka\u0144czego przej\u0119cia przez w\u0105sk\u0105 grup\u0119 spo\u0142eczn\u0105: nomenklatur\u0119 krajow\u0105 i zagraniczn\u0105, pa\u0144stwowego maj\u0105tku \u2013 czyli, jak m\u00f3wi\u0142a \u00f3wczesna Konstytucja &#8211; Maj\u0105tku Og\u00f3lnonarodowego, przepoczwarzono socjalizm w najgorsz\u0105 form\u0119 ustroju kapitalistycznego, tzw. kapitalizm oligarchiczny, cechuj\u0105cy si\u0119 tym, \u017ce w\u0105ska grupa ludzi (ok. 1,5%) jest ponad miar\u0119 niewyobra\u017calnie bogata, a wi\u0119kszo\u015b\u0107 obywateli jest biedna lub \u017cyje na kraw\u0119dzi ub\u00f3stwa nieraz wi\u0119kszego, ni\u017c w socjalizmie. System oligarchiczny cechuje brak lub s\u0142abo\u015b\u0107 klasy \u015bredniej, kt\u00f3ra jest cz\u0119\u015bci\u0105 spo\u0142ecze\u0144stwa najbardziej patriotyczn\u0105, \u015bwiadom\u0105 i zwi\u0105zan\u0105 z Narodem. Obecna w\u0142adza oligarchiczna dla dominacji utrzymuje w ryzach spo\u0142ecze\u0144stwo, pod pozorem przemian ekonomicznych. Utrudnia przedsi\u0119biorczo\u015b\u0107, odbiera ludziom prac\u0119, likwiduje zak\u0142ady przetw\u00f3rcze i systemowo utrzymuje niski poziom p\u0142ac. Os\u0142abia pa\u0144stwo gospodarczo, politycznie i wojskowo, odbiera zdobycze socjalne.<\/span><\/span><\/span><\/p>\n<p style=\"text-align: justify;\" align=\"justify\"><span style=\"color: #333333;\"><span style=\"font-family: tahoma, arial, 'Microsoft Sans Serif', 'DejaVu Sans Mono', OpenSans, verdana;\"><span style=\"font-size: small;\">Taka niesprawiedliwa przemiana ustrojowa z socjalizmu w oligarchi\u0119 jest bezprawna i nielegalna. Jest dzia\u0142alno\u015bci\u0105 kryminaln\u0105 i przest\u0119pcz\u0105, nie powinna by\u0107 zaakceptowana przez polskie spo\u0142ecze\u0144stwo. Stan ten domaga si\u0119 politycznego sprzeciwu, obywatelskiego niepos\u0142usze\u0144stwa a nawet buntu. Nie jest to tak oczekiwany Rz\u0105d Narodowy.<\/span><\/span><\/span><\/p>\n<p style=\"text-align: justify;\" align=\"justify\"><span style=\"color: #333333;\"><span style=\"font-family: tahoma, arial, 'Microsoft Sans Serif', 'DejaVu Sans Mono', OpenSans, verdana;\"><span style=\"font-size: small;\">W 1850 r. filozof Frederic Bastiat w opracowaniu <em>Prawo<\/em> og\u0142osi\u0142: \u201eCz\u0142owiek, aby m\u00f3g\u0142 istnie\u0107 i rozwija\u0107 si\u0119 na Ziemi, musi posiada\u0107 naturalne prawa nadane nam przez Stw\u00f3rc\u0119, s\u0105 to:<\/span><\/span><\/span><\/p>\n<p style=\"text-align: justify;\" align=\"justify\"><span style=\"color: #333333;\"><span style=\"font-family: tahoma, arial, 'Microsoft Sans Serif', 'DejaVu Sans Mono', OpenSans, verdana;\"><span style=\"font-size: small;\">1. Prawo do \u017cycia i swobodnego dzia\u0142ania dla utrzymania siebie i swojej rodziny.<\/span><\/span><\/span><\/p>\n<p style=\"text-align: justify;\" align=\"justify\"><span style=\"color: #333333;\"><span style=\"font-family: tahoma, arial, 'Microsoft Sans Serif', 'DejaVu Sans Mono', OpenSans, verdana;\"><span style=\"font-size: small;\">2. Prawo do swojej w\u0142asno\u015bci \u2013 pod warunkiem, \u017ce korzystaj\u0105c z nich nie pozbawia si\u0119 tych praw innych.<\/span><\/span><\/span><\/p>\n<p style=\"text-align: justify;\" align=\"justify\"><span style=\"color: #333333;\"><span style=\"font-family: tahoma, arial, 'Microsoft Sans Serif', 'DejaVu Sans Mono', OpenSans, verdana;\"><span style=\"font-size: small;\">3. W obronie tych praw cz\u0142owiek ma prawo do u\u017cycia si\u0142y fizycznej.\u201d<\/span><\/span><\/span><\/p>\n<p style=\"text-align: justify;\" align=\"justify\"><span style=\"color: #333333;\"><span style=\"font-family: tahoma, arial, 'Microsoft Sans Serif', 'DejaVu Sans Mono', OpenSans, verdana;\"><span style=\"font-size: small;\">Jest to tzw. <strong>prawo do obrony koniecznej<\/strong>, uznane przez wszystkie kodeksy demokratycznych pa\u0144stw.<\/span><\/span><\/span><\/p>\n<p style=\"text-align: justify;\" align=\"justify\"><span style=\"color: #333333;\"><span style=\"font-family: tahoma, arial, 'Microsoft Sans Serif', 'DejaVu Sans Mono', OpenSans, verdana;\"><span style=\"font-size: small;\">W kapitalizmie kapita\u0142em nie jest tylko pieni\u0105dz, b\u0119d\u0105cy got\u00f3wk\u0105, ale g\u0142\u00f3wnie ziemia i nieruchomo\u015bci na tej ziemi oraz zak\u0142ady pracy daj\u0105ce zysk. O jej zdobycie idzie najwi\u0119ksza walka pomi\u0119dzy uczestnikami gry kapita\u0142owej. Nam, Polakom, odebrano szans\u0119 na kapitalistyczny sukces, cho\u0107 jako jedyni w obozie socjalistycznym byli\u015bmy najbardziej praktycznie przygotowani do kapitalizmu. Tylko w Polsce by\u0142a powszechna obywatelska prywatna inicjatywa, umieli\u015bmy handlowa\u0107 nawet w czasach z\u0142owrogiej komuny, nie dali\u015bmy si\u0119 podporz\u0105dkowa\u0107 komunistycznym przepisom, stale kombinowali\u015bmy aby w miar\u0119 godnie przetrwa\u0107 ten z\u0142owrogi ustr\u00f3j. Jednak od 1989 roku mi\u0119dzynarodowi kapitali\u015bci i rodzima okr\u0105g\u0142osto\u0142owa nomenklatura przebiegle nas oszuka\u0142a. Rozgrabili Pa\u0144stwo Polskie z maj\u0105tku produkcyjnego, a nas, obywateli &#8211; z kapita\u0142u. Dopiero teraz rozumiemy, co si\u0119 dzieje, dlaczego jest nam coraz gorzej.<\/span><\/span><\/span><\/p>\n<p style=\"text-align: justify;\" align=\"justify\"><span style=\"color: #333333;\"><span style=\"font-family: tahoma, arial, 'Microsoft Sans Serif', 'DejaVu Sans Mono', OpenSans, verdana;\"><span style=\"font-size: small;\"><strong>Obecny kapitalizm jest fa\u0142szywym ustrojem demokratycznym, w kt\u00f3rym ma si\u0119 tyle praw, ile zdo\u0142a si\u0119 si\u0142\u0105 obroni\u0107.\u00a0Jest to demokracja bez solidaryzmu spo\u0142ecznego, czyli zaprzeczenie demokracji.<\/strong> Broni\u0107 swoich praw nale\u017cy:<\/span><\/span><\/span><\/p>\n<p style=\"text-align: justify;\" align=\"justify\"><span style=\"color: #333333;\"><span style=\"font-family: tahoma, arial, 'Microsoft Sans Serif', 'DejaVu Sans Mono', OpenSans, verdana;\"><span style=\"font-size: small;\">1. Metodami politycznymi, czyli poprzez swoich reprezentant\u00f3w w Sejmie i Senacie.<\/span><\/span><\/span><\/p>\n<p style=\"text-align: justify;\" align=\"justify\"><span style=\"color: #333333;\"><span style=\"font-family: tahoma, arial, 'Microsoft Sans Serif', 'DejaVu Sans Mono', OpenSans, verdana;\"><span style=\"font-size: small;\">2. Broni\u0107 mo\u017cna si\u0119 fizycznie w \u201eramach obrony koniecznej\u201d w zorganizowanym zwi\u0105zku, zajmuj\u0105c zak\u0142ady pracy, a\u017c w\u0142adza ust\u0105pi i zgodzi si\u0119 na nasze \u017c\u0105dania. Obecne zwi\u0105zki zawodowe ju\u017c dawno zdradzi\u0142y robotnik\u00f3w i nie reprezentuj\u0105 interesu pracowniczego a jedynie pozoruj\u0105 ich obron\u0119.<\/span><\/span><\/span><\/p>\n<p style=\"text-align: justify;\" align=\"justify\"><span style=\"color: #333333;\"><span style=\"font-family: tahoma, arial, 'Microsoft Sans Serif', 'DejaVu Sans Mono', OpenSans, verdana;\"><span style=\"font-size: small;\">3. Ka\u017cda z tych metod jest legalna, je\u017celi nie doprowadza do rozlewu krwi.<\/span><\/span><\/span><\/p>\n<p style=\"text-align: justify;\" align=\"left\"><span style=\"color: #333333;\"><span style=\"font-family: tahoma, arial, 'Microsoft Sans Serif', 'DejaVu Sans Mono', OpenSans, verdana;\"><span style=\"font-size: small;\"><strong>POWSZECHNE UW\u0141ASZCZENIE<\/strong><\/span><\/span><\/span><\/p>\n<p style=\"text-align: justify;\" align=\"justify\"><span style=\"color: #333333;\"><span style=\"font-family: tahoma, arial, 'Microsoft Sans Serif', 'DejaVu Sans Mono', OpenSans, verdana;\"><span style=\"font-size: small;\">Uczciwe przej\u015bcie z socjalizmu w kapitalizm obywatelski powinno si\u0119 odby\u0107 przez Powszechne Uw\u0142aszczenie czyli w miar\u0119 r\u00f3wne przekazanie spo\u0142ecze\u0144stwu prawa w\u0142asno\u015bci do cz\u0119\u015b\u0107 maj\u0105tku pa\u0144stwowego, kt\u00f3ry zosta\u0142 przez to spo\u0142ecze\u0144stwo wypracowany. Jest to dokapitalizowanie spo\u0142ecze\u0144stwa, dla osi\u0105gni\u0119cia ustroju politycznego <strong>kapitalizmu obywatelskiego<\/strong>. Uzyskuje si\u0119 je poprzez przekazanie ka\u017cdemu obywatelowi w formie aktu w\u0142asno\u015bci cz\u0119\u015bci maj\u0105tku og\u00f3lnonarodowego, takiego, kt\u00f3ry nadaje si\u0119 do zarz\u0105dzania przez obywatela indywidualnie czy rodzinnie, jak: mieszkania, lokale us\u0142ugowe, ziemia itd\u2026 lub nadaje si\u0119 do zarz\u0105dzania zespo\u0142owego (akcyjnego), jak przedsi\u0119biorstwa, niestrategiczne fabryki, banki, przetw\u00f3rnie itd.<\/span><\/span><\/span><\/p>\n<p style=\"text-align: justify;\" align=\"justify\"><span style=\"color: #333333;\"><span style=\"font-family: tahoma, arial, 'Microsoft Sans Serif', 'DejaVu Sans Mono', OpenSans, verdana;\"><span style=\"font-size: small;\">Nale\u017cno\u015b\u0107 uw\u0142aszczeniowa na jednego obywatela wg oblicze\u0144 w latach 1989-1995 r. wynosi\u0142a oko\u0142o 10 000 dolar\u00f3w czyli oko\u0142o 40 000 z\u0142otych lub 50 000 dolar\u00f3w na osob\u0119 w latach 2005-2012 po uwzgl\u0119dnieni ceny ziemi. T\u0119 Koncepcj\u0119 Powszechnego Akcjonariatu od 1991 r. g\u0142osi Polski Ruch Uw\u0142aszczeniowy, w tej sprawie odby\u0142o si\u0119 18. lutego 1996 r. Krajowe Referendum Uw\u0142aszczeniowe. Jednak w\u0142adze, kt\u00f3re rz\u0105dz\u0105 od tego czasu Polsk\u0105, nie chcia\u0142y si\u0119 podzieli\u0107 sprawiedliwie z Narodem Polskim, tylko tworzy\u0142y zb\u00f3jeckie prawo, pozwalaj\u0105ce w jego majestacie ograbia\u0107 Nar\u00f3d i Pa\u0144stwo Polskie. Nar\u00f3d wi\u0119c powinien skorzysta\u0107 z drugiej formy obrony, czyli obrony fizycznej w zorganizowanym zwi\u0105zku, dla wymuszenia na w\u0142adzy ust\u0105pienie z dotychczasowej niszcz\u0105cej ludzi polityki a nawet t\u0119 w\u0142adz\u0119 zmieni\u0107 na Rz\u0105d Narodowy, czyli taki rz\u0105d, kt\u00f3ry dzia\u0142a w interesie Pa\u0144stwa i Narodu Polskiego.<\/span><\/span><\/span><\/p>\n<p style=\"text-align: justify;\" align=\"justify\"><span style=\"color: #333333;\"><span style=\"font-family: tahoma, arial, 'Microsoft Sans Serif', 'DejaVu Sans Mono', OpenSans, verdana;\"><span style=\"font-size: small;\">W obecnych warunkach sposobem obrony przed likwidowaniem miejsc pracy i \u017ar\u00f3de\u0142 utrzymania swojej rodziny jest samouw\u0142aszczenie, gdy\u017c inne oddzia\u0142ywania na w\u0142adze nie przynios\u0142y poprawy. Potwierdzi\u0142o si\u0119, na podstawie skutk\u00f3w ich dzia\u0142a\u0144, \u017ce w\u0142adza PO i PSL jest nielojalna wobec Narodu i Pa\u0144stwa Polskiego, bardziej przypomina rz\u0105d okupacyjny ni\u017c rz\u0105d suwerennego kraju.<\/span><\/span><\/span><\/p>\n<p style=\"text-align: justify;\" align=\"justify\"><span style=\"color: #333333;\"><span style=\"font-family: tahoma, arial, 'Microsoft Sans Serif', 'DejaVu Sans Mono', OpenSans, verdana;\"><span style=\"font-size: small;\">Samouw\u0142aszczenie polega na przej\u0119ciu przez zorganizowan\u0105 za\u0142og\u0119 (poza obecnym prawem lub zgodnie z tym prawem, albo wed\u0142ug prawa naturalnego) przedsi\u0119biorstwa produkcyjnego, fabryki, banku czy przetw\u00f3rni, jako mienia porzuconego przez pa\u0144stwo, nast\u0119pnie wykonuj\u0105c\u0105 prac\u0119 na w\u0142asne konto, tak jak to robi w\u0142a\u015bciciel. Nie mo\u017cna inaczej przeciwstawi\u0107 si\u0119 sprzedawaniu obcym maj\u0105tku pa\u0144stwowego za 1,5% warto\u015bci lub nawet jeszcze do tego maj\u0105tku dop\u0142acenie.<\/span><\/span><\/span><\/p>\n<p style=\"text-align: justify;\" align=\"justify\"><span style=\"color: #333333;\"><span style=\"font-family: tahoma, arial, 'Microsoft Sans Serif', 'DejaVu Sans Mono', OpenSans, verdana;\"><span style=\"font-size: small;\">W samouw\u0142aszczeniu nale\u017cy wykorzysta\u0107 <em>Kodeks handlowy<\/em> (dzia\u0142 XII \u2013 <em>Sp\u00f3\u0142ka akcyjna<\/em>). Na tej zasadzie wybra\u0107 w\u0142adze sp\u00f3\u0142ki i menad\u017cer\u00f3w. Samouw\u0142aszczenie jest no\u015bne spo\u0142ecznie dla zdesperowanych ju\u017c za\u0142\u00f3g i spowoduje narastaj\u0105c\u0105 lawin\u0119 samouw\u0142aszcze\u0144 niemo\u017cliw\u0105 do zatrzymania przez nieprzychylne ludowi w\u0142adze lub strajk generalny, mog\u0105cy t\u0119 przest\u0119pcz\u0105 w\u0142adz\u0119 obali\u0107 i zaprowadzi\u0107 porz\u0105dek oraz uw\u0142aszczenie. Wywo\u0142a to zgodnie z prawami demokracji przej\u0119cie w\u0142adzy w przy\u015bpieszonych wyborach przez si\u0142y polityczne, dzia\u0142aj\u0105ce w interesie Narodu Polskiego.<\/span><\/span><\/span><\/p>\n<p style=\"text-align: justify;\" align=\"left\"><span style=\"color: #333333;\"><span style=\"font-family: tahoma, arial, 'Microsoft Sans Serif', 'DejaVu Sans Mono', OpenSans, verdana;\"><span style=\"font-size: small;\"><strong>PORZ\u0104DEK SAMOUW\u0141ASZCZENIA<\/strong><\/span><\/span><\/span><\/p>\n<p style=\"text-align: justify;\" align=\"justify\"><span style=\"color: #333333;\"><span style=\"font-family: tahoma, arial, 'Microsoft Sans Serif', 'DejaVu Sans Mono', OpenSans, verdana;\"><span style=\"font-size: small;\">1. Podj\u0105\u0107 przez za\u0142og\u0119 wi\u0119kszo\u015bci\u0105 g\u0142os\u00f3w decyzj\u0119 o samodzielnym uw\u0142aszczeniu si\u0119 za\u0142ogi na w\u0142asnym zak\u0142adzie pracy. G\u0142osy poparcia potwierdzi\u0107 podpisem.<\/span><\/span><\/span><\/p>\n<p style=\"text-align: justify;\" align=\"justify\"><span style=\"color: #333333;\"><span style=\"font-family: tahoma, arial, 'Microsoft Sans Serif', 'DejaVu Sans Mono', OpenSans, verdana;\"><span style=\"font-size: small;\">2. Wybra\u0107 spo\u015br\u00f3d za\u0142ogi popieraj\u0105cej uw\u0142aszczenie, Samorz\u0105d Robotniczy w liczbie do 21 os\u00f3b i kilkuosobow\u0105 Zak\u0142adow\u0105 Rad\u0119 Uw\u0142aszczeniow\u0105. Wybiera\u0107 nale\u017cy ludzi m\u0105drych, spo\u0142ecznik\u00f3w i wykszta\u0142conych.<\/span><\/span><\/span><\/p>\n<p style=\"text-align: justify;\" align=\"justify\"><span style=\"color: #333333;\"><span style=\"font-family: tahoma, arial, 'Microsoft Sans Serif', 'DejaVu Sans Mono', OpenSans, verdana;\"><span style=\"font-size: small;\">3. Samorz\u0105d Robotniczy i Rada Uw\u0142aszczeniowa na podstawie decyzji za\u0142ogi przejmuje zak\u0142ad w zarz\u0105d komisaryczny i ustanawia now\u0105 ochron\u0119 zak\u0142adu, wydaje nowe przepustki, zwalnia na czas nieokre\u015blony osoby mog\u0105ce szkodzi\u0107 zak\u0142adowi lub procesowi przemiany w\u0142asno\u015bciowej. Ustanawia nowa dyrekcj\u0119 \u015bci\u0105gaj\u0105c do zak\u0142adu by\u0142ych pracownik\u00f3w i specjalist\u00f3w. Zabezpiecza ci\u0105g\u0142o\u015b\u0107 produkcyjn\u0105 i na stanowiska ustala ludzi odpowiednich do nowej sytuacji. Wysy\u0142a na urlopy postojowe tych pracownik\u00f3w, kt\u00f3rzy s\u0105 przeciwnikami lub dzia\u0142ali by szkodliwie dla samouw\u0142aszczeniu.<\/span><\/span><\/span><\/p>\n<p style=\"text-align: justify;\" align=\"justify\"><span style=\"color: #333333;\"><span style=\"font-family: tahoma, arial, 'Microsoft Sans Serif', 'DejaVu Sans Mono', OpenSans, verdana;\"><span style=\"font-size: small;\">4. Zak\u0142adowa Rada Uw\u0142aszczeniowa przeprowadza og\u00f3ln\u0105 wycen\u0119 warto\u015bci zak\u0142adu, inwentaryzuje aktywa i nieruchomo\u015bci, ujawnia zad\u0142u\u017cenia i inne aktywa zak\u0142adu. Negocjuje najpilniejszych wierzycieli, jak dostawc\u00f3w pr\u0105du, wody i materia\u0142\u00f3w produkcyjnych itp. Nowa Dyrekcja organizuje podtrzymanie produkcji i sposoby utrzymania dochodu zak\u0142adu a nawet system zap\u0142aty w wytwarzanym towarze.<\/span><\/span><\/span><\/p>\n<p style=\"text-align: justify;\" align=\"justify\"><span style=\"color: #333333;\"><span style=\"font-family: tahoma, arial, 'Microsoft Sans Serif', 'DejaVu Sans Mono', OpenSans, verdana;\"><span style=\"font-size: small;\">5. Na podstawie wyceny i inwentaryzacji Rada wytwarza dokumenty uw\u0142aszczeniowe (w\u0142a\u015bcicielskie), nadaj\u0105ce ka\u017cdemu pracownikowi udzia\u0142 w zak\u0142adzie na od 40 000 do 100 000 z\u0142. i po 20 000 do 50 000 z\u0142 dla cz\u0142onk\u00f3w rodzin, tak aby zak\u0142ad sta\u0142 si\u0119 ponad 51% w\u0142asno\u015bci\u0105 za\u0142ogi. Dla os\u00f3b przeciwnych uw\u0142aszczeniu wyda si\u0119 akty w\u0142a\u015bcicielskie o okresie p\u00f3\u017aniejszym i 50% zmniejszone. Dokumenty podpisuje Zak\u0142adowa Rada Uw\u0142aszczeniowa.<\/span><\/span><\/span><\/p>\n<p style=\"text-align: justify;\" align=\"justify\"><span style=\"color: #333333;\"><span style=\"font-family: tahoma, arial, 'Microsoft Sans Serif', 'DejaVu Sans Mono', OpenSans, verdana;\"><span style=\"font-size: small;\">6. Zobowi\u0105zania wobec pa\u0144stwa i bank\u00f3w nale\u017cy podzieli\u0107 na sprawiedliwe i niesprawiedliwe. W pierwszej kolejno\u015bci realizowa\u0107 zobowi\u0105zania sprawiedliwe. Niesprawiedliwe zad\u0142u\u017cenie czyli wywo\u0142ane przez \u015bwiadome dzia\u0142ania poprzednich w\u0142adz zak\u0142adu b\u0119d\u0105cych nieraz w zmowie z bankami czy w\u0142adz\u0105 pa\u0144stwow\u0105 nale\u017cy negocjowa\u0107 a nawet odrzuci\u0107. Nie nale\u017cy liczy\u0107 na sprawiedliwo\u015b\u0107 s\u0105d\u00f3w, bo s\u0105d Okr\u0119gowy w Warszawie dotychczas rozpatruj\u0105cy zarzuty prywatyzacyjne z rz\u0105dowego polecenia umarza sprawy na niekorzy\u015b\u0107 za\u0142ogi.<\/span><\/span><\/span><\/p>\n<p style=\"text-align: justify;\" align=\"justify\"><span style=\"color: #333333;\"><span style=\"font-family: tahoma, arial, 'Microsoft Sans Serif', 'DejaVu Sans Mono', OpenSans, verdana;\"><span style=\"font-size: small;\">7. Nale\u017cy zach\u0119ci\u0107 kooperuj\u0105ce zak\u0142ady do \u201esamouw\u0142aszczenia\u201d aby utworzy\u0107 zamkni\u0119ty \u0142a\u0144cuch kooperacyjny i uniezale\u017cni\u0107 si\u0119 od z\u0142ego systemu bankowego. W pocz\u0105tkowym okresie prowadzi\u0107 rozliczenia towarowo-pieni\u0119\u017cne i pensje wyp\u0142aca\u0107 w sprzedawalnym towarze, czyli w naturze. Je\u017celi to jest mo\u017cliwe to wyp\u0142aca pensje sprzedawalnym rynkowo towarze kooperanta.<\/span><\/span><\/span><\/p>\n<p style=\"text-align: justify;\" align=\"justify\"><span style=\"color: #333333;\"><span style=\"font-family: tahoma, arial, 'Microsoft Sans Serif', 'DejaVu Sans Mono', OpenSans, verdana;\"><span style=\"font-size: small;\">8. Podnie\u015b\u0107 pensje netto dla pracownik\u00f3w w przedzia\u0142ach 2200 z\u0142, 2600 z\u0142, 3000 z\u0142 netto a kierownicze maks. 5000 z\u0142. Pensje g\u00f3rne nie mog\u0105 by\u0107 za wysokie, aby nie by\u0142o to jak jest obecnie, \u017ce bardzo wysokie pensje kierownictwa s\u0105 wyprowadzaniem zysku z kasy zak\u0142adu i wp\u0142acane w du\u017cej cz\u0119\u015bci na fundusz wyborczy partii, kt\u00f3ra na to stanowisko ich wyznaczy\u0142a. Pensje pracownicze podnosi\u0107 w miar\u0119 wzrostu dochodu zak\u0142adu.<\/span><\/span><\/span><\/p>\n<p style=\"text-align: justify;\" align=\"left\"><span style=\"color: #333333;\"><span style=\"font-family: tahoma, arial, 'Microsoft Sans Serif', 'DejaVu Sans Mono', OpenSans, verdana;\"><span style=\"font-size: small;\"><strong>PODSUMOWANIE<\/strong><\/span><\/span><\/span><\/p>\n<p style=\"text-align: justify;\" align=\"justify\"><span style=\"color: #333333;\"><span style=\"font-family: tahoma, arial, 'Microsoft Sans Serif', 'DejaVu Sans Mono', OpenSans, verdana;\"><span style=\"font-size: small;\">Fala samouw\u0142aszcze\u0144 kolejnych zak\u0142ad\u00f3w pracy, kopal\u0144 itp., wywo\u0142a w pa\u0144stwie ruch spo\u0142eczny, kt\u00f3ry dotrze ze zmianami do wszystkich dziedzin spo\u0142eczno-politycznych pa\u0144stwa. Inne grupy spo\u0142eczne i zawodowe kr\u0119powane w rozwoju szkodliwymi i idiotycznymi zarz\u0105dzeniami rz\u0105dowymi, przepisami uci\u0105\u017cliwymi spo\u0142ecznie te\u017c si\u0119 oburz\u0105 i b\u0119d\u0105 d\u0105\u017cy\u0107 do zmiany tej w\u0142adzy.<\/span><\/span><\/span><\/p>\n<p style=\"text-align: justify;\" align=\"justify\"><span style=\"color: #333333;\"><span style=\"font-family: tahoma, arial, 'Microsoft Sans Serif', 'DejaVu Sans Mono', OpenSans, verdana;\"><span style=\"font-size: small;\">Instytucje si\u0142owe, jak wojsko, policja i s\u0142u\u017cby specjalne odrzuc\u0105 kr\u0119puj\u0105cy ich gorset, nakazuj\u0105cy dzia\u0142anie przeciw spo\u0142ecze\u0144stwu i popr\u0105 Nar\u00f3d. Oni te\u017c zdaj\u0105 sobie spraw\u0119, \u017ce ich g\u0142\u00f3wne zadanie \u2013 s\u0142u\u017cba Narodowi &#8211; jest wypaczone a kierowani s\u0105 przeciw narodowi. Korzystaj\u0105 na tej anomalii, istoty zdemoralizowane i obce nam etnicznie: nadu\u017cywaj\u0105 w\u0142adzy, okradaj\u0105 pa\u0144stwo, gn\u0119bi\u0105 lud polski zmuszaj\u0105c ich do niewolniczej pracy za granic\u0105.\u00a0<strong>Pi\u0119kny i m\u0105dry kraj z wielowiekow\u0105 chlubn\u0105 tradycj\u0105, doprowadzaj\u0105 do dziadostwa. Musimy si\u0119 temu przeciwstawi\u0107 i za\u017c\u0105da\u0107 zmiany.<\/strong><\/span><\/span><\/span><\/p>\n<p style=\"text-align: justify;\" align=\"justify\"><span style=\"color: #333333;\"><span style=\"font-family: tahoma, arial, 'Microsoft Sans Serif', 'DejaVu Sans Mono', OpenSans, verdana;\"><span style=\"font-size: small;\">Polska jest krajem niezwykle bogatym. Ma \u0142agodny klimat, urodzajne ziemie, wykszta\u0142cone i pracowite spo\u0142ecze\u0144stwo oraz nadzwyczajnie bogate z\u0142o\u017ca w ziemi, od w\u0119gla pocz\u0105wszy, miedzi, rzadkich i drogich metali, po rop\u0119, gaz i gor\u0105ce wody termalne. Jest prawie wszystko, tylko rz\u0105dzi nami od lat wroga Narodowi w\u0142adza. Pe\u0142na k\u0142amstwa, przebieg\u0142o\u015bci i zak\u0142amania. Dzieli nas i sk\u0142\u00f3ca, aby ci\u0105gle by\u0107 na czele pa\u0144stwa, a my nie potrafimy si\u0119 jej przeciwstawi\u0107 i jej rozliczy\u0107.<\/span><\/span><\/span><\/p>\n<p style=\"text-align: justify;\" align=\"justify\"><span style=\"color: #333333;\"><span style=\"font-family: tahoma, arial, 'Microsoft Sans Serif', 'DejaVu Sans Mono', OpenSans, verdana;\"><span style=\"font-size: small;\">Mamy jednak nadziej\u0119, \u017ce wyzwolimy si\u0119 z tego ucisku, a nowy rz\u0105d narodowy powo\u0142a Trybuna\u0142 Ludowy, kt\u00f3ry na nowym prawie sprawiedliwie rozliczy wszystkich tych, kt\u00f3rzy dzia\u0142ali na szkod\u0119 Narodu i Pa\u0144stwa Polskiego, niszcz\u0105c lud i pa\u0144stwo polskie.<\/span><\/span><\/span><\/p>\n<p style=\"text-align: justify;\" align=\"justify\"><span style=\"color: #333333;\"><span style=\"font-family: tahoma, arial, 'Microsoft Sans Serif', 'DejaVu Sans Mono', OpenSans, verdana;\"><span style=\"font-size: small;\">Jednym z wielu przyk\u0142ad\u00f3w zdrady tej w\u0142adzy jest kilkakrotnie udaremniony zamiar sprzeda\u017cy Niemcom las\u00f3w pa\u0144stwowych, stanowi\u0105cych 35% powierzchni Polski, jako nieuprawnion\u0105 rekompensat\u0119 65 mld dolar\u00f3w dla organizacji \u017cydowskich, za mienie, zniszczone przez okupant\u00f3w w czasie II wojny \u015bwiatowej. Organizacjom \u017cydowskim to ma\u0142o, one chc\u0105 zabra\u0107 ca\u0142\u0105 Polsk\u0119 a Polak\u00f3w usun\u0105\u0107 z rodzimego kraju, jak Palesty\u0144czyk\u00f3w.<\/span><\/span><\/span><\/p>\n<p style=\"text-align: justify;\" align=\"justify\"><span style=\"color: #333333;\"><span style=\"font-family: tahoma, arial, 'Microsoft Sans Serif', 'DejaVu Sans Mono', OpenSans, verdana;\"><span style=\"font-size: small;\">Nie tra\u0107my wi\u0119c nadziei, ale walczmy o w\u0142asn\u0105 Ojczyzn\u0119 metodami i sposobami, kt\u00f3re s\u0105 moralne i skuteczne. Byli\u015bmy ju\u017c 123 lata w niewoli zaborc\u00f3w i nie dali\u015bmy sobie odebra\u0107 polskiej duszy ani my\u015bli o wolno\u015bci.<strong> B\u00f3g pomaga przede wszystkim tym, kt\u00f3rzy sami chc\u0105 sobie pom\u00f3c. Odwa\u017cnym i m\u0105drym Polakom \u017cyczymy powodzenia.<\/strong><\/span><\/span><\/span><\/p>\n<p style=\"text-align: justify;\" align=\"left\"><span style=\"color: #333333;\"><span style=\"font-family: tahoma, arial, 'Microsoft Sans Serif', 'DejaVu Sans Mono', OpenSans, verdana;\"><span style=\"font-size: small;\">Autorstwo: mgr in\u017c. <strong>Jan Gustaw Grudniewski<\/strong> (tel. 601 361 962, prug@onet.pl) <\/span><\/span><\/span><\/p>\n<p style=\"text-align: justify;\" align=\"left\"><span style=\"color: #333333;\"><span style=\"font-family: tahoma, arial, 'Microsoft Sans Serif', 'DejaVu Sans Mono', OpenSans, verdana;\"><span style=\"font-size: small;\">\u0179r\u00f3d\u0142o:\u00a0<\/span><\/span><\/span><span style=\"color: #295d82;\"><span style=\"font-family: tahoma, arial, 'Microsoft Sans Serif', 'DejaVu Sans Mono', OpenSans, verdana;\"><span style=\"font-size: small;\"><a href=\"http:\/\/ruchuwlaszczeniowy.blogspot.com\/2014\/07\/samouwaszczenie-narodu-polskiego.html\">Ruch Uw\u0142aszczeniowy<\/a><\/span><\/span><\/span><\/p>\n<p style=\"text-align: justify;\" align=\"left\"><span style=\"color: #333333;\"><span style=\"font-family: tahoma, arial, 'Microsoft Sans Serif', 'DejaVu Sans Mono', OpenSans, verdana;\"><span style=\"font-size: small;\"><strong>O AUTORZE<\/strong><\/span><\/span><\/span><\/p>\n<p style=\"text-align: justify;\" align=\"justify\"><span style=\"color: #333333;\"><span style=\"font-family: tahoma, arial, 'Microsoft Sans Serif', 'DejaVu Sans Mono', OpenSans, verdana;\"><span style=\"font-size: small;\">Jan Gustaw Grudniewski (ur. 09.12.1945 r. w Krynkach) \u2013 polski wojskowy, in\u017cynier elektromechanik, przedsi\u0119biorca, polityk. Komendant Naczelny Polskich Dru\u017cyn Strzeleckich. Szef partii politycznej Polski Ruch Uw\u0142aszczeniowy.<\/span><\/span><\/span><\/p>\n<p style=\"text-align: justify;\" align=\"justify\"><span style=\"color: #333333;\"><span style=\"font-family: tahoma, arial, 'Microsoft Sans Serif', 'DejaVu Sans Mono', OpenSans, verdana;\"><span style=\"font-size: small;\">W 1977 uko\u0144czy\u0142 studia elektromechaniczne na Wojskowej Akademii Technicznej w Warszawie z ocen\u0105 bardzo dobr\u0105. By\u0142 zawodowym \u017co\u0142nierzem. Pe\u0142ni\u0142 s\u0142u\u017cb\u0119 w artylerii. W latach 1985\u20131991 by\u0142 oficerem sztabowym w Ministerstwie Obrony Narodowej w dziale techniki uzbrojenia. By\u0142 wynalazc\u0105, racjonalizatorem, pasjonatem i propagatorem post\u0119pu technologicznego. W latach 1990. obj\u0105\u0142 funkcj\u0119 zast\u0119pcy dow\u00f3dcy I Dywizji Zmechanizowanej. By\u0142 adiutantem dow\u00f3dcy partyzanckiego gen. Antoniego Hedy, pseudonim \u201eSzary\u201d. S\u0142u\u017cb\u0119 wojskow\u0105 zako\u0144czy\u0142 w stopniu podpu\u0142kownika. W stanie spoczynku awansowany na pu\u0142kownika. Nast\u0119pnie podj\u0105\u0142 dzia\u0142alno\u015b\u0107 gospodarcz\u0105 w zakresie us\u0142ug medycznych, specjalizuj\u0105c si\u0119 kr\u0119garstwie i chorobach kr\u0119gos\u0142upa. W 2004 zosta\u0142 komendantem naczelnym Polskich Dru\u017cyn Strzeleckich. Wed\u0142ug tytulatury tej organizacji nadano mu w 2004 stopie\u0144 genera\u0142a brygady i genera\u0142a dywizji w roku 2008.<\/span><\/span><\/span><\/p>\n<p style=\"text-align: justify;\" align=\"justify\"><span style=\"color: #333333;\"><span style=\"font-family: tahoma, arial, 'Microsoft Sans Serif', 'DejaVu Sans Mono', OpenSans, verdana;\"><span style=\"font-size: small;\">W latach 1980. jako oficer czynnej s\u0142u\u017cby by\u0142 wsp\u00f3\u0142za\u0142o\u017cycielem antykomunistycznego Stowarzyszenia Patriotycznego VIRITIM, w kt\u00f3rym obj\u0105\u0142 p\u00f3\u017aniej funkcj\u0119 sekretarza generalnego. W konspiracji grupowa\u0142o ono oficer\u00f3w LWP, kt\u00f3rzy nie poddali si\u0119 komunistycznej indoktrynacji. Na pocz\u0105tku dzia\u0142ali w ukryciu a od 1992 jawnie, d\u0105\u017c\u0105c do suwerennej Polski, niezale\u017cnej od Rosji i Niemiec. Dzia\u0142a\u0142 r\u00f3wnie\u017c w <em>Solidarno\u015bci Walcz\u0105cej<\/em> i Partii Wolno\u015bci Kornela Morawieckiego. W wyborach parlamentarnych w 1991 bez powodzenia ubiega\u0142 si\u0119 o mandat poselski z listy PW. By\u0142 wsp\u00f3\u0142tw\u00f3rc\u0105 partii politycznej Polski Ruch Uw\u0142aszczeniowy i autorem koncepcji powszechnego uw\u0142aszczenia. Wyda\u0142 w 1996 ksi\u0105\u017ceczk\u0119 <em>Uw\u0142aszczenie Narodu Polskiego, czyli jak odzyskasz 100 milion\u00f3w<\/em>. Na bazie jego koncepcji uw\u0142aszczenia Lech Wa\u0142\u0119sa prowadzi\u0142 kampani\u0119 wyborcz\u0105 pt. <em>100 milion\u00f3w dla ka\u017cdego<\/em>. W partii obj\u0105\u0142 funkcj\u0119 przewodnicz\u0105cego. By\u0142 wydawc\u0105 pisma <em>Polski Przegl\u0105d Prawicowy<\/em>. Wsp\u00f3\u0142pracuje z Uni\u0105 Stowarzysze\u0144 i Organizacji Polskich w Ameryce \u0141aci\u0144skiej, jest honorowym cz\u0142onkiem w\u0142adz USOPA\u0141. W wyborach parlamentarnych w 2011 bez powodzenia kandydowa\u0142 do Senatu z ramienia Polski Patriotycznej[2]. W 2014 zg\u0142osi\u0142 swoj\u0105 kandydatur\u0119 w wyborach uzupe\u0142niaj\u0105cych z ramienia PRU, jednak nie uda\u0142o mu si\u0119 jej zarejestrowa\u0107. Popar\u0142 w\u00f3wczas kandydata Kongresu Nowej Prawicy. W wyborach samorz\u0105dowych w tym samym roku kandydowa\u0142 z ramienia KNP do sejmiku \u015bwi\u0119tokrzyskiego, jednak komitet tej partii nie uzyska\u0142 mandat\u00f3w.<\/span><\/span><\/span><\/p>\n<p style=\"text-align: justify;\" align=\"justify\"><span style=\"color: #333333;\"><span style=\"font-family: tahoma, arial, 'Microsoft Sans Serif', 'DejaVu Sans Mono', OpenSans, verdana;\"><span style=\"font-size: small;\">Zosta\u0142 odznaczony m.in. Srebrnym Krzy\u017cem Zas\u0142ugi, Z\u0142otym Krzy\u017cem Oficerskim I klasy 100-lecia Polskich Dru\u017cyn Strzeleckich oraz Krzy\u017cem Komandorskim III klasy Orderu Kr\u00f3lewskiego \u015bw. Stanis\u0142awa B. M.<\/span><\/span><\/span><\/p>\n","protected":false},"excerpt":{"rendered":"<p>Wiedz\u0119 powinni\u015bmy czerpa\u0107 z ka\u017cdego mo\u017cliwego miejsca. Dzi\u0119ki temu, \u017ce oduczono nas otwarto\u015bci i pluralizmu, nar\u00f3d zamkn\u0105\u0142 si\u0119 w swych<\/p>\n","protected":false},"author":7,"featured_media":14978,"comment_status":"open","ping_status":"open","sticky":false,"template":"","format":"standard","meta":{"colormag_page_layout":"default_layout","footnotes":""},"categories":[7,81],"tags":[89,2062,92,2065,2068,2066,2064,2067,2063,2026],"class_list":["post-14952","post","type-post","status-publish","format-standard","has-post-thumbnail","hentry","category-gospodarka","category-rzeczpospolita","tag-breaking","tag-frederic-bastiat","tag-headline","tag-jan-gustaw-grudniewski","tag-kapitalizm-obywatelski","tag-komendant-naczelny-polskich-druzyn-strzeleckich","tag-krajowe-referendum-uwlaszczeniowe","tag-polski-ruch-uwlaszczeniowy","tag-prawo-do-obrony-koniecznej","tag-samouwlaszczenie"],"yoast_head":"<!-- This site is optimized with the Yoast SEO plugin v25.1 - https:\/\/yoast.com\/wordpress\/plugins\/seo\/ -->\n<title>Samouw\u0142aszczenie - czy to jest dzi\u015b mo\u017cliwe? - SI\u0118 MY\u015aLI<\/title>\n<meta name=\"robots\" content=\"index, follow, max-snippet:-1, max-image-preview:large, max-video-preview:-1\" \/>\n<link rel=\"canonical\" href=\"https:\/\/siemysli-ke.info\/en\/samouwlaszczenie-czy-jest-dzis-mozliwe\/\" \/>\n<meta property=\"og:locale\" content=\"en_US\" \/>\n<meta property=\"og:type\" content=\"article\" \/>\n<meta property=\"og:title\" content=\"Samouw\u0142aszczenie - czy to jest dzi\u015b mo\u017cliwe? - SI\u0118 MY\u015aLI\" \/>\n<meta property=\"og:description\" content=\"Wiedz\u0119 powinni\u015bmy czerpa\u0107 z ka\u017cdego mo\u017cliwego miejsca. Dzi\u0119ki temu, \u017ce oduczono nas otwarto\u015bci i pluralizmu, nar\u00f3d zamkn\u0105\u0142 si\u0119 w swych\" \/>\n<meta property=\"og:url\" content=\"https:\/\/siemysli-ke.info\/en\/samouwlaszczenie-czy-jest-dzis-mozliwe\/\" \/>\n<meta property=\"og:site_name\" content=\"SI\u0118 MY\u015aLI\" \/>\n<meta property=\"article:published_time\" content=\"2015-02-12T12:20:52+00:00\" \/>\n<meta property=\"article:modified_time\" content=\"2015-02-14T01:07:49+00:00\" \/>\n<meta property=\"og:image\" content=\"https:\/\/siemysli-ke.info\/wp-content\/uploads\/2015\/02\/praca-znajduje-sie-na-rogu-ulic-\u015bw.-Marcin-i-Dworcowej-w-Poznaniu.jpg\" \/>\n\t<meta property=\"og:image:width\" content=\"952\" \/>\n\t<meta property=\"og:image:height\" content=\"560\" \/>\n\t<meta property=\"og:image:type\" content=\"image\/jpeg\" \/>\n<meta name=\"author\" content=\"Jaromir\" \/>\n<meta name=\"twitter:label1\" content=\"Written by\" \/>\n\t<meta name=\"twitter:data1\" content=\"Jaromir\" \/>\n\t<meta name=\"twitter:label2\" content=\"Est. reading time\" \/>\n\t<meta name=\"twitter:data2\" content=\"14 minutes\" \/>\n<script type=\"application\/ld+json\" class=\"yoast-schema-graph\">{\"@context\":\"https:\/\/schema.org\",\"@graph\":[{\"@type\":\"Article\",\"@id\":\"https:\/\/siemysli-ke.info\/en\/samouwlaszczenie-czy-jest-dzis-mozliwe\/#article\",\"isPartOf\":{\"@id\":\"https:\/\/siemysli-ke.info\/en\/samouwlaszczenie-czy-jest-dzis-mozliwe\/\"},\"author\":{\"name\":\"Jaromir\",\"@id\":\"https:\/\/siemysli-ke.info\/#\/schema\/person\/66d741fa745a44f2fe46d112bc6499f2\"},\"headline\":\"Samouw\u0142aszczenie &#8211; czy to jest dzi\u015b mo\u017cliwe?\",\"datePublished\":\"2015-02-12T12:20:52+00:00\",\"dateModified\":\"2015-02-14T01:07:49+00:00\",\"mainEntityOfPage\":{\"@id\":\"https:\/\/siemysli-ke.info\/en\/samouwlaszczenie-czy-jest-dzis-mozliwe\/\"},\"wordCount\":2722,\"commentCount\":0,\"publisher\":{\"@id\":\"https:\/\/siemysli-ke.info\/#organization\"},\"image\":{\"@id\":\"https:\/\/siemysli-ke.info\/en\/samouwlaszczenie-czy-jest-dzis-mozliwe\/#primaryimage\"},\"thumbnailUrl\":\"https:\/\/siemysli-ke.info\/wp-content\/uploads\/2015\/02\/praca-znajduje-sie-na-rogu-ulic-\u015bw.-Marcin-i-Dworcowej-w-Poznaniu.jpg\",\"keywords\":[\"breaking\",\"Frederic Bastiat\",\"headline\",\"Jan Gustaw Grudniewski\",\"kapitalizm obywatelski\",\"Komendant Naczelny Polskich Dru\u017cyn Strzeleckich\",\"Krajowe Referendum Uw\u0142aszczeniowe\",\"Polski Ruch Uw\u0142aszczeniowy\",\"prawo do obrony koniecznej\",\"samouw\u0142aszczenie\"],\"articleSection\":[\"Gospodarka i polityka\",\"Rzeczypospolita\"],\"inLanguage\":\"en-US\",\"potentialAction\":[{\"@type\":\"CommentAction\",\"name\":\"Comment\",\"target\":[\"https:\/\/siemysli-ke.info\/en\/samouwlaszczenie-czy-jest-dzis-mozliwe\/#respond\"]}]},{\"@type\":\"WebPage\",\"@id\":\"https:\/\/siemysli-ke.info\/en\/samouwlaszczenie-czy-jest-dzis-mozliwe\/\",\"url\":\"https:\/\/siemysli-ke.info\/en\/samouwlaszczenie-czy-jest-dzis-mozliwe\/\",\"name\":\"Samouw\u0142aszczenie - czy to jest dzi\u015b mo\u017cliwe? - SI\u0118 MY\u015aLI\",\"isPartOf\":{\"@id\":\"https:\/\/siemysli-ke.info\/en\/#website\"},\"primaryImageOfPage\":{\"@id\":\"https:\/\/siemysli-ke.info\/en\/samouwlaszczenie-czy-jest-dzis-mozliwe\/#primaryimage\"},\"image\":{\"@id\":\"https:\/\/siemysli-ke.info\/en\/samouwlaszczenie-czy-jest-dzis-mozliwe\/#primaryimage\"},\"thumbnailUrl\":\"https:\/\/siemysli-ke.info\/wp-content\/uploads\/2015\/02\/praca-znajduje-sie-na-rogu-ulic-\u015bw.-Marcin-i-Dworcowej-w-Poznaniu.jpg\",\"datePublished\":\"2015-02-12T12:20:52+00:00\",\"dateModified\":\"2015-02-14T01:07:49+00:00\",\"breadcrumb\":{\"@id\":\"https:\/\/siemysli-ke.info\/en\/samouwlaszczenie-czy-jest-dzis-mozliwe\/#breadcrumb\"},\"inLanguage\":\"en-US\",\"potentialAction\":[{\"@type\":\"ReadAction\",\"target\":[[\"https:\/\/siemysli-ke.info\/en\/samouwlaszczenie-czy-jest-dzis-mozliwe\/\"]]}]},{\"@type\":\"ImageObject\",\"inLanguage\":\"en-US\",\"@id\":\"https:\/\/siemysli-ke.info\/en\/samouwlaszczenie-czy-jest-dzis-mozliwe\/#primaryimage\",\"url\":\"https:\/\/siemysli-ke.info\/wp-content\/uploads\/2015\/02\/praca-znajduje-sie-na-rogu-ulic-\u015bw.-Marcin-i-Dworcowej-w-Poznaniu.jpg\",\"contentUrl\":\"https:\/\/siemysli-ke.info\/wp-content\/uploads\/2015\/02\/praca-znajduje-sie-na-rogu-ulic-\u015bw.-Marcin-i-Dworcowej-w-Poznaniu.jpg\",\"width\":952,\"height\":560},{\"@type\":\"BreadcrumbList\",\"@id\":\"https:\/\/siemysli-ke.info\/en\/samouwlaszczenie-czy-jest-dzis-mozliwe\/#breadcrumb\",\"itemListElement\":[{\"@type\":\"ListItem\",\"position\":1,\"name\":\"Home\",\"item\":\"https:\/\/siemysli-ke.info\/en\/\"},{\"@type\":\"ListItem\",\"position\":2,\"name\":\"Samouw\u0142aszczenie &#8211; czy to jest dzi\u015b mo\u017cliwe?\"}]},{\"@type\":\"WebSite\",\"@id\":\"https:\/\/siemysli-ke.info\/en\/#website\",\"url\":\"https:\/\/siemysli-ke.info\/en\/\",\"name\":\"SI\u0118 MY\u015aLI\",\"description\":\"\",\"publisher\":{\"@id\":\"https:\/\/siemysli-ke.info\/en\/#organization\"},\"potentialAction\":[{\"@type\":\"SearchAction\",\"target\":{\"@type\":\"EntryPoint\",\"urlTemplate\":\"https:\/\/siemysli-ke.info\/en\/?s={search_term_string}\"},\"query-input\":{\"@type\":\"PropertyValueSpecification\",\"valueRequired\":true,\"valueName\":\"search_term_string\"}}],\"inLanguage\":\"en-US\"},{\"@type\":\"Organization\",\"@id\":\"https:\/\/siemysli-ke.info\/en\/#organization\",\"name\":\"SI\u0118 MY\u015aLI\",\"url\":\"https:\/\/siemysli-ke.info\/en\/\",\"logo\":{\"@type\":\"ImageObject\",\"inLanguage\":\"en-US\",\"@id\":\"https:\/\/siemysli-ke.info\/en\/#\/schema\/logo\/image\/\",\"url\":\"https:\/\/siemysli-ke.info\/wp-content\/uploads\/2025\/05\/99.png\",\"contentUrl\":\"https:\/\/siemysli-ke.info\/wp-content\/uploads\/2025\/05\/99.png\",\"width\":270,\"height\":204,\"caption\":\"SI\u0118 MY\u015aLI\"},\"image\":{\"@id\":\"https:\/\/siemysli-ke.info\/en\/#\/schema\/logo\/image\/\"}},{\"@type\":\"Person\",\"@id\":\"https:\/\/siemysli-ke.info\/#\/schema\/person\/66d741fa745a44f2fe46d112bc6499f2\",\"name\":\"Jaromir\",\"image\":{\"@type\":\"ImageObject\",\"inLanguage\":\"en-US\",\"@id\":\"https:\/\/siemysli-ke.info\/en\/#\/schema\/person\/image\/\",\"url\":\"https:\/\/secure.gravatar.com\/avatar\/fe881559e8ac8dda20293e9e8317d4678c6ad8f65f85a9ce5e1a87cee56b6198?s=96&d=mm&r=g\",\"contentUrl\":\"https:\/\/secure.gravatar.com\/avatar\/fe881559e8ac8dda20293e9e8317d4678c6ad8f65f85a9ce5e1a87cee56b6198?s=96&d=mm&r=g\",\"caption\":\"Jaromir\"},\"url\":\"https:\/\/siemysli-ke.info\/en\/author\/jaromir\/\"}]}<\/script>\n<!-- \/ Yoast SEO plugin. -->","yoast_head_json":{"title":"Samouw\u0142aszczenie - czy to jest dzi\u015b mo\u017cliwe? - SI\u0118 MY\u015aLI","robots":{"index":"index","follow":"follow","max-snippet":"max-snippet:-1","max-image-preview":"max-image-preview:large","max-video-preview":"max-video-preview:-1"},"canonical":"https:\/\/siemysli-ke.info\/en\/samouwlaszczenie-czy-jest-dzis-mozliwe\/","og_locale":"en_US","og_type":"article","og_title":"Samouw\u0142aszczenie - czy to jest dzi\u015b mo\u017cliwe? - SI\u0118 MY\u015aLI","og_description":"Wiedz\u0119 powinni\u015bmy czerpa\u0107 z ka\u017cdego mo\u017cliwego miejsca. Dzi\u0119ki temu, \u017ce oduczono nas otwarto\u015bci i pluralizmu, nar\u00f3d zamkn\u0105\u0142 si\u0119 w swych","og_url":"https:\/\/siemysli-ke.info\/en\/samouwlaszczenie-czy-jest-dzis-mozliwe\/","og_site_name":"SI\u0118 MY\u015aLI","article_published_time":"2015-02-12T12:20:52+00:00","article_modified_time":"2015-02-14T01:07:49+00:00","og_image":[{"width":952,"height":560,"url":"https:\/\/siemysli-ke.info\/wp-content\/uploads\/2015\/02\/praca-znajduje-sie-na-rogu-ulic-\u015bw.-Marcin-i-Dworcowej-w-Poznaniu.jpg","type":"image\/jpeg"}],"author":"Jaromir","twitter_misc":{"Written by":"Jaromir","Est. reading time":"14 minutes"},"schema":{"@context":"https:\/\/schema.org","@graph":[{"@type":"Article","@id":"https:\/\/siemysli-ke.info\/en\/samouwlaszczenie-czy-jest-dzis-mozliwe\/#article","isPartOf":{"@id":"https:\/\/siemysli-ke.info\/en\/samouwlaszczenie-czy-jest-dzis-mozliwe\/"},"author":{"name":"Jaromir","@id":"https:\/\/siemysli-ke.info\/#\/schema\/person\/66d741fa745a44f2fe46d112bc6499f2"},"headline":"Samouw\u0142aszczenie &#8211; czy to jest dzi\u015b mo\u017cliwe?","datePublished":"2015-02-12T12:20:52+00:00","dateModified":"2015-02-14T01:07:49+00:00","mainEntityOfPage":{"@id":"https:\/\/siemysli-ke.info\/en\/samouwlaszczenie-czy-jest-dzis-mozliwe\/"},"wordCount":2722,"commentCount":0,"publisher":{"@id":"https:\/\/siemysli-ke.info\/#organization"},"image":{"@id":"https:\/\/siemysli-ke.info\/en\/samouwlaszczenie-czy-jest-dzis-mozliwe\/#primaryimage"},"thumbnailUrl":"https:\/\/siemysli-ke.info\/wp-content\/uploads\/2015\/02\/praca-znajduje-sie-na-rogu-ulic-\u015bw.-Marcin-i-Dworcowej-w-Poznaniu.jpg","keywords":["breaking","Frederic Bastiat","headline","Jan Gustaw Grudniewski","kapitalizm obywatelski","Komendant Naczelny Polskich Dru\u017cyn Strzeleckich","Krajowe Referendum Uw\u0142aszczeniowe","Polski Ruch Uw\u0142aszczeniowy","prawo do obrony koniecznej","samouw\u0142aszczenie"],"articleSection":["Gospodarka i polityka","Rzeczypospolita"],"inLanguage":"en-US","potentialAction":[{"@type":"CommentAction","name":"Comment","target":["https:\/\/siemysli-ke.info\/en\/samouwlaszczenie-czy-jest-dzis-mozliwe\/#respond"]}]},{"@type":"WebPage","@id":"https:\/\/siemysli-ke.info\/en\/samouwlaszczenie-czy-jest-dzis-mozliwe\/","url":"https:\/\/siemysli-ke.info\/en\/samouwlaszczenie-czy-jest-dzis-mozliwe\/","name":"Samouw\u0142aszczenie - czy to jest dzi\u015b mo\u017cliwe? - SI\u0118 MY\u015aLI","isPartOf":{"@id":"https:\/\/siemysli-ke.info\/en\/#website"},"primaryImageOfPage":{"@id":"https:\/\/siemysli-ke.info\/en\/samouwlaszczenie-czy-jest-dzis-mozliwe\/#primaryimage"},"image":{"@id":"https:\/\/siemysli-ke.info\/en\/samouwlaszczenie-czy-jest-dzis-mozliwe\/#primaryimage"},"thumbnailUrl":"https:\/\/siemysli-ke.info\/wp-content\/uploads\/2015\/02\/praca-znajduje-sie-na-rogu-ulic-\u015bw.-Marcin-i-Dworcowej-w-Poznaniu.jpg","datePublished":"2015-02-12T12:20:52+00:00","dateModified":"2015-02-14T01:07:49+00:00","breadcrumb":{"@id":"https:\/\/siemysli-ke.info\/en\/samouwlaszczenie-czy-jest-dzis-mozliwe\/#breadcrumb"},"inLanguage":"en-US","potentialAction":[{"@type":"ReadAction","target":[["https:\/\/siemysli-ke.info\/en\/samouwlaszczenie-czy-jest-dzis-mozliwe\/"]]}]},{"@type":"ImageObject","inLanguage":"en-US","@id":"https:\/\/siemysli-ke.info\/en\/samouwlaszczenie-czy-jest-dzis-mozliwe\/#primaryimage","url":"https:\/\/siemysli-ke.info\/wp-content\/uploads\/2015\/02\/praca-znajduje-sie-na-rogu-ulic-\u015bw.-Marcin-i-Dworcowej-w-Poznaniu.jpg","contentUrl":"https:\/\/siemysli-ke.info\/wp-content\/uploads\/2015\/02\/praca-znajduje-sie-na-rogu-ulic-\u015bw.-Marcin-i-Dworcowej-w-Poznaniu.jpg","width":952,"height":560},{"@type":"BreadcrumbList","@id":"https:\/\/siemysli-ke.info\/en\/samouwlaszczenie-czy-jest-dzis-mozliwe\/#breadcrumb","itemListElement":[{"@type":"ListItem","position":1,"name":"Home","item":"https:\/\/siemysli-ke.info\/en\/"},{"@type":"ListItem","position":2,"name":"Samouw\u0142aszczenie &#8211; czy to jest dzi\u015b mo\u017cliwe?"}]},{"@type":"WebSite","@id":"https:\/\/siemysli-ke.info\/en\/#website","url":"https:\/\/siemysli-ke.info\/en\/","name":"SI\u0118 MY\u015aLI","description":"","publisher":{"@id":"https:\/\/siemysli-ke.info\/en\/#organization"},"potentialAction":[{"@type":"SearchAction","target":{"@type":"EntryPoint","urlTemplate":"https:\/\/siemysli-ke.info\/en\/?s={search_term_string}"},"query-input":{"@type":"PropertyValueSpecification","valueRequired":true,"valueName":"search_term_string"}}],"inLanguage":"en-US"},{"@type":"Organization","@id":"https:\/\/siemysli-ke.info\/en\/#organization","name":"SI\u0118 MY\u015aLI","url":"https:\/\/siemysli-ke.info\/en\/","logo":{"@type":"ImageObject","inLanguage":"en-US","@id":"https:\/\/siemysli-ke.info\/en\/#\/schema\/logo\/image\/","url":"https:\/\/siemysli-ke.info\/wp-content\/uploads\/2025\/05\/99.png","contentUrl":"https:\/\/siemysli-ke.info\/wp-content\/uploads\/2025\/05\/99.png","width":270,"height":204,"caption":"SI\u0118 MY\u015aLI"},"image":{"@id":"https:\/\/siemysli-ke.info\/en\/#\/schema\/logo\/image\/"}},{"@type":"Person","@id":"https:\/\/siemysli-ke.info\/#\/schema\/person\/66d741fa745a44f2fe46d112bc6499f2","name":"Jaromir","image":{"@type":"ImageObject","inLanguage":"en-US","@id":"https:\/\/siemysli-ke.info\/en\/#\/schema\/person\/image\/","url":"https:\/\/secure.gravatar.com\/avatar\/fe881559e8ac8dda20293e9e8317d4678c6ad8f65f85a9ce5e1a87cee56b6198?s=96&d=mm&r=g","contentUrl":"https:\/\/secure.gravatar.com\/avatar\/fe881559e8ac8dda20293e9e8317d4678c6ad8f65f85a9ce5e1a87cee56b6198?s=96&d=mm&r=g","caption":"Jaromir"},"url":"https:\/\/siemysli-ke.info\/en\/author\/jaromir\/"}]}},"_links":{"self":[{"href":"https:\/\/siemysli-ke.info\/en\/wp-json\/wp\/v2\/posts\/14952","targetHints":{"allow":["GET"]}}],"collection":[{"href":"https:\/\/siemysli-ke.info\/en\/wp-json\/wp\/v2\/posts"}],"about":[{"href":"https:\/\/siemysli-ke.info\/en\/wp-json\/wp\/v2\/types\/post"}],"author":[{"embeddable":true,"href":"https:\/\/siemysli-ke.info\/en\/wp-json\/wp\/v2\/users\/7"}],"replies":[{"embeddable":true,"href":"https:\/\/siemysli-ke.info\/en\/wp-json\/wp\/v2\/comments?post=14952"}],"version-history":[{"count":0,"href":"https:\/\/siemysli-ke.info\/en\/wp-json\/wp\/v2\/posts\/14952\/revisions"}],"wp:featuredmedia":[{"embeddable":true,"href":"https:\/\/siemysli-ke.info\/en\/wp-json\/wp\/v2\/media\/14978"}],"wp:attachment":[{"href":"https:\/\/siemysli-ke.info\/en\/wp-json\/wp\/v2\/media?parent=14952"}],"wp:term":[{"taxonomy":"category","embeddable":true,"href":"https:\/\/siemysli-ke.info\/en\/wp-json\/wp\/v2\/categories?post=14952"},{"taxonomy":"post_tag","embeddable":true,"href":"https:\/\/siemysli-ke.info\/en\/wp-json\/wp\/v2\/tags?post=14952"}],"curies":[{"name":"wp","href":"https:\/\/api.w.org\/{rel}","templated":true}]}}